{"id":245,"date":"2020-02-16T15:30:33","date_gmt":"2020-02-16T14:30:33","guid":{"rendered":"https:\/\/www.leti.lt\/wordpress\/?p=245"},"modified":"-0001-11-30T00:00:00","modified_gmt":"-0001-11-29T22:00:00","slug":"danseforum-variationsdansemusique","status":"publish","type":"post","link":"https:\/\/www.leti.lt\/wordpress\/danseforum-variationsdansemusique\/","title":{"rendered":"Variations danse-musique"},"content":{"rendered":"<p><a href=\"https:\/\/www.leti.lt\/wordpress\/danseforum-danseforum\/\">Danse forum<\/a><br>\u2192 <a href=\"https:\/\/www.leti.lt\/wordpress\/danseforum-comptesrendusateliers\/\">Comptes-ren\u00addus des ate\u00adliers<\/a><br>\u2192 <a href=\"https:\/\/www.leti.lt\/wordpress\/danseforum-lambesc\/\">Lam\u00adbesc<\/a><br><br>!!Varia\u00adtions danse-musique \u2013 24 mars 2007<br><br>Nous \u00e9tions deux.<br><br>Le rap\u00adport \u00e0&nbsp;la musique a&nbsp;\u00e9t\u00e9 notre th\u00e8me de recherche, plus que de forum.<br><br>Que veut dire en fait&nbsp;: \u00eatre en sym\u00adbiose avec la musique&nbsp;? On adopte son rythme, sa ligne m\u00e9lo\u00addique, son \u00e9ner\u00adgie \u00e0&nbsp;tra\u00advers les trois dimen\u00adsions du mou\u00adve\u00adment&nbsp;: le temps, l\u2019espace et le \u00ab&nbsp;poids&nbsp;\u00bb. Cela ne veut pas dire qu\u2019on les calque (ce qui revien\u00addrait \u00e0&nbsp;illus\u00adtrer la musique et ne pr\u00e9\u00adsen\u00adte\u00adrait aucun int\u00e9\u00adr\u00eat, mais on les fait notres).<br><br>A par\u00adtir de l\u00e0, il devient plus facile de faire varier une des dimen\u00adsions sans chan\u00adger les deux autres. Alt\u00e9\u00adrer la vitesse du rythme, son tym\u00adpo, a&nbsp;\u00e9t\u00e9 le plus facile, et la danse s\u2019en est trou\u00adv\u00e9e ren\u00adfor\u00adc\u00e9e au sens pre\u00admier du terme.<br><br>Les formes dans l\u2019espace ont pu se r\u00e9duire ou se d\u00e9ployer sans que le rythme ni le poids n\u2019en soient modi\u00adfi\u00e9s.<br><br>C\u2019est le poids que nous avons eu le plus de dif\u00adfi\u00adcul\u00adt\u00e9 \u00e0&nbsp;faire varier seul, mais le peu de varia\u00adtions que nous sommes arri\u00adv\u00e9s \u00e0&nbsp;pro\u00adduire, en nous bri\u00addant, nous ont fait sor\u00adtir de nos moules.<br><br>Lorsque nous avons jou\u00e9 sur les trois dimen\u00adsions, cette liber\u00adt\u00e9 a&nbsp;ren\u00addu \u00e0&nbsp;la danse l\u2019intensit\u00e9 et la den\u00adsi\u00adt\u00e9 de la brillance d\u2019un galet sur la plage\u2026 nous \u00e9tions par\u00adtis.<br><br>Andr\u00e9ine Bel<br><br>d\u2019apr\u00e8s les retours de&nbsp;: Andr\u00e9ine B, Guillaume T.<\/p><p style=\"color:green; text-align:right !important;\">Article cr\u00e9\u00e9 le 16\/02\/2020<\/p>","protected":false},"excerpt":{"rendered":"<p>Danse forum\u2192 Comptes-ren\u00ad\u00addus des ate\u00adliers\u2192 Lam\u00adbesc !!Varia\u00adtions danse-musique \u2013 24 mars&nbsp;2007 Nous \u00e9tions deux. Le rap\u00adport \u00e0&nbsp;la musique a&nbsp;\u00e9t\u00e9 notre th\u00e8me de recherche, plus que de&nbsp;forum. Que veut dire en fait&nbsp;: \u00eatre en sym\u00adbiose avec la musique&nbsp;? On adopte son rythme, sa ligne m\u00e9lo\u00addique, son \u00e9ner\u00adgie \u00e0&nbsp;tra\u00advers les trois dimen\u00adsions du mou\u00adve\u00adment&nbsp;: le temps, l\u2019espace et le \u00ab&nbsp;poids&nbsp;\u00bb. Cela ne veut pas dire qu\u2019on les calque (ce qui revien\u00addrait \u00e0&nbsp;illus\u00adtrer la musique et ne pr\u00e9\u00adsen\u00adte\u00adrait aucun int\u00e9\u00adr\u00eat, mais on&nbsp;les&nbsp;[\u2026]<\/p>\n","protected":false},"author":2,"featured_media":0,"comment_status":"open","ping_status":"open","sticky":false,"template":"","format":"standard","meta":{"wp_typography_post_enhancements_disabled":false,"footnotes":""},"categories":[184],"tags":[208],"class_list":["post-245","post","type-post","status-publish","format-standard","hentry","category-ateliers_lambesc","tag-df_lambesc"],"yoast_head":"<!-- This site is optimized with the Yoast SEO plugin v27.5 - https:\/\/yoast.com\/product\/yoast-seo-wordpress\/ -->\n<title>Variations danse-musique - Le TILT<\/title>\n<meta name=\"robots\" content=\"index, follow, max-snippet:-1, max-image-preview:large, max-video-preview:-1\" \/>\n<link rel=\"canonical\" href=\"https:\/\/www.leti.lt\/wordpress\/danseforum-variationsdansemusique\/\" \/>\n<meta property=\"og:locale\" content=\"fr_FR\" \/>\n<meta property=\"og:type\" content=\"article\" \/>\n<meta property=\"og:title\" content=\"Variations danse-musique - Le TILT\" \/>\n<meta property=\"og:description\" content=\"Danse forum\u2192 Comptes-ren\u00addus des ate\u00adliers\u2192 Lam\u00adbesc !!Varia\u00adtions danse-musique \u2013 24 mars&nbsp;2007 Nous \u00e9tions deux. Le rap\u00adport \u00e0&nbsp;la musique a&nbsp;\u00e9t\u00e9 notre th\u00e8me de recherche, plus que de&nbsp;forum. Que veut dire en fait&nbsp;: \u00eatre en sym\u00adbiose avec la musique&nbsp;? On adopte son rythme, sa ligne m\u00e9lo\u00addique, son \u00e9ner\u00adgie \u00e0&nbsp;tra\u00advers les trois dimen\u00adsions du mou\u00adve\u00adment&nbsp;: le temps, l\u2019espace et le \u00ab&nbsp;poids&nbsp;\u00bb. Cela ne veut pas dire qu\u2019on les calque (ce qui revien\u00addrait \u00e0&nbsp;illus\u00adtrer la musique et ne pr\u00e9\u00adsen\u00adte\u00adrait aucun int\u00e9\u00adr\u00eat, mais on les [&hellip;]\" \/>\n<meta property=\"og:url\" content=\"https:\/\/www.leti.lt\/wordpress\/danseforum-variationsdansemusique\/\" \/>\n<meta property=\"og:site_name\" content=\"Le TILT\" \/>\n<meta property=\"article:published_time\" content=\"2020-02-16T14:30:33+00:00\" \/>\n<meta name=\"author\" content=\"Andr\u00e9ine Bel\" \/>\n<meta name=\"twitter:card\" content=\"summary_large_image\" \/>\n<meta name=\"twitter:label1\" content=\"\u00c9crit par\" \/>\n\t<meta name=\"twitter:data1\" content=\"Andr\u00e9ine Bel\" \/>\n\t<meta name=\"twitter:label2\" content=\"Dur\u00e9e de lecture estim\u00e9e\" \/>\n\t<meta name=\"twitter:data2\" content=\"1 minute\" \/>\n<script type=\"application\/ld+json\" class=\"yoast-schema-graph\">{\"@context\":\"https:\\\/\\\/schema.org\",\"@graph\":[{\"@type\":\"Article\",\"@id\":\"https:\\\/\\\/www.leti.lt\\\/wordpress\\\/danseforum-variationsdansemusique\\\/#article\",\"isPartOf\":{\"@id\":\"https:\\\/\\\/www.leti.lt\\\/wordpress\\\/danseforum-variationsdansemusique\\\/\"},\"author\":{\"name\":\"Andr\u00e9ine Bel\",\"@id\":\"https:\\\/\\\/www.leti.lt\\\/wordpress\\\/#\\\/schema\\\/person\\\/9bb307b2af8fbb575bb3603e57951f75\"},\"headline\":\"Variations danse-musique\",\"datePublished\":\"2020-02-16T14:30:33+00:00\",\"mainEntityOfPage\":{\"@id\":\"https:\\\/\\\/www.leti.lt\\\/wordpress\\\/danseforum-variationsdansemusique\\\/\"},\"wordCount\":246,\"commentCount\":0,\"keywords\":[\"DF_Lambesc\"],\"articleSection\":[\"Ateliers Lambesc\"],\"inLanguage\":\"fr-FR\",\"potentialAction\":[{\"@type\":\"CommentAction\",\"name\":\"Comment\",\"target\":[\"https:\\\/\\\/www.leti.lt\\\/wordpress\\\/danseforum-variationsdansemusique\\\/#respond\"]}]},{\"@type\":\"WebPage\",\"@id\":\"https:\\\/\\\/www.leti.lt\\\/wordpress\\\/danseforum-variationsdansemusique\\\/\",\"url\":\"https:\\\/\\\/www.leti.lt\\\/wordpress\\\/danseforum-variationsdansemusique\\\/\",\"name\":\"Variations danse-musique - Le TILT\",\"isPartOf\":{\"@id\":\"https:\\\/\\\/www.leti.lt\\\/wordpress\\\/#website\"},\"datePublished\":\"2020-02-16T14:30:33+00:00\",\"author\":{\"@id\":\"https:\\\/\\\/www.leti.lt\\\/wordpress\\\/#\\\/schema\\\/person\\\/9bb307b2af8fbb575bb3603e57951f75\"},\"breadcrumb\":{\"@id\":\"https:\\\/\\\/www.leti.lt\\\/wordpress\\\/danseforum-variationsdansemusique\\\/#breadcrumb\"},\"inLanguage\":\"fr-FR\",\"potentialAction\":[{\"@type\":\"ReadAction\",\"target\":[\"https:\\\/\\\/www.leti.lt\\\/wordpress\\\/danseforum-variationsdansemusique\\\/\"]}]},{\"@type\":\"BreadcrumbList\",\"@id\":\"https:\\\/\\\/www.leti.lt\\\/wordpress\\\/danseforum-variationsdansemusique\\\/#breadcrumb\",\"itemListElement\":[{\"@type\":\"ListItem\",\"position\":1,\"name\":\"Accueil\",\"item\":\"https:\\\/\\\/www.leti.lt\\\/wordpress\\\/\"},{\"@type\":\"ListItem\",\"position\":2,\"name\":\"Variations danse-musique\"}]},{\"@type\":\"WebSite\",\"@id\":\"https:\\\/\\\/www.leti.lt\\\/wordpress\\\/#website\",\"url\":\"https:\\\/\\\/www.leti.lt\\\/wordpress\\\/\",\"name\":\"Le TILT\",\"description\":\"Recherche, publication, cr\u00e9ation artistique\",\"potentialAction\":[{\"@type\":\"SearchAction\",\"target\":{\"@type\":\"EntryPoint\",\"urlTemplate\":\"https:\\\/\\\/www.leti.lt\\\/wordpress\\\/?s={search_term_string}\"},\"query-input\":{\"@type\":\"PropertyValueSpecification\",\"valueRequired\":true,\"valueName\":\"search_term_string\"}}],\"inLanguage\":\"fr-FR\"},{\"@type\":\"Person\",\"@id\":\"https:\\\/\\\/www.leti.lt\\\/wordpress\\\/#\\\/schema\\\/person\\\/9bb307b2af8fbb575bb3603e57951f75\",\"name\":\"Andr\u00e9ine Bel\",\"image\":{\"@type\":\"ImageObject\",\"inLanguage\":\"fr-FR\",\"@id\":\"https:\\\/\\\/secure.gravatar.com\\\/avatar\\\/4ab041ec7c7ad3b90293023e86528ec1a700ce2971ff61811b2df6b288dd1f38?s=96&d=identicon&r=g\",\"url\":\"https:\\\/\\\/secure.gravatar.com\\\/avatar\\\/4ab041ec7c7ad3b90293023e86528ec1a700ce2971ff61811b2df6b288dd1f38?s=96&d=identicon&r=g\",\"contentUrl\":\"https:\\\/\\\/secure.gravatar.com\\\/avatar\\\/4ab041ec7c7ad3b90293023e86528ec1a700ce2971ff61811b2df6b288dd1f38?s=96&d=identicon&r=g\",\"caption\":\"Andr\u00e9ine Bel\"},\"url\":\"https:\\\/\\\/www.leti.lt\\\/wordpress\\\/author\\\/andreine\\\/\"}]}<\/script>\n<!-- \/ Yoast SEO plugin. -->","yoast_head_json":{"title":"Variations danse-musique - Le TILT","robots":{"index":"index","follow":"follow","max-snippet":"max-snippet:-1","max-image-preview":"max-image-preview:large","max-video-preview":"max-video-preview:-1"},"canonical":"https:\/\/www.leti.lt\/wordpress\/danseforum-variationsdansemusique\/","og_locale":"fr_FR","og_type":"article","og_title":"Variations danse-musique - Le TILT","og_description":"Danse forum\u2192 Comptes-ren\u00addus des ate\u00adliers\u2192 Lam\u00adbesc !!Varia\u00adtions danse-musique \u2013 24 mars&nbsp;2007 Nous \u00e9tions deux. Le rap\u00adport \u00e0&nbsp;la musique a&nbsp;\u00e9t\u00e9 notre th\u00e8me de recherche, plus que de&nbsp;forum. Que veut dire en fait&nbsp;: \u00eatre en sym\u00adbiose avec la musique&nbsp;? On adopte son rythme, sa ligne m\u00e9lo\u00addique, son \u00e9ner\u00adgie \u00e0&nbsp;tra\u00advers les trois dimen\u00adsions du mou\u00adve\u00adment&nbsp;: le temps, l\u2019espace et le \u00ab&nbsp;poids&nbsp;\u00bb. Cela ne veut pas dire qu\u2019on les calque (ce qui revien\u00addrait \u00e0&nbsp;illus\u00adtrer la musique et ne pr\u00e9\u00adsen\u00adte\u00adrait aucun int\u00e9\u00adr\u00eat, mais on les [&hellip;]","og_url":"https:\/\/www.leti.lt\/wordpress\/danseforum-variationsdansemusique\/","og_site_name":"Le TILT","article_published_time":"2020-02-16T14:30:33+00:00","author":"Andr\u00e9ine Bel","twitter_card":"summary_large_image","twitter_misc":{"\u00c9crit par":"Andr\u00e9ine Bel","Dur\u00e9e de lecture estim\u00e9e":"1 minute"},"schema":{"@context":"https:\/\/schema.org","@graph":[{"@type":"Article","@id":"https:\/\/www.leti.lt\/wordpress\/danseforum-variationsdansemusique\/#article","isPartOf":{"@id":"https:\/\/www.leti.lt\/wordpress\/danseforum-variationsdansemusique\/"},"author":{"name":"Andr\u00e9ine Bel","@id":"https:\/\/www.leti.lt\/wordpress\/#\/schema\/person\/9bb307b2af8fbb575bb3603e57951f75"},"headline":"Variations danse-musique","datePublished":"2020-02-16T14:30:33+00:00","mainEntityOfPage":{"@id":"https:\/\/www.leti.lt\/wordpress\/danseforum-variationsdansemusique\/"},"wordCount":246,"commentCount":0,"keywords":["DF_Lambesc"],"articleSection":["Ateliers Lambesc"],"inLanguage":"fr-FR","potentialAction":[{"@type":"CommentAction","name":"Comment","target":["https:\/\/www.leti.lt\/wordpress\/danseforum-variationsdansemusique\/#respond"]}]},{"@type":"WebPage","@id":"https:\/\/www.leti.lt\/wordpress\/danseforum-variationsdansemusique\/","url":"https:\/\/www.leti.lt\/wordpress\/danseforum-variationsdansemusique\/","name":"Variations danse-musique - Le TILT","isPartOf":{"@id":"https:\/\/www.leti.lt\/wordpress\/#website"},"datePublished":"2020-02-16T14:30:33+00:00","author":{"@id":"https:\/\/www.leti.lt\/wordpress\/#\/schema\/person\/9bb307b2af8fbb575bb3603e57951f75"},"breadcrumb":{"@id":"https:\/\/www.leti.lt\/wordpress\/danseforum-variationsdansemusique\/#breadcrumb"},"inLanguage":"fr-FR","potentialAction":[{"@type":"ReadAction","target":["https:\/\/www.leti.lt\/wordpress\/danseforum-variationsdansemusique\/"]}]},{"@type":"BreadcrumbList","@id":"https:\/\/www.leti.lt\/wordpress\/danseforum-variationsdansemusique\/#breadcrumb","itemListElement":[{"@type":"ListItem","position":1,"name":"Accueil","item":"https:\/\/www.leti.lt\/wordpress\/"},{"@type":"ListItem","position":2,"name":"Variations danse-musique"}]},{"@type":"WebSite","@id":"https:\/\/www.leti.lt\/wordpress\/#website","url":"https:\/\/www.leti.lt\/wordpress\/","name":"Le TILT","description":"Recherche, publication, cr\u00e9ation artistique","potentialAction":[{"@type":"SearchAction","target":{"@type":"EntryPoint","urlTemplate":"https:\/\/www.leti.lt\/wordpress\/?s={search_term_string}"},"query-input":{"@type":"PropertyValueSpecification","valueRequired":true,"valueName":"search_term_string"}}],"inLanguage":"fr-FR"},{"@type":"Person","@id":"https:\/\/www.leti.lt\/wordpress\/#\/schema\/person\/9bb307b2af8fbb575bb3603e57951f75","name":"Andr\u00e9ine Bel","image":{"@type":"ImageObject","inLanguage":"fr-FR","@id":"https:\/\/secure.gravatar.com\/avatar\/4ab041ec7c7ad3b90293023e86528ec1a700ce2971ff61811b2df6b288dd1f38?s=96&d=identicon&r=g","url":"https:\/\/secure.gravatar.com\/avatar\/4ab041ec7c7ad3b90293023e86528ec1a700ce2971ff61811b2df6b288dd1f38?s=96&d=identicon&r=g","contentUrl":"https:\/\/secure.gravatar.com\/avatar\/4ab041ec7c7ad3b90293023e86528ec1a700ce2971ff61811b2df6b288dd1f38?s=96&d=identicon&r=g","caption":"Andr\u00e9ine Bel"},"url":"https:\/\/www.leti.lt\/wordpress\/author\/andreine\/"}]}},"_links":{"self":[{"href":"https:\/\/www.leti.lt\/wordpress\/wp-json\/wp\/v2\/posts\/245","targetHints":{"allow":["GET"]}}],"collection":[{"href":"https:\/\/www.leti.lt\/wordpress\/wp-json\/wp\/v2\/posts"}],"about":[{"href":"https:\/\/www.leti.lt\/wordpress\/wp-json\/wp\/v2\/types\/post"}],"author":[{"embeddable":true,"href":"https:\/\/www.leti.lt\/wordpress\/wp-json\/wp\/v2\/users\/2"}],"replies":[{"embeddable":true,"href":"https:\/\/www.leti.lt\/wordpress\/wp-json\/wp\/v2\/comments?post=245"}],"version-history":[{"count":0,"href":"https:\/\/www.leti.lt\/wordpress\/wp-json\/wp\/v2\/posts\/245\/revisions"}],"wp:attachment":[{"href":"https:\/\/www.leti.lt\/wordpress\/wp-json\/wp\/v2\/media?parent=245"}],"wp:term":[{"taxonomy":"category","embeddable":true,"href":"https:\/\/www.leti.lt\/wordpress\/wp-json\/wp\/v2\/categories?post=245"},{"taxonomy":"post_tag","embeddable":true,"href":"https:\/\/www.leti.lt\/wordpress\/wp-json\/wp\/v2\/tags?post=245"}],"curies":[{"name":"wp","href":"https:\/\/api.w.org\/{rel}","templated":true}]}}