{"id":244,"date":"2020-02-16T15:30:33","date_gmt":"2020-02-16T14:30:33","guid":{"rendered":"https:\/\/www.leti.lt\/wordpress\/?p=244"},"modified":"-0001-11-30T00:00:00","modified_gmt":"-0001-11-29T22:00:00","slug":"danseforum-unearticulation","status":"publish","type":"post","link":"https:\/\/www.leti.lt\/wordpress\/danseforum-unearticulation\/","title":{"rendered":"Une articulation"},"content":{"rendered":"<p><a href=\"https:\/\/www.leti.lt\/wordpress\/danseforum-danseforum\/\">Danse forum<\/a><br>\u2192 <a href=\"https:\/\/www.leti.lt\/wordpress\/danseforum-comptesrendusateliers\/\">Comptes-ren\u00addus des ate\u00adliers<\/a><br>\u2192 <a href=\"https:\/\/www.leti.lt\/wordpress\/danseforum-forcalquier\/\">For\u00adcal\u00adquier<\/a><br><br>!! Arti\u00adcu\u00adla\u00adtion<br><br><br><br><i>Compte-ren\u00addu de l\u2019Atelier de danse-forum (danse explo\u00adra\u00adtion) du 22 avril 2012, For\u00adcal\u00adquier<\/i><br><br>Aujourd\u2019hui nous \u00e9tions une bonne dizaine et \u00e7a a&nbsp;\u00e9t\u00e9 tr\u00e8s riche, une fois de plus. Notre th\u00e8me qui a&nbsp;\u00e9mer\u00adg\u00e9 \u00e9tait l\u2019articulation.<br>Nous sommes parti.e.s ici d\u2019une gorge ser\u00adr\u00e9e, l\u00e0 de four\u00admille\u00adments dans les mains et les pieds, des pieds froids, des avant-bras froids, d\u2019une asy\u00adm\u00e9\u00adtrie, d\u2019une l\u00e9g\u00e8\u00adre\u00adt\u00e9 com\u00adbi\u00adn\u00e9e avec des lour\u00addeurs \u00e0&nbsp;cer\u00adtains endroits, la racine des che\u00adveux qui se mani\u00adfeste et devient des racines d\u2019arbre, dont jaillit une for\u00eat. Puis aus\u00adsi un corps tout en sou\u00adrire, heu\u00adreux d\u2019\u00eatre l\u00e0. Aus\u00adsi la dif\u00adf\u00e9\u00adrence (pour ne pas dire diver\u00adgence) entre le haut et le bas du corps.<br><br>Sur le K\u00f6ln-Concert de Keith Jar\u00adret nous sommes parti.e.s en explo\u00adra\u00adtion, tan\u00adt\u00f4t en se lais\u00adsant por\u00adter par la musique, tan\u00adt\u00f4t en l\u2019ignorant ou la repous\u00adsant, ou en y&nbsp;pico\u00adrant de temps \u00e0&nbsp;autre. Pour ma part, cette sen\u00adsa\u00adtion de l\u00e9g\u00e8\u00adre\u00adt\u00e9 en contre-point de lour\u00addeurs et\/ou d\u2019ancrages et points d\u2019appui m\u2019a emme\u00adn\u00e9 au deve\u00adnir \u00e9toile de mer ou poulpe, avec un centre bien tenu et ferme et des bras voguant dans tous les sens, se d\u00e9pla\u00ad\u00e7ant sur tout le fond de mer, avec des rayons de soleil trans\u00adper\u00ad\u00e7ant l\u2019eau. Bien s\u00fbr, l\u00e0, c\u2019\u00e9tait l\u2019imaginaire qui l\u2019avait empor\u00adt\u00e9 (comme pour l\u2019arbre et la for\u00eat) mais n\u00e9an\u00admoins, la connexion aux sen\u00adsa\u00adtions \u00e9tait main\u00adte\u00adnue. On a&nbsp;ter\u00admi\u00adn\u00e9 cette explo\u00adra\u00adtion avec plu\u00adsieurs couples qui s\u2019\u00e9taient trou\u00adv\u00e9s \u00e0&nbsp;\u00eatre dans des mou\u00adve\u00adments ou pos\u00adtures sem\u00adblables ou paral\u00adl\u00e8les, sans for\u00adc\u00e9\u00adment s\u2019en rendre compte. L\u2019ouverture aux autres s\u2019\u00e9taient pro\u00adduite sans que j\u2019en aie par\u00adl\u00e9 en amont. D\u2019autant plus int\u00e9\u00adres\u00adsant&nbsp;!<br>En quelques minutes, le th\u00e8me \u00e9tait trou\u00adv\u00e9, entre haut-bas, l\u00e9g\u00e8\u00adre\u00adt\u00e9-lour\u00addeur, asy\u00adm\u00e9\u00adtrie, chaud-froid&nbsp;: com\u00adment \u00e7a s\u2019articule tout \u00e7a&nbsp;? Et d\u2019ailleurs, c\u2019est quoi une arti\u00adcu\u00adla\u00adtion&nbsp;? (Saviez-vous que l\u2019\u00eatre humain en en a&nbsp;envi\u00adron 400&nbsp;? Rien que sur la t\u00eate, il y&nbsp;en a&nbsp;envi\u00adron 80, entre la cage tho\u00adra\u00adcique, la colonne ver\u00adt\u00e9\u00adbrale et le bas\u00adsin, il y&nbsp;en a&nbsp;envi\u00adron 190, sur les membres inf\u00e9\u00adrieurs et sup\u00e9\u00adrieurs, envi\u00adron 40 cha\u00adcun.)<br>Il ne nous a&nbsp;pas fal\u00adlu long\u00adtemps pour par\u00adtir en impros, plus dif\u00adf\u00e9\u00adrentes les unes que les autres&nbsp;! La pre\u00admi\u00e8re a&nbsp;d\u00e9bu\u00adt\u00e9 avec une s\u00e9rie de courts po\u00e8mes, qui, sans avoir \u00e9t\u00e9 choi\u00adsis sp\u00e9\u00adcia\u00adle\u00adment, se r\u00e9pon\u00addaient les uns aux autres. Les courts ins\u00adtants de flute tra\u00adver\u00adsi\u00e8re de G. ponc\u00adtuaient les inter\u00adm\u00e8des ou, peut-\u00eatre, arti\u00adcu\u00adlait chaque po\u00e8me avec le sui\u00advant\u2026 ? Et la danse \u00e9tait par\u00adtie, sur notre propre musique des corps, voix, po\u00e8mes et ins\u00adtru\u00adments jusqu\u2019au moment o\u00f9 quelqu\u2019un a&nbsp;mis \u00ab&nbsp;In an automnes gar\u00adden&nbsp;\u00bb de Take\u00admit\u00adsu, sans qu\u2019on s\u2019en aper\u00ad\u00e7oive \u2013 en tout cas pas moi. Fine\u00adment arti\u00adcu\u00adl\u00e9 \u2013 encore une fois.<br><br>D\u2019apr\u00e8s les spect-acteurs.trices un grand fluide, une suc\u00adces\u00adsion de pos\u00adtures, ren\u00adcontres, mou\u00adve\u00adments ont \u00e9t\u00e9 remar\u00adqu\u00e9s, comme si ils avaient \u00e9t\u00e9 pr\u00e9\u00advus, vou\u00adlus, et c\u2019est par le fait qu\u2019il ne l\u2019ont pas \u00e9t\u00e9, vou\u00adlus ou pr\u00e9\u00advus, qu\u2019ils ont pris autant plus de force. Etait-ce \u00e0&nbsp;cause du th\u00e8me choi\u00adsi&nbsp;? Ou pas&nbsp;?<br><br>Au juste, donc, c\u2019est quoi une arti\u00adcu\u00adla\u00adtion&nbsp;? Deux lignes \u2013 os- qui se rejoignent autour d\u2019un espace, une inter\u00adface, tenues par des liens, des fibres, des ten\u00addons, bai\u00adgn\u00e9s dans du liquide, ou pas, \u2026 l\u00e0 agr\u00e9\u00admen\u00adt\u00e9s par un m\u00e9nisque, une rotule, l\u00e0 juste un liga\u00adment, un disque \u2026 se don\u00adnant mutuel\u00adle\u00adment la pos\u00adsi\u00adbi\u00adli\u00adt\u00e9 de par\u00adtir dans des sens divers, de se mettre ou de res\u00adter en mou\u00adve\u00adment \u2026 Ou alors deux corps qui s\u2019imbriquent pour un ins\u00adtant, che\u00adminent ensemble, avec ou sans se tou\u00adcher, et qui se s\u00e9parent ensuite\u2026 Ou encore un point fixe, un mou\u00adve\u00adment constant, un ancrage qui donne un repaire et qui me per\u00admet de vire\u00advol\u00adter autour\u2026 Ou des contraires qui s\u2019attirent et se com\u00adpl\u00e8tent\u2026 ou pas, car l\u00e0 peut se pro\u00adduire la d\u00e9sar\u00adti\u00adcu\u00adla\u00adtion aus\u00adsi, quand \u00e7a ne \u00ab&nbsp;colle&nbsp;\u00bb pas, \u00e7a va pas ensemble, \u00e7a s\u2019entrechoque\u2026 Int\u00e9\u00adres\u00adsant aus\u00adsi&nbsp;! Voir le der\u00adnier ate\u00adlier, sur le th\u00e8me du \u00ab&nbsp;noeud&nbsp;\u00bb, avec cette col\u00adli\u00adsion entre ma t\u00eate et la m\u00e2choire de l\u2019amie \u2013 pour\u00adquoi c\u2019est arri\u00adv\u00e9&nbsp;? J\u2019avais l\u00e2ch\u00e9 mon lien \u00e0&nbsp;mes sen\u00adsa\u00adtions et \u00e9tait par\u00adtie dans le men\u00adtal, de vou\u00adloir faire un bond sur une note musi\u00adcale pr\u00e9\u00adcise&nbsp;! Et \u00e7a a&nbsp;fait \u00ab&nbsp;boum&nbsp;\u00bb&nbsp;! In\u00e9vi\u00adta\u00adble\u00adment. Quand le men\u00adtal se fau\u00adfile entre des corps li\u00e9s aux sen\u00adsa\u00adtions, \u00e7a ne peut pas col\u00adler. Et \u00e7a peut faire tr\u00e8s mal. Des mou\u00adve\u00adments, rythmes et actions peuvent \u00eatre tr\u00e8s dif\u00adf\u00e9\u00adrents et m\u00eame contra\u00addic\u00adtoires, mais il faut redou\u00adbler d\u2019\u00e9coute, d\u2019attention.<br><br>N. a&nbsp;remar\u00adqu\u00e9 qu\u2019une sorte de confiance, de tis\u00adsu (je ne me rap\u00adpelle pas du mot exacte) d\u2019\u00e9coute et d\u2019attention s\u2019\u00e9tait \u00e9ten\u00addu dans l\u2019espace sc\u00e9\u00adnique (et dans l\u2019espace tout court), qui per\u00admet\u00adtait d\u2019y \u00e9vo\u00adluer sans peur, juste avec ce que mon corps me fait faire, en lien avec moi-m\u00eame et avec les autres.<br><br>En tout cas, tr\u00e8s ins\u00adtruc\u00adtif tout \u00e7a, puis des beaux moments d\u2019impros sonores, de lec\u00adtures chu\u00adcho\u00adt\u00e9es, \u00e0&nbsp;plu\u00adsieurs voix, plu\u00adsieurs textes simul\u00adta\u00adn\u00e9\u00adment, sur des registres dif\u00adf\u00e9\u00adrents \u2013 un grand moment&nbsp;!<br><br>Puis le corps en sou\u00adrire a&nbsp;tenu bon du d\u00e9but \u00e0&nbsp;la fin, sans que cela serait deve\u00adnu niais ou redon\u00addant, car en m\u00eame temps tota\u00adle\u00adment ancr\u00e9. Rare cadeau&nbsp;!<br><br>Mer\u00adci \u00e0&nbsp;toutes et tous pour ce bel apr\u00e8s-midi&nbsp;!<br><br>Pour le 23 mars, je trouve que danse forum et \u00e9lec\u00adtions muni\u00adci\u00adpales (dans la salle au-des\u00adsus de nos t\u00eates et nos corps) \u00e7a ne s\u2019articulent pas tr\u00e8s bien, et je pro\u00adpo\u00adse\u00adrai donc, si le temps le per\u00admet, de sor\u00adtir dan\u00adser dans la nature ou s\u2019il ne fait pas beau, de trou\u00adver une autre salle. Qui a&nbsp;une id\u00e9e ou une pos\u00adsi\u00adbi\u00adli\u00adt\u00e9&nbsp;? On ver\u00adra.<br><br>\u00c0 bien\u00adt\u00f4t en tout cas, ami\u00adti\u00e9s, Johanna<\/p><p style=\"color:green; text-align:right !important;\">Article cr\u00e9\u00e9 le 16\/02\/2020<\/p>","protected":false},"excerpt":{"rendered":"<p>Danse forum\u2192 Comptes-ren\u00ad\u00addus des ate\u00adliers\u2192 For\u00adcal\u00adquier !! Arti\u00adcu\u00adla\u00adtion Compte-ren\u00ad\u00addu de l\u2019Atelier de danse-forum (danse explo\u00adra\u00adtion) du 22 avril 2012, For\u00adcal\u00adquier Aujourd\u2019hui nous \u00e9tions une bonne dizaine et \u00e7a a&nbsp;\u00e9t\u00e9 tr\u00e8s riche, une fois de plus. Notre th\u00e8me qui a&nbsp;\u00e9mer\u00adg\u00e9 \u00e9tait l\u2019articulation.Nous sommes parti.e.s ici d\u2019une gorge ser\u00adr\u00e9e, l\u00e0 de four\u00admille\u00adments dans les mains et les pieds, des pieds froids, des avant-bras froids, d\u2019une asy\u00adm\u00e9\u00adtrie, d\u2019une l\u00e9g\u00e8\u00adre\u00adt\u00e9 com\u00adbi\u00adn\u00e9e avec des lour\u00addeurs \u00e0&nbsp;cer\u00adtains endroits, la racine des che\u00adveux qui se mani\u00adfeste&nbsp;et&nbsp;[\u2026]<\/p>\n","protected":false},"author":2,"featured_media":0,"comment_status":"open","ping_status":"open","sticky":false,"template":"","format":"standard","meta":{"wp_typography_post_enhancements_disabled":false,"footnotes":""},"categories":[132],"tags":[209],"class_list":["post-244","post","type-post","status-publish","format-standard","hentry","category-ateliers_forcalquier","tag-df_forcalquier"],"yoast_head":"<!-- This site is optimized with the Yoast SEO plugin v27.5 - https:\/\/yoast.com\/product\/yoast-seo-wordpress\/ -->\n<title>Une articulation - Le TILT<\/title>\n<meta name=\"robots\" content=\"index, follow, max-snippet:-1, max-image-preview:large, max-video-preview:-1\" \/>\n<link rel=\"canonical\" href=\"https:\/\/www.leti.lt\/wordpress\/danseforum-unearticulation\/\" \/>\n<meta property=\"og:locale\" content=\"fr_FR\" \/>\n<meta property=\"og:type\" content=\"article\" \/>\n<meta property=\"og:title\" content=\"Une articulation - Le TILT\" \/>\n<meta property=\"og:description\" content=\"Danse forum\u2192 Comptes-ren\u00addus des ate\u00adliers\u2192 For\u00adcal\u00adquier !! Arti\u00adcu\u00adla\u00adtion Compte-ren\u00addu de l\u2019Atelier de danse-forum (danse explo\u00adra\u00adtion) du 22 avril 2012, Forcalquier Aujourd\u2019hui nous \u00e9tions une bonne dizaine et \u00e7a a&nbsp;\u00e9t\u00e9 tr\u00e8s riche, une fois de plus. Notre th\u00e8me qui a&nbsp;\u00e9mer\u00adg\u00e9 \u00e9tait l\u2019articulation.Nous sommes parti.e.s ici d\u2019une gorge ser\u00adr\u00e9e, l\u00e0 de four\u00admille\u00adments dans les mains et les pieds, des pieds froids, des avant-bras froids, d\u2019une asy\u00adm\u00e9\u00adtrie, d\u2019une l\u00e9g\u00e8\u00adre\u00adt\u00e9 com\u00adbi\u00adn\u00e9e avec des lour\u00addeurs \u00e0&nbsp;cer\u00adtains endroits, la racine des che\u00adveux qui se mani\u00adfeste et [&hellip;]\" \/>\n<meta property=\"og:url\" content=\"https:\/\/www.leti.lt\/wordpress\/danseforum-unearticulation\/\" \/>\n<meta property=\"og:site_name\" content=\"Le TILT\" \/>\n<meta property=\"article:published_time\" content=\"2020-02-16T14:30:33+00:00\" \/>\n<meta name=\"author\" content=\"Andr\u00e9ine Bel\" \/>\n<meta name=\"twitter:card\" content=\"summary_large_image\" \/>\n<meta name=\"twitter:label1\" content=\"\u00c9crit par\" \/>\n\t<meta name=\"twitter:data1\" content=\"Andr\u00e9ine Bel\" \/>\n\t<meta name=\"twitter:label2\" content=\"Dur\u00e9e de lecture estim\u00e9e\" \/>\n\t<meta name=\"twitter:data2\" content=\"5 minutes\" \/>\n<script type=\"application\/ld+json\" class=\"yoast-schema-graph\">{\"@context\":\"https:\\\/\\\/schema.org\",\"@graph\":[{\"@type\":\"Article\",\"@id\":\"https:\\\/\\\/www.leti.lt\\\/wordpress\\\/danseforum-unearticulation\\\/#article\",\"isPartOf\":{\"@id\":\"https:\\\/\\\/www.leti.lt\\\/wordpress\\\/danseforum-unearticulation\\\/\"},\"author\":{\"name\":\"Andr\u00e9ine Bel\",\"@id\":\"https:\\\/\\\/www.leti.lt\\\/wordpress\\\/#\\\/schema\\\/person\\\/9bb307b2af8fbb575bb3603e57951f75\"},\"headline\":\"Une articulation\",\"datePublished\":\"2020-02-16T14:30:33+00:00\",\"mainEntityOfPage\":{\"@id\":\"https:\\\/\\\/www.leti.lt\\\/wordpress\\\/danseforum-unearticulation\\\/\"},\"wordCount\":1042,\"commentCount\":0,\"keywords\":[\"DF_Forcalquier\"],\"articleSection\":[\"Ateliers Forcalquier\"],\"inLanguage\":\"fr-FR\",\"potentialAction\":[{\"@type\":\"CommentAction\",\"name\":\"Comment\",\"target\":[\"https:\\\/\\\/www.leti.lt\\\/wordpress\\\/danseforum-unearticulation\\\/#respond\"]}]},{\"@type\":\"WebPage\",\"@id\":\"https:\\\/\\\/www.leti.lt\\\/wordpress\\\/danseforum-unearticulation\\\/\",\"url\":\"https:\\\/\\\/www.leti.lt\\\/wordpress\\\/danseforum-unearticulation\\\/\",\"name\":\"Une articulation - Le TILT\",\"isPartOf\":{\"@id\":\"https:\\\/\\\/www.leti.lt\\\/wordpress\\\/#website\"},\"datePublished\":\"2020-02-16T14:30:33+00:00\",\"author\":{\"@id\":\"https:\\\/\\\/www.leti.lt\\\/wordpress\\\/#\\\/schema\\\/person\\\/9bb307b2af8fbb575bb3603e57951f75\"},\"breadcrumb\":{\"@id\":\"https:\\\/\\\/www.leti.lt\\\/wordpress\\\/danseforum-unearticulation\\\/#breadcrumb\"},\"inLanguage\":\"fr-FR\",\"potentialAction\":[{\"@type\":\"ReadAction\",\"target\":[\"https:\\\/\\\/www.leti.lt\\\/wordpress\\\/danseforum-unearticulation\\\/\"]}]},{\"@type\":\"BreadcrumbList\",\"@id\":\"https:\\\/\\\/www.leti.lt\\\/wordpress\\\/danseforum-unearticulation\\\/#breadcrumb\",\"itemListElement\":[{\"@type\":\"ListItem\",\"position\":1,\"name\":\"Accueil\",\"item\":\"https:\\\/\\\/www.leti.lt\\\/wordpress\\\/\"},{\"@type\":\"ListItem\",\"position\":2,\"name\":\"Une articulation\"}]},{\"@type\":\"WebSite\",\"@id\":\"https:\\\/\\\/www.leti.lt\\\/wordpress\\\/#website\",\"url\":\"https:\\\/\\\/www.leti.lt\\\/wordpress\\\/\",\"name\":\"Le TILT\",\"description\":\"Recherche, publication, cr\u00e9ation artistique\",\"potentialAction\":[{\"@type\":\"SearchAction\",\"target\":{\"@type\":\"EntryPoint\",\"urlTemplate\":\"https:\\\/\\\/www.leti.lt\\\/wordpress\\\/?s={search_term_string}\"},\"query-input\":{\"@type\":\"PropertyValueSpecification\",\"valueRequired\":true,\"valueName\":\"search_term_string\"}}],\"inLanguage\":\"fr-FR\"},{\"@type\":\"Person\",\"@id\":\"https:\\\/\\\/www.leti.lt\\\/wordpress\\\/#\\\/schema\\\/person\\\/9bb307b2af8fbb575bb3603e57951f75\",\"name\":\"Andr\u00e9ine Bel\",\"image\":{\"@type\":\"ImageObject\",\"inLanguage\":\"fr-FR\",\"@id\":\"https:\\\/\\\/secure.gravatar.com\\\/avatar\\\/4ab041ec7c7ad3b90293023e86528ec1a700ce2971ff61811b2df6b288dd1f38?s=96&d=identicon&r=g\",\"url\":\"https:\\\/\\\/secure.gravatar.com\\\/avatar\\\/4ab041ec7c7ad3b90293023e86528ec1a700ce2971ff61811b2df6b288dd1f38?s=96&d=identicon&r=g\",\"contentUrl\":\"https:\\\/\\\/secure.gravatar.com\\\/avatar\\\/4ab041ec7c7ad3b90293023e86528ec1a700ce2971ff61811b2df6b288dd1f38?s=96&d=identicon&r=g\",\"caption\":\"Andr\u00e9ine Bel\"},\"url\":\"https:\\\/\\\/www.leti.lt\\\/wordpress\\\/author\\\/andreine\\\/\"}]}<\/script>\n<!-- \/ Yoast SEO plugin. -->","yoast_head_json":{"title":"Une articulation - Le TILT","robots":{"index":"index","follow":"follow","max-snippet":"max-snippet:-1","max-image-preview":"max-image-preview:large","max-video-preview":"max-video-preview:-1"},"canonical":"https:\/\/www.leti.lt\/wordpress\/danseforum-unearticulation\/","og_locale":"fr_FR","og_type":"article","og_title":"Une articulation - Le TILT","og_description":"Danse forum\u2192 Comptes-ren\u00addus des ate\u00adliers\u2192 For\u00adcal\u00adquier !! Arti\u00adcu\u00adla\u00adtion Compte-ren\u00addu de l\u2019Atelier de danse-forum (danse explo\u00adra\u00adtion) du 22 avril 2012, Forcalquier Aujourd\u2019hui nous \u00e9tions une bonne dizaine et \u00e7a a&nbsp;\u00e9t\u00e9 tr\u00e8s riche, une fois de plus. Notre th\u00e8me qui a&nbsp;\u00e9mer\u00adg\u00e9 \u00e9tait l\u2019articulation.Nous sommes parti.e.s ici d\u2019une gorge ser\u00adr\u00e9e, l\u00e0 de four\u00admille\u00adments dans les mains et les pieds, des pieds froids, des avant-bras froids, d\u2019une asy\u00adm\u00e9\u00adtrie, d\u2019une l\u00e9g\u00e8\u00adre\u00adt\u00e9 com\u00adbi\u00adn\u00e9e avec des lour\u00addeurs \u00e0&nbsp;cer\u00adtains endroits, la racine des che\u00adveux qui se mani\u00adfeste et [&hellip;]","og_url":"https:\/\/www.leti.lt\/wordpress\/danseforum-unearticulation\/","og_site_name":"Le TILT","article_published_time":"2020-02-16T14:30:33+00:00","author":"Andr\u00e9ine Bel","twitter_card":"summary_large_image","twitter_misc":{"\u00c9crit par":"Andr\u00e9ine Bel","Dur\u00e9e de lecture estim\u00e9e":"5 minutes"},"schema":{"@context":"https:\/\/schema.org","@graph":[{"@type":"Article","@id":"https:\/\/www.leti.lt\/wordpress\/danseforum-unearticulation\/#article","isPartOf":{"@id":"https:\/\/www.leti.lt\/wordpress\/danseforum-unearticulation\/"},"author":{"name":"Andr\u00e9ine Bel","@id":"https:\/\/www.leti.lt\/wordpress\/#\/schema\/person\/9bb307b2af8fbb575bb3603e57951f75"},"headline":"Une articulation","datePublished":"2020-02-16T14:30:33+00:00","mainEntityOfPage":{"@id":"https:\/\/www.leti.lt\/wordpress\/danseforum-unearticulation\/"},"wordCount":1042,"commentCount":0,"keywords":["DF_Forcalquier"],"articleSection":["Ateliers Forcalquier"],"inLanguage":"fr-FR","potentialAction":[{"@type":"CommentAction","name":"Comment","target":["https:\/\/www.leti.lt\/wordpress\/danseforum-unearticulation\/#respond"]}]},{"@type":"WebPage","@id":"https:\/\/www.leti.lt\/wordpress\/danseforum-unearticulation\/","url":"https:\/\/www.leti.lt\/wordpress\/danseforum-unearticulation\/","name":"Une articulation - Le TILT","isPartOf":{"@id":"https:\/\/www.leti.lt\/wordpress\/#website"},"datePublished":"2020-02-16T14:30:33+00:00","author":{"@id":"https:\/\/www.leti.lt\/wordpress\/#\/schema\/person\/9bb307b2af8fbb575bb3603e57951f75"},"breadcrumb":{"@id":"https:\/\/www.leti.lt\/wordpress\/danseforum-unearticulation\/#breadcrumb"},"inLanguage":"fr-FR","potentialAction":[{"@type":"ReadAction","target":["https:\/\/www.leti.lt\/wordpress\/danseforum-unearticulation\/"]}]},{"@type":"BreadcrumbList","@id":"https:\/\/www.leti.lt\/wordpress\/danseforum-unearticulation\/#breadcrumb","itemListElement":[{"@type":"ListItem","position":1,"name":"Accueil","item":"https:\/\/www.leti.lt\/wordpress\/"},{"@type":"ListItem","position":2,"name":"Une articulation"}]},{"@type":"WebSite","@id":"https:\/\/www.leti.lt\/wordpress\/#website","url":"https:\/\/www.leti.lt\/wordpress\/","name":"Le TILT","description":"Recherche, publication, cr\u00e9ation artistique","potentialAction":[{"@type":"SearchAction","target":{"@type":"EntryPoint","urlTemplate":"https:\/\/www.leti.lt\/wordpress\/?s={search_term_string}"},"query-input":{"@type":"PropertyValueSpecification","valueRequired":true,"valueName":"search_term_string"}}],"inLanguage":"fr-FR"},{"@type":"Person","@id":"https:\/\/www.leti.lt\/wordpress\/#\/schema\/person\/9bb307b2af8fbb575bb3603e57951f75","name":"Andr\u00e9ine Bel","image":{"@type":"ImageObject","inLanguage":"fr-FR","@id":"https:\/\/secure.gravatar.com\/avatar\/4ab041ec7c7ad3b90293023e86528ec1a700ce2971ff61811b2df6b288dd1f38?s=96&d=identicon&r=g","url":"https:\/\/secure.gravatar.com\/avatar\/4ab041ec7c7ad3b90293023e86528ec1a700ce2971ff61811b2df6b288dd1f38?s=96&d=identicon&r=g","contentUrl":"https:\/\/secure.gravatar.com\/avatar\/4ab041ec7c7ad3b90293023e86528ec1a700ce2971ff61811b2df6b288dd1f38?s=96&d=identicon&r=g","caption":"Andr\u00e9ine Bel"},"url":"https:\/\/www.leti.lt\/wordpress\/author\/andreine\/"}]}},"_links":{"self":[{"href":"https:\/\/www.leti.lt\/wordpress\/wp-json\/wp\/v2\/posts\/244","targetHints":{"allow":["GET"]}}],"collection":[{"href":"https:\/\/www.leti.lt\/wordpress\/wp-json\/wp\/v2\/posts"}],"about":[{"href":"https:\/\/www.leti.lt\/wordpress\/wp-json\/wp\/v2\/types\/post"}],"author":[{"embeddable":true,"href":"https:\/\/www.leti.lt\/wordpress\/wp-json\/wp\/v2\/users\/2"}],"replies":[{"embeddable":true,"href":"https:\/\/www.leti.lt\/wordpress\/wp-json\/wp\/v2\/comments?post=244"}],"version-history":[{"count":0,"href":"https:\/\/www.leti.lt\/wordpress\/wp-json\/wp\/v2\/posts\/244\/revisions"}],"wp:attachment":[{"href":"https:\/\/www.leti.lt\/wordpress\/wp-json\/wp\/v2\/media?parent=244"}],"wp:term":[{"taxonomy":"category","embeddable":true,"href":"https:\/\/www.leti.lt\/wordpress\/wp-json\/wp\/v2\/categories?post=244"},{"taxonomy":"post_tag","embeddable":true,"href":"https:\/\/www.leti.lt\/wordpress\/wp-json\/wp\/v2\/tags?post=244"}],"curies":[{"name":"wp","href":"https:\/\/api.w.org\/{rel}","templated":true}]}}