{"id":242,"date":"2020-02-16T15:30:33","date_gmt":"2020-02-16T14:30:33","guid":{"rendered":"https:\/\/www.leti.lt\/wordpress\/?p=242"},"modified":"2020-06-10T23:53:30","modified_gmt":"2020-06-10T21:53:30","slug":"danseforum-ungestepourtheme","status":"publish","type":"post","link":"https:\/\/www.leti.lt\/wordpress\/danseforum-ungestepourtheme\/","title":{"rendered":"Un geste pour&nbsp;th\u00e8me"},"content":{"rendered":"\n<p><a href=\"https:\/\/www.leti.lt\/wordpress\/danseforum-danseforum\/\">Danse forum<\/a><br>\u2192 <a href=\"https:\/\/www.leti.lt\/wordpress\/danseforum-comptesrendusateliers\/\">Comptes-ren\u00addus des ate\u00adliers<\/a><br>\u2192 <a href=\"https:\/\/www.leti.lt\/wordpress\/danseforum-marseille\/\">Mar\u00adseille<\/a><br><br>!! Un geste pour th\u00e8me \u2013 2&nbsp;avril 2008<br><br>\u2014\u200a\u2014\u200a-<br><br>Nous \u00e9tions sept dan\u00adseuses pour cette pre\u00admi\u00e8re danse forum \u00e0&nbsp;Mar\u00adseille,<br>dans le grand garage de ma mai\u00adson.<br>Aucune \u2013 \u00e0&nbsp;part moi \u2013 n\u2019avait d\u00e9j\u00e0 par\u00adti\u00adci\u00adp\u00e9 \u00e0&nbsp;une danse forum.<br><br>Apr\u00e8s une intro\u00adduc\u00adtion pour contex\u00adtua\u00adli\u00adser cette pra\u00adtique, nous avons<br>assez vite com\u00admen\u00adc\u00e9. Un pre\u00admier temps pour se rendre atten\u00adtives \u00e0&nbsp;ses<br>sen\u00adsa\u00adtions, et \u00e9ven\u00adtuel\u00adle\u00adment nom\u00admer la sen\u00adsa\u00adtion qui pr\u00e9\u00addo\u00admine, un<br>deuxi\u00e8me temps pour se rendre atten\u00adtives aux mou\u00adve\u00adments qui font \u00e9chos \u00e0<br>cette sen\u00adsa\u00adtion.<br><br>Les mots dits et les retours nous ont ame\u00adn\u00e9 au th\u00e8me de<br>ouverture\/fermeture, serrer\/desserrer\u2026 aucune fa\u00e7on de dire ne<br>conve\u00adnant \u00e0&nbsp;toutes, un geste a&nbsp;\u00e9t\u00e9 pro\u00adpo\u00ads\u00e9 comme th\u00e8me&nbsp;: d\u2019abord, un poing fer\u00adm\u00e9,<br>l\u2019autre main recou\u00advrant le poing, puis les deux mains s\u2019ouvrent en \u00e9ven\u00adtail,<br>les deux paumes res\u00adtant en contact. Ce th\u00e8me conve\u00adnant una\u00adni\u00adme\u00adment, nous<br>sommes par\u00adties de l\u00e0&nbsp;!<br><br>Un troi\u00adsi\u00e8me temps, donc, pour se lais\u00adser impr\u00e9\u00adgner du th\u00e8me, le<br>lais\u00adser faire corps et mou\u00adve\u00adment. Pour cer\u00adtaines, le fait que le th\u00e8me<br>soit un geste et non un mot les a&nbsp;aid\u00e9es \u00e0&nbsp;ne pas \u00ab&nbsp;pen\u00adser&nbsp;\u00bb le th\u00e8me.<br><br>Apr\u00e8s une pause, nous avons com\u00admen\u00adc\u00e9 une danse forum. Le public \u00e9tait<br>invi\u00adt\u00e9 \u00e0&nbsp;entrer sur l\u2019espace sc\u00e9\u00adnique d\u00e8s cette pre\u00admi\u00e8re danse.<br><br>Je ne me sou\u00adviens pas bien du d\u00e9rou\u00adle\u00adment exact des danses. A&nbsp;un moment,<br>le pro\u00adbl\u00e8me a&nbsp;\u00e9t\u00e9 pos\u00e9 du duo fusion\u00adnel avec lequel il est dif\u00adfi\u00adcile<br>d\u2019interagir&nbsp;; nous somme repar\u00adties de l\u00e0 en met\u00adtant en sc\u00e8ne un duo qui<br>avait comme consigne d\u2019\u00eatre com\u00adpl\u00e8\u00adte\u00adment ensemble, et une autre consigne<br>dans le public d\u2019entrer \u00e0&nbsp;un moment pour essayer de dan\u00adser avec ce duo.<br>La nou\u00advelle arri\u00adv\u00e9e sur sc\u00e8ne, apr\u00e8s s\u2019\u00eatre sen\u00adtie seule et \u00e0&nbsp;l\u2019\u00e9cart, a<br>fina\u00adle\u00adment cr\u00e9\u00e9 un nou\u00adveau duo avec l\u2019un des membre du duo, et c\u2019est<br>l\u2019autre membre qui s\u2019est retrou\u00adv\u00e9e seule et \u00e0&nbsp;l\u2019\u00e9cart\u2026 !<br>Nous avons fini l\u00e0-des\u00adsus, gam\u00adber\u00adgeant sur ce pro\u00adbl\u00e8me qui ne date pas<br>de la der\u00adni\u00e8re pluie\u2026<br><br>\u2019\u2019\u2019Remarques\u2019\u2019\u2019 :<br><br>* Le fait que le th\u00e8me soit un geste n\u2019a s\u00fbre\u00adment pas faci\u00adli\u00adt\u00e9 sa pro\u00adbl\u00e9\u00adma\u00adti\u00adsa\u00adtion\u2026 Mais je pense que c\u2019est quelque chose d\u2019int\u00e9ressant, \u00e0&nbsp;explo\u00adrer&nbsp;: peut-\u00eatre que la pro\u00adbl\u00e9\u00adma\u00adti\u00adsa\u00adtion elle-m\u00eame pour\u00adrait \u00eatre un geste, un mou\u00adve\u00adment&nbsp;? Je pense a&nbsp;prio\u00adri qu\u2019il vaut mieux que cela se fasse en mots&nbsp;: d\u00e9j\u00e0 que cette par\u00adtie de la pro\u00adbl\u00e9\u00adma\u00adti\u00adsa\u00adtion est confuse&nbsp;! Mais cela peut peut-\u00eatre ouvrir des che\u00admins.<br><br>* D\u00e9s le d\u00e9part, j\u2019ai dit au groupe que la danse forum, bien qu\u2019ayant d\u00e9j\u00e0 une struc\u00adture lui per\u00admet\u00adtant de sor\u00adtir de son chou natal, avait encore du che\u00admin \u00e0&nbsp;faire dans sa struc\u00adtu\u00adra\u00adtion, notam\u00adment en ce qui concerne la pro\u00adbl\u00e9\u00adma\u00adti\u00adsa\u00adtion qui cherche tou\u00adjours sa for\u00admule\u2026 Le fait de dire cela m\u2019a mise dans une posi\u00adtion qui n\u2019\u00e9tait pas du tout celle d\u2019une sp\u00e9\u00adcia\u00adliste, mais de quelqu\u2019un qui pro\u00adpose. Autant dans la pre\u00admi\u00e8re par\u00adtie, les regards \u00e9taient tou\u00adjours tour\u00adn\u00e9s vers moi pen\u00addant les retours, autant dans la deuxi\u00e8me par\u00adtie, toutes se par\u00adlaient, se r\u00e9pon\u00addaient, sans r\u00e9f\u00e9\u00adrence for\u00adc\u00e9\u00adment \u00e0&nbsp;mon avis, toutes se sont appro\u00adpri\u00e9 \u00e0&nbsp;la fois le th\u00e8me mais aus\u00adsi la construc\u00adtion m\u00eame de la forme DF&nbsp;: c\u2019\u00e9tait sur\u00adpre\u00adnant et tr\u00e8s moti\u00advant.<br><br>Je pense que cela est d\u00fb aus\u00adsi, d\u2019une part, au fait que ce sont toutes des filles qui dansent ou ont dan\u00ads\u00e9, et d\u2019autre part, au fait que cer\u00adtaines ont d\u00e9j\u00e0 <br>orga\u00adni\u00ads\u00e9 entre elles des ate\u00adliers de danse, ou ont l\u2019habitude d\u2019organiser des choses \u00ab&nbsp;sans chef&nbsp;\u00bb. Je ne pense pas que je serai capable d\u2019animer un<br>ate\u00adlier danse forum avec des gens com\u00adpl\u00e9\u00adte\u00adment \u00e9tran\u00adger \u00e0&nbsp;ces deux pra\u00adtiques&nbsp;: la danse et l\u2019autogestion. Je pense que la forme DF en elle-m\u00eame n\u2019est<br>pas encore assez abou\u00adtie pour aller se pro\u00adpo\u00adser \u00e0 \u00ab&nbsp;tout un cha\u00adcun&nbsp;\u00bb. Mais je n\u2019en suis pas s\u00fbre.<br><br>* A&nbsp;aucun moment nous n\u2019avons ver\u00ads\u00e9 dans la psy\u00adcho\u00adlo\u00adgi\u00adsa\u00adtion, ou dans des choses trop vagues ou g\u00e9n\u00e9\u00adrales\u2026 Je redou\u00adtais cela, car je redou\u00adtais de ne pas savoir qu\u2019en faire.<br><br>* Les par\u00adti\u00adci\u00adpantes \u00e9taient contentes de cette d\u00e9cou\u00adverte&nbsp;; cet ate\u00adlier du mer\u00adcre\u00addi soir sera consa\u00adcr\u00e9 \u00e0&nbsp;toutes les explo\u00adra\u00adtions de danse que nous aurons le d\u00e9sir de par\u00adta\u00adger, et non pas seule\u00adment \u00e0&nbsp;la danse forum&nbsp;; mais nous nous sommes dit que nous en refe\u00adrions d\u2019autres.<br><br>Nadine Gar\u00add\u00e8res<br><br>\u2014\u200a\u2014\u200a\u2014<br><br>\u2019\u2019\u2019Com\u00admen\u00adtaires d\u2019Andr\u00e9ine\u2019\u2019\u2019<br><br>Je vou\u00addrais r\u00e9agir \u00e0&nbsp;ce CR remar\u00adquable de l\u2019atelier de DF qui a&nbsp;eu lieu \u00e0&nbsp;Dah\u00addah. Voi\u00adci quelques com\u00admen\u00adtaires et r\u00e9flexions, qui deman\u00adde\u00adraient \u00e0&nbsp;\u00eatre cri\u00adti\u00adqu\u00e9s et com\u00adpl\u00e9\u00adt\u00e9s.<br><br>Le geste comme m\u00e9ta\u00adphore du th\u00e8me, en voi\u00adl\u00e0 une id\u00e9e lumi\u00adneuse&nbsp;! A&nbsp;voir sur le long terme, com\u00adment cela peut se d\u00e9ve\u00adlop\u00adper.<br><br>Si une pro\u00adbl\u00e9\u00adma\u00adti\u00adsa\u00adtion est une r\u00e9flexion com\u00admune \u00e0&nbsp;par\u00adtir d\u2019une situa\u00adtion, elle sup\u00adpose une ana\u00adlyse et donc une arti\u00adcu\u00adla\u00adtion. Il se pour\u00adrait que cette arti\u00adcu\u00adla\u00adtion puisse se faire par les mou\u00adve\u00adments direc\u00adte\u00adment, c\u2019est d\u2019ailleurs ce qui se pro\u00adduit chaque fois que la pro\u00adbl\u00e9\u00adma\u00adti\u00adsa\u00adtion se d\u00e9place \u00e0&nbsp;la suite d\u2019un essai. Sim\u00adple\u00adment, nous met\u00adtons apr\u00e8s en mots, ce qui s\u2019est pro\u00adduit avant en gestes.<br><br>La pro\u00adbl\u00e9\u00adma\u00adti\u00adsa\u00adtion qui se d\u00e9place avec les essais, nous avons sou\u00advent explo\u00adr\u00e9 ce che\u00admi\u00adne\u00adment invo\u00adlon\u00adtaire. Tant que le chan\u00adge\u00adment n\u2019est pas une fuite devant la dif\u00adfi\u00adcul\u00adt\u00e9 du th\u00e8me ou de la pro\u00adbl\u00e9\u00adma\u00adti\u00adsa\u00adtion, il \u0153uvre en intel\u00adli\u00adgence.<br><br>Par\u00adfois, nous avons d\u00fb res\u00adtreindre notre ten\u00adta\u00adtion de chan\u00adger de th\u00e8me et\/ou de pro\u00adbl\u00e9\u00adma\u00adti\u00adsa\u00adtion pour qu\u2019ils puissent se r\u00e9v\u00e9\u00adler, et nous avons remar\u00adqu\u00e9 qu\u2019ils en sortent le plus sou\u00advent gran\u00addis.<br><br>La DF actuelle est-elle assez abou\u00adtie pour aller \u00e0&nbsp;tout un cha\u00adcun, qu\u2019il ait fait de la danse ou pas&nbsp;? C\u2019est ce que nous ver\u00adrons avec une exp\u00e9\u00adrience plus \u00e9ten\u00addue, mais notre ate\u00adlier de Lam\u00adbesc le d\u00e9montre en par\u00adtie. C\u2019est en tous cas un v\u0153u tr\u00e8s cher&nbsp;: dan\u00adseurs de vie et dan\u00adseurs de bal\u00adlet devraient pou\u00advoir s\u2019enrichir mutuel\u00adle\u00adment, les seconds \u00e9tant sim\u00adple\u00adment un sous-groupe des pre\u00admiers.<br><br>Je me suis sou\u00advent deman\u00add\u00e9e com\u00adment nous fai\u00adsions pour \u00e9vi\u00adter aus\u00adsi faci\u00adle\u00adment la psy\u00adcho\u00adlo\u00adgi\u00adsa\u00adtion. Cela vient selon moi en grande par\u00adtie du fait que nous avons \u00e9t\u00e9 intrai\u00adtables avec la \u00ab&nbsp;mau\u00advaise th\u00e9\u00e2\u00adtra\u00adli\u00adsa\u00adtion&nbsp;\u00bb du dan\u00adseur qui illustre sans le vou\u00adloir un pro\u00adpos, un th\u00e8me, un res\u00adsen\u00adti, une \u00e9mo\u00adtion, une id\u00e9e\u2026<br><br>Le par\u00adti pris aus\u00adsi de d\u00e9mar\u00adrer la danse \u00e0&nbsp;par\u00adtir des sen\u00adsa\u00adtions et non de leur repr\u00e9\u00adsen\u00adta\u00adtion ou du res\u00adsen\u00adti \u00e9mo\u00adtion\u00adnel, de ce qui est (com\u00adment nous sommes) et non de ce qui devrait \u00eatre (com\u00adment nous vou\u00addrions \u00eatre), am\u00e8ne le men\u00adtal \u00e0&nbsp;\u00e9cou\u00adter ce qui existe, plu\u00adt\u00f4t qu\u2019\u00e0 ima\u00adgi\u00adner ou \u00e9lu\u00adcu\u00adbrer des sce\u00adna\u00adrios o\u00f9 l\u2019ego se compla\u00eet.<\/p>\n<p style=\"color:green; text-align:right !important;\">Article cr\u00e9\u00e9 le 16\/02\/2020 \u2013 modi\u00adfi\u00e9 le 10\/06\/2020<\/p>","protected":false},"excerpt":{"rendered":"<p>Danse forum\u2192 Comptes-ren\u00ad\u00addus des ate\u00adliers\u2192 Mar\u00adseille !! Un geste pour th\u00e8me \u2013 2&nbsp;avril 2008\u200a\u2014\u200a\u2014 \u2013 Nous \u00e9tions sept dan\u00adseuses pour cette pre\u00admi\u00e8re danse forum \u00e0&nbsp;Mar\u00adseille,dans le grand garage de ma mai\u00adson.Aucune \u2013 \u00e0&nbsp;part moi \u2013 n\u2019avait d\u00e9j\u00e0 par\u00adti\u00adci\u00adp\u00e9 \u00e0&nbsp;une danse&nbsp;forum. Apr\u00e8s une intro\u00adduc\u00adtion pour contex\u00adtua\u00adli\u00adser cette pra\u00adtique, nous avon\u00adsas\u00adsez vite com\u00admen\u00adc\u00e9. Un pre\u00admier temps pour se rendre atten\u00adtives \u00e0&nbsp;sessen\u00adsa\u00adtions, et \u00e9ven\u00adtuel\u00adle\u00adment nom\u00admer la sen\u00adsa\u00adtion qui pr\u00e9\u00addo\u00admine, undeuxi\u00e8me temps pour se rendre atten\u00adtives aux mou\u00adve\u00adments qui font \u00e9chos \u00e0cette sen\u00adsa\u00adtion.&nbsp;Les&nbsp;[\u2026]<\/p>\n","protected":false},"author":2,"featured_media":0,"comment_status":"open","ping_status":"open","sticky":false,"template":"","format":"standard","meta":{"wp_typography_post_enhancements_disabled":false,"footnotes":""},"categories":[234],"tags":[183],"class_list":["post-242","post","type-post","status-publish","format-standard","hentry","category-ateliers-marseille","tag-df_ateliers"],"yoast_head":"<!-- This site is optimized with the Yoast SEO plugin v27.5 - https:\/\/yoast.com\/product\/yoast-seo-wordpress\/ -->\n<title>Un geste pour th\u00e8me - Le TILT<\/title>\n<meta name=\"robots\" content=\"index, follow, max-snippet:-1, max-image-preview:large, max-video-preview:-1\" \/>\n<link rel=\"canonical\" href=\"https:\/\/www.leti.lt\/wordpress\/danseforum-ungestepourtheme\/\" \/>\n<meta property=\"og:locale\" content=\"fr_FR\" \/>\n<meta property=\"og:type\" content=\"article\" \/>\n<meta property=\"og:title\" content=\"Un geste pour th\u00e8me - Le TILT\" \/>\n<meta property=\"og:description\" content=\"Danse forum\u2192 Comptes-ren\u00addus des ate\u00adliers\u2192 Mar\u00adseille !! Un geste pour th\u00e8me \u2013 2&nbsp;avril 2008 \u2014\u200a\u2014\u200a- Nous \u00e9tions sept dan\u00adseuses pour cette pre\u00admi\u00e8re danse forum \u00e0&nbsp;Mar\u00adseille,dans le grand garage de ma mai\u00adson.Aucune \u2013 \u00e0&nbsp;part moi \u2013 n\u2019avait d\u00e9j\u00e0 par\u00adti\u00adci\u00adp\u00e9 \u00e0&nbsp;une danse&nbsp;forum. Apr\u00e8s une intro\u00adduc\u00adtion pour contex\u00adtua\u00adli\u00adser cette pra\u00adtique, nous avonsassez vite com\u00admen\u00adc\u00e9. Un pre\u00admier temps pour se rendre atten\u00adtives \u00e0&nbsp;sessen\u00adsa\u00adtions, et \u00e9ven\u00adtuel\u00adle\u00adment nom\u00admer la sen\u00adsa\u00adtion qui pr\u00e9\u00addo\u00admine, undeuxi\u00e8me temps pour se rendre atten\u00adtives aux mou\u00adve\u00adments qui font \u00e9chos \u00e0cette sen\u00adsa\u00adtion. Les [&hellip;]\" \/>\n<meta property=\"og:url\" content=\"https:\/\/www.leti.lt\/wordpress\/danseforum-ungestepourtheme\/\" \/>\n<meta property=\"og:site_name\" content=\"Le TILT\" \/>\n<meta property=\"article:published_time\" content=\"2020-02-16T14:30:33+00:00\" \/>\n<meta property=\"article:modified_time\" content=\"2020-06-10T21:53:30+00:00\" \/>\n<meta name=\"author\" content=\"Andr\u00e9ine Bel\" \/>\n<meta name=\"twitter:card\" content=\"summary_large_image\" \/>\n<meta name=\"twitter:label1\" content=\"\u00c9crit par\" \/>\n\t<meta name=\"twitter:data1\" content=\"Andr\u00e9ine Bel\" \/>\n\t<meta name=\"twitter:label2\" content=\"Dur\u00e9e de lecture estim\u00e9e\" \/>\n\t<meta name=\"twitter:data2\" content=\"6 minutes\" \/>\n<script type=\"application\/ld+json\" class=\"yoast-schema-graph\">{\"@context\":\"https:\\\/\\\/schema.org\",\"@graph\":[{\"@type\":\"Article\",\"@id\":\"https:\\\/\\\/www.leti.lt\\\/wordpress\\\/danseforum-ungestepourtheme\\\/#article\",\"isPartOf\":{\"@id\":\"https:\\\/\\\/www.leti.lt\\\/wordpress\\\/danseforum-ungestepourtheme\\\/\"},\"author\":{\"name\":\"Andr\u00e9ine Bel\",\"@id\":\"https:\\\/\\\/www.leti.lt\\\/wordpress\\\/#\\\/schema\\\/person\\\/9bb307b2af8fbb575bb3603e57951f75\"},\"headline\":\"Un geste pour&nbsp;th\u00e8me\",\"datePublished\":\"2020-02-16T14:30:33+00:00\",\"dateModified\":\"2020-06-10T21:53:30+00:00\",\"mainEntityOfPage\":{\"@id\":\"https:\\\/\\\/www.leti.lt\\\/wordpress\\\/danseforum-ungestepourtheme\\\/\"},\"wordCount\":1159,\"commentCount\":0,\"keywords\":[\"DF_ateliers\"],\"articleSection\":[\"Ateliers Marseille\"],\"inLanguage\":\"fr-FR\",\"potentialAction\":[{\"@type\":\"CommentAction\",\"name\":\"Comment\",\"target\":[\"https:\\\/\\\/www.leti.lt\\\/wordpress\\\/danseforum-ungestepourtheme\\\/#respond\"]}]},{\"@type\":\"WebPage\",\"@id\":\"https:\\\/\\\/www.leti.lt\\\/wordpress\\\/danseforum-ungestepourtheme\\\/\",\"url\":\"https:\\\/\\\/www.leti.lt\\\/wordpress\\\/danseforum-ungestepourtheme\\\/\",\"name\":\"Un geste pour th\u00e8me - Le TILT\",\"isPartOf\":{\"@id\":\"https:\\\/\\\/www.leti.lt\\\/wordpress\\\/#website\"},\"datePublished\":\"2020-02-16T14:30:33+00:00\",\"dateModified\":\"2020-06-10T21:53:30+00:00\",\"author\":{\"@id\":\"https:\\\/\\\/www.leti.lt\\\/wordpress\\\/#\\\/schema\\\/person\\\/9bb307b2af8fbb575bb3603e57951f75\"},\"breadcrumb\":{\"@id\":\"https:\\\/\\\/www.leti.lt\\\/wordpress\\\/danseforum-ungestepourtheme\\\/#breadcrumb\"},\"inLanguage\":\"fr-FR\",\"potentialAction\":[{\"@type\":\"ReadAction\",\"target\":[\"https:\\\/\\\/www.leti.lt\\\/wordpress\\\/danseforum-ungestepourtheme\\\/\"]}]},{\"@type\":\"BreadcrumbList\",\"@id\":\"https:\\\/\\\/www.leti.lt\\\/wordpress\\\/danseforum-ungestepourtheme\\\/#breadcrumb\",\"itemListElement\":[{\"@type\":\"ListItem\",\"position\":1,\"name\":\"Accueil\",\"item\":\"https:\\\/\\\/www.leti.lt\\\/wordpress\\\/\"},{\"@type\":\"ListItem\",\"position\":2,\"name\":\"Un geste pour&nbsp;th\u00e8me\"}]},{\"@type\":\"WebSite\",\"@id\":\"https:\\\/\\\/www.leti.lt\\\/wordpress\\\/#website\",\"url\":\"https:\\\/\\\/www.leti.lt\\\/wordpress\\\/\",\"name\":\"Le TILT\",\"description\":\"Recherche, publication, cr\u00e9ation artistique\",\"potentialAction\":[{\"@type\":\"SearchAction\",\"target\":{\"@type\":\"EntryPoint\",\"urlTemplate\":\"https:\\\/\\\/www.leti.lt\\\/wordpress\\\/?s={search_term_string}\"},\"query-input\":{\"@type\":\"PropertyValueSpecification\",\"valueRequired\":true,\"valueName\":\"search_term_string\"}}],\"inLanguage\":\"fr-FR\"},{\"@type\":\"Person\",\"@id\":\"https:\\\/\\\/www.leti.lt\\\/wordpress\\\/#\\\/schema\\\/person\\\/9bb307b2af8fbb575bb3603e57951f75\",\"name\":\"Andr\u00e9ine Bel\",\"image\":{\"@type\":\"ImageObject\",\"inLanguage\":\"fr-FR\",\"@id\":\"https:\\\/\\\/secure.gravatar.com\\\/avatar\\\/4ab041ec7c7ad3b90293023e86528ec1a700ce2971ff61811b2df6b288dd1f38?s=96&d=identicon&r=g\",\"url\":\"https:\\\/\\\/secure.gravatar.com\\\/avatar\\\/4ab041ec7c7ad3b90293023e86528ec1a700ce2971ff61811b2df6b288dd1f38?s=96&d=identicon&r=g\",\"contentUrl\":\"https:\\\/\\\/secure.gravatar.com\\\/avatar\\\/4ab041ec7c7ad3b90293023e86528ec1a700ce2971ff61811b2df6b288dd1f38?s=96&d=identicon&r=g\",\"caption\":\"Andr\u00e9ine Bel\"},\"url\":\"https:\\\/\\\/www.leti.lt\\\/wordpress\\\/author\\\/andreine\\\/\"}]}<\/script>\n<!-- \/ Yoast SEO plugin. -->","yoast_head_json":{"title":"Un geste pour th\u00e8me - Le TILT","robots":{"index":"index","follow":"follow","max-snippet":"max-snippet:-1","max-image-preview":"max-image-preview:large","max-video-preview":"max-video-preview:-1"},"canonical":"https:\/\/www.leti.lt\/wordpress\/danseforum-ungestepourtheme\/","og_locale":"fr_FR","og_type":"article","og_title":"Un geste pour th\u00e8me - Le TILT","og_description":"Danse forum\u2192 Comptes-ren\u00addus des ate\u00adliers\u2192 Mar\u00adseille !! Un geste pour th\u00e8me \u2013 2&nbsp;avril 2008 \u2014\u200a\u2014\u200a- Nous \u00e9tions sept dan\u00adseuses pour cette pre\u00admi\u00e8re danse forum \u00e0&nbsp;Mar\u00adseille,dans le grand garage de ma mai\u00adson.Aucune \u2013 \u00e0&nbsp;part moi \u2013 n\u2019avait d\u00e9j\u00e0 par\u00adti\u00adci\u00adp\u00e9 \u00e0&nbsp;une danse&nbsp;forum. Apr\u00e8s une intro\u00adduc\u00adtion pour contex\u00adtua\u00adli\u00adser cette pra\u00adtique, nous avonsassez vite com\u00admen\u00adc\u00e9. Un pre\u00admier temps pour se rendre atten\u00adtives \u00e0&nbsp;sessen\u00adsa\u00adtions, et \u00e9ven\u00adtuel\u00adle\u00adment nom\u00admer la sen\u00adsa\u00adtion qui pr\u00e9\u00addo\u00admine, undeuxi\u00e8me temps pour se rendre atten\u00adtives aux mou\u00adve\u00adments qui font \u00e9chos \u00e0cette sen\u00adsa\u00adtion. Les [&hellip;]","og_url":"https:\/\/www.leti.lt\/wordpress\/danseforum-ungestepourtheme\/","og_site_name":"Le TILT","article_published_time":"2020-02-16T14:30:33+00:00","article_modified_time":"2020-06-10T21:53:30+00:00","author":"Andr\u00e9ine Bel","twitter_card":"summary_large_image","twitter_misc":{"\u00c9crit par":"Andr\u00e9ine Bel","Dur\u00e9e de lecture estim\u00e9e":"6 minutes"},"schema":{"@context":"https:\/\/schema.org","@graph":[{"@type":"Article","@id":"https:\/\/www.leti.lt\/wordpress\/danseforum-ungestepourtheme\/#article","isPartOf":{"@id":"https:\/\/www.leti.lt\/wordpress\/danseforum-ungestepourtheme\/"},"author":{"name":"Andr\u00e9ine Bel","@id":"https:\/\/www.leti.lt\/wordpress\/#\/schema\/person\/9bb307b2af8fbb575bb3603e57951f75"},"headline":"Un geste pour&nbsp;th\u00e8me","datePublished":"2020-02-16T14:30:33+00:00","dateModified":"2020-06-10T21:53:30+00:00","mainEntityOfPage":{"@id":"https:\/\/www.leti.lt\/wordpress\/danseforum-ungestepourtheme\/"},"wordCount":1159,"commentCount":0,"keywords":["DF_ateliers"],"articleSection":["Ateliers Marseille"],"inLanguage":"fr-FR","potentialAction":[{"@type":"CommentAction","name":"Comment","target":["https:\/\/www.leti.lt\/wordpress\/danseforum-ungestepourtheme\/#respond"]}]},{"@type":"WebPage","@id":"https:\/\/www.leti.lt\/wordpress\/danseforum-ungestepourtheme\/","url":"https:\/\/www.leti.lt\/wordpress\/danseforum-ungestepourtheme\/","name":"Un geste pour th\u00e8me - Le TILT","isPartOf":{"@id":"https:\/\/www.leti.lt\/wordpress\/#website"},"datePublished":"2020-02-16T14:30:33+00:00","dateModified":"2020-06-10T21:53:30+00:00","author":{"@id":"https:\/\/www.leti.lt\/wordpress\/#\/schema\/person\/9bb307b2af8fbb575bb3603e57951f75"},"breadcrumb":{"@id":"https:\/\/www.leti.lt\/wordpress\/danseforum-ungestepourtheme\/#breadcrumb"},"inLanguage":"fr-FR","potentialAction":[{"@type":"ReadAction","target":["https:\/\/www.leti.lt\/wordpress\/danseforum-ungestepourtheme\/"]}]},{"@type":"BreadcrumbList","@id":"https:\/\/www.leti.lt\/wordpress\/danseforum-ungestepourtheme\/#breadcrumb","itemListElement":[{"@type":"ListItem","position":1,"name":"Accueil","item":"https:\/\/www.leti.lt\/wordpress\/"},{"@type":"ListItem","position":2,"name":"Un geste pour&nbsp;th\u00e8me"}]},{"@type":"WebSite","@id":"https:\/\/www.leti.lt\/wordpress\/#website","url":"https:\/\/www.leti.lt\/wordpress\/","name":"Le TILT","description":"Recherche, publication, cr\u00e9ation artistique","potentialAction":[{"@type":"SearchAction","target":{"@type":"EntryPoint","urlTemplate":"https:\/\/www.leti.lt\/wordpress\/?s={search_term_string}"},"query-input":{"@type":"PropertyValueSpecification","valueRequired":true,"valueName":"search_term_string"}}],"inLanguage":"fr-FR"},{"@type":"Person","@id":"https:\/\/www.leti.lt\/wordpress\/#\/schema\/person\/9bb307b2af8fbb575bb3603e57951f75","name":"Andr\u00e9ine Bel","image":{"@type":"ImageObject","inLanguage":"fr-FR","@id":"https:\/\/secure.gravatar.com\/avatar\/4ab041ec7c7ad3b90293023e86528ec1a700ce2971ff61811b2df6b288dd1f38?s=96&d=identicon&r=g","url":"https:\/\/secure.gravatar.com\/avatar\/4ab041ec7c7ad3b90293023e86528ec1a700ce2971ff61811b2df6b288dd1f38?s=96&d=identicon&r=g","contentUrl":"https:\/\/secure.gravatar.com\/avatar\/4ab041ec7c7ad3b90293023e86528ec1a700ce2971ff61811b2df6b288dd1f38?s=96&d=identicon&r=g","caption":"Andr\u00e9ine Bel"},"url":"https:\/\/www.leti.lt\/wordpress\/author\/andreine\/"}]}},"_links":{"self":[{"href":"https:\/\/www.leti.lt\/wordpress\/wp-json\/wp\/v2\/posts\/242","targetHints":{"allow":["GET"]}}],"collection":[{"href":"https:\/\/www.leti.lt\/wordpress\/wp-json\/wp\/v2\/posts"}],"about":[{"href":"https:\/\/www.leti.lt\/wordpress\/wp-json\/wp\/v2\/types\/post"}],"author":[{"embeddable":true,"href":"https:\/\/www.leti.lt\/wordpress\/wp-json\/wp\/v2\/users\/2"}],"replies":[{"embeddable":true,"href":"https:\/\/www.leti.lt\/wordpress\/wp-json\/wp\/v2\/comments?post=242"}],"version-history":[{"count":1,"href":"https:\/\/www.leti.lt\/wordpress\/wp-json\/wp\/v2\/posts\/242\/revisions"}],"predecessor-version":[{"id":771,"href":"https:\/\/www.leti.lt\/wordpress\/wp-json\/wp\/v2\/posts\/242\/revisions\/771"}],"wp:attachment":[{"href":"https:\/\/www.leti.lt\/wordpress\/wp-json\/wp\/v2\/media?parent=242"}],"wp:term":[{"taxonomy":"category","embeddable":true,"href":"https:\/\/www.leti.lt\/wordpress\/wp-json\/wp\/v2\/categories?post=242"},{"taxonomy":"post_tag","embeddable":true,"href":"https:\/\/www.leti.lt\/wordpress\/wp-json\/wp\/v2\/tags?post=242"}],"curies":[{"name":"wp","href":"https:\/\/api.w.org\/{rel}","templated":true}]}}