{"id":239,"date":"2020-02-16T15:30:33","date_gmt":"2020-02-16T14:30:33","guid":{"rendered":"https:\/\/www.leti.lt\/wordpress\/?p=239"},"modified":"-0001-11-30T00:00:00","modified_gmt":"-0001-11-29T22:00:00","slug":"danseforum-trouversaplaceii","status":"publish","type":"post","link":"https:\/\/www.leti.lt\/wordpress\/danseforum-trouversaplaceii\/","title":{"rendered":"Trouver sa place (2\/2)"},"content":{"rendered":"<p><a href=\"https:\/\/www.leti.lt\/wordpress\/danseforum-danseforum\/\">Danse forum<\/a><br>\u2192 <a href=\"https:\/\/www.leti.lt\/wordpress\/danseforum-comptesrendusateliers\/\">Comptes-ren\u00addus des ate\u00adliers<\/a><br>\u2192 <a href=\"https:\/\/www.leti.lt\/wordpress\/danseforum-forcalquier\/\">For\u00adcal\u00adquier<\/a><br><br>!!Trou\u00adver sa place \u2013 29\/1\/12<br><br><br>Ate\u00adlier danse forum de For\u00adcal\u00adquier, 29 jan\u00advier 2012<br>\u00abTrou\u00adver sa place&nbsp;\u00bb (c\u2019est la deuxi\u00e8me fois que ce th\u00e8me a&nbsp;\u00e9t\u00e9 choi\u00adsi en danse forum)<br><br>Plu\u00adsieurs reve\u00adnantes, apr\u00e8s des mois, m\u00eame des ann\u00e9es d\u2019absence, chouette&nbsp;! Nous \u00e9tions 10, avec la petite Tha\u00adlia qui a&nbsp;d\u00e9sor\u00admais 11 mois et qui en \u00e9tait \u00e0&nbsp;sa troi\u00adsi\u00e8me danse forum&nbsp;! Elle \u00e9tait notre ma\u00eetre d\u00e8s le d\u00e9but.<br><br>Nous n\u2019avions pas de th\u00e8me r\u00e9flexif. Au d\u00e9but&nbsp;: un point de ten\u00adsion \u00e0&nbsp;la nuque, des grosses fatigues apr\u00e8s la nuit du same\u00addi soir en f\u00eate, des pul\u00adsa\u00adtions fortes en pla\u00adquant le corps au sol, des four\u00admille\u00adments aux mains et aux pieds, en pas\u00adsant par un point de cha\u00adleur au c\u0153ur et un autre de pin\u00adce\u00adments \u00e0&nbsp;l\u2019\u00e9paule, jusqu\u2019\u00e0 la sen\u00adsa\u00adtion de tran\u00adquilli\u00adt\u00e9 et de poids qui se d\u00e9pose sur la terre et les chan\u00adton\u00adne\u00adments tel un petit oiseau nom\u00adm\u00e9 Tha\u00adlia. Assez rapi\u00adde\u00adment a&nbsp;\u00e9mer\u00adg\u00e9 le th\u00e8me&nbsp;: \u00ab&nbsp;trou\u00adver sa place.\u00ab<br><br>&nbsp;Cer\u00adtaines fai\u00adsaient un lien entre trou\u00adver sa place en pas\u00adsant par le bas\u00adsin \u2013 ancrage, cen\u00adtrage \u2013 d\u2019autres par le poids, \u2013 se d\u00e9po\u00adser l\u00e0 o\u00f9 on sent que c\u2019est bon pour nous. D\u2019autres ont fait remar\u00adquer que \u00ab&nbsp;trou\u00adver sa place&nbsp;\u00bb \u00e9tait d\u00e9j\u00e0 beau\u00adcoup deman\u00adder, et auraient pr\u00e9\u00adf\u00e9\u00adr\u00e9 le th\u00e8me \u00ab&nbsp;cher\u00adcher sa place&nbsp;\u00bb. Nous avons donc opt\u00e9 pour le frot\u00adte\u00adment entre \u00ab&nbsp;cher\u00adcher&nbsp;\u00bb et \u00ab&nbsp;trou\u00adver&nbsp;\u00bb. Com\u00adment je cherche \u00ab&nbsp;ma&nbsp;\u00bb place, com\u00adment je m\u2019y prends, qu\u2019est-ce qui m\u2019appelle pour que je m\u2019y mette&nbsp;? Qu\u2019est-ce qui m\u2019indique que je l\u2019ai trou\u00adv\u00e9&nbsp;? Com\u00adment j\u2019habite cette place, qu\u2019est-ce qui me fait res\u00adter, par\u00adtir, chan\u00adger&nbsp;? C\u2019est quoi \u00ab&nbsp;ma place&nbsp;\u00bb, \u00ab&nbsp;sa place&nbsp;\u00bb&nbsp;? Vaste chan\u00adtier&nbsp;!<br><br>En deux longues impro\u00advi\u00adsa\u00adtions les fils se sont d\u00e9rou\u00adl\u00e9s et entre\u00adm\u00ea\u00adl\u00e9s. Au d\u00e9but, un peu chacun\/e dans sa bulle, par\u00adfois \u00e0&nbsp;deux, puis, on ne sait pas par quel mou\u00adve\u00adment, quel souffle, mot ou chant est par\u00adti l\u2019impulse pour res\u00adser\u00adrer les liens entre plu\u00adsieurs dan\u00adseurs, telle une cho\u00adr\u00e9\u00adgra\u00adphie. Sur une musique cha\u00adma\u00adnique mexi\u00adcaine, sou\u00addai\u00adne\u00adment, une voix s\u2019\u00e9l\u00e8ve, tan\u00adt\u00f4t un chant, tan\u00adt\u00f4t des mots d\u00e9po\u00ads\u00e9s sur les corps en mou\u00adve\u00adment, du rou\u00adcou\u00adle\u00adment, grin\u00adce\u00adment, voca\u00adlises, cris, vent \u2026 po\u00e9\u00adsie vola\u00adtile se fau\u00adfi\u00adlant entre les corps.<br><br>On s\u2019en sai\u00adsit, se laisse por\u00adter, les empor\u00adter dans sa danse, des sou\u00adve\u00adnirs \u00e9mergent, \u2013 on a&nbsp;d\u00e9j\u00e0 connu \u00e7a quelque part, une amie, un mor\u00adceau de v\u00e9cu. Une m\u00e8re lionne joue avec son petit, les dan\u00adseurs vire\u00advoltent autour .\u2026 puis le souffle de la fl\u00fbte \u2013 j\u2019arr\u00eate la musique -, les m\u00e9lo\u00addies et les sons nous sub\u00admergent, nous enve\u00adloppent, nous emportent ou alors, \u2026 nous clouent au sol\u2026 Com\u00adment trou\u00adver sa place dans une telle pl\u00e9\u00adni\u00adtude, une telle \u00e9pais\u00adseur&nbsp;? \u2026 On est au coeur du th\u00e8me&nbsp;! Presque tout le monde s\u2019y \u00e9tait mis, y&nbsp;com\u00adpris une nou\u00advelle dan\u00adseuse, timide au d\u00e9but, mais voi\u00adl\u00e0, cer\u00adtains \u00e9taient frei\u00adn\u00e9s par ce tour\u00adbillon.&nbsp;O\u00f9 trou\u00adver une faille, un espace pour entrer dedans&nbsp;? Un silence&nbsp;? Un trou&nbsp;?<br><br>Qu\u2019est-ce qui fait que j\u2019ai l\u2019impression du \u00ab&nbsp;trop&nbsp;\u00bb, alors que pour d\u2019autres ce n\u2019est pas assez ou juste bon&nbsp;? Le retour ver\u00adbal nous a&nbsp;aid\u00e9 \u00e0&nbsp;nous ajus\u00adter, par\u00adfois on doit pas\u00adser par la parole pour arri\u00adver \u00e0&nbsp;com\u00adprendre ce qui se passe pour chacun\/e.<br>Il nous a&nbsp;ren\u00addu plus atten\u00adtifs. Plus sen\u00adsibles.<br><br>La deuxi\u00e8me impro est par\u00adtie sur le chant du contre-t\u00e9nor Andreas Scholl, o\u00f9 l\u2019espace sc\u00e9\u00adnique est res\u00adt\u00e9 pra\u00adti\u00adque\u00adment vide, puis a&nbsp;accueilli deux dan\u00adseuses sur un chant grec. Grande inten\u00adsi\u00adt\u00e9, grande \u00e9mo\u00adtion. Est-ce que ce vide pr\u00e9a\u00adlable aurait aug\u00admen\u00adt\u00e9 l\u2019intensit\u00e9 d\u2019apr\u00e8s&nbsp;? Un po\u00e8me de Paul Eluard. Un mot est souf\u00adfl\u00e9 dans l\u2019espace&nbsp;: Sau\u00advage\u2026 sau\u00advage\u2026 en tout cas c\u2019est tout ce que j\u2019ai enten\u00addu \u00e0&nbsp;plu\u00adsieurs reprises et cela m\u2019a ins\u00adpi\u00adr\u00e9 les per\u00adcus\u00adsions du Trio Ch\u00e9\u00admi\u00adra\u00adni. Un rythme \u00e9tait don\u00adn\u00e9, tout s\u2019acc\u00e9l\u00e8re, un ani\u00admal sau\u00advage dans une cage, allers-retours, enfer\u00adme\u00adment, et tout s\u2019emballe, on court, on marche, deux se tiennent par le regard\u2026puis un silence abrupt et tout s\u2019arr\u00eate. (Je n\u2019ai pas tout cap\u00adt\u00e9 ni en m\u00e9moire, tel\u00adle\u00adment c\u2019\u00e9tait rapide et riche.)<br><br>Une impres\u00adsion que \u00ab&nbsp;ma place&nbsp;\u00bb est sou\u00advent \u00e0&nbsp;l\u2019oppos\u00e9&nbsp;: si tout le monde est au sol, je me l\u00e8ve\u00adrai, la musique est rapide et mes mou\u00adve\u00adment vont se ralen\u00adtir au fur et \u00e0&nbsp;mesure, et quand tout est lent, sou\u00addai\u00adne\u00adment j\u2019ai envie de bon\u00addir et m\u2019abandonner \u00e0&nbsp;un rythme effr\u00e9\u00adn\u00e9, puis, par\u00adfois un corps, un mou\u00adve\u00adment, un regard, m\u2019invite \u00e0&nbsp;par\u00adta\u00adger du che\u00admin, du rythme, des pas, d\u00e9po\u00adser mon poids sur quelqu\u2019un, ou accueillir son poids sur moi \u2026 quel plai\u00adsir d\u2019aller avec, d\u2019aller ensemble&nbsp;! J\u2019y suis, \u00e0&nbsp;ma place, dans les dif\u00adf\u00e9\u00adrents cas de figure, et elle est en mou\u00adve\u00adment constant cette place, en recherche, r\u00e9-appro\u00adba\u00adtion, r\u00e9\u00e9va\u00adlua\u00adtion constante, sans pour autant y&nbsp;pen\u00adser&nbsp;! D\u00e8s que je l\u2019ai \u00ab&nbsp;gagn\u00e9e&nbsp;\u00bb, ma place, je peux la perdre, veux la perdre, pour en cher\u00adcher une nou\u00advelle, et la c\u00e9der aus\u00adsi\u00adt\u00f4t et ain\u00adsi de suite. Elle est tr\u00e8s pr\u00e9\u00adcaire par moments, tr\u00e8s fra\u00adgile. S\u2019enraciner, se fixer, s\u2019attacher&nbsp;? Qu\u2019est-ce qu\u2019on fait avec \u00e7a&nbsp;? On aime aus\u00adsi par moments mais o\u00f9 est la limite sup\u00adpor\u00adtable, sou\u00adhai\u00adtable&nbsp;? Puis \u00e0&nbsp;d\u2019autres moments, je la perds car\u00adr\u00e9\u00adment, la place, quand je l\u00e2che mon lien aux sen\u00adsa\u00adtions et \u00e7a me pro\u00adpulse direc\u00adte\u00adment en dehors de l\u2019espace sc\u00e9\u00adnique. Ca veut dire que ma place est mon lien aux sen\u00adsa\u00adtions&nbsp;? Ouuuh l\u00e0, \u00e7a devient com\u00adpli\u00adqu\u00e9&nbsp;! Ou tr\u00e8s simple. L\u00e0 on tient une clef en tout cas.<br><br>Com\u00adment je fais quand je suis tou\u00adch\u00e9e par l\u2019intensit\u00e9 entre deux dan\u00adseurs et j\u2019aimerais en faire par\u00adtie&nbsp;? Grande ques\u00adtion&nbsp;! Ma place est o\u00f9, l\u00e0&nbsp;? Com\u00adment je m\u2019y prends&nbsp;? J\u2019y vais fran\u00adco avec toute ma volon\u00adt\u00e9&nbsp;? Ou alors, j\u2019essaie de cap\u00adter les vibra\u00adtions, les rythmes, les flux et j\u2019adopte et m\u2019approche dou\u00adce\u00adment&nbsp;? Ou alors j\u2019y vais \u00e0&nbsp;la sur\u00adprise, \u00e0&nbsp;l\u2019oppos\u00e9 de ce qui se d\u00e9roule, ou je me tiens \u00e0&nbsp;dis\u00adtance, atten\u00adtive, toutes antennes dehors, pr\u00eate \u00e0&nbsp;accueillir l\u2019impr\u00e9visible \u2026? Com\u00adment ne pas s\u2019abandonner soi-m\u00eame tout en se met\u00adtant au dia\u00adpa\u00adson avec une per\u00adsonne, un groupe&nbsp;? Mille mani\u00e8res de prendre sa place, puis d\u2019encaisser des \u00ab&nbsp;suc\u00adc\u00e8s&nbsp;\u00bb ou des \u00ab&nbsp;\u00e9checs&nbsp;\u00bb, pour rebon\u00addir ensuite, encore et encore\u2026<br>Quel r\u00f4le joue le regard l\u00e0-dedans&nbsp;? M\u2019aide-t-il a&nbsp;trou\u00adver ma place&nbsp;? Regard p\u00e9ri\u00adph\u00e9\u00adrique, regard les yeux dans les yeux\u2026 Pas \u00e9vident pour moi, per\u00adti\u00adnent pour d\u2019autres.<br><br>Puis quel repos aus\u00adsi, d\u2019occuper juste un espace vide&nbsp;! Sans rien vou\u00adloir, lais\u00adser les tur\u00adbu\u00adlences me tour\u00adner autour, juste exis\u00adter l\u00e0, main\u00adte\u00adnant. Puis tout d\u2019un coup, quelque chose arrive, quelqu\u2019un me sol\u00adli\u00adcite. Je prends, ou je laisse&nbsp;?&nbsp;D\u00e9ci\u00adder par rap\u00adport \u00e0&nbsp;quoi&nbsp;?<br><br>Sacr\u00e9 th\u00e8me que celui-l\u00e0. Ca donne envie de l\u2019explorer plus lon\u00adgue\u00adment, \u00e0&nbsp;plu\u00adsieurs reprises. En tout cas, je pro\u00adpose de le gar\u00adder pour le pro\u00adchain ate\u00adlier aus\u00adsi&nbsp;: le 26 f\u00e9vrier, 14h30&nbsp;! Au plai\u00adsir de vous y (re)voir !!!<br><br>Ami\u00adti\u00e9s,<br><br>Johan\u00adna Bouchardeau<\/p><p style=\"color:green; text-align:right !important;\">Article cr\u00e9\u00e9 le 16\/02\/2020<\/p>","protected":false},"excerpt":{"rendered":"<p>Danse forum\u2192 Comptes-ren\u00ad\u00addus des ate\u00adliers\u2192 For\u00adcal\u00adquier !!Trou\u00adver sa place \u2013 29\/1\/12 Ate\u00adlier danse forum de For\u00adcal\u00adquier, 29 jan\u00advier 2012\u00abTrou\u00adver sa place&nbsp;\u00bb (c\u2019est la deuxi\u00e8me fois que ce th\u00e8me a&nbsp;\u00e9t\u00e9 choi\u00adsi en danse&nbsp;forum) Plu\u00adsieurs reve\u00adnantes, apr\u00e8s des mois, m\u00eame des ann\u00e9es d\u2019absence, chouette&nbsp;! Nous \u00e9tions 10, avec la petite Tha\u00adlia qui a&nbsp;d\u00e9sor\u00admais 11 mois et qui en \u00e9tait \u00e0&nbsp;sa troi\u00adsi\u00e8me danse forum&nbsp;! Elle \u00e9tait notre ma\u00eetre d\u00e8s le&nbsp;d\u00e9but. Nous n\u2019avions pas de th\u00e8me r\u00e9flexif. Au d\u00e9but&nbsp;: un point de ten\u00adsion \u00e0&nbsp;la&nbsp;[\u2026]<\/p>\n","protected":false},"author":2,"featured_media":0,"comment_status":"open","ping_status":"open","sticky":false,"template":"","format":"standard","meta":{"wp_typography_post_enhancements_disabled":false,"footnotes":""},"categories":[132],"tags":[209],"class_list":["post-239","post","type-post","status-publish","format-standard","hentry","category-ateliers_forcalquier","tag-df_forcalquier"],"yoast_head":"<!-- This site is optimized with the Yoast SEO plugin v27.5 - https:\/\/yoast.com\/product\/yoast-seo-wordpress\/ -->\n<title>Trouver sa place (2\/2) - Le TILT<\/title>\n<meta name=\"robots\" content=\"index, follow, max-snippet:-1, max-image-preview:large, max-video-preview:-1\" \/>\n<link rel=\"canonical\" href=\"https:\/\/www.leti.lt\/wordpress\/danseforum-trouversaplaceii\/\" \/>\n<meta property=\"og:locale\" content=\"fr_FR\" \/>\n<meta property=\"og:type\" content=\"article\" \/>\n<meta property=\"og:title\" content=\"Trouver sa place (2\/2) - Le TILT\" \/>\n<meta property=\"og:description\" content=\"Danse forum\u2192 Comptes-ren\u00addus des ate\u00adliers\u2192 For\u00adcal\u00adquier !!Trou\u00adver sa place \u2013 29\/1\/12 Ate\u00adlier danse forum de For\u00adcal\u00adquier, 29 jan\u00advier 2012\u00abTrou\u00adver sa place&nbsp;\u00bb (c\u2019est la deuxi\u00e8me fois que ce th\u00e8me a&nbsp;\u00e9t\u00e9 choi\u00adsi en danse&nbsp;forum) Plu\u00adsieurs reve\u00adnantes, apr\u00e8s des mois, m\u00eame des ann\u00e9es d\u2019absence, chouette&nbsp;! Nous \u00e9tions 10, avec la petite Tha\u00adlia qui a&nbsp;d\u00e9sor\u00admais 11 mois et qui en \u00e9tait \u00e0&nbsp;sa troi\u00adsi\u00e8me danse forum&nbsp;! Elle \u00e9tait notre ma\u00eetre d\u00e8s le&nbsp;d\u00e9but. Nous n\u2019avions pas de th\u00e8me r\u00e9flexif. Au d\u00e9but&nbsp;: un point de ten\u00adsion \u00e0&nbsp;la [&hellip;]\" \/>\n<meta property=\"og:url\" content=\"https:\/\/www.leti.lt\/wordpress\/danseforum-trouversaplaceii\/\" \/>\n<meta property=\"og:site_name\" content=\"Le TILT\" \/>\n<meta property=\"article:published_time\" content=\"2020-02-16T14:30:33+00:00\" \/>\n<meta name=\"author\" content=\"Andr\u00e9ine Bel\" \/>\n<meta name=\"twitter:card\" content=\"summary_large_image\" \/>\n<meta name=\"twitter:label1\" content=\"\u00c9crit par\" \/>\n\t<meta name=\"twitter:data1\" content=\"Andr\u00e9ine Bel\" \/>\n\t<meta name=\"twitter:label2\" content=\"Dur\u00e9e de lecture estim\u00e9e\" \/>\n\t<meta name=\"twitter:data2\" content=\"6 minutes\" \/>\n<script type=\"application\/ld+json\" class=\"yoast-schema-graph\">{\"@context\":\"https:\\\/\\\/schema.org\",\"@graph\":[{\"@type\":\"Article\",\"@id\":\"https:\\\/\\\/www.leti.lt\\\/wordpress\\\/danseforum-trouversaplaceii\\\/#article\",\"isPartOf\":{\"@id\":\"https:\\\/\\\/www.leti.lt\\\/wordpress\\\/danseforum-trouversaplaceii\\\/\"},\"author\":{\"name\":\"Andr\u00e9ine Bel\",\"@id\":\"https:\\\/\\\/www.leti.lt\\\/wordpress\\\/#\\\/schema\\\/person\\\/9bb307b2af8fbb575bb3603e57951f75\"},\"headline\":\"Trouver sa place (2\\\/2)\",\"datePublished\":\"2020-02-16T14:30:33+00:00\",\"mainEntityOfPage\":{\"@id\":\"https:\\\/\\\/www.leti.lt\\\/wordpress\\\/danseforum-trouversaplaceii\\\/\"},\"wordCount\":1233,\"commentCount\":0,\"keywords\":[\"DF_Forcalquier\"],\"articleSection\":[\"Ateliers Forcalquier\"],\"inLanguage\":\"fr-FR\",\"potentialAction\":[{\"@type\":\"CommentAction\",\"name\":\"Comment\",\"target\":[\"https:\\\/\\\/www.leti.lt\\\/wordpress\\\/danseforum-trouversaplaceii\\\/#respond\"]}]},{\"@type\":\"WebPage\",\"@id\":\"https:\\\/\\\/www.leti.lt\\\/wordpress\\\/danseforum-trouversaplaceii\\\/\",\"url\":\"https:\\\/\\\/www.leti.lt\\\/wordpress\\\/danseforum-trouversaplaceii\\\/\",\"name\":\"Trouver sa place (2\\\/2) - Le TILT\",\"isPartOf\":{\"@id\":\"https:\\\/\\\/www.leti.lt\\\/wordpress\\\/#website\"},\"datePublished\":\"2020-02-16T14:30:33+00:00\",\"author\":{\"@id\":\"https:\\\/\\\/www.leti.lt\\\/wordpress\\\/#\\\/schema\\\/person\\\/9bb307b2af8fbb575bb3603e57951f75\"},\"breadcrumb\":{\"@id\":\"https:\\\/\\\/www.leti.lt\\\/wordpress\\\/danseforum-trouversaplaceii\\\/#breadcrumb\"},\"inLanguage\":\"fr-FR\",\"potentialAction\":[{\"@type\":\"ReadAction\",\"target\":[\"https:\\\/\\\/www.leti.lt\\\/wordpress\\\/danseforum-trouversaplaceii\\\/\"]}]},{\"@type\":\"BreadcrumbList\",\"@id\":\"https:\\\/\\\/www.leti.lt\\\/wordpress\\\/danseforum-trouversaplaceii\\\/#breadcrumb\",\"itemListElement\":[{\"@type\":\"ListItem\",\"position\":1,\"name\":\"Accueil\",\"item\":\"https:\\\/\\\/www.leti.lt\\\/wordpress\\\/\"},{\"@type\":\"ListItem\",\"position\":2,\"name\":\"Trouver sa place (2\\\/2)\"}]},{\"@type\":\"WebSite\",\"@id\":\"https:\\\/\\\/www.leti.lt\\\/wordpress\\\/#website\",\"url\":\"https:\\\/\\\/www.leti.lt\\\/wordpress\\\/\",\"name\":\"Le TILT\",\"description\":\"Recherche, publication, cr\u00e9ation artistique\",\"potentialAction\":[{\"@type\":\"SearchAction\",\"target\":{\"@type\":\"EntryPoint\",\"urlTemplate\":\"https:\\\/\\\/www.leti.lt\\\/wordpress\\\/?s={search_term_string}\"},\"query-input\":{\"@type\":\"PropertyValueSpecification\",\"valueRequired\":true,\"valueName\":\"search_term_string\"}}],\"inLanguage\":\"fr-FR\"},{\"@type\":\"Person\",\"@id\":\"https:\\\/\\\/www.leti.lt\\\/wordpress\\\/#\\\/schema\\\/person\\\/9bb307b2af8fbb575bb3603e57951f75\",\"name\":\"Andr\u00e9ine Bel\",\"image\":{\"@type\":\"ImageObject\",\"inLanguage\":\"fr-FR\",\"@id\":\"https:\\\/\\\/secure.gravatar.com\\\/avatar\\\/4ab041ec7c7ad3b90293023e86528ec1a700ce2971ff61811b2df6b288dd1f38?s=96&d=identicon&r=g\",\"url\":\"https:\\\/\\\/secure.gravatar.com\\\/avatar\\\/4ab041ec7c7ad3b90293023e86528ec1a700ce2971ff61811b2df6b288dd1f38?s=96&d=identicon&r=g\",\"contentUrl\":\"https:\\\/\\\/secure.gravatar.com\\\/avatar\\\/4ab041ec7c7ad3b90293023e86528ec1a700ce2971ff61811b2df6b288dd1f38?s=96&d=identicon&r=g\",\"caption\":\"Andr\u00e9ine Bel\"},\"url\":\"https:\\\/\\\/www.leti.lt\\\/wordpress\\\/author\\\/andreine\\\/\"}]}<\/script>\n<!-- \/ Yoast SEO plugin. -->","yoast_head_json":{"title":"Trouver sa place (2\/2) - Le TILT","robots":{"index":"index","follow":"follow","max-snippet":"max-snippet:-1","max-image-preview":"max-image-preview:large","max-video-preview":"max-video-preview:-1"},"canonical":"https:\/\/www.leti.lt\/wordpress\/danseforum-trouversaplaceii\/","og_locale":"fr_FR","og_type":"article","og_title":"Trouver sa place (2\/2) - Le TILT","og_description":"Danse forum\u2192 Comptes-ren\u00addus des ate\u00adliers\u2192 For\u00adcal\u00adquier !!Trou\u00adver sa place \u2013 29\/1\/12 Ate\u00adlier danse forum de For\u00adcal\u00adquier, 29 jan\u00advier 2012\u00abTrou\u00adver sa place&nbsp;\u00bb (c\u2019est la deuxi\u00e8me fois que ce th\u00e8me a&nbsp;\u00e9t\u00e9 choi\u00adsi en danse&nbsp;forum) Plu\u00adsieurs reve\u00adnantes, apr\u00e8s des mois, m\u00eame des ann\u00e9es d\u2019absence, chouette&nbsp;! Nous \u00e9tions 10, avec la petite Tha\u00adlia qui a&nbsp;d\u00e9sor\u00admais 11 mois et qui en \u00e9tait \u00e0&nbsp;sa troi\u00adsi\u00e8me danse forum&nbsp;! Elle \u00e9tait notre ma\u00eetre d\u00e8s le&nbsp;d\u00e9but. Nous n\u2019avions pas de th\u00e8me r\u00e9flexif. Au d\u00e9but&nbsp;: un point de ten\u00adsion \u00e0&nbsp;la [&hellip;]","og_url":"https:\/\/www.leti.lt\/wordpress\/danseforum-trouversaplaceii\/","og_site_name":"Le TILT","article_published_time":"2020-02-16T14:30:33+00:00","author":"Andr\u00e9ine Bel","twitter_card":"summary_large_image","twitter_misc":{"\u00c9crit par":"Andr\u00e9ine Bel","Dur\u00e9e de lecture estim\u00e9e":"6 minutes"},"schema":{"@context":"https:\/\/schema.org","@graph":[{"@type":"Article","@id":"https:\/\/www.leti.lt\/wordpress\/danseforum-trouversaplaceii\/#article","isPartOf":{"@id":"https:\/\/www.leti.lt\/wordpress\/danseforum-trouversaplaceii\/"},"author":{"name":"Andr\u00e9ine Bel","@id":"https:\/\/www.leti.lt\/wordpress\/#\/schema\/person\/9bb307b2af8fbb575bb3603e57951f75"},"headline":"Trouver sa place (2\/2)","datePublished":"2020-02-16T14:30:33+00:00","mainEntityOfPage":{"@id":"https:\/\/www.leti.lt\/wordpress\/danseforum-trouversaplaceii\/"},"wordCount":1233,"commentCount":0,"keywords":["DF_Forcalquier"],"articleSection":["Ateliers Forcalquier"],"inLanguage":"fr-FR","potentialAction":[{"@type":"CommentAction","name":"Comment","target":["https:\/\/www.leti.lt\/wordpress\/danseforum-trouversaplaceii\/#respond"]}]},{"@type":"WebPage","@id":"https:\/\/www.leti.lt\/wordpress\/danseforum-trouversaplaceii\/","url":"https:\/\/www.leti.lt\/wordpress\/danseforum-trouversaplaceii\/","name":"Trouver sa place (2\/2) - Le TILT","isPartOf":{"@id":"https:\/\/www.leti.lt\/wordpress\/#website"},"datePublished":"2020-02-16T14:30:33+00:00","author":{"@id":"https:\/\/www.leti.lt\/wordpress\/#\/schema\/person\/9bb307b2af8fbb575bb3603e57951f75"},"breadcrumb":{"@id":"https:\/\/www.leti.lt\/wordpress\/danseforum-trouversaplaceii\/#breadcrumb"},"inLanguage":"fr-FR","potentialAction":[{"@type":"ReadAction","target":["https:\/\/www.leti.lt\/wordpress\/danseforum-trouversaplaceii\/"]}]},{"@type":"BreadcrumbList","@id":"https:\/\/www.leti.lt\/wordpress\/danseforum-trouversaplaceii\/#breadcrumb","itemListElement":[{"@type":"ListItem","position":1,"name":"Accueil","item":"https:\/\/www.leti.lt\/wordpress\/"},{"@type":"ListItem","position":2,"name":"Trouver sa place (2\/2)"}]},{"@type":"WebSite","@id":"https:\/\/www.leti.lt\/wordpress\/#website","url":"https:\/\/www.leti.lt\/wordpress\/","name":"Le TILT","description":"Recherche, publication, cr\u00e9ation artistique","potentialAction":[{"@type":"SearchAction","target":{"@type":"EntryPoint","urlTemplate":"https:\/\/www.leti.lt\/wordpress\/?s={search_term_string}"},"query-input":{"@type":"PropertyValueSpecification","valueRequired":true,"valueName":"search_term_string"}}],"inLanguage":"fr-FR"},{"@type":"Person","@id":"https:\/\/www.leti.lt\/wordpress\/#\/schema\/person\/9bb307b2af8fbb575bb3603e57951f75","name":"Andr\u00e9ine Bel","image":{"@type":"ImageObject","inLanguage":"fr-FR","@id":"https:\/\/secure.gravatar.com\/avatar\/4ab041ec7c7ad3b90293023e86528ec1a700ce2971ff61811b2df6b288dd1f38?s=96&d=identicon&r=g","url":"https:\/\/secure.gravatar.com\/avatar\/4ab041ec7c7ad3b90293023e86528ec1a700ce2971ff61811b2df6b288dd1f38?s=96&d=identicon&r=g","contentUrl":"https:\/\/secure.gravatar.com\/avatar\/4ab041ec7c7ad3b90293023e86528ec1a700ce2971ff61811b2df6b288dd1f38?s=96&d=identicon&r=g","caption":"Andr\u00e9ine Bel"},"url":"https:\/\/www.leti.lt\/wordpress\/author\/andreine\/"}]}},"_links":{"self":[{"href":"https:\/\/www.leti.lt\/wordpress\/wp-json\/wp\/v2\/posts\/239","targetHints":{"allow":["GET"]}}],"collection":[{"href":"https:\/\/www.leti.lt\/wordpress\/wp-json\/wp\/v2\/posts"}],"about":[{"href":"https:\/\/www.leti.lt\/wordpress\/wp-json\/wp\/v2\/types\/post"}],"author":[{"embeddable":true,"href":"https:\/\/www.leti.lt\/wordpress\/wp-json\/wp\/v2\/users\/2"}],"replies":[{"embeddable":true,"href":"https:\/\/www.leti.lt\/wordpress\/wp-json\/wp\/v2\/comments?post=239"}],"version-history":[{"count":0,"href":"https:\/\/www.leti.lt\/wordpress\/wp-json\/wp\/v2\/posts\/239\/revisions"}],"wp:attachment":[{"href":"https:\/\/www.leti.lt\/wordpress\/wp-json\/wp\/v2\/media?parent=239"}],"wp:term":[{"taxonomy":"category","embeddable":true,"href":"https:\/\/www.leti.lt\/wordpress\/wp-json\/wp\/v2\/categories?post=239"},{"taxonomy":"post_tag","embeddable":true,"href":"https:\/\/www.leti.lt\/wordpress\/wp-json\/wp\/v2\/tags?post=239"}],"curies":[{"name":"wp","href":"https:\/\/api.w.org\/{rel}","templated":true}]}}