{"id":238,"date":"2020-02-16T15:30:33","date_gmt":"2020-02-16T14:30:33","guid":{"rendered":"https:\/\/www.leti.lt\/wordpress\/?p=238"},"modified":"-0001-11-30T00:00:00","modified_gmt":"-0001-11-29T22:00:00","slug":"danseforum-trouversaplace","status":"publish","type":"post","link":"https:\/\/www.leti.lt\/wordpress\/danseforum-trouversaplace\/","title":{"rendered":"Trouver sa place (1\/2)"},"content":{"rendered":"<p><a href=\"https:\/\/www.leti.lt\/wordpress\/danseforum-danseforum\/\">Danse forum<\/a><br>\u2192 <a href=\"https:\/\/www.leti.lt\/wordpress\/danseforum-comptesrendusateliers\/\">Comptes-ren\u00addus des ate\u00adliers<\/a><br>\u2192 <a href=\"https:\/\/www.leti.lt\/wordpress\/danseforum-lambesc\/\">Lam\u00adbesc<\/a><br><br>!!Trou\u00adver sa place \u2013 25 juin 2006<br><br>17 par\u00adti\u00adci\u00adpants, avec un noyau de 8&nbsp;danseurs\/euses ayant d\u00e9j\u00e0 pra\u00adti\u00adqu\u00e9 la danse forum, tous les \u00e2ges de 2&nbsp;\u00e0 plus de 80 ans, et un invi\u00adt\u00e9 de langue espa\u00adgnole.<br><br><i>Dif\u00adfi\u00adcul\u00adt\u00e9s ren\u00adcon\u00adtr\u00e9es ce jour-l\u00e0&nbsp;:<\/i><br><br>- Dif\u00adfi\u00adcul\u00adt\u00e9 pour les per\u00adsonnes en retard \u00e0&nbsp;s\u2019int\u00e9grer et pour le groupe \u00e0&nbsp;se sen\u00adtir en phase. Dif\u00adfi\u00adcul\u00adt\u00e9 \u00e0&nbsp;se concen\u00adtrer, pour les parents et pour le groupe, lorsqu\u2019un enfant est trop petit pour pou\u00advoir par\u00adti\u00adci\u00adper. Ou bien, il fau\u00addrait axer la danse forum sur l\u2019enfant.<br><br>- Notre invi\u00adt\u00e9 d\u2019honneur cubain repr\u00e9\u00adsen\u00adtait toute une com\u00admu\u00adnau\u00adt\u00e9 autour du Play Back Theatre, proche \u00e0&nbsp;la fois du Th\u00e9\u00e2tre forum et de la Danse forum. Il n\u2019a pu arri\u00adver qu\u2019\u00e0 la pause et Johan\u00adna tra\u00addui\u00adsait pour lui. La repr\u00e9\u00adsen\u00adta\u00adti\u00advi\u00adt\u00e9 de la danse forum s\u2019est ain\u00adsi ajou\u00adt\u00e9e au c\u00f4t\u00e9 repr\u00e9\u00adsen\u00adta\u00adtion publique, ce qui pour le joker \u00e9tait une t\u00e2che sup\u00adpl\u00e9\u00admen\u00adtaire \u00e0&nbsp;assu\u00adrer.<br><br>- Au d\u00e9but de la mise en route, cha\u00adcun a&nbsp;\u00e9t\u00e9 invi\u00adt\u00e9 \u00e0&nbsp;dire ses besoins selon notre habi\u00adtude, mais le joker (moi en l\u2019occurence) a&nbsp;cru bon d\u2019ajouter d\u2019en pro\u00adfi\u00adter pour dire son nom. Du coup, c\u2019est un v\u00e9ri\u00adtable tour de pr\u00e9\u00adsen\u00adta\u00adtion qui a&nbsp;sui\u00advi, au lieu de se concen\u00adtrer sur l\u2019articulation des sen\u00adsa\u00adtions et besoins. L\u2019\u00e9nergie qui com\u00admen\u00adcait \u00e0&nbsp;se mettre en place est retom\u00adb\u00e9e pour un temps.<br><br>- Le cumul des fonc\u00adtions du joker&nbsp;: veiller au bon d\u00e9rou\u00adle\u00adment du forum et \u00e0&nbsp;sa dyna\u00admique, gar\u00adder un espace dis\u00adpo\u00adnible pour tous ceux qui ont envie de s\u2019exprimer, mettre et arr\u00ea\u00adter les musiques, rap\u00adpe\u00adler les r\u00e8gles et consignes (nous n\u2019avons pas pris un temps sp\u00e9\u00adci\u00adfique en entr\u00e9e de jeu pour le faire, par oubli du joker), et nor\u00adma\u00adle\u00adment, fil\u00admer en conti\u00adnu les moments de danse.<br><br>- La th\u00e9\u00e2\u00adtra\u00adli\u00adt\u00e9 du geste a&nbsp;ten\u00addance \u00e0&nbsp;se sub\u00adsti\u00adtuer \u00e0&nbsp;l\u2019art du mou\u00adve\u00adment.<br><br><i>Ques\u00adtions venues \u00e0&nbsp;la suite de l\u2019atelier&nbsp;:<\/i><br><br>- Com\u00adment ne pas r\u00e9in\u00adven\u00adter \u00e0&nbsp;chaque fois la Danse forum, tout en pr\u00e9\u00adser\u00advant un espace de cr\u00e9a\u00adti\u00advi\u00adt\u00e9 pour cha\u00adcun&nbsp;? Equi\u00adlibre \u00e0&nbsp;cher\u00adcher.<br><br>- Com\u00adment faire pour que cha\u00adcun trouve sa place en fonc\u00adtion de celle des autres et de son humeur propre&nbsp;? Lorsque l\u2019humeur est sombre, com\u00adment l\u2019acceuillir pour qu\u2019elle prenne sa place&nbsp;? Com\u00adment favo\u00adri\u00adser l\u2019autor\u00e9gulation de l\u2019espace et du temps d\u2019expression pour cha\u00adcun&nbsp;?<br><br>- Com\u00adment faire \u00e9mer\u00adger les th\u00e8mes avant d\u2019en s\u00e9lec\u00adtion\u00adner un, de fa\u00e7on \u00e0&nbsp;avoir le choix&nbsp;?<br><br>- Com\u00adment \u00e9vi\u00adter la \u00ab&nbsp;th\u00e9\u00e2\u00adtra\u00adli\u00adt\u00e9&nbsp;\u00bb du geste et des mou\u00adve\u00adments&nbsp;?<br><br>- Com\u00adment le r\u00f4le du joker peut-il \u00eatre relay\u00e9 par les membres de la troupe, lorsqu\u2019ils en sentent la per\u00adti\u00adnence&nbsp;?<br><br><i>R\u00e9su\u00adm\u00e9 des condi\u00adtions favo\u00adrables qui nous appa\u00adraissent aujourd\u2019hui&nbsp;:<\/i><br><br>- Cr\u00e9er un espace ouvert&nbsp;: le public en demi-cercle ou en U&nbsp;pour pr\u00e9\u00adser\u00adver un espace libre der\u00adri\u00e8re la sc\u00e8ne (porte ouverte \u00e0&nbsp;l\u2019imagination, lieu de l\u2019inconnu). Cela \u00e9vite l\u2019effet cirque romain.<br><br>- D\u00e9mar\u00adrer tous ensemble et \u00e0&nbsp;l\u2019heure.<br><br>- Reca\u00addrer ou rap\u00adpe\u00adler les r\u00e8gles si n\u00e9ces\u00adsaire, comme outil de relance et de r\u00e9flexion.<br><br>- L\u2019esprit cri\u00adtique et le non-juge\u00adment vont de pair&nbsp;: tous deux sont les condi\u00adtions per\u00admet\u00adtant de tirer la danse forum vers le haut.<br><br>Aman\u00adda Loch, Andr\u00e9ine Bel, Johan\u00adna Bou\u00adchar\u00addeau, L\u00e9o\u00adnar\u00addo Cen\u00adti,<br><br>d\u2019apr\u00e8s les retours oraux pen\u00addant l\u2019atelier.<\/p><p style=\"color:green; text-align:right !important;\">Article cr\u00e9\u00e9 le 16\/02\/2020<\/p>","protected":false},"excerpt":{"rendered":"<p>Danse forum\u2192 Comptes-ren\u00ad\u00addus des ate\u00adliers\u2192 Lam\u00adbesc !!Trou\u00adver sa place \u2013 25 juin&nbsp;2006 17 par\u00adti\u00adci\u00adpants, avec un noyau de 8&nbsp;danseurs\/euses ayant d\u00e9j\u00e0 pra\u00adti\u00adqu\u00e9 la danse forum, tous les \u00e2ges de 2&nbsp;\u00e0&nbsp;plus de 80 ans, et un invi\u00adt\u00e9 de langue espa\u00adgnole. Dif\u00adfi\u00adcul\u00adt\u00e9s ren\u00adcon\u00adtr\u00e9es ce jour-l\u00e0&nbsp;: \u2013 Dif\u00adfi\u00adcul\u00adt\u00e9 pour les per\u00adsonnes en retard \u00e0&nbsp;s\u2019int\u00e9grer et pour le groupe \u00e0&nbsp;se sen\u00adtir en phase. Dif\u00adfi\u00adcul\u00adt\u00e9 \u00e0&nbsp;se concen\u00adtrer, pour les parents et pour le groupe, lorsqu\u2019un enfant est trop petit pour pou\u00advoir par\u00adti\u00adci\u00adper. Ou&nbsp;bien,&nbsp;[\u2026]<\/p>\n","protected":false},"author":2,"featured_media":0,"comment_status":"open","ping_status":"open","sticky":false,"template":"","format":"standard","meta":{"wp_typography_post_enhancements_disabled":false,"footnotes":""},"categories":[184],"tags":[208],"class_list":["post-238","post","type-post","status-publish","format-standard","hentry","category-ateliers_lambesc","tag-df_lambesc"],"yoast_head":"<!-- This site is optimized with the Yoast SEO plugin v27.5 - https:\/\/yoast.com\/product\/yoast-seo-wordpress\/ -->\n<title>Trouver sa place (1\/2) - Le TILT<\/title>\n<meta name=\"robots\" content=\"index, follow, max-snippet:-1, max-image-preview:large, max-video-preview:-1\" \/>\n<link rel=\"canonical\" href=\"https:\/\/www.leti.lt\/wordpress\/danseforum-trouversaplace\/\" \/>\n<meta property=\"og:locale\" content=\"fr_FR\" \/>\n<meta property=\"og:type\" content=\"article\" \/>\n<meta property=\"og:title\" content=\"Trouver sa place (1\/2) - Le TILT\" \/>\n<meta property=\"og:description\" content=\"Danse forum\u2192 Comptes-ren\u00addus des ate\u00adliers\u2192 Lam\u00adbesc !!Trou\u00adver sa place \u2013 25 juin&nbsp;2006 17 par\u00adti\u00adci\u00adpants, avec un noyau de 8&nbsp;danseurs\/euses ayant d\u00e9j\u00e0 pra\u00adti\u00adqu\u00e9 la danse forum, tous les \u00e2ges de 2&nbsp;\u00e0 plus de 80 ans, et un invi\u00adt\u00e9 de langue espagnole. Dif\u00adfi\u00adcul\u00adt\u00e9s ren\u00adcon\u00adtr\u00e9es ce jour-l\u00e0&nbsp;: - Dif\u00adfi\u00adcul\u00adt\u00e9 pour les per\u00adsonnes en retard \u00e0&nbsp;s\u2019int\u00e9grer et pour le groupe \u00e0&nbsp;se sen\u00adtir en phase. Dif\u00adfi\u00adcul\u00adt\u00e9 \u00e0&nbsp;se concen\u00adtrer, pour les parents et pour le groupe, lorsqu\u2019un enfant est trop petit pour pou\u00advoir par\u00adti\u00adci\u00adper. Ou bien, [&hellip;]\" \/>\n<meta property=\"og:url\" content=\"https:\/\/www.leti.lt\/wordpress\/danseforum-trouversaplace\/\" \/>\n<meta property=\"og:site_name\" content=\"Le TILT\" \/>\n<meta property=\"article:published_time\" content=\"2020-02-16T14:30:33+00:00\" \/>\n<meta name=\"author\" content=\"Andr\u00e9ine Bel\" \/>\n<meta name=\"twitter:card\" content=\"summary_large_image\" \/>\n<meta name=\"twitter:label1\" content=\"\u00c9crit par\" \/>\n\t<meta name=\"twitter:data1\" content=\"Andr\u00e9ine Bel\" \/>\n\t<meta name=\"twitter:label2\" content=\"Dur\u00e9e de lecture estim\u00e9e\" \/>\n\t<meta name=\"twitter:data2\" content=\"3 minutes\" \/>\n<script type=\"application\/ld+json\" class=\"yoast-schema-graph\">{\"@context\":\"https:\\\/\\\/schema.org\",\"@graph\":[{\"@type\":\"Article\",\"@id\":\"https:\\\/\\\/www.leti.lt\\\/wordpress\\\/danseforum-trouversaplace\\\/#article\",\"isPartOf\":{\"@id\":\"https:\\\/\\\/www.leti.lt\\\/wordpress\\\/danseforum-trouversaplace\\\/\"},\"author\":{\"name\":\"Andr\u00e9ine Bel\",\"@id\":\"https:\\\/\\\/www.leti.lt\\\/wordpress\\\/#\\\/schema\\\/person\\\/9bb307b2af8fbb575bb3603e57951f75\"},\"headline\":\"Trouver sa place (1\\\/2)\",\"datePublished\":\"2020-02-16T14:30:33+00:00\",\"mainEntityOfPage\":{\"@id\":\"https:\\\/\\\/www.leti.lt\\\/wordpress\\\/danseforum-trouversaplace\\\/\"},\"wordCount\":579,\"commentCount\":0,\"keywords\":[\"DF_Lambesc\"],\"articleSection\":[\"Ateliers Lambesc\"],\"inLanguage\":\"fr-FR\",\"potentialAction\":[{\"@type\":\"CommentAction\",\"name\":\"Comment\",\"target\":[\"https:\\\/\\\/www.leti.lt\\\/wordpress\\\/danseforum-trouversaplace\\\/#respond\"]}]},{\"@type\":\"WebPage\",\"@id\":\"https:\\\/\\\/www.leti.lt\\\/wordpress\\\/danseforum-trouversaplace\\\/\",\"url\":\"https:\\\/\\\/www.leti.lt\\\/wordpress\\\/danseforum-trouversaplace\\\/\",\"name\":\"Trouver sa place (1\\\/2) - Le TILT\",\"isPartOf\":{\"@id\":\"https:\\\/\\\/www.leti.lt\\\/wordpress\\\/#website\"},\"datePublished\":\"2020-02-16T14:30:33+00:00\",\"author\":{\"@id\":\"https:\\\/\\\/www.leti.lt\\\/wordpress\\\/#\\\/schema\\\/person\\\/9bb307b2af8fbb575bb3603e57951f75\"},\"breadcrumb\":{\"@id\":\"https:\\\/\\\/www.leti.lt\\\/wordpress\\\/danseforum-trouversaplace\\\/#breadcrumb\"},\"inLanguage\":\"fr-FR\",\"potentialAction\":[{\"@type\":\"ReadAction\",\"target\":[\"https:\\\/\\\/www.leti.lt\\\/wordpress\\\/danseforum-trouversaplace\\\/\"]}]},{\"@type\":\"BreadcrumbList\",\"@id\":\"https:\\\/\\\/www.leti.lt\\\/wordpress\\\/danseforum-trouversaplace\\\/#breadcrumb\",\"itemListElement\":[{\"@type\":\"ListItem\",\"position\":1,\"name\":\"Accueil\",\"item\":\"https:\\\/\\\/www.leti.lt\\\/wordpress\\\/\"},{\"@type\":\"ListItem\",\"position\":2,\"name\":\"Trouver sa place (1\\\/2)\"}]},{\"@type\":\"WebSite\",\"@id\":\"https:\\\/\\\/www.leti.lt\\\/wordpress\\\/#website\",\"url\":\"https:\\\/\\\/www.leti.lt\\\/wordpress\\\/\",\"name\":\"Le TILT\",\"description\":\"Recherche, publication, cr\u00e9ation artistique\",\"potentialAction\":[{\"@type\":\"SearchAction\",\"target\":{\"@type\":\"EntryPoint\",\"urlTemplate\":\"https:\\\/\\\/www.leti.lt\\\/wordpress\\\/?s={search_term_string}\"},\"query-input\":{\"@type\":\"PropertyValueSpecification\",\"valueRequired\":true,\"valueName\":\"search_term_string\"}}],\"inLanguage\":\"fr-FR\"},{\"@type\":\"Person\",\"@id\":\"https:\\\/\\\/www.leti.lt\\\/wordpress\\\/#\\\/schema\\\/person\\\/9bb307b2af8fbb575bb3603e57951f75\",\"name\":\"Andr\u00e9ine Bel\",\"image\":{\"@type\":\"ImageObject\",\"inLanguage\":\"fr-FR\",\"@id\":\"https:\\\/\\\/secure.gravatar.com\\\/avatar\\\/4ab041ec7c7ad3b90293023e86528ec1a700ce2971ff61811b2df6b288dd1f38?s=96&d=identicon&r=g\",\"url\":\"https:\\\/\\\/secure.gravatar.com\\\/avatar\\\/4ab041ec7c7ad3b90293023e86528ec1a700ce2971ff61811b2df6b288dd1f38?s=96&d=identicon&r=g\",\"contentUrl\":\"https:\\\/\\\/secure.gravatar.com\\\/avatar\\\/4ab041ec7c7ad3b90293023e86528ec1a700ce2971ff61811b2df6b288dd1f38?s=96&d=identicon&r=g\",\"caption\":\"Andr\u00e9ine Bel\"},\"url\":\"https:\\\/\\\/www.leti.lt\\\/wordpress\\\/author\\\/andreine\\\/\"}]}<\/script>\n<!-- \/ Yoast SEO plugin. -->","yoast_head_json":{"title":"Trouver sa place (1\/2) - Le TILT","robots":{"index":"index","follow":"follow","max-snippet":"max-snippet:-1","max-image-preview":"max-image-preview:large","max-video-preview":"max-video-preview:-1"},"canonical":"https:\/\/www.leti.lt\/wordpress\/danseforum-trouversaplace\/","og_locale":"fr_FR","og_type":"article","og_title":"Trouver sa place (1\/2) - Le TILT","og_description":"Danse forum\u2192 Comptes-ren\u00addus des ate\u00adliers\u2192 Lam\u00adbesc !!Trou\u00adver sa place \u2013 25 juin&nbsp;2006 17 par\u00adti\u00adci\u00adpants, avec un noyau de 8&nbsp;danseurs\/euses ayant d\u00e9j\u00e0 pra\u00adti\u00adqu\u00e9 la danse forum, tous les \u00e2ges de 2&nbsp;\u00e0 plus de 80 ans, et un invi\u00adt\u00e9 de langue espagnole. Dif\u00adfi\u00adcul\u00adt\u00e9s ren\u00adcon\u00adtr\u00e9es ce jour-l\u00e0&nbsp;: - Dif\u00adfi\u00adcul\u00adt\u00e9 pour les per\u00adsonnes en retard \u00e0&nbsp;s\u2019int\u00e9grer et pour le groupe \u00e0&nbsp;se sen\u00adtir en phase. Dif\u00adfi\u00adcul\u00adt\u00e9 \u00e0&nbsp;se concen\u00adtrer, pour les parents et pour le groupe, lorsqu\u2019un enfant est trop petit pour pou\u00advoir par\u00adti\u00adci\u00adper. Ou bien, [&hellip;]","og_url":"https:\/\/www.leti.lt\/wordpress\/danseforum-trouversaplace\/","og_site_name":"Le TILT","article_published_time":"2020-02-16T14:30:33+00:00","author":"Andr\u00e9ine Bel","twitter_card":"summary_large_image","twitter_misc":{"\u00c9crit par":"Andr\u00e9ine Bel","Dur\u00e9e de lecture estim\u00e9e":"3 minutes"},"schema":{"@context":"https:\/\/schema.org","@graph":[{"@type":"Article","@id":"https:\/\/www.leti.lt\/wordpress\/danseforum-trouversaplace\/#article","isPartOf":{"@id":"https:\/\/www.leti.lt\/wordpress\/danseforum-trouversaplace\/"},"author":{"name":"Andr\u00e9ine Bel","@id":"https:\/\/www.leti.lt\/wordpress\/#\/schema\/person\/9bb307b2af8fbb575bb3603e57951f75"},"headline":"Trouver sa place (1\/2)","datePublished":"2020-02-16T14:30:33+00:00","mainEntityOfPage":{"@id":"https:\/\/www.leti.lt\/wordpress\/danseforum-trouversaplace\/"},"wordCount":579,"commentCount":0,"keywords":["DF_Lambesc"],"articleSection":["Ateliers Lambesc"],"inLanguage":"fr-FR","potentialAction":[{"@type":"CommentAction","name":"Comment","target":["https:\/\/www.leti.lt\/wordpress\/danseforum-trouversaplace\/#respond"]}]},{"@type":"WebPage","@id":"https:\/\/www.leti.lt\/wordpress\/danseforum-trouversaplace\/","url":"https:\/\/www.leti.lt\/wordpress\/danseforum-trouversaplace\/","name":"Trouver sa place (1\/2) - Le TILT","isPartOf":{"@id":"https:\/\/www.leti.lt\/wordpress\/#website"},"datePublished":"2020-02-16T14:30:33+00:00","author":{"@id":"https:\/\/www.leti.lt\/wordpress\/#\/schema\/person\/9bb307b2af8fbb575bb3603e57951f75"},"breadcrumb":{"@id":"https:\/\/www.leti.lt\/wordpress\/danseforum-trouversaplace\/#breadcrumb"},"inLanguage":"fr-FR","potentialAction":[{"@type":"ReadAction","target":["https:\/\/www.leti.lt\/wordpress\/danseforum-trouversaplace\/"]}]},{"@type":"BreadcrumbList","@id":"https:\/\/www.leti.lt\/wordpress\/danseforum-trouversaplace\/#breadcrumb","itemListElement":[{"@type":"ListItem","position":1,"name":"Accueil","item":"https:\/\/www.leti.lt\/wordpress\/"},{"@type":"ListItem","position":2,"name":"Trouver sa place (1\/2)"}]},{"@type":"WebSite","@id":"https:\/\/www.leti.lt\/wordpress\/#website","url":"https:\/\/www.leti.lt\/wordpress\/","name":"Le TILT","description":"Recherche, publication, cr\u00e9ation artistique","potentialAction":[{"@type":"SearchAction","target":{"@type":"EntryPoint","urlTemplate":"https:\/\/www.leti.lt\/wordpress\/?s={search_term_string}"},"query-input":{"@type":"PropertyValueSpecification","valueRequired":true,"valueName":"search_term_string"}}],"inLanguage":"fr-FR"},{"@type":"Person","@id":"https:\/\/www.leti.lt\/wordpress\/#\/schema\/person\/9bb307b2af8fbb575bb3603e57951f75","name":"Andr\u00e9ine Bel","image":{"@type":"ImageObject","inLanguage":"fr-FR","@id":"https:\/\/secure.gravatar.com\/avatar\/4ab041ec7c7ad3b90293023e86528ec1a700ce2971ff61811b2df6b288dd1f38?s=96&d=identicon&r=g","url":"https:\/\/secure.gravatar.com\/avatar\/4ab041ec7c7ad3b90293023e86528ec1a700ce2971ff61811b2df6b288dd1f38?s=96&d=identicon&r=g","contentUrl":"https:\/\/secure.gravatar.com\/avatar\/4ab041ec7c7ad3b90293023e86528ec1a700ce2971ff61811b2df6b288dd1f38?s=96&d=identicon&r=g","caption":"Andr\u00e9ine Bel"},"url":"https:\/\/www.leti.lt\/wordpress\/author\/andreine\/"}]}},"_links":{"self":[{"href":"https:\/\/www.leti.lt\/wordpress\/wp-json\/wp\/v2\/posts\/238","targetHints":{"allow":["GET"]}}],"collection":[{"href":"https:\/\/www.leti.lt\/wordpress\/wp-json\/wp\/v2\/posts"}],"about":[{"href":"https:\/\/www.leti.lt\/wordpress\/wp-json\/wp\/v2\/types\/post"}],"author":[{"embeddable":true,"href":"https:\/\/www.leti.lt\/wordpress\/wp-json\/wp\/v2\/users\/2"}],"replies":[{"embeddable":true,"href":"https:\/\/www.leti.lt\/wordpress\/wp-json\/wp\/v2\/comments?post=238"}],"version-history":[{"count":0,"href":"https:\/\/www.leti.lt\/wordpress\/wp-json\/wp\/v2\/posts\/238\/revisions"}],"wp:attachment":[{"href":"https:\/\/www.leti.lt\/wordpress\/wp-json\/wp\/v2\/media?parent=238"}],"wp:term":[{"taxonomy":"category","embeddable":true,"href":"https:\/\/www.leti.lt\/wordpress\/wp-json\/wp\/v2\/categories?post=238"},{"taxonomy":"post_tag","embeddable":true,"href":"https:\/\/www.leti.lt\/wordpress\/wp-json\/wp\/v2\/tags?post=238"}],"curies":[{"name":"wp","href":"https:\/\/api.w.org\/{rel}","templated":true}]}}