{"id":233,"date":"2020-02-16T15:30:33","date_gmt":"2020-02-16T14:30:33","guid":{"rendered":"https:\/\/www.leti.lt\/wordpress\/?p=233"},"modified":"-0001-11-30T00:00:00","modified_gmt":"-0001-11-29T22:00:00","slug":"danseforum-toutestexterieur","status":"publish","type":"post","link":"https:\/\/www.leti.lt\/wordpress\/danseforum-toutestexterieur\/","title":{"rendered":"Tout est ext\u00e9rieur"},"content":{"rendered":"<p><a href=\"https:\/\/www.leti.lt\/wordpress\/danseforum-danseforum\/\">Danse forum<\/a><br>\u2192 <a href=\"https:\/\/www.leti.lt\/wordpress\/danseforum-comptesrendusateliers\/\">Comptes-ren\u00addus des ate\u00adliers<\/a><br>\u2192 <a href=\"https:\/\/www.leti.lt\/wordpress\/danseforum-lambesc\/\">Lam\u00adbesc<\/a><br><br>!!\u00ab&nbsp;Tout est ext\u00e9\u00adrieur&nbsp;\u00bb \u2013 19 avril 2008<br><br>Same\u00addi, nous \u00e9tions quatre&nbsp;; nous n\u2019avons pas fait de danse forum.<br><br>D\u00e8s le d\u00e9but, nous \u00e9tions en silence, ame\u00adn\u00e9 par trois d\u2019entre nous qui<br>avaient d\u00e9ci\u00add\u00e9 de vivre ensemble cette exp\u00e9\u00adrience d\u2019une jour\u00adn\u00e9e enti\u00e8re de silence.<br><br>Nous avons com\u00admen\u00adc\u00e9 par l\u2019exercice clas\u00adsique de se relier \u00e0&nbsp;nos<br>sen\u00adsa\u00adtions. Une ten\u00adta\u00adtive de retour ver\u00adbal bien vite aban\u00addon\u00adn\u00e9&nbsp;: c\u2019\u00e9tait<br>le silence qui conve\u00adnait.<br><br>Un deuxi\u00e8me temps pour se relier encore, puis une danse toute joyeuse et<br>un peu folle, qui nous a&nbsp;fina\u00adle\u00adment \u00e9ta\u00adl\u00e9es sur le tapis, essouf\u00adfl\u00e9es&nbsp;!<br><br>Une pause, puis, cha\u00adcune \u00e0&nbsp;notre tour, nous sommes entr\u00e9es seules<br>dans l\u2019espace sc\u00e9\u00adnique.<br><br>Pour moi, ce fut encore une fois cette mer\u00adveilleuse exp\u00e9\u00adrience de voir<br>que, li\u00e9e aux sen\u00adsa\u00adtions, ce qui se passe est for\u00adc\u00e9\u00adment int\u00e9\u00adres\u00adsant, et<br>sur cet espace sc\u00e9\u00adnique, ce qui se passe li\u00e9 aux sen\u00adsa\u00adtions est<br>for\u00adc\u00e9\u00adment de la danse.<br><br>Reli\u00e9e \u00e0&nbsp;mes sen\u00adsa\u00adtions, mes mou\u00adve\u00adments r\u00e9pon\u00addaient \u00e0&nbsp;des besoins<br>d\u2019\u00e9tirements tr\u00e8s pr\u00e9\u00adcis.<br><br>La conscience d\u2019\u00eatre dans cet espace m\u2019incitait \u00e0&nbsp;\u00eatre pr\u00e9\u00adcise dans mes<br>mou\u00adve\u00adments, et \u00e0&nbsp;ne pas l\u00e2cher la sen\u00adsa\u00adtion&nbsp;: dans ces mou\u00adve\u00adments d\u00e9nu\u00e9s<br>de tech\u00adniques et de vir\u00adtuo\u00adsi\u00adt\u00e9, l\u2019\u00e0\u2011peu-pr\u00e8s devient vite com\u00adpl\u00e8\u00adte\u00adment<br>ennuyeux, pour soi et pour les autres.<br><br>La musique et les images men\u00adtales qui me tra\u00adver\u00adsaient m\u2019amenaient des<br>rythmes, des pro\u00adpo\u00adsi\u00adtions, qui ame\u00adnaient des pos\u00adsibles dans les<br>mou\u00adve\u00adments. Reli\u00e9e \u00e0&nbsp;mes sen\u00adsa\u00adtions, bou\u00adgeant \u00e0&nbsp;par\u00adtir de l\u00e0, ces<br>pos\u00adsibles pou\u00advaient m\u2019enrichir, rendre plus fine et l\u00e9g\u00e8re mon<br>atten\u00adtion, m\u2019amuser, me sur\u00adprendre\u2026<br><br>\u00ab Tout est ext\u00e9\u00adrieur&nbsp;\u00bb&nbsp;; j\u2019avais croi\u00ads\u00e9 cette phrase \u00e9trange il y&nbsp;a<br>quelques ann\u00e9es\u2026<br><br>Le silence dans lequel nous \u00e9tions \u2013 et dans lequel nous avons pro\u00adlon\u00adg\u00e9<br>la soi\u00adr\u00e9e par la suite \u2013 fut une exp\u00e9\u00adrience tr\u00e8s riche&nbsp;; je voyais tous<br>les m\u00e9ca\u00adnismes qui m\u2019incitaient \u00e0&nbsp;par\u00adler&nbsp;: me relier aux autres, occu\u00adper<br>l\u2019espace sonore, rompre un malaise, dire ce qui me passe par la t\u00eate,<br>ame\u00adner une musi\u00adca\u00adli\u00adt\u00e9, suivre une impul\u00adsion ner\u00adveuse\u2026<br><br>Me contraindre \u00e0&nbsp;arr\u00ea\u00adter les mots avant qu\u2019ils ne sortent m\u2019a ame\u00adn\u00e9 \u00e0<br>voir que tout passe, et tout se r\u00e9sout autre\u00adment, si les mots ne sont<br>pas l\u00e0\u2026 par des che\u00admins sou\u00advent m\u00e9con\u00adnus, ne deman\u00addant qu\u2019\u00e0 \u00eatre<br>emprun\u00adt\u00e9s. Pour chan\u00adger un peu\u2026<br><br>Une autre richesse de cet ate\u00adlier \u2013 et soi\u00adr\u00e9e \u2013 fut de voir \u00e0&nbsp;l\u2019\u0153uvre<br>dans toute sa splen\u00addeur ce que j\u2019ai ana\u00adly\u00ads\u00e9 comme \u00e9tant de la<br>pr\u00e9-expres\u00adsi\u00advi\u00adt\u00e9&nbsp;: l\u2019une de nous, E., bien peu encline au lan\u00adgage<br>natu\u00adrel\u00adle\u00adment, est par contre appa\u00adrem\u00adment tr\u00e8s dou\u00e9e pour se mettre<br>exac\u00adte\u00adment dans la m\u00eame posi\u00adtion que les autres. C\u2019est vrai\u00adment \u00e9trange,<br>bizarre, d\u00e9rou\u00adtant de se sen\u00adtir ain\u00adsi imi\u00adt\u00e9e \u00e0&nbsp;la per\u00adfec\u00adtion&nbsp;! Non pas<br>que l\u2019image soit res\u00adsem\u00adblante comme une pho\u00adto, mais j\u2019ai eu la sen\u00adsa\u00adtion<br>\u00e0 plu\u00adsieurs reprises d\u2019\u00eatre tr\u00e8s fid\u00e8\u00adle\u00adment imi\u00adt\u00e9e dans mon atti\u00adtude<br>int\u00e9\u00adrieure.<br><br>J\u2019ai donc ima\u00adgi\u00adn\u00e9 que E. se met\u00adtait dans les m\u00eames posi\u00adtions que moi<br>pour entrer dans les m\u00eames sen\u00adsa\u00adtions que moi \u00e0&nbsp;ce moment-l\u00e0\u2026 quelle<br>qu\u2019en soit la rai\u00adson.<br><br>Je ne sais pas si mon ana\u00adlyse est exacte, mais quoi qu\u2019il en soit, j\u2019ai<br>trou\u00adv\u00e9 cela d\u2019une grande richesse, jusque dans le malaise que cela<br>fai\u00adsait na\u00eetre par\u00adfois en moi.<br><br>Pour cela, et pour l\u2019inconnu qu\u2019elle am\u00e8ne, j\u2019esp\u00e8re que E. revien\u00addra \u00e0<br>l\u2019atelier DF.<br><br>Nadine Gar\u00add\u00e8res,<br><br>d\u2019apr\u00e8s les retours de&nbsp;: Andr\u00e9ine B, Agn\u00e8s M, Emi\u00adlie M, Nadine G.<\/p><p style=\"color:green; text-align:right !important;\">Article cr\u00e9\u00e9 le 16\/02\/2020<\/p>","protected":false},"excerpt":{"rendered":"<p>Danse forum\u2192 Comptes-ren\u00ad\u00addus des ate\u00adliers\u2192 Lam\u00adbesc !!\u00ab&nbsp;Tout est ext\u00e9\u00adrieur&nbsp;\u00bb \u2013 19 avril&nbsp;2008 Same\u00addi, nous \u00e9tions quatre&nbsp;; nous n\u2019avons pas fait de danse&nbsp;forum. D\u00e8s le d\u00e9but, nous \u00e9tions en silence, ame\u00adn\u00e9 par trois d\u2019entre nous quia\u00advaient d\u00e9ci\u00add\u00e9 de vivre ensemble cette exp\u00e9\u00adrience d\u2019une jour\u00adn\u00e9e enti\u00e8re de silence. Nous avons com\u00admen\u00adc\u00e9 par l\u2019exercice clas\u00adsique de se relier \u00e0&nbsp;nossen\u00adsa\u00adtions. Une ten\u00adta\u00adtive de retour ver\u00adbal bien vite aban\u00addon\u00adn\u00e9&nbsp;: c\u2019\u00e9taitle silence qui conve\u00adnait. Un deuxi\u00e8me temps pour se relier encore, puis une danse toute joyeuse&nbsp;[\u2026]<\/p>\n","protected":false},"author":2,"featured_media":0,"comment_status":"open","ping_status":"open","sticky":false,"template":"","format":"standard","meta":{"wp_typography_post_enhancements_disabled":false,"footnotes":""},"categories":[184],"tags":[208],"class_list":["post-233","post","type-post","status-publish","format-standard","hentry","category-ateliers_lambesc","tag-df_lambesc"],"yoast_head":"<!-- This site is optimized with the Yoast SEO plugin v27.5 - https:\/\/yoast.com\/product\/yoast-seo-wordpress\/ -->\n<title>Tout est ext\u00e9rieur - Le TILT<\/title>\n<meta name=\"robots\" content=\"index, follow, max-snippet:-1, max-image-preview:large, max-video-preview:-1\" \/>\n<link rel=\"canonical\" href=\"https:\/\/www.leti.lt\/wordpress\/danseforum-toutestexterieur\/\" \/>\n<meta property=\"og:locale\" content=\"fr_FR\" \/>\n<meta property=\"og:type\" content=\"article\" \/>\n<meta property=\"og:title\" content=\"Tout est ext\u00e9rieur - Le TILT\" \/>\n<meta property=\"og:description\" content=\"Danse forum\u2192 Comptes-ren\u00addus des ate\u00adliers\u2192 Lam\u00adbesc !!\u00ab&nbsp;Tout est ext\u00e9\u00adrieur&nbsp;\u00bb \u2013 19 avril&nbsp;2008 Same\u00addi, nous \u00e9tions quatre&nbsp;; nous n\u2019avons pas fait de danse&nbsp;forum. D\u00e8s le d\u00e9but, nous \u00e9tions en silence, ame\u00adn\u00e9 par trois d\u2019entre nous quiavaient d\u00e9ci\u00add\u00e9 de vivre ensemble cette exp\u00e9\u00adrience d\u2019une jour\u00adn\u00e9e enti\u00e8re de silence. Nous avons com\u00admen\u00adc\u00e9 par l\u2019exercice clas\u00adsique de se relier \u00e0&nbsp;nossen\u00adsa\u00adtions. Une ten\u00adta\u00adtive de retour ver\u00adbal bien vite aban\u00addon\u00adn\u00e9&nbsp;: c\u2019\u00e9taitle silence qui convenait. Un deuxi\u00e8me temps pour se relier encore, puis une danse toute joyeuse [&hellip;]\" \/>\n<meta property=\"og:url\" content=\"https:\/\/www.leti.lt\/wordpress\/danseforum-toutestexterieur\/\" \/>\n<meta property=\"og:site_name\" content=\"Le TILT\" \/>\n<meta property=\"article:published_time\" content=\"2020-02-16T14:30:33+00:00\" \/>\n<meta name=\"author\" content=\"Andr\u00e9ine Bel\" \/>\n<meta name=\"twitter:card\" content=\"summary_large_image\" \/>\n<meta name=\"twitter:label1\" content=\"\u00c9crit par\" \/>\n\t<meta name=\"twitter:data1\" content=\"Andr\u00e9ine Bel\" \/>\n\t<meta name=\"twitter:label2\" content=\"Dur\u00e9e de lecture estim\u00e9e\" \/>\n\t<meta name=\"twitter:data2\" content=\"3 minutes\" \/>\n<script type=\"application\/ld+json\" class=\"yoast-schema-graph\">{\"@context\":\"https:\\\/\\\/schema.org\",\"@graph\":[{\"@type\":\"Article\",\"@id\":\"https:\\\/\\\/www.leti.lt\\\/wordpress\\\/danseforum-toutestexterieur\\\/#article\",\"isPartOf\":{\"@id\":\"https:\\\/\\\/www.leti.lt\\\/wordpress\\\/danseforum-toutestexterieur\\\/\"},\"author\":{\"name\":\"Andr\u00e9ine Bel\",\"@id\":\"https:\\\/\\\/www.leti.lt\\\/wordpress\\\/#\\\/schema\\\/person\\\/9bb307b2af8fbb575bb3603e57951f75\"},\"headline\":\"Tout est ext\u00e9rieur\",\"datePublished\":\"2020-02-16T14:30:33+00:00\",\"mainEntityOfPage\":{\"@id\":\"https:\\\/\\\/www.leti.lt\\\/wordpress\\\/danseforum-toutestexterieur\\\/\"},\"wordCount\":593,\"commentCount\":0,\"keywords\":[\"DF_Lambesc\"],\"articleSection\":[\"Ateliers Lambesc\"],\"inLanguage\":\"fr-FR\",\"potentialAction\":[{\"@type\":\"CommentAction\",\"name\":\"Comment\",\"target\":[\"https:\\\/\\\/www.leti.lt\\\/wordpress\\\/danseforum-toutestexterieur\\\/#respond\"]}]},{\"@type\":\"WebPage\",\"@id\":\"https:\\\/\\\/www.leti.lt\\\/wordpress\\\/danseforum-toutestexterieur\\\/\",\"url\":\"https:\\\/\\\/www.leti.lt\\\/wordpress\\\/danseforum-toutestexterieur\\\/\",\"name\":\"Tout est ext\u00e9rieur - Le TILT\",\"isPartOf\":{\"@id\":\"https:\\\/\\\/www.leti.lt\\\/wordpress\\\/#website\"},\"datePublished\":\"2020-02-16T14:30:33+00:00\",\"author\":{\"@id\":\"https:\\\/\\\/www.leti.lt\\\/wordpress\\\/#\\\/schema\\\/person\\\/9bb307b2af8fbb575bb3603e57951f75\"},\"breadcrumb\":{\"@id\":\"https:\\\/\\\/www.leti.lt\\\/wordpress\\\/danseforum-toutestexterieur\\\/#breadcrumb\"},\"inLanguage\":\"fr-FR\",\"potentialAction\":[{\"@type\":\"ReadAction\",\"target\":[\"https:\\\/\\\/www.leti.lt\\\/wordpress\\\/danseforum-toutestexterieur\\\/\"]}]},{\"@type\":\"BreadcrumbList\",\"@id\":\"https:\\\/\\\/www.leti.lt\\\/wordpress\\\/danseforum-toutestexterieur\\\/#breadcrumb\",\"itemListElement\":[{\"@type\":\"ListItem\",\"position\":1,\"name\":\"Accueil\",\"item\":\"https:\\\/\\\/www.leti.lt\\\/wordpress\\\/\"},{\"@type\":\"ListItem\",\"position\":2,\"name\":\"Tout est ext\u00e9rieur\"}]},{\"@type\":\"WebSite\",\"@id\":\"https:\\\/\\\/www.leti.lt\\\/wordpress\\\/#website\",\"url\":\"https:\\\/\\\/www.leti.lt\\\/wordpress\\\/\",\"name\":\"Le TILT\",\"description\":\"Recherche, publication, cr\u00e9ation artistique\",\"potentialAction\":[{\"@type\":\"SearchAction\",\"target\":{\"@type\":\"EntryPoint\",\"urlTemplate\":\"https:\\\/\\\/www.leti.lt\\\/wordpress\\\/?s={search_term_string}\"},\"query-input\":{\"@type\":\"PropertyValueSpecification\",\"valueRequired\":true,\"valueName\":\"search_term_string\"}}],\"inLanguage\":\"fr-FR\"},{\"@type\":\"Person\",\"@id\":\"https:\\\/\\\/www.leti.lt\\\/wordpress\\\/#\\\/schema\\\/person\\\/9bb307b2af8fbb575bb3603e57951f75\",\"name\":\"Andr\u00e9ine Bel\",\"image\":{\"@type\":\"ImageObject\",\"inLanguage\":\"fr-FR\",\"@id\":\"https:\\\/\\\/secure.gravatar.com\\\/avatar\\\/4ab041ec7c7ad3b90293023e86528ec1a700ce2971ff61811b2df6b288dd1f38?s=96&d=identicon&r=g\",\"url\":\"https:\\\/\\\/secure.gravatar.com\\\/avatar\\\/4ab041ec7c7ad3b90293023e86528ec1a700ce2971ff61811b2df6b288dd1f38?s=96&d=identicon&r=g\",\"contentUrl\":\"https:\\\/\\\/secure.gravatar.com\\\/avatar\\\/4ab041ec7c7ad3b90293023e86528ec1a700ce2971ff61811b2df6b288dd1f38?s=96&d=identicon&r=g\",\"caption\":\"Andr\u00e9ine Bel\"},\"url\":\"https:\\\/\\\/www.leti.lt\\\/wordpress\\\/author\\\/andreine\\\/\"}]}<\/script>\n<!-- \/ Yoast SEO plugin. -->","yoast_head_json":{"title":"Tout est ext\u00e9rieur - Le TILT","robots":{"index":"index","follow":"follow","max-snippet":"max-snippet:-1","max-image-preview":"max-image-preview:large","max-video-preview":"max-video-preview:-1"},"canonical":"https:\/\/www.leti.lt\/wordpress\/danseforum-toutestexterieur\/","og_locale":"fr_FR","og_type":"article","og_title":"Tout est ext\u00e9rieur - Le TILT","og_description":"Danse forum\u2192 Comptes-ren\u00addus des ate\u00adliers\u2192 Lam\u00adbesc !!\u00ab&nbsp;Tout est ext\u00e9\u00adrieur&nbsp;\u00bb \u2013 19 avril&nbsp;2008 Same\u00addi, nous \u00e9tions quatre&nbsp;; nous n\u2019avons pas fait de danse&nbsp;forum. D\u00e8s le d\u00e9but, nous \u00e9tions en silence, ame\u00adn\u00e9 par trois d\u2019entre nous quiavaient d\u00e9ci\u00add\u00e9 de vivre ensemble cette exp\u00e9\u00adrience d\u2019une jour\u00adn\u00e9e enti\u00e8re de silence. Nous avons com\u00admen\u00adc\u00e9 par l\u2019exercice clas\u00adsique de se relier \u00e0&nbsp;nossen\u00adsa\u00adtions. Une ten\u00adta\u00adtive de retour ver\u00adbal bien vite aban\u00addon\u00adn\u00e9&nbsp;: c\u2019\u00e9taitle silence qui convenait. Un deuxi\u00e8me temps pour se relier encore, puis une danse toute joyeuse [&hellip;]","og_url":"https:\/\/www.leti.lt\/wordpress\/danseforum-toutestexterieur\/","og_site_name":"Le TILT","article_published_time":"2020-02-16T14:30:33+00:00","author":"Andr\u00e9ine Bel","twitter_card":"summary_large_image","twitter_misc":{"\u00c9crit par":"Andr\u00e9ine Bel","Dur\u00e9e de lecture estim\u00e9e":"3 minutes"},"schema":{"@context":"https:\/\/schema.org","@graph":[{"@type":"Article","@id":"https:\/\/www.leti.lt\/wordpress\/danseforum-toutestexterieur\/#article","isPartOf":{"@id":"https:\/\/www.leti.lt\/wordpress\/danseforum-toutestexterieur\/"},"author":{"name":"Andr\u00e9ine Bel","@id":"https:\/\/www.leti.lt\/wordpress\/#\/schema\/person\/9bb307b2af8fbb575bb3603e57951f75"},"headline":"Tout est ext\u00e9rieur","datePublished":"2020-02-16T14:30:33+00:00","mainEntityOfPage":{"@id":"https:\/\/www.leti.lt\/wordpress\/danseforum-toutestexterieur\/"},"wordCount":593,"commentCount":0,"keywords":["DF_Lambesc"],"articleSection":["Ateliers Lambesc"],"inLanguage":"fr-FR","potentialAction":[{"@type":"CommentAction","name":"Comment","target":["https:\/\/www.leti.lt\/wordpress\/danseforum-toutestexterieur\/#respond"]}]},{"@type":"WebPage","@id":"https:\/\/www.leti.lt\/wordpress\/danseforum-toutestexterieur\/","url":"https:\/\/www.leti.lt\/wordpress\/danseforum-toutestexterieur\/","name":"Tout est ext\u00e9rieur - Le TILT","isPartOf":{"@id":"https:\/\/www.leti.lt\/wordpress\/#website"},"datePublished":"2020-02-16T14:30:33+00:00","author":{"@id":"https:\/\/www.leti.lt\/wordpress\/#\/schema\/person\/9bb307b2af8fbb575bb3603e57951f75"},"breadcrumb":{"@id":"https:\/\/www.leti.lt\/wordpress\/danseforum-toutestexterieur\/#breadcrumb"},"inLanguage":"fr-FR","potentialAction":[{"@type":"ReadAction","target":["https:\/\/www.leti.lt\/wordpress\/danseforum-toutestexterieur\/"]}]},{"@type":"BreadcrumbList","@id":"https:\/\/www.leti.lt\/wordpress\/danseforum-toutestexterieur\/#breadcrumb","itemListElement":[{"@type":"ListItem","position":1,"name":"Accueil","item":"https:\/\/www.leti.lt\/wordpress\/"},{"@type":"ListItem","position":2,"name":"Tout est ext\u00e9rieur"}]},{"@type":"WebSite","@id":"https:\/\/www.leti.lt\/wordpress\/#website","url":"https:\/\/www.leti.lt\/wordpress\/","name":"Le TILT","description":"Recherche, publication, cr\u00e9ation artistique","potentialAction":[{"@type":"SearchAction","target":{"@type":"EntryPoint","urlTemplate":"https:\/\/www.leti.lt\/wordpress\/?s={search_term_string}"},"query-input":{"@type":"PropertyValueSpecification","valueRequired":true,"valueName":"search_term_string"}}],"inLanguage":"fr-FR"},{"@type":"Person","@id":"https:\/\/www.leti.lt\/wordpress\/#\/schema\/person\/9bb307b2af8fbb575bb3603e57951f75","name":"Andr\u00e9ine Bel","image":{"@type":"ImageObject","inLanguage":"fr-FR","@id":"https:\/\/secure.gravatar.com\/avatar\/4ab041ec7c7ad3b90293023e86528ec1a700ce2971ff61811b2df6b288dd1f38?s=96&d=identicon&r=g","url":"https:\/\/secure.gravatar.com\/avatar\/4ab041ec7c7ad3b90293023e86528ec1a700ce2971ff61811b2df6b288dd1f38?s=96&d=identicon&r=g","contentUrl":"https:\/\/secure.gravatar.com\/avatar\/4ab041ec7c7ad3b90293023e86528ec1a700ce2971ff61811b2df6b288dd1f38?s=96&d=identicon&r=g","caption":"Andr\u00e9ine Bel"},"url":"https:\/\/www.leti.lt\/wordpress\/author\/andreine\/"}]}},"_links":{"self":[{"href":"https:\/\/www.leti.lt\/wordpress\/wp-json\/wp\/v2\/posts\/233","targetHints":{"allow":["GET"]}}],"collection":[{"href":"https:\/\/www.leti.lt\/wordpress\/wp-json\/wp\/v2\/posts"}],"about":[{"href":"https:\/\/www.leti.lt\/wordpress\/wp-json\/wp\/v2\/types\/post"}],"author":[{"embeddable":true,"href":"https:\/\/www.leti.lt\/wordpress\/wp-json\/wp\/v2\/users\/2"}],"replies":[{"embeddable":true,"href":"https:\/\/www.leti.lt\/wordpress\/wp-json\/wp\/v2\/comments?post=233"}],"version-history":[{"count":0,"href":"https:\/\/www.leti.lt\/wordpress\/wp-json\/wp\/v2\/posts\/233\/revisions"}],"wp:attachment":[{"href":"https:\/\/www.leti.lt\/wordpress\/wp-json\/wp\/v2\/media?parent=233"}],"wp:term":[{"taxonomy":"category","embeddable":true,"href":"https:\/\/www.leti.lt\/wordpress\/wp-json\/wp\/v2\/categories?post=233"},{"taxonomy":"post_tag","embeddable":true,"href":"https:\/\/www.leti.lt\/wordpress\/wp-json\/wp\/v2\/tags?post=233"}],"curies":[{"name":"wp","href":"https:\/\/api.w.org\/{rel}","templated":true}]}}