{"id":230,"date":"2020-02-16T15:30:33","date_gmt":"2020-02-16T14:30:33","guid":{"rendered":"https:\/\/www.leti.lt\/wordpress\/?p=230"},"modified":"2020-06-10T08:19:10","modified_gmt":"2020-06-10T06:19:10","slug":"danseforum-theatreforumetdanseforum","status":"publish","type":"post","link":"https:\/\/www.leti.lt\/wordpress\/danseforum-theatreforumetdanseforum\/","title":{"rendered":"Th\u00e9\u00e2tre forum et danse&nbsp;forum"},"content":{"rendered":"\n<ul class=\"wp-block-list\"><li><a href=\"https:\/\/www.leti.lt\/wordpress\/danseforum-presentationdanseforumpbtm\/\" target=\"_blank\" rel=\"noreferrer noopener\">Pr\u00e9\u00adsen\u00adta\u00adtion DF pour le fes\u00adti\u00adval PBTM \u2013 10\/09<\/a><\/li><li><a href=\"https:\/\/www.leti.lt\/wordpress\/danseforum-questionstfreponsesdf\/\" target=\"_blank\" rel=\"noreferrer noopener\">Ques\u00adtions TF \u2013 R\u00e9ponses DF \u2013 3\/09<\/a><\/li><li><a href=\"https:\/\/www.leti.lt\/wordpress\/danseforum-problematiserendanseforumquestionouverte\/\" target=\"_blank\" rel=\"noreferrer noopener\">Pro\u00adbl\u00e9\u00adma\u00adti\u00adser en danse forum&nbsp;: la ques\u00adtion reste ouverte \u2013 3\/09<\/a><\/li><li><a href=\"https:\/\/www.leti.lt\/wordpress\/danseforum-lettreauxamisdutfproblematiserendanseforum\/\" target=\"_blank\" rel=\"noreferrer noopener\">Lettre aux amis du Th\u00e9\u00e2tre forum&nbsp;: pro\u00adbl\u00e9\u00adma\u00adti\u00adser en Danse forum \u2013 3\/09<\/a><\/li><li><a href=\"https:\/\/www.leti.lt\/wordpress\/danseforum-lesocialetlartistiqueendanseforum\/\" target=\"_blank\" rel=\"noreferrer noopener\">Le social et l\u2019artistique en danse forum et th\u00e9\u00e2tre forum \u2013&nbsp;2006<\/a><\/li><li><a href=\"https:\/\/www.leti.lt\/wordpress\/danseforum-theatreforumetdanse\/\">Th\u00e9\u00e2tre forum et danse \u2013 2\/06<\/a><\/li><li><a href=\"https:\/\/www.leti.lt\/wordpress\/danseforum-troisformesdeforum\/\" target=\"_blank\" rel=\"noreferrer noopener\">Trois formes de forum \u2013 2\/06<\/a><\/li><li><a href=\"https:\/\/www.leti.lt\/wordpress\/danseforum-augustoboaletletheatredelopprime\/\" target=\"_blank\" rel=\"noreferrer noopener\">Augus\u00adto Boal et le th\u00e9\u00e2tre de L\u2019opprim\u00e9 (audio) \u2013 7\/05<\/a><\/li><\/ul>\n<p style=\"color:green; text-align:right !important;\">Article cr\u00e9\u00e9 le 16\/02\/2020 \u2013 modi\u00adfi\u00e9 le 10\/06\/2020<\/p>","protected":false},"excerpt":{"rendered":"<p>Pr\u00e9\u00adsen\u00adta\u00adtion DF pour le fes\u00adti\u00adval PBTM \u2013 10\/09 Ques\u00adtions TF \u2013 R\u00e9ponses DF \u2013 3\/09 Pro\u00adbl\u00e9\u00adma\u00adti\u00adser en danse forum&nbsp;: la ques\u00adtion reste ouverte \u2013 3\/09 Lettre aux amis du Th\u00e9\u00e2tre forum&nbsp;: pro\u00adbl\u00e9\u00adma\u00adti\u00adser en Danse forum \u2013 3\/09 Le social et l\u2019artistique en danse forum et th\u00e9\u00e2tre forum \u2013 2006 Th\u00e9\u00e2tre forum et danse \u2013 2\/06 Trois formes de forum \u2013 2\/06 Augus\u00adto Boal et le th\u00e9\u00e2tre de L\u2019opprim\u00e9 (audio) \u2013 7\/05 Article cr\u00e9\u00e9 le 16\/02\/2020 \u2013 modi\u00adfi\u00e9 le 10\/06\/2020<\/p>\n","protected":false},"author":2,"featured_media":0,"comment_status":"open","ping_status":"open","sticky":false,"template":"","format":"standard","meta":{"wp_typography_post_enhancements_disabled":false,"footnotes":""},"categories":[12],"tags":[217],"class_list":["post-230","post","type-post","status-publish","format-standard","hentry","category-tf_et_df","tag-danseforum"],"yoast_head":"<!-- This site is optimized with the Yoast SEO plugin v27.5 - https:\/\/yoast.com\/product\/yoast-seo-wordpress\/ -->\n<title>Th\u00e9\u00e2tre forum et danse forum - Le TILT<\/title>\n<meta name=\"robots\" content=\"index, follow, max-snippet:-1, max-image-preview:large, max-video-preview:-1\" \/>\n<link rel=\"canonical\" href=\"https:\/\/www.leti.lt\/wordpress\/danseforum-theatreforumetdanseforum\/\" \/>\n<meta property=\"og:locale\" content=\"fr_FR\" \/>\n<meta property=\"og:type\" content=\"article\" \/>\n<meta property=\"og:title\" content=\"Th\u00e9\u00e2tre forum et danse forum - Le TILT\" \/>\n<meta property=\"og:description\" content=\"Pr\u00e9\u00adsen\u00adta\u00adtion DF pour le fes\u00adti\u00adval PBTM \u2013 10\/09 Ques\u00adtions TF \u2013 R\u00e9ponses DF \u2013 3\/09 Pro\u00adbl\u00e9\u00adma\u00adti\u00adser en danse forum&nbsp;: la ques\u00adtion reste ouverte \u2013 3\/09 Lettre aux amis du Th\u00e9\u00e2tre forum&nbsp;: pro\u00adbl\u00e9\u00adma\u00adti\u00adser en Danse forum \u2013 3\/09 Le social et l\u2019artistique en danse forum et th\u00e9\u00e2tre forum \u2013&nbsp;2006 Th\u00e9\u00e2tre forum et danse \u2013 2\/06 Trois formes de forum \u2013 2\/06 Augus\u00adto Boal et le th\u00e9\u00e2tre de L\u2019opprim\u00e9 (audio) \u2013 7\/05 Article cr\u00e9\u00e9 le 16\/02\/2020 \u2013 modi\u00adfi\u00e9 le 10\/06\/2020\" \/>\n<meta property=\"og:url\" content=\"https:\/\/www.leti.lt\/wordpress\/danseforum-theatreforumetdanseforum\/\" \/>\n<meta property=\"og:site_name\" content=\"Le TILT\" \/>\n<meta property=\"article:published_time\" content=\"2020-02-16T14:30:33+00:00\" \/>\n<meta property=\"article:modified_time\" content=\"2020-06-10T06:19:10+00:00\" \/>\n<meta name=\"author\" content=\"Andr\u00e9ine Bel\" \/>\n<meta name=\"twitter:card\" content=\"summary_large_image\" \/>\n<meta name=\"twitter:label1\" content=\"\u00c9crit par\" \/>\n\t<meta name=\"twitter:data1\" content=\"Andr\u00e9ine Bel\" \/>\n<script type=\"application\/ld+json\" class=\"yoast-schema-graph\">{\"@context\":\"https:\\\/\\\/schema.org\",\"@graph\":[{\"@type\":\"Article\",\"@id\":\"https:\\\/\\\/www.leti.lt\\\/wordpress\\\/danseforum-theatreforumetdanseforum\\\/#article\",\"isPartOf\":{\"@id\":\"https:\\\/\\\/www.leti.lt\\\/wordpress\\\/danseforum-theatreforumetdanseforum\\\/\"},\"author\":{\"name\":\"Andr\u00e9ine Bel\",\"@id\":\"https:\\\/\\\/www.leti.lt\\\/wordpress\\\/#\\\/schema\\\/person\\\/9bb307b2af8fbb575bb3603e57951f75\"},\"headline\":\"Th\u00e9\u00e2tre forum et danse&nbsp;forum\",\"datePublished\":\"2020-02-16T14:30:33+00:00\",\"dateModified\":\"2020-06-10T06:19:10+00:00\",\"mainEntityOfPage\":{\"@id\":\"https:\\\/\\\/www.leti.lt\\\/wordpress\\\/danseforum-theatreforumetdanseforum\\\/\"},\"wordCount\":79,\"commentCount\":0,\"keywords\":[\"DanseForum\"],\"articleSection\":[\"TF et DF\"],\"inLanguage\":\"fr-FR\",\"potentialAction\":[{\"@type\":\"CommentAction\",\"name\":\"Comment\",\"target\":[\"https:\\\/\\\/www.leti.lt\\\/wordpress\\\/danseforum-theatreforumetdanseforum\\\/#respond\"]}]},{\"@type\":\"WebPage\",\"@id\":\"https:\\\/\\\/www.leti.lt\\\/wordpress\\\/danseforum-theatreforumetdanseforum\\\/\",\"url\":\"https:\\\/\\\/www.leti.lt\\\/wordpress\\\/danseforum-theatreforumetdanseforum\\\/\",\"name\":\"Th\u00e9\u00e2tre forum et danse forum - Le TILT\",\"isPartOf\":{\"@id\":\"https:\\\/\\\/www.leti.lt\\\/wordpress\\\/#website\"},\"datePublished\":\"2020-02-16T14:30:33+00:00\",\"dateModified\":\"2020-06-10T06:19:10+00:00\",\"author\":{\"@id\":\"https:\\\/\\\/www.leti.lt\\\/wordpress\\\/#\\\/schema\\\/person\\\/9bb307b2af8fbb575bb3603e57951f75\"},\"breadcrumb\":{\"@id\":\"https:\\\/\\\/www.leti.lt\\\/wordpress\\\/danseforum-theatreforumetdanseforum\\\/#breadcrumb\"},\"inLanguage\":\"fr-FR\",\"potentialAction\":[{\"@type\":\"ReadAction\",\"target\":[\"https:\\\/\\\/www.leti.lt\\\/wordpress\\\/danseforum-theatreforumetdanseforum\\\/\"]}]},{\"@type\":\"BreadcrumbList\",\"@id\":\"https:\\\/\\\/www.leti.lt\\\/wordpress\\\/danseforum-theatreforumetdanseforum\\\/#breadcrumb\",\"itemListElement\":[{\"@type\":\"ListItem\",\"position\":1,\"name\":\"Accueil\",\"item\":\"https:\\\/\\\/www.leti.lt\\\/wordpress\\\/\"},{\"@type\":\"ListItem\",\"position\":2,\"name\":\"Th\u00e9\u00e2tre forum et danse&nbsp;forum\"}]},{\"@type\":\"WebSite\",\"@id\":\"https:\\\/\\\/www.leti.lt\\\/wordpress\\\/#website\",\"url\":\"https:\\\/\\\/www.leti.lt\\\/wordpress\\\/\",\"name\":\"Le TILT\",\"description\":\"Recherche, publication, cr\u00e9ation artistique\",\"potentialAction\":[{\"@type\":\"SearchAction\",\"target\":{\"@type\":\"EntryPoint\",\"urlTemplate\":\"https:\\\/\\\/www.leti.lt\\\/wordpress\\\/?s={search_term_string}\"},\"query-input\":{\"@type\":\"PropertyValueSpecification\",\"valueRequired\":true,\"valueName\":\"search_term_string\"}}],\"inLanguage\":\"fr-FR\"},{\"@type\":\"Person\",\"@id\":\"https:\\\/\\\/www.leti.lt\\\/wordpress\\\/#\\\/schema\\\/person\\\/9bb307b2af8fbb575bb3603e57951f75\",\"name\":\"Andr\u00e9ine Bel\",\"image\":{\"@type\":\"ImageObject\",\"inLanguage\":\"fr-FR\",\"@id\":\"https:\\\/\\\/secure.gravatar.com\\\/avatar\\\/4ab041ec7c7ad3b90293023e86528ec1a700ce2971ff61811b2df6b288dd1f38?s=96&d=identicon&r=g\",\"url\":\"https:\\\/\\\/secure.gravatar.com\\\/avatar\\\/4ab041ec7c7ad3b90293023e86528ec1a700ce2971ff61811b2df6b288dd1f38?s=96&d=identicon&r=g\",\"contentUrl\":\"https:\\\/\\\/secure.gravatar.com\\\/avatar\\\/4ab041ec7c7ad3b90293023e86528ec1a700ce2971ff61811b2df6b288dd1f38?s=96&d=identicon&r=g\",\"caption\":\"Andr\u00e9ine Bel\"},\"url\":\"https:\\\/\\\/www.leti.lt\\\/wordpress\\\/author\\\/andreine\\\/\"}]}<\/script>\n<!-- \/ Yoast SEO plugin. -->","yoast_head_json":{"title":"Th\u00e9\u00e2tre forum et danse forum - Le TILT","robots":{"index":"index","follow":"follow","max-snippet":"max-snippet:-1","max-image-preview":"max-image-preview:large","max-video-preview":"max-video-preview:-1"},"canonical":"https:\/\/www.leti.lt\/wordpress\/danseforum-theatreforumetdanseforum\/","og_locale":"fr_FR","og_type":"article","og_title":"Th\u00e9\u00e2tre forum et danse forum - Le TILT","og_description":"Pr\u00e9\u00adsen\u00adta\u00adtion DF pour le fes\u00adti\u00adval PBTM \u2013 10\/09 Ques\u00adtions TF \u2013 R\u00e9ponses DF \u2013 3\/09 Pro\u00adbl\u00e9\u00adma\u00adti\u00adser en danse forum&nbsp;: la ques\u00adtion reste ouverte \u2013 3\/09 Lettre aux amis du Th\u00e9\u00e2tre forum&nbsp;: pro\u00adbl\u00e9\u00adma\u00adti\u00adser en Danse forum \u2013 3\/09 Le social et l\u2019artistique en danse forum et th\u00e9\u00e2tre forum \u2013&nbsp;2006 Th\u00e9\u00e2tre forum et danse \u2013 2\/06 Trois formes de forum \u2013 2\/06 Augus\u00adto Boal et le th\u00e9\u00e2tre de L\u2019opprim\u00e9 (audio) \u2013 7\/05 Article cr\u00e9\u00e9 le 16\/02\/2020 \u2013 modi\u00adfi\u00e9 le 10\/06\/2020","og_url":"https:\/\/www.leti.lt\/wordpress\/danseforum-theatreforumetdanseforum\/","og_site_name":"Le TILT","article_published_time":"2020-02-16T14:30:33+00:00","article_modified_time":"2020-06-10T06:19:10+00:00","author":"Andr\u00e9ine Bel","twitter_card":"summary_large_image","twitter_misc":{"\u00c9crit par":"Andr\u00e9ine Bel"},"schema":{"@context":"https:\/\/schema.org","@graph":[{"@type":"Article","@id":"https:\/\/www.leti.lt\/wordpress\/danseforum-theatreforumetdanseforum\/#article","isPartOf":{"@id":"https:\/\/www.leti.lt\/wordpress\/danseforum-theatreforumetdanseforum\/"},"author":{"name":"Andr\u00e9ine Bel","@id":"https:\/\/www.leti.lt\/wordpress\/#\/schema\/person\/9bb307b2af8fbb575bb3603e57951f75"},"headline":"Th\u00e9\u00e2tre forum et danse&nbsp;forum","datePublished":"2020-02-16T14:30:33+00:00","dateModified":"2020-06-10T06:19:10+00:00","mainEntityOfPage":{"@id":"https:\/\/www.leti.lt\/wordpress\/danseforum-theatreforumetdanseforum\/"},"wordCount":79,"commentCount":0,"keywords":["DanseForum"],"articleSection":["TF et DF"],"inLanguage":"fr-FR","potentialAction":[{"@type":"CommentAction","name":"Comment","target":["https:\/\/www.leti.lt\/wordpress\/danseforum-theatreforumetdanseforum\/#respond"]}]},{"@type":"WebPage","@id":"https:\/\/www.leti.lt\/wordpress\/danseforum-theatreforumetdanseforum\/","url":"https:\/\/www.leti.lt\/wordpress\/danseforum-theatreforumetdanseforum\/","name":"Th\u00e9\u00e2tre forum et danse forum - Le TILT","isPartOf":{"@id":"https:\/\/www.leti.lt\/wordpress\/#website"},"datePublished":"2020-02-16T14:30:33+00:00","dateModified":"2020-06-10T06:19:10+00:00","author":{"@id":"https:\/\/www.leti.lt\/wordpress\/#\/schema\/person\/9bb307b2af8fbb575bb3603e57951f75"},"breadcrumb":{"@id":"https:\/\/www.leti.lt\/wordpress\/danseforum-theatreforumetdanseforum\/#breadcrumb"},"inLanguage":"fr-FR","potentialAction":[{"@type":"ReadAction","target":["https:\/\/www.leti.lt\/wordpress\/danseforum-theatreforumetdanseforum\/"]}]},{"@type":"BreadcrumbList","@id":"https:\/\/www.leti.lt\/wordpress\/danseforum-theatreforumetdanseforum\/#breadcrumb","itemListElement":[{"@type":"ListItem","position":1,"name":"Accueil","item":"https:\/\/www.leti.lt\/wordpress\/"},{"@type":"ListItem","position":2,"name":"Th\u00e9\u00e2tre forum et danse&nbsp;forum"}]},{"@type":"WebSite","@id":"https:\/\/www.leti.lt\/wordpress\/#website","url":"https:\/\/www.leti.lt\/wordpress\/","name":"Le TILT","description":"Recherche, publication, cr\u00e9ation artistique","potentialAction":[{"@type":"SearchAction","target":{"@type":"EntryPoint","urlTemplate":"https:\/\/www.leti.lt\/wordpress\/?s={search_term_string}"},"query-input":{"@type":"PropertyValueSpecification","valueRequired":true,"valueName":"search_term_string"}}],"inLanguage":"fr-FR"},{"@type":"Person","@id":"https:\/\/www.leti.lt\/wordpress\/#\/schema\/person\/9bb307b2af8fbb575bb3603e57951f75","name":"Andr\u00e9ine Bel","image":{"@type":"ImageObject","inLanguage":"fr-FR","@id":"https:\/\/secure.gravatar.com\/avatar\/4ab041ec7c7ad3b90293023e86528ec1a700ce2971ff61811b2df6b288dd1f38?s=96&d=identicon&r=g","url":"https:\/\/secure.gravatar.com\/avatar\/4ab041ec7c7ad3b90293023e86528ec1a700ce2971ff61811b2df6b288dd1f38?s=96&d=identicon&r=g","contentUrl":"https:\/\/secure.gravatar.com\/avatar\/4ab041ec7c7ad3b90293023e86528ec1a700ce2971ff61811b2df6b288dd1f38?s=96&d=identicon&r=g","caption":"Andr\u00e9ine Bel"},"url":"https:\/\/www.leti.lt\/wordpress\/author\/andreine\/"}]}},"_links":{"self":[{"href":"https:\/\/www.leti.lt\/wordpress\/wp-json\/wp\/v2\/posts\/230","targetHints":{"allow":["GET"]}}],"collection":[{"href":"https:\/\/www.leti.lt\/wordpress\/wp-json\/wp\/v2\/posts"}],"about":[{"href":"https:\/\/www.leti.lt\/wordpress\/wp-json\/wp\/v2\/types\/post"}],"author":[{"embeddable":true,"href":"https:\/\/www.leti.lt\/wordpress\/wp-json\/wp\/v2\/users\/2"}],"replies":[{"embeddable":true,"href":"https:\/\/www.leti.lt\/wordpress\/wp-json\/wp\/v2\/comments?post=230"}],"version-history":[{"count":1,"href":"https:\/\/www.leti.lt\/wordpress\/wp-json\/wp\/v2\/posts\/230\/revisions"}],"predecessor-version":[{"id":599,"href":"https:\/\/www.leti.lt\/wordpress\/wp-json\/wp\/v2\/posts\/230\/revisions\/599"}],"wp:attachment":[{"href":"https:\/\/www.leti.lt\/wordpress\/wp-json\/wp\/v2\/media?parent=230"}],"wp:term":[{"taxonomy":"category","embeddable":true,"href":"https:\/\/www.leti.lt\/wordpress\/wp-json\/wp\/v2\/categories?post=230"},{"taxonomy":"post_tag","embeddable":true,"href":"https:\/\/www.leti.lt\/wordpress\/wp-json\/wp\/v2\/tags?post=230"}],"curies":[{"name":"wp","href":"https:\/\/api.w.org\/{rel}","templated":true}]}}