{"id":222,"date":"2020-02-16T15:30:33","date_gmt":"2020-02-16T14:30:33","guid":{"rendered":"https:\/\/www.leti.lt\/wordpress\/?p=222"},"modified":"-0001-11-30T00:00:00","modified_gmt":"-0001-11-29T22:00:00","slug":"danseforum-sinceriteetjustemesure","status":"publish","type":"post","link":"https:\/\/www.leti.lt\/wordpress\/danseforum-sinceriteetjustemesure\/","title":{"rendered":"Sincerit\u00e9 et juste mesure"},"content":{"rendered":"<p><a href=\"https:\/\/www.leti.lt\/wordpress\/danseforum-danseforum\/\">Danse forum<\/a><br>\u2192 <a href=\"https:\/\/www.leti.lt\/wordpress\/danseforum-comptesrendusateliers\/\">Comptes-ren\u00addus des ate\u00adliers<\/a><br>\u2192 <a href=\"https:\/\/www.leti.lt\/wordpress\/danseforum-aixenprovence\/\">Aix-en-Pro\u00advence<\/a><br><br>!!Sin\u00adc\u00e9\u00adri\u00adt\u00e9 et juste mesure \u2013 3\/6\/2012<br><br><br><br>Nous \u00e9tions huit en ce d\u00e9but d\u2019\u00e9t\u00e9 2012, et pour une fois je r\u00e9dige cet \u00e9crit \u00e0&nbsp;par\u00adtir de l\u2019enregistrement audio. Ne pas prendre de notes sur le moment m\u2019a per\u00admis de me consa\u00adcrer enti\u00e8\u00adre\u00adment \u00e0&nbsp;mon r\u00f4le de meneur\/tilteur. Je viens de r\u00e9\u00e9cou\u00adter cet enre\u00adgis\u00adtre\u00adment et voi\u00adci les points impor\u00adtants que j\u2019ai \u00ab&nbsp;tir\u00e9s&nbsp;\u00bb&nbsp;: ce qui suit est un m\u00e9lange de notes et r\u00e9flexions sur ce qui a&nbsp;\u00e9t\u00e9 pro\u00adnon\u00adc\u00e9 ce jour-l\u00e0.<br><br>Choi\u00adsir un th\u00e8me par rap\u00adport aux autres qui \u00e9mergent, cela revient \u00e0&nbsp;trou\u00adver le ppcm \u00e0&nbsp;tous&nbsp;: il doit \u00eatre \u00e0&nbsp;la fois res\u00adtreint (le plus petit, \u00ab&nbsp;neutre&nbsp;\u00bb) et vaste (com\u00admun mul\u00adtiple) pour conte\u00adnir dans ses r\u00e9serves les autres th\u00e8mes \u00e9vo\u00adqu\u00e9s, et que cha\u00adcun des par\u00adti\u00adci\u00adpants puisse se l\u2019approprier.<br><br>Le th\u00e8me r\u00e9flexif de la <b>sin\u00adc\u00e9\u00adri\u00adt\u00e9<\/b> s\u2019est des\u00adsi\u00adn\u00e9 dif\u00adfi\u00adci\u00adle\u00adment et seule\u00adment gr\u00e2ce \u00e0&nbsp;d\u2019autres th\u00e8mes sub\u00adsi\u00addiaires (\u00eatre soi, l\u2019authenticit\u00e9, le condi\u00adtion\u00adne\u00adment, notre rap\u00adport \u00e0&nbsp;la mort) comme si nous pres\u00adsen\u00adtions les \u00e9cueils et la com\u00adplexi\u00adt\u00e9 d\u2019un tel th\u00e8me. Aus\u00adsi avons-nous mis un point d\u2019interrogation \u00e0&nbsp;la suite, nous deman\u00addant si \u00e7a exis\u00adtait vrai\u00adment, la <b>sin\u00adc\u00e9\u00adri\u00adt\u00e9<\/b>, et si oui, de quelle fa\u00e7on.<br><br>Le th\u00e8me sen\u00adsi\u00adtif qui a&nbsp;\u00e9mer\u00adg\u00e9 de l\u2019\u00e9chauffement ne fut pas plus facile&nbsp;: la <b>juste mesure<\/b>. Qu\u2019est-ce que cela veut dire concr\u00e8\u00adte\u00adment&nbsp;: \u00ab&nbsp;juste&nbsp;\u00bb par rap\u00adport \u00e0&nbsp;quoi et \u00ab&nbsp;mesure&nbsp;\u00bb de quel type&nbsp;?<br><br>Quant \u00e0&nbsp;la fric\u00adtion des deux th\u00e8mes, ce fut comme la rela\u00adtion entre deux fr\u00e8res, amis par\u00adfois comme une \u00e9vi\u00addence, et s\u2019ignorant le reste du temps.<br><br>Nous avons \u00e9t\u00e9 ame\u00adn\u00e9s \u00e0&nbsp;faire la liste des ingr\u00e9\u00addients n\u00e9ces\u00adsaires pour pro\u00adbl\u00e9\u00adma\u00adti\u00adser&nbsp;:<br><br>- par\u00adtir de notre opinion\/jugement\/appr\u00e9ciation, puisqu\u2019ils sont in\u00e9vi\u00adtables et que nous pou\u00advons apprendre d\u2019eux<br><br>- r\u00e9\u00e9va\u00adluer \u00e0&nbsp;chaque ins\u00adtant nos r\u00e9flexes de pen\u00ads\u00e9e, nos conclu\u00adsions, nos \u00ab&nbsp;v\u00e9ri\u00adt\u00e9s&nbsp;\u00bb<br><br>- ques\u00adtion\u00adner les ques\u00adtions<br><br>- \u00e9cou\u00adter com\u00adment une ques\u00adtion r\u00e9sonne en soi, en nos vies.<br><br>Ce que nous n\u2019avions pas vu venir, c\u2019est le bagage \u00e9mo\u00adtif (d\u2019autres diraient \u00ab&nbsp;magique&nbsp;\u00bb), li\u00e9 \u00e0&nbsp;cer\u00adtains mots. Et le mot <b>sin\u00adc\u00e9\u00adri\u00adt\u00e9<\/b> en fait par\u00adtie, comme d\u2019ailleurs la <b>jus\u00adtesse<\/b>.<br><br>La \u00ab&nbsp;sta\u00adtue du com\u00adman\u00addeur&nbsp;\u00bb n\u2019est pas loin, tapie en nous, pour nous deman\u00adder d\u2019un air s\u00e9v\u00e8re&nbsp;: es-tu sin\u00adc\u00e8re&nbsp;? Es-tu juste&nbsp;?<br><br>La <b>juste mesure<\/b> nous a&nbsp;aid\u00e9s \u00e0&nbsp;pro\u00adbl\u00e9\u00adma\u00adti\u00adser apr\u00e8s coup l\u2019\u00e9veil des sen\u00adsa\u00adtions&nbsp;:<br><br>- la <b>jus\u00adtesse<\/b> est-elle dans la spon\u00adta\u00adn\u00e9i\u00adt\u00e9, demande-t-elle de r\u00e9\u00e9va\u00adluer le besoin \u00e0&nbsp;chaque ins\u00adtant&nbsp;?<br><br>- com\u00adment ne pas rompre le fil de l\u2019attention \u00e0&nbsp;la sen\u00adsa\u00adtion&nbsp;?<br><br>- est-ce que l\u2019\u00e9veil est com\u00adplet \u00e0&nbsp;un cer\u00adtain moment, atteint sa <b>juste mesure<\/b>, ou bien est-ce que j\u2019occulte quelque chose o\u00f9 je ne veux aller&nbsp;?<br><br><i>La pre\u00admi\u00e8re impro&nbsp;: l\u2019ouverture des lignes<\/i><br><br>Cette impro fait encore par\u00adtie de l\u2019\u00e9chauffement, mais, de la bulle o\u00f9 nous sommes, l\u2019espace et le temps s\u2019ouvrent et se struc\u00adturent peu \u00e0&nbsp;peu, par eux-m\u00eames dirais-je.<br><br>Je me rap\u00adpelle de la fois qui fut la der\u00adni\u00e8re, o\u00f9 j\u2019ai pro\u00adnon\u00adc\u00e9 ces mots (c\u2019\u00e9tait \u00e0&nbsp;Lam\u00adbesc, il y&nbsp;a six ans) : \u00ab&nbsp;Et main\u00adte\u00adnant, nous allons faire atten\u00adtion \u00e0&nbsp;l\u2019espace&nbsp;\u00bb. Cette phrase ano\u00addine, maint fois enten\u00addue et r\u00e9p\u00e9\u00adt\u00e9e, est comme sor\u00adtie de sa gaine d\u2019habitude et m\u2019a frap\u00adp\u00e9e de son \u00ab&nbsp;for\u00ad\u00e7age&nbsp;\u00bb&nbsp;: qu\u2019en sais-je, moi, de cette atten\u00adtion \u00e0&nbsp;l\u2019espace, l\u2019int\u00e9rieur comme l\u2019ext\u00e9rieur&nbsp;? Comme si l\u2019espace pou\u00advait dis\u00adpa\u00adra\u00eetre de la sur\u00adface de la terre ou des hommes au point de se faire oublier, comme si y&nbsp;faire sou\u00addain atten\u00adtion allait de soi&nbsp;! Ce fut pour moi comme un renon\u00adce\u00adment \u00e0&nbsp;une b\u00e9quille depuis long\u00adtemps inutile, et je peux dire que de cet ins\u00adtant, j\u2019ai vu l\u2019espace pou\u00advoir se struc\u00adtu\u00adrer ou se d\u00e9li\u00adter, enfler ou se d\u00e9ro\u00adber, au rythme de cha\u00adcun, dans l\u2019intimit\u00e9 des corps. Pas tou\u00adjours bien s\u00fbr, et m\u00eame plu\u00adt\u00f4t rare\u00adment car ce sont des espaces de gr\u00e2ce, qui viennent comme par inad\u00adver\u00adtance, ou comme fleur sur rocher ven\u00adt\u00e9.<br><br><i>Le forum s\u2019est ouvert avec la deuxi\u00e8me impro&nbsp;: jeu entre visible et invi\u00adsible<\/i><br><br>La <b>sin\u00adc\u00e9\u00adri\u00adt\u00e9<\/b> v\u00e9cue comme une oppres\u00adsion, avec ses bar\u00adri\u00e8res sociales&nbsp;: gar\u00adder le cri au fond de la gorge pour ne pas g\u00eaner les autres dan\u00adseurs, trou\u00adver que l\u2019on s\u2019agite beau\u00adcoup par rap\u00adport aux voi\u00adsins etc.<br><br>Existe-t-il un espace o\u00f9 le social peut ne pas inter\u00adve\u00adnir, sans \u00eatre rem\u00adpla\u00adc\u00e9 par un lieu de non droit&nbsp;?<br><br>Ou alors, peut-on \u00e9car\u00adter le car\u00adcan pour ne gar\u00adder que le social&nbsp;?<br><br>Faire, puis v\u00e9ri\u00adfier, puis r\u00e9\u00e9va\u00adluer&nbsp;: c\u2019est peut-\u00eatre cela la <b>juste mesure<\/b>.<br><br>Face au bout de glace du stu\u00addio qui avait \u00e9chap\u00adp\u00e9 au rideau, le double de soi est appa\u00adru, et avec lui l\u2019image que l\u2019on offre aux autres&nbsp;: <b>sin\u00adc\u00e9\u00adri\u00adt\u00e9<\/b> rai\u00adson\u00adn\u00e9e, cal\u00adcu\u00adl\u00e9e, g\u00e9r\u00e9e, qui s\u2019ajuste quand et comme elle peut. Sinon, on est mis en marge&nbsp;?<br><br>Mais la marge jus\u00adte\u00adment, elle est faite pour \u00eatre repous\u00ads\u00e9e, elle bouge, comme la <b>sin\u00adc\u00e9\u00adri\u00adt\u00e9<\/b> qui ne peut se repo\u00adser sur ses lau\u00adriers. Elle se construit en per\u00adma\u00adnence, \u00e0&nbsp;plu\u00adsieurs et de fa\u00e7on imma\u00adnente.<br><br>\u00ab Plus l\u2019espace int\u00e9\u00adrieur&nbsp;\u00bb ajou\u00adta l\u2019autre, la voi\u00adsine.<br><br>Le Com\u00adman\u00addeur n\u2019\u00e9tait jamais loin, mais il est all\u00e9 se rha\u00adbiller plu\u00adsieurs fois.<br><br>La <b>jus\u00adtesse<\/b>&nbsp;? Une sen\u00adsa\u00adtion qui trans\u00adpire.<br><br><i>La troi\u00adsi\u00e8me impro&nbsp;: la <b>sin\u00adc\u00e9\u00adri\u00adt\u00e9<\/b> et l\u2019espace<\/i><br><br>La <b>sin\u00adc\u00e9\u00adri\u00adt\u00e9<\/b> nous a&nbsp;sem\u00adbl\u00e9 com\u00adpa\u00adtible avec l\u2019imagination et l\u2019anticipation&nbsp;: une fa\u00e7on de lui faire perdre une vir\u00adgi\u00adni\u00adt\u00e9 bien lourde \u00e0&nbsp;por\u00adter et dif\u00adfi\u00adcile \u00e0&nbsp;gar\u00adder, encore plus \u00e0&nbsp;prou\u00adver.<br><br>L\u2019espace est alors pas\u00ads\u00e9 au kal\u00e9i\u00addo\u00adscope qui joue\u00adrait aux pou\u00adp\u00e9es russes.<br><br>L\u2019int\u00e9rieur, on le sait mul\u00adtiple et chan\u00adgeant comme le temps.<br><br>Mais l\u2019ext\u00e9rieur en a&nbsp;pris un coup&nbsp;: celui du spec\u00adta\u00adteur peut \u00eatre hors sc\u00e8ne ou faire sa bulle sur sc\u00e8ne.<br><br>Sur sc\u00e8ne, il peut jouer aux enva\u00adhis\u00adseurs ou faire son contre\u00adpoint, oppri\u00admer, com\u00adpres\u00adser ou conte\u00adnir, \u00e9cra\u00adser ou faire fleu\u00adrir.<br>Mais hors sc\u00e8ne, il regarde \u00ab&nbsp;l\u2019autre&nbsp;\u00bb hors sc\u00e8ne, qui regarde l\u2019autre\u2026, cha\u00adcun avec ses pr\u00e9\u00adsences ou absences, d\u00e9mon\u00adtr\u00e9es ou cach\u00e9es.<br><br>La sc\u00e8ne s\u2019est mon\u00adtr\u00e9e plus vide habi\u00adt\u00e9e de dan\u00adseurs, la bor\u00addure sc\u00e9\u00adnique a&nbsp;fait des corps une \u00ab&nbsp;ins\u00adtal\u00adla\u00adtion&nbsp;\u00bb, le po\u00e8me s\u2019est impo\u00ads\u00e9 de lui-m\u00eame sans y&nbsp;\u00eatre invi\u00adt\u00e9 et pour\u00adtant il a&nbsp;trou\u00adv\u00e9 sa <b>juste mesure<\/b> en se sus\u00adpen\u00addant apr\u00e8s&nbsp;: \u00ab&nbsp;de deux cents ans mon \u00e2me rajeu\u00adnit&nbsp;\u00bb. Ce sont de ces moments o\u00f9 il ne faut pas cher\u00adcher plus loin.<br><br><i>La qua\u00adtri\u00e8me impro&nbsp;: l\u2019harmonie<\/i><br><br>Se cacher der\u00adri\u00e8re le rideau comme un enfant, comme sous les draps, jouer \u00e0&nbsp;se faire peur, inno\u00adcence, na\u00ef\u00adve\u00adt\u00e9\u2026<br><br>La <b>sin\u00adc\u00e9\u00adri\u00adt\u00e9<\/b> avec les autres, c\u2019est faire atten\u00adtion \u00e0&nbsp;l\u2019harmonie.<br><br>A par\u00adtir du moment o\u00f9 on est vivant, on est dans la <b>sin\u00adc\u00e9\u00adri\u00adt\u00e9<\/b>. Au pre\u00admier regard face \u00e0&nbsp;cette affir\u00adma\u00adtion&nbsp;: c\u2019est faux&nbsp;; au second&nbsp;: faut voir&nbsp;; au troi\u00adsi\u00e8me&nbsp;: peut-\u00eatre&nbsp;; au qua\u00adtri\u00e8me&nbsp;: pour\u00adquoi pas&nbsp;?<br><br>Cabos\u00adsage ou sculp\u00adture&nbsp;? C\u2019est selon l\u2019angle de vue.<br><br>Alors, on a&nbsp;pris la ques\u00adtion a&nbsp;bras le corps&nbsp;: est-ce qu\u2019on peut ne pas \u00eatre <b>sin\u00adc\u00e8re<\/b>&nbsp;? A&nbsp;l\u2019essai dan\u00ads\u00e9, cela nous est appa\u00adru dif\u00adfi\u00adcile voire impos\u00adsible&nbsp;: on peut \u00eatre <b>sin\u00adc\u00e8re<\/b> dans son \u00ab&nbsp;insin\u00adc\u00e9\u00adri\u00adt\u00e9&nbsp;\u00bb. La ques\u00adtion est res\u00adt\u00e9e enti\u00e8re, ne pas sau\u00adter sur les \u00ab&nbsp;conclu\u00adsions h\u00e2tives&nbsp;\u00bb (ce qui dans ce cas serait un pl\u00e9o\u00adnasme).<br><br>Et puis, cette ques\u00adtion sor\u00adtie du cha\u00adpeau comme un li\u00e8vre bon\u00addis\u00adsant&nbsp;: la confiance en soi, est-elle n\u00e9ces\u00adsaire \u00e0&nbsp;la <b>sin\u00adc\u00e9\u00adri\u00adt\u00e9<\/b>&nbsp;?<br><br>Ce qui nous a&nbsp;ame\u00adn\u00e9s tout natu\u00adrel\u00adle\u00adment \u00e0&nbsp;ques\u00adtion\u00adner les dites inno\u00adcence et na\u00ef\u00adve\u00adt\u00e9, sur\u00adtout quand il s\u2019agit de&nbsp;: \u00ab&nbsp;Je te fais confiance si tu es <b>sin\u00adc\u00e8re<\/b>, puis-je te faire confiance&nbsp;? \u00bb\u2026<br><br>Cela a&nbsp;fini par un chant de sons entre bruit et m\u00e9lo\u00addie, sans struc\u00adtu\u00adra\u00adtion de lan\u00adgage, de culture ou d\u2019opinion per\u00adson\u00adnelle, puisque le son se pro\u00adpage sans rien deman\u00adder \u00e0&nbsp;per\u00adsonne, et l\u2019attrape qui veut&nbsp;!<br><br><i>Le bilan comme mati\u00e8re \u00e0&nbsp;tra\u00advail<\/i><br><br>- per\u00addu dans l\u2019espace sc\u00e9\u00adnique<br><br>- dif\u00adfi\u00adcul\u00adt\u00e9 \u00e0&nbsp;d\u00e9con\u00adnec\u00adter du men\u00adtal, en terme de juge\u00adment<br><br>- dif\u00adfi\u00adcul\u00adt\u00e9 \u00e0&nbsp;faire \u00e9mer\u00adger les ques\u00adtions de fond<br><br>- dif\u00adfi\u00adcul\u00adt\u00e9 \u00e0&nbsp;retrou\u00adver une spon\u00adta\u00adn\u00e9i\u00adt\u00e9 avec laquelle on est fami\u00adlier<br><br>- se sen\u00adtir \u00ab&nbsp;conte\u00adnu&nbsp;\u00bb et\/ou \u00ab&nbsp;rete\u00adnu&nbsp;\u00bb<br><br>- petite ini\u00adtia\u00adtion<br><br>- jubi\u00adla\u00adtion, enga\u00adge\u00adment du corps sur la fin (dit depuis l\u2019espace du regard, en spec\u00adta\u00adteur)<br><br>- il est repo\u00adsant d\u2019\u00eatre \u00ab&nbsp;spec\u00adta\u00adteur \u00e9clai\u00adrant&nbsp;\u00bb<br><br>- \u00e9cou\u00adter les autres ouvre d\u2019autres hori\u00adzons<br><br>- la par\u00adti\u00adci\u00adpa\u00adtion de cha\u00adcun (qu\u2019il parle ou pas, fasse ou pas) n\u2019est pas ano\u00addine. Elle est source ou r\u00e9sur\u00adgence, flux rete\u00adnu ou libre, mais elle agit et construit la danse forum<br><br>- l\u2019outil DF s\u2019\u00e9labore au fur et \u00e0&nbsp;mesure que l\u2019on s\u2019en sert<br><br>- l\u2019articulation de la pro\u00adbl\u00e9\u00adma\u00adti\u00adsa\u00adtion (qui consti\u00adtue le forum) \u00e9tait riche et bien arti\u00adcu\u00adl\u00e9e (dit au moment de sor\u00adtir, entre Guillaume et moi).<br><br>Pro\u00adpo\u00adsi\u00adtions pour futures danse forum&nbsp;:<br><br>- pos\u00adsi\u00adbi\u00adli\u00adt\u00e9 de chan\u00adger le volume de l\u2019espace sc\u00e9\u00adnique avant une impro\u00advi\u00adsa\u00adtion, si le besoin s\u2019en fait sen\u00adtir, selon que le th\u00e8me invite \u00e0&nbsp;l\u2019introspection, comme ce jour-l\u00e0, ou \u00e0&nbsp;l\u2019externalisation, selon l\u2019humeur, les sen\u00adsa\u00adtions\u2026<br><br>- pos\u00adsi\u00adbi\u00adli\u00adt\u00e9 de faire les retours ver\u00adbaux depuis l\u2019espace o\u00f9 l\u2019on se trouve ou que l\u2019on choi\u00adsit&nbsp;: sc\u00e8ne, hors c\u00e8ne ou bor\u00addure sc\u00e9\u00adnique.<br><br>Quand on aime un type de g\u00e2teau, on aime aus\u00adsi les glaces sin\u00adc\u00e8\u00adre\u00adment, n\u2019est-ce pas&nbsp;?<br><br>Andr\u00e9ine<br>d\u2019apr\u00e8s les retours ver\u00adbaux de Andr\u00e9ine B, Ber\u00adnard B, Ber\u00adnard M, Guillaume T, Marit\u00adza S, Minh N\u2011G, Richard X, Vir\u00adgi\u00adnie&nbsp;X.<\/p><p style=\"color:green; text-align:right !important;\">Article cr\u00e9\u00e9 le 16\/02\/2020<\/p>","protected":false},"excerpt":{"rendered":"<p>Danse forum\u2192 Comptes-ren\u00ad\u00addus des ate\u00adliers\u2192 Aix-en-Pro\u00ad\u00advence !!Sin\u00adc\u00e9\u00adri\u00adt\u00e9 et juste mesure \u2013 3\/6\/2012 Nous \u00e9tions huit en ce d\u00e9but d\u2019\u00e9t\u00e9 2012, et pour une fois je r\u00e9dige cet \u00e9crit \u00e0&nbsp;par\u00adtir de l\u2019enregistrement audio. Ne pas prendre de notes sur le moment m\u2019a per\u00admis de me consa\u00adcrer enti\u00e8\u00adre\u00adment \u00e0&nbsp;mon r\u00f4le de meneur\/tilteur. Je viens de r\u00e9\u00e9cou\u00adter cet enre\u00adgis\u00adtre\u00adment et voi\u00adci les points impor\u00adtants que j\u2019ai \u00ab&nbsp;tir\u00e9s&nbsp;\u00bb&nbsp;: ce qui suit est un m\u00e9lange de notes et r\u00e9flexions sur ce qui a&nbsp;\u00e9t\u00e9 pro\u00adnon\u00adc\u00e9&nbsp;ce&nbsp;[\u2026]<\/p>\n","protected":false},"author":2,"featured_media":0,"comment_status":"open","ping_status":"open","sticky":false,"template":"","format":"standard","meta":{"wp_typography_post_enhancements_disabled":false,"footnotes":""},"categories":[133],"tags":[210],"class_list":["post-222","post","type-post","status-publish","format-standard","hentry","category-ateliers_aix","tag-df_aixenprovence"],"yoast_head":"<!-- This site is optimized with the Yoast SEO plugin v27.5 - https:\/\/yoast.com\/product\/yoast-seo-wordpress\/ -->\n<title>Sincerit\u00e9 et juste mesure - Le TILT<\/title>\n<meta name=\"robots\" content=\"index, follow, max-snippet:-1, max-image-preview:large, max-video-preview:-1\" \/>\n<link rel=\"canonical\" href=\"https:\/\/www.leti.lt\/wordpress\/danseforum-sinceriteetjustemesure\/\" \/>\n<meta property=\"og:locale\" content=\"fr_FR\" \/>\n<meta property=\"og:type\" content=\"article\" \/>\n<meta property=\"og:title\" content=\"Sincerit\u00e9 et juste mesure - Le TILT\" \/>\n<meta property=\"og:description\" content=\"Danse forum\u2192 Comptes-ren\u00addus des ate\u00adliers\u2192 Aix-en-Pro\u00advence !!Sin\u00adc\u00e9\u00adri\u00adt\u00e9 et juste mesure \u2013 3\/6\/2012 Nous \u00e9tions huit en ce d\u00e9but d\u2019\u00e9t\u00e9 2012, et pour une fois je r\u00e9dige cet \u00e9crit \u00e0&nbsp;par\u00adtir de l\u2019enregistrement audio. Ne pas prendre de notes sur le moment m\u2019a per\u00admis de me consa\u00adcrer enti\u00e8\u00adre\u00adment \u00e0&nbsp;mon r\u00f4le de meneur\/tilteur. Je viens de r\u00e9\u00e9cou\u00adter cet enre\u00adgis\u00adtre\u00adment et voi\u00adci les points impor\u00adtants que j\u2019ai \u00ab&nbsp;tir\u00e9s&nbsp;\u00bb&nbsp;: ce qui suit est un m\u00e9lange de notes et r\u00e9flexions sur ce qui a&nbsp;\u00e9t\u00e9 pro\u00adnon\u00adc\u00e9 ce [&hellip;]\" \/>\n<meta property=\"og:url\" content=\"https:\/\/www.leti.lt\/wordpress\/danseforum-sinceriteetjustemesure\/\" \/>\n<meta property=\"og:site_name\" content=\"Le TILT\" \/>\n<meta property=\"article:published_time\" content=\"2020-02-16T14:30:33+00:00\" \/>\n<meta name=\"author\" content=\"Andr\u00e9ine Bel\" \/>\n<meta name=\"twitter:card\" content=\"summary_large_image\" \/>\n<meta name=\"twitter:label1\" content=\"\u00c9crit par\" \/>\n\t<meta name=\"twitter:data1\" content=\"Andr\u00e9ine Bel\" \/>\n\t<meta name=\"twitter:label2\" content=\"Dur\u00e9e de lecture estim\u00e9e\" \/>\n\t<meta name=\"twitter:data2\" content=\"8 minutes\" \/>\n<script type=\"application\/ld+json\" class=\"yoast-schema-graph\">{\"@context\":\"https:\\\/\\\/schema.org\",\"@graph\":[{\"@type\":\"Article\",\"@id\":\"https:\\\/\\\/www.leti.lt\\\/wordpress\\\/danseforum-sinceriteetjustemesure\\\/#article\",\"isPartOf\":{\"@id\":\"https:\\\/\\\/www.leti.lt\\\/wordpress\\\/danseforum-sinceriteetjustemesure\\\/\"},\"author\":{\"name\":\"Andr\u00e9ine Bel\",\"@id\":\"https:\\\/\\\/www.leti.lt\\\/wordpress\\\/#\\\/schema\\\/person\\\/9bb307b2af8fbb575bb3603e57951f75\"},\"headline\":\"Sincerit\u00e9 et juste mesure\",\"datePublished\":\"2020-02-16T14:30:33+00:00\",\"mainEntityOfPage\":{\"@id\":\"https:\\\/\\\/www.leti.lt\\\/wordpress\\\/danseforum-sinceriteetjustemesure\\\/\"},\"wordCount\":1652,\"commentCount\":0,\"keywords\":[\"DF_AixEnProvence\"],\"articleSection\":[\"Ateliers Aix\"],\"inLanguage\":\"fr-FR\",\"potentialAction\":[{\"@type\":\"CommentAction\",\"name\":\"Comment\",\"target\":[\"https:\\\/\\\/www.leti.lt\\\/wordpress\\\/danseforum-sinceriteetjustemesure\\\/#respond\"]}]},{\"@type\":\"WebPage\",\"@id\":\"https:\\\/\\\/www.leti.lt\\\/wordpress\\\/danseforum-sinceriteetjustemesure\\\/\",\"url\":\"https:\\\/\\\/www.leti.lt\\\/wordpress\\\/danseforum-sinceriteetjustemesure\\\/\",\"name\":\"Sincerit\u00e9 et juste mesure - Le TILT\",\"isPartOf\":{\"@id\":\"https:\\\/\\\/www.leti.lt\\\/wordpress\\\/#website\"},\"datePublished\":\"2020-02-16T14:30:33+00:00\",\"author\":{\"@id\":\"https:\\\/\\\/www.leti.lt\\\/wordpress\\\/#\\\/schema\\\/person\\\/9bb307b2af8fbb575bb3603e57951f75\"},\"breadcrumb\":{\"@id\":\"https:\\\/\\\/www.leti.lt\\\/wordpress\\\/danseforum-sinceriteetjustemesure\\\/#breadcrumb\"},\"inLanguage\":\"fr-FR\",\"potentialAction\":[{\"@type\":\"ReadAction\",\"target\":[\"https:\\\/\\\/www.leti.lt\\\/wordpress\\\/danseforum-sinceriteetjustemesure\\\/\"]}]},{\"@type\":\"BreadcrumbList\",\"@id\":\"https:\\\/\\\/www.leti.lt\\\/wordpress\\\/danseforum-sinceriteetjustemesure\\\/#breadcrumb\",\"itemListElement\":[{\"@type\":\"ListItem\",\"position\":1,\"name\":\"Accueil\",\"item\":\"https:\\\/\\\/www.leti.lt\\\/wordpress\\\/\"},{\"@type\":\"ListItem\",\"position\":2,\"name\":\"Sincerit\u00e9 et juste mesure\"}]},{\"@type\":\"WebSite\",\"@id\":\"https:\\\/\\\/www.leti.lt\\\/wordpress\\\/#website\",\"url\":\"https:\\\/\\\/www.leti.lt\\\/wordpress\\\/\",\"name\":\"Le TILT\",\"description\":\"Recherche, publication, cr\u00e9ation artistique\",\"potentialAction\":[{\"@type\":\"SearchAction\",\"target\":{\"@type\":\"EntryPoint\",\"urlTemplate\":\"https:\\\/\\\/www.leti.lt\\\/wordpress\\\/?s={search_term_string}\"},\"query-input\":{\"@type\":\"PropertyValueSpecification\",\"valueRequired\":true,\"valueName\":\"search_term_string\"}}],\"inLanguage\":\"fr-FR\"},{\"@type\":\"Person\",\"@id\":\"https:\\\/\\\/www.leti.lt\\\/wordpress\\\/#\\\/schema\\\/person\\\/9bb307b2af8fbb575bb3603e57951f75\",\"name\":\"Andr\u00e9ine Bel\",\"image\":{\"@type\":\"ImageObject\",\"inLanguage\":\"fr-FR\",\"@id\":\"https:\\\/\\\/secure.gravatar.com\\\/avatar\\\/4ab041ec7c7ad3b90293023e86528ec1a700ce2971ff61811b2df6b288dd1f38?s=96&d=identicon&r=g\",\"url\":\"https:\\\/\\\/secure.gravatar.com\\\/avatar\\\/4ab041ec7c7ad3b90293023e86528ec1a700ce2971ff61811b2df6b288dd1f38?s=96&d=identicon&r=g\",\"contentUrl\":\"https:\\\/\\\/secure.gravatar.com\\\/avatar\\\/4ab041ec7c7ad3b90293023e86528ec1a700ce2971ff61811b2df6b288dd1f38?s=96&d=identicon&r=g\",\"caption\":\"Andr\u00e9ine Bel\"},\"url\":\"https:\\\/\\\/www.leti.lt\\\/wordpress\\\/author\\\/andreine\\\/\"}]}<\/script>\n<!-- \/ Yoast SEO plugin. -->","yoast_head_json":{"title":"Sincerit\u00e9 et juste mesure - Le TILT","robots":{"index":"index","follow":"follow","max-snippet":"max-snippet:-1","max-image-preview":"max-image-preview:large","max-video-preview":"max-video-preview:-1"},"canonical":"https:\/\/www.leti.lt\/wordpress\/danseforum-sinceriteetjustemesure\/","og_locale":"fr_FR","og_type":"article","og_title":"Sincerit\u00e9 et juste mesure - Le TILT","og_description":"Danse forum\u2192 Comptes-ren\u00addus des ate\u00adliers\u2192 Aix-en-Pro\u00advence !!Sin\u00adc\u00e9\u00adri\u00adt\u00e9 et juste mesure \u2013 3\/6\/2012 Nous \u00e9tions huit en ce d\u00e9but d\u2019\u00e9t\u00e9 2012, et pour une fois je r\u00e9dige cet \u00e9crit \u00e0&nbsp;par\u00adtir de l\u2019enregistrement audio. Ne pas prendre de notes sur le moment m\u2019a per\u00admis de me consa\u00adcrer enti\u00e8\u00adre\u00adment \u00e0&nbsp;mon r\u00f4le de meneur\/tilteur. Je viens de r\u00e9\u00e9cou\u00adter cet enre\u00adgis\u00adtre\u00adment et voi\u00adci les points impor\u00adtants que j\u2019ai \u00ab&nbsp;tir\u00e9s&nbsp;\u00bb&nbsp;: ce qui suit est un m\u00e9lange de notes et r\u00e9flexions sur ce qui a&nbsp;\u00e9t\u00e9 pro\u00adnon\u00adc\u00e9 ce [&hellip;]","og_url":"https:\/\/www.leti.lt\/wordpress\/danseforum-sinceriteetjustemesure\/","og_site_name":"Le TILT","article_published_time":"2020-02-16T14:30:33+00:00","author":"Andr\u00e9ine Bel","twitter_card":"summary_large_image","twitter_misc":{"\u00c9crit par":"Andr\u00e9ine Bel","Dur\u00e9e de lecture estim\u00e9e":"8 minutes"},"schema":{"@context":"https:\/\/schema.org","@graph":[{"@type":"Article","@id":"https:\/\/www.leti.lt\/wordpress\/danseforum-sinceriteetjustemesure\/#article","isPartOf":{"@id":"https:\/\/www.leti.lt\/wordpress\/danseforum-sinceriteetjustemesure\/"},"author":{"name":"Andr\u00e9ine Bel","@id":"https:\/\/www.leti.lt\/wordpress\/#\/schema\/person\/9bb307b2af8fbb575bb3603e57951f75"},"headline":"Sincerit\u00e9 et juste mesure","datePublished":"2020-02-16T14:30:33+00:00","mainEntityOfPage":{"@id":"https:\/\/www.leti.lt\/wordpress\/danseforum-sinceriteetjustemesure\/"},"wordCount":1652,"commentCount":0,"keywords":["DF_AixEnProvence"],"articleSection":["Ateliers Aix"],"inLanguage":"fr-FR","potentialAction":[{"@type":"CommentAction","name":"Comment","target":["https:\/\/www.leti.lt\/wordpress\/danseforum-sinceriteetjustemesure\/#respond"]}]},{"@type":"WebPage","@id":"https:\/\/www.leti.lt\/wordpress\/danseforum-sinceriteetjustemesure\/","url":"https:\/\/www.leti.lt\/wordpress\/danseforum-sinceriteetjustemesure\/","name":"Sincerit\u00e9 et juste mesure - Le TILT","isPartOf":{"@id":"https:\/\/www.leti.lt\/wordpress\/#website"},"datePublished":"2020-02-16T14:30:33+00:00","author":{"@id":"https:\/\/www.leti.lt\/wordpress\/#\/schema\/person\/9bb307b2af8fbb575bb3603e57951f75"},"breadcrumb":{"@id":"https:\/\/www.leti.lt\/wordpress\/danseforum-sinceriteetjustemesure\/#breadcrumb"},"inLanguage":"fr-FR","potentialAction":[{"@type":"ReadAction","target":["https:\/\/www.leti.lt\/wordpress\/danseforum-sinceriteetjustemesure\/"]}]},{"@type":"BreadcrumbList","@id":"https:\/\/www.leti.lt\/wordpress\/danseforum-sinceriteetjustemesure\/#breadcrumb","itemListElement":[{"@type":"ListItem","position":1,"name":"Accueil","item":"https:\/\/www.leti.lt\/wordpress\/"},{"@type":"ListItem","position":2,"name":"Sincerit\u00e9 et juste mesure"}]},{"@type":"WebSite","@id":"https:\/\/www.leti.lt\/wordpress\/#website","url":"https:\/\/www.leti.lt\/wordpress\/","name":"Le TILT","description":"Recherche, publication, cr\u00e9ation artistique","potentialAction":[{"@type":"SearchAction","target":{"@type":"EntryPoint","urlTemplate":"https:\/\/www.leti.lt\/wordpress\/?s={search_term_string}"},"query-input":{"@type":"PropertyValueSpecification","valueRequired":true,"valueName":"search_term_string"}}],"inLanguage":"fr-FR"},{"@type":"Person","@id":"https:\/\/www.leti.lt\/wordpress\/#\/schema\/person\/9bb307b2af8fbb575bb3603e57951f75","name":"Andr\u00e9ine Bel","image":{"@type":"ImageObject","inLanguage":"fr-FR","@id":"https:\/\/secure.gravatar.com\/avatar\/4ab041ec7c7ad3b90293023e86528ec1a700ce2971ff61811b2df6b288dd1f38?s=96&d=identicon&r=g","url":"https:\/\/secure.gravatar.com\/avatar\/4ab041ec7c7ad3b90293023e86528ec1a700ce2971ff61811b2df6b288dd1f38?s=96&d=identicon&r=g","contentUrl":"https:\/\/secure.gravatar.com\/avatar\/4ab041ec7c7ad3b90293023e86528ec1a700ce2971ff61811b2df6b288dd1f38?s=96&d=identicon&r=g","caption":"Andr\u00e9ine Bel"},"url":"https:\/\/www.leti.lt\/wordpress\/author\/andreine\/"}]}},"_links":{"self":[{"href":"https:\/\/www.leti.lt\/wordpress\/wp-json\/wp\/v2\/posts\/222","targetHints":{"allow":["GET"]}}],"collection":[{"href":"https:\/\/www.leti.lt\/wordpress\/wp-json\/wp\/v2\/posts"}],"about":[{"href":"https:\/\/www.leti.lt\/wordpress\/wp-json\/wp\/v2\/types\/post"}],"author":[{"embeddable":true,"href":"https:\/\/www.leti.lt\/wordpress\/wp-json\/wp\/v2\/users\/2"}],"replies":[{"embeddable":true,"href":"https:\/\/www.leti.lt\/wordpress\/wp-json\/wp\/v2\/comments?post=222"}],"version-history":[{"count":0,"href":"https:\/\/www.leti.lt\/wordpress\/wp-json\/wp\/v2\/posts\/222\/revisions"}],"wp:attachment":[{"href":"https:\/\/www.leti.lt\/wordpress\/wp-json\/wp\/v2\/media?parent=222"}],"wp:term":[{"taxonomy":"category","embeddable":true,"href":"https:\/\/www.leti.lt\/wordpress\/wp-json\/wp\/v2\/categories?post=222"},{"taxonomy":"post_tag","embeddable":true,"href":"https:\/\/www.leti.lt\/wordpress\/wp-json\/wp\/v2\/tags?post=222"}],"curies":[{"name":"wp","href":"https:\/\/api.w.org\/{rel}","templated":true}]}}