{"id":218,"date":"2020-02-16T15:30:33","date_gmt":"2020-02-16T14:30:33","guid":{"rendered":"https:\/\/www.leti.lt\/wordpress\/?p=218"},"modified":"-0001-11-30T00:00:00","modified_gmt":"-0001-11-29T22:00:00","slug":"danseforum-sesentirjuge","status":"publish","type":"post","link":"https:\/\/www.leti.lt\/wordpress\/danseforum-sesentirjuge\/","title":{"rendered":"Se sentir jug\u00e9"},"content":{"rendered":"<p><a href=\"https:\/\/www.leti.lt\/wordpress\/danseforum-danseforum\/\">Danse forum<\/a><br>\u2192 <a href=\"https:\/\/www.leti.lt\/wordpress\/danseforum-comptesrendusateliers\/\">Comptes-ren\u00addus des ate\u00adliers<\/a><br>\u2192 <a href=\"https:\/\/www.leti.lt\/wordpress\/danseforum-lambesc\/\">Lam\u00adbesc<\/a><br><br>!!Se sen\u00adtir jug\u00e9 \u2013 2&nbsp;d\u00e9cembre 2006<br><br>Ce same\u00addi a&nbsp;\u00e9t\u00e9 bien nour\u00adris\u00adsant pour les neuf par\u00adti\u00adci\u00adpants&nbsp;! Mon amie et moi (Nadine G.)<br>sommes repar\u00adties enthou\u00adsiastes, avec l\u2019envie de reve\u00adnir le same\u00addi d\u2019apr\u00e8s, pour<br>conti\u00adnuer ce th\u00e8me pas\u00adsion\u00adnant du juge\u00adment. L\u2019impression d\u2019\u00eatre au coeur<br>l\u2019essentiel\u2026<br><br>C\u2019est \u00e0&nbsp;la pause que le th\u00e8me du juge\u00adment est sor\u00adti. Nous par\u00adlions de<br>qu\u2019est-ce que l\u2019\u00e9ducation du regard, l\u2019\u00e9ducation d\u2019un regard \u00e0&nbsp;la fois<br>cri\u00adtique et non-jugeant.<br>Nous avons mis en place une pre\u00admi\u00e8re situa\u00adtion&nbsp;: une per\u00adsonne est celle<br>qui va se sen\u00adtir jug\u00e9e (on sup\u00adpose), par quatre per\u00adsonnes autour qui la<br>regardent. Aucune consigne pr\u00e9\u00adcise n\u2019est don\u00adn\u00e9e pour ces quatre per\u00adsonnes,<br>ce qui fait que cha\u00adcun va s\u2019approprier la situa\u00adtion \u00e0&nbsp;sa fa\u00e7on&nbsp;: cer\u00adtains auront un<br>regard vrai\u00adment jugeant, d\u2019autres se conten\u00adte\u00adront d\u2019un regard \u00ab&nbsp;neutre&nbsp;\u00bb,<br>vide d\u2019intention, d\u2019autres oscil\u00adle\u00adront.<br><br>Voi\u00adl\u00e0 ce que j\u2019ai rete\u00adnu de nos mises en situa\u00adtion&nbsp;:<br><br>- La per\u00adsonne au centre ferme les yeux, et tous ses mou\u00adve\u00adments, sans<br>qu\u2019elle le sache, vont \u00eatre orien\u00adt\u00e9s pour \u00e9chap\u00adper le plus pos\u00adsible au regard des<br>autres, alors qu\u2019elle ne pense pas du tout \u00eatre dans la fuite.<br><br>- Une autre sent de l\u2019hostilit\u00e9 de par\u00adtout (il regarde les autres dans les yeux ) sauf<br>chez une des \u00ab&nbsp;jugeantes&nbsp;\u00bb qui lui sou\u00adrit et va m\u00eame se mettre \u00e0&nbsp;terre, plus ou<br>moins au centre de la sc\u00e8ne \u2013 \u00e0&nbsp;la place du jug\u00e9, dira-t-elle plus tard. Le jug\u00e9 se<br>rap\u00adproche alors d\u2019elle, lui prend la main, veut \u00ab&nbsp;faire copain&nbsp;\u00bb, pour faire un<br>rem\u00adpart f\u00e2ce aux autres.<br><br>- Une troi\u00adsi\u00e8me per\u00adsonne au centre ne se sent pas jug\u00e9e du tout&nbsp;; au bout d\u2019un<br>moment, elle ne prend plus la peine de bou\u00adger car elle voit bien que les autres<br>conti\u00adnue\u00adront \u00e0&nbsp;la suivre&nbsp;; en fait elle trouve qu\u2019ils n\u2019ont aucune auto\u00adno\u00admie, et veut<br>juste d\u00e9cou\u00advrir \u00e0&nbsp;tra\u00advers leurs mou\u00adve\u00adments ou pos\u00adtures s\u2019ils lui sont hos\u00adtiles ou<br>pas. Elle \u00e9vite les regards par peur de th\u00e9\u00e2\u00adtra\u00adli\u00adser sa danse.<br><br>- Pour notre qua\u00adtri\u00e8me essai, nous intro\u00addui\u00adsons une nou\u00advelle consigne. La<br>per\u00adsonne au centre va bou\u00adger d\u00e8s le d\u00e9part, car on s\u2019avise qu\u2019il est plus facile de<br>se sen\u00adtir jug\u00e9 si on agit sous le regard des autres, que si on reste immo\u00adbile. Il va<br>dan\u00adser autour des quatre autres, essayer de les entra\u00ee\u00adner dans sa danse mais n\u2019y<br>arrive pas. Il veut se moquer d\u2019eux mais trouve que ce n\u2019est pas une solu\u00adtion de<br>juger pour ne pas \u00eatre jug\u00e9. Fina\u00adle\u00adment deux \u00ab&nbsp;juges&nbsp;\u00bb se mettent \u00e0&nbsp;dan\u00adser une<br>sorte de valse, petit moment dr\u00f4le et absurde&nbsp;! Il a&nbsp;donc fina\u00adle\u00adment r\u00e9us\u00adsi \u00e0<br>impul\u00adser autre chose que cette fixa\u00adtion sur lui\u2026 ?<br><br>Nous n\u2019avons pas abou\u00adti \u00e0&nbsp;une mise en situa\u00adtion vrai\u00adment satis\u00adfai\u00adsante,<br>c\u2019est \u00e0&nbsp;dire qui pro\u00adbl\u00e8\u00adma\u00adtise le juge\u00adment au point qu\u2019on puisse le<br>\u00ab foru\u00admi\u00adser&nbsp;\u00bb. Nous avons cher\u00adch\u00e9, et ce fai\u00adsant nous avons fait des<br>d\u00e9cou\u00advertes&nbsp;; et j\u2019esp\u00e8re que l\u2019on conti\u00adnue\u00adra \u00e0&nbsp;cher\u00adcher sur le m\u00eame<br>th\u00e8me same\u00addi qui vient&nbsp;!<br><br>Nadine Gar\u00add\u00e8res,<br><br>d\u2019apr\u00e8s les retours oraux pen\u00addant l\u2019atelier, de&nbsp;:<br><br>\u2014-<br><br>Avant la danse forum telle que Nadine la r\u00e9sume tr\u00e8s bien, nous<br>avons essay\u00e9, pen\u00addant la deuxi\u00e8me phase de la mise en route, de faire<br>cir\u00adcu\u00adler notre sen\u00adsa\u00adtion d\u2019un point \u00e0&nbsp;l\u2019autre du corps, selon le<br>choix de cha\u00adcun (d\u2019une main \u00e0&nbsp;l\u2019autre, des pieds \u00e0&nbsp;la t\u00eate, en<br>dia\u00adgo\u00adnale etc.). Cette deuxi\u00e8me phase n\u2019\u00e9tait pas \u00e9vi\u00addente pour<br>cer\u00adtains, les d\u00e9con\u00adnec\u00adtant de leur sen\u00adsa\u00adtion de d\u00e9part (j\u2019avais fait<br>l\u2019erreur de don\u00adner l\u2019exemple de l\u2019onde, ce qui st\u00e9\u00adr\u00e9o\u00adty\u00adpait le<br>d\u00e9pla\u00adce\u00adment, je pense). Le forum n\u2019a donc pas pu com\u00adpl\u00e8\u00adte\u00adment b\u00e9n\u00e9\u00adfi\u00adcier de<br>cette mise en route.<br><br>Andr\u00e9ine Bel<br><br>d\u2019apr\u00e8s les retours de&nbsp;: Alexandre D, Am\u00e9\u00adlie E, Andr\u00e9ine B, Elise B, Leo\u00adnar\u00addo C, Mari\u00adlyne M, Mou\u00adrad A, Nadine G.<\/p><p style=\"color:green; text-align:right !important;\">Article cr\u00e9\u00e9 le 16\/02\/2020<\/p>","protected":false},"excerpt":{"rendered":"<p>Danse forum\u2192 Comptes-ren\u00ad\u00addus des ate\u00adliers\u2192 Lam\u00adbesc !!Se sen\u00adtir jug\u00e9 \u2013 2&nbsp;d\u00e9cembre 2006 Ce same\u00addi a&nbsp;\u00e9t\u00e9 bien nour\u00adris\u00adsant pour les neuf par\u00adti\u00adci\u00adpants&nbsp;! Mon amie et moi (Nadine G.)sommes repar\u00adties enthou\u00adsiastes, avec l\u2019envie de reve\u00adnir le same\u00addi d\u2019apr\u00e8s, pourconti\u00adnuer ce th\u00e8me pas\u00adsion\u00adnant du juge\u00adment. L\u2019impression d\u2019\u00eatre au coeurl\u2019essentiel\u2026 C\u2019est \u00e0&nbsp;la pause que le th\u00e8me du juge\u00adment est sor\u00adti. Nous par\u00adlions dequ\u2019est-ce que l\u2019\u00e9ducation du regard, l\u2019\u00e9ducation d\u2019un regard \u00e0&nbsp;la foiscri\u00adtique et non-jugeant.Nous avons mis en place une pre\u00admi\u00e8re situa\u00adtion&nbsp;: une per\u00adsonne&nbsp;est&nbsp;[\u2026]<\/p>\n","protected":false},"author":2,"featured_media":0,"comment_status":"open","ping_status":"open","sticky":false,"template":"","format":"standard","meta":{"wp_typography_post_enhancements_disabled":false,"footnotes":""},"categories":[184],"tags":[208],"class_list":["post-218","post","type-post","status-publish","format-standard","hentry","category-ateliers_lambesc","tag-df_lambesc"],"yoast_head":"<!-- This site is optimized with the Yoast SEO plugin v27.5 - https:\/\/yoast.com\/product\/yoast-seo-wordpress\/ -->\n<title>Se sentir jug\u00e9 - Le TILT<\/title>\n<meta name=\"robots\" content=\"index, follow, max-snippet:-1, max-image-preview:large, max-video-preview:-1\" \/>\n<link rel=\"canonical\" href=\"https:\/\/www.leti.lt\/wordpress\/danseforum-sesentirjuge\/\" \/>\n<meta property=\"og:locale\" content=\"fr_FR\" \/>\n<meta property=\"og:type\" content=\"article\" \/>\n<meta property=\"og:title\" content=\"Se sentir jug\u00e9 - Le TILT\" \/>\n<meta property=\"og:description\" content=\"Danse forum\u2192 Comptes-ren\u00addus des ate\u00adliers\u2192 Lam\u00adbesc !!Se sen\u00adtir jug\u00e9 \u2013 2&nbsp;d\u00e9cembre 2006 Ce same\u00addi a&nbsp;\u00e9t\u00e9 bien nour\u00adris\u00adsant pour les neuf par\u00adti\u00adci\u00adpants&nbsp;! Mon amie et moi (Nadine G.)sommes repar\u00adties enthou\u00adsiastes, avec l\u2019envie de reve\u00adnir le same\u00addi d\u2019apr\u00e8s, pourconti\u00adnuer ce th\u00e8me pas\u00adsion\u00adnant du juge\u00adment. L\u2019impression d\u2019\u00eatre au coeurl\u2019essentiel\u2026 C\u2019est \u00e0&nbsp;la pause que le th\u00e8me du juge\u00adment est sor\u00adti. Nous par\u00adlions dequ\u2019est-ce que l\u2019\u00e9ducation du regard, l\u2019\u00e9ducation d\u2019un regard \u00e0&nbsp;la foiscri\u00adtique et non-jugeant.Nous avons mis en place une pre\u00admi\u00e8re situa\u00adtion&nbsp;: une per\u00adsonne est [&hellip;]\" \/>\n<meta property=\"og:url\" content=\"https:\/\/www.leti.lt\/wordpress\/danseforum-sesentirjuge\/\" \/>\n<meta property=\"og:site_name\" content=\"Le TILT\" \/>\n<meta property=\"article:published_time\" content=\"2020-02-16T14:30:33+00:00\" \/>\n<meta name=\"author\" content=\"Andr\u00e9ine Bel\" \/>\n<meta name=\"twitter:card\" content=\"summary_large_image\" \/>\n<meta name=\"twitter:label1\" content=\"\u00c9crit par\" \/>\n\t<meta name=\"twitter:data1\" content=\"Andr\u00e9ine Bel\" \/>\n\t<meta name=\"twitter:label2\" content=\"Dur\u00e9e de lecture estim\u00e9e\" \/>\n\t<meta name=\"twitter:data2\" content=\"3 minutes\" \/>\n<script type=\"application\/ld+json\" class=\"yoast-schema-graph\">{\"@context\":\"https:\\\/\\\/schema.org\",\"@graph\":[{\"@type\":\"Article\",\"@id\":\"https:\\\/\\\/www.leti.lt\\\/wordpress\\\/danseforum-sesentirjuge\\\/#article\",\"isPartOf\":{\"@id\":\"https:\\\/\\\/www.leti.lt\\\/wordpress\\\/danseforum-sesentirjuge\\\/\"},\"author\":{\"name\":\"Andr\u00e9ine Bel\",\"@id\":\"https:\\\/\\\/www.leti.lt\\\/wordpress\\\/#\\\/schema\\\/person\\\/9bb307b2af8fbb575bb3603e57951f75\"},\"headline\":\"Se sentir jug\u00e9\",\"datePublished\":\"2020-02-16T14:30:33+00:00\",\"mainEntityOfPage\":{\"@id\":\"https:\\\/\\\/www.leti.lt\\\/wordpress\\\/danseforum-sesentirjuge\\\/\"},\"wordCount\":662,\"commentCount\":0,\"keywords\":[\"DF_Lambesc\"],\"articleSection\":[\"Ateliers Lambesc\"],\"inLanguage\":\"fr-FR\",\"potentialAction\":[{\"@type\":\"CommentAction\",\"name\":\"Comment\",\"target\":[\"https:\\\/\\\/www.leti.lt\\\/wordpress\\\/danseforum-sesentirjuge\\\/#respond\"]}]},{\"@type\":\"WebPage\",\"@id\":\"https:\\\/\\\/www.leti.lt\\\/wordpress\\\/danseforum-sesentirjuge\\\/\",\"url\":\"https:\\\/\\\/www.leti.lt\\\/wordpress\\\/danseforum-sesentirjuge\\\/\",\"name\":\"Se sentir jug\u00e9 - Le TILT\",\"isPartOf\":{\"@id\":\"https:\\\/\\\/www.leti.lt\\\/wordpress\\\/#website\"},\"datePublished\":\"2020-02-16T14:30:33+00:00\",\"author\":{\"@id\":\"https:\\\/\\\/www.leti.lt\\\/wordpress\\\/#\\\/schema\\\/person\\\/9bb307b2af8fbb575bb3603e57951f75\"},\"breadcrumb\":{\"@id\":\"https:\\\/\\\/www.leti.lt\\\/wordpress\\\/danseforum-sesentirjuge\\\/#breadcrumb\"},\"inLanguage\":\"fr-FR\",\"potentialAction\":[{\"@type\":\"ReadAction\",\"target\":[\"https:\\\/\\\/www.leti.lt\\\/wordpress\\\/danseforum-sesentirjuge\\\/\"]}]},{\"@type\":\"BreadcrumbList\",\"@id\":\"https:\\\/\\\/www.leti.lt\\\/wordpress\\\/danseforum-sesentirjuge\\\/#breadcrumb\",\"itemListElement\":[{\"@type\":\"ListItem\",\"position\":1,\"name\":\"Accueil\",\"item\":\"https:\\\/\\\/www.leti.lt\\\/wordpress\\\/\"},{\"@type\":\"ListItem\",\"position\":2,\"name\":\"Se sentir jug\u00e9\"}]},{\"@type\":\"WebSite\",\"@id\":\"https:\\\/\\\/www.leti.lt\\\/wordpress\\\/#website\",\"url\":\"https:\\\/\\\/www.leti.lt\\\/wordpress\\\/\",\"name\":\"Le TILT\",\"description\":\"Recherche, publication, cr\u00e9ation artistique\",\"potentialAction\":[{\"@type\":\"SearchAction\",\"target\":{\"@type\":\"EntryPoint\",\"urlTemplate\":\"https:\\\/\\\/www.leti.lt\\\/wordpress\\\/?s={search_term_string}\"},\"query-input\":{\"@type\":\"PropertyValueSpecification\",\"valueRequired\":true,\"valueName\":\"search_term_string\"}}],\"inLanguage\":\"fr-FR\"},{\"@type\":\"Person\",\"@id\":\"https:\\\/\\\/www.leti.lt\\\/wordpress\\\/#\\\/schema\\\/person\\\/9bb307b2af8fbb575bb3603e57951f75\",\"name\":\"Andr\u00e9ine Bel\",\"image\":{\"@type\":\"ImageObject\",\"inLanguage\":\"fr-FR\",\"@id\":\"https:\\\/\\\/secure.gravatar.com\\\/avatar\\\/4ab041ec7c7ad3b90293023e86528ec1a700ce2971ff61811b2df6b288dd1f38?s=96&d=identicon&r=g\",\"url\":\"https:\\\/\\\/secure.gravatar.com\\\/avatar\\\/4ab041ec7c7ad3b90293023e86528ec1a700ce2971ff61811b2df6b288dd1f38?s=96&d=identicon&r=g\",\"contentUrl\":\"https:\\\/\\\/secure.gravatar.com\\\/avatar\\\/4ab041ec7c7ad3b90293023e86528ec1a700ce2971ff61811b2df6b288dd1f38?s=96&d=identicon&r=g\",\"caption\":\"Andr\u00e9ine Bel\"},\"url\":\"https:\\\/\\\/www.leti.lt\\\/wordpress\\\/author\\\/andreine\\\/\"}]}<\/script>\n<!-- \/ Yoast SEO plugin. -->","yoast_head_json":{"title":"Se sentir jug\u00e9 - Le TILT","robots":{"index":"index","follow":"follow","max-snippet":"max-snippet:-1","max-image-preview":"max-image-preview:large","max-video-preview":"max-video-preview:-1"},"canonical":"https:\/\/www.leti.lt\/wordpress\/danseforum-sesentirjuge\/","og_locale":"fr_FR","og_type":"article","og_title":"Se sentir jug\u00e9 - Le TILT","og_description":"Danse forum\u2192 Comptes-ren\u00addus des ate\u00adliers\u2192 Lam\u00adbesc !!Se sen\u00adtir jug\u00e9 \u2013 2&nbsp;d\u00e9cembre 2006 Ce same\u00addi a&nbsp;\u00e9t\u00e9 bien nour\u00adris\u00adsant pour les neuf par\u00adti\u00adci\u00adpants&nbsp;! Mon amie et moi (Nadine G.)sommes repar\u00adties enthou\u00adsiastes, avec l\u2019envie de reve\u00adnir le same\u00addi d\u2019apr\u00e8s, pourconti\u00adnuer ce th\u00e8me pas\u00adsion\u00adnant du juge\u00adment. L\u2019impression d\u2019\u00eatre au coeurl\u2019essentiel\u2026 C\u2019est \u00e0&nbsp;la pause que le th\u00e8me du juge\u00adment est sor\u00adti. Nous par\u00adlions dequ\u2019est-ce que l\u2019\u00e9ducation du regard, l\u2019\u00e9ducation d\u2019un regard \u00e0&nbsp;la foiscri\u00adtique et non-jugeant.Nous avons mis en place une pre\u00admi\u00e8re situa\u00adtion&nbsp;: une per\u00adsonne est [&hellip;]","og_url":"https:\/\/www.leti.lt\/wordpress\/danseforum-sesentirjuge\/","og_site_name":"Le TILT","article_published_time":"2020-02-16T14:30:33+00:00","author":"Andr\u00e9ine Bel","twitter_card":"summary_large_image","twitter_misc":{"\u00c9crit par":"Andr\u00e9ine Bel","Dur\u00e9e de lecture estim\u00e9e":"3 minutes"},"schema":{"@context":"https:\/\/schema.org","@graph":[{"@type":"Article","@id":"https:\/\/www.leti.lt\/wordpress\/danseforum-sesentirjuge\/#article","isPartOf":{"@id":"https:\/\/www.leti.lt\/wordpress\/danseforum-sesentirjuge\/"},"author":{"name":"Andr\u00e9ine Bel","@id":"https:\/\/www.leti.lt\/wordpress\/#\/schema\/person\/9bb307b2af8fbb575bb3603e57951f75"},"headline":"Se sentir jug\u00e9","datePublished":"2020-02-16T14:30:33+00:00","mainEntityOfPage":{"@id":"https:\/\/www.leti.lt\/wordpress\/danseforum-sesentirjuge\/"},"wordCount":662,"commentCount":0,"keywords":["DF_Lambesc"],"articleSection":["Ateliers Lambesc"],"inLanguage":"fr-FR","potentialAction":[{"@type":"CommentAction","name":"Comment","target":["https:\/\/www.leti.lt\/wordpress\/danseforum-sesentirjuge\/#respond"]}]},{"@type":"WebPage","@id":"https:\/\/www.leti.lt\/wordpress\/danseforum-sesentirjuge\/","url":"https:\/\/www.leti.lt\/wordpress\/danseforum-sesentirjuge\/","name":"Se sentir jug\u00e9 - Le TILT","isPartOf":{"@id":"https:\/\/www.leti.lt\/wordpress\/#website"},"datePublished":"2020-02-16T14:30:33+00:00","author":{"@id":"https:\/\/www.leti.lt\/wordpress\/#\/schema\/person\/9bb307b2af8fbb575bb3603e57951f75"},"breadcrumb":{"@id":"https:\/\/www.leti.lt\/wordpress\/danseforum-sesentirjuge\/#breadcrumb"},"inLanguage":"fr-FR","potentialAction":[{"@type":"ReadAction","target":["https:\/\/www.leti.lt\/wordpress\/danseforum-sesentirjuge\/"]}]},{"@type":"BreadcrumbList","@id":"https:\/\/www.leti.lt\/wordpress\/danseforum-sesentirjuge\/#breadcrumb","itemListElement":[{"@type":"ListItem","position":1,"name":"Accueil","item":"https:\/\/www.leti.lt\/wordpress\/"},{"@type":"ListItem","position":2,"name":"Se sentir jug\u00e9"}]},{"@type":"WebSite","@id":"https:\/\/www.leti.lt\/wordpress\/#website","url":"https:\/\/www.leti.lt\/wordpress\/","name":"Le TILT","description":"Recherche, publication, cr\u00e9ation artistique","potentialAction":[{"@type":"SearchAction","target":{"@type":"EntryPoint","urlTemplate":"https:\/\/www.leti.lt\/wordpress\/?s={search_term_string}"},"query-input":{"@type":"PropertyValueSpecification","valueRequired":true,"valueName":"search_term_string"}}],"inLanguage":"fr-FR"},{"@type":"Person","@id":"https:\/\/www.leti.lt\/wordpress\/#\/schema\/person\/9bb307b2af8fbb575bb3603e57951f75","name":"Andr\u00e9ine Bel","image":{"@type":"ImageObject","inLanguage":"fr-FR","@id":"https:\/\/secure.gravatar.com\/avatar\/4ab041ec7c7ad3b90293023e86528ec1a700ce2971ff61811b2df6b288dd1f38?s=96&d=identicon&r=g","url":"https:\/\/secure.gravatar.com\/avatar\/4ab041ec7c7ad3b90293023e86528ec1a700ce2971ff61811b2df6b288dd1f38?s=96&d=identicon&r=g","contentUrl":"https:\/\/secure.gravatar.com\/avatar\/4ab041ec7c7ad3b90293023e86528ec1a700ce2971ff61811b2df6b288dd1f38?s=96&d=identicon&r=g","caption":"Andr\u00e9ine Bel"},"url":"https:\/\/www.leti.lt\/wordpress\/author\/andreine\/"}]}},"_links":{"self":[{"href":"https:\/\/www.leti.lt\/wordpress\/wp-json\/wp\/v2\/posts\/218","targetHints":{"allow":["GET"]}}],"collection":[{"href":"https:\/\/www.leti.lt\/wordpress\/wp-json\/wp\/v2\/posts"}],"about":[{"href":"https:\/\/www.leti.lt\/wordpress\/wp-json\/wp\/v2\/types\/post"}],"author":[{"embeddable":true,"href":"https:\/\/www.leti.lt\/wordpress\/wp-json\/wp\/v2\/users\/2"}],"replies":[{"embeddable":true,"href":"https:\/\/www.leti.lt\/wordpress\/wp-json\/wp\/v2\/comments?post=218"}],"version-history":[{"count":0,"href":"https:\/\/www.leti.lt\/wordpress\/wp-json\/wp\/v2\/posts\/218\/revisions"}],"wp:attachment":[{"href":"https:\/\/www.leti.lt\/wordpress\/wp-json\/wp\/v2\/media?parent=218"}],"wp:term":[{"taxonomy":"category","embeddable":true,"href":"https:\/\/www.leti.lt\/wordpress\/wp-json\/wp\/v2\/categories?post=218"},{"taxonomy":"post_tag","embeddable":true,"href":"https:\/\/www.leti.lt\/wordpress\/wp-json\/wp\/v2\/tags?post=218"}],"curies":[{"name":"wp","href":"https:\/\/api.w.org\/{rel}","templated":true}]}}