{"id":217,"date":"2020-02-16T15:30:33","date_gmt":"2020-02-16T14:30:33","guid":{"rendered":"https:\/\/www.leti.lt\/wordpress\/?p=217"},"modified":"-0001-11-30T00:00:00","modified_gmt":"-0001-11-29T22:00:00","slug":"danseforum-seposer","status":"publish","type":"post","link":"https:\/\/www.leti.lt\/wordpress\/danseforum-seposer\/","title":{"rendered":"Se poser"},"content":{"rendered":"<p><a href=\"https:\/\/www.leti.lt\/wordpress\/danseforum-danseforum\/\">Danse forum<\/a><br>\u2192 <a href=\"https:\/\/www.leti.lt\/wordpress\/danseforum-comptesrendusateliers\/\">Comptes-ren\u00addus des ate\u00adliers<\/a><br>\u2192 <a href=\"https:\/\/www.leti.lt\/wordpress\/danseforum-lambesc\/\">Lam\u00adbesc<\/a><br><br>!!Se poser \u2013 6&nbsp;octobre 2007<br><br>Nous \u00e9tions 13, en ce beau jour d\u2019automne.<br><br>Sept d\u2019entre nous n\u2019avaient jamais pra\u00adti\u00adqu\u00e9 la danse forum, et comme tou\u00adjours, l\u2019entr\u00e9e en mati\u00e8re est d\u00e9li\u00adcate. Il nous faut encore r\u00e9fl\u00e9\u00adchir \u00e0&nbsp;com\u00adment rendre acces\u00adsible ce que nous avons \u00e9chaf\u00adfau\u00add\u00e9 depuis trois ans. Un espace de liber\u00adt\u00e9 ne peut \u00eatre s\u00e9cu\u00adri\u00ads\u00e9 que si cha\u00adcun est atten\u00adtif \u00e0&nbsp;l\u2019autre, \u00e0&nbsp;chaque approche, \u00e0&nbsp;chaque contact. D\u00e9ve\u00adlop\u00adper cette atten\u00adtion reste notre prio\u00adri\u00adt\u00e9.<br><br>Les sen\u00adsa\u00adtions \u00e9taient mul\u00adtiples, et il fau\u00addrait les noter sur le champ pour ne pas en oublier&nbsp;: aci\u00addi\u00adt\u00e9, l\u00e9g\u00e8\u00adre\u00adt\u00e9, pul\u00adsa\u00adtion du plexus solaire, contrac\u00adtion\u2026<br><br>Les besoins allaient dans les oppo\u00ads\u00e9s, mais la plu\u00adpart d\u2019entre nous avait le besoin de \u00ab&nbsp;se poser&nbsp;\u00bb. Il y&nbsp;a une infi\u00adni\u00adt\u00e9 de fa\u00e7ons de se poser&nbsp;: s\u2019immobiliser&nbsp;? se recen\u00adtrer&nbsp;? sen\u00adtir son poids&nbsp;? etc. Aus\u00adsi nous avons sp\u00e9\u00adci\u00adfi\u00e9 assez vite (trop vite ?) que se poser \u00e9tait pris au sens de \u00ab&nbsp;sen\u00adtir ses appuis&nbsp;\u00bb.<br><br>C\u2019est l\u00e0 que l\u2019approche pr\u00e9\u00adex\u00adpres\u00adsive aurait toute sa place&nbsp;: en fin de pre\u00admi\u00e8re par\u00adtie, la pr\u00e9\u00adex\u00adpres\u00adsi\u00advi\u00adt\u00e9 peut nour\u00adrir les r\u00e9ponses au besoin cibl\u00e9. A&nbsp;d\u00e9ve\u00adlop\u00adper, d\u00e8s le pro\u00adchain ate\u00adlier, nous en conve\u00adnons ensemble.<br><br>Pen\u00addant le forum, le th\u00e8me s\u2019est d\u00e9ve\u00adlop\u00adp\u00e9 presque mal\u00adgr\u00e9 lui, et sur plu\u00adsieurs \u00e9tages.<br><br>Mal\u00adgr\u00e9 lui, car savoir se poser est \u00ab&nbsp;la&nbsp;\u00bb base des bases, par essence et par forme. Sans base, impos\u00adsible de construire autre chose que des ch\u00e2\u00adteaux de sable. C\u2019est par la pra\u00adtique de la danse que la danse se pose.<br><br>Sur plu\u00adsieurs \u00e9tages, dans sa rela\u00adtion \u00e0&nbsp;soi et aux autres, \u00e0&nbsp;l\u2019espace et \u00e0&nbsp;la musique.<br><br>Au d\u00e9part, se poser est deve\u00adnu un exer\u00adcice illus\u00adtra\u00adtif o\u00f9 l\u2019intention \u00e9tait lisible en grosses lettres. Ain\u00adsi le th\u00e8me m\u00eame indui\u00adsait un ren\u00addu \u00e0&nbsp;l\u2019oppos\u00e9 de lui-m\u00eame&nbsp;! L\u2019intention essayait de don\u00adner une image lisse de ce qui per\u00admet de ce \u00ab&nbsp;cen\u00adtrer&nbsp;\u00bb, de prendre ses appuis, mais elle ne fai\u00adsait que tra\u00adhir jus\u00adte\u00adment l\u2019absence de cen\u00adtrage.<br><br>Puis, touche par touche, la danse s\u2019est \u00ab&nbsp;pos\u00e9e&nbsp;\u00bb, les mou\u00adve\u00adments et les corps s\u2019organisaient sans effort don\u00adnant un sen\u00adti\u00adment de grande coh\u00e9\u00adrence et flui\u00addi\u00adt\u00e9. C\u2019est au vision\u00adnage de la video que c\u2019ela nous est apa\u00adru le plus clai\u00adre\u00adment. Il a&nbsp;fal\u00adlu attendre la toute der\u00adni\u00e8re danse pour voir se r\u00e9a\u00adli\u00adser cet impro\u00adbable\u2026 la sen\u00adsa\u00adtion est inimi\u00adtable&nbsp;!<br><br>Andr\u00e9ine Bel<br><br>d\u2019apr\u00e8s les retours de&nbsp;: Andr\u00e9ine B, Aurore C, Diane C, Cathy X, India\u00adna M, Joan\u00adna B, Katia F, Ken M, Laurent B, Leo\u00adnar\u00addo C, Marie-Aude F, Phi\u00adlippe M,&nbsp;X.<\/p><p style=\"color:green; text-align:right !important;\">Article cr\u00e9\u00e9 le 16\/02\/2020<\/p>","protected":false},"excerpt":{"rendered":"<p>Danse forum\u2192 Comptes-ren\u00ad\u00addus des ate\u00adliers\u2192 Lam\u00adbesc !!Se poser \u2013 6&nbsp;octobre 2007 Nous \u00e9tions 13, en ce beau jour d\u2019automne. Sept d\u2019entre nous n\u2019avaient jamais pra\u00adti\u00adqu\u00e9 la danse forum, et comme tou\u00adjours, l\u2019entr\u00e9e en mati\u00e8re est d\u00e9li\u00adcate. Il nous faut encore r\u00e9fl\u00e9\u00adchir \u00e0&nbsp;com\u00adment rendre acces\u00adsible ce que nous avons \u00e9chaf\u00adfau\u00add\u00e9 depuis trois ans. Un espace de liber\u00adt\u00e9 ne peut \u00eatre s\u00e9cu\u00adri\u00ads\u00e9 que si cha\u00adcun est atten\u00adtif \u00e0&nbsp;l\u2019autre, \u00e0&nbsp;chaque approche, \u00e0&nbsp;chaque contact. D\u00e9ve\u00adlop\u00adper cette atten\u00adtion reste notre prio\u00adri\u00adt\u00e9. Les sen\u00adsa\u00adtions \u00e9taient multiples,&nbsp;[\u2026]<\/p>\n","protected":false},"author":2,"featured_media":0,"comment_status":"open","ping_status":"open","sticky":false,"template":"","format":"standard","meta":{"wp_typography_post_enhancements_disabled":false,"footnotes":""},"categories":[184],"tags":[208],"class_list":["post-217","post","type-post","status-publish","format-standard","hentry","category-ateliers_lambesc","tag-df_lambesc"],"yoast_head":"<!-- This site is optimized with the Yoast SEO plugin v27.5 - https:\/\/yoast.com\/product\/yoast-seo-wordpress\/ -->\n<title>Se poser - Le TILT<\/title>\n<meta name=\"robots\" content=\"index, follow, max-snippet:-1, max-image-preview:large, max-video-preview:-1\" \/>\n<link rel=\"canonical\" href=\"https:\/\/www.leti.lt\/wordpress\/danseforum-seposer\/\" \/>\n<meta property=\"og:locale\" content=\"fr_FR\" \/>\n<meta property=\"og:type\" content=\"article\" \/>\n<meta property=\"og:title\" content=\"Se poser - Le TILT\" \/>\n<meta property=\"og:description\" content=\"Danse forum\u2192 Comptes-ren\u00addus des ate\u00adliers\u2192 Lam\u00adbesc !!Se poser \u2013 6&nbsp;octobre 2007 Nous \u00e9tions 13, en ce beau jour d\u2019automne. Sept d\u2019entre nous n\u2019avaient jamais pra\u00adti\u00adqu\u00e9 la danse forum, et comme tou\u00adjours, l\u2019entr\u00e9e en mati\u00e8re est d\u00e9li\u00adcate. Il nous faut encore r\u00e9fl\u00e9\u00adchir \u00e0&nbsp;com\u00adment rendre acces\u00adsible ce que nous avons \u00e9chaf\u00adfau\u00add\u00e9 depuis trois ans. Un espace de liber\u00adt\u00e9 ne peut \u00eatre s\u00e9cu\u00adri\u00ads\u00e9 que si cha\u00adcun est atten\u00adtif \u00e0&nbsp;l\u2019autre, \u00e0&nbsp;chaque approche, \u00e0&nbsp;chaque contact. D\u00e9ve\u00adlop\u00adper cette atten\u00adtion reste notre priorit\u00e9. Les sen\u00adsa\u00adtions \u00e9taient mul\u00adtiples, [&hellip;]\" \/>\n<meta property=\"og:url\" content=\"https:\/\/www.leti.lt\/wordpress\/danseforum-seposer\/\" \/>\n<meta property=\"og:site_name\" content=\"Le TILT\" \/>\n<meta property=\"article:published_time\" content=\"2020-02-16T14:30:33+00:00\" \/>\n<meta name=\"author\" content=\"Andr\u00e9ine Bel\" \/>\n<meta name=\"twitter:card\" content=\"summary_large_image\" \/>\n<meta name=\"twitter:label1\" content=\"\u00c9crit par\" \/>\n\t<meta name=\"twitter:data1\" content=\"Andr\u00e9ine Bel\" \/>\n\t<meta name=\"twitter:label2\" content=\"Dur\u00e9e de lecture estim\u00e9e\" \/>\n\t<meta name=\"twitter:data2\" content=\"2 minutes\" \/>\n<script type=\"application\/ld+json\" class=\"yoast-schema-graph\">{\"@context\":\"https:\\\/\\\/schema.org\",\"@graph\":[{\"@type\":\"Article\",\"@id\":\"https:\\\/\\\/www.leti.lt\\\/wordpress\\\/danseforum-seposer\\\/#article\",\"isPartOf\":{\"@id\":\"https:\\\/\\\/www.leti.lt\\\/wordpress\\\/danseforum-seposer\\\/\"},\"author\":{\"name\":\"Andr\u00e9ine Bel\",\"@id\":\"https:\\\/\\\/www.leti.lt\\\/wordpress\\\/#\\\/schema\\\/person\\\/9bb307b2af8fbb575bb3603e57951f75\"},\"headline\":\"Se poser\",\"datePublished\":\"2020-02-16T14:30:33+00:00\",\"mainEntityOfPage\":{\"@id\":\"https:\\\/\\\/www.leti.lt\\\/wordpress\\\/danseforum-seposer\\\/\"},\"wordCount\":448,\"commentCount\":0,\"keywords\":[\"DF_Lambesc\"],\"articleSection\":[\"Ateliers Lambesc\"],\"inLanguage\":\"fr-FR\",\"potentialAction\":[{\"@type\":\"CommentAction\",\"name\":\"Comment\",\"target\":[\"https:\\\/\\\/www.leti.lt\\\/wordpress\\\/danseforum-seposer\\\/#respond\"]}]},{\"@type\":\"WebPage\",\"@id\":\"https:\\\/\\\/www.leti.lt\\\/wordpress\\\/danseforum-seposer\\\/\",\"url\":\"https:\\\/\\\/www.leti.lt\\\/wordpress\\\/danseforum-seposer\\\/\",\"name\":\"Se poser - Le TILT\",\"isPartOf\":{\"@id\":\"https:\\\/\\\/www.leti.lt\\\/wordpress\\\/#website\"},\"datePublished\":\"2020-02-16T14:30:33+00:00\",\"author\":{\"@id\":\"https:\\\/\\\/www.leti.lt\\\/wordpress\\\/#\\\/schema\\\/person\\\/9bb307b2af8fbb575bb3603e57951f75\"},\"breadcrumb\":{\"@id\":\"https:\\\/\\\/www.leti.lt\\\/wordpress\\\/danseforum-seposer\\\/#breadcrumb\"},\"inLanguage\":\"fr-FR\",\"potentialAction\":[{\"@type\":\"ReadAction\",\"target\":[\"https:\\\/\\\/www.leti.lt\\\/wordpress\\\/danseforum-seposer\\\/\"]}]},{\"@type\":\"BreadcrumbList\",\"@id\":\"https:\\\/\\\/www.leti.lt\\\/wordpress\\\/danseforum-seposer\\\/#breadcrumb\",\"itemListElement\":[{\"@type\":\"ListItem\",\"position\":1,\"name\":\"Accueil\",\"item\":\"https:\\\/\\\/www.leti.lt\\\/wordpress\\\/\"},{\"@type\":\"ListItem\",\"position\":2,\"name\":\"Se poser\"}]},{\"@type\":\"WebSite\",\"@id\":\"https:\\\/\\\/www.leti.lt\\\/wordpress\\\/#website\",\"url\":\"https:\\\/\\\/www.leti.lt\\\/wordpress\\\/\",\"name\":\"Le TILT\",\"description\":\"Recherche, publication, cr\u00e9ation artistique\",\"potentialAction\":[{\"@type\":\"SearchAction\",\"target\":{\"@type\":\"EntryPoint\",\"urlTemplate\":\"https:\\\/\\\/www.leti.lt\\\/wordpress\\\/?s={search_term_string}\"},\"query-input\":{\"@type\":\"PropertyValueSpecification\",\"valueRequired\":true,\"valueName\":\"search_term_string\"}}],\"inLanguage\":\"fr-FR\"},{\"@type\":\"Person\",\"@id\":\"https:\\\/\\\/www.leti.lt\\\/wordpress\\\/#\\\/schema\\\/person\\\/9bb307b2af8fbb575bb3603e57951f75\",\"name\":\"Andr\u00e9ine Bel\",\"image\":{\"@type\":\"ImageObject\",\"inLanguage\":\"fr-FR\",\"@id\":\"https:\\\/\\\/secure.gravatar.com\\\/avatar\\\/4ab041ec7c7ad3b90293023e86528ec1a700ce2971ff61811b2df6b288dd1f38?s=96&d=identicon&r=g\",\"url\":\"https:\\\/\\\/secure.gravatar.com\\\/avatar\\\/4ab041ec7c7ad3b90293023e86528ec1a700ce2971ff61811b2df6b288dd1f38?s=96&d=identicon&r=g\",\"contentUrl\":\"https:\\\/\\\/secure.gravatar.com\\\/avatar\\\/4ab041ec7c7ad3b90293023e86528ec1a700ce2971ff61811b2df6b288dd1f38?s=96&d=identicon&r=g\",\"caption\":\"Andr\u00e9ine Bel\"},\"url\":\"https:\\\/\\\/www.leti.lt\\\/wordpress\\\/author\\\/andreine\\\/\"}]}<\/script>\n<!-- \/ Yoast SEO plugin. -->","yoast_head_json":{"title":"Se poser - Le TILT","robots":{"index":"index","follow":"follow","max-snippet":"max-snippet:-1","max-image-preview":"max-image-preview:large","max-video-preview":"max-video-preview:-1"},"canonical":"https:\/\/www.leti.lt\/wordpress\/danseforum-seposer\/","og_locale":"fr_FR","og_type":"article","og_title":"Se poser - Le TILT","og_description":"Danse forum\u2192 Comptes-ren\u00addus des ate\u00adliers\u2192 Lam\u00adbesc !!Se poser \u2013 6&nbsp;octobre 2007 Nous \u00e9tions 13, en ce beau jour d\u2019automne. Sept d\u2019entre nous n\u2019avaient jamais pra\u00adti\u00adqu\u00e9 la danse forum, et comme tou\u00adjours, l\u2019entr\u00e9e en mati\u00e8re est d\u00e9li\u00adcate. Il nous faut encore r\u00e9fl\u00e9\u00adchir \u00e0&nbsp;com\u00adment rendre acces\u00adsible ce que nous avons \u00e9chaf\u00adfau\u00add\u00e9 depuis trois ans. Un espace de liber\u00adt\u00e9 ne peut \u00eatre s\u00e9cu\u00adri\u00ads\u00e9 que si cha\u00adcun est atten\u00adtif \u00e0&nbsp;l\u2019autre, \u00e0&nbsp;chaque approche, \u00e0&nbsp;chaque contact. D\u00e9ve\u00adlop\u00adper cette atten\u00adtion reste notre priorit\u00e9. Les sen\u00adsa\u00adtions \u00e9taient mul\u00adtiples, [&hellip;]","og_url":"https:\/\/www.leti.lt\/wordpress\/danseforum-seposer\/","og_site_name":"Le TILT","article_published_time":"2020-02-16T14:30:33+00:00","author":"Andr\u00e9ine Bel","twitter_card":"summary_large_image","twitter_misc":{"\u00c9crit par":"Andr\u00e9ine Bel","Dur\u00e9e de lecture estim\u00e9e":"2 minutes"},"schema":{"@context":"https:\/\/schema.org","@graph":[{"@type":"Article","@id":"https:\/\/www.leti.lt\/wordpress\/danseforum-seposer\/#article","isPartOf":{"@id":"https:\/\/www.leti.lt\/wordpress\/danseforum-seposer\/"},"author":{"name":"Andr\u00e9ine Bel","@id":"https:\/\/www.leti.lt\/wordpress\/#\/schema\/person\/9bb307b2af8fbb575bb3603e57951f75"},"headline":"Se poser","datePublished":"2020-02-16T14:30:33+00:00","mainEntityOfPage":{"@id":"https:\/\/www.leti.lt\/wordpress\/danseforum-seposer\/"},"wordCount":448,"commentCount":0,"keywords":["DF_Lambesc"],"articleSection":["Ateliers Lambesc"],"inLanguage":"fr-FR","potentialAction":[{"@type":"CommentAction","name":"Comment","target":["https:\/\/www.leti.lt\/wordpress\/danseforum-seposer\/#respond"]}]},{"@type":"WebPage","@id":"https:\/\/www.leti.lt\/wordpress\/danseforum-seposer\/","url":"https:\/\/www.leti.lt\/wordpress\/danseforum-seposer\/","name":"Se poser - Le TILT","isPartOf":{"@id":"https:\/\/www.leti.lt\/wordpress\/#website"},"datePublished":"2020-02-16T14:30:33+00:00","author":{"@id":"https:\/\/www.leti.lt\/wordpress\/#\/schema\/person\/9bb307b2af8fbb575bb3603e57951f75"},"breadcrumb":{"@id":"https:\/\/www.leti.lt\/wordpress\/danseforum-seposer\/#breadcrumb"},"inLanguage":"fr-FR","potentialAction":[{"@type":"ReadAction","target":["https:\/\/www.leti.lt\/wordpress\/danseforum-seposer\/"]}]},{"@type":"BreadcrumbList","@id":"https:\/\/www.leti.lt\/wordpress\/danseforum-seposer\/#breadcrumb","itemListElement":[{"@type":"ListItem","position":1,"name":"Accueil","item":"https:\/\/www.leti.lt\/wordpress\/"},{"@type":"ListItem","position":2,"name":"Se poser"}]},{"@type":"WebSite","@id":"https:\/\/www.leti.lt\/wordpress\/#website","url":"https:\/\/www.leti.lt\/wordpress\/","name":"Le TILT","description":"Recherche, publication, cr\u00e9ation artistique","potentialAction":[{"@type":"SearchAction","target":{"@type":"EntryPoint","urlTemplate":"https:\/\/www.leti.lt\/wordpress\/?s={search_term_string}"},"query-input":{"@type":"PropertyValueSpecification","valueRequired":true,"valueName":"search_term_string"}}],"inLanguage":"fr-FR"},{"@type":"Person","@id":"https:\/\/www.leti.lt\/wordpress\/#\/schema\/person\/9bb307b2af8fbb575bb3603e57951f75","name":"Andr\u00e9ine Bel","image":{"@type":"ImageObject","inLanguage":"fr-FR","@id":"https:\/\/secure.gravatar.com\/avatar\/4ab041ec7c7ad3b90293023e86528ec1a700ce2971ff61811b2df6b288dd1f38?s=96&d=identicon&r=g","url":"https:\/\/secure.gravatar.com\/avatar\/4ab041ec7c7ad3b90293023e86528ec1a700ce2971ff61811b2df6b288dd1f38?s=96&d=identicon&r=g","contentUrl":"https:\/\/secure.gravatar.com\/avatar\/4ab041ec7c7ad3b90293023e86528ec1a700ce2971ff61811b2df6b288dd1f38?s=96&d=identicon&r=g","caption":"Andr\u00e9ine Bel"},"url":"https:\/\/www.leti.lt\/wordpress\/author\/andreine\/"}]}},"_links":{"self":[{"href":"https:\/\/www.leti.lt\/wordpress\/wp-json\/wp\/v2\/posts\/217","targetHints":{"allow":["GET"]}}],"collection":[{"href":"https:\/\/www.leti.lt\/wordpress\/wp-json\/wp\/v2\/posts"}],"about":[{"href":"https:\/\/www.leti.lt\/wordpress\/wp-json\/wp\/v2\/types\/post"}],"author":[{"embeddable":true,"href":"https:\/\/www.leti.lt\/wordpress\/wp-json\/wp\/v2\/users\/2"}],"replies":[{"embeddable":true,"href":"https:\/\/www.leti.lt\/wordpress\/wp-json\/wp\/v2\/comments?post=217"}],"version-history":[{"count":0,"href":"https:\/\/www.leti.lt\/wordpress\/wp-json\/wp\/v2\/posts\/217\/revisions"}],"wp:attachment":[{"href":"https:\/\/www.leti.lt\/wordpress\/wp-json\/wp\/v2\/media?parent=217"}],"wp:term":[{"taxonomy":"category","embeddable":true,"href":"https:\/\/www.leti.lt\/wordpress\/wp-json\/wp\/v2\/categories?post=217"},{"taxonomy":"post_tag","embeddable":true,"href":"https:\/\/www.leti.lt\/wordpress\/wp-json\/wp\/v2\/tags?post=217"}],"curies":[{"name":"wp","href":"https:\/\/api.w.org\/{rel}","templated":true}]}}