{"id":214,"date":"2020-02-16T15:30:33","date_gmt":"2020-02-16T14:30:33","guid":{"rendered":"https:\/\/www.leti.lt\/wordpress\/?p=214"},"modified":"2020-06-10T23:55:17","modified_gmt":"2020-06-10T21:55:17","slug":"danseforum-resistance","status":"publish","type":"post","link":"https:\/\/www.leti.lt\/wordpress\/danseforum-resistance\/","title":{"rendered":"R\u00e9sistance"},"content":{"rendered":"\n<p><a href=\"https:\/\/www.leti.lt\/wordpress\/danseforum-danseforum\/\">Danse forum<\/a><br>\u2192 <a href=\"https:\/\/www.leti.lt\/wordpress\/danseforum-comptesrendusateliers\/\">Comptes-ren\u00addus des ate\u00adliers<\/a><br>\u2192 <a href=\"https:\/\/www.leti.lt\/wordpress\/danseforum-marseille\/\">Mar\u00adseille<\/a><br><br>!! R\u00e9sis\u00adtance \u2013 14 juin 2009<br><br>\u2014\u200a\u2014\u200a\u2014\u200a\u2014<br><br>\u2019\u2019\u2019\u2019\u2019Nadine&nbsp;: \u2019\u2019\u2019\u2019\u2019<br><br>\u00ab( \u2026) la danse est ce qui, au-del\u00e0 de la mons\u00adtra\u00adtion des mou\u00adve\u00adments ou de la promp\u00adti\u00adtude de leurs des\u00adsins ext\u00e9\u00adrieurs, av\u00e8re la force de leur rete\u00adnue. Certes, on ne mon\u00adtre\u00adra la force de la rete\u00adnue que dans le mou\u00adve\u00adment lui-m\u00eame, mais ce qui compte est la puis\u00adsante lisi\u00adbi\u00adli\u00adt\u00e9 de la rete\u00adnue.<br>Dans la danse ain\u00adsi con\u00e7ue, le mou\u00adve\u00adment a&nbsp;son essence dans ce qui n\u2019a pas eu lieu, dans ce qui est res\u00adt\u00e9 inef\u00adfec\u00adtif ou rete\u00adnu \u00e0&nbsp;l\u2019int\u00e9rieur du mou\u00adve\u00adment lui-m\u00eame.<br><br>Ce serait du reste une autre mani\u00e8re d\u2019aborder n\u00e9ga\u00adti\u00adve\u00adment l\u2019id\u00e9e de la danse. Car l\u2019impulsion qui n\u2019est pas rete\u00adnue, la sol\u00adli\u00adci\u00adta\u00adtion cor\u00adpo\u00adrelle aus\u00adsi\u00adt\u00f4t ob\u00e9ie et mani\u00adfeste, Nietzsche l\u2019appelle la vul\u00adga\u00adri\u00adt\u00e9. Il \u00e9crit que \u00ab&nbsp;toute vul\u00adga\u00adri\u00adt\u00e9 vient de l\u2019incapacit\u00e9 de r\u00e9sis\u00adter \u00e0&nbsp;une sol\u00adli\u00adci\u00adta\u00adtion&nbsp;\u00bb. Ou encore que la vul\u00adga\u00adri\u00adt\u00e9 est \u00ab&nbsp;que l\u2019on est contraint de r\u00e9agir, qu\u2019on ob\u00e9it \u00e0&nbsp;chaque impul\u00adsion&nbsp;\u00bb. On d\u00e9fi\u00adni\u00adra par cons\u00e9\u00adquent la danse comme mou\u00adve\u00adment du corps sous\u00adtrait \u00e0&nbsp;toute vul\u00adga\u00adri\u00adt\u00e9.&nbsp;\u00bb<br><br>Alain Badiou, intro\u00adduc\u00adtion de \u00ab&nbsp;Danse et pen\u00ads\u00e9e&nbsp;\u00bb, ouvrage col\u00adlec\u00adtif, \u00e9d.du GERMS \u2013 p&nbsp;13.14<br><br>Cet extrait est un \u00e9cho remar\u00adquable \u00e0&nbsp;ce que nous avons tra\u00adver\u00ads\u00e9 pen\u00addant cette danse forum. Ce qui est nom\u00adm\u00e9 ici \u00ab&nbsp;vul\u00adga\u00adri\u00adt\u00e9&nbsp;\u00bb pour\u00adrait \u00eatre, en par\u00adtie, ce que nous nom\u00admons par\u00adfois dans nos ate\u00adliers le \u00ab&nbsp;n\u2019importe quoi&nbsp;\u00bb.<br><br>Nous \u00e9tions quatre, et notre th\u00e8me \u00e9tait \u00ab&nbsp;R\u00e9sis\u00adtance&nbsp;\u00bb. Y&nbsp;aller ou pas\u2026 dans nos sen\u00adsa\u00adtions, dans le mou\u00adve\u00adment, sur l\u2019espace sc\u00e8\u00adnique\u2026 R\u00e9sis\u00adter \u00e0&nbsp;la musique, aux limites du corps, \u00e0&nbsp;tout l\u00e2cher\u2026 La danse tout du long \u00e9tait tenue, rete\u00adnue, ren\u00addant l\u2019espace vivant de sa mise en ten\u00adsion.<br><br>La cam\u00e9\u00adra chan\u00adgeait de main d\u2019une danse \u00e0&nbsp;l\u2019autre, la musique pou\u00advait \u00eatre mise par tous \u00e0&nbsp;tout moment. Ain\u00adsi la forme appar\u00adte\u00adnait \u00e0&nbsp;tout le monde, et le petit nombre de par\u00adti\u00adci\u00adpants a&nbsp;favo\u00adri\u00ads\u00e9, comme sou\u00advent, le fait que le th\u00e8me soit appro\u00adpri\u00e9 lui aus\u00adsi par cha\u00adcun. La pro\u00adbl\u00e9\u00adma\u00adti\u00adsa\u00adtion du th\u00e8me s\u2019est ain\u00adsi faite sans y&nbsp;pen\u00adser vrai\u00adment, navi\u00adguant entre conscient et spon\u00adta\u00adn\u00e9, volon\u00adtaire et incons\u00adcient\u2026<br><br>Le th\u00e8me sous-tend la danse de fa\u00e7on incons\u00adciente, mais il est aus\u00adsi un regard conscient sur la danse qui a&nbsp;lieu. La pro\u00adbl\u00e9\u00adma\u00adti\u00adsa\u00adtion ne peut se faire qu\u2019\u00e0 condi\u00adtion que ses deux p\u00f4les trouvent leur \u00e9qui\u00adlibre sans cesse mou\u00advant\u2026 et que l\u2019on sache le lais\u00adser faire.<br><br>Le jeu en vaut la chan\u00addelle&nbsp;!<br><br>\u2014\u200a\u2014\u200a-<br><br>\u2019\u2019\u2019\u2019\u2019Samuel&nbsp;: \u2019\u2019\u2019\u2019\u2019<br><br>Belle intro\u00adduc\u00adtion en effet\u2026<br><br>Je reprends volon\u00adtiers le mot de mon ami B. qui m\u2019affirme que \u00ab&nbsp;l\u2019on vague \u00e0&nbsp;nier&nbsp;\u00bb.<br><br>De la rete\u00adnue comme r\u00e9sis\u00adtance \u00e0&nbsp;la vul\u00adga\u00adri\u00adt\u00e9 des puis\u00adsants&nbsp;?<br><br>Few reminds of this danse but I&nbsp;send it any\u00adway.<br><br>R\u00e9sis\u00adter \u00e0&nbsp;la dou\u00adleur qui me tarau\u00addait les dents.<br><br>Je me sou\u00adviens que je me suis ent\u00ea\u00adt\u00e9 \u00e0&nbsp;arpen\u00adter l\u2019espace comme un balayeur qui cherche \u00e0&nbsp;ne pas oublier de pous\u00adsi\u00e8re.<br><br>J\u2019ai regar\u00add\u00e9 des tor\u00adsions et des ten\u00adsions se faire et se d\u00e9faire, et j\u2019ai por\u00adt\u00e9 mon propre poids d\u2019un c\u00f4t\u00e9 et de l\u2019autre sans pou\u00advoir m\u2019en d\u00e9bar\u00adras\u00adser. <br><br>Je me sou\u00adviens du mou\u00adve\u00adment de balai de mes bras et du frot\u00adte\u00adment contre le lino\u2026 <br><br>Je me sou\u00adviens d\u2019une pose et d\u2019un soleil frais et d\u2019un asp\u00e9\u00adgic ou deux&nbsp;!<br><br>Je me sou\u00adviens aus\u00adsi de nos rires \u00e0&nbsp;regar\u00adder les images apr\u00e8s et d\u2019une r\u00e9sis\u00adtance \u00e0&nbsp;une cer\u00adtaine musique qui est reve\u00adnue deux fois.<br><br>\u2014\u200a\u2014\u200a\u2014\u200a\u2014\u200a\u2014\u200a\u2014\u200a-<br><br>\u2019\u2019\u2019\u2019\u2019Del\u00adphine&nbsp;: \u2019\u2019\u2019\u2019\u2019<br><br>Ce compte ren\u00addu tar\u00addif et \u00e9vo\u00adlu\u00adtif me donne envie, d\u2019y aller ou pas\u2026<br><br>Allez j\u2019y vais.<br><br>C\u2019\u00e9tait une pre\u00admi\u00e8re danse forum, un pre\u00admier \u00e9veil des sen\u00adsa\u00adtions, la pre\u00admi\u00e8re fois qu\u2019il me fal\u00adlait trou\u00adver des mots sus\u00adpen\u00addus au corps.<br><br>L\u00e9g\u00e8re et lourde \u00e0&nbsp;la fois, d\u00e9j\u00e0 de la contra\u00addic\u00adtion, r\u00e9sis\u00adter \u00e0&nbsp;l\u2019une ou \u00e0&nbsp;l\u2019autre des sen\u00adsa\u00adtions, tor\u00adsions, attente, d\u00e9tente\u2026 y&nbsp;aller ou pas.<br><br>Se poser la ques\u00adtion, c\u2019est d\u00e9j\u00e0 R\u00e9sis\u00adter.<br><br>Du temps pour Habi\u00adter l\u2019espace, s\u00aby rou\u00adler tout en rete\u00adnue, timi\u00adde\u00adment, int\u00e9\u00adrieu\u00adre\u00adment\u2026<br><br>R\u00e9sis\u00adter, \u00e0&nbsp;ses envies, \u00e0&nbsp;ses peurs, \u00e0&nbsp;son envie de sor\u00adtir, pour voir ce qui en \u00e9merge enfin<br><br>R\u00e9sis\u00adter, \u00e0&nbsp;l\u2019autre comme refuge ou comme alli\u00e9, <br><br>        <br>tout en ne le ren\u00addant pas enne\u00admi<br><br>R\u00e9sis\u00adter, \u00e0&nbsp;la volon\u00adt\u00e9, au pr\u00e9 construit <br><br>                        <br>balayer l\u2019espace d\u2019une marche <br><br>                                                                     <br>ou de ses mains irr\u00e9\u00adsis\u00adti\u00adble\u00adment, \u00e7a m\u2019a \u00e9mue.<br><br>Y aller ou pas,<br><br>comme si la ten\u00adsion d\u2019une fin immi\u00adnente rame\u00adnait le mou\u00adve\u00adment \u00e0&nbsp;l\u2019essentiel,<br><br>J\u2019ai le sou\u00adve\u00adnir d\u2019un temps \u00e0&nbsp;deux, dos au mur, entre \u00e9cri\u00adture auto\u00adma\u00adtique et courbes<br><br>Une ren\u00adcontre de deux \u00e9ner\u00adgies qui se r\u00e9sistent<br><br>et pour\u00adtant s\u2019accordent dans leur d\u00e9saccord<\/p>\n<p style=\"color:green; text-align:right !important;\">Article cr\u00e9\u00e9 le 16\/02\/2020 \u2013 modi\u00adfi\u00e9 le 10\/06\/2020<\/p>","protected":false},"excerpt":{"rendered":"<p>Danse forum\u2192 Comptes-ren\u00ad\u00addus des ate\u00adliers\u2192 Mar\u00adseille !! R\u00e9sis\u00adtance \u2013 14 juin&nbsp;2009\u200a\u2014\u200a\u2014\u200a\u2014\u200a\u2014 \u2019\u2019\u2019\u2019\u2019Nadine&nbsp;: \u2019\u2019\u2019\u2019\u2019 \u00ab( \u2026) la danse est ce qui, au-del\u00e0 de la mons\u00adtra\u00adtion des mou\u00adve\u00adments ou de la promp\u00adti\u00adtude de leurs des\u00adsins ext\u00e9\u00adrieurs, av\u00e8re la force de leur rete\u00adnue. Certes, on ne mon\u00adtre\u00adra la force de la rete\u00adnue que dans le mou\u00adve\u00adment lui-m\u00eame, mais ce qui compte est la puis\u00adsante lisi\u00adbi\u00adli\u00adt\u00e9 de la rete\u00adnue.Dans la danse ain\u00adsi con\u00e7ue, le mou\u00adve\u00adment a&nbsp;son essence dans ce qui n\u2019a pas&nbsp;eu&nbsp;[\u2026]<\/p>\n","protected":false},"author":2,"featured_media":0,"comment_status":"open","ping_status":"open","sticky":false,"template":"","format":"standard","meta":{"wp_typography_post_enhancements_disabled":false,"footnotes":""},"categories":[234],"tags":[183],"class_list":["post-214","post","type-post","status-publish","format-standard","hentry","category-ateliers-marseille","tag-df_ateliers"],"yoast_head":"<!-- This site is optimized with the Yoast SEO plugin v27.5 - https:\/\/yoast.com\/product\/yoast-seo-wordpress\/ -->\n<title>R\u00e9sistance - Le TILT<\/title>\n<meta name=\"robots\" content=\"index, follow, max-snippet:-1, max-image-preview:large, max-video-preview:-1\" \/>\n<link rel=\"canonical\" href=\"https:\/\/www.leti.lt\/wordpress\/danseforum-resistance\/\" \/>\n<meta property=\"og:locale\" content=\"fr_FR\" \/>\n<meta property=\"og:type\" content=\"article\" \/>\n<meta property=\"og:title\" content=\"R\u00e9sistance - Le TILT\" \/>\n<meta property=\"og:description\" content=\"Danse forum\u2192 Comptes-ren\u00addus des ate\u00adliers\u2192 Mar\u00adseille !! R\u00e9sis\u00adtance \u2013 14 juin&nbsp;2009 \u2014\u200a\u2014\u200a\u2014\u200a\u2014 \u2019\u2019\u2019\u2019\u2019Nadine&nbsp;: \u2019\u2019\u2019\u2019\u2019 \u00ab( \u2026) la danse est ce qui, au-del\u00e0 de la mons\u00adtra\u00adtion des mou\u00adve\u00adments ou de la promp\u00adti\u00adtude de leurs des\u00adsins ext\u00e9\u00adrieurs, av\u00e8re la force de leur rete\u00adnue. Certes, on ne mon\u00adtre\u00adra la force de la rete\u00adnue que dans le mou\u00adve\u00adment lui-m\u00eame, mais ce qui compte est la puis\u00adsante lisi\u00adbi\u00adli\u00adt\u00e9 de la rete\u00adnue.Dans la danse ain\u00adsi con\u00e7ue, le mou\u00adve\u00adment a&nbsp;son essence dans ce qui n\u2019a pas eu [&hellip;]\" \/>\n<meta property=\"og:url\" content=\"https:\/\/www.leti.lt\/wordpress\/danseforum-resistance\/\" \/>\n<meta property=\"og:site_name\" content=\"Le TILT\" \/>\n<meta property=\"article:published_time\" content=\"2020-02-16T14:30:33+00:00\" \/>\n<meta property=\"article:modified_time\" content=\"2020-06-10T21:55:17+00:00\" \/>\n<meta name=\"author\" content=\"Andr\u00e9ine Bel\" \/>\n<meta name=\"twitter:card\" content=\"summary_large_image\" \/>\n<meta name=\"twitter:label1\" content=\"\u00c9crit par\" \/>\n\t<meta name=\"twitter:data1\" content=\"Andr\u00e9ine Bel\" \/>\n\t<meta name=\"twitter:label2\" content=\"Dur\u00e9e de lecture estim\u00e9e\" \/>\n\t<meta name=\"twitter:data2\" content=\"4 minutes\" \/>\n<script type=\"application\/ld+json\" class=\"yoast-schema-graph\">{\"@context\":\"https:\\\/\\\/schema.org\",\"@graph\":[{\"@type\":\"Article\",\"@id\":\"https:\\\/\\\/www.leti.lt\\\/wordpress\\\/danseforum-resistance\\\/#article\",\"isPartOf\":{\"@id\":\"https:\\\/\\\/www.leti.lt\\\/wordpress\\\/danseforum-resistance\\\/\"},\"author\":{\"name\":\"Andr\u00e9ine Bel\",\"@id\":\"https:\\\/\\\/www.leti.lt\\\/wordpress\\\/#\\\/schema\\\/person\\\/9bb307b2af8fbb575bb3603e57951f75\"},\"headline\":\"R\u00e9sistance\",\"datePublished\":\"2020-02-16T14:30:33+00:00\",\"dateModified\":\"2020-06-10T21:55:17+00:00\",\"mainEntityOfPage\":{\"@id\":\"https:\\\/\\\/www.leti.lt\\\/wordpress\\\/danseforum-resistance\\\/\"},\"wordCount\":798,\"commentCount\":0,\"keywords\":[\"DF_ateliers\"],\"articleSection\":[\"Ateliers Marseille\"],\"inLanguage\":\"fr-FR\",\"potentialAction\":[{\"@type\":\"CommentAction\",\"name\":\"Comment\",\"target\":[\"https:\\\/\\\/www.leti.lt\\\/wordpress\\\/danseforum-resistance\\\/#respond\"]}]},{\"@type\":\"WebPage\",\"@id\":\"https:\\\/\\\/www.leti.lt\\\/wordpress\\\/danseforum-resistance\\\/\",\"url\":\"https:\\\/\\\/www.leti.lt\\\/wordpress\\\/danseforum-resistance\\\/\",\"name\":\"R\u00e9sistance - Le TILT\",\"isPartOf\":{\"@id\":\"https:\\\/\\\/www.leti.lt\\\/wordpress\\\/#website\"},\"datePublished\":\"2020-02-16T14:30:33+00:00\",\"dateModified\":\"2020-06-10T21:55:17+00:00\",\"author\":{\"@id\":\"https:\\\/\\\/www.leti.lt\\\/wordpress\\\/#\\\/schema\\\/person\\\/9bb307b2af8fbb575bb3603e57951f75\"},\"breadcrumb\":{\"@id\":\"https:\\\/\\\/www.leti.lt\\\/wordpress\\\/danseforum-resistance\\\/#breadcrumb\"},\"inLanguage\":\"fr-FR\",\"potentialAction\":[{\"@type\":\"ReadAction\",\"target\":[\"https:\\\/\\\/www.leti.lt\\\/wordpress\\\/danseforum-resistance\\\/\"]}]},{\"@type\":\"BreadcrumbList\",\"@id\":\"https:\\\/\\\/www.leti.lt\\\/wordpress\\\/danseforum-resistance\\\/#breadcrumb\",\"itemListElement\":[{\"@type\":\"ListItem\",\"position\":1,\"name\":\"Accueil\",\"item\":\"https:\\\/\\\/www.leti.lt\\\/wordpress\\\/\"},{\"@type\":\"ListItem\",\"position\":2,\"name\":\"R\u00e9sistance\"}]},{\"@type\":\"WebSite\",\"@id\":\"https:\\\/\\\/www.leti.lt\\\/wordpress\\\/#website\",\"url\":\"https:\\\/\\\/www.leti.lt\\\/wordpress\\\/\",\"name\":\"Le TILT\",\"description\":\"Recherche, publication, cr\u00e9ation artistique\",\"potentialAction\":[{\"@type\":\"SearchAction\",\"target\":{\"@type\":\"EntryPoint\",\"urlTemplate\":\"https:\\\/\\\/www.leti.lt\\\/wordpress\\\/?s={search_term_string}\"},\"query-input\":{\"@type\":\"PropertyValueSpecification\",\"valueRequired\":true,\"valueName\":\"search_term_string\"}}],\"inLanguage\":\"fr-FR\"},{\"@type\":\"Person\",\"@id\":\"https:\\\/\\\/www.leti.lt\\\/wordpress\\\/#\\\/schema\\\/person\\\/9bb307b2af8fbb575bb3603e57951f75\",\"name\":\"Andr\u00e9ine Bel\",\"image\":{\"@type\":\"ImageObject\",\"inLanguage\":\"fr-FR\",\"@id\":\"https:\\\/\\\/secure.gravatar.com\\\/avatar\\\/4ab041ec7c7ad3b90293023e86528ec1a700ce2971ff61811b2df6b288dd1f38?s=96&d=identicon&r=g\",\"url\":\"https:\\\/\\\/secure.gravatar.com\\\/avatar\\\/4ab041ec7c7ad3b90293023e86528ec1a700ce2971ff61811b2df6b288dd1f38?s=96&d=identicon&r=g\",\"contentUrl\":\"https:\\\/\\\/secure.gravatar.com\\\/avatar\\\/4ab041ec7c7ad3b90293023e86528ec1a700ce2971ff61811b2df6b288dd1f38?s=96&d=identicon&r=g\",\"caption\":\"Andr\u00e9ine Bel\"},\"url\":\"https:\\\/\\\/www.leti.lt\\\/wordpress\\\/author\\\/andreine\\\/\"}]}<\/script>\n<!-- \/ Yoast SEO plugin. -->","yoast_head_json":{"title":"R\u00e9sistance - Le TILT","robots":{"index":"index","follow":"follow","max-snippet":"max-snippet:-1","max-image-preview":"max-image-preview:large","max-video-preview":"max-video-preview:-1"},"canonical":"https:\/\/www.leti.lt\/wordpress\/danseforum-resistance\/","og_locale":"fr_FR","og_type":"article","og_title":"R\u00e9sistance - Le TILT","og_description":"Danse forum\u2192 Comptes-ren\u00addus des ate\u00adliers\u2192 Mar\u00adseille !! R\u00e9sis\u00adtance \u2013 14 juin&nbsp;2009 \u2014\u200a\u2014\u200a\u2014\u200a\u2014 \u2019\u2019\u2019\u2019\u2019Nadine&nbsp;: \u2019\u2019\u2019\u2019\u2019 \u00ab( \u2026) la danse est ce qui, au-del\u00e0 de la mons\u00adtra\u00adtion des mou\u00adve\u00adments ou de la promp\u00adti\u00adtude de leurs des\u00adsins ext\u00e9\u00adrieurs, av\u00e8re la force de leur rete\u00adnue. Certes, on ne mon\u00adtre\u00adra la force de la rete\u00adnue que dans le mou\u00adve\u00adment lui-m\u00eame, mais ce qui compte est la puis\u00adsante lisi\u00adbi\u00adli\u00adt\u00e9 de la rete\u00adnue.Dans la danse ain\u00adsi con\u00e7ue, le mou\u00adve\u00adment a&nbsp;son essence dans ce qui n\u2019a pas eu [&hellip;]","og_url":"https:\/\/www.leti.lt\/wordpress\/danseforum-resistance\/","og_site_name":"Le TILT","article_published_time":"2020-02-16T14:30:33+00:00","article_modified_time":"2020-06-10T21:55:17+00:00","author":"Andr\u00e9ine Bel","twitter_card":"summary_large_image","twitter_misc":{"\u00c9crit par":"Andr\u00e9ine Bel","Dur\u00e9e de lecture estim\u00e9e":"4 minutes"},"schema":{"@context":"https:\/\/schema.org","@graph":[{"@type":"Article","@id":"https:\/\/www.leti.lt\/wordpress\/danseforum-resistance\/#article","isPartOf":{"@id":"https:\/\/www.leti.lt\/wordpress\/danseforum-resistance\/"},"author":{"name":"Andr\u00e9ine Bel","@id":"https:\/\/www.leti.lt\/wordpress\/#\/schema\/person\/9bb307b2af8fbb575bb3603e57951f75"},"headline":"R\u00e9sistance","datePublished":"2020-02-16T14:30:33+00:00","dateModified":"2020-06-10T21:55:17+00:00","mainEntityOfPage":{"@id":"https:\/\/www.leti.lt\/wordpress\/danseforum-resistance\/"},"wordCount":798,"commentCount":0,"keywords":["DF_ateliers"],"articleSection":["Ateliers Marseille"],"inLanguage":"fr-FR","potentialAction":[{"@type":"CommentAction","name":"Comment","target":["https:\/\/www.leti.lt\/wordpress\/danseforum-resistance\/#respond"]}]},{"@type":"WebPage","@id":"https:\/\/www.leti.lt\/wordpress\/danseforum-resistance\/","url":"https:\/\/www.leti.lt\/wordpress\/danseforum-resistance\/","name":"R\u00e9sistance - Le TILT","isPartOf":{"@id":"https:\/\/www.leti.lt\/wordpress\/#website"},"datePublished":"2020-02-16T14:30:33+00:00","dateModified":"2020-06-10T21:55:17+00:00","author":{"@id":"https:\/\/www.leti.lt\/wordpress\/#\/schema\/person\/9bb307b2af8fbb575bb3603e57951f75"},"breadcrumb":{"@id":"https:\/\/www.leti.lt\/wordpress\/danseforum-resistance\/#breadcrumb"},"inLanguage":"fr-FR","potentialAction":[{"@type":"ReadAction","target":["https:\/\/www.leti.lt\/wordpress\/danseforum-resistance\/"]}]},{"@type":"BreadcrumbList","@id":"https:\/\/www.leti.lt\/wordpress\/danseforum-resistance\/#breadcrumb","itemListElement":[{"@type":"ListItem","position":1,"name":"Accueil","item":"https:\/\/www.leti.lt\/wordpress\/"},{"@type":"ListItem","position":2,"name":"R\u00e9sistance"}]},{"@type":"WebSite","@id":"https:\/\/www.leti.lt\/wordpress\/#website","url":"https:\/\/www.leti.lt\/wordpress\/","name":"Le TILT","description":"Recherche, publication, cr\u00e9ation artistique","potentialAction":[{"@type":"SearchAction","target":{"@type":"EntryPoint","urlTemplate":"https:\/\/www.leti.lt\/wordpress\/?s={search_term_string}"},"query-input":{"@type":"PropertyValueSpecification","valueRequired":true,"valueName":"search_term_string"}}],"inLanguage":"fr-FR"},{"@type":"Person","@id":"https:\/\/www.leti.lt\/wordpress\/#\/schema\/person\/9bb307b2af8fbb575bb3603e57951f75","name":"Andr\u00e9ine Bel","image":{"@type":"ImageObject","inLanguage":"fr-FR","@id":"https:\/\/secure.gravatar.com\/avatar\/4ab041ec7c7ad3b90293023e86528ec1a700ce2971ff61811b2df6b288dd1f38?s=96&d=identicon&r=g","url":"https:\/\/secure.gravatar.com\/avatar\/4ab041ec7c7ad3b90293023e86528ec1a700ce2971ff61811b2df6b288dd1f38?s=96&d=identicon&r=g","contentUrl":"https:\/\/secure.gravatar.com\/avatar\/4ab041ec7c7ad3b90293023e86528ec1a700ce2971ff61811b2df6b288dd1f38?s=96&d=identicon&r=g","caption":"Andr\u00e9ine Bel"},"url":"https:\/\/www.leti.lt\/wordpress\/author\/andreine\/"}]}},"_links":{"self":[{"href":"https:\/\/www.leti.lt\/wordpress\/wp-json\/wp\/v2\/posts\/214","targetHints":{"allow":["GET"]}}],"collection":[{"href":"https:\/\/www.leti.lt\/wordpress\/wp-json\/wp\/v2\/posts"}],"about":[{"href":"https:\/\/www.leti.lt\/wordpress\/wp-json\/wp\/v2\/types\/post"}],"author":[{"embeddable":true,"href":"https:\/\/www.leti.lt\/wordpress\/wp-json\/wp\/v2\/users\/2"}],"replies":[{"embeddable":true,"href":"https:\/\/www.leti.lt\/wordpress\/wp-json\/wp\/v2\/comments?post=214"}],"version-history":[{"count":1,"href":"https:\/\/www.leti.lt\/wordpress\/wp-json\/wp\/v2\/posts\/214\/revisions"}],"predecessor-version":[{"id":773,"href":"https:\/\/www.leti.lt\/wordpress\/wp-json\/wp\/v2\/posts\/214\/revisions\/773"}],"wp:attachment":[{"href":"https:\/\/www.leti.lt\/wordpress\/wp-json\/wp\/v2\/media?parent=214"}],"wp:term":[{"taxonomy":"category","embeddable":true,"href":"https:\/\/www.leti.lt\/wordpress\/wp-json\/wp\/v2\/categories?post=214"},{"taxonomy":"post_tag","embeddable":true,"href":"https:\/\/www.leti.lt\/wordpress\/wp-json\/wp\/v2\/tags?post=214"}],"curies":[{"name":"wp","href":"https:\/\/api.w.org\/{rel}","templated":true}]}}