{"id":213,"date":"2020-02-16T15:30:33","date_gmt":"2020-02-16T14:30:33","guid":{"rendered":"https:\/\/www.leti.lt\/wordpress\/?p=213"},"modified":"-0001-11-30T00:00:00","modified_gmt":"-0001-11-29T22:00:00","slug":"danseforum-rencontredansetheatreforum","status":"publish","type":"post","link":"https:\/\/www.leti.lt\/wordpress\/danseforum-rencontredansetheatreforum\/","title":{"rendered":"Rencontre danse et th\u00e9\u00e2tre forum"},"content":{"rendered":"<p><a href=\"https:\/\/www.leti.lt\/wordpress\/danseforum-danseforum\/\">Danse forum<\/a><br>\u2192 <a href=\"https:\/\/www.leti.lt\/wordpress\/danseforum-comptesrendusateliers\/\">Comptes-ren\u00addus des ate\u00adliers<\/a><br>\u2192 <a href=\"https:\/\/www.leti.lt\/wordpress\/danseforum-lambesc\/\">Lam\u00adbesc<\/a><br><br>!!Ren\u00adcontre danse-th\u00e9\u00e2tre forum \u2013 3&nbsp;f\u00e9vrier 2007<br><br>Nous \u00e9tions une ving\u00adtaine pour cette ren\u00adcontre entre l\u2019atelier de danse<br>forum \u00e0&nbsp;Lam\u00adbesc et des per\u00adsonnes issues de quatre groupes de th\u00e9atre forum<br>des envi\u00adrons de Aix.<br><br>Nous avions trois heures pour tout bou\u00adcler, et nous y&nbsp;sommes \u2013 qua\u00adsi-<br>arri\u00adv\u00e9s&nbsp;!<br><br>Le temps \u00e9tait d\u00e9cou\u00adp\u00e9 ain\u00adsi&nbsp;:<br><br>1 \u2013 un temps de pr\u00e9\u00adpa\u00adra\u00adtion \u00ab&nbsp;\u00e0&nbsp;la fa\u00e7on danse<br>forum&nbsp;\u00bb.<br><br>2 \u2013 un temps \u00ab&nbsp;\u00e0&nbsp;la fa\u00e7on th\u00e9atre forum&nbsp;\u00bb<br><br>3 \u2013 une dis\u00adcus\u00adsion pour d\u00e9fi\u00adnir ensemble une pro\u00adbl\u00e9\u00adma\u00adtique<br><br>4 \u2013 un temps o\u00f9 les groupes se s\u00e9parent pour<br>sc\u00e9\u00adna\u00adri\u00adser et cho\u00adr\u00e9\u00adgra\u00adphier une pr\u00e9\u00adsen\u00adta\u00adtion de la pro\u00adbl\u00e9\u00adma\u00adtique<br><br>5 \u2013 le th\u00e9atre forum pr\u00e9\u00adsente sa sc\u00e8ne devant le public des dan\u00adseurs deve\u00adnus<br>spect-acteurs<br><br>6 \u2013 la danse forum pr\u00e9\u00adsente ses pro\u00adpo\u00adsi\u00adtion devant le public des acteurs deve\u00adnus spec\u00adta\u00addan\u00adseurs<br><br>7 \u2013 nous fai\u00adsons un bilan, qui se pro\u00adlon\u00adge\u00adra la soi\u00adr\u00e9e en regar\u00addant les vid\u00e9os pour qui le veulent.<br><br>1 \u2013 Apr\u00e8s une pr\u00e9\u00adsen\u00adta\u00adtion du d\u00e9rou\u00adle\u00adment de la ren\u00adcontre, la consigne<br>\u00e9tait de nous poser cha\u00adcun dans un espace choi\u00adsi de la grande salle pour<br>nous rendre atten\u00adtifs \u00e0&nbsp;nos sen\u00adsa\u00adtions et d\u00e9ter\u00admi\u00adner laquelle est pre\u00admi\u00e8re<br>ici main\u00adte\u00adnant, la dire, puis nous ren\u00adcon\u00adtrer.<br><br>2 \u2013 L\u2019exercice pro\u00adpo\u00ads\u00e9 \u00e9tait ensuite celui des satues sur le th\u00e8me de la<br>ren\u00adcontre&nbsp;: debouts en cercle, nous devions nous trans\u00adfor\u00admer en sta\u00adtues sur<br>des pro\u00adpo\u00adsi\u00adtions de ren\u00adcontres dif\u00adf\u00e9\u00adrentes (quelqu\u2019un qu\u2019on n\u2019a pas vu<br>depuis 20 ans, un enne\u00admi, Dieu ) ; puis par deux, une per\u00adsonne se sta\u00adtu\u00adfie et<br>l\u2019autre se rajoute&nbsp;; puis une per\u00adsonne au centre se sta\u00adtu\u00adfiait et d\u2019autres la<br>rejoi\u00adgnaient peu \u00e0&nbsp;peu pour for\u00admer une sta\u00adtue col\u00adlec\u00adtive.<br><br>3 \u2013 Le th\u00e8me g\u00e9n\u00e9\u00adral qui nous \u00e9tait pro\u00adpo\u00ads\u00e9 \u00e9tait donc la ren\u00adcontre&nbsp;;<br>apr\u00e8s ces deux temps la pro\u00adbl\u00e8\u00adma\u00adtique qui est res\u00adsor\u00adti a&nbsp;\u00e9t\u00e9 celle du masque&nbsp;:<br>com\u00adment faire pour ren\u00adcon\u00adtrer une per\u00adsonne qui porte un masque, au-del\u00e0 du<br>masque&nbsp;?<br><br>4 \u2013 Nous nous sommes s\u00e9pa\u00adr\u00e9s en deux groupes, ce qui avait \u00e9t\u00e9 pr\u00e9\u00advu<br>ini\u00adtia\u00adle\u00adment \u00e9tait que cha\u00adcun reste dans son groupe habi\u00adtuel&nbsp;; mais cer\u00adtains<br>ont vou\u00adlu pro\u00adfi\u00adter de l\u2019occasion pour d\u00e9cou\u00advrir le tra\u00advail des autres, et<br>les groupes se sont trou\u00adv\u00e9s un peu m\u00e9lan\u00adg\u00e9s, ce qui a&nbsp;peut-\u00eatre un peu<br>com\u00adpli\u00adqu\u00e9 les choses, mais a&nbsp;\u00e9t\u00e9 enri\u00adchis\u00adsant pour les \u00ab&nbsp;visi\u00adteurs&nbsp;\u00bb.<br><br>Dans le groupe danse forum, nous avons tes\u00adt\u00e9 plu\u00adsieurs confi\u00adgu\u00adra\u00adtions&nbsp;: une<br>per\u00adsonne \u00ab \u00ab&nbsp;mas\u00adqu\u00e9e&nbsp;\u00bb sur sc\u00e8ne, toutes les autres hors de la sc\u00e8ne, qui<br>peuvent aller \u00e0&nbsp;la ren\u00adcontre de la per\u00adsonne mas\u00adqu\u00e9e en entrant sur sc\u00e8ne&nbsp;;<br>mais nous nous sommes avi\u00ads\u00e9s que c\u2019\u00e9tait mieux si les deux per\u00adsonnes \u00e9taient<br>sur sc\u00e8ne d\u00e8s le d\u00e9part, celle qui est mas\u00adqu\u00e9e et celle qui tente la<br>ren\u00adcontre&nbsp;; nous avons donc essay\u00e9 cela, plu\u00adsieurs fois, et nous avons vu que<br>cela mar\u00adchait comme mise en situa\u00adtion&nbsp;; puis nous avons essay\u00e9&nbsp;: plu\u00adsieurs<br>per\u00adsonnes qui forment un masque sont face \u00e0&nbsp;d\u2019autres qui forment une ten\u00adta\u00adtive<br>de ren\u00adcontre&nbsp;; cela sem\u00adblait int\u00e9\u00adres\u00adsant \u00e0&nbsp;creu\u00adser mais un peu com\u00adpli\u00adq\u00e9 \u00e0<br>pr\u00e9\u00adsen\u00adter aux autres, car tant de monde sur sc\u00e8ne ne faci\u00adlite pas la<br>lisi\u00adbi\u00adli\u00adt\u00e9 de la situa\u00adtion et ris\u00adquait un peu de d\u00e9cou\u00adra\u00adger les<br>inter\u00adven\u00adtions.<br><br>5 \u2013 Lorsque nous avons \u00e9t\u00e9 tous pr\u00eats, les dan\u00adseurs se sont ren\u00addus dans<br>l\u2019espace du th\u00e9\u00e2tre pour assis\u00adter \u00e0&nbsp;leur sc\u00e8ne. Un gars a&nbsp;plein d\u2019amis, qui<br>ne le connaissent que sous un jour \u00ab&nbsp;flam\u00adboyant&nbsp;\u00bb, tou\u00adjours pr\u00eat \u00e0&nbsp;faire la<br>f\u00eate, bla\u00adgueur, dra\u00adgueur, \u00e0&nbsp;l\u2019aise en toutes situa\u00adtions. Nous spect\u2019acteurs<br>voyons l\u2019envers du d\u00e9cors&nbsp;: cet homme n\u2019est pas bien mais se sen\u00adtant obli\u00adg\u00e9<br>de tenir son \u00ab&nbsp;r\u00f4le&nbsp;\u00bb face \u00e0&nbsp;ses ami-es, il se retrouve seul \u00e0&nbsp;affron\u00adter ses<br>d\u00e9mons. La sc\u00e8ne est jou\u00e9e une pre\u00admi\u00e8re fois en entier, puis rejou\u00e9e pour<br>nous per\u00admettre d\u2019intervenir en rem\u00adpla\u00adcant un des acteurs et faire une<br>pro\u00adpo\u00adsi\u00adtion. Chaque inter\u00adven\u00adtion des spec\u2019acteurs contri\u00adbue\u00adra \u00e0&nbsp;ce que le<br>per\u00adson\u00adnage prin\u00adci\u00adpal \u00ab&nbsp;tombe un peu le masque&nbsp;\u00bb, mais il le remet bien vite&nbsp;;<br>ce n\u2019est qu\u2019avec la der\u00adni\u00e8re pro\u00adpo\u00adsi\u00adtion qu\u2019il sem\u00adble\u00adra dis\u00adpo\u00ads\u00e9 \u00e0&nbsp;poser le<br>masque le temps d\u2019une \u00ab&nbsp;vraie&nbsp;\u00bb ren\u00adcontre .<br><br>6 \u2013 Nous n\u2019avions pas comme en th\u00e9atre forum cho\u00adr\u00e9\u00adgra\u00adphi\u00e9 toute une sc\u00e8ne,<br>mais rete\u00adnu une expo\u00adsi\u00adtion de la pro\u00adbl\u00e8\u00adma\u00adtique, celle des deux per\u00adsonnes<br>sur sc\u00e8ne, l\u2019une \u00ab&nbsp;mas\u00adqu\u00e9e&nbsp;\u00bb, l\u2019autre cher\u00adchant la ren\u00adcontre. Le masque pr\u00e9\u00adsen\u00adt\u00e9<br>\u00e9tait celui de la froi\u00addeur. Une seule pro\u00adpo\u00adsi\u00adtion l\u2019effleurera\u2026 Puis un<br>autre masque, celui de l\u2019insouciance, qui se lais\u00adse\u00adra tou\u00adcher lui aus\u00adsi un<br>temps, mais se retrou\u00adve\u00adra \u00e9touf\u00adf\u00e9 par trop d\u2019empressement autour, et sera<br>sau\u00adv\u00e9 par une per\u00adsonne venue le rame\u00adner dans son masque&nbsp;! Nous avons essay\u00e9<br>aus\u00adsi un groupe de masque face \u00e0&nbsp;un groupe qui vient \u00e0&nbsp;sa ren\u00adcontre&nbsp;; mais<br>l\u2019heure de la fin est venu nous inter\u00adrompre.<br><br>7 \u2013 Le bilan de la ren\u00adcontre s\u2019est fait autour des vid\u00e9os. Quelques<br>bribes&nbsp;:<br><br>- en danse forum nous employons le mot \u00ab&nbsp;th\u00e9a\u00adtra\u00adli\u00adt\u00e9&nbsp;\u00bb lorsque nous<br>sommes dans le nar\u00adra\u00adtif, l\u2019intention, au lieu d\u2019\u00eatre dans la danse. Ce mot,<br>\u00e0 conno\u00adta\u00adtion n\u00e9ga\u00adtive dans ce contexte, \u00e9corche un peu les oreilles \u00e0&nbsp;qui<br>tra\u00advaille le th\u00e9\u00e2tre, et d\u00e9ci\u00addons d\u2019en chan\u00adger<br><br>- cer\u00adtains auraient vou\u00adlu qu\u2019on se pr\u00e9\u00adsente les uns aux<br>autres au d\u00e9but, \u00e0&nbsp;tra\u00advers des jeux&nbsp;; d\u2019autres pensent que \u00e7a ne sert \u00e0&nbsp;rien,<br>ou que d\u00e9mar\u00adrer en se cou\u00adpant com\u00adpl\u00e9\u00adte\u00adment de ses habi\u00adtudes est plus<br>favo\u00adrable \u00e0&nbsp;l\u2019\u00e9mergence de choses int\u00e9\u00adres\u00adsantes par la suite<br><br>- com\u00admen\u00adcer en se reliant \u00e0&nbsp;ses sen\u00adsa\u00adtions a&nbsp;per\u00admis en<br>outre de mieux habi\u00adter l\u2019exercice des sta\u00adtues<br><br>- m\u00e9lan\u00adger les videos, la parole, le buf\u00adfet et les<br>retrou\u00advailles a&nbsp;paru un peu fouilli \u00e0&nbsp;cer\u00adtains qui auraient pr\u00e9\u00adf\u00e9\u00adr\u00e9 faire<br>un bilan plus struc\u00adtu\u00adr\u00e9.<br><br>Nadine Gar\u00add\u00e8res<br><br>D\u2019apr\u00e8s les retours de&nbsp;: Alexandre D, Andr\u00e9ine B, Agn\u00e8s B, Dunia M, Emma G, Elsa B, H\u00e9l\u00e8ne M, Gilles B, Guillaume T, Guy M, Johan\u00adna B, Leo\u00adnar\u00addo C, Mari\u00adlyne M, Mireille M, Micha\u00ebl D, Nadine G.<\/p><p style=\"color:green; text-align:right !important;\">Article cr\u00e9\u00e9 le 16\/02\/2020<\/p>","protected":false},"excerpt":{"rendered":"<p>Danse forum\u2192 Comptes-ren\u00ad\u00addus des ate\u00adliers\u2192 Lam\u00adbesc !!Ren\u00adcontre danse-th\u00e9\u00e2tre forum \u2013 3&nbsp;f\u00e9vrier 2007 Nous \u00e9tions une ving\u00adtaine pour cette ren\u00adcontre entre l\u2019atelier de dan\u00adse\u00adfo\u00adrum \u00e0&nbsp;Lam\u00adbesc et des per\u00adsonnes issues de quatre groupes de th\u00e9atre forumdes envi\u00adrons de&nbsp;Aix. Nous avions trois heures pour tout bou\u00adcler, et nous y&nbsp;sommes \u2013 qua\u00ad\u00adsi-arri\u00ad\u00adv\u00e9s&nbsp;! Le temps \u00e9tait d\u00e9cou\u00adp\u00e9&nbsp;ain\u00adsi&nbsp;: 1 \u2013 un temps de pr\u00e9\u00adpa\u00adra\u00adtion \u00ab&nbsp;\u00e0&nbsp;la fa\u00e7on dan\u00adse\u00adfo\u00adrum&nbsp;\u00bb. 2 \u2013 un temps \u00ab&nbsp;\u00e0&nbsp;la fa\u00e7on th\u00e9atre forum&nbsp;\u00bb 3 \u2013 une dis\u00adcus\u00adsion pour d\u00e9fi\u00adnir ensemble une pro\u00adbl\u00e9\u00adma\u00adtique&nbsp;4&nbsp;\u2013&nbsp;[\u2026]<\/p>\n","protected":false},"author":2,"featured_media":0,"comment_status":"open","ping_status":"open","sticky":false,"template":"","format":"standard","meta":{"wp_typography_post_enhancements_disabled":false,"footnotes":""},"categories":[184],"tags":[208],"class_list":["post-213","post","type-post","status-publish","format-standard","hentry","category-ateliers_lambesc","tag-df_lambesc"],"yoast_head":"<!-- This site is optimized with the Yoast SEO plugin v27.5 - https:\/\/yoast.com\/product\/yoast-seo-wordpress\/ -->\n<title>Rencontre danse et th\u00e9\u00e2tre forum - Le TILT<\/title>\n<meta name=\"robots\" content=\"index, follow, max-snippet:-1, max-image-preview:large, max-video-preview:-1\" \/>\n<link rel=\"canonical\" href=\"https:\/\/www.leti.lt\/wordpress\/danseforum-rencontredansetheatreforum\/\" \/>\n<meta property=\"og:locale\" content=\"fr_FR\" \/>\n<meta property=\"og:type\" content=\"article\" \/>\n<meta property=\"og:title\" content=\"Rencontre danse et th\u00e9\u00e2tre forum - Le TILT\" \/>\n<meta property=\"og:description\" content=\"Danse forum\u2192 Comptes-ren\u00addus des ate\u00adliers\u2192 Lam\u00adbesc !!Ren\u00adcontre danse-th\u00e9\u00e2tre forum \u2013 3&nbsp;f\u00e9vrier 2007 Nous \u00e9tions une ving\u00adtaine pour cette ren\u00adcontre entre l\u2019atelier de danseforum \u00e0&nbsp;Lam\u00adbesc et des per\u00adsonnes issues de quatre groupes de th\u00e9atre forumdes envi\u00adrons de&nbsp;Aix. Nous avions trois heures pour tout bou\u00adcler, et nous y&nbsp;sommes \u2013 qua\u00adsi-arri\u00adv\u00e9s&nbsp;! Le temps \u00e9tait d\u00e9cou\u00adp\u00e9&nbsp;ainsi&nbsp;: 1 \u2013 un temps de pr\u00e9\u00adpa\u00adra\u00adtion \u00ab&nbsp;\u00e0&nbsp;la fa\u00e7on danseforum&nbsp;\u00bb. 2 \u2013 un temps \u00ab&nbsp;\u00e0&nbsp;la fa\u00e7on th\u00e9atre forum&nbsp;\u00bb 3 \u2013 une dis\u00adcus\u00adsion pour d\u00e9fi\u00adnir ensemble une probl\u00e9matique 4 \u2013 [&hellip;]\" \/>\n<meta property=\"og:url\" content=\"https:\/\/www.leti.lt\/wordpress\/danseforum-rencontredansetheatreforum\/\" \/>\n<meta property=\"og:site_name\" content=\"Le TILT\" \/>\n<meta property=\"article:published_time\" content=\"2020-02-16T14:30:33+00:00\" \/>\n<meta name=\"author\" content=\"Andr\u00e9ine Bel\" \/>\n<meta name=\"twitter:card\" content=\"summary_large_image\" \/>\n<meta name=\"twitter:label1\" content=\"\u00c9crit par\" \/>\n\t<meta name=\"twitter:data1\" content=\"Andr\u00e9ine Bel\" \/>\n\t<meta name=\"twitter:label2\" content=\"Dur\u00e9e de lecture estim\u00e9e\" \/>\n\t<meta name=\"twitter:data2\" content=\"5 minutes\" \/>\n<script type=\"application\/ld+json\" class=\"yoast-schema-graph\">{\"@context\":\"https:\\\/\\\/schema.org\",\"@graph\":[{\"@type\":\"Article\",\"@id\":\"https:\\\/\\\/www.leti.lt\\\/wordpress\\\/danseforum-rencontredansetheatreforum\\\/#article\",\"isPartOf\":{\"@id\":\"https:\\\/\\\/www.leti.lt\\\/wordpress\\\/danseforum-rencontredansetheatreforum\\\/\"},\"author\":{\"name\":\"Andr\u00e9ine Bel\",\"@id\":\"https:\\\/\\\/www.leti.lt\\\/wordpress\\\/#\\\/schema\\\/person\\\/9bb307b2af8fbb575bb3603e57951f75\"},\"headline\":\"Rencontre danse et th\u00e9\u00e2tre forum\",\"datePublished\":\"2020-02-16T14:30:33+00:00\",\"mainEntityOfPage\":{\"@id\":\"https:\\\/\\\/www.leti.lt\\\/wordpress\\\/danseforum-rencontredansetheatreforum\\\/\"},\"wordCount\":993,\"commentCount\":0,\"keywords\":[\"DF_Lambesc\"],\"articleSection\":[\"Ateliers Lambesc\"],\"inLanguage\":\"fr-FR\",\"potentialAction\":[{\"@type\":\"CommentAction\",\"name\":\"Comment\",\"target\":[\"https:\\\/\\\/www.leti.lt\\\/wordpress\\\/danseforum-rencontredansetheatreforum\\\/#respond\"]}]},{\"@type\":\"WebPage\",\"@id\":\"https:\\\/\\\/www.leti.lt\\\/wordpress\\\/danseforum-rencontredansetheatreforum\\\/\",\"url\":\"https:\\\/\\\/www.leti.lt\\\/wordpress\\\/danseforum-rencontredansetheatreforum\\\/\",\"name\":\"Rencontre danse et th\u00e9\u00e2tre forum - Le TILT\",\"isPartOf\":{\"@id\":\"https:\\\/\\\/www.leti.lt\\\/wordpress\\\/#website\"},\"datePublished\":\"2020-02-16T14:30:33+00:00\",\"author\":{\"@id\":\"https:\\\/\\\/www.leti.lt\\\/wordpress\\\/#\\\/schema\\\/person\\\/9bb307b2af8fbb575bb3603e57951f75\"},\"breadcrumb\":{\"@id\":\"https:\\\/\\\/www.leti.lt\\\/wordpress\\\/danseforum-rencontredansetheatreforum\\\/#breadcrumb\"},\"inLanguage\":\"fr-FR\",\"potentialAction\":[{\"@type\":\"ReadAction\",\"target\":[\"https:\\\/\\\/www.leti.lt\\\/wordpress\\\/danseforum-rencontredansetheatreforum\\\/\"]}]},{\"@type\":\"BreadcrumbList\",\"@id\":\"https:\\\/\\\/www.leti.lt\\\/wordpress\\\/danseforum-rencontredansetheatreforum\\\/#breadcrumb\",\"itemListElement\":[{\"@type\":\"ListItem\",\"position\":1,\"name\":\"Accueil\",\"item\":\"https:\\\/\\\/www.leti.lt\\\/wordpress\\\/\"},{\"@type\":\"ListItem\",\"position\":2,\"name\":\"Rencontre danse et th\u00e9\u00e2tre forum\"}]},{\"@type\":\"WebSite\",\"@id\":\"https:\\\/\\\/www.leti.lt\\\/wordpress\\\/#website\",\"url\":\"https:\\\/\\\/www.leti.lt\\\/wordpress\\\/\",\"name\":\"Le TILT\",\"description\":\"Recherche, publication, cr\u00e9ation artistique\",\"potentialAction\":[{\"@type\":\"SearchAction\",\"target\":{\"@type\":\"EntryPoint\",\"urlTemplate\":\"https:\\\/\\\/www.leti.lt\\\/wordpress\\\/?s={search_term_string}\"},\"query-input\":{\"@type\":\"PropertyValueSpecification\",\"valueRequired\":true,\"valueName\":\"search_term_string\"}}],\"inLanguage\":\"fr-FR\"},{\"@type\":\"Person\",\"@id\":\"https:\\\/\\\/www.leti.lt\\\/wordpress\\\/#\\\/schema\\\/person\\\/9bb307b2af8fbb575bb3603e57951f75\",\"name\":\"Andr\u00e9ine Bel\",\"image\":{\"@type\":\"ImageObject\",\"inLanguage\":\"fr-FR\",\"@id\":\"https:\\\/\\\/secure.gravatar.com\\\/avatar\\\/4ab041ec7c7ad3b90293023e86528ec1a700ce2971ff61811b2df6b288dd1f38?s=96&d=identicon&r=g\",\"url\":\"https:\\\/\\\/secure.gravatar.com\\\/avatar\\\/4ab041ec7c7ad3b90293023e86528ec1a700ce2971ff61811b2df6b288dd1f38?s=96&d=identicon&r=g\",\"contentUrl\":\"https:\\\/\\\/secure.gravatar.com\\\/avatar\\\/4ab041ec7c7ad3b90293023e86528ec1a700ce2971ff61811b2df6b288dd1f38?s=96&d=identicon&r=g\",\"caption\":\"Andr\u00e9ine Bel\"},\"url\":\"https:\\\/\\\/www.leti.lt\\\/wordpress\\\/author\\\/andreine\\\/\"}]}<\/script>\n<!-- \/ Yoast SEO plugin. -->","yoast_head_json":{"title":"Rencontre danse et th\u00e9\u00e2tre forum - Le TILT","robots":{"index":"index","follow":"follow","max-snippet":"max-snippet:-1","max-image-preview":"max-image-preview:large","max-video-preview":"max-video-preview:-1"},"canonical":"https:\/\/www.leti.lt\/wordpress\/danseforum-rencontredansetheatreforum\/","og_locale":"fr_FR","og_type":"article","og_title":"Rencontre danse et th\u00e9\u00e2tre forum - Le TILT","og_description":"Danse forum\u2192 Comptes-ren\u00addus des ate\u00adliers\u2192 Lam\u00adbesc !!Ren\u00adcontre danse-th\u00e9\u00e2tre forum \u2013 3&nbsp;f\u00e9vrier 2007 Nous \u00e9tions une ving\u00adtaine pour cette ren\u00adcontre entre l\u2019atelier de danseforum \u00e0&nbsp;Lam\u00adbesc et des per\u00adsonnes issues de quatre groupes de th\u00e9atre forumdes envi\u00adrons de&nbsp;Aix. Nous avions trois heures pour tout bou\u00adcler, et nous y&nbsp;sommes \u2013 qua\u00adsi-arri\u00adv\u00e9s&nbsp;! Le temps \u00e9tait d\u00e9cou\u00adp\u00e9&nbsp;ainsi&nbsp;: 1 \u2013 un temps de pr\u00e9\u00adpa\u00adra\u00adtion \u00ab&nbsp;\u00e0&nbsp;la fa\u00e7on danseforum&nbsp;\u00bb. 2 \u2013 un temps \u00ab&nbsp;\u00e0&nbsp;la fa\u00e7on th\u00e9atre forum&nbsp;\u00bb 3 \u2013 une dis\u00adcus\u00adsion pour d\u00e9fi\u00adnir ensemble une probl\u00e9matique 4 \u2013 [&hellip;]","og_url":"https:\/\/www.leti.lt\/wordpress\/danseforum-rencontredansetheatreforum\/","og_site_name":"Le TILT","article_published_time":"2020-02-16T14:30:33+00:00","author":"Andr\u00e9ine Bel","twitter_card":"summary_large_image","twitter_misc":{"\u00c9crit par":"Andr\u00e9ine Bel","Dur\u00e9e de lecture estim\u00e9e":"5 minutes"},"schema":{"@context":"https:\/\/schema.org","@graph":[{"@type":"Article","@id":"https:\/\/www.leti.lt\/wordpress\/danseforum-rencontredansetheatreforum\/#article","isPartOf":{"@id":"https:\/\/www.leti.lt\/wordpress\/danseforum-rencontredansetheatreforum\/"},"author":{"name":"Andr\u00e9ine Bel","@id":"https:\/\/www.leti.lt\/wordpress\/#\/schema\/person\/9bb307b2af8fbb575bb3603e57951f75"},"headline":"Rencontre danse et th\u00e9\u00e2tre forum","datePublished":"2020-02-16T14:30:33+00:00","mainEntityOfPage":{"@id":"https:\/\/www.leti.lt\/wordpress\/danseforum-rencontredansetheatreforum\/"},"wordCount":993,"commentCount":0,"keywords":["DF_Lambesc"],"articleSection":["Ateliers Lambesc"],"inLanguage":"fr-FR","potentialAction":[{"@type":"CommentAction","name":"Comment","target":["https:\/\/www.leti.lt\/wordpress\/danseforum-rencontredansetheatreforum\/#respond"]}]},{"@type":"WebPage","@id":"https:\/\/www.leti.lt\/wordpress\/danseforum-rencontredansetheatreforum\/","url":"https:\/\/www.leti.lt\/wordpress\/danseforum-rencontredansetheatreforum\/","name":"Rencontre danse et th\u00e9\u00e2tre forum - Le TILT","isPartOf":{"@id":"https:\/\/www.leti.lt\/wordpress\/#website"},"datePublished":"2020-02-16T14:30:33+00:00","author":{"@id":"https:\/\/www.leti.lt\/wordpress\/#\/schema\/person\/9bb307b2af8fbb575bb3603e57951f75"},"breadcrumb":{"@id":"https:\/\/www.leti.lt\/wordpress\/danseforum-rencontredansetheatreforum\/#breadcrumb"},"inLanguage":"fr-FR","potentialAction":[{"@type":"ReadAction","target":["https:\/\/www.leti.lt\/wordpress\/danseforum-rencontredansetheatreforum\/"]}]},{"@type":"BreadcrumbList","@id":"https:\/\/www.leti.lt\/wordpress\/danseforum-rencontredansetheatreforum\/#breadcrumb","itemListElement":[{"@type":"ListItem","position":1,"name":"Accueil","item":"https:\/\/www.leti.lt\/wordpress\/"},{"@type":"ListItem","position":2,"name":"Rencontre danse et th\u00e9\u00e2tre forum"}]},{"@type":"WebSite","@id":"https:\/\/www.leti.lt\/wordpress\/#website","url":"https:\/\/www.leti.lt\/wordpress\/","name":"Le TILT","description":"Recherche, publication, cr\u00e9ation artistique","potentialAction":[{"@type":"SearchAction","target":{"@type":"EntryPoint","urlTemplate":"https:\/\/www.leti.lt\/wordpress\/?s={search_term_string}"},"query-input":{"@type":"PropertyValueSpecification","valueRequired":true,"valueName":"search_term_string"}}],"inLanguage":"fr-FR"},{"@type":"Person","@id":"https:\/\/www.leti.lt\/wordpress\/#\/schema\/person\/9bb307b2af8fbb575bb3603e57951f75","name":"Andr\u00e9ine Bel","image":{"@type":"ImageObject","inLanguage":"fr-FR","@id":"https:\/\/secure.gravatar.com\/avatar\/4ab041ec7c7ad3b90293023e86528ec1a700ce2971ff61811b2df6b288dd1f38?s=96&d=identicon&r=g","url":"https:\/\/secure.gravatar.com\/avatar\/4ab041ec7c7ad3b90293023e86528ec1a700ce2971ff61811b2df6b288dd1f38?s=96&d=identicon&r=g","contentUrl":"https:\/\/secure.gravatar.com\/avatar\/4ab041ec7c7ad3b90293023e86528ec1a700ce2971ff61811b2df6b288dd1f38?s=96&d=identicon&r=g","caption":"Andr\u00e9ine Bel"},"url":"https:\/\/www.leti.lt\/wordpress\/author\/andreine\/"}]}},"_links":{"self":[{"href":"https:\/\/www.leti.lt\/wordpress\/wp-json\/wp\/v2\/posts\/213","targetHints":{"allow":["GET"]}}],"collection":[{"href":"https:\/\/www.leti.lt\/wordpress\/wp-json\/wp\/v2\/posts"}],"about":[{"href":"https:\/\/www.leti.lt\/wordpress\/wp-json\/wp\/v2\/types\/post"}],"author":[{"embeddable":true,"href":"https:\/\/www.leti.lt\/wordpress\/wp-json\/wp\/v2\/users\/2"}],"replies":[{"embeddable":true,"href":"https:\/\/www.leti.lt\/wordpress\/wp-json\/wp\/v2\/comments?post=213"}],"version-history":[{"count":0,"href":"https:\/\/www.leti.lt\/wordpress\/wp-json\/wp\/v2\/posts\/213\/revisions"}],"wp:attachment":[{"href":"https:\/\/www.leti.lt\/wordpress\/wp-json\/wp\/v2\/media?parent=213"}],"wp:term":[{"taxonomy":"category","embeddable":true,"href":"https:\/\/www.leti.lt\/wordpress\/wp-json\/wp\/v2\/categories?post=213"},{"taxonomy":"post_tag","embeddable":true,"href":"https:\/\/www.leti.lt\/wordpress\/wp-json\/wp\/v2\/tags?post=213"}],"curies":[{"name":"wp","href":"https:\/\/api.w.org\/{rel}","templated":true}]}}