{"id":210,"date":"2020-02-16T15:30:33","date_gmt":"2020-02-16T14:30:33","guid":{"rendered":"https:\/\/www.leti.lt\/wordpress\/?p=210"},"modified":"-0001-11-30T00:00:00","modified_gmt":"-0001-11-29T22:00:00","slug":"danseforum-questionstfreponsesdf","status":"publish","type":"post","link":"https:\/\/www.leti.lt\/wordpress\/danseforum-questionstfreponsesdf\/","title":{"rendered":"Questions TF r\u00e9ponses DF"},"content":{"rendered":"<p><a href=\"https:\/\/www.leti.lt\/wordpress\/danseforum-danseforum\/\">Danse forum<\/a><br>\u2192 <a href=\"https:\/\/www.leti.lt\/wordpress\/danseforum-theatreforumetdanseforum\/\">T\u00e9\u00e2tre forum et danse forum<\/a><br><br>!! Ques\u00adtions TF \/ R\u00e9ponses DF \u2013 mars 2009<br><br>\u2019\u2019Je retrans\u00adcris ici, \u00e0&nbsp;ma fa\u00e7on, les ques\u00adtions qui res\u00adsortent du dia\u00adlogue que j\u2019ai eu en pri\u00adv\u00e9 avec un acteur du th\u00e9\u00e2tre forum, suite \u00e0&nbsp;notre article <a href=\"http:\/\/wiki.leti.lt\/pmwiki.php?n=DanseForum.ProblematiserEnDanseForum\"> Pro\u00adbl\u00e9\u00adma\u00adti\u00adser en DF<\/a>. Ces ques\u00adtions me semblent impor\u00adtantes, elles nous aident \u00e0&nbsp;situer la danse foum et \u00e0&nbsp;exer\u00adcer un regard cri\u00adtique sur notre pra\u00adtique.\u2019\u2019<br><br>\u2019\u2019\u2019Com\u00adment la DF peut-elle dia\u00adlo\u00adguer avec un public sur une oppres\u00adsion qui touche et concerne les par\u00adti\u00adci\u00adpants ?\u2019\u2019\u2019<br><br>Le d\u00e9rou\u00adle\u00adment de la danse forum est dif\u00adf\u00e9\u00adrent de celui du th\u00e9\u00e2tre de l\u2019opprim\u00e9, en cela que lorsque nous nous foca\u00adli\u00adsons sur une oppres\u00adsion (ce qui n\u2019est pas tou\u00adjours le cas, voir plus loin), nous ne par\u00adtons pas d\u2019une oppres\u00adsion rep\u00e9\u00adr\u00e9e \u00e0&nbsp;l\u2019avance, mais d\u2019une oppres\u00adsion (au sens large men\u00adtion\u00adn\u00e9 dans \u00ab&nbsp;Pro\u00adbl\u00e9\u00adma\u00adti\u00adser en danse forum&nbsp;\u00bb), qui peut se conscien\u00adti\u00adser pen\u00addant la danse forum.<br><br>Notre s\u00e9same n\u2019est donc pas un pro\u00adbl\u00e8me choi\u00adsi par\u00admi d\u2019autres pro\u00adbl\u00e8mes connus en amont de la danse forum du moment et qui nous am\u00e8\u00adne\u00adrait \u00e0&nbsp;le foru\u00admi\u00adser. Ce sont plu\u00adt\u00f4t nos sen\u00adsa\u00adtions de l\u2019instant, qui nous indiquent com\u00adment nous inter\u00adagis\u00adsons avec le monde, inter\u00adac\u00adtions \u00e0&nbsp;par\u00adtir des\u00adquelles nous pro\u00adbl\u00e9\u00adma\u00adti\u00adsons.<br><br>La m\u00eame dif\u00adf\u00e9\u00adrence de dyna\u00admique se trouve, me semble-t-il, entre le th\u00e9\u00e2tre de l\u2019opprim\u00e9 qui part du g\u00e9n\u00e9\u00adral pour aller vers le par\u00adti\u00adcu\u00adlier et l\u2019individu, et l\u2019arc en ciel du d\u00e9sir qui part de l\u2019individu pour aller au g\u00e9n\u00e9\u00adral, et au groupe.<br><br>Je pense \u00e9ga\u00adle\u00adment que les th\u00e8mes choi\u00adsis en danse forum sont tous les th\u00e8mes pou\u00advant \u00eatre pro\u00adbl\u00e9\u00adma\u00adti\u00ads\u00e9s, et pas seule\u00adment ceux visant une oppres\u00adsion.<br><br>Sans exac\u00adte\u00adment com\u00adprendre pour\u00adquoi, une \u00ab&nbsp;danse de l\u2019opprim\u00e9&nbsp;\u00bb son\u00adne\u00adrait beau\u00adcoup trop res\u00adtric\u00adtif \u00e0&nbsp;mes (nos) oreilles, alors que le th\u00e9\u00e2tre de l\u2019opprim\u00e9 ouvre le pro\u00adpos sur le \u00ab&nbsp;th\u00e9\u00e2tre de la vie&nbsp;\u00bb. Un peu comme si une \u00ab&nbsp;danse de l\u2019opprim\u00e9&nbsp;\u00bb la limi\u00adte\u00adrait \u00e0&nbsp;un seul aspect de la vie, au lieu de s\u2019ouvrir \u00e0&nbsp;une \u00ab&nbsp;danse de la vie&nbsp;\u00bb. Il serait int\u00e9\u00adres\u00adsant de d\u00e9cor\u00adti\u00adquer le pour\u00adquoi du com\u00adment.<br><br>Tout der\u00adni\u00e8\u00adre\u00adment, comme exemple de pro\u00adbl\u00e9\u00adma\u00adti\u00adsa\u00adtion qui ne part pas for\u00adc\u00e9\u00adment d\u2019une oppres\u00adsion, nous est venu le th\u00e8me du pli en rap\u00adport avec l\u2019ego et l\u2019agora. Ce th\u00e8me est par\u00adti des besoins pour cer\u00adtains de se plier, ou replier, ou plier en quatre, de se cocoo\u00adner ou de prendre le pli. C\u2019est en r\u00e9pon\u00addant \u00e0&nbsp;ce besoin que la richesse du pli est appa\u00adrue, pli qui peut \u00eatre d\u00fb \u00e0&nbsp;une oppres\u00adsion externe v\u00e9cue, ou interne, mais aus\u00adsi \u00e0&nbsp;un besoin plus large de coh\u00e9\u00adrence, de retrou\u00advailles avec soi-m\u00eame avant de joindre les autres, le tout en fonc\u00adtion de l\u2019histoire de vie de cha\u00adcun.<br><br>C\u2019est dans la mesure o\u00f9 le pli mul\u00adtiple a&nbsp;pu se for\u00admer, au niveau phy\u00adsique, men\u00adtal et \u00e9mo\u00adtion\u00adnel, que les dan\u00adseurs se sen\u00adtirent peu \u00e0&nbsp;peu capables de se d\u00e9plier, ou de d\u00e9plier ce avec quoi ils \u00e9taient en rela\u00adtion. D\u2019autres \u00e9taient grand ouverts au d\u00e9part, et ont \u00e9prou\u00adv\u00e9 le besoin de se plier en deux, en quatre, etc.<br><br>Ain\u00adsi, la richesse du pli, qui aurait pu pas\u00adser inaper\u00ad\u00e7ue si elle n\u2019avait \u00e9t\u00e9 vue que sous l\u2019angle de l\u2019oppression, a&nbsp;pu se d\u00e9voi\u00adler dans sa com\u00adplexi\u00adt\u00e9. Les mul\u00adtiples plis ont \u00e9t\u00e9 per\u00ad\u00e7us comme autant de points de vue dif\u00adf\u00e9\u00adrents et com\u00adpl\u00e9\u00admen\u00adtaires, avec leurs cou\u00adleurs et inten\u00adsi\u00adt\u00e9s propres, tous ayant leur per\u00adti\u00adnence en fonc\u00adtion de l\u2019histoire de cha\u00adcun, de sa r\u00e9a\u00adli\u00adt\u00e9 poli\u00adtique, sociale et intime.<br><br>\u2019\u2019\u2019Pour\u00adquoi ne pas sim\u00adple\u00adment faire une mise en sc\u00e8ne cho\u00adr\u00e9\u00adgra\u00adphique du Th\u00e9\u00e2tre forum ?\u2019\u2019\u2019<br><br>Ce serait en effet une pos\u00adsi\u00adbi\u00adli\u00adt\u00e9, mettre mes com\u00adp\u00e9\u00adtences de dan\u00adseuse et cho\u00adr\u00e9\u00adgraphe au ser\u00advice du th\u00e9\u00e2tre de l\u2019opprim\u00e9, et d\u2019ailleurs, il n\u2019est pas dit que cela ne se pro\u00adduise pas un jour, tant je pense que le th\u00e9\u00e2tre de l\u2019opprim\u00e9 est un outil fabu\u00adleux pour faire avan\u00adcer les situa\u00adtions en ce monde.<br><br>\u2019\u2019\u2019Pour\u00adquoi se foca\u00adli\u00adser sur les mots de th\u00e9\u00e2tre ou de danse ?\u2019\u2019\u2019<br><br>Si le mot th\u00e9\u00e2tre n\u2019\u00e9tait vrai\u00adment pas impor\u00adtant, j\u2019imagine que le th\u00e9\u00e2tre forum aurait pu s\u2019appeler&nbsp;: \u00ab&nbsp;ren\u00adcontre forum&nbsp;\u00bb, ou \u00ab&nbsp;ago\u00adra&nbsp;\u00bb, et le th\u00e9\u00e2tre de l\u2019opprim\u00e9&nbsp;: \u00ab&nbsp;forum de l\u2019opprim\u00e9&nbsp;\u00bb, par exemple.<br><br>Pen\u00addant la danse forum, nous nous foca\u00adli\u00adsons plus sur le forum que sur la danse, c\u2019est d\u2019ailleurs pour cela que le besoin s\u2019est fait sen\u00adtir assez vite de pou\u00advoir nous consa\u00adcrer aus\u00adsi \u00e0&nbsp;la danse-recherche, qui est un \u00e9l\u00e9\u00adment indis\u00adpen\u00adsable&nbsp;: pas de danse forum pos\u00adsible sans r\u00e9ap\u00adpro\u00adpria\u00adtion de la danse par cha\u00adcun.<br><br>Le tabou est grand en th\u00e9\u00e2tre de mon\u00adter sur sc\u00e8ne quand on n\u2019est pas \u00ab&nbsp;acteur&nbsp;\u00bb, mais je peux dire qu\u2019il est plus grand encore quand on n\u2019est pas \u00ab&nbsp;dan\u00adseur&nbsp;\u00bb et que l\u2019on veut mon\u00adter sur une sc\u00e8ne de danse, fut-elle de danse forum.<br><br>Et il n\u2019est pas seule\u00adment ques\u00adtion ici de d\u00e9s\u00adin\u00adhi\u00adbi\u00adtion.<br><br>Com\u00adment se r\u00e9ap\u00adpro\u00adprier la danse sans tom\u00adber dans la faci\u00adli\u00adt\u00e9 et la com\u00adplai\u00adsance, com\u00adment dan\u00adser en accord avec notre exi\u00adgence int\u00e9\u00adrieure, en res\u00adpect de soi et des autres, sans pen\u00adser pour les autres et sans que per\u00adsonne ne pense pour soi, mais en r\u00e9flexion coop\u00e9\u00adra\u00adtive, reste tou\u00adjours notre d\u00e9fi.<br><br>\u2019\u2019\u2019Sans dra\u00adma\u00adtur\u00adgie claire et acces\u00adsible pour un public vis\u00e9, com\u00adment esp\u00e9\u00adrer un dia\u00adlogue et une recherche d\u2019alternative pour bri\u00adser l\u2019oppression ?\u2019\u2019\u2019<br><br>Nous nous sommes essay\u00e9s \u00e0&nbsp;une dra\u00adma\u00adtur\u00adgie claire et simple, chaque dan\u00adseur endos\u00adsant un r\u00f4le qu\u2019il habite \u00e0&nbsp;sa fa\u00e7on, et cela nous a&nbsp;per\u00admis la pre\u00admi\u00e8re forme de pro\u00adbl\u00e9\u00adma\u00adti\u00adsa\u00adtion, sem\u00adblable \u00e0&nbsp;celle du th\u00e9\u00e2tre forum.<br><br>Les deux autres formes de pro\u00adbl\u00e9\u00adma\u00adti\u00adsa\u00adtion viennent avec une dra\u00adma\u00adtur\u00adgie qui se cr\u00e9e au fur et \u00e0&nbsp;mesure des impro\u00advi\u00adsa\u00adtions, dra\u00adma\u00adtur\u00adgie alors com\u00adplexe et \u00e0&nbsp;nom\u00adbreux niveaux, que la danse d\u00e9voile peu \u00e0&nbsp;peu, nous per\u00admet\u00adtant \u00e9ven\u00adtuel\u00adle\u00adment d\u2019y mettre des mots. Rien de moins \u00e9vident, mais c\u2019est riche de d\u00e9cou\u00advertes (voir les comptes-ren\u00addus d\u2019ateliers sur le blog).<br><br>\u2019\u2019\u2019Quelle est a&nbsp;m\u00e9tho\u00addo\u00adlo\u00adgie la danse forum, sachant que celle du Th\u00e9\u00e2tre de l\u2019Opprim\u00e9 a&nbsp;pour objec\u00adtif de trans\u00adfor\u00admer la soci\u00e9\u00adt\u00e9 ?\u2019\u2019\u2019<br><br>Cer\u00adtains d\u2019entre nous ont de grands pro\u00adjets de trans\u00adfor\u00adma\u00adtion de la soci\u00e9\u00adt\u00e9, du monde, en m\u00eame temps que d\u2019eux-m\u00eames. Au fond peu importe, qui com\u00admence en pre\u00admier, de la soci\u00e9\u00adt\u00e9 ou de l\u2019individu, puisque quand l\u2019un se trans\u00adforme, l\u2019autre aus\u00adsi. Je dirais que la danse forum a&nbsp;pour objec\u00adtif la trans\u00adfor\u00adma\u00adtion par la r\u00e9flexion cri\u00adtique et la com\u00adpr\u00e9\u00adhen\u00adsion de ce qui est, r\u00e9flexion cri\u00adtique et com\u00adpr\u00e9\u00adhen\u00adsion trans\u00adfor\u00admant le com\u00adpor\u00adte\u00adment et l\u2019action.<br><br>\u2019\u2019\u2019Com\u00adment se situe l\u2019esth\u00e9tique de la DF en regard avec celle du TdO, qui a&nbsp;vu de r\u00e9cents d\u00e9ve\u00adlop\u00adpe\u00adments (danse du tra\u00advail au Br\u00e9\u00adsil, danses popu\u00adlaires en Inde, po\u00e9\u00adsie etc.) ?\u2019\u2019\u2019<br><br>Augus\u00adto pen\u00addant son stage en avait par\u00adl\u00e9, disant com\u00adbien la dimen\u00adsion artis\u00adtique lui impor\u00adtait dans ce qu\u2019il appelle l\u2019esth\u00e9tique du th\u00e9\u00e2tre de l\u2019opprim\u00e9. L\u2019art est envi\u00adsa\u00adg\u00e9 comme nour\u00adri\u00adture de l\u2019\u00eatre, de la r\u00e9flexion cri\u00adtique et de l\u2019action, et en cela nous nous rejoi\u00adgnons par\u00adfai\u00adte\u00adment.<br><br>Je con\u00e7ois que le th\u00e9\u00e2tre tel que le pra\u00adtique San\u00adjoy Gan\u00adgu\u00adli, avec l\u2019apport de danses popu\u00adlaires, nour\u00adrit le Jana\u00adta Sans\u00adkri\u00adti selon une esth\u00e9\u00adtique pos\u00adsible du th\u00e9\u00e2tre de l\u2019opprim\u00e9. En m\u00eame temps, je dirais qu\u2019il uti\u00adlise l\u2019art comme un d\u00e9cor (ce qui n\u2019a rien de p\u00e9jo\u00adra\u00adtif), la danse, les \u00e9l\u00e9\u00adments sc\u00e9\u00adniques et la musique deve\u00adnant des \u00e9l\u00e9\u00adments au ser\u00advice du th\u00e9\u00e2tre forum et du th\u00e9\u00e2tre de l\u2019opprim\u00e9.<br><br>Ce que nous essayons de faire, c\u2019est de pla\u00adcer la danse \u00e0&nbsp;sa place de m\u00e9dium, de v\u00e9hi\u00adcule de sens, sen\u00adsa\u00adtions, ana\u00adlyses et r\u00e9flexions, mais aus\u00adsi comme outil de cr\u00e9a\u00adti\u00advi\u00adt\u00e9, de fa\u00e7on \u00e0&nbsp;faire de la \u00ab&nbsp;danse forum&nbsp;\u00bb, et non du \u00ab&nbsp;th\u00e9\u00e2tre forum dan\u00ads\u00e9&nbsp;\u00bb.<br><br>Andr\u00e9ine Bel<\/p><p style=\"color:green; text-align:right !important;\">Article cr\u00e9\u00e9 le 16\/02\/2020<\/p>","protected":false},"excerpt":{"rendered":"<p>Danse forum\u2192 T\u00e9\u00e2tre forum et danse&nbsp;forum !! Ques\u00adtions TF \/ R\u00e9ponses DF \u2013 mars&nbsp;2009 \u2019\u2019Je retrans\u00adcris ici, \u00e0&nbsp;ma fa\u00e7on, les ques\u00adtions qui res\u00adsortent du dia\u00adlogue que j\u2019ai eu en pri\u00adv\u00e9 avec un acteur du th\u00e9\u00e2tre forum, suite \u00e0&nbsp;notre article Pro\u00adbl\u00e9\u00adma\u00adti\u00adser en DF. Ces ques\u00adtions me semblent impor\u00adtantes, elles nous aident \u00e0&nbsp;situer la danse foum et \u00e0&nbsp;exer\u00adcer un regard cri\u00adtique sur notre pra\u00adtique.\u2019\u2019 \u2019\u2019\u2019Com\u00adment la DF peut-elle dia\u00adlo\u00adguer avec un public sur une oppres\u00adsion qui touche et concerne les par\u00adti\u00adci\u00adpants&nbsp;?\u2019\u2019\u2019 Le&nbsp;[\u2026]<\/p>\n","protected":false},"author":2,"featured_media":0,"comment_status":"open","ping_status":"open","sticky":false,"template":"","format":"standard","meta":{"wp_typography_post_enhancements_disabled":false,"footnotes":""},"categories":[12],"tags":[187],"class_list":["post-210","post","type-post","status-publish","format-standard","hentry","category-tf_et_df","tag-tf_et_df"],"yoast_head":"<!-- This site is optimized with the Yoast SEO plugin v27.5 - https:\/\/yoast.com\/product\/yoast-seo-wordpress\/ -->\n<title>Questions TF r\u00e9ponses DF - Le TILT<\/title>\n<meta name=\"robots\" content=\"index, follow, max-snippet:-1, max-image-preview:large, max-video-preview:-1\" \/>\n<link rel=\"canonical\" href=\"https:\/\/www.leti.lt\/wordpress\/danseforum-questionstfreponsesdf\/\" \/>\n<meta property=\"og:locale\" content=\"fr_FR\" \/>\n<meta property=\"og:type\" content=\"article\" \/>\n<meta property=\"og:title\" content=\"Questions TF r\u00e9ponses DF - Le TILT\" \/>\n<meta property=\"og:description\" content=\"Danse forum\u2192 T\u00e9\u00e2tre forum et danse&nbsp;forum !! Ques\u00adtions TF \/ R\u00e9ponses DF \u2013 mars&nbsp;2009 \u2019\u2019Je retrans\u00adcris ici, \u00e0&nbsp;ma fa\u00e7on, les ques\u00adtions qui res\u00adsortent du dia\u00adlogue que j\u2019ai eu en pri\u00adv\u00e9 avec un acteur du th\u00e9\u00e2tre forum, suite \u00e0&nbsp;notre article Pro\u00adbl\u00e9\u00adma\u00adti\u00adser en DF. Ces ques\u00adtions me semblent impor\u00adtantes, elles nous aident \u00e0&nbsp;situer la danse foum et \u00e0&nbsp;exer\u00adcer un regard cri\u00adtique sur notre pratique.\u2019\u2019 \u2019\u2019\u2019Com\u00adment la DF peut-elle dia\u00adlo\u00adguer avec un public sur une oppres\u00adsion qui touche et concerne les participants&nbsp;?\u2019\u2019\u2019 Le [&hellip;]\" \/>\n<meta property=\"og:url\" content=\"https:\/\/www.leti.lt\/wordpress\/danseforum-questionstfreponsesdf\/\" \/>\n<meta property=\"og:site_name\" content=\"Le TILT\" \/>\n<meta property=\"article:published_time\" content=\"2020-02-16T14:30:33+00:00\" \/>\n<meta name=\"author\" content=\"Andr\u00e9ine Bel\" \/>\n<meta name=\"twitter:card\" content=\"summary_large_image\" \/>\n<meta name=\"twitter:label1\" content=\"\u00c9crit par\" \/>\n\t<meta name=\"twitter:data1\" content=\"Andr\u00e9ine Bel\" \/>\n\t<meta name=\"twitter:label2\" content=\"Dur\u00e9e de lecture estim\u00e9e\" \/>\n\t<meta name=\"twitter:data2\" content=\"7 minutes\" \/>\n<script type=\"application\/ld+json\" class=\"yoast-schema-graph\">{\"@context\":\"https:\\\/\\\/schema.org\",\"@graph\":[{\"@type\":\"Article\",\"@id\":\"https:\\\/\\\/www.leti.lt\\\/wordpress\\\/danseforum-questionstfreponsesdf\\\/#article\",\"isPartOf\":{\"@id\":\"https:\\\/\\\/www.leti.lt\\\/wordpress\\\/danseforum-questionstfreponsesdf\\\/\"},\"author\":{\"name\":\"Andr\u00e9ine Bel\",\"@id\":\"https:\\\/\\\/www.leti.lt\\\/wordpress\\\/#\\\/schema\\\/person\\\/9bb307b2af8fbb575bb3603e57951f75\"},\"headline\":\"Questions TF r\u00e9ponses DF\",\"datePublished\":\"2020-02-16T14:30:33+00:00\",\"mainEntityOfPage\":{\"@id\":\"https:\\\/\\\/www.leti.lt\\\/wordpress\\\/danseforum-questionstfreponsesdf\\\/\"},\"wordCount\":1383,\"commentCount\":0,\"keywords\":[\"TF_et_DF\"],\"articleSection\":[\"TF et DF\"],\"inLanguage\":\"fr-FR\",\"potentialAction\":[{\"@type\":\"CommentAction\",\"name\":\"Comment\",\"target\":[\"https:\\\/\\\/www.leti.lt\\\/wordpress\\\/danseforum-questionstfreponsesdf\\\/#respond\"]}]},{\"@type\":\"WebPage\",\"@id\":\"https:\\\/\\\/www.leti.lt\\\/wordpress\\\/danseforum-questionstfreponsesdf\\\/\",\"url\":\"https:\\\/\\\/www.leti.lt\\\/wordpress\\\/danseforum-questionstfreponsesdf\\\/\",\"name\":\"Questions TF r\u00e9ponses DF - Le TILT\",\"isPartOf\":{\"@id\":\"https:\\\/\\\/www.leti.lt\\\/wordpress\\\/#website\"},\"datePublished\":\"2020-02-16T14:30:33+00:00\",\"author\":{\"@id\":\"https:\\\/\\\/www.leti.lt\\\/wordpress\\\/#\\\/schema\\\/person\\\/9bb307b2af8fbb575bb3603e57951f75\"},\"breadcrumb\":{\"@id\":\"https:\\\/\\\/www.leti.lt\\\/wordpress\\\/danseforum-questionstfreponsesdf\\\/#breadcrumb\"},\"inLanguage\":\"fr-FR\",\"potentialAction\":[{\"@type\":\"ReadAction\",\"target\":[\"https:\\\/\\\/www.leti.lt\\\/wordpress\\\/danseforum-questionstfreponsesdf\\\/\"]}]},{\"@type\":\"BreadcrumbList\",\"@id\":\"https:\\\/\\\/www.leti.lt\\\/wordpress\\\/danseforum-questionstfreponsesdf\\\/#breadcrumb\",\"itemListElement\":[{\"@type\":\"ListItem\",\"position\":1,\"name\":\"Accueil\",\"item\":\"https:\\\/\\\/www.leti.lt\\\/wordpress\\\/\"},{\"@type\":\"ListItem\",\"position\":2,\"name\":\"Questions TF r\u00e9ponses DF\"}]},{\"@type\":\"WebSite\",\"@id\":\"https:\\\/\\\/www.leti.lt\\\/wordpress\\\/#website\",\"url\":\"https:\\\/\\\/www.leti.lt\\\/wordpress\\\/\",\"name\":\"Le TILT\",\"description\":\"Recherche, publication, cr\u00e9ation artistique\",\"potentialAction\":[{\"@type\":\"SearchAction\",\"target\":{\"@type\":\"EntryPoint\",\"urlTemplate\":\"https:\\\/\\\/www.leti.lt\\\/wordpress\\\/?s={search_term_string}\"},\"query-input\":{\"@type\":\"PropertyValueSpecification\",\"valueRequired\":true,\"valueName\":\"search_term_string\"}}],\"inLanguage\":\"fr-FR\"},{\"@type\":\"Person\",\"@id\":\"https:\\\/\\\/www.leti.lt\\\/wordpress\\\/#\\\/schema\\\/person\\\/9bb307b2af8fbb575bb3603e57951f75\",\"name\":\"Andr\u00e9ine Bel\",\"image\":{\"@type\":\"ImageObject\",\"inLanguage\":\"fr-FR\",\"@id\":\"https:\\\/\\\/secure.gravatar.com\\\/avatar\\\/4ab041ec7c7ad3b90293023e86528ec1a700ce2971ff61811b2df6b288dd1f38?s=96&d=identicon&r=g\",\"url\":\"https:\\\/\\\/secure.gravatar.com\\\/avatar\\\/4ab041ec7c7ad3b90293023e86528ec1a700ce2971ff61811b2df6b288dd1f38?s=96&d=identicon&r=g\",\"contentUrl\":\"https:\\\/\\\/secure.gravatar.com\\\/avatar\\\/4ab041ec7c7ad3b90293023e86528ec1a700ce2971ff61811b2df6b288dd1f38?s=96&d=identicon&r=g\",\"caption\":\"Andr\u00e9ine Bel\"},\"url\":\"https:\\\/\\\/www.leti.lt\\\/wordpress\\\/author\\\/andreine\\\/\"}]}<\/script>\n<!-- \/ Yoast SEO plugin. -->","yoast_head_json":{"title":"Questions TF r\u00e9ponses DF - Le TILT","robots":{"index":"index","follow":"follow","max-snippet":"max-snippet:-1","max-image-preview":"max-image-preview:large","max-video-preview":"max-video-preview:-1"},"canonical":"https:\/\/www.leti.lt\/wordpress\/danseforum-questionstfreponsesdf\/","og_locale":"fr_FR","og_type":"article","og_title":"Questions TF r\u00e9ponses DF - Le TILT","og_description":"Danse forum\u2192 T\u00e9\u00e2tre forum et danse&nbsp;forum !! Ques\u00adtions TF \/ R\u00e9ponses DF \u2013 mars&nbsp;2009 \u2019\u2019Je retrans\u00adcris ici, \u00e0&nbsp;ma fa\u00e7on, les ques\u00adtions qui res\u00adsortent du dia\u00adlogue que j\u2019ai eu en pri\u00adv\u00e9 avec un acteur du th\u00e9\u00e2tre forum, suite \u00e0&nbsp;notre article Pro\u00adbl\u00e9\u00adma\u00adti\u00adser en DF. Ces ques\u00adtions me semblent impor\u00adtantes, elles nous aident \u00e0&nbsp;situer la danse foum et \u00e0&nbsp;exer\u00adcer un regard cri\u00adtique sur notre pratique.\u2019\u2019 \u2019\u2019\u2019Com\u00adment la DF peut-elle dia\u00adlo\u00adguer avec un public sur une oppres\u00adsion qui touche et concerne les participants&nbsp;?\u2019\u2019\u2019 Le [&hellip;]","og_url":"https:\/\/www.leti.lt\/wordpress\/danseforum-questionstfreponsesdf\/","og_site_name":"Le TILT","article_published_time":"2020-02-16T14:30:33+00:00","author":"Andr\u00e9ine Bel","twitter_card":"summary_large_image","twitter_misc":{"\u00c9crit par":"Andr\u00e9ine Bel","Dur\u00e9e de lecture estim\u00e9e":"7 minutes"},"schema":{"@context":"https:\/\/schema.org","@graph":[{"@type":"Article","@id":"https:\/\/www.leti.lt\/wordpress\/danseforum-questionstfreponsesdf\/#article","isPartOf":{"@id":"https:\/\/www.leti.lt\/wordpress\/danseforum-questionstfreponsesdf\/"},"author":{"name":"Andr\u00e9ine Bel","@id":"https:\/\/www.leti.lt\/wordpress\/#\/schema\/person\/9bb307b2af8fbb575bb3603e57951f75"},"headline":"Questions TF r\u00e9ponses DF","datePublished":"2020-02-16T14:30:33+00:00","mainEntityOfPage":{"@id":"https:\/\/www.leti.lt\/wordpress\/danseforum-questionstfreponsesdf\/"},"wordCount":1383,"commentCount":0,"keywords":["TF_et_DF"],"articleSection":["TF et DF"],"inLanguage":"fr-FR","potentialAction":[{"@type":"CommentAction","name":"Comment","target":["https:\/\/www.leti.lt\/wordpress\/danseforum-questionstfreponsesdf\/#respond"]}]},{"@type":"WebPage","@id":"https:\/\/www.leti.lt\/wordpress\/danseforum-questionstfreponsesdf\/","url":"https:\/\/www.leti.lt\/wordpress\/danseforum-questionstfreponsesdf\/","name":"Questions TF r\u00e9ponses DF - Le TILT","isPartOf":{"@id":"https:\/\/www.leti.lt\/wordpress\/#website"},"datePublished":"2020-02-16T14:30:33+00:00","author":{"@id":"https:\/\/www.leti.lt\/wordpress\/#\/schema\/person\/9bb307b2af8fbb575bb3603e57951f75"},"breadcrumb":{"@id":"https:\/\/www.leti.lt\/wordpress\/danseforum-questionstfreponsesdf\/#breadcrumb"},"inLanguage":"fr-FR","potentialAction":[{"@type":"ReadAction","target":["https:\/\/www.leti.lt\/wordpress\/danseforum-questionstfreponsesdf\/"]}]},{"@type":"BreadcrumbList","@id":"https:\/\/www.leti.lt\/wordpress\/danseforum-questionstfreponsesdf\/#breadcrumb","itemListElement":[{"@type":"ListItem","position":1,"name":"Accueil","item":"https:\/\/www.leti.lt\/wordpress\/"},{"@type":"ListItem","position":2,"name":"Questions TF r\u00e9ponses DF"}]},{"@type":"WebSite","@id":"https:\/\/www.leti.lt\/wordpress\/#website","url":"https:\/\/www.leti.lt\/wordpress\/","name":"Le TILT","description":"Recherche, publication, cr\u00e9ation artistique","potentialAction":[{"@type":"SearchAction","target":{"@type":"EntryPoint","urlTemplate":"https:\/\/www.leti.lt\/wordpress\/?s={search_term_string}"},"query-input":{"@type":"PropertyValueSpecification","valueRequired":true,"valueName":"search_term_string"}}],"inLanguage":"fr-FR"},{"@type":"Person","@id":"https:\/\/www.leti.lt\/wordpress\/#\/schema\/person\/9bb307b2af8fbb575bb3603e57951f75","name":"Andr\u00e9ine Bel","image":{"@type":"ImageObject","inLanguage":"fr-FR","@id":"https:\/\/secure.gravatar.com\/avatar\/4ab041ec7c7ad3b90293023e86528ec1a700ce2971ff61811b2df6b288dd1f38?s=96&d=identicon&r=g","url":"https:\/\/secure.gravatar.com\/avatar\/4ab041ec7c7ad3b90293023e86528ec1a700ce2971ff61811b2df6b288dd1f38?s=96&d=identicon&r=g","contentUrl":"https:\/\/secure.gravatar.com\/avatar\/4ab041ec7c7ad3b90293023e86528ec1a700ce2971ff61811b2df6b288dd1f38?s=96&d=identicon&r=g","caption":"Andr\u00e9ine Bel"},"url":"https:\/\/www.leti.lt\/wordpress\/author\/andreine\/"}]}},"_links":{"self":[{"href":"https:\/\/www.leti.lt\/wordpress\/wp-json\/wp\/v2\/posts\/210","targetHints":{"allow":["GET"]}}],"collection":[{"href":"https:\/\/www.leti.lt\/wordpress\/wp-json\/wp\/v2\/posts"}],"about":[{"href":"https:\/\/www.leti.lt\/wordpress\/wp-json\/wp\/v2\/types\/post"}],"author":[{"embeddable":true,"href":"https:\/\/www.leti.lt\/wordpress\/wp-json\/wp\/v2\/users\/2"}],"replies":[{"embeddable":true,"href":"https:\/\/www.leti.lt\/wordpress\/wp-json\/wp\/v2\/comments?post=210"}],"version-history":[{"count":0,"href":"https:\/\/www.leti.lt\/wordpress\/wp-json\/wp\/v2\/posts\/210\/revisions"}],"wp:attachment":[{"href":"https:\/\/www.leti.lt\/wordpress\/wp-json\/wp\/v2\/media?parent=210"}],"wp:term":[{"taxonomy":"category","embeddable":true,"href":"https:\/\/www.leti.lt\/wordpress\/wp-json\/wp\/v2\/categories?post=210"},{"taxonomy":"post_tag","embeddable":true,"href":"https:\/\/www.leti.lt\/wordpress\/wp-json\/wp\/v2\/tags?post=210"}],"curies":[{"name":"wp","href":"https:\/\/api.w.org\/{rel}","templated":true}]}}