{"id":209,"date":"2020-02-16T15:30:33","date_gmt":"2020-02-16T14:30:33","guid":{"rendered":"https:\/\/www.leti.lt\/wordpress\/?p=209"},"modified":"2020-06-11T16:42:00","modified_gmt":"2020-06-11T14:42:00","slug":"danseforum-questcequeladanseforum","status":"publish","type":"post","link":"https:\/\/www.leti.lt\/wordpress\/danseforum-questcequeladanseforum\/","title":{"rendered":"Qu\u2019est-ce que la danse&nbsp;forum&nbsp;?"},"content":{"rendered":"\n<p>Le concept de la danse forum m\u2019est venu apr\u00e8s une vie de danse et une pr\u00e9\u00adsen\u00adta\u00adtion de th\u00e9\u00e2tre forum. J\u2019avais lu un livre d\u2019Augusto Boal, mes amis me par\u00adlaient de cette forme de forum, mais ce n\u2019est que lorsque j\u2019ai vu l\u2019\u0153uvre que j\u2019ai r\u00e9a\u00adli\u00ads\u00e9 que ce concept man\u00adquait \u00e0&nbsp;la danse d\u2019aujourd\u2019hui comme le th\u00e9\u00e2tre forum man\u00adque\u00adrait au th\u00e9\u00e2tre s\u2019il n\u2019existait pas.<\/p>\n\n\n\n<p>Dans cette approche, l\u2019expertise est ren\u00addue \u00e0&nbsp;l\u2019humain et non \u00e0&nbsp;celui ou celle qui a&nbsp;la tech\u00adnique la plus abou\u00adtie. Le regard du spec\u00adta\u00adteur s\u2019auto-\u00e9duque avec celui du dan\u00adseur. Le fait que les r\u00f4les puissent s\u2019\u00e9changer \u00e0&nbsp;tout ins\u00adtant entre le dan\u00adseur et le spec\u00adta\u00adteur donne au regard une \u00ab&nbsp;qua\u00adli\u00adt\u00e9 d\u2019\u00e9coute&nbsp;\u00bb non-jugeante et natu\u00adrel\u00adle\u00adment empa\u00adthique, tout en \u00e9veillant son c\u00f4t\u00e9 cri\u00adtique. L\u2019esprit cri\u00adtique sol\u00adli\u00adcite l\u2019imagination cr\u00e9a\u00adtrice pour r\u00e9soudre les pro\u00adbl\u00e8mes expo\u00ads\u00e9s ou juste per\u00ad\u00e7us, qu\u2019ils soient artis\u00adtiques ou rela\u00adtion\u00adnels. Et sur\u00adtout, les pro\u00adpo\u00adsi\u00adtions de r\u00e9so\u00adlu\u00adtion des pro\u00adbl\u00e8mes peuvent \u00eatre essay\u00e9es sur le champ, mises en situa\u00adtion et en inter\u00adac\u00adti\u00advi\u00adt\u00e9 avec les autres pro\u00adta\u00adgo\u00adnistes, et r\u00e9\u00e9va\u00adlu\u00e9es par leurs auteurs.<br><br>Le \u00ab&nbsp;retour&nbsp;\u00bb de cet essai est imm\u00e9\u00addiat, dit ou non-dit. Il est aus\u00adsi r\u00e9flexif puisqu\u2019un temps est pris apr\u00e8s la repr\u00e9\u00adsen\u00adta\u00adtion pour com\u00admen\u00adter, t\u00e9moi\u00adgner, ouvrir les ques\u00adtions etc.<br><br>Dans la repr\u00e9\u00adsen\u00adta\u00adtion, l\u2019accent est mis sur la pr\u00e9\u00adsen\u00adta\u00adtion. Le dan\u00adseur se pr\u00e9\u00adsente en dan\u00adsant, il part de l\u00e0 o\u00f9 il est, comme il est, en dia\u00adlogue avec ses sen\u00adsa\u00adtions. Il est \u00e0&nbsp;la ren\u00adcontre de lui-m\u00eame et des autres, de son art et des autres arts, dans l\u2019\u00e9change vivant et imm\u00e9\u00addiat des exper\u00adtises et des savoirs, des doutes et des craintes, des ques\u00adtions qui se posent \u00e0&nbsp;lui.<br><br>Dans un monde qui essaie de sim\u00adpli\u00adfier l\u2019humain au point de vou\u00adloir le rendre lisse, il est temps de \u00ab&nbsp;pro\u00adbl\u00e9\u00adma\u00adti\u00adser&nbsp;\u00bb son inter\u00adac\u00adtion avec l\u2019autre, avec l\u2019art, avec la vie \u2013 l\u2019art de la vie \u00e9tant le pre\u00admier des arts, le seul pour lequel il est enfin \u00e9vident qu\u2019il suf\u00adfit d\u2019\u00eatre soi-m\u00eame, et le reste vient tout seul ensuite\u2026 Lorsque le pro\u00adbl\u00e8me est pos\u00e9, il est d\u00e9j\u00e0 \u00e0&nbsp;moi\u00adti\u00e9 r\u00e9so\u00adlu.<br><br>Les conflits dans le monde de la danse feraient d\u2019excellent th\u00e8mes de base pour le th\u00e9\u00e2tre forum&nbsp;: le manque de recon\u00adnais\u00adsance du dan\u00adseur dans la soci\u00e9\u00adt\u00e9, ses dif\u00adfi\u00adcul\u00adt\u00e9s \u00e0&nbsp;gagner de quoi vivre, les com\u00adp\u00e9\u00adti\u00adtions entre dan\u00adseurs, entre \u00e9coles, entre styles de danse, les conflits du dan\u00adseur avec son corps, avec son art, avec son public, la liste est longue. Pour trai\u00adter ces conflits, le lan\u00adgage est plus imm\u00e9\u00addia\u00adte\u00adment effi\u00adcace que la danse, et c\u2019est en effet le m\u00e9dium du th\u00e9\u00e2tre qui est pro\u00adba\u00adble\u00adment le plus appro\u00adpri\u00e9.<br><br>Mais il y&nbsp;a un domaine o\u00f9 ce qui ne peut \u00eatre dit trouve son expres\u00adsion pri\u00advi\u00adl\u00e9\u00adgi\u00e9e, c\u2019est la danse, la ges\u00adtuelle, la pos\u00adture, toutes choses qui n\u2019ont besoin d\u2019aucun outil pour s\u2019exprimer que d\u2019\u00eatre elles-m\u00eames.<br><br>Au lieu de res\u00adter des emprunts que tout cho\u00adr\u00e9\u00adgraphe s\u2019applique \u00e0&nbsp;inclure dans sa cr\u00e9a\u00adtion, les autres arts peuvent entrer en action ins\u00adtan\u00adta\u00adn\u00e9\u00adment, en oppo\u00adsi\u00adtion ou en fusion, \u00e0&nbsp;dis\u00adtance variable, ils peuvent pro\u00adpo\u00adser des solu\u00adtions en dia\u00adlogue avec la danse.<br><br>La danse par\u00adtage avec le lan\u00adgage la pos\u00adsi\u00adbi\u00adli\u00adt\u00e9 de se pen\u00adcher sur la vie, sur l\u2019art, tous les arts. Elle peut tou\u00adcher du corps les pro\u00adbl\u00e8mes de vie&nbsp;: le trac, le juge\u00adment, la cas\u00adtra\u00adtion artis\u00adtique&nbsp;; les pro\u00adbl\u00e8mes artis\u00adtiques&nbsp;: le vide et le plein, la pro\u00adjec\u00adtion et l\u2019imagination, l\u2019illustration et la dis\u00adtance, la des\u00adtruc\u00adtion et la recons\u00adtruc\u00adtion, l\u2019ordre et le chaos\u2026 Elle se marie magni\u00adfi\u00adque\u00adment bien avec le monde sonore, pic\u00adtu\u00adral et archi\u00adtec\u00adtu\u00adral qui la nour\u00adrissent de sen\u00adsa\u00adtions. Elle est la po\u00e9\u00adsie du non-dit.<br><br>La danse forum apporte \u00e0&nbsp;la danse un angle de vision kal\u00e9i\u00addo\u00adsco\u00adpique, qu\u2019un simple fr\u00f4\u00adle\u00adment pour\u00adra \u00e9mou\u00advoir, en une myriade d\u2019instants uniques de vie, avec pour seule force l\u2019exigence int\u00e9\u00adrieure et fra\u00adter\u00adnelle entre soi et l\u2019autre.<br><br>Andr\u00e9ine Bel<\/p>\n<p style=\"color:green; text-align:right !important;\">Article cr\u00e9\u00e9 le 16\/02\/2020 \u2013 modi\u00adfi\u00e9 le 11\/06\/2020<\/p>","protected":false},"excerpt":{"rendered":"<p>Le concept de la danse forum m\u2019est venu apr\u00e8s une vie de danse et une pr\u00e9\u00adsen\u00adta\u00adtion de th\u00e9\u00e2tre forum.<\/p>\n","protected":false},"author":2,"featured_media":29,"comment_status":"open","ping_status":"open","sticky":false,"template":"","format":"standard","meta":{"wp_typography_post_enhancements_disabled":false,"footnotes":""},"categories":[129],"tags":[218],"class_list":["post-209","post","type-post","status-publish","format-standard","has-post-thumbnail","hentry","category-a_propos_de_la_df","tag-df_a_propos"],"yoast_head":"<!-- This site is optimized with the Yoast SEO plugin v27.5 - https:\/\/yoast.com\/product\/yoast-seo-wordpress\/ -->\n<title>Qu&#039;est-ce que la danse forum ? - Le TILT<\/title>\n<meta name=\"description\" content=\"Le concept de la danse forum m\u2019est venu apr\u00e8s une vie de danse et une pr\u00e9sentation de th\u00e9\u00e2tre forum.\" \/>\n<meta name=\"robots\" content=\"index, follow, max-snippet:-1, max-image-preview:large, max-video-preview:-1\" \/>\n<link rel=\"canonical\" href=\"https:\/\/www.leti.lt\/wordpress\/danseforum-questcequeladanseforum\/\" \/>\n<meta property=\"og:locale\" content=\"fr_FR\" \/>\n<meta property=\"og:type\" content=\"article\" \/>\n<meta property=\"og:title\" content=\"Qu&#039;est-ce que la danse forum ? - Le TILT\" \/>\n<meta property=\"og:description\" content=\"Le concept de la danse forum m\u2019est venu apr\u00e8s une vie de danse et une pr\u00e9sentation de th\u00e9\u00e2tre forum.\" \/>\n<meta property=\"og:url\" content=\"https:\/\/www.leti.lt\/wordpress\/danseforum-questcequeladanseforum\/\" \/>\n<meta property=\"og:site_name\" content=\"Le TILT\" \/>\n<meta property=\"article:published_time\" content=\"2020-02-16T14:30:33+00:00\" \/>\n<meta property=\"article:modified_time\" content=\"2020-06-11T14:42:00+00:00\" \/>\n<meta property=\"og:image\" content=\"https:\/\/www.leti.lt\/wordpress\/wp-content\/uploads\/DR-Dahdah-193.jpg\" \/>\n\t<meta property=\"og:image:width\" content=\"960\" \/>\n\t<meta property=\"og:image:height\" content=\"540\" \/>\n\t<meta property=\"og:image:type\" content=\"image\/jpeg\" \/>\n<meta name=\"author\" content=\"Andr\u00e9ine Bel\" \/>\n<meta name=\"twitter:card\" content=\"summary_large_image\" \/>\n<meta name=\"twitter:label1\" content=\"\u00c9crit par\" \/>\n\t<meta name=\"twitter:data1\" content=\"Andr\u00e9ine Bel\" \/>\n\t<meta name=\"twitter:label2\" content=\"Dur\u00e9e de lecture estim\u00e9e\" \/>\n\t<meta name=\"twitter:data2\" content=\"4 minutes\" \/>\n<script type=\"application\/ld+json\" class=\"yoast-schema-graph\">{\"@context\":\"https:\\\/\\\/schema.org\",\"@graph\":[{\"@type\":\"Article\",\"@id\":\"https:\\\/\\\/www.leti.lt\\\/wordpress\\\/danseforum-questcequeladanseforum\\\/#article\",\"isPartOf\":{\"@id\":\"https:\\\/\\\/www.leti.lt\\\/wordpress\\\/danseforum-questcequeladanseforum\\\/\"},\"author\":{\"name\":\"Andr\u00e9ine Bel\",\"@id\":\"https:\\\/\\\/www.leti.lt\\\/wordpress\\\/#\\\/schema\\\/person\\\/9bb307b2af8fbb575bb3603e57951f75\"},\"headline\":\"Qu\u2019est-ce que la danse&nbsp;forum&nbsp;?\",\"datePublished\":\"2020-02-16T14:30:33+00:00\",\"dateModified\":\"2020-06-11T14:42:00+00:00\",\"mainEntityOfPage\":{\"@id\":\"https:\\\/\\\/www.leti.lt\\\/wordpress\\\/danseforum-questcequeladanseforum\\\/\"},\"wordCount\":717,\"commentCount\":0,\"image\":{\"@id\":\"https:\\\/\\\/www.leti.lt\\\/wordpress\\\/danseforum-questcequeladanseforum\\\/#primaryimage\"},\"thumbnailUrl\":\"https:\\\/\\\/www.leti.lt\\\/wordpress\\\/wp-content\\\/uploads\\\/DR-Dahdah-193.jpg\",\"keywords\":[\"DF_A_propos\"],\"articleSection\":[\"\u00c0 propos de la DF\"],\"inLanguage\":\"fr-FR\",\"potentialAction\":[{\"@type\":\"CommentAction\",\"name\":\"Comment\",\"target\":[\"https:\\\/\\\/www.leti.lt\\\/wordpress\\\/danseforum-questcequeladanseforum\\\/#respond\"]}]},{\"@type\":\"WebPage\",\"@id\":\"https:\\\/\\\/www.leti.lt\\\/wordpress\\\/danseforum-questcequeladanseforum\\\/\",\"url\":\"https:\\\/\\\/www.leti.lt\\\/wordpress\\\/danseforum-questcequeladanseforum\\\/\",\"name\":\"Qu'est-ce que la danse forum ? - Le TILT\",\"isPartOf\":{\"@id\":\"https:\\\/\\\/www.leti.lt\\\/wordpress\\\/#website\"},\"primaryImageOfPage\":{\"@id\":\"https:\\\/\\\/www.leti.lt\\\/wordpress\\\/danseforum-questcequeladanseforum\\\/#primaryimage\"},\"image\":{\"@id\":\"https:\\\/\\\/www.leti.lt\\\/wordpress\\\/danseforum-questcequeladanseforum\\\/#primaryimage\"},\"thumbnailUrl\":\"https:\\\/\\\/www.leti.lt\\\/wordpress\\\/wp-content\\\/uploads\\\/DR-Dahdah-193.jpg\",\"datePublished\":\"2020-02-16T14:30:33+00:00\",\"dateModified\":\"2020-06-11T14:42:00+00:00\",\"author\":{\"@id\":\"https:\\\/\\\/www.leti.lt\\\/wordpress\\\/#\\\/schema\\\/person\\\/9bb307b2af8fbb575bb3603e57951f75\"},\"description\":\"Le concept de la danse forum m\u2019est venu apr\u00e8s une vie de danse et une pr\u00e9sentation de th\u00e9\u00e2tre forum.\",\"breadcrumb\":{\"@id\":\"https:\\\/\\\/www.leti.lt\\\/wordpress\\\/danseforum-questcequeladanseforum\\\/#breadcrumb\"},\"inLanguage\":\"fr-FR\",\"potentialAction\":[{\"@type\":\"ReadAction\",\"target\":[\"https:\\\/\\\/www.leti.lt\\\/wordpress\\\/danseforum-questcequeladanseforum\\\/\"]}]},{\"@type\":\"ImageObject\",\"inLanguage\":\"fr-FR\",\"@id\":\"https:\\\/\\\/www.leti.lt\\\/wordpress\\\/danseforum-questcequeladanseforum\\\/#primaryimage\",\"url\":\"https:\\\/\\\/www.leti.lt\\\/wordpress\\\/wp-content\\\/uploads\\\/DR-Dahdah-193.jpg\",\"contentUrl\":\"https:\\\/\\\/www.leti.lt\\\/wordpress\\\/wp-content\\\/uploads\\\/DR-Dahdah-193.jpg\",\"width\":960,\"height\":540},{\"@type\":\"BreadcrumbList\",\"@id\":\"https:\\\/\\\/www.leti.lt\\\/wordpress\\\/danseforum-questcequeladanseforum\\\/#breadcrumb\",\"itemListElement\":[{\"@type\":\"ListItem\",\"position\":1,\"name\":\"Accueil\",\"item\":\"https:\\\/\\\/www.leti.lt\\\/wordpress\\\/\"},{\"@type\":\"ListItem\",\"position\":2,\"name\":\"Qu\u2019est-ce que la danse&nbsp;forum&nbsp;?\"}]},{\"@type\":\"WebSite\",\"@id\":\"https:\\\/\\\/www.leti.lt\\\/wordpress\\\/#website\",\"url\":\"https:\\\/\\\/www.leti.lt\\\/wordpress\\\/\",\"name\":\"Le TILT\",\"description\":\"Recherche, publication, cr\u00e9ation artistique\",\"potentialAction\":[{\"@type\":\"SearchAction\",\"target\":{\"@type\":\"EntryPoint\",\"urlTemplate\":\"https:\\\/\\\/www.leti.lt\\\/wordpress\\\/?s={search_term_string}\"},\"query-input\":{\"@type\":\"PropertyValueSpecification\",\"valueRequired\":true,\"valueName\":\"search_term_string\"}}],\"inLanguage\":\"fr-FR\"},{\"@type\":\"Person\",\"@id\":\"https:\\\/\\\/www.leti.lt\\\/wordpress\\\/#\\\/schema\\\/person\\\/9bb307b2af8fbb575bb3603e57951f75\",\"name\":\"Andr\u00e9ine Bel\",\"image\":{\"@type\":\"ImageObject\",\"inLanguage\":\"fr-FR\",\"@id\":\"https:\\\/\\\/secure.gravatar.com\\\/avatar\\\/4ab041ec7c7ad3b90293023e86528ec1a700ce2971ff61811b2df6b288dd1f38?s=96&d=identicon&r=g\",\"url\":\"https:\\\/\\\/secure.gravatar.com\\\/avatar\\\/4ab041ec7c7ad3b90293023e86528ec1a700ce2971ff61811b2df6b288dd1f38?s=96&d=identicon&r=g\",\"contentUrl\":\"https:\\\/\\\/secure.gravatar.com\\\/avatar\\\/4ab041ec7c7ad3b90293023e86528ec1a700ce2971ff61811b2df6b288dd1f38?s=96&d=identicon&r=g\",\"caption\":\"Andr\u00e9ine Bel\"},\"url\":\"https:\\\/\\\/www.leti.lt\\\/wordpress\\\/author\\\/andreine\\\/\"}]}<\/script>\n<!-- \/ Yoast SEO plugin. -->","yoast_head_json":{"title":"Qu'est-ce que la danse forum ? - Le TILT","description":"Le concept de la danse forum m\u2019est venu apr\u00e8s une vie de danse et une pr\u00e9sentation de th\u00e9\u00e2tre forum.","robots":{"index":"index","follow":"follow","max-snippet":"max-snippet:-1","max-image-preview":"max-image-preview:large","max-video-preview":"max-video-preview:-1"},"canonical":"https:\/\/www.leti.lt\/wordpress\/danseforum-questcequeladanseforum\/","og_locale":"fr_FR","og_type":"article","og_title":"Qu'est-ce que la danse forum ? - Le TILT","og_description":"Le concept de la danse forum m\u2019est venu apr\u00e8s une vie de danse et une pr\u00e9sentation de th\u00e9\u00e2tre forum.","og_url":"https:\/\/www.leti.lt\/wordpress\/danseforum-questcequeladanseforum\/","og_site_name":"Le TILT","article_published_time":"2020-02-16T14:30:33+00:00","article_modified_time":"2020-06-11T14:42:00+00:00","og_image":[{"width":960,"height":540,"url":"https:\/\/www.leti.lt\/wordpress\/wp-content\/uploads\/DR-Dahdah-193.jpg","type":"image\/jpeg"}],"author":"Andr\u00e9ine Bel","twitter_card":"summary_large_image","twitter_misc":{"\u00c9crit par":"Andr\u00e9ine Bel","Dur\u00e9e de lecture estim\u00e9e":"4 minutes"},"schema":{"@context":"https:\/\/schema.org","@graph":[{"@type":"Article","@id":"https:\/\/www.leti.lt\/wordpress\/danseforum-questcequeladanseforum\/#article","isPartOf":{"@id":"https:\/\/www.leti.lt\/wordpress\/danseforum-questcequeladanseforum\/"},"author":{"name":"Andr\u00e9ine Bel","@id":"https:\/\/www.leti.lt\/wordpress\/#\/schema\/person\/9bb307b2af8fbb575bb3603e57951f75"},"headline":"Qu\u2019est-ce que la danse&nbsp;forum&nbsp;?","datePublished":"2020-02-16T14:30:33+00:00","dateModified":"2020-06-11T14:42:00+00:00","mainEntityOfPage":{"@id":"https:\/\/www.leti.lt\/wordpress\/danseforum-questcequeladanseforum\/"},"wordCount":717,"commentCount":0,"image":{"@id":"https:\/\/www.leti.lt\/wordpress\/danseforum-questcequeladanseforum\/#primaryimage"},"thumbnailUrl":"https:\/\/www.leti.lt\/wordpress\/wp-content\/uploads\/DR-Dahdah-193.jpg","keywords":["DF_A_propos"],"articleSection":["\u00c0 propos de la DF"],"inLanguage":"fr-FR","potentialAction":[{"@type":"CommentAction","name":"Comment","target":["https:\/\/www.leti.lt\/wordpress\/danseforum-questcequeladanseforum\/#respond"]}]},{"@type":"WebPage","@id":"https:\/\/www.leti.lt\/wordpress\/danseforum-questcequeladanseforum\/","url":"https:\/\/www.leti.lt\/wordpress\/danseforum-questcequeladanseforum\/","name":"Qu'est-ce que la danse forum ? - Le TILT","isPartOf":{"@id":"https:\/\/www.leti.lt\/wordpress\/#website"},"primaryImageOfPage":{"@id":"https:\/\/www.leti.lt\/wordpress\/danseforum-questcequeladanseforum\/#primaryimage"},"image":{"@id":"https:\/\/www.leti.lt\/wordpress\/danseforum-questcequeladanseforum\/#primaryimage"},"thumbnailUrl":"https:\/\/www.leti.lt\/wordpress\/wp-content\/uploads\/DR-Dahdah-193.jpg","datePublished":"2020-02-16T14:30:33+00:00","dateModified":"2020-06-11T14:42:00+00:00","author":{"@id":"https:\/\/www.leti.lt\/wordpress\/#\/schema\/person\/9bb307b2af8fbb575bb3603e57951f75"},"description":"Le concept de la danse forum m\u2019est venu apr\u00e8s une vie de danse et une pr\u00e9sentation de th\u00e9\u00e2tre forum.","breadcrumb":{"@id":"https:\/\/www.leti.lt\/wordpress\/danseforum-questcequeladanseforum\/#breadcrumb"},"inLanguage":"fr-FR","potentialAction":[{"@type":"ReadAction","target":["https:\/\/www.leti.lt\/wordpress\/danseforum-questcequeladanseforum\/"]}]},{"@type":"ImageObject","inLanguage":"fr-FR","@id":"https:\/\/www.leti.lt\/wordpress\/danseforum-questcequeladanseforum\/#primaryimage","url":"https:\/\/www.leti.lt\/wordpress\/wp-content\/uploads\/DR-Dahdah-193.jpg","contentUrl":"https:\/\/www.leti.lt\/wordpress\/wp-content\/uploads\/DR-Dahdah-193.jpg","width":960,"height":540},{"@type":"BreadcrumbList","@id":"https:\/\/www.leti.lt\/wordpress\/danseforum-questcequeladanseforum\/#breadcrumb","itemListElement":[{"@type":"ListItem","position":1,"name":"Accueil","item":"https:\/\/www.leti.lt\/wordpress\/"},{"@type":"ListItem","position":2,"name":"Qu\u2019est-ce que la danse&nbsp;forum&nbsp;?"}]},{"@type":"WebSite","@id":"https:\/\/www.leti.lt\/wordpress\/#website","url":"https:\/\/www.leti.lt\/wordpress\/","name":"Le TILT","description":"Recherche, publication, cr\u00e9ation artistique","potentialAction":[{"@type":"SearchAction","target":{"@type":"EntryPoint","urlTemplate":"https:\/\/www.leti.lt\/wordpress\/?s={search_term_string}"},"query-input":{"@type":"PropertyValueSpecification","valueRequired":true,"valueName":"search_term_string"}}],"inLanguage":"fr-FR"},{"@type":"Person","@id":"https:\/\/www.leti.lt\/wordpress\/#\/schema\/person\/9bb307b2af8fbb575bb3603e57951f75","name":"Andr\u00e9ine Bel","image":{"@type":"ImageObject","inLanguage":"fr-FR","@id":"https:\/\/secure.gravatar.com\/avatar\/4ab041ec7c7ad3b90293023e86528ec1a700ce2971ff61811b2df6b288dd1f38?s=96&d=identicon&r=g","url":"https:\/\/secure.gravatar.com\/avatar\/4ab041ec7c7ad3b90293023e86528ec1a700ce2971ff61811b2df6b288dd1f38?s=96&d=identicon&r=g","contentUrl":"https:\/\/secure.gravatar.com\/avatar\/4ab041ec7c7ad3b90293023e86528ec1a700ce2971ff61811b2df6b288dd1f38?s=96&d=identicon&r=g","caption":"Andr\u00e9ine Bel"},"url":"https:\/\/www.leti.lt\/wordpress\/author\/andreine\/"}]}},"_links":{"self":[{"href":"https:\/\/www.leti.lt\/wordpress\/wp-json\/wp\/v2\/posts\/209","targetHints":{"allow":["GET"]}}],"collection":[{"href":"https:\/\/www.leti.lt\/wordpress\/wp-json\/wp\/v2\/posts"}],"about":[{"href":"https:\/\/www.leti.lt\/wordpress\/wp-json\/wp\/v2\/types\/post"}],"author":[{"embeddable":true,"href":"https:\/\/www.leti.lt\/wordpress\/wp-json\/wp\/v2\/users\/2"}],"replies":[{"embeddable":true,"href":"https:\/\/www.leti.lt\/wordpress\/wp-json\/wp\/v2\/comments?post=209"}],"version-history":[{"count":7,"href":"https:\/\/www.leti.lt\/wordpress\/wp-json\/wp\/v2\/posts\/209\/revisions"}],"predecessor-version":[{"id":816,"href":"https:\/\/www.leti.lt\/wordpress\/wp-json\/wp\/v2\/posts\/209\/revisions\/816"}],"wp:featuredmedia":[{"embeddable":true,"href":"https:\/\/www.leti.lt\/wordpress\/wp-json\/wp\/v2\/media\/29"}],"wp:attachment":[{"href":"https:\/\/www.leti.lt\/wordpress\/wp-json\/wp\/v2\/media?parent=209"}],"wp:term":[{"taxonomy":"category","embeddable":true,"href":"https:\/\/www.leti.lt\/wordpress\/wp-json\/wp\/v2\/categories?post=209"},{"taxonomy":"post_tag","embeddable":true,"href":"https:\/\/www.leti.lt\/wordpress\/wp-json\/wp\/v2\/tags?post=209"}],"curies":[{"name":"wp","href":"https:\/\/api.w.org\/{rel}","templated":true}]}}