{"id":208,"date":"2020-02-16T15:30:33","date_gmt":"2020-02-16T14:30:33","guid":{"rendered":"https:\/\/www.leti.lt\/wordpress\/?p=208"},"modified":"-0001-11-30T00:00:00","modified_gmt":"-0001-11-29T22:00:00","slug":"danseforum-propagationsetricochets","status":"publish","type":"post","link":"https:\/\/www.leti.lt\/wordpress\/danseforum-propagationsetricochets\/","title":{"rendered":"Propagations et ricochets"},"content":{"rendered":"<p><a href=\"https:\/\/www.leti.lt\/wordpress\/danseforum-danseforum\/\">Danse forum<\/a><br>\u2192 <a href=\"https:\/\/www.leti.lt\/wordpress\/danseforum-comptesrendusateliers\/\">Comptes Ren\u00addus des Ate\u00adliers<\/a> \u2192 <a href=\"https:\/\/www.leti.lt\/wordpress\/danseforum-illeetvilaine\/\">Ille et Vilaine<\/a><br><br>!!Fron\u00adti\u00e8res <b> Pro\u00adpa\u00adga\u00adtions et rico\u00adchets \u2013 30\/10\/16<\/b><br><br>https:\/\/\u200bcol\u200blec\u200btif\u200bsans\u200btete\u200b.word\u200bpress\u200b.com\/\u200bf\u200br\u200bo\u200bn\u200bt\u200bi\u200be\u200br\u200be\u200bs\u200b-\u200bs\u200bu\u200bi\u200bt\u200be\u200b-30\u200a\u2013\u200a10-16\/<br><br><i>30 octobre 2016, 14h30-18h30, \u00e0&nbsp;la MJC de Pac\u00e9, pr\u00e8s de Rennes.<\/i><br><br>\u00c9taient pr\u00e9\u00adsents&nbsp;: Bren\u00adda, Chris\u00adtian, Her\u00adv\u00e9, L\u00e9a, Lise, Ma\u00efa\u00adna, Maga\u00adlie, Nico, Robin.<br><br><i>R\u00e9dac\u00adtion<\/i> de ce CR&nbsp;: L\u00e9a.<br><br><i>Pr\u00e9\u00adsen\u00adta\u00adtion<\/i> de la danse forum par Her\u00adv\u00e9 et L\u00e9a, com\u00adpl\u00e9\u00adt\u00e9e par Nico.<br><br>L\u00e9a m\u00e8ne <i>l\u2019\u00e9chauffement<\/i><br><br>Retours&nbsp;:<br><br>Her\u00adv\u00e9&nbsp;: tor\u00adsions et exten\u00adsions du ralen\u00adti au plus rapide, sauts.<br><br>L\u00e9a&nbsp;: d\u00e9sar\u00adti\u00adcu\u00adla\u00adtions, mou\u00adve\u00adments, contraires, mou\u00adve\u00adments per\u00adp\u00e9\u00adtuels.<br><br>Chris\u00adtian&nbsp;: rota\u00adtions avec dif\u00adf\u00e9\u00adrentes ampli\u00adtudes avec l\u2019ensemble du corps.<br><br>Nico&nbsp;: une sen\u00adsa\u00adtion qui est res\u00adt\u00e9e tout au long cen\u00adtrale dans les organes du ventre, mou\u00adve\u00adments conti\u00adnus cir\u00adcu\u00adlaires qui se sont pro\u00adpa\u00adg\u00e9s.<br><br>Ma\u00efa\u00adna&nbsp;: appuis dans le sol, don\u00adner le poids, sen\u00adtir l\u2019appui, allon\u00adge\u00adment, ouvrir un autre espace.<br><br>Bren\u00adda&nbsp;: res\u00adt\u00e9e au sol, pas de mots mais sen\u00adsa\u00adtion bien l\u00e0, lan\u00adgueur, len\u00adteur, enve\u00adlop\u00adpant, doux. Ser\u00adpent ondu\u00adlant, \u00e9las\u00adtique.<br><br>Lise&nbsp;: balan\u00ad\u00e7e\u00adments, enrou\u00adle\u00adment, enve\u00adlop\u00adpe\u00adment, liqu\u00e9\u00adfac\u00adtion, rel\u00e2\u00adche\u00adment, mou\u00adve\u00adment per\u00adp\u00e9\u00adtuel mais rel\u00e2\u00adch\u00e9.<br><br>Maga\u00adlie&nbsp;: balan\u00adce\u00adments, exten\u00adsions, \u00e9ti\u00adre\u00adments, poses fixes, je suis plu\u00adt\u00f4t res\u00adt\u00e9e au sol.<br><br>Robin&nbsp;: tor\u00adsions, entre\u00adla\u00adce\u00adments, plu\u00adt\u00f4t lent avec des acc\u00e9\u00adl\u00e9\u00adra\u00adtions. Recherche d\u2019ouverture, d\u2019espacement.<br><br><i>Choix du th\u00e8me sen\u00adsi\u00adtif&nbsp;: pro\u00adpa\u00adga\u00adtions et rico\u00adchets<\/i><br><br><i>Temps de danse 1&nbsp;: Her\u00adv\u00e9 tilte<\/i><br><br>Forum&nbsp;:<br><br>Lise&nbsp;: J\u2019ai vu des corps iso\u00adl\u00e9s avec des fron\u00adti\u00e8res mar\u00adqu\u00e9es. Yeux fer\u00adm\u00e9s, monde int\u00e9\u00adrieur. Qu\u2019est-ce qui peut per\u00admettre de sor\u00adtir de son espace intime pour aller vers l\u2019espace de l\u2019autre&nbsp;?<br><br>Her\u00adv\u00e9&nbsp;: Corps iso\u00adl\u00e9s, yeux fer\u00adm\u00e9s, sen\u00adsa\u00adtion que les corps se cher\u00adchaient pour se fami\u00adlia\u00adri\u00adser avec musique, espace, corps des autres.<br>Qu\u2019est-ce qu\u2019on s\u2019impose comme fron\u00adti\u00e8res men\u00adtales et phy\u00adsiques&nbsp;? Quelles fron\u00adti\u00e8res, com\u00adment les d\u00e9pas\u00adser&nbsp;?<br><br>L\u00e9a&nbsp;: Quelle est la part de plai\u00adsir dans la recherche&nbsp;?<br><br>Nico&nbsp;: Danse gui\u00add\u00e9e par impul\u00adsion. Impres\u00adsion d\u2019\u00eatre dans le 1<sup class=\"ordinal\">er<\/sup> degr\u00e9&nbsp;: fron\u00adti\u00e8re sc\u00e9\u00adnique, ombre\/lumi\u00e8re. R\u00e9flexion\/regard sur moi-m\u00eame \u00ab&nbsp;\u00e7a va avoir l\u2019air de\u2026&nbsp;\u00bb. \u00c7a a&nbsp;para\u00adsi\u00adt\u00e9 ma danse.<br><br>Maga\u00adlie&nbsp;: Regard de l\u2019autre pos\u00e9 sur soi. Besoin de temps pour s\u2019approprier l\u2019espace. Com\u00adment se lib\u00e9\u00adrer du regard de l\u2019autre&nbsp;? Quelle fron\u00adti\u00e8re est pos\u00e9e par le regard&nbsp;? Image de la rivi\u00e8re crue\/d\u00e9crue.<br><br>Bren\u00adda&nbsp;: Tr\u00e8s agr\u00e9able, d\u00e9ta\u00adch\u00e9e du th\u00e8me, a&nbsp;essay\u00e9 de se rac\u00adcro\u00adcher au th\u00e8me \u00e0&nbsp;cer\u00adtains moments. Les mou\u00adve\u00adments appa\u00adrais\u00adsaient, pas vrai\u00adment de ma\u00ee\u00adtrise, micro mou\u00adve\u00adments. J\u2019ai \u00e9t\u00e9 agr\u00e9a\u00adble\u00adment sur\u00adprise.<br><br>Chris\u00adtian&nbsp;: Choix de jouer t\u00e9nu, sons min\u00e9\u00adraux, lenteur\/acc\u00e9l\u00e9ration, rico\u00adchets sans y&nbsp;pen\u00adser sur la cym\u00adbale, cha\u00eene acous\u00adtique.<br><br>Ma\u00efa\u00adna&nbsp;: Cher\u00adcher un endroit o\u00f9 la danse part d\u2019une sen\u00adsa\u00adtion et pas du men\u00adtal. Lais\u00adser le mou\u00adve\u00adment se faire. Les envies peuvent \u00eatre motrices. Beau\u00adcoup de pr\u00e9\u00adsences iso\u00adl\u00e9es. Pas facile d\u2019aller \u00ab&nbsp;\u00e0 la ren\u00adcontre&nbsp;\u00bb m\u00eame si on a&nbsp;envie. C\u2019est quoi pen\u00adser, pas pen\u00adser&nbsp;? \u00c0&nbsp;quel moment \u00e7a m\u2019int\u00e9resse de pen\u00adser ou pas&nbsp;? Qu\u2019est-ce qui per\u00admet de se mettre en lien avec l\u2019autre tout en gar\u00addant son ancrage int\u00e9\u00adrieur&nbsp;?<br><br><i>Temps de danse 2&nbsp;: Nico tilte<\/i><br><br>\u00c9cri\u00adture auto\u00adma\u00adtique de 5&nbsp;minutes. Par\u00adtage de ceux qui le veulent, lec\u00adture des textes sans com\u00admen\u00adtaires des autres. (voir annexes)<br><br><i>Temps de danse 3&nbsp;: L\u00e9a tilte<\/i><br><br>L\u00e9a&nbsp;: \u00c0&nbsp;la fin il n\u2019y a&nbsp;plus que des gar\u00ad\u00e7ons qui dansent. \u00c7a m\u2019a mar\u00adqu\u00e9. Pour\u00adquoi est-ce que je l\u2019ai remar\u00adqu\u00e9&nbsp;?<br><br>Her\u00adv\u00e9&nbsp;: Espace entre les membres. Croi\u00adse\u00adment avec d\u2019autres corps&nbsp;: qu\u2019est-ce \u00e7a bouge en tant que fron\u00adti\u00e8re&nbsp;? R\u00e9flexion, envie d\u2019aller r\u00e9fl\u00e9\u00adchir sur sc\u00e8ne. \u00c0&nbsp;quoi \u00e7a sert tout \u00e7a&nbsp;?<br><br>Lise&nbsp;: Tra\u00adjec\u00adtoires phy\u00adsiques puis ten\u00adta\u00adtive de faire des tra\u00adjec\u00adtoires invi\u00adsibles, \u00e9ner\u00adg\u00e9\u00adtiques. Voir ce qui me relie \u00e0&nbsp;l\u2019autre, dan\u00adser avec les \u00e9ner\u00adgies des autres.<br><br>Maga\u00adlie&nbsp;: Rico\u00adchets entre musique, son, \u00e9ner\u00adgies, mou\u00adve\u00adments, plus de cir\u00adcu\u00adla\u00adtion, rap\u00adpro\u00adche\u00adment des corps.<br><br>Nico&nbsp;: Signe \u00e0&nbsp;peine per\u00adcep\u00adtible qui donne la direc\u00adtion aux autres. Par\u00adfois syn\u00adcro\u00adni\u00adci\u00adt\u00e9, c\u2019est alors plus men\u00adtal. Quelle est la fron\u00adti\u00e8re entre les corps&nbsp;?<br><br><i>Bilan de la journ\u00e9e\/weekend<\/i><br><br>Nico&nbsp;: Th\u00e8me r\u00e9flexif. Jouer entre entrer\/sortir\/bordure assez fr\u00e9\u00adquent en danse forum. Th\u00e8me de la fron\u00adti\u00e8re ren\u00adforce \u00e7a. Obser\u00adva\u00adtion des dan\u00adseurs, rela\u00adtion \u00e0&nbsp;la <i>bor\u00addure<\/i>. Il y&nbsp;a beau\u00adcoup de fa\u00e7on de la tra\u00adver\u00adser dif\u00adf\u00e9\u00adrentes.<br><br>Her\u00adv\u00e9&nbsp;: 1<sup class=\"ordinal\">\u00e8re<\/sup> danse forum o\u00f9 je n\u2019arrive pas \u00e0&nbsp;sen\u00adtir la rela\u00adtion avec le monde ext\u00e9\u00adrieur. Il m\u2019a man\u00adqu\u00e9 quelque chose.<br><br>Lise&nbsp;: Comme on est danseur\/acteur, dans les temps de forum on parle plus de sa propre recherche interne. Impres\u00adsion que la danse forum per\u00admet\u00adtait de faire appa\u00adra\u00eetre des choses de mani\u00e8re plus glo\u00adbale sur ce qui est don\u00adn\u00e9 \u00e0&nbsp;voir par l\u2019ensemble des pro\u00adta\u00adgo\u00adnistes \u00e0&nbsp;l\u2019int\u00e9rieur de l\u2019espace sc\u00e9\u00adnique et \u00e0&nbsp;ses fron\u00adti\u00e8res. Le til\u00adteur ne devrait-il pas por\u00adter ce r\u00f4le, lui qui est le seul \u00e0&nbsp;tout voir, qui serait de retrans\u00adcrire la glo\u00adba\u00adli\u00adt\u00e9 de ce qui se passe lors d\u2019un temps de danse&nbsp;?<br><br>Nico&nbsp;: Le til\u00adteur doit-il faire \u00e9mer\u00adger dif\u00adf\u00e9\u00adrentes visions&nbsp;?<br><br>Chris\u00adtian&nbsp;: Est-il impor\u00adtant de voir la tota\u00adli\u00adt\u00e9&nbsp;? Ce qui manque est \u00e0&nbsp;l\u2019int\u00e9rieur de nous.<br><br>L\u00e9a&nbsp;: J\u2019\u00e9tais plus connec\u00adt\u00e9e au th\u00e8me hier, aujourd\u2019hui plus l\u2019impression d\u2019\u00eatre dans un micro\u00adcosme.<br><br>Nico&nbsp;: Il y&nbsp;a la ques\u00adtion r\u00e9cur\u00adrente de l\u2019avanc\u00e9e col\u00adlec\u00adtive sur un sujet. Si on ne se pose plus cette ques\u00adtion c\u2019est qu\u2019on fonc\u00adtionne par auto\u00adma\u00adtisme. J\u2019ai pas vu un micro\u00adcosme mais \u00e7a d\u00e9pend de cha\u00adcun. 3&nbsp;types de fron\u00adti\u00e8res&nbsp;: entre les corps, les \u00e9tats des corps, les fron\u00adti\u00e8res \u00e0&nbsp;l\u2019int\u00e9rieur du corps. Les fron\u00adti\u00e8res sont faites pour \u00eatre un ter\u00adrain de jeu pri\u00advi\u00adl\u00e9\u00adgi\u00e9, prin\u00adcipe de les dis\u00adcu\u00adter, de les tes\u00adter, de les trans\u00adgres\u00adser. M\u00eame si une fron\u00adti\u00e8re ne change pas, sa mani\u00e8re d\u2019\u00eatre g\u00e9r\u00e9e change, la mani\u00e8re de les tra\u00adver\u00adser aus\u00adsi. Danse forum&nbsp;: la fron\u00adti\u00e8re consiste \u00e0&nbsp;fixer des liens et \u00e0&nbsp;les chan\u00adger en fron\u00adti\u00e8re.<br><br>Maga\u00adlie&nbsp;: La fron\u00adti\u00e8re per\u00admet de cr\u00e9er la ren\u00adcontre.<br><br>Chris\u00adtian&nbsp;: Mou\u00adve\u00adments fugi\u00adtifs dont on ne conna\u00eet pas l\u2019impulsion. Sen\u00adsa\u00adtion que c\u2019est plus \u00e9vident dans la musique.<br><br>Maga\u00adlie&nbsp;: Moments de \u00ab&nbsp;t\u00e9l\u00e9\u00adpa\u00adthie&nbsp;\u00bb.<br><br>Chris\u00adtian&nbsp;: Il est int\u00e9\u00adres\u00adsant d\u2019avoir la pos\u00adsi\u00adbi\u00adli\u00adt\u00e9 d\u2019\u00eatre acteur, spec\u00adta\u00adteur quand on veut. Retour sur soi, che\u00admi\u00adne\u00adment, pas\u00adser les moments d\u2019ennui. Pr\u00e9\u00adsent dans le faire et le pas faire. Pou\u00advoir pas\u00adser d\u2019un r\u00f4le \u00e0&nbsp;l\u2019autre. 1<sup class=\"ordinal\">er<\/sup> jour&nbsp;: c\u2019\u00e9tait long les mots. J\u2019ai appr\u00e9\u00adci\u00e9 l\u2019\u00e9criture auto\u00adma\u00adtique.<br><br>Maga\u00adlie&nbsp;: Res\u00adter dans la conti\u00adnui\u00adt\u00e9 de l\u2019\u00e9nergie.<br><br>Lise&nbsp;: Plus po\u00e9\u00adtique, moins ana\u00adly\u00adtique. Chouette mais en m\u00eame temps, est-ce que \u00e7a nous a&nbsp;pas \u00e9loi\u00adgn\u00e9 du th\u00e8me&nbsp;? Hier les temps de forum longs m\u2019ont per\u00admis de che\u00admi\u00adner. Peut-\u00eatre si l\u2019\u00e9criture venait au d\u00e9but\u2026<br><br>Bren\u00adda&nbsp;: \u00c9cri\u00adture auto\u00adma\u00adtique tr\u00e8s po\u00e9\u00adtique, \u00e7a m\u2019a inter\u00adpel\u00adl\u00e9e parce que pour l\u2019avoir pra\u00adti\u00adqu\u00e9 en g\u00e9n\u00e9\u00adral c\u2019est plus ana\u00adly\u00adtique. Qu\u2019est ce que \u00e7a nous raconte sur la soci\u00e9\u00adt\u00e9&nbsp;? Qu\u2019est-ce qu\u2019on vient faire ensemble ici&nbsp;? \u00c0&nbsp;quel point \u00e7a va nous chan\u00adger&nbsp;?<br><br>Her\u00adv\u00e9&nbsp;: On cherche \u00e0&nbsp;reve\u00adnir aux mots parce que c\u2019est ce qu\u2019on conna\u00eet le mieux. Int\u00e9\u00adr\u00eat de la danse&nbsp;: pro\u00adbl\u00e9\u00adma\u00adti\u00adser autre\u00adment qu\u2019avec le lan\u00adgage ver\u00adbal. On est l\u00e0 pour essayer de r\u00e9fl\u00e9\u00adchir d\u2019une autre fa\u00e7on.<br><br>Nico&nbsp;: J\u2019aime bien l\u2019\u00e9criture auto\u00adma\u00adtique, mais j\u2019aime avoir cette option de com\u00admu\u00adni\u00adca\u00adtion don\u00adn\u00e9e par les temps de forum.<br><br>Ma\u00efa\u00adna&nbsp;: Ques\u00adtion sur le fonc\u00adtion\u00adne\u00adment du groupe. Groupe, ou pas groupe&nbsp;? Tou\u00adjours ouvert aux nou\u00adveaux&nbsp;? Un groupe fixe per\u00admet\u00adtrait de s\u2019approprier l\u2019outil de mani\u00e8re plus int\u00e9\u00adres\u00adsante. Com\u00adment on prend en compte la parole des uns et des autres&nbsp;?<br><br>Nico&nbsp;: Id\u00e9e qu\u2019il y&nbsp;aurait 2&nbsp;types de dates un pour les \u00ab&nbsp;ini\u00adti\u00e9s&nbsp;\u00bb et un pour les \u00ab&nbsp;nou\u00adveaux&nbsp;\u00bb. Pour \u00eatre \u00e0&nbsp;l\u2019aise sur tous les r\u00f4les, il fau\u00addrait que le groupe reste fer\u00adm\u00e9 un temps.<br><br><i>Rajout d\u2019Herv\u00e9 a&nbsp;pos\u00adte\u00adrio\u00adri<\/i><br><br>Nous avons tes\u00adt\u00e9 une nou\u00advelle fa\u00e7on de faire le forum.<br>Au lieu d\u2019utiliser tou\u00adjours les retours ver\u00adbaux, qui sont sou\u00advent remis en ques\u00adtion \u2013 trop de mots qui cassent la recherche en danse, trop lourd, trop long, trop de glis\u00adse\u00adments sur l\u2019analytique au lieu de s\u2019en tenir \u00e0&nbsp;l\u2019observation, trop de com\u00admen\u00adtaires \u2013 nous avons uti\u00adli\u00ads\u00e9 l\u2019\u00e9criture auto\u00adma\u00adtique avec un temps chro\u00adno\u00adm\u00e9\u00adtr\u00e9 de 5&nbsp;mn. Ce pro\u00adc\u00e9\u00add\u00e9 n\u2019a \u00e9t\u00e9 uti\u00adli\u00ads\u00e9 qu\u2019une fois au cours d\u2019une apr\u00e8-midi, les autres fois, nous avons gar\u00add\u00e9 la for\u00admule des retours ver\u00adbaux habi\u00adtuels. Nous avons ensuite pro\u00adpo\u00ads\u00e9 de lire ou de ne pas lire ce que nous avions \u00e9crit.<br><br>Il se trouve que l\u2019\u00e9criture auto\u00adma\u00adtique \u00ab&nbsp;fonc\u00adtionne&nbsp;\u00bb, elle a&nbsp;per\u00admis au groupe de moins s\u2019\u00e9tendre sur les com\u00admen\u00adtaires ana\u00adly\u00adtiques et de ne pas perdre l\u2019\u00e9lan de la danse, ceci \u00e9tant d\u00fb au temps tr\u00e8s court volon\u00adtai\u00adre\u00adment impo\u00ads\u00e9&nbsp;: 5mn. Nous nous sommes ren\u00addus compte que l\u2019\u00e9criture auto\u00adma\u00adtique apporte une po\u00e9\u00adsie que les retours ver\u00adbaux n\u2019apportent pas for\u00adc\u00e9\u00adment, et per\u00admettent tout autant de relan\u00adcer la pro\u00adbl\u00e9\u00adma\u00adtique tra\u00advaill\u00e9e. Il me semble qu\u2019elle a&nbsp;per\u00admis \u00e0&nbsp;cha\u00adcun d\u2019entre nous d\u2019avoir un regard sur le temps de danse \u00e9cou\u00adl\u00e9 dif\u00adf\u00e9\u00adrent et enri\u00adchis\u00adsant de par le fait de ne pas tom\u00adber dans la dis\u00adcus\u00adsion mais de res\u00adter dans la des\u00adcrip\u00adtion que cha\u00adcun en fait lors de la lec\u00adture de que nous avons \u00e9crit. Elle per\u00admet \u00e9ga\u00adle\u00adment de se lais\u00adser aller notre ima\u00adgi\u00adna\u00adtion, donc notre cr\u00e9a\u00adti\u00advi\u00adt\u00e9&nbsp;; cer\u00adtains \u00e9crits \u00e9taient sur\u00adr\u00e9a\u00adlistes et m\u2019ont don\u00adn\u00e9 (cela n\u2019engage que moi) des id\u00e9es de danse, de confron\u00adta\u00adtion aux th\u00e8mes, que je n\u2019aurais peut-\u00eatre pas eu sans le recours \u00e0&nbsp;ce m\u00e9dia.<br><br><b>\u00ab Tout le monde devrait \u00e9crire pour soi dans la concen\u00adtra\u00adtion et la soli\u00adtude&nbsp;: un bon moyen de savoir ce que l\u2019on sait et d\u2019entrevoir ce que l\u2019on ignore sur le m\u00e9ca\u00adnisme de son cer\u00adveau, sur son pou\u00advoir de cap\u00adta\u00adtion et d\u2019interpr\u00e9tation des sti\u00admu\u00adli ext\u00e9\u00adrieurs.&nbsp;\u00bb<\/b><br><br>Georges Picard in \u00ab&nbsp;Tout le monde devrait \u00e9crire&nbsp;\u00bb, \u00e9di\u00adtions Cor\u00adti,&nbsp;2006.<\/p><p style=\"color:green; text-align:right !important;\">Article cr\u00e9\u00e9 le 16\/02\/2020<\/p>","protected":false},"excerpt":{"rendered":"<p>Danse forum\u2192 Comptes Ren\u00addus des Ate\u00adliers \u2192 Ille et Vilaine !!Fron\u00adti\u00e8res Pro\u00adpa\u00adga\u00adtions et rico\u00adchets \u2013 30\/10\/16 https:\/\/\u200bcol\u200blec\u200btif\u200bsans\u200btete\u200b.word\u200bpress\u200b.com\/\u200bf\u200br\u200bo\u200bn\u200bt\u200bi\u200be\u200br\u200be\u200bs\u200b\u2013\u200as\u200bu\u200bi\u200bt\u200be\u200b-30 \u2013 10\u200a\u2013\u200a16\/ 30 octobre 2016, 14h30-18h30, \u00e0&nbsp;la MJC de Pac\u00e9, pr\u00e8s de Rennes. \u00c9taient pr\u00e9\u00adsents&nbsp;: Bren\u00adda, Chris\u00adtian, Her\u00adv\u00e9, L\u00e9a, Lise, Ma\u00efa\u00adna, Maga\u00adlie, Nico,&nbsp;Robin. R\u00e9dac\u00adtion de ce CR&nbsp;: L\u00e9a. Pr\u00e9\u00adsen\u00adta\u00adtion de la danse forum par Her\u00adv\u00e9 et L\u00e9a, com\u00adpl\u00e9\u00adt\u00e9e par&nbsp;Nico. L\u00e9a m\u00e8ne l\u2019\u00e9chauffement Retours&nbsp;: Her\u00adv\u00e9&nbsp;: tor\u00adsions et exten\u00adsions du ralen\u00adti au plus rapide, sauts. L\u00e9a&nbsp;: d\u00e9sar\u00adti\u00adcu\u00adla\u00adtions, mou\u00adve\u00adments, contraires, mou\u00adve\u00adments per\u00adp\u00e9\u00adtuels. Chris\u00adtian&nbsp;: rota\u00adtions avec dif\u00adf\u00e9\u00adrentes ampli\u00adtudes&nbsp;avec&nbsp;[\u2026]<\/p>\n","protected":false},"author":2,"featured_media":0,"comment_status":"open","ping_status":"open","sticky":false,"template":"","format":"standard","meta":{"wp_typography_post_enhancements_disabled":false,"footnotes":""},"categories":[181],"tags":[207],"class_list":["post-208","post","type-post","status-publish","format-standard","hentry","category-ateliers_ille-et-vilaine","tag-df_illeetvilaine"],"yoast_head":"<!-- This site is optimized with the Yoast SEO plugin v27.5 - https:\/\/yoast.com\/product\/yoast-seo-wordpress\/ -->\n<title>Propagations et ricochets - Le TILT<\/title>\n<meta name=\"robots\" content=\"index, follow, max-snippet:-1, max-image-preview:large, max-video-preview:-1\" \/>\n<link rel=\"canonical\" href=\"https:\/\/www.leti.lt\/wordpress\/danseforum-propagationsetricochets\/\" \/>\n<meta property=\"og:locale\" content=\"fr_FR\" \/>\n<meta property=\"og:type\" content=\"article\" \/>\n<meta property=\"og:title\" content=\"Propagations et ricochets - Le TILT\" \/>\n<meta property=\"og:description\" content=\"Danse forum\u2192 Comptes Ren\u00addus des Ate\u00adliers \u2192 Ille et Vilaine !!Fron\u00adti\u00e8res Pro\u00adpa\u00adga\u00adtions et rico\u00adchets \u2013 30\/10\/16 https:\/\/\u200bcol\u200blec\u200btif\u200bsans\u200btete\u200b.word\u200bpress\u200b.com\/\u200bf\u200br\u200bo\u200bn\u200bt\u200bi\u200be\u200br\u200be\u200bs\u200b-\u200bs\u200bu\u200bi\u200bt\u200be\u200b-30\u200a\u2013\u200a10-16\/ 30 octobre 2016, 14h30-18h30, \u00e0&nbsp;la MJC de Pac\u00e9, pr\u00e8s de Rennes. \u00c9taient pr\u00e9\u00adsents&nbsp;: Bren\u00adda, Chris\u00adtian, Her\u00adv\u00e9, L\u00e9a, Lise, Ma\u00efa\u00adna, Maga\u00adlie, Nico,&nbsp;Robin. R\u00e9dac\u00adtion de ce CR&nbsp;: L\u00e9a. Pr\u00e9\u00adsen\u00adta\u00adtion de la danse forum par Her\u00adv\u00e9 et L\u00e9a, com\u00adpl\u00e9\u00adt\u00e9e par&nbsp;Nico. L\u00e9a m\u00e8ne l\u2019\u00e9chauffement Retours&nbsp;: Her\u00adv\u00e9&nbsp;: tor\u00adsions et exten\u00adsions du ralen\u00adti au plus rapide, sauts. L\u00e9a&nbsp;: d\u00e9sar\u00adti\u00adcu\u00adla\u00adtions, mou\u00adve\u00adments, contraires, mou\u00adve\u00adments perp\u00e9tuels. Chris\u00adtian&nbsp;: rota\u00adtions avec dif\u00adf\u00e9\u00adrentes ampli\u00adtudes avec [&hellip;]\" \/>\n<meta property=\"og:url\" content=\"https:\/\/www.leti.lt\/wordpress\/danseforum-propagationsetricochets\/\" \/>\n<meta property=\"og:site_name\" content=\"Le TILT\" \/>\n<meta property=\"article:published_time\" content=\"2020-02-16T14:30:33+00:00\" \/>\n<meta name=\"author\" content=\"Andr\u00e9ine Bel\" \/>\n<meta name=\"twitter:card\" content=\"summary_large_image\" \/>\n<meta name=\"twitter:label1\" content=\"\u00c9crit par\" \/>\n\t<meta name=\"twitter:data1\" content=\"Andr\u00e9ine Bel\" \/>\n\t<meta name=\"twitter:label2\" content=\"Dur\u00e9e de lecture estim\u00e9e\" \/>\n\t<meta name=\"twitter:data2\" content=\"9 minutes\" \/>\n<script type=\"application\/ld+json\" class=\"yoast-schema-graph\">{\"@context\":\"https:\\\/\\\/schema.org\",\"@graph\":[{\"@type\":\"Article\",\"@id\":\"https:\\\/\\\/www.leti.lt\\\/wordpress\\\/danseforum-propagationsetricochets\\\/#article\",\"isPartOf\":{\"@id\":\"https:\\\/\\\/www.leti.lt\\\/wordpress\\\/danseforum-propagationsetricochets\\\/\"},\"author\":{\"name\":\"Andr\u00e9ine Bel\",\"@id\":\"https:\\\/\\\/www.leti.lt\\\/wordpress\\\/#\\\/schema\\\/person\\\/9bb307b2af8fbb575bb3603e57951f75\"},\"headline\":\"Propagations et ricochets\",\"datePublished\":\"2020-02-16T14:30:33+00:00\",\"mainEntityOfPage\":{\"@id\":\"https:\\\/\\\/www.leti.lt\\\/wordpress\\\/danseforum-propagationsetricochets\\\/\"},\"wordCount\":1727,\"commentCount\":0,\"keywords\":[\"DF_IlleEtVilaine\"],\"articleSection\":[\"Ateliers Ille-et-Vilaine\"],\"inLanguage\":\"fr-FR\",\"potentialAction\":[{\"@type\":\"CommentAction\",\"name\":\"Comment\",\"target\":[\"https:\\\/\\\/www.leti.lt\\\/wordpress\\\/danseforum-propagationsetricochets\\\/#respond\"]}]},{\"@type\":\"WebPage\",\"@id\":\"https:\\\/\\\/www.leti.lt\\\/wordpress\\\/danseforum-propagationsetricochets\\\/\",\"url\":\"https:\\\/\\\/www.leti.lt\\\/wordpress\\\/danseforum-propagationsetricochets\\\/\",\"name\":\"Propagations et ricochets - Le TILT\",\"isPartOf\":{\"@id\":\"https:\\\/\\\/www.leti.lt\\\/wordpress\\\/#website\"},\"datePublished\":\"2020-02-16T14:30:33+00:00\",\"author\":{\"@id\":\"https:\\\/\\\/www.leti.lt\\\/wordpress\\\/#\\\/schema\\\/person\\\/9bb307b2af8fbb575bb3603e57951f75\"},\"breadcrumb\":{\"@id\":\"https:\\\/\\\/www.leti.lt\\\/wordpress\\\/danseforum-propagationsetricochets\\\/#breadcrumb\"},\"inLanguage\":\"fr-FR\",\"potentialAction\":[{\"@type\":\"ReadAction\",\"target\":[\"https:\\\/\\\/www.leti.lt\\\/wordpress\\\/danseforum-propagationsetricochets\\\/\"]}]},{\"@type\":\"BreadcrumbList\",\"@id\":\"https:\\\/\\\/www.leti.lt\\\/wordpress\\\/danseforum-propagationsetricochets\\\/#breadcrumb\",\"itemListElement\":[{\"@type\":\"ListItem\",\"position\":1,\"name\":\"Accueil\",\"item\":\"https:\\\/\\\/www.leti.lt\\\/wordpress\\\/\"},{\"@type\":\"ListItem\",\"position\":2,\"name\":\"Propagations et ricochets\"}]},{\"@type\":\"WebSite\",\"@id\":\"https:\\\/\\\/www.leti.lt\\\/wordpress\\\/#website\",\"url\":\"https:\\\/\\\/www.leti.lt\\\/wordpress\\\/\",\"name\":\"Le TILT\",\"description\":\"Recherche, publication, cr\u00e9ation artistique\",\"potentialAction\":[{\"@type\":\"SearchAction\",\"target\":{\"@type\":\"EntryPoint\",\"urlTemplate\":\"https:\\\/\\\/www.leti.lt\\\/wordpress\\\/?s={search_term_string}\"},\"query-input\":{\"@type\":\"PropertyValueSpecification\",\"valueRequired\":true,\"valueName\":\"search_term_string\"}}],\"inLanguage\":\"fr-FR\"},{\"@type\":\"Person\",\"@id\":\"https:\\\/\\\/www.leti.lt\\\/wordpress\\\/#\\\/schema\\\/person\\\/9bb307b2af8fbb575bb3603e57951f75\",\"name\":\"Andr\u00e9ine Bel\",\"image\":{\"@type\":\"ImageObject\",\"inLanguage\":\"fr-FR\",\"@id\":\"https:\\\/\\\/secure.gravatar.com\\\/avatar\\\/4ab041ec7c7ad3b90293023e86528ec1a700ce2971ff61811b2df6b288dd1f38?s=96&d=identicon&r=g\",\"url\":\"https:\\\/\\\/secure.gravatar.com\\\/avatar\\\/4ab041ec7c7ad3b90293023e86528ec1a700ce2971ff61811b2df6b288dd1f38?s=96&d=identicon&r=g\",\"contentUrl\":\"https:\\\/\\\/secure.gravatar.com\\\/avatar\\\/4ab041ec7c7ad3b90293023e86528ec1a700ce2971ff61811b2df6b288dd1f38?s=96&d=identicon&r=g\",\"caption\":\"Andr\u00e9ine Bel\"},\"url\":\"https:\\\/\\\/www.leti.lt\\\/wordpress\\\/author\\\/andreine\\\/\"}]}<\/script>\n<!-- \/ Yoast SEO plugin. -->","yoast_head_json":{"title":"Propagations et ricochets - Le TILT","robots":{"index":"index","follow":"follow","max-snippet":"max-snippet:-1","max-image-preview":"max-image-preview:large","max-video-preview":"max-video-preview:-1"},"canonical":"https:\/\/www.leti.lt\/wordpress\/danseforum-propagationsetricochets\/","og_locale":"fr_FR","og_type":"article","og_title":"Propagations et ricochets - Le TILT","og_description":"Danse forum\u2192 Comptes Ren\u00addus des Ate\u00adliers \u2192 Ille et Vilaine !!Fron\u00adti\u00e8res Pro\u00adpa\u00adga\u00adtions et rico\u00adchets \u2013 30\/10\/16 https:\/\/\u200bcol\u200blec\u200btif\u200bsans\u200btete\u200b.word\u200bpress\u200b.com\/\u200bf\u200br\u200bo\u200bn\u200bt\u200bi\u200be\u200br\u200be\u200bs\u200b-\u200bs\u200bu\u200bi\u200bt\u200be\u200b-30\u200a\u2013\u200a10-16\/ 30 octobre 2016, 14h30-18h30, \u00e0&nbsp;la MJC de Pac\u00e9, pr\u00e8s de Rennes. \u00c9taient pr\u00e9\u00adsents&nbsp;: Bren\u00adda, Chris\u00adtian, Her\u00adv\u00e9, L\u00e9a, Lise, Ma\u00efa\u00adna, Maga\u00adlie, Nico,&nbsp;Robin. R\u00e9dac\u00adtion de ce CR&nbsp;: L\u00e9a. Pr\u00e9\u00adsen\u00adta\u00adtion de la danse forum par Her\u00adv\u00e9 et L\u00e9a, com\u00adpl\u00e9\u00adt\u00e9e par&nbsp;Nico. L\u00e9a m\u00e8ne l\u2019\u00e9chauffement Retours&nbsp;: Her\u00adv\u00e9&nbsp;: tor\u00adsions et exten\u00adsions du ralen\u00adti au plus rapide, sauts. L\u00e9a&nbsp;: d\u00e9sar\u00adti\u00adcu\u00adla\u00adtions, mou\u00adve\u00adments, contraires, mou\u00adve\u00adments perp\u00e9tuels. Chris\u00adtian&nbsp;: rota\u00adtions avec dif\u00adf\u00e9\u00adrentes ampli\u00adtudes avec [&hellip;]","og_url":"https:\/\/www.leti.lt\/wordpress\/danseforum-propagationsetricochets\/","og_site_name":"Le TILT","article_published_time":"2020-02-16T14:30:33+00:00","author":"Andr\u00e9ine Bel","twitter_card":"summary_large_image","twitter_misc":{"\u00c9crit par":"Andr\u00e9ine Bel","Dur\u00e9e de lecture estim\u00e9e":"9 minutes"},"schema":{"@context":"https:\/\/schema.org","@graph":[{"@type":"Article","@id":"https:\/\/www.leti.lt\/wordpress\/danseforum-propagationsetricochets\/#article","isPartOf":{"@id":"https:\/\/www.leti.lt\/wordpress\/danseforum-propagationsetricochets\/"},"author":{"name":"Andr\u00e9ine Bel","@id":"https:\/\/www.leti.lt\/wordpress\/#\/schema\/person\/9bb307b2af8fbb575bb3603e57951f75"},"headline":"Propagations et ricochets","datePublished":"2020-02-16T14:30:33+00:00","mainEntityOfPage":{"@id":"https:\/\/www.leti.lt\/wordpress\/danseforum-propagationsetricochets\/"},"wordCount":1727,"commentCount":0,"keywords":["DF_IlleEtVilaine"],"articleSection":["Ateliers Ille-et-Vilaine"],"inLanguage":"fr-FR","potentialAction":[{"@type":"CommentAction","name":"Comment","target":["https:\/\/www.leti.lt\/wordpress\/danseforum-propagationsetricochets\/#respond"]}]},{"@type":"WebPage","@id":"https:\/\/www.leti.lt\/wordpress\/danseforum-propagationsetricochets\/","url":"https:\/\/www.leti.lt\/wordpress\/danseforum-propagationsetricochets\/","name":"Propagations et ricochets - Le TILT","isPartOf":{"@id":"https:\/\/www.leti.lt\/wordpress\/#website"},"datePublished":"2020-02-16T14:30:33+00:00","author":{"@id":"https:\/\/www.leti.lt\/wordpress\/#\/schema\/person\/9bb307b2af8fbb575bb3603e57951f75"},"breadcrumb":{"@id":"https:\/\/www.leti.lt\/wordpress\/danseforum-propagationsetricochets\/#breadcrumb"},"inLanguage":"fr-FR","potentialAction":[{"@type":"ReadAction","target":["https:\/\/www.leti.lt\/wordpress\/danseforum-propagationsetricochets\/"]}]},{"@type":"BreadcrumbList","@id":"https:\/\/www.leti.lt\/wordpress\/danseforum-propagationsetricochets\/#breadcrumb","itemListElement":[{"@type":"ListItem","position":1,"name":"Accueil","item":"https:\/\/www.leti.lt\/wordpress\/"},{"@type":"ListItem","position":2,"name":"Propagations et ricochets"}]},{"@type":"WebSite","@id":"https:\/\/www.leti.lt\/wordpress\/#website","url":"https:\/\/www.leti.lt\/wordpress\/","name":"Le TILT","description":"Recherche, publication, cr\u00e9ation artistique","potentialAction":[{"@type":"SearchAction","target":{"@type":"EntryPoint","urlTemplate":"https:\/\/www.leti.lt\/wordpress\/?s={search_term_string}"},"query-input":{"@type":"PropertyValueSpecification","valueRequired":true,"valueName":"search_term_string"}}],"inLanguage":"fr-FR"},{"@type":"Person","@id":"https:\/\/www.leti.lt\/wordpress\/#\/schema\/person\/9bb307b2af8fbb575bb3603e57951f75","name":"Andr\u00e9ine Bel","image":{"@type":"ImageObject","inLanguage":"fr-FR","@id":"https:\/\/secure.gravatar.com\/avatar\/4ab041ec7c7ad3b90293023e86528ec1a700ce2971ff61811b2df6b288dd1f38?s=96&d=identicon&r=g","url":"https:\/\/secure.gravatar.com\/avatar\/4ab041ec7c7ad3b90293023e86528ec1a700ce2971ff61811b2df6b288dd1f38?s=96&d=identicon&r=g","contentUrl":"https:\/\/secure.gravatar.com\/avatar\/4ab041ec7c7ad3b90293023e86528ec1a700ce2971ff61811b2df6b288dd1f38?s=96&d=identicon&r=g","caption":"Andr\u00e9ine Bel"},"url":"https:\/\/www.leti.lt\/wordpress\/author\/andreine\/"}]}},"_links":{"self":[{"href":"https:\/\/www.leti.lt\/wordpress\/wp-json\/wp\/v2\/posts\/208","targetHints":{"allow":["GET"]}}],"collection":[{"href":"https:\/\/www.leti.lt\/wordpress\/wp-json\/wp\/v2\/posts"}],"about":[{"href":"https:\/\/www.leti.lt\/wordpress\/wp-json\/wp\/v2\/types\/post"}],"author":[{"embeddable":true,"href":"https:\/\/www.leti.lt\/wordpress\/wp-json\/wp\/v2\/users\/2"}],"replies":[{"embeddable":true,"href":"https:\/\/www.leti.lt\/wordpress\/wp-json\/wp\/v2\/comments?post=208"}],"version-history":[{"count":0,"href":"https:\/\/www.leti.lt\/wordpress\/wp-json\/wp\/v2\/posts\/208\/revisions"}],"wp:attachment":[{"href":"https:\/\/www.leti.lt\/wordpress\/wp-json\/wp\/v2\/media?parent=208"}],"wp:term":[{"taxonomy":"category","embeddable":true,"href":"https:\/\/www.leti.lt\/wordpress\/wp-json\/wp\/v2\/categories?post=208"},{"taxonomy":"post_tag","embeddable":true,"href":"https:\/\/www.leti.lt\/wordpress\/wp-json\/wp\/v2\/tags?post=208"}],"curies":[{"name":"wp","href":"https:\/\/api.w.org\/{rel}","templated":true}]}}