{"id":207,"date":"2020-02-16T15:30:33","date_gmt":"2020-02-16T14:30:33","guid":{"rendered":"https:\/\/www.leti.lt\/wordpress\/?p=207"},"modified":"-0001-11-30T00:00:00","modified_gmt":"-0001-11-29T22:00:00","slug":"danseforum-problematiserendanseforumquestionouverte","status":"publish","type":"post","link":"https:\/\/www.leti.lt\/wordpress\/danseforum-problematiserendanseforumquestionouverte\/","title":{"rendered":"Probl\u00e9matiser en danse forum&nbsp;: question ouverte"},"content":{"rendered":"<p><a href=\"https:\/\/www.leti.lt\/wordpress\/danseforum-danseforum\/\">Danse forum<\/a><br>\u2192 <a href=\"https:\/\/www.leti.lt\/wordpress\/danseforum-theatreforumetdanseforum\/\">T\u00e9\u00e2tre forum et danse forum<\/a><br><br>!! Pro\u00adbl\u00e9\u00adma\u00adti\u00adser en danse forum&nbsp;: la ques\u00adtion reste ouverte \u2013 mars 20009<br><br>\u2019\u2019Ce texte est une r\u00e9ponse \u00e0&nbsp;: <a href=\"http:\/\/wiki.leti.lt\/pmwiki.php?n=DanseForum.ProblematiserEnDanseForum\"> Pro\u00adbl\u00e9\u00adma\u00adti\u00adser en danse forum<\/a>\u2019\u2019<br><br>En tant que pra\u00adti\u00adcien pas\u00adsion\u00adn\u00e9 par le th\u00e9\u00e2tre-forum et explo\u00adra\u00adteur<br>\u00e9pi\u00adso\u00addique de la danse-forum, j\u2019aimerais appor\u00adter ma contri\u00adbu\u00adtion aux<br>\u00e9changes en par\u00adta\u00adgeant mon ques\u00adtion\u00adne\u00adment, remer\u00adcier Andr\u00e9ine et Nadine<br>pour leur essai de syn\u00adth\u00e8se sur la pro\u00adbl\u00e9\u00adma\u00adti\u00adsa\u00adtion en danse-forum, et<br>\u00e9ta\u00adblir une pers\u00adpec\u00adtive avec la s\u00e9ance du 14 mars 2009, \u00e0&nbsp;Lam\u00adbesc.<br><br>Concer\u00adnant les trois formes de pro\u00adbl\u00e9\u00adma\u00adti\u00adsa\u00adtion \u00e9vo\u00adqu\u00e9es, il me semble que<br>seule la pre\u00admi\u00e8re ver\u00adsion (mais je l\u2019ai rare\u00adment vu r\u00e9a\u00adli\u00ads\u00e9e) cor\u00adres\u00adpond<br>vrai\u00adment \u00e0&nbsp;ce que j\u2019appelle pro\u00adbl\u00e9\u00adma\u00adti\u00adsa\u00adtion, et peut per\u00admettre un<br>tra\u00advail de recherche \u00e9qui\u00advalent \u00e0&nbsp;ce qui se passe dans le<br>th\u00e9\u00e2tre-forum.<br><br>En effet, pour moi, une pro\u00adbl\u00e9\u00adma\u00adti\u00adsa\u00adtion implique une<br>approche concep\u00adtuelle, donc une for\u00adma\u00adli\u00adsa\u00adtion. Ce qui rel\u00e8ve de<br>l\u2019intuitif, du lan\u00adgage sym\u00adbo\u00adlique ou ima\u00adg\u00e9, peut nour\u00adrir la<br>pro\u00adbl\u00e9\u00adma\u00adti\u00adsa\u00adtion, mais ne suf\u00adfit pas \u00e0&nbsp;pro\u00adbl\u00e9\u00adma\u00adti\u00adser.<br><br>Cepen\u00addant, m\u00eame si<br>l\u2019on consi\u00add\u00e8re les ver\u00adsions 2&nbsp;et 3&nbsp;comme des formes abs\u00adtraites de la<br>pro\u00adbl\u00e9\u00adma\u00adti\u00adsa\u00adtion (cor\u00adres\u00adpon\u00addant \u00e0&nbsp;l\u2019art plus qu\u2019\u00e0 la phi\u00adlo\u00adso\u00adphie ou les<br>sciences sociales), il ne s\u2019agit ici que de pro\u00adbl\u00e9\u00adma\u00adti\u00adsa\u00adtion et pas<br>encore de faire avan\u00adcer la pro\u00adbl\u00e9\u00adma\u00adtique. Les variantes 2&nbsp;et 3<br>pour\u00adraient donc \u00eatre consi\u00add\u00e9\u00adr\u00e9es comme des pr\u00e9\u00adpa\u00adra\u00adtions \u00e0&nbsp;la variante 1.<br><br>Cela cor\u00adres\u00adpond \u00e0&nbsp;l\u2019impression que j\u2019ai eu lors de la s\u00e9ance de same\u00addi<br>der\u00adnier&nbsp;: j\u2019ai \u00e9prou\u00adv\u00e9 beau\u00adcoup de plai\u00adsir au cours de cette explo\u00adra\u00adtion<br>col\u00adlec\u00adtive, j\u2019ai per\u00ad\u00e7u diverses pro\u00adbl\u00e9\u00adma\u00adtiques qui ont nour\u00adrit ma<br>r\u00e9flexion, mais je n\u2019ai pas eu l\u2019impression qu\u2019il y&nbsp;ait une avan\u00adc\u00e9e<br>col\u00adlec\u00adtive sur une pro\u00adbl\u00e9\u00adma\u00adtique choi\u00adsie, d\u2019o\u00f9 une cer\u00adtaine frus\u00adtra\u00adtion.<br>Comme de nom\u00adbreuses autres fois, j\u2019ai appr\u00e9\u00adci\u00e9 la richesse de la<br>cr\u00e9a\u00adti\u00advi\u00adt\u00e9 col\u00adlec\u00adtive impro\u00advi\u00ads\u00e9e, mais j\u2019ai eu du mal \u00e0&nbsp;voir le lien<br>avec le tra\u00advail du th\u00e9\u00e2tre-forum.<br><br>Il me semble que la dif\u00adfi\u00adcul\u00adt\u00e9 que je per\u00ad\u00e7ois est li\u00e9e \u00e0&nbsp;ce qui fait la<br>richesse sp\u00e9\u00adci\u00adfique de la danse-forum et qui peut aus\u00adsi en consti\u00adtuer<br>un frein&nbsp;: par\u00adtir de la sen\u00adsa\u00adtion pour nour\u00adrir l\u2019improvisation est une<br>for\u00admi\u00addable source de cr\u00e9a\u00adti\u00advi\u00adt\u00e9 et d\u2019authenticit\u00e9, mais le fait de<br>repous\u00adser la volon\u00adt\u00e9 et la men\u00adta\u00adli\u00adsa\u00adtion risque, \u00e0&nbsp;mon sens, d\u2019emp\u00eacher<br>la pro\u00adbl\u00e9\u00adma\u00adti\u00adsa\u00adtion. J\u2019ai cette croyance qu\u2019il y&nbsp;a, m\u00eame en danse,<br>com\u00adpl\u00e9\u00admen\u00adta\u00adri\u00adt\u00e9 entre approches volon\u00adtaire et invo\u00adlon\u00adtaire, entre<br>intui\u00adtion et ratio\u00adna\u00adli\u00adt\u00e9, et donc que l\u2019\u00e9laboration de la danse-forum<br>aurait tout \u00e0&nbsp;gagner en r\u00e9\u00e9qui\u00adli\u00adbrant le rap\u00adport entre ces approches.<br>Ain\u00adsi, for\u00adma\u00adli\u00adser ou struc\u00adtu\u00adrer d\u2019avantage la danse-forum signi\u00adfie\u00adrait<br>par exemple&nbsp;:<br><br>- dis\u00adtin\u00adguer net\u00adte\u00adment le temps d\u2019\u00e9laboration de la pro\u00adbl\u00e9\u00adma\u00adtique, et le<br>temps de recherche pour explo\u00adrer son \u00e9vo\u00adlu\u00adtion,<br><br>- for\u00admu\u00adler expli\u00adci\u00adte\u00adment cette pro\u00adbl\u00e9\u00adma\u00adtique \u00e0&nbsp;la fin de ce pre\u00admier<br>temps, et un ou des objec\u00adtifs par rap\u00adport \u00e0&nbsp;celle-ci, (NB. Quand je suis<br>en recherche, j\u2019ai besoin d\u2019avoir une id\u00e9e de ce que je recherche, m\u00eame<br>si je ne sais pas par quel che\u00admin je vais pas\u00adser pour y&nbsp;arri\u00adver, et m\u00eame<br>si je dois arri\u00adver \u00e0&nbsp;un r\u00e9sul\u00adtat non pr\u00e9\u00advu, qui peut aus\u00adsi me satis\u00adfaire)<br><br>- mettre en lien cette pro\u00adbl\u00e9\u00adma\u00adtique avec les pro\u00adbl\u00e8mes quo\u00adti\u00addiens de<br>notre soci\u00e9\u00adt\u00e9,<br><br>- essayer d\u2019isoler un mini\u00admum les para\u00adm\u00e8tres et \u00e9vi\u00adter de tout chan\u00adger<br>en m\u00eame temps au cours de l\u2019exploration (rajou\u00adter ou rem\u00adpla\u00adcer un<br>dan\u00adseur, rem\u00adpla\u00adcer plu\u00adsieurs dan\u00adseurs suc\u00adces\u00adsi\u00adve\u00adment, uti\u00adli\u00adser<br>simul\u00adta\u00adn\u00e9\u00adment divers sup\u00adport artis\u00adtiques, \u2026) .<br><br>NB. L\u2019exploration tous azi\u00admuts me semble tr\u00e8s riche pour la pre\u00admi\u00e8re<br>phase de la recherche&nbsp;; ensuite un recen\u00adtrage me sem\u00adble\u00adrait plus pro\u00adpice<br>\u00e0 faire avan\u00adcer la pro\u00adbl\u00e9\u00adma\u00adtique\u2026<br><br>Apr\u00e8s toutes ces consi\u00add\u00e9\u00adra\u00adtions \u00ab&nbsp;bas\u00adse\u00adment ratio\u00adna\u00adlistes&nbsp;\u00bb, j\u2019aimerais<br>aus\u00adsi rajou\u00adter que j\u2019appr\u00e9cie beau\u00adcoup la po\u00e9\u00adsie, et qu\u2019elle donne du<br>sens \u00e0&nbsp;ma vie autant que la phi\u00adlo\u00adso\u00adphie, mais il me semble que ce n\u2019est<br>pas sous la forme d\u2019une pro\u00adbl\u00e9\u00adma\u00adti\u00adsa\u00adtion mais plu\u00adt\u00f4t \u00e0&nbsp;tra\u00advers le<br>registre \u00e9mo\u00adtion\u00adnel, et je me demande dans quelle mesure, de m\u00eame<br>qu\u2019analyser une po\u00e9\u00adsie conduit d\u2019une cer\u00adtaine mani\u00e8re \u00e0&nbsp;d\u00e9truire le<br>charme de la po\u00e9\u00adsie, une approche for\u00adma\u00adli\u00ads\u00e9e visant \u00e0&nbsp;pro\u00adbl\u00e9\u00adma\u00adti\u00adser la<br>danse ne risque-t-elle pas de bri\u00adser aus\u00adsi le charme de la danse&nbsp;?<br><br>Mal\u00adgr\u00e9 cela, convain\u00adcu que la cr\u00e9a\u00adti\u00advi\u00adt\u00e9 et l\u2019\u00e9volution naisse de la<br>ren\u00adcontre des oppo\u00ads\u00e9s, m\u00eame appa\u00adrem\u00adment incom\u00adpa\u00adtibles, j\u2019aimerais<br>vrai\u00adment conti\u00adnuer \u00e0&nbsp;cher\u00adcher, notam\u00adment \u00e0&nbsp;tra\u00advers le pro\u00adces\u00adsus<br>d\u2019\u00e9laboration de la danse-forum, com\u00adment asso\u00adcier de mani\u00e8re f\u00e9conde ces<br>deux dimen\u00adsions, sans se conten\u00adter de pas\u00adser de l\u2019une \u00e0&nbsp;l\u2019autre en les<br>jux\u00adta\u00adpo\u00adsant.<br><br>J\u2019esp\u00e8re que ces pro\u00adpos, quoiqu\u2019un peu pol\u00e9\u00admiques, pour\u00adront contri\u00adbuer \u00e0<br>faire avan\u00adcer la recherche sur la danse-forum, m\u00eame si il ne s\u2019agit que<br>de r\u00e9ac\u00adtions un peu som\u00admaires qui m\u00e9ri\u00adte\u00adraient d\u2019\u00eatre appro\u00adfon\u00addis et<br>tra\u00adduits dans une exp\u00e9\u00adri\u00admen\u00adta\u00adtion concr\u00e8te.<br><br>Guillaume Tixier<\/p><p style=\"color:green; text-align:right !important;\">Article cr\u00e9\u00e9 le 16\/02\/2020<\/p>","protected":false},"excerpt":{"rendered":"<p>Danse forum\u2192 T\u00e9\u00e2tre forum et danse&nbsp;forum !! Pro\u00adbl\u00e9\u00adma\u00adti\u00adser en danse forum&nbsp;: la ques\u00adtion reste ouverte \u2013 mars&nbsp;20009 \u2019\u2019Ce texte est une r\u00e9ponse \u00e0&nbsp;: Pro\u00adbl\u00e9\u00adma\u00adti\u00adser en danse forum\u2019\u2019 En tant que pra\u00adti\u00adcien pas\u00adsion\u00adn\u00e9 par le th\u00e9\u00e2tre-forum et explo\u00adra\u00adteur\u00e9pi\u00adso\u00addique de la danse-forum, j\u2019aimerais appor\u00adter ma contri\u00adbu\u00adtion aux\u00e9\u00adchanges en par\u00adta\u00adgeant mon ques\u00adtion\u00adne\u00adment, remer\u00adcier Andr\u00e9ine et Nadi\u00adne\u00adpour leur essai de syn\u00adth\u00e8se sur la pro\u00adbl\u00e9\u00adma\u00adti\u00adsa\u00adtion en danse-forum, et\u00e9ta\u00adblir une pers\u00adpec\u00adtive avec la s\u00e9ance du 14 mars 2009, \u00e0&nbsp;Lam\u00adbesc. Concer\u00adnant les trois formes de pro\u00adbl\u00e9\u00adma\u00adti\u00adsa\u00adtion \u00e9voqu\u00e9es,&nbsp;[\u2026]<\/p>\n","protected":false},"author":2,"featured_media":0,"comment_status":"open","ping_status":"open","sticky":false,"template":"","format":"standard","meta":{"wp_typography_post_enhancements_disabled":false,"footnotes":""},"categories":[12],"tags":[187],"class_list":["post-207","post","type-post","status-publish","format-standard","hentry","category-tf_et_df","tag-tf_et_df"],"yoast_head":"<!-- This site is optimized with the Yoast SEO plugin v27.5 - https:\/\/yoast.com\/product\/yoast-seo-wordpress\/ -->\n<title>Probl\u00e9matiser en danse forum : question ouverte - Le TILT<\/title>\n<meta name=\"robots\" content=\"index, follow, max-snippet:-1, max-image-preview:large, max-video-preview:-1\" \/>\n<link rel=\"canonical\" href=\"https:\/\/www.leti.lt\/wordpress\/danseforum-problematiserendanseforumquestionouverte\/\" \/>\n<meta property=\"og:locale\" content=\"fr_FR\" \/>\n<meta property=\"og:type\" content=\"article\" \/>\n<meta property=\"og:title\" content=\"Probl\u00e9matiser en danse forum : question ouverte - Le TILT\" \/>\n<meta property=\"og:description\" content=\"Danse forum\u2192 T\u00e9\u00e2tre forum et danse&nbsp;forum !! Pro\u00adbl\u00e9\u00adma\u00adti\u00adser en danse forum&nbsp;: la ques\u00adtion reste ouverte \u2013 mars&nbsp;20009 \u2019\u2019Ce texte est une r\u00e9ponse \u00e0&nbsp;: Pro\u00adbl\u00e9\u00adma\u00adti\u00adser en danse forum\u2019\u2019 En tant que pra\u00adti\u00adcien pas\u00adsion\u00adn\u00e9 par le th\u00e9\u00e2tre-forum et explo\u00adra\u00adteur\u00e9pi\u00adso\u00addique de la danse-forum, j\u2019aimerais appor\u00adter ma contri\u00adbu\u00adtion aux\u00e9changes en par\u00adta\u00adgeant mon ques\u00adtion\u00adne\u00adment, remer\u00adcier Andr\u00e9ine et Nadinepour leur essai de syn\u00adth\u00e8se sur la pro\u00adbl\u00e9\u00adma\u00adti\u00adsa\u00adtion en danse-forum, et\u00e9ta\u00adblir une pers\u00adpec\u00adtive avec la s\u00e9ance du 14 mars 2009, \u00e0&nbsp;Lambesc. Concer\u00adnant les trois formes de pro\u00adbl\u00e9\u00adma\u00adti\u00adsa\u00adtion \u00e9vo\u00adqu\u00e9es, [&hellip;]\" \/>\n<meta property=\"og:url\" content=\"https:\/\/www.leti.lt\/wordpress\/danseforum-problematiserendanseforumquestionouverte\/\" \/>\n<meta property=\"og:site_name\" content=\"Le TILT\" \/>\n<meta property=\"article:published_time\" content=\"2020-02-16T14:30:33+00:00\" \/>\n<meta name=\"author\" content=\"Andr\u00e9ine Bel\" \/>\n<meta name=\"twitter:card\" content=\"summary_large_image\" \/>\n<meta name=\"twitter:label1\" content=\"\u00c9crit par\" \/>\n\t<meta name=\"twitter:data1\" content=\"Andr\u00e9ine Bel\" \/>\n\t<meta name=\"twitter:label2\" content=\"Dur\u00e9e de lecture estim\u00e9e\" \/>\n\t<meta name=\"twitter:data2\" content=\"4 minutes\" \/>\n<script type=\"application\/ld+json\" class=\"yoast-schema-graph\">{\"@context\":\"https:\\\/\\\/schema.org\",\"@graph\":[{\"@type\":\"Article\",\"@id\":\"https:\\\/\\\/www.leti.lt\\\/wordpress\\\/danseforum-problematiserendanseforumquestionouverte\\\/#article\",\"isPartOf\":{\"@id\":\"https:\\\/\\\/www.leti.lt\\\/wordpress\\\/danseforum-problematiserendanseforumquestionouverte\\\/\"},\"author\":{\"name\":\"Andr\u00e9ine Bel\",\"@id\":\"https:\\\/\\\/www.leti.lt\\\/wordpress\\\/#\\\/schema\\\/person\\\/9bb307b2af8fbb575bb3603e57951f75\"},\"headline\":\"Probl\u00e9matiser en danse forum&nbsp;: question ouverte\",\"datePublished\":\"2020-02-16T14:30:33+00:00\",\"mainEntityOfPage\":{\"@id\":\"https:\\\/\\\/www.leti.lt\\\/wordpress\\\/danseforum-problematiserendanseforumquestionouverte\\\/\"},\"wordCount\":802,\"commentCount\":0,\"keywords\":[\"TF_et_DF\"],\"articleSection\":[\"TF et DF\"],\"inLanguage\":\"fr-FR\",\"potentialAction\":[{\"@type\":\"CommentAction\",\"name\":\"Comment\",\"target\":[\"https:\\\/\\\/www.leti.lt\\\/wordpress\\\/danseforum-problematiserendanseforumquestionouverte\\\/#respond\"]}]},{\"@type\":\"WebPage\",\"@id\":\"https:\\\/\\\/www.leti.lt\\\/wordpress\\\/danseforum-problematiserendanseforumquestionouverte\\\/\",\"url\":\"https:\\\/\\\/www.leti.lt\\\/wordpress\\\/danseforum-problematiserendanseforumquestionouverte\\\/\",\"name\":\"Probl\u00e9matiser en danse forum : question ouverte - Le TILT\",\"isPartOf\":{\"@id\":\"https:\\\/\\\/www.leti.lt\\\/wordpress\\\/#website\"},\"datePublished\":\"2020-02-16T14:30:33+00:00\",\"author\":{\"@id\":\"https:\\\/\\\/www.leti.lt\\\/wordpress\\\/#\\\/schema\\\/person\\\/9bb307b2af8fbb575bb3603e57951f75\"},\"breadcrumb\":{\"@id\":\"https:\\\/\\\/www.leti.lt\\\/wordpress\\\/danseforum-problematiserendanseforumquestionouverte\\\/#breadcrumb\"},\"inLanguage\":\"fr-FR\",\"potentialAction\":[{\"@type\":\"ReadAction\",\"target\":[\"https:\\\/\\\/www.leti.lt\\\/wordpress\\\/danseforum-problematiserendanseforumquestionouverte\\\/\"]}]},{\"@type\":\"BreadcrumbList\",\"@id\":\"https:\\\/\\\/www.leti.lt\\\/wordpress\\\/danseforum-problematiserendanseforumquestionouverte\\\/#breadcrumb\",\"itemListElement\":[{\"@type\":\"ListItem\",\"position\":1,\"name\":\"Accueil\",\"item\":\"https:\\\/\\\/www.leti.lt\\\/wordpress\\\/\"},{\"@type\":\"ListItem\",\"position\":2,\"name\":\"Probl\u00e9matiser en danse forum&nbsp;: question ouverte\"}]},{\"@type\":\"WebSite\",\"@id\":\"https:\\\/\\\/www.leti.lt\\\/wordpress\\\/#website\",\"url\":\"https:\\\/\\\/www.leti.lt\\\/wordpress\\\/\",\"name\":\"Le TILT\",\"description\":\"Recherche, publication, cr\u00e9ation artistique\",\"potentialAction\":[{\"@type\":\"SearchAction\",\"target\":{\"@type\":\"EntryPoint\",\"urlTemplate\":\"https:\\\/\\\/www.leti.lt\\\/wordpress\\\/?s={search_term_string}\"},\"query-input\":{\"@type\":\"PropertyValueSpecification\",\"valueRequired\":true,\"valueName\":\"search_term_string\"}}],\"inLanguage\":\"fr-FR\"},{\"@type\":\"Person\",\"@id\":\"https:\\\/\\\/www.leti.lt\\\/wordpress\\\/#\\\/schema\\\/person\\\/9bb307b2af8fbb575bb3603e57951f75\",\"name\":\"Andr\u00e9ine Bel\",\"image\":{\"@type\":\"ImageObject\",\"inLanguage\":\"fr-FR\",\"@id\":\"https:\\\/\\\/secure.gravatar.com\\\/avatar\\\/4ab041ec7c7ad3b90293023e86528ec1a700ce2971ff61811b2df6b288dd1f38?s=96&d=identicon&r=g\",\"url\":\"https:\\\/\\\/secure.gravatar.com\\\/avatar\\\/4ab041ec7c7ad3b90293023e86528ec1a700ce2971ff61811b2df6b288dd1f38?s=96&d=identicon&r=g\",\"contentUrl\":\"https:\\\/\\\/secure.gravatar.com\\\/avatar\\\/4ab041ec7c7ad3b90293023e86528ec1a700ce2971ff61811b2df6b288dd1f38?s=96&d=identicon&r=g\",\"caption\":\"Andr\u00e9ine Bel\"},\"url\":\"https:\\\/\\\/www.leti.lt\\\/wordpress\\\/author\\\/andreine\\\/\"}]}<\/script>\n<!-- \/ Yoast SEO plugin. -->","yoast_head_json":{"title":"Probl\u00e9matiser en danse forum : question ouverte - Le TILT","robots":{"index":"index","follow":"follow","max-snippet":"max-snippet:-1","max-image-preview":"max-image-preview:large","max-video-preview":"max-video-preview:-1"},"canonical":"https:\/\/www.leti.lt\/wordpress\/danseforum-problematiserendanseforumquestionouverte\/","og_locale":"fr_FR","og_type":"article","og_title":"Probl\u00e9matiser en danse forum : question ouverte - Le TILT","og_description":"Danse forum\u2192 T\u00e9\u00e2tre forum et danse&nbsp;forum !! Pro\u00adbl\u00e9\u00adma\u00adti\u00adser en danse forum&nbsp;: la ques\u00adtion reste ouverte \u2013 mars&nbsp;20009 \u2019\u2019Ce texte est une r\u00e9ponse \u00e0&nbsp;: Pro\u00adbl\u00e9\u00adma\u00adti\u00adser en danse forum\u2019\u2019 En tant que pra\u00adti\u00adcien pas\u00adsion\u00adn\u00e9 par le th\u00e9\u00e2tre-forum et explo\u00adra\u00adteur\u00e9pi\u00adso\u00addique de la danse-forum, j\u2019aimerais appor\u00adter ma contri\u00adbu\u00adtion aux\u00e9changes en par\u00adta\u00adgeant mon ques\u00adtion\u00adne\u00adment, remer\u00adcier Andr\u00e9ine et Nadinepour leur essai de syn\u00adth\u00e8se sur la pro\u00adbl\u00e9\u00adma\u00adti\u00adsa\u00adtion en danse-forum, et\u00e9ta\u00adblir une pers\u00adpec\u00adtive avec la s\u00e9ance du 14 mars 2009, \u00e0&nbsp;Lambesc. Concer\u00adnant les trois formes de pro\u00adbl\u00e9\u00adma\u00adti\u00adsa\u00adtion \u00e9vo\u00adqu\u00e9es, [&hellip;]","og_url":"https:\/\/www.leti.lt\/wordpress\/danseforum-problematiserendanseforumquestionouverte\/","og_site_name":"Le TILT","article_published_time":"2020-02-16T14:30:33+00:00","author":"Andr\u00e9ine Bel","twitter_card":"summary_large_image","twitter_misc":{"\u00c9crit par":"Andr\u00e9ine Bel","Dur\u00e9e de lecture estim\u00e9e":"4 minutes"},"schema":{"@context":"https:\/\/schema.org","@graph":[{"@type":"Article","@id":"https:\/\/www.leti.lt\/wordpress\/danseforum-problematiserendanseforumquestionouverte\/#article","isPartOf":{"@id":"https:\/\/www.leti.lt\/wordpress\/danseforum-problematiserendanseforumquestionouverte\/"},"author":{"name":"Andr\u00e9ine Bel","@id":"https:\/\/www.leti.lt\/wordpress\/#\/schema\/person\/9bb307b2af8fbb575bb3603e57951f75"},"headline":"Probl\u00e9matiser en danse forum&nbsp;: question ouverte","datePublished":"2020-02-16T14:30:33+00:00","mainEntityOfPage":{"@id":"https:\/\/www.leti.lt\/wordpress\/danseforum-problematiserendanseforumquestionouverte\/"},"wordCount":802,"commentCount":0,"keywords":["TF_et_DF"],"articleSection":["TF et DF"],"inLanguage":"fr-FR","potentialAction":[{"@type":"CommentAction","name":"Comment","target":["https:\/\/www.leti.lt\/wordpress\/danseforum-problematiserendanseforumquestionouverte\/#respond"]}]},{"@type":"WebPage","@id":"https:\/\/www.leti.lt\/wordpress\/danseforum-problematiserendanseforumquestionouverte\/","url":"https:\/\/www.leti.lt\/wordpress\/danseforum-problematiserendanseforumquestionouverte\/","name":"Probl\u00e9matiser en danse forum : question ouverte - Le TILT","isPartOf":{"@id":"https:\/\/www.leti.lt\/wordpress\/#website"},"datePublished":"2020-02-16T14:30:33+00:00","author":{"@id":"https:\/\/www.leti.lt\/wordpress\/#\/schema\/person\/9bb307b2af8fbb575bb3603e57951f75"},"breadcrumb":{"@id":"https:\/\/www.leti.lt\/wordpress\/danseforum-problematiserendanseforumquestionouverte\/#breadcrumb"},"inLanguage":"fr-FR","potentialAction":[{"@type":"ReadAction","target":["https:\/\/www.leti.lt\/wordpress\/danseforum-problematiserendanseforumquestionouverte\/"]}]},{"@type":"BreadcrumbList","@id":"https:\/\/www.leti.lt\/wordpress\/danseforum-problematiserendanseforumquestionouverte\/#breadcrumb","itemListElement":[{"@type":"ListItem","position":1,"name":"Accueil","item":"https:\/\/www.leti.lt\/wordpress\/"},{"@type":"ListItem","position":2,"name":"Probl\u00e9matiser en danse forum&nbsp;: question ouverte"}]},{"@type":"WebSite","@id":"https:\/\/www.leti.lt\/wordpress\/#website","url":"https:\/\/www.leti.lt\/wordpress\/","name":"Le TILT","description":"Recherche, publication, cr\u00e9ation artistique","potentialAction":[{"@type":"SearchAction","target":{"@type":"EntryPoint","urlTemplate":"https:\/\/www.leti.lt\/wordpress\/?s={search_term_string}"},"query-input":{"@type":"PropertyValueSpecification","valueRequired":true,"valueName":"search_term_string"}}],"inLanguage":"fr-FR"},{"@type":"Person","@id":"https:\/\/www.leti.lt\/wordpress\/#\/schema\/person\/9bb307b2af8fbb575bb3603e57951f75","name":"Andr\u00e9ine Bel","image":{"@type":"ImageObject","inLanguage":"fr-FR","@id":"https:\/\/secure.gravatar.com\/avatar\/4ab041ec7c7ad3b90293023e86528ec1a700ce2971ff61811b2df6b288dd1f38?s=96&d=identicon&r=g","url":"https:\/\/secure.gravatar.com\/avatar\/4ab041ec7c7ad3b90293023e86528ec1a700ce2971ff61811b2df6b288dd1f38?s=96&d=identicon&r=g","contentUrl":"https:\/\/secure.gravatar.com\/avatar\/4ab041ec7c7ad3b90293023e86528ec1a700ce2971ff61811b2df6b288dd1f38?s=96&d=identicon&r=g","caption":"Andr\u00e9ine Bel"},"url":"https:\/\/www.leti.lt\/wordpress\/author\/andreine\/"}]}},"_links":{"self":[{"href":"https:\/\/www.leti.lt\/wordpress\/wp-json\/wp\/v2\/posts\/207","targetHints":{"allow":["GET"]}}],"collection":[{"href":"https:\/\/www.leti.lt\/wordpress\/wp-json\/wp\/v2\/posts"}],"about":[{"href":"https:\/\/www.leti.lt\/wordpress\/wp-json\/wp\/v2\/types\/post"}],"author":[{"embeddable":true,"href":"https:\/\/www.leti.lt\/wordpress\/wp-json\/wp\/v2\/users\/2"}],"replies":[{"embeddable":true,"href":"https:\/\/www.leti.lt\/wordpress\/wp-json\/wp\/v2\/comments?post=207"}],"version-history":[{"count":0,"href":"https:\/\/www.leti.lt\/wordpress\/wp-json\/wp\/v2\/posts\/207\/revisions"}],"wp:attachment":[{"href":"https:\/\/www.leti.lt\/wordpress\/wp-json\/wp\/v2\/media?parent=207"}],"wp:term":[{"taxonomy":"category","embeddable":true,"href":"https:\/\/www.leti.lt\/wordpress\/wp-json\/wp\/v2\/categories?post=207"},{"taxonomy":"post_tag","embeddable":true,"href":"https:\/\/www.leti.lt\/wordpress\/wp-json\/wp\/v2\/tags?post=207"}],"curies":[{"name":"wp","href":"https:\/\/api.w.org\/{rel}","templated":true}]}}