{"id":205,"date":"2020-02-16T15:30:33","date_gmt":"2020-02-16T14:30:33","guid":{"rendered":"https:\/\/www.leti.lt\/wordpress\/?p=205"},"modified":"-0001-11-30T00:00:00","modified_gmt":"-0001-11-29T22:00:00","slug":"danseforum-pressionetrelachement","status":"publish","type":"post","link":"https:\/\/www.leti.lt\/wordpress\/danseforum-pressionetrelachement\/","title":{"rendered":"Pression et relachement"},"content":{"rendered":"<p><a href=\"https:\/\/www.leti.lt\/wordpress\/danseforum-danseforum\/\">Danse forum<\/a><br>\u2192 <a href=\"https:\/\/www.leti.lt\/wordpress\/danseforum-comptesrendusateliers\/\">Comptes-ren\u00addus des ate\u00adliers<\/a><br>\u2192 <a href=\"https:\/\/www.leti.lt\/wordpress\/danseforum-lambesc\/\">Lam\u00adbesc<\/a><br><br>!!Pres\u00adsion et rel\u00e2\u00adche\u00adment \u2013 2&nbsp;f\u00e9vrier 2008<br><br>Nous \u00e9tions trois ce jour-l\u00e0. L\u2019une s\u2019est d\u2019abord recro\u00adque\u00advill\u00e9e dans un coin, bien au chaud sous mille vestes, le temps de nous rejoindre ensuite.<br><br>Le mot qui a&nbsp;\u00e9mer\u00adg\u00e9 pour les deux autres \u00e9tait le m\u00eame&nbsp;: malaxer. Les ten\u00adsions voya\u00adgeaient, les tor\u00adsions insis\u00adtaient, les pres\u00adsions et rel\u00e2\u00adche\u00adments les accom\u00adpa\u00adgnaient. La troi\u00adsi\u00e8me nous rejoi\u00adgnant a&nbsp;ame\u00adn\u00e9 \u00ab&nbsp;son&nbsp;\u00bb mot&nbsp;: com\u00adpac\u00adter, avec l\u2019id\u00e9e d\u2019une ten\u00adsion comme une apn\u00e9e qui se rel\u00e2\u00adche\u00adrait d\u2019elle-m\u00eame au bout du compte&nbsp;; ce mot est res\u00adt\u00e9 dans les corps, mais c\u2019est \u00ab&nbsp;pres\u00adsion et rel\u00e2\u00adche\u00adment&nbsp;\u00bb que nous avons rete\u00adnu comme th\u00e8me.<br><br>Au plus pr\u00e8s de nos mou\u00adve\u00adments internes, au point que les larmes en ont jailli par\u00adfois, notre danse nais\u00adsait de l\u00e0. Est-ce que la danse peut \u00eatre int\u00e9\u00adres\u00adsante lorsque les mou\u00adve\u00adments sont de si pr\u00e9s li\u00e9s au che\u00admi\u00adne\u00adment des ten\u00adsions&nbsp;? Ces mou\u00adve\u00adments quo\u00adti\u00addiens, dans le sens de \u00ab&nbsp;intimes&nbsp;\u00bb, de non-spec\u00adta\u00adcu\u00adlaires, peuvent-ils \u00eatre qua\u00adli\u00adfi\u00e9s de \u00ab&nbsp;danse&nbsp;\u00bb&nbsp;? Quel est le lien entre le quo\u00adti\u00addien et la danse&nbsp;? La pre\u00admi\u00e8re danse sur l\u2019espace sc\u00e9\u00adnique \u00e9tait lan\u00adc\u00e9e.<br><br>Elle fut toute en lignes, en pas et en dis\u00adtances mesu\u00adr\u00e9s. Avec par\u00adfois cette d\u00e9sa\u00adgr\u00e9able sen\u00adsa\u00adtion de faus\u00adse\u00adt\u00e9, au d\u00e9tour d\u2019un mou\u00adve\u00adment emprun\u00adt\u00e9, en dehors\u2026 Mais ces mou\u00adve\u00adments ne pour\u00adraient-ils pas \u00eatre int\u00e9\u00adgr\u00e9s pour ce qu\u2019ils sont sont, mis \u00ab&nbsp;en dedans&nbsp;\u00bb&nbsp;? Ils font par\u00adtie de la vie, de notre quo\u00adti\u00addien \u00e0&nbsp;tous\u2026 Que faire de ces mou\u00adve\u00adments res\u00adsen\u00adtis comme \u00ab&nbsp;faux&nbsp;\u00bb&nbsp;? Nous avions notre pro\u00adbl\u00e9\u00adma\u00adtique.<br><br>La deuxi\u00e8me danse ne fut pas exempte de ce res\u00adsen\u00adti sur lequel nous por\u00adtions notre atten\u00adtion, par\u00adfois au point de sen\u00adtir comme fausse la danse enti\u00e8re\u2026 Nous nous sommes dit que pour int\u00e9\u00adgrer le faux, il fal\u00adlait pour le moins ne pas trop le juger\u2026<br><br>La spec\u00adta\u00adtrice deve\u00adnue dan\u00adseuse quant \u00e0&nbsp;elle \u00e9tait res\u00adt\u00e9e au bord, dans une sorte d\u2019entre-deux. Nous avons sou\u00adli\u00adgn\u00e9 l\u2019importance de cet espace, regret\u00adtant d\u2019ailleurs que celui des\u00adsi\u00adn\u00e9 natu\u00adrel\u00adle\u00adment \u00e0&nbsp;Lam\u00adbesc par les tata\u00admis n\u2019inclue pas les murs. (Nous pour\u00adrions le red\u00e9\u00adfi\u00adnir par\u00adfois \u00e0&nbsp;l\u2019aide de cordes de cou\u00adleur vive pour les y&nbsp;int\u00e9\u00adgrer.)<br><br>Pour la troi\u00adsi\u00e8me danse, nous avons d\u00e9li\u00admi\u00adt\u00e9 un espace sc\u00e9\u00adnique ori\u00adgi\u00adnal&nbsp;: inves\u00adtir l\u2019espace rouge qui des\u00adsine habi\u00adtuel\u00adle\u00adment notre sc\u00e8ne&nbsp;! Nous avons vu toutes trois que, quelle que soit la finesse de notre danse et de nos per\u00adcep\u00adtions, lorsque nous sommes vrai\u00adment sur sc\u00e8ne, il est abso\u00adlu\u00adment impos\u00adsible de ne pas avoir conscience de la pr\u00e9\u00adsence des autres&nbsp;! Autre\u00adment dit, notre danse est n\u00e9ces\u00adsai\u00adre\u00adment en lien avec celle des autres, sans qu\u2019il faille y&nbsp;mettre une inten\u00adtion.<br><br>Le lien qui \u00e9tait absent, par contre, \u00e9tait celui reliant habi\u00adtuel\u00adle\u00adment la cam\u00e9\u00adra \u00e0&nbsp;la prise \u00e9lec\u00adtrique&nbsp;! Nous n\u2019avons donc rien vision\u00adn\u00e9 cette fois-ci. Mais de toutes fa\u00e7ons, cela fai\u00adsait d\u00e9j\u00e0 quatre heures que nous \u00e9tions l\u00e0\u2026<br><br>Il est dif\u00adfi\u00adcile d\u2019extraire la sub\u00adstan\u00adti\u00adfique moelle d\u2019un ate\u00adlier, ain\u00adsi que d\u2019en suivre le fil \u00e0&nbsp;l\u2019\u00e9crit. Mais je peux au moins dire, je cois, que le plai\u00adsir de la danse nous \u00e9tait com\u00admun\u2026<br><br>Nadine Gar\u00add\u00e8res,<br><br>d\u2019apr\u00e8s les retours de&nbsp;: Agn\u00e8s M, Andr\u00e9ine B, Nadine G.<br><br>Et Andr\u00e9ine d\u2019ajouter&nbsp;:<br><br><b>Mes larmes gr\u00e9\u00adsillent<\/b><br><br><b>en \u00e9tei\u00adgnant<\/b><br><br><b>les braises<\/b><br><br>Mat\u00adsuo&nbsp;Bash\u00f4<\/p><p style=\"color:green; text-align:right !important;\">Article cr\u00e9\u00e9 le 16\/02\/2020<\/p>","protected":false},"excerpt":{"rendered":"<p>Danse forum\u2192 Comptes-ren\u00ad\u00addus des ate\u00adliers\u2192 Lam\u00adbesc !!Pres\u00adsion et rel\u00e2\u00adche\u00adment \u2013 2&nbsp;f\u00e9vrier 2008 Nous \u00e9tions trois ce jour-l\u00e0. L\u2019une s\u2019est d\u2019abord recro\u00adque\u00advill\u00e9e dans un coin, bien au chaud sous mille vestes, le temps de nous rejoindre ensuite. Le mot qui a&nbsp;\u00e9mer\u00adg\u00e9 pour les deux autres \u00e9tait le m\u00eame&nbsp;: malaxer. Les ten\u00adsions voya\u00adgeaient, les tor\u00adsions insis\u00adtaient, les pres\u00adsions et rel\u00e2\u00adche\u00adments les accom\u00adpa\u00adgnaient. La troi\u00adsi\u00e8me nous rejoi\u00adgnant a&nbsp;ame\u00adn\u00e9 \u00ab&nbsp;son&nbsp;\u00bb mot&nbsp;: com\u00adpac\u00adter, avec l\u2019id\u00e9e d\u2019une ten\u00adsion comme une apn\u00e9e qui se rel\u00e2\u00adche\u00adrait d\u2019elle-m\u00eame au&nbsp;[\u2026]<\/p>\n","protected":false},"author":2,"featured_media":0,"comment_status":"open","ping_status":"open","sticky":false,"template":"","format":"standard","meta":{"wp_typography_post_enhancements_disabled":false,"footnotes":""},"categories":[184],"tags":[208],"class_list":["post-205","post","type-post","status-publish","format-standard","hentry","category-ateliers_lambesc","tag-df_lambesc"],"yoast_head":"<!-- This site is optimized with the Yoast SEO plugin v27.5 - https:\/\/yoast.com\/product\/yoast-seo-wordpress\/ -->\n<title>Pression et relachement - Le TILT<\/title>\n<meta name=\"robots\" content=\"index, follow, max-snippet:-1, max-image-preview:large, max-video-preview:-1\" \/>\n<link rel=\"canonical\" href=\"https:\/\/www.leti.lt\/wordpress\/danseforum-pressionetrelachement\/\" \/>\n<meta property=\"og:locale\" content=\"fr_FR\" \/>\n<meta property=\"og:type\" content=\"article\" \/>\n<meta property=\"og:title\" content=\"Pression et relachement - Le TILT\" \/>\n<meta property=\"og:description\" content=\"Danse forum\u2192 Comptes-ren\u00addus des ate\u00adliers\u2192 Lam\u00adbesc !!Pres\u00adsion et rel\u00e2\u00adche\u00adment \u2013 2&nbsp;f\u00e9vrier 2008 Nous \u00e9tions trois ce jour-l\u00e0. L\u2019une s\u2019est d\u2019abord recro\u00adque\u00advill\u00e9e dans un coin, bien au chaud sous mille vestes, le temps de nous rejoindre ensuite. Le mot qui a&nbsp;\u00e9mer\u00adg\u00e9 pour les deux autres \u00e9tait le m\u00eame&nbsp;: malaxer. Les ten\u00adsions voya\u00adgeaient, les tor\u00adsions insis\u00adtaient, les pres\u00adsions et rel\u00e2\u00adche\u00adments les accom\u00adpa\u00adgnaient. La troi\u00adsi\u00e8me nous rejoi\u00adgnant a&nbsp;ame\u00adn\u00e9 \u00ab&nbsp;son&nbsp;\u00bb mot&nbsp;: com\u00adpac\u00adter, avec l\u2019id\u00e9e d\u2019une ten\u00adsion comme une apn\u00e9e qui se rel\u00e2\u00adche\u00adrait d\u2019elle-m\u00eame au [&hellip;]\" \/>\n<meta property=\"og:url\" content=\"https:\/\/www.leti.lt\/wordpress\/danseforum-pressionetrelachement\/\" \/>\n<meta property=\"og:site_name\" content=\"Le TILT\" \/>\n<meta property=\"article:published_time\" content=\"2020-02-16T14:30:33+00:00\" \/>\n<meta name=\"author\" content=\"Andr\u00e9ine Bel\" \/>\n<meta name=\"twitter:card\" content=\"summary_large_image\" \/>\n<meta name=\"twitter:label1\" content=\"\u00c9crit par\" \/>\n\t<meta name=\"twitter:data1\" content=\"Andr\u00e9ine Bel\" \/>\n\t<meta name=\"twitter:label2\" content=\"Dur\u00e9e de lecture estim\u00e9e\" \/>\n\t<meta name=\"twitter:data2\" content=\"3 minutes\" \/>\n<script type=\"application\/ld+json\" class=\"yoast-schema-graph\">{\"@context\":\"https:\\\/\\\/schema.org\",\"@graph\":[{\"@type\":\"Article\",\"@id\":\"https:\\\/\\\/www.leti.lt\\\/wordpress\\\/danseforum-pressionetrelachement\\\/#article\",\"isPartOf\":{\"@id\":\"https:\\\/\\\/www.leti.lt\\\/wordpress\\\/danseforum-pressionetrelachement\\\/\"},\"author\":{\"name\":\"Andr\u00e9ine Bel\",\"@id\":\"https:\\\/\\\/www.leti.lt\\\/wordpress\\\/#\\\/schema\\\/person\\\/9bb307b2af8fbb575bb3603e57951f75\"},\"headline\":\"Pression et relachement\",\"datePublished\":\"2020-02-16T14:30:33+00:00\",\"mainEntityOfPage\":{\"@id\":\"https:\\\/\\\/www.leti.lt\\\/wordpress\\\/danseforum-pressionetrelachement\\\/\"},\"wordCount\":578,\"commentCount\":0,\"keywords\":[\"DF_Lambesc\"],\"articleSection\":[\"Ateliers Lambesc\"],\"inLanguage\":\"fr-FR\",\"potentialAction\":[{\"@type\":\"CommentAction\",\"name\":\"Comment\",\"target\":[\"https:\\\/\\\/www.leti.lt\\\/wordpress\\\/danseforum-pressionetrelachement\\\/#respond\"]}]},{\"@type\":\"WebPage\",\"@id\":\"https:\\\/\\\/www.leti.lt\\\/wordpress\\\/danseforum-pressionetrelachement\\\/\",\"url\":\"https:\\\/\\\/www.leti.lt\\\/wordpress\\\/danseforum-pressionetrelachement\\\/\",\"name\":\"Pression et relachement - Le TILT\",\"isPartOf\":{\"@id\":\"https:\\\/\\\/www.leti.lt\\\/wordpress\\\/#website\"},\"datePublished\":\"2020-02-16T14:30:33+00:00\",\"author\":{\"@id\":\"https:\\\/\\\/www.leti.lt\\\/wordpress\\\/#\\\/schema\\\/person\\\/9bb307b2af8fbb575bb3603e57951f75\"},\"breadcrumb\":{\"@id\":\"https:\\\/\\\/www.leti.lt\\\/wordpress\\\/danseforum-pressionetrelachement\\\/#breadcrumb\"},\"inLanguage\":\"fr-FR\",\"potentialAction\":[{\"@type\":\"ReadAction\",\"target\":[\"https:\\\/\\\/www.leti.lt\\\/wordpress\\\/danseforum-pressionetrelachement\\\/\"]}]},{\"@type\":\"BreadcrumbList\",\"@id\":\"https:\\\/\\\/www.leti.lt\\\/wordpress\\\/danseforum-pressionetrelachement\\\/#breadcrumb\",\"itemListElement\":[{\"@type\":\"ListItem\",\"position\":1,\"name\":\"Accueil\",\"item\":\"https:\\\/\\\/www.leti.lt\\\/wordpress\\\/\"},{\"@type\":\"ListItem\",\"position\":2,\"name\":\"Pression et relachement\"}]},{\"@type\":\"WebSite\",\"@id\":\"https:\\\/\\\/www.leti.lt\\\/wordpress\\\/#website\",\"url\":\"https:\\\/\\\/www.leti.lt\\\/wordpress\\\/\",\"name\":\"Le TILT\",\"description\":\"Recherche, publication, cr\u00e9ation artistique\",\"potentialAction\":[{\"@type\":\"SearchAction\",\"target\":{\"@type\":\"EntryPoint\",\"urlTemplate\":\"https:\\\/\\\/www.leti.lt\\\/wordpress\\\/?s={search_term_string}\"},\"query-input\":{\"@type\":\"PropertyValueSpecification\",\"valueRequired\":true,\"valueName\":\"search_term_string\"}}],\"inLanguage\":\"fr-FR\"},{\"@type\":\"Person\",\"@id\":\"https:\\\/\\\/www.leti.lt\\\/wordpress\\\/#\\\/schema\\\/person\\\/9bb307b2af8fbb575bb3603e57951f75\",\"name\":\"Andr\u00e9ine Bel\",\"image\":{\"@type\":\"ImageObject\",\"inLanguage\":\"fr-FR\",\"@id\":\"https:\\\/\\\/secure.gravatar.com\\\/avatar\\\/4ab041ec7c7ad3b90293023e86528ec1a700ce2971ff61811b2df6b288dd1f38?s=96&d=identicon&r=g\",\"url\":\"https:\\\/\\\/secure.gravatar.com\\\/avatar\\\/4ab041ec7c7ad3b90293023e86528ec1a700ce2971ff61811b2df6b288dd1f38?s=96&d=identicon&r=g\",\"contentUrl\":\"https:\\\/\\\/secure.gravatar.com\\\/avatar\\\/4ab041ec7c7ad3b90293023e86528ec1a700ce2971ff61811b2df6b288dd1f38?s=96&d=identicon&r=g\",\"caption\":\"Andr\u00e9ine Bel\"},\"url\":\"https:\\\/\\\/www.leti.lt\\\/wordpress\\\/author\\\/andreine\\\/\"}]}<\/script>\n<!-- \/ Yoast SEO plugin. -->","yoast_head_json":{"title":"Pression et relachement - Le TILT","robots":{"index":"index","follow":"follow","max-snippet":"max-snippet:-1","max-image-preview":"max-image-preview:large","max-video-preview":"max-video-preview:-1"},"canonical":"https:\/\/www.leti.lt\/wordpress\/danseforum-pressionetrelachement\/","og_locale":"fr_FR","og_type":"article","og_title":"Pression et relachement - Le TILT","og_description":"Danse forum\u2192 Comptes-ren\u00addus des ate\u00adliers\u2192 Lam\u00adbesc !!Pres\u00adsion et rel\u00e2\u00adche\u00adment \u2013 2&nbsp;f\u00e9vrier 2008 Nous \u00e9tions trois ce jour-l\u00e0. L\u2019une s\u2019est d\u2019abord recro\u00adque\u00advill\u00e9e dans un coin, bien au chaud sous mille vestes, le temps de nous rejoindre ensuite. Le mot qui a&nbsp;\u00e9mer\u00adg\u00e9 pour les deux autres \u00e9tait le m\u00eame&nbsp;: malaxer. Les ten\u00adsions voya\u00adgeaient, les tor\u00adsions insis\u00adtaient, les pres\u00adsions et rel\u00e2\u00adche\u00adments les accom\u00adpa\u00adgnaient. La troi\u00adsi\u00e8me nous rejoi\u00adgnant a&nbsp;ame\u00adn\u00e9 \u00ab&nbsp;son&nbsp;\u00bb mot&nbsp;: com\u00adpac\u00adter, avec l\u2019id\u00e9e d\u2019une ten\u00adsion comme une apn\u00e9e qui se rel\u00e2\u00adche\u00adrait d\u2019elle-m\u00eame au [&hellip;]","og_url":"https:\/\/www.leti.lt\/wordpress\/danseforum-pressionetrelachement\/","og_site_name":"Le TILT","article_published_time":"2020-02-16T14:30:33+00:00","author":"Andr\u00e9ine Bel","twitter_card":"summary_large_image","twitter_misc":{"\u00c9crit par":"Andr\u00e9ine Bel","Dur\u00e9e de lecture estim\u00e9e":"3 minutes"},"schema":{"@context":"https:\/\/schema.org","@graph":[{"@type":"Article","@id":"https:\/\/www.leti.lt\/wordpress\/danseforum-pressionetrelachement\/#article","isPartOf":{"@id":"https:\/\/www.leti.lt\/wordpress\/danseforum-pressionetrelachement\/"},"author":{"name":"Andr\u00e9ine Bel","@id":"https:\/\/www.leti.lt\/wordpress\/#\/schema\/person\/9bb307b2af8fbb575bb3603e57951f75"},"headline":"Pression et relachement","datePublished":"2020-02-16T14:30:33+00:00","mainEntityOfPage":{"@id":"https:\/\/www.leti.lt\/wordpress\/danseforum-pressionetrelachement\/"},"wordCount":578,"commentCount":0,"keywords":["DF_Lambesc"],"articleSection":["Ateliers Lambesc"],"inLanguage":"fr-FR","potentialAction":[{"@type":"CommentAction","name":"Comment","target":["https:\/\/www.leti.lt\/wordpress\/danseforum-pressionetrelachement\/#respond"]}]},{"@type":"WebPage","@id":"https:\/\/www.leti.lt\/wordpress\/danseforum-pressionetrelachement\/","url":"https:\/\/www.leti.lt\/wordpress\/danseforum-pressionetrelachement\/","name":"Pression et relachement - Le TILT","isPartOf":{"@id":"https:\/\/www.leti.lt\/wordpress\/#website"},"datePublished":"2020-02-16T14:30:33+00:00","author":{"@id":"https:\/\/www.leti.lt\/wordpress\/#\/schema\/person\/9bb307b2af8fbb575bb3603e57951f75"},"breadcrumb":{"@id":"https:\/\/www.leti.lt\/wordpress\/danseforum-pressionetrelachement\/#breadcrumb"},"inLanguage":"fr-FR","potentialAction":[{"@type":"ReadAction","target":["https:\/\/www.leti.lt\/wordpress\/danseforum-pressionetrelachement\/"]}]},{"@type":"BreadcrumbList","@id":"https:\/\/www.leti.lt\/wordpress\/danseforum-pressionetrelachement\/#breadcrumb","itemListElement":[{"@type":"ListItem","position":1,"name":"Accueil","item":"https:\/\/www.leti.lt\/wordpress\/"},{"@type":"ListItem","position":2,"name":"Pression et relachement"}]},{"@type":"WebSite","@id":"https:\/\/www.leti.lt\/wordpress\/#website","url":"https:\/\/www.leti.lt\/wordpress\/","name":"Le TILT","description":"Recherche, publication, cr\u00e9ation artistique","potentialAction":[{"@type":"SearchAction","target":{"@type":"EntryPoint","urlTemplate":"https:\/\/www.leti.lt\/wordpress\/?s={search_term_string}"},"query-input":{"@type":"PropertyValueSpecification","valueRequired":true,"valueName":"search_term_string"}}],"inLanguage":"fr-FR"},{"@type":"Person","@id":"https:\/\/www.leti.lt\/wordpress\/#\/schema\/person\/9bb307b2af8fbb575bb3603e57951f75","name":"Andr\u00e9ine Bel","image":{"@type":"ImageObject","inLanguage":"fr-FR","@id":"https:\/\/secure.gravatar.com\/avatar\/4ab041ec7c7ad3b90293023e86528ec1a700ce2971ff61811b2df6b288dd1f38?s=96&d=identicon&r=g","url":"https:\/\/secure.gravatar.com\/avatar\/4ab041ec7c7ad3b90293023e86528ec1a700ce2971ff61811b2df6b288dd1f38?s=96&d=identicon&r=g","contentUrl":"https:\/\/secure.gravatar.com\/avatar\/4ab041ec7c7ad3b90293023e86528ec1a700ce2971ff61811b2df6b288dd1f38?s=96&d=identicon&r=g","caption":"Andr\u00e9ine Bel"},"url":"https:\/\/www.leti.lt\/wordpress\/author\/andreine\/"}]}},"_links":{"self":[{"href":"https:\/\/www.leti.lt\/wordpress\/wp-json\/wp\/v2\/posts\/205","targetHints":{"allow":["GET"]}}],"collection":[{"href":"https:\/\/www.leti.lt\/wordpress\/wp-json\/wp\/v2\/posts"}],"about":[{"href":"https:\/\/www.leti.lt\/wordpress\/wp-json\/wp\/v2\/types\/post"}],"author":[{"embeddable":true,"href":"https:\/\/www.leti.lt\/wordpress\/wp-json\/wp\/v2\/users\/2"}],"replies":[{"embeddable":true,"href":"https:\/\/www.leti.lt\/wordpress\/wp-json\/wp\/v2\/comments?post=205"}],"version-history":[{"count":0,"href":"https:\/\/www.leti.lt\/wordpress\/wp-json\/wp\/v2\/posts\/205\/revisions"}],"wp:attachment":[{"href":"https:\/\/www.leti.lt\/wordpress\/wp-json\/wp\/v2\/media?parent=205"}],"wp:term":[{"taxonomy":"category","embeddable":true,"href":"https:\/\/www.leti.lt\/wordpress\/wp-json\/wp\/v2\/categories?post=205"},{"taxonomy":"post_tag","embeddable":true,"href":"https:\/\/www.leti.lt\/wordpress\/wp-json\/wp\/v2\/tags?post=205"}],"curies":[{"name":"wp","href":"https:\/\/api.w.org\/{rel}","templated":true}]}}