{"id":203,"date":"2020-02-16T15:30:33","date_gmt":"2020-02-16T14:30:33","guid":{"rendered":"https:\/\/www.leti.lt\/wordpress\/?p=203"},"modified":"2020-02-25T10:32:29","modified_gmt":"2020-02-25T09:32:29","slug":"danseforum-presentationdanseforumpbtm","status":"publish","type":"post","link":"https:\/\/www.leti.lt\/wordpress\/danseforum-presentationdanseforumpbtm\/","title":{"rendered":"Pr\u00e9sentation danse forum au&nbsp;PBTM"},"content":{"rendered":"<p><a href=\"https:\/\/www.leti.lt\/wordpress\/danseforum-danseforum\/\">Danse forum<\/a><br>\u2192 <a href=\"https:\/\/www.leti.lt\/wordpress\/danseforum-theatreforumetdanseforum\/\">T\u00e9\u00e2tre forum et danse forum<\/a><br><br>!! Pr\u00e9\u00adsen\u00adta\u00adtion de la DF pour le fes\u00adti\u00adval PBTM \u2013 4&nbsp;novembre 2009<br><br>Le temps \u00e9tait venu pour nous, m\u2019a\u2011t-il sem\u00adbl\u00e9, de pr\u00e9\u00adsen\u00adter la danse forum en la situant rela\u00adti\u00adve\u00adment au th\u00e9\u00e2tre forum, \u00e0&nbsp;tra\u00advers quelques points et ten\u00addances qui s\u2019en d\u00e9gagent. Je pr\u00e9\u00adcise et com\u00adpl\u00e8te ici ma pr\u00e9\u00adsen\u00adta\u00adtion d\u2019alors, tout en lui lais\u00adsant son abord sch\u00e9\u00adma\u00adtique et cari\u00adca\u00adtu\u00adral, car sim\u00adpli\u00adfi\u00e9. L\u2019objet de cet \u00e9crit \u00e9tant de tra\u00adcer quelques grandes lignes de la danse forum telle qu\u2019elle nous appa\u00adra\u00eet aujourd\u2019hui.<br><br>\u2019\u2019[+Le contexte+]\u2019\u2019<br><br>Le TF est n\u00e9 il y&nbsp;a plus de trente ans, d\u2019un pays en guerre et sous dic\u00adta\u00adture. <br><br>La DF est n\u00e9e il y&nbsp;a quatre ans et a&nbsp;vu le jour lors de la pre\u00admi\u00e8re \u00e9di\u00adtion du PBTM en 2005, dans la r\u00e9gion de For\u00adcal\u00adquier, dans un pays qui n\u2019a pas connu la guerre depuis plus d\u2019un demi-si\u00e8cle.<br><br>\u2019\u2019[+L\u2019outil+]\u2019\u2019<br><br>Le TF est un des outils prin\u00adci\u00adpaux du TdO.<br><br>On pour\u00adrait ima\u00adgi\u00adner un jour du \u00ab&nbsp;Th\u00e9\u00e2tre forum dan\u00ads\u00e9&nbsp;\u00bb, qui don\u00adne\u00adrait nais\u00adsance \u00e0&nbsp;une \u00ab&nbsp;Danse de l\u2019Opprim\u00e9&nbsp;\u00bb, sous l\u2019impulsion de tels ou tels col\u00adlec\u00adtifs, asso\u00adcia\u00adtions, ONG etc.<br><br><br><br>Mais la danse forum, telle qu\u2019elle se des\u00adsine pour nous aujourd\u2019hui, est plus un outil pour mettre la vie au c\u0153ur de la danse (et de l\u2019art en g\u00e9n\u00e9\u00adral), et la danse au c\u0153ur de la vie.<br><br>\u2019\u2019[+L\u2019esth\u00e9tique+]\u2019\u2019<br><br>Redon\u00adner \u00e0&nbsp;l\u2019esth\u00e9tique sa place au sein du TdO a&nbsp;\u00e9t\u00e9 la pr\u00e9\u00adoc\u00adcu\u00adpa\u00adtion majeure d\u2019Augusto Boal ces der\u00adni\u00e8res ann\u00e9es, qu\u2019il a&nbsp;consi\u00adgn\u00e9 dans \u00ab&nbsp;The Aes\u00adthe\u00adtics of the Opres\u00adsed&nbsp;\u00bb. Jor\u00addi For\u00adca\u00addas va dans le m\u00eame sens en ques\u00adtion\u00adnant l\u2019esth\u00e9tique du th\u00e9\u00e2tre clas\u00adsique, met\u00adtant les outils du th\u00e9\u00e2tre brech\u00adtien \u00e0&nbsp;dis\u00adpo\u00adsi\u00adtion du TF.<br><br>La DF d\u00e9ve\u00adloppe son esth\u00e9\u00adtique en ques\u00adtion\u00adnant la danse. Qu\u2019est-ce la danse&nbsp;? Quand com\u00admence-t-elle&nbsp;? On dit d\u2019un oiseau qu\u2019il danse dans le ciel. On ne dit pas qu\u2019il \u00ab&nbsp;fait de la danse&nbsp;\u00bb. Toute per\u00adsonne ne fait pas de la danse, mais toute per\u00adsonne danse, et par l\u00e0 m\u00eame \u00ab&nbsp;devient dan\u00adseur en dan\u00adsant&nbsp;\u00bb, pour para\u00adphra\u00adser Boal.<br><br>L\u2019esth\u00e9tique de la DF redonne place \u00e0&nbsp;l\u2019involontaire, au for\u00adtuit et \u00e0&nbsp;la sen\u00adsa\u00adtion.<br><br>L\u2019involontaire est aus\u00adsi m\u00e9con\u00adnu aujourd\u2019hui que l\u2019\u00e9tait l\u2019inconscient avant Freud. Nos recherches sur l\u2019involontaire pointent son effet struc\u00adtu\u00adrant, pour le corps et la danse.<br><br>Le for\u00adtuit, c\u2019est l\u2019ouverture don\u00adn\u00e9e au hasard, sans lequel l\u2019esprit s\u2019endort sur lui-m\u00eame dans ses habi\u00adtudes.<br><br>Quant \u00e0&nbsp;la sen\u00adsa\u00adtion, elle n\u2019est pas une chose \u00ab&nbsp;pure&nbsp;\u00bb qui nous vien\u00addrait du ciel, indemne de nos res\u00adsen\u00adtis et de notre ima\u00adgi\u00adna\u00adtion, ou de notre culture. Elle nous incarne \u00e0&nbsp;chaque ins\u00adtant, nous don\u00adnant une porte d\u2019acc\u00e8s au spon\u00adta\u00adn\u00e9 et au cr\u00e9a\u00adtif.<br><br>On pour\u00adrait dire de l\u2019esth\u00e9tique telle que nous l\u2019approchons tourne autour de la puis\u00adsance de l\u2019art, dans la m\u00eame veine que la \u00ab&nbsp;puis\u00adsance d\u2019agir&nbsp;\u00bb ch\u00e8re \u00e0&nbsp;Spi\u00adno\u00adza.<br><br>\u2019\u2019[+La tech\u00adnique+]\u2019\u2019<br><br>Le TF a&nbsp;repris et \u00e9la\u00adbo\u00adr\u00e9 de nom\u00adbreuses tech\u00adniques th\u00e9\u00e2\u00adtrales, jeux et exer\u00adcices \u00e9vo\u00adlu\u00adtifs, trans\u00admis de g\u00e9n\u00e9\u00adra\u00adtion en g\u00e9n\u00e9\u00adra\u00adtion.<br><br>Pour la DF, nous par\u00adlons plus \u00ab&nbsp;d\u2019infra-technique&nbsp;\u00bb, une tech\u00adnique invi\u00adsible au pre\u00admier abord, et qui donne \u00e0&nbsp;voir ce qui ne se voit pas d\u2019habitude. Elle ne peut gu\u00e8re s\u2019imiter, car elle demande de l\u2019introspection et un rap\u00adport sin\u00adgu\u00adlier aux sen\u00adsa\u00adtions pour le dan\u00adseur, mais elle peut se d\u00e9ve\u00adlop\u00adper par auto-appren\u00adtis\u00adsage coop\u00e9\u00adra\u00adtif. Cha\u00adcun apprend de lui-m\u00eame et en t\u00e9moigne aux autres par des retours r\u00e9flexifs. Ces retours font \u00e9cho, confirment ou infirment ses propres trou\u00advailles. L\u2019auto-apprentissage coop\u00e9\u00adra\u00adtif va de pair avec un esprit cri\u00adtique non jugeant.<br><br>\u2019\u2019[+Les r\u00e8gles+]\u2019\u2019<br><br>Celles du TF sont main\u00adte\u00adnant bien \u00e9ta\u00adblies, avec des variantes internes pos\u00adsibles, mais qui font que l\u2019on recon\u00adna\u00eet le TF de n\u2019importe quelle autre forme de th\u00e9\u00e2tre.<br><br>Les r\u00e8gles de la DF sont encore en cours d\u2019\u00e9laboration, avec t\u00e2ton\u00adne\u00adments, retours en arri\u00e8re, bonds en avant. Mais d\u00e8s le d\u00e9but, la sp\u00e9\u00adci\u00adfi\u00adci\u00adt\u00e9 de la danse s\u2019est impo\u00ads\u00e9e \u00e0&nbsp;la DF&nbsp;: si la danse com\u00admence l\u00e0 o\u00f9 la parole finit, c\u2019est que la danse inclut la pos\u00adsi\u00adbi\u00adli\u00adt\u00e9 de l\u2019abstraction et de la sen\u00adsa\u00adtion comme vec\u00adteurs d\u2019\u00e9motions et de r\u00e9flexions.<br><br>\u2019\u2019[+La poli\u00adtique+]\u2019\u2019<br><br>Le TF et de TdO sont ori\u00adgi\u00adnel\u00adle\u00adment essen\u00adtiel\u00adle\u00adment poli\u00adtiques, dans le sens mili\u00adtant, et cherchent \u00e0&nbsp;r\u00e9con\u00adci\u00adlier art et poli\u00adti\u00adque\/\u00admi\u00adcro-poli\u00adtique.<br><br>En DF, ce n\u2019est pas le c\u00f4t\u00e9 mili\u00adtant de la poli\u00adtique qui nous a&nbsp;mobi\u00adli\u00ads\u00e9. Il s\u2019agit plus d\u2019une micro-poli\u00adtique de la danse, du quo\u00adti\u00addien.<br><br>La danse spec\u00adta\u00adcu\u00adlaire est r\u00e9ser\u00adv\u00e9e en grande par\u00adtie \u00e0&nbsp;des corps minces et souples, vifs et capables de m\u00e9mo\u00adri\u00adsa\u00adtion. Se r\u00e9ap\u00adpro\u00adprier la danse, c\u2019est voir et d\u00e9faire les inhi\u00adbi\u00adtions, les jeux de pou\u00advoir, la tyran\u00adnie du beau, etc. C\u2019est recon\u00adsi\u00add\u00e9\u00adrer le beau, d\u00e9con\u00addi\u00adtion\u00adner le juge\u00adment, se d\u00e9for\u00adma\u00adter, comme le pro\u00adpose par ailleurs le TF.<br><br>\u2019\u2019[+Le deve\u00adnir+]\u2019\u2019<br><br>Le TF \u00e9vo\u00adlue avec ses pra\u00adti\u00adciens, th\u00e9o\u00adri\u00adciens et pra\u00adti\u00adquants, autour d\u2019une ossa\u00adture qui s\u2019est \u00e9la\u00adbo\u00adr\u00e9e lon\u00adgue\u00adment.<br><br>Le deve\u00adnir de la DF res\u00adsemble plus \u00e0&nbsp;une vision pour l\u2019instant, une vision de son poten\u00adtiel \u00e0&nbsp;tra\u00advers l\u2019\u00e9ducation cri\u00adtique du regard esth\u00e9\u00adtique dans ce qu\u2019il a&nbsp;de plus vital et nour\u00adri\u00adcier pour l\u2019\u00eatre.<br><br>Andr\u00e9ine Bel<\/p><p style=\"color:green; text-align:right !important;\">Article cr\u00e9\u00e9 le 16\/02\/2020 \u2013 modi\u00adfi\u00e9 le 25\/02\/2020<\/p>","protected":false},"excerpt":{"rendered":"<p>Danse forum\u2192 T\u00e9\u00e2tre forum et danse&nbsp;forum !! Pr\u00e9\u00adsen\u00adta\u00adtion de la DF pour le fes\u00adti\u00adval PBTM \u2013 4&nbsp;novembre 2009 Le temps \u00e9tait venu pour nous, m\u2019a\u2011t\u2011il sem\u00adbl\u00e9, de pr\u00e9\u00adsen\u00adter la danse forum en la situant rela\u00adti\u00adve\u00adment au th\u00e9\u00e2tre forum, \u00e0&nbsp;tra\u00advers quelques points et ten\u00addances qui s\u2019en d\u00e9gagent. Je pr\u00e9\u00adcise et com\u00adpl\u00e8te ici ma pr\u00e9\u00adsen\u00adta\u00adtion d\u2019alors, tout en lui lais\u00adsant son abord sch\u00e9\u00adma\u00adtique et cari\u00adca\u00adtu\u00adral, car sim\u00adpli\u00adfi\u00e9. L\u2019objet de cet \u00e9crit \u00e9tant de tra\u00adcer quelques grandes lignes de la danse forum&nbsp;telle&nbsp;[\u2026]<\/p>\n","protected":false},"author":2,"featured_media":0,"comment_status":"open","ping_status":"open","sticky":false,"template":"","format":"standard","meta":{"wp_typography_post_enhancements_disabled":false,"footnotes":""},"categories":[12],"tags":[187],"class_list":["post-203","post","type-post","status-publish","format-standard","hentry","category-tf_et_df","tag-tf_et_df"],"yoast_head":"<!-- This site is optimized with the Yoast SEO plugin v27.5 - https:\/\/yoast.com\/product\/yoast-seo-wordpress\/ -->\n<title>Pr\u00e9sentation danse forum au PBTM - Le TILT<\/title>\n<meta name=\"robots\" content=\"index, follow, max-snippet:-1, max-image-preview:large, max-video-preview:-1\" \/>\n<link rel=\"canonical\" href=\"https:\/\/www.leti.lt\/wordpress\/danseforum-presentationdanseforumpbtm\/\" \/>\n<meta property=\"og:locale\" content=\"fr_FR\" \/>\n<meta property=\"og:type\" content=\"article\" \/>\n<meta property=\"og:title\" content=\"Pr\u00e9sentation danse forum au PBTM - Le TILT\" \/>\n<meta property=\"og:description\" content=\"Danse forum\u2192 T\u00e9\u00e2tre forum et danse&nbsp;forum !! Pr\u00e9\u00adsen\u00adta\u00adtion de la DF pour le fes\u00adti\u00adval PBTM \u2013 4&nbsp;novembre 2009 Le temps \u00e9tait venu pour nous, m\u2019a\u2011t-il sem\u00adbl\u00e9, de pr\u00e9\u00adsen\u00adter la danse forum en la situant rela\u00adti\u00adve\u00adment au th\u00e9\u00e2tre forum, \u00e0&nbsp;tra\u00advers quelques points et ten\u00addances qui s\u2019en d\u00e9gagent. Je pr\u00e9\u00adcise et com\u00adpl\u00e8te ici ma pr\u00e9\u00adsen\u00adta\u00adtion d\u2019alors, tout en lui lais\u00adsant son abord sch\u00e9\u00adma\u00adtique et cari\u00adca\u00adtu\u00adral, car sim\u00adpli\u00adfi\u00e9. L\u2019objet de cet \u00e9crit \u00e9tant de tra\u00adcer quelques grandes lignes de la danse forum telle [&hellip;]\" \/>\n<meta property=\"og:url\" content=\"https:\/\/www.leti.lt\/wordpress\/danseforum-presentationdanseforumpbtm\/\" \/>\n<meta property=\"og:site_name\" content=\"Le TILT\" \/>\n<meta property=\"article:published_time\" content=\"2020-02-16T14:30:33+00:00\" \/>\n<meta property=\"article:modified_time\" content=\"2020-02-25T09:32:29+00:00\" \/>\n<meta name=\"author\" content=\"Andr\u00e9ine Bel\" \/>\n<meta name=\"twitter:card\" content=\"summary_large_image\" \/>\n<meta name=\"twitter:label1\" content=\"\u00c9crit par\" \/>\n\t<meta name=\"twitter:data1\" content=\"Andr\u00e9ine Bel\" \/>\n\t<meta name=\"twitter:label2\" content=\"Dur\u00e9e de lecture estim\u00e9e\" \/>\n\t<meta name=\"twitter:data2\" content=\"5 minutes\" \/>\n<script type=\"application\/ld+json\" class=\"yoast-schema-graph\">{\"@context\":\"https:\\\/\\\/schema.org\",\"@graph\":[{\"@type\":\"Article\",\"@id\":\"https:\\\/\\\/www.leti.lt\\\/wordpress\\\/danseforum-presentationdanseforumpbtm\\\/#article\",\"isPartOf\":{\"@id\":\"https:\\\/\\\/www.leti.lt\\\/wordpress\\\/danseforum-presentationdanseforumpbtm\\\/\"},\"author\":{\"name\":\"Andr\u00e9ine Bel\",\"@id\":\"https:\\\/\\\/www.leti.lt\\\/wordpress\\\/#\\\/schema\\\/person\\\/9bb307b2af8fbb575bb3603e57951f75\"},\"headline\":\"Pr\u00e9sentation danse forum au&nbsp;PBTM\",\"datePublished\":\"2020-02-16T14:30:33+00:00\",\"dateModified\":\"2020-02-25T09:32:29+00:00\",\"mainEntityOfPage\":{\"@id\":\"https:\\\/\\\/www.leti.lt\\\/wordpress\\\/danseforum-presentationdanseforumpbtm\\\/\"},\"wordCount\":934,\"commentCount\":0,\"keywords\":[\"TF_et_DF\"],\"articleSection\":[\"TF et DF\"],\"inLanguage\":\"fr-FR\",\"potentialAction\":[{\"@type\":\"CommentAction\",\"name\":\"Comment\",\"target\":[\"https:\\\/\\\/www.leti.lt\\\/wordpress\\\/danseforum-presentationdanseforumpbtm\\\/#respond\"]}]},{\"@type\":\"WebPage\",\"@id\":\"https:\\\/\\\/www.leti.lt\\\/wordpress\\\/danseforum-presentationdanseforumpbtm\\\/\",\"url\":\"https:\\\/\\\/www.leti.lt\\\/wordpress\\\/danseforum-presentationdanseforumpbtm\\\/\",\"name\":\"Pr\u00e9sentation danse forum au PBTM - Le TILT\",\"isPartOf\":{\"@id\":\"https:\\\/\\\/www.leti.lt\\\/wordpress\\\/#website\"},\"datePublished\":\"2020-02-16T14:30:33+00:00\",\"dateModified\":\"2020-02-25T09:32:29+00:00\",\"author\":{\"@id\":\"https:\\\/\\\/www.leti.lt\\\/wordpress\\\/#\\\/schema\\\/person\\\/9bb307b2af8fbb575bb3603e57951f75\"},\"breadcrumb\":{\"@id\":\"https:\\\/\\\/www.leti.lt\\\/wordpress\\\/danseforum-presentationdanseforumpbtm\\\/#breadcrumb\"},\"inLanguage\":\"fr-FR\",\"potentialAction\":[{\"@type\":\"ReadAction\",\"target\":[\"https:\\\/\\\/www.leti.lt\\\/wordpress\\\/danseforum-presentationdanseforumpbtm\\\/\"]}]},{\"@type\":\"BreadcrumbList\",\"@id\":\"https:\\\/\\\/www.leti.lt\\\/wordpress\\\/danseforum-presentationdanseforumpbtm\\\/#breadcrumb\",\"itemListElement\":[{\"@type\":\"ListItem\",\"position\":1,\"name\":\"Accueil\",\"item\":\"https:\\\/\\\/www.leti.lt\\\/wordpress\\\/\"},{\"@type\":\"ListItem\",\"position\":2,\"name\":\"Pr\u00e9sentation danse forum au&nbsp;PBTM\"}]},{\"@type\":\"WebSite\",\"@id\":\"https:\\\/\\\/www.leti.lt\\\/wordpress\\\/#website\",\"url\":\"https:\\\/\\\/www.leti.lt\\\/wordpress\\\/\",\"name\":\"Le TILT\",\"description\":\"Recherche, publication, cr\u00e9ation artistique\",\"potentialAction\":[{\"@type\":\"SearchAction\",\"target\":{\"@type\":\"EntryPoint\",\"urlTemplate\":\"https:\\\/\\\/www.leti.lt\\\/wordpress\\\/?s={search_term_string}\"},\"query-input\":{\"@type\":\"PropertyValueSpecification\",\"valueRequired\":true,\"valueName\":\"search_term_string\"}}],\"inLanguage\":\"fr-FR\"},{\"@type\":\"Person\",\"@id\":\"https:\\\/\\\/www.leti.lt\\\/wordpress\\\/#\\\/schema\\\/person\\\/9bb307b2af8fbb575bb3603e57951f75\",\"name\":\"Andr\u00e9ine Bel\",\"image\":{\"@type\":\"ImageObject\",\"inLanguage\":\"fr-FR\",\"@id\":\"https:\\\/\\\/secure.gravatar.com\\\/avatar\\\/4ab041ec7c7ad3b90293023e86528ec1a700ce2971ff61811b2df6b288dd1f38?s=96&d=identicon&r=g\",\"url\":\"https:\\\/\\\/secure.gravatar.com\\\/avatar\\\/4ab041ec7c7ad3b90293023e86528ec1a700ce2971ff61811b2df6b288dd1f38?s=96&d=identicon&r=g\",\"contentUrl\":\"https:\\\/\\\/secure.gravatar.com\\\/avatar\\\/4ab041ec7c7ad3b90293023e86528ec1a700ce2971ff61811b2df6b288dd1f38?s=96&d=identicon&r=g\",\"caption\":\"Andr\u00e9ine Bel\"},\"url\":\"https:\\\/\\\/www.leti.lt\\\/wordpress\\\/author\\\/andreine\\\/\"}]}<\/script>\n<!-- \/ Yoast SEO plugin. -->","yoast_head_json":{"title":"Pr\u00e9sentation danse forum au PBTM - Le TILT","robots":{"index":"index","follow":"follow","max-snippet":"max-snippet:-1","max-image-preview":"max-image-preview:large","max-video-preview":"max-video-preview:-1"},"canonical":"https:\/\/www.leti.lt\/wordpress\/danseforum-presentationdanseforumpbtm\/","og_locale":"fr_FR","og_type":"article","og_title":"Pr\u00e9sentation danse forum au PBTM - Le TILT","og_description":"Danse forum\u2192 T\u00e9\u00e2tre forum et danse&nbsp;forum !! Pr\u00e9\u00adsen\u00adta\u00adtion de la DF pour le fes\u00adti\u00adval PBTM \u2013 4&nbsp;novembre 2009 Le temps \u00e9tait venu pour nous, m\u2019a\u2011t-il sem\u00adbl\u00e9, de pr\u00e9\u00adsen\u00adter la danse forum en la situant rela\u00adti\u00adve\u00adment au th\u00e9\u00e2tre forum, \u00e0&nbsp;tra\u00advers quelques points et ten\u00addances qui s\u2019en d\u00e9gagent. Je pr\u00e9\u00adcise et com\u00adpl\u00e8te ici ma pr\u00e9\u00adsen\u00adta\u00adtion d\u2019alors, tout en lui lais\u00adsant son abord sch\u00e9\u00adma\u00adtique et cari\u00adca\u00adtu\u00adral, car sim\u00adpli\u00adfi\u00e9. L\u2019objet de cet \u00e9crit \u00e9tant de tra\u00adcer quelques grandes lignes de la danse forum telle [&hellip;]","og_url":"https:\/\/www.leti.lt\/wordpress\/danseforum-presentationdanseforumpbtm\/","og_site_name":"Le TILT","article_published_time":"2020-02-16T14:30:33+00:00","article_modified_time":"2020-02-25T09:32:29+00:00","author":"Andr\u00e9ine Bel","twitter_card":"summary_large_image","twitter_misc":{"\u00c9crit par":"Andr\u00e9ine Bel","Dur\u00e9e de lecture estim\u00e9e":"5 minutes"},"schema":{"@context":"https:\/\/schema.org","@graph":[{"@type":"Article","@id":"https:\/\/www.leti.lt\/wordpress\/danseforum-presentationdanseforumpbtm\/#article","isPartOf":{"@id":"https:\/\/www.leti.lt\/wordpress\/danseforum-presentationdanseforumpbtm\/"},"author":{"name":"Andr\u00e9ine Bel","@id":"https:\/\/www.leti.lt\/wordpress\/#\/schema\/person\/9bb307b2af8fbb575bb3603e57951f75"},"headline":"Pr\u00e9sentation danse forum au&nbsp;PBTM","datePublished":"2020-02-16T14:30:33+00:00","dateModified":"2020-02-25T09:32:29+00:00","mainEntityOfPage":{"@id":"https:\/\/www.leti.lt\/wordpress\/danseforum-presentationdanseforumpbtm\/"},"wordCount":934,"commentCount":0,"keywords":["TF_et_DF"],"articleSection":["TF et DF"],"inLanguage":"fr-FR","potentialAction":[{"@type":"CommentAction","name":"Comment","target":["https:\/\/www.leti.lt\/wordpress\/danseforum-presentationdanseforumpbtm\/#respond"]}]},{"@type":"WebPage","@id":"https:\/\/www.leti.lt\/wordpress\/danseforum-presentationdanseforumpbtm\/","url":"https:\/\/www.leti.lt\/wordpress\/danseforum-presentationdanseforumpbtm\/","name":"Pr\u00e9sentation danse forum au PBTM - Le TILT","isPartOf":{"@id":"https:\/\/www.leti.lt\/wordpress\/#website"},"datePublished":"2020-02-16T14:30:33+00:00","dateModified":"2020-02-25T09:32:29+00:00","author":{"@id":"https:\/\/www.leti.lt\/wordpress\/#\/schema\/person\/9bb307b2af8fbb575bb3603e57951f75"},"breadcrumb":{"@id":"https:\/\/www.leti.lt\/wordpress\/danseforum-presentationdanseforumpbtm\/#breadcrumb"},"inLanguage":"fr-FR","potentialAction":[{"@type":"ReadAction","target":["https:\/\/www.leti.lt\/wordpress\/danseforum-presentationdanseforumpbtm\/"]}]},{"@type":"BreadcrumbList","@id":"https:\/\/www.leti.lt\/wordpress\/danseforum-presentationdanseforumpbtm\/#breadcrumb","itemListElement":[{"@type":"ListItem","position":1,"name":"Accueil","item":"https:\/\/www.leti.lt\/wordpress\/"},{"@type":"ListItem","position":2,"name":"Pr\u00e9sentation danse forum au&nbsp;PBTM"}]},{"@type":"WebSite","@id":"https:\/\/www.leti.lt\/wordpress\/#website","url":"https:\/\/www.leti.lt\/wordpress\/","name":"Le TILT","description":"Recherche, publication, cr\u00e9ation artistique","potentialAction":[{"@type":"SearchAction","target":{"@type":"EntryPoint","urlTemplate":"https:\/\/www.leti.lt\/wordpress\/?s={search_term_string}"},"query-input":{"@type":"PropertyValueSpecification","valueRequired":true,"valueName":"search_term_string"}}],"inLanguage":"fr-FR"},{"@type":"Person","@id":"https:\/\/www.leti.lt\/wordpress\/#\/schema\/person\/9bb307b2af8fbb575bb3603e57951f75","name":"Andr\u00e9ine Bel","image":{"@type":"ImageObject","inLanguage":"fr-FR","@id":"https:\/\/secure.gravatar.com\/avatar\/4ab041ec7c7ad3b90293023e86528ec1a700ce2971ff61811b2df6b288dd1f38?s=96&d=identicon&r=g","url":"https:\/\/secure.gravatar.com\/avatar\/4ab041ec7c7ad3b90293023e86528ec1a700ce2971ff61811b2df6b288dd1f38?s=96&d=identicon&r=g","contentUrl":"https:\/\/secure.gravatar.com\/avatar\/4ab041ec7c7ad3b90293023e86528ec1a700ce2971ff61811b2df6b288dd1f38?s=96&d=identicon&r=g","caption":"Andr\u00e9ine Bel"},"url":"https:\/\/www.leti.lt\/wordpress\/author\/andreine\/"}]}},"_links":{"self":[{"href":"https:\/\/www.leti.lt\/wordpress\/wp-json\/wp\/v2\/posts\/203","targetHints":{"allow":["GET"]}}],"collection":[{"href":"https:\/\/www.leti.lt\/wordpress\/wp-json\/wp\/v2\/posts"}],"about":[{"href":"https:\/\/www.leti.lt\/wordpress\/wp-json\/wp\/v2\/types\/post"}],"author":[{"embeddable":true,"href":"https:\/\/www.leti.lt\/wordpress\/wp-json\/wp\/v2\/users\/2"}],"replies":[{"embeddable":true,"href":"https:\/\/www.leti.lt\/wordpress\/wp-json\/wp\/v2\/comments?post=203"}],"version-history":[{"count":1,"href":"https:\/\/www.leti.lt\/wordpress\/wp-json\/wp\/v2\/posts\/203\/revisions"}],"predecessor-version":[{"id":458,"href":"https:\/\/www.leti.lt\/wordpress\/wp-json\/wp\/v2\/posts\/203\/revisions\/458"}],"wp:attachment":[{"href":"https:\/\/www.leti.lt\/wordpress\/wp-json\/wp\/v2\/media?parent=203"}],"wp:term":[{"taxonomy":"category","embeddable":true,"href":"https:\/\/www.leti.lt\/wordpress\/wp-json\/wp\/v2\/categories?post=203"},{"taxonomy":"post_tag","embeddable":true,"href":"https:\/\/www.leti.lt\/wordpress\/wp-json\/wp\/v2\/tags?post=203"}],"curies":[{"name":"wp","href":"https:\/\/api.w.org\/{rel}","templated":true}]}}