{"id":202,"date":"2020-02-16T15:30:33","date_gmt":"2020-02-16T14:30:33","guid":{"rendered":"https:\/\/www.leti.lt\/wordpress\/?p=202"},"modified":"2020-06-10T08:00:52","modified_gmt":"2020-06-10T06:00:52","slug":"danseforum-presentationcourte","status":"publish","type":"post","link":"https:\/\/www.leti.lt\/wordpress\/danseforum-presentationcourte\/","title":{"rendered":"Pr\u00e9sentation courte de la danse&nbsp;forum"},"content":{"rendered":"\n<p>La danse forum est n\u00e9e en 2005 \u00e0&nbsp;Lam\u00adbesc (13). Des ate\u00adliers coop\u00e9\u00adra\u00adtifs de recherche et d\u2019exp\u00e9rimentation sont ani\u00adm\u00e9s r\u00e9gu\u00adli\u00e8\u00adre\u00adment \u00e0&nbsp;For\u00adcal\u00adquier, Mar\u00adseille et Aix-en-Pro\u00advence. Elle par\u00adti\u00adcipe \u00e0&nbsp;des \u00e9v\u00e9\u00adne\u00adments artis\u00adtiques et cultu\u00adrels, et r\u00e9pond \u00e0&nbsp;des invi\u00adtions diverses (pro\u00adces\u00adsus col\u00adlec\u00adtifs, ren\u00adcontres, groupes de recherche etc.).<br><br>Mettre la danse en forum, c\u2019est \u00ab&nbsp;pro\u00adbl\u00e9\u00adma\u00adti\u00adser&nbsp;\u00bb des th\u00e8mes artis\u00adtiques, sociaux, poli\u00adtiques ou rela\u00adtion\u00adnels \u00e0&nbsp;tra\u00advers un th\u00e8me choi\u00adsi. Pour cela, la DF sol\u00adli\u00adcite les sen\u00adsa\u00adtions, la r\u00e9flexion et l\u2019imagination cr\u00e9a\u00adtrice. Les allers-retours entre mou\u00adve\u00adment, impro\u00advi\u00adsa\u00adtion et parole \u00e9duquent le regard et l\u2019esprit cri\u00adtique.<br><br>La DF ques\u00adtionne aus\u00adsi la danse&nbsp;: son r\u00f4le, sa tech\u00adni\u00adci\u00adt\u00e9, ses repr\u00e9\u00adsen\u00adta\u00adtions sociales\u2026 Dans cette approche, l\u2019expertise est ren\u00addue \u00e0&nbsp;l\u2019humain et au v\u00e9cu dans toute leur com\u00adplexi\u00adt\u00e9.<br><br>D\u2019autres arts sont invi\u00adt\u00e9s \u00e0&nbsp;par\u00adti\u00adci\u00adper au pro\u00adces\u00adsus de son \u00e9la\u00adbo\u00adra\u00adtion&nbsp;: po\u00e9\u00adsie, arts plas\u00adtiques, cal\u00adli\u00adgra\u00adphie, vid\u00e9o, etc. Leur espace est celui de la bor\u00addure sc\u00e9\u00adnique, ce ter\u00adri\u00adtoire qui, \u00e0&nbsp;la mani\u00e8re d\u2019une mem\u00adbrane, faci\u00adlite les \u00e9changes entre spec\u00adta\u00adteur et acteur.<br><br>Depuis la cr\u00e9a\u00adtion de la DF, des comptes-ren\u00addus d\u2019atelier et des textes th\u00e9o\u00adriques sont pro\u00adduits et la nour\u00adrissent en retour.<\/p>\n<p style=\"color:green; text-align:right !important;\">Article cr\u00e9\u00e9 le 16\/02\/2020 \u2013 modi\u00adfi\u00e9 le 10\/06\/2020<\/p>","protected":false},"excerpt":{"rendered":"<p>La danse forum est n\u00e9e en 2005 \u00e0&nbsp;Lam\u00adbesc (13). Des ate\u00adliers coop\u00e9\u00adra\u00adtifs de recherche et d\u2019exp\u00e9rimentation sont ani\u00adm\u00e9s r\u00e9gu\u00adli\u00e8\u00adre\u00adment \u00e0&nbsp;For\u00adcal\u00adquier, Mar\u00adseille et Aix-en-Pro\u00ad\u00advence. Elle par\u00adti\u00adcipe \u00e0&nbsp;des \u00e9v\u00e9\u00adne\u00adments artis\u00adtiques et cultu\u00adrels, et r\u00e9pond \u00e0&nbsp;des invi\u00adtions diverses (pro\u00adces\u00adsus col\u00adlec\u00adtifs, ren\u00adcontres, groupes de recherche etc.). Mettre la danse en forum, c\u2019est \u00ab&nbsp;pro\u00adbl\u00e9\u00adma\u00adti\u00adser&nbsp;\u00bb des th\u00e8mes artis\u00adtiques, sociaux, poli\u00adtiques ou rela\u00adtion\u00adnels \u00e0&nbsp;tra\u00advers un th\u00e8me choi\u00adsi. Pour cela, la DF sol\u00adli\u00adcite les sen\u00adsa\u00adtions, la r\u00e9flexion et l\u2019imagination cr\u00e9a\u00adtrice. Les allers-retours entre mou\u00adve\u00adment, impro\u00advi\u00adsa\u00adtion et parole \u00e9duquent&nbsp;[\u2026]<\/p>\n","protected":false},"author":2,"featured_media":0,"comment_status":"open","ping_status":"open","sticky":false,"template":"","format":"standard","meta":{"wp_typography_post_enhancements_disabled":false,"footnotes":""},"categories":[129],"tags":[217],"class_list":["post-202","post","type-post","status-publish","format-standard","hentry","category-a_propos_de_la_df","tag-danseforum"],"yoast_head":"<!-- This site is optimized with the Yoast SEO plugin v27.5 - https:\/\/yoast.com\/product\/yoast-seo-wordpress\/ -->\n<title>Pr\u00e9sentation courte de la danse forum - Le TILT<\/title>\n<meta name=\"robots\" content=\"index, follow, max-snippet:-1, max-image-preview:large, max-video-preview:-1\" \/>\n<link rel=\"canonical\" href=\"https:\/\/www.leti.lt\/wordpress\/danseforum-presentationcourte\/\" \/>\n<meta property=\"og:locale\" content=\"fr_FR\" \/>\n<meta property=\"og:type\" content=\"article\" \/>\n<meta property=\"og:title\" content=\"Pr\u00e9sentation courte de la danse forum - Le TILT\" \/>\n<meta property=\"og:description\" content=\"La danse forum est n\u00e9e en 2005 \u00e0&nbsp;Lam\u00adbesc (13). Des ate\u00adliers coop\u00e9\u00adra\u00adtifs de recherche et d\u2019exp\u00e9rimentation sont ani\u00adm\u00e9s r\u00e9gu\u00adli\u00e8\u00adre\u00adment \u00e0&nbsp;For\u00adcal\u00adquier, Mar\u00adseille et Aix-en-Pro\u00advence. Elle par\u00adti\u00adcipe \u00e0&nbsp;des \u00e9v\u00e9\u00adne\u00adments artis\u00adtiques et cultu\u00adrels, et r\u00e9pond \u00e0&nbsp;des invi\u00adtions diverses (pro\u00adces\u00adsus col\u00adlec\u00adtifs, ren\u00adcontres, groupes de recherche etc.). Mettre la danse en forum, c\u2019est \u00ab&nbsp;pro\u00adbl\u00e9\u00adma\u00adti\u00adser&nbsp;\u00bb des th\u00e8mes artis\u00adtiques, sociaux, poli\u00adtiques ou rela\u00adtion\u00adnels \u00e0&nbsp;tra\u00advers un th\u00e8me choi\u00adsi. Pour cela, la DF sol\u00adli\u00adcite les sen\u00adsa\u00adtions, la r\u00e9flexion et l\u2019imagination cr\u00e9a\u00adtrice. Les allers-retours entre mou\u00adve\u00adment, impro\u00advi\u00adsa\u00adtion et parole \u00e9duquent [&hellip;]\" \/>\n<meta property=\"og:url\" content=\"https:\/\/www.leti.lt\/wordpress\/danseforum-presentationcourte\/\" \/>\n<meta property=\"og:site_name\" content=\"Le TILT\" \/>\n<meta property=\"article:published_time\" content=\"2020-02-16T14:30:33+00:00\" \/>\n<meta property=\"article:modified_time\" content=\"2020-06-10T06:00:52+00:00\" \/>\n<meta name=\"author\" content=\"Andr\u00e9ine Bel\" \/>\n<meta name=\"twitter:card\" content=\"summary_large_image\" \/>\n<meta name=\"twitter:label1\" content=\"\u00c9crit par\" \/>\n\t<meta name=\"twitter:data1\" content=\"Andr\u00e9ine Bel\" \/>\n\t<meta name=\"twitter:label2\" content=\"Dur\u00e9e de lecture estim\u00e9e\" \/>\n\t<meta name=\"twitter:data2\" content=\"1 minute\" \/>\n<script type=\"application\/ld+json\" class=\"yoast-schema-graph\">{\"@context\":\"https:\\\/\\\/schema.org\",\"@graph\":[{\"@type\":\"Article\",\"@id\":\"https:\\\/\\\/www.leti.lt\\\/wordpress\\\/danseforum-presentationcourte\\\/#article\",\"isPartOf\":{\"@id\":\"https:\\\/\\\/www.leti.lt\\\/wordpress\\\/danseforum-presentationcourte\\\/\"},\"author\":{\"name\":\"Andr\u00e9ine Bel\",\"@id\":\"https:\\\/\\\/www.leti.lt\\\/wordpress\\\/#\\\/schema\\\/person\\\/9bb307b2af8fbb575bb3603e57951f75\"},\"headline\":\"Pr\u00e9sentation courte de la danse&nbsp;forum\",\"datePublished\":\"2020-02-16T14:30:33+00:00\",\"dateModified\":\"2020-06-10T06:00:52+00:00\",\"mainEntityOfPage\":{\"@id\":\"https:\\\/\\\/www.leti.lt\\\/wordpress\\\/danseforum-presentationcourte\\\/\"},\"wordCount\":207,\"commentCount\":0,\"keywords\":[\"DanseForum\"],\"articleSection\":[\"\u00c0 propos de la DF\"],\"inLanguage\":\"fr-FR\",\"potentialAction\":[{\"@type\":\"CommentAction\",\"name\":\"Comment\",\"target\":[\"https:\\\/\\\/www.leti.lt\\\/wordpress\\\/danseforum-presentationcourte\\\/#respond\"]}]},{\"@type\":\"WebPage\",\"@id\":\"https:\\\/\\\/www.leti.lt\\\/wordpress\\\/danseforum-presentationcourte\\\/\",\"url\":\"https:\\\/\\\/www.leti.lt\\\/wordpress\\\/danseforum-presentationcourte\\\/\",\"name\":\"Pr\u00e9sentation courte de la danse forum - Le TILT\",\"isPartOf\":{\"@id\":\"https:\\\/\\\/www.leti.lt\\\/wordpress\\\/#website\"},\"datePublished\":\"2020-02-16T14:30:33+00:00\",\"dateModified\":\"2020-06-10T06:00:52+00:00\",\"author\":{\"@id\":\"https:\\\/\\\/www.leti.lt\\\/wordpress\\\/#\\\/schema\\\/person\\\/9bb307b2af8fbb575bb3603e57951f75\"},\"breadcrumb\":{\"@id\":\"https:\\\/\\\/www.leti.lt\\\/wordpress\\\/danseforum-presentationcourte\\\/#breadcrumb\"},\"inLanguage\":\"fr-FR\",\"potentialAction\":[{\"@type\":\"ReadAction\",\"target\":[\"https:\\\/\\\/www.leti.lt\\\/wordpress\\\/danseforum-presentationcourte\\\/\"]}]},{\"@type\":\"BreadcrumbList\",\"@id\":\"https:\\\/\\\/www.leti.lt\\\/wordpress\\\/danseforum-presentationcourte\\\/#breadcrumb\",\"itemListElement\":[{\"@type\":\"ListItem\",\"position\":1,\"name\":\"Accueil\",\"item\":\"https:\\\/\\\/www.leti.lt\\\/wordpress\\\/\"},{\"@type\":\"ListItem\",\"position\":2,\"name\":\"Pr\u00e9sentation courte de la danse&nbsp;forum\"}]},{\"@type\":\"WebSite\",\"@id\":\"https:\\\/\\\/www.leti.lt\\\/wordpress\\\/#website\",\"url\":\"https:\\\/\\\/www.leti.lt\\\/wordpress\\\/\",\"name\":\"Le TILT\",\"description\":\"Recherche, publication, cr\u00e9ation artistique\",\"potentialAction\":[{\"@type\":\"SearchAction\",\"target\":{\"@type\":\"EntryPoint\",\"urlTemplate\":\"https:\\\/\\\/www.leti.lt\\\/wordpress\\\/?s={search_term_string}\"},\"query-input\":{\"@type\":\"PropertyValueSpecification\",\"valueRequired\":true,\"valueName\":\"search_term_string\"}}],\"inLanguage\":\"fr-FR\"},{\"@type\":\"Person\",\"@id\":\"https:\\\/\\\/www.leti.lt\\\/wordpress\\\/#\\\/schema\\\/person\\\/9bb307b2af8fbb575bb3603e57951f75\",\"name\":\"Andr\u00e9ine Bel\",\"image\":{\"@type\":\"ImageObject\",\"inLanguage\":\"fr-FR\",\"@id\":\"https:\\\/\\\/secure.gravatar.com\\\/avatar\\\/4ab041ec7c7ad3b90293023e86528ec1a700ce2971ff61811b2df6b288dd1f38?s=96&d=identicon&r=g\",\"url\":\"https:\\\/\\\/secure.gravatar.com\\\/avatar\\\/4ab041ec7c7ad3b90293023e86528ec1a700ce2971ff61811b2df6b288dd1f38?s=96&d=identicon&r=g\",\"contentUrl\":\"https:\\\/\\\/secure.gravatar.com\\\/avatar\\\/4ab041ec7c7ad3b90293023e86528ec1a700ce2971ff61811b2df6b288dd1f38?s=96&d=identicon&r=g\",\"caption\":\"Andr\u00e9ine Bel\"},\"url\":\"https:\\\/\\\/www.leti.lt\\\/wordpress\\\/author\\\/andreine\\\/\"}]}<\/script>\n<!-- \/ Yoast SEO plugin. -->","yoast_head_json":{"title":"Pr\u00e9sentation courte de la danse forum - Le TILT","robots":{"index":"index","follow":"follow","max-snippet":"max-snippet:-1","max-image-preview":"max-image-preview:large","max-video-preview":"max-video-preview:-1"},"canonical":"https:\/\/www.leti.lt\/wordpress\/danseforum-presentationcourte\/","og_locale":"fr_FR","og_type":"article","og_title":"Pr\u00e9sentation courte de la danse forum - Le TILT","og_description":"La danse forum est n\u00e9e en 2005 \u00e0&nbsp;Lam\u00adbesc (13). Des ate\u00adliers coop\u00e9\u00adra\u00adtifs de recherche et d\u2019exp\u00e9rimentation sont ani\u00adm\u00e9s r\u00e9gu\u00adli\u00e8\u00adre\u00adment \u00e0&nbsp;For\u00adcal\u00adquier, Mar\u00adseille et Aix-en-Pro\u00advence. Elle par\u00adti\u00adcipe \u00e0&nbsp;des \u00e9v\u00e9\u00adne\u00adments artis\u00adtiques et cultu\u00adrels, et r\u00e9pond \u00e0&nbsp;des invi\u00adtions diverses (pro\u00adces\u00adsus col\u00adlec\u00adtifs, ren\u00adcontres, groupes de recherche etc.). Mettre la danse en forum, c\u2019est \u00ab&nbsp;pro\u00adbl\u00e9\u00adma\u00adti\u00adser&nbsp;\u00bb des th\u00e8mes artis\u00adtiques, sociaux, poli\u00adtiques ou rela\u00adtion\u00adnels \u00e0&nbsp;tra\u00advers un th\u00e8me choi\u00adsi. Pour cela, la DF sol\u00adli\u00adcite les sen\u00adsa\u00adtions, la r\u00e9flexion et l\u2019imagination cr\u00e9a\u00adtrice. Les allers-retours entre mou\u00adve\u00adment, impro\u00advi\u00adsa\u00adtion et parole \u00e9duquent [&hellip;]","og_url":"https:\/\/www.leti.lt\/wordpress\/danseforum-presentationcourte\/","og_site_name":"Le TILT","article_published_time":"2020-02-16T14:30:33+00:00","article_modified_time":"2020-06-10T06:00:52+00:00","author":"Andr\u00e9ine Bel","twitter_card":"summary_large_image","twitter_misc":{"\u00c9crit par":"Andr\u00e9ine Bel","Dur\u00e9e de lecture estim\u00e9e":"1 minute"},"schema":{"@context":"https:\/\/schema.org","@graph":[{"@type":"Article","@id":"https:\/\/www.leti.lt\/wordpress\/danseforum-presentationcourte\/#article","isPartOf":{"@id":"https:\/\/www.leti.lt\/wordpress\/danseforum-presentationcourte\/"},"author":{"name":"Andr\u00e9ine Bel","@id":"https:\/\/www.leti.lt\/wordpress\/#\/schema\/person\/9bb307b2af8fbb575bb3603e57951f75"},"headline":"Pr\u00e9sentation courte de la danse&nbsp;forum","datePublished":"2020-02-16T14:30:33+00:00","dateModified":"2020-06-10T06:00:52+00:00","mainEntityOfPage":{"@id":"https:\/\/www.leti.lt\/wordpress\/danseforum-presentationcourte\/"},"wordCount":207,"commentCount":0,"keywords":["DanseForum"],"articleSection":["\u00c0 propos de la DF"],"inLanguage":"fr-FR","potentialAction":[{"@type":"CommentAction","name":"Comment","target":["https:\/\/www.leti.lt\/wordpress\/danseforum-presentationcourte\/#respond"]}]},{"@type":"WebPage","@id":"https:\/\/www.leti.lt\/wordpress\/danseforum-presentationcourte\/","url":"https:\/\/www.leti.lt\/wordpress\/danseforum-presentationcourte\/","name":"Pr\u00e9sentation courte de la danse forum - Le TILT","isPartOf":{"@id":"https:\/\/www.leti.lt\/wordpress\/#website"},"datePublished":"2020-02-16T14:30:33+00:00","dateModified":"2020-06-10T06:00:52+00:00","author":{"@id":"https:\/\/www.leti.lt\/wordpress\/#\/schema\/person\/9bb307b2af8fbb575bb3603e57951f75"},"breadcrumb":{"@id":"https:\/\/www.leti.lt\/wordpress\/danseforum-presentationcourte\/#breadcrumb"},"inLanguage":"fr-FR","potentialAction":[{"@type":"ReadAction","target":["https:\/\/www.leti.lt\/wordpress\/danseforum-presentationcourte\/"]}]},{"@type":"BreadcrumbList","@id":"https:\/\/www.leti.lt\/wordpress\/danseforum-presentationcourte\/#breadcrumb","itemListElement":[{"@type":"ListItem","position":1,"name":"Accueil","item":"https:\/\/www.leti.lt\/wordpress\/"},{"@type":"ListItem","position":2,"name":"Pr\u00e9sentation courte de la danse&nbsp;forum"}]},{"@type":"WebSite","@id":"https:\/\/www.leti.lt\/wordpress\/#website","url":"https:\/\/www.leti.lt\/wordpress\/","name":"Le TILT","description":"Recherche, publication, cr\u00e9ation artistique","potentialAction":[{"@type":"SearchAction","target":{"@type":"EntryPoint","urlTemplate":"https:\/\/www.leti.lt\/wordpress\/?s={search_term_string}"},"query-input":{"@type":"PropertyValueSpecification","valueRequired":true,"valueName":"search_term_string"}}],"inLanguage":"fr-FR"},{"@type":"Person","@id":"https:\/\/www.leti.lt\/wordpress\/#\/schema\/person\/9bb307b2af8fbb575bb3603e57951f75","name":"Andr\u00e9ine Bel","image":{"@type":"ImageObject","inLanguage":"fr-FR","@id":"https:\/\/secure.gravatar.com\/avatar\/4ab041ec7c7ad3b90293023e86528ec1a700ce2971ff61811b2df6b288dd1f38?s=96&d=identicon&r=g","url":"https:\/\/secure.gravatar.com\/avatar\/4ab041ec7c7ad3b90293023e86528ec1a700ce2971ff61811b2df6b288dd1f38?s=96&d=identicon&r=g","contentUrl":"https:\/\/secure.gravatar.com\/avatar\/4ab041ec7c7ad3b90293023e86528ec1a700ce2971ff61811b2df6b288dd1f38?s=96&d=identicon&r=g","caption":"Andr\u00e9ine Bel"},"url":"https:\/\/www.leti.lt\/wordpress\/author\/andreine\/"}]}},"_links":{"self":[{"href":"https:\/\/www.leti.lt\/wordpress\/wp-json\/wp\/v2\/posts\/202","targetHints":{"allow":["GET"]}}],"collection":[{"href":"https:\/\/www.leti.lt\/wordpress\/wp-json\/wp\/v2\/posts"}],"about":[{"href":"https:\/\/www.leti.lt\/wordpress\/wp-json\/wp\/v2\/types\/post"}],"author":[{"embeddable":true,"href":"https:\/\/www.leti.lt\/wordpress\/wp-json\/wp\/v2\/users\/2"}],"replies":[{"embeddable":true,"href":"https:\/\/www.leti.lt\/wordpress\/wp-json\/wp\/v2\/comments?post=202"}],"version-history":[{"count":2,"href":"https:\/\/www.leti.lt\/wordpress\/wp-json\/wp\/v2\/posts\/202\/revisions"}],"predecessor-version":[{"id":587,"href":"https:\/\/www.leti.lt\/wordpress\/wp-json\/wp\/v2\/posts\/202\/revisions\/587"}],"wp:attachment":[{"href":"https:\/\/www.leti.lt\/wordpress\/wp-json\/wp\/v2\/media?parent=202"}],"wp:term":[{"taxonomy":"category","embeddable":true,"href":"https:\/\/www.leti.lt\/wordpress\/wp-json\/wp\/v2\/categories?post=202"},{"taxonomy":"post_tag","embeddable":true,"href":"https:\/\/www.leti.lt\/wordpress\/wp-json\/wp\/v2\/tags?post=202"}],"curies":[{"name":"wp","href":"https:\/\/api.w.org\/{rel}","templated":true}]}}