{"id":199,"date":"2020-02-16T15:30:33","date_gmt":"2020-02-16T14:30:33","guid":{"rendered":"https:\/\/www.leti.lt\/wordpress\/?p=199"},"modified":"-0001-11-30T00:00:00","modified_gmt":"-0001-11-29T22:00:00","slug":"danseforum-portesouvertes","status":"publish","type":"post","link":"https:\/\/www.leti.lt\/wordpress\/danseforum-portesouvertes\/","title":{"rendered":"Portes ouvertes"},"content":{"rendered":"<p><a href=\"https:\/\/www.leti.lt\/wordpress\/danseforum-danseforum\/\">Danse forum<\/a><br>\u2192 <a href=\"https:\/\/www.leti.lt\/wordpress\/danseforum-comptesrendusateliers\/\">Comptes-ren\u00addus des ate\u00adliers<\/a><br>\u2192 <a href=\"https:\/\/www.leti.lt\/wordpress\/danseforum-lambesc\/\">Lam\u00adbesc<\/a><br><br>!!Portes ouvertes \u2013 24 novembre 2007<br><br>Nous \u00e9tions sept dan\u00adseurs et quatre spec\u00adta\u00addan\u00adseurs, dont trois nou\u00adveaux.<br><br>R\u00e9pondre au besoin prin\u00adci\u00adpal expri\u00adm\u00e9 par la sen\u00adsa\u00adtion n\u2019est pas facile&nbsp;: cette pul\u00adsa\u00adtion acc\u00e9\u00adl\u00e9\u00adr\u00e9e, agi\u00adt\u00e9e, appelle-t-elle des mou\u00adve\u00adments amples pour se poser&nbsp;? Cette autre pul\u00adsa\u00adtion au plexus demande-t-elle des tor\u00adsions&nbsp;? Une crampe peut r\u00e9sur\u00adgir, et ain\u00adsi d\u00e9les\u00adter la t\u00eate de ses ten\u00adsions, \u00e7a fait mal sur le moment, mais apr\u00e8s, c\u2019est tel\u00adle\u00adment bon\u2026<br><br>Com\u00adment un th\u00e8me \u00e9merge et pr\u00e9\u00addo\u00admine est tou\u00adjours une incon\u00adnue, car les sen\u00adsa\u00adtions d\u2019origine sont tr\u00e8s dis\u00adpa\u00adrates entre les par\u00adti\u00adci\u00adpants&nbsp;: pul\u00adsa\u00adtions au plexus, pul\u00adsa\u00adtions acc\u00e9\u00adl\u00e9\u00adr\u00e9es, manque, agi\u00adta\u00adtion, errance, balan\u00adce\u00adment, \u00e9ti\u00adre\u00adment en tor\u00adsion (liste \u00e0&nbsp;cor\u00adri\u00adger, je n\u2019ai pas enten\u00addu tous les mots).<br><br>Mais quel que soit le th\u00e8me qui est rete\u00adnu comme le plus f\u00e9d\u00e9\u00adra\u00adteur, cha\u00adcun peut le faire sien, s\u2019y rac\u00adcor\u00adder avec sa propre vision, son propre v\u00e9cu et sen\u00adsa\u00adtions.<br><br>Entre le th\u00e8me plus concret du balan\u00adce\u00adment que nous avions choi\u00adsi, et celui plus abs\u00adtrait de l\u2019errance que nous avions lais\u00ads\u00e9 de c\u00f4t\u00e9, c\u2019est ce der\u00adnier qu\u2019a per\u00ad\u00e7u le public, peu \u00e0&nbsp;peu mais de fa\u00e7on assez nette. Peut-\u00eatre, si nous avions pris le th\u00e8me de l\u2019errance, le public aurait vu le balan\u00adce\u00adment&nbsp;: ce qui me fait dire cela, c\u2019est que notre sou\u00adci de ne pas illus\u00adtrer le th\u00e8me nous fait aller \u00e0&nbsp;volon\u00adt\u00e9 de l\u2019abstrait au concret ou inver\u00adse\u00adment, et que nous sommes \u00e0&nbsp;pr\u00e9\u00adsent cou\u00adtu\u00admiers de cet exer\u00adcice.<br><br>La pro\u00adbl\u00e9\u00adma\u00adtique est venue peu \u00e0&nbsp;peu&nbsp;: com\u00adment jouir de la liber\u00adt\u00e9 qu\u2019offre l\u2019errance, sans se perdre&nbsp;?<br><br>Nous avons cher\u00adch\u00e9 du c\u00f4t\u00e9 de l\u2019espace et du temps. Plu\u00adsieurs fois, les corps se sont orga\u00adni\u00ads\u00e9s les uns par rap\u00adport aux autres, sans que rien ne soit pr\u00e9\u00advu \u00e0&nbsp;l\u2019avance, don\u00adnant une impres\u00adsion remar\u00adquable de flui\u00addi\u00adt\u00e9, de sys\u00adt\u00e8mes de levier ou de balance. D\u2019autres fois, les mou\u00adve\u00adments caho\u00adtiques ont domi\u00adn\u00e9, avec des mises en situa\u00adtion qui s\u2019interrompaient, des attentes non com\u00adbl\u00e9es, et cela aus\u00adsi avait sa valeur.<br><br>Les spec\u00adta\u00addan\u00adseurs \u00e9tant peu nom\u00adbreux, leur r\u00f4le \u00e9tait donc ardu, pour dire ce qu\u2019ils avaient vu, et ce que cela leur avait fait. Il fau\u00addra que le joker soit moins rigo\u00adriste (moi en l\u2019occurrence, ce soir-l\u00e0), pour que les pauvres spec\u00adta\u00adteurs ne se sentent pas comme devant un inter\u00adro\u00adga\u00adtoire\u2026 Mais, les pre\u00admi\u00e8res appr\u00e9\u00adhen\u00adsions pas\u00ads\u00e9es, l\u2019\u00e9nergie a&nbsp;pu se d\u00e9ployer, et nous avons encha\u00ee\u00adn\u00e9 les s\u00e9quences assez vite. Ber\u00adnard m\u2019a sug\u00adg\u00e9\u00adr\u00e9 une id\u00e9e par rap\u00adport \u00e0&nbsp;l\u2019interaction avec le public, mais je pr\u00e9\u00adf\u00e8re que nous en par\u00adlions de vive voix, en l\u2019exp\u00e9rimentant.<br><br>Voir la video de ce que nous venons de dan\u00adser est tou\u00adjours un moment pri\u00advi\u00adl\u00e9\u00adgi\u00e9. \u00ab&nbsp;Cela enseigne et r\u00e9con\u00adci\u00adlie&nbsp;\u00bb, m\u2019a dit une spec\u00adta\u00addan\u00adseuse. Je me rends compte com\u00adbien ce moment est impor\u00adtant, et encore plus ce petit temps que nous pre\u00adnons tou\u00adjours, juste avant de se s\u00e9pa\u00adrer. C\u2019est l\u00e0 que nous sommes gra\u00adti\u00adfi\u00e9s du tra\u00advail accom\u00adpli, cette recherche qui se cherche par\u00adfois. C\u2019est \u00e0&nbsp;ce moment que nous com\u00adpl\u00e9\u00adtons le tableau \u00e9la\u00adbo\u00adr\u00e9 pen\u00addant l\u2019atelier, par ce coup de pin\u00adceau qui per\u00admet de finir assez l\u2019\u0153uvre pour pou\u00advoir la lais\u00adser, mais avec cette incom\u00adpl\u00e9\u00adtude qui va \u00e9ta\u00adblir le lien avec le pro\u00adchain ate\u00adlier. Ain\u00adsi, chaque ate\u00adlier est \u00e0&nbsp;la fois unique et reli\u00e9 aux autres, comme autant de r\u00e9sur\u00adgences.<br><br>Andr\u00e9ine Bel,<br><br>d\u2019apr\u00e8s les retours de&nbsp;: Alexandre D, Aman\u00adda L, Andr\u00e9ine B, Denise M, Guillaume T, Johan\u00adna B, Laurent B, Leo\u00adnar\u00addo C, Marie-Aude F, Nadine B,&nbsp;X.<\/p><p style=\"color:green; text-align:right !important;\">Article cr\u00e9\u00e9 le 16\/02\/2020<\/p>","protected":false},"excerpt":{"rendered":"<p>Danse forum\u2192 Comptes-ren\u00ad\u00addus des ate\u00adliers\u2192 Lam\u00adbesc !!Portes ouvertes \u2013 24 novembre 2007 Nous \u00e9tions sept dan\u00adseurs et quatre spec\u00adta\u00addan\u00adseurs, dont trois nou\u00adveaux. R\u00e9pondre au besoin prin\u00adci\u00adpal expri\u00adm\u00e9 par la sen\u00adsa\u00adtion n\u2019est pas facile&nbsp;: cette pul\u00adsa\u00adtion acc\u00e9\u00adl\u00e9\u00adr\u00e9e, agi\u00adt\u00e9e, appelle-t-elle des mou\u00adve\u00adments amples pour se poser&nbsp;? Cette autre pul\u00adsa\u00adtion au plexus demande-t-elle des tor\u00adsions&nbsp;? Une crampe peut r\u00e9sur\u00adgir, et ain\u00adsi d\u00e9les\u00adter la t\u00eate de ses ten\u00adsions, \u00e7a fait mal sur le moment, mais apr\u00e8s, c\u2019est tel\u00adle\u00adment&nbsp;bon\u2026 Com\u00adment un th\u00e8me \u00e9merge et pr\u00e9domine&nbsp;[\u2026]<\/p>\n","protected":false},"author":2,"featured_media":0,"comment_status":"open","ping_status":"open","sticky":false,"template":"","format":"standard","meta":{"wp_typography_post_enhancements_disabled":false,"footnotes":""},"categories":[184],"tags":[208],"class_list":["post-199","post","type-post","status-publish","format-standard","hentry","category-ateliers_lambesc","tag-df_lambesc"],"yoast_head":"<!-- This site is optimized with the Yoast SEO plugin v27.5 - https:\/\/yoast.com\/product\/yoast-seo-wordpress\/ -->\n<title>Portes ouvertes - Le TILT<\/title>\n<meta name=\"robots\" content=\"index, follow, max-snippet:-1, max-image-preview:large, max-video-preview:-1\" \/>\n<link rel=\"canonical\" href=\"https:\/\/www.leti.lt\/wordpress\/danseforum-portesouvertes\/\" \/>\n<meta property=\"og:locale\" content=\"fr_FR\" \/>\n<meta property=\"og:type\" content=\"article\" \/>\n<meta property=\"og:title\" content=\"Portes ouvertes - Le TILT\" \/>\n<meta property=\"og:description\" content=\"Danse forum\u2192 Comptes-ren\u00addus des ate\u00adliers\u2192 Lam\u00adbesc !!Portes ouvertes \u2013 24 novembre 2007 Nous \u00e9tions sept dan\u00adseurs et quatre spec\u00adta\u00addan\u00adseurs, dont trois nouveaux. R\u00e9pondre au besoin prin\u00adci\u00adpal expri\u00adm\u00e9 par la sen\u00adsa\u00adtion n\u2019est pas facile&nbsp;: cette pul\u00adsa\u00adtion acc\u00e9\u00adl\u00e9\u00adr\u00e9e, agi\u00adt\u00e9e, appelle-t-elle des mou\u00adve\u00adments amples pour se poser&nbsp;? Cette autre pul\u00adsa\u00adtion au plexus demande-t-elle des tor\u00adsions&nbsp;? Une crampe peut r\u00e9sur\u00adgir, et ain\u00adsi d\u00e9les\u00adter la t\u00eate de ses ten\u00adsions, \u00e7a fait mal sur le moment, mais apr\u00e8s, c\u2019est tel\u00adle\u00adment&nbsp;bon\u2026 Com\u00adment un th\u00e8me \u00e9merge et pr\u00e9\u00addo\u00admine [&hellip;]\" \/>\n<meta property=\"og:url\" content=\"https:\/\/www.leti.lt\/wordpress\/danseforum-portesouvertes\/\" \/>\n<meta property=\"og:site_name\" content=\"Le TILT\" \/>\n<meta property=\"article:published_time\" content=\"2020-02-16T14:30:33+00:00\" \/>\n<meta name=\"author\" content=\"Andr\u00e9ine Bel\" \/>\n<meta name=\"twitter:card\" content=\"summary_large_image\" \/>\n<meta name=\"twitter:label1\" content=\"\u00c9crit par\" \/>\n\t<meta name=\"twitter:data1\" content=\"Andr\u00e9ine Bel\" \/>\n\t<meta name=\"twitter:label2\" content=\"Dur\u00e9e de lecture estim\u00e9e\" \/>\n\t<meta name=\"twitter:data2\" content=\"3 minutes\" \/>\n<script type=\"application\/ld+json\" class=\"yoast-schema-graph\">{\"@context\":\"https:\\\/\\\/schema.org\",\"@graph\":[{\"@type\":\"Article\",\"@id\":\"https:\\\/\\\/www.leti.lt\\\/wordpress\\\/danseforum-portesouvertes\\\/#article\",\"isPartOf\":{\"@id\":\"https:\\\/\\\/www.leti.lt\\\/wordpress\\\/danseforum-portesouvertes\\\/\"},\"author\":{\"name\":\"Andr\u00e9ine Bel\",\"@id\":\"https:\\\/\\\/www.leti.lt\\\/wordpress\\\/#\\\/schema\\\/person\\\/9bb307b2af8fbb575bb3603e57951f75\"},\"headline\":\"Portes ouvertes\",\"datePublished\":\"2020-02-16T14:30:33+00:00\",\"mainEntityOfPage\":{\"@id\":\"https:\\\/\\\/www.leti.lt\\\/wordpress\\\/danseforum-portesouvertes\\\/\"},\"wordCount\":632,\"commentCount\":0,\"keywords\":[\"DF_Lambesc\"],\"articleSection\":[\"Ateliers Lambesc\"],\"inLanguage\":\"fr-FR\",\"potentialAction\":[{\"@type\":\"CommentAction\",\"name\":\"Comment\",\"target\":[\"https:\\\/\\\/www.leti.lt\\\/wordpress\\\/danseforum-portesouvertes\\\/#respond\"]}]},{\"@type\":\"WebPage\",\"@id\":\"https:\\\/\\\/www.leti.lt\\\/wordpress\\\/danseforum-portesouvertes\\\/\",\"url\":\"https:\\\/\\\/www.leti.lt\\\/wordpress\\\/danseforum-portesouvertes\\\/\",\"name\":\"Portes ouvertes - Le TILT\",\"isPartOf\":{\"@id\":\"https:\\\/\\\/www.leti.lt\\\/wordpress\\\/#website\"},\"datePublished\":\"2020-02-16T14:30:33+00:00\",\"author\":{\"@id\":\"https:\\\/\\\/www.leti.lt\\\/wordpress\\\/#\\\/schema\\\/person\\\/9bb307b2af8fbb575bb3603e57951f75\"},\"breadcrumb\":{\"@id\":\"https:\\\/\\\/www.leti.lt\\\/wordpress\\\/danseforum-portesouvertes\\\/#breadcrumb\"},\"inLanguage\":\"fr-FR\",\"potentialAction\":[{\"@type\":\"ReadAction\",\"target\":[\"https:\\\/\\\/www.leti.lt\\\/wordpress\\\/danseforum-portesouvertes\\\/\"]}]},{\"@type\":\"BreadcrumbList\",\"@id\":\"https:\\\/\\\/www.leti.lt\\\/wordpress\\\/danseforum-portesouvertes\\\/#breadcrumb\",\"itemListElement\":[{\"@type\":\"ListItem\",\"position\":1,\"name\":\"Accueil\",\"item\":\"https:\\\/\\\/www.leti.lt\\\/wordpress\\\/\"},{\"@type\":\"ListItem\",\"position\":2,\"name\":\"Portes ouvertes\"}]},{\"@type\":\"WebSite\",\"@id\":\"https:\\\/\\\/www.leti.lt\\\/wordpress\\\/#website\",\"url\":\"https:\\\/\\\/www.leti.lt\\\/wordpress\\\/\",\"name\":\"Le TILT\",\"description\":\"Recherche, publication, cr\u00e9ation artistique\",\"potentialAction\":[{\"@type\":\"SearchAction\",\"target\":{\"@type\":\"EntryPoint\",\"urlTemplate\":\"https:\\\/\\\/www.leti.lt\\\/wordpress\\\/?s={search_term_string}\"},\"query-input\":{\"@type\":\"PropertyValueSpecification\",\"valueRequired\":true,\"valueName\":\"search_term_string\"}}],\"inLanguage\":\"fr-FR\"},{\"@type\":\"Person\",\"@id\":\"https:\\\/\\\/www.leti.lt\\\/wordpress\\\/#\\\/schema\\\/person\\\/9bb307b2af8fbb575bb3603e57951f75\",\"name\":\"Andr\u00e9ine Bel\",\"image\":{\"@type\":\"ImageObject\",\"inLanguage\":\"fr-FR\",\"@id\":\"https:\\\/\\\/secure.gravatar.com\\\/avatar\\\/4ab041ec7c7ad3b90293023e86528ec1a700ce2971ff61811b2df6b288dd1f38?s=96&d=identicon&r=g\",\"url\":\"https:\\\/\\\/secure.gravatar.com\\\/avatar\\\/4ab041ec7c7ad3b90293023e86528ec1a700ce2971ff61811b2df6b288dd1f38?s=96&d=identicon&r=g\",\"contentUrl\":\"https:\\\/\\\/secure.gravatar.com\\\/avatar\\\/4ab041ec7c7ad3b90293023e86528ec1a700ce2971ff61811b2df6b288dd1f38?s=96&d=identicon&r=g\",\"caption\":\"Andr\u00e9ine Bel\"},\"url\":\"https:\\\/\\\/www.leti.lt\\\/wordpress\\\/author\\\/andreine\\\/\"}]}<\/script>\n<!-- \/ Yoast SEO plugin. -->","yoast_head_json":{"title":"Portes ouvertes - Le TILT","robots":{"index":"index","follow":"follow","max-snippet":"max-snippet:-1","max-image-preview":"max-image-preview:large","max-video-preview":"max-video-preview:-1"},"canonical":"https:\/\/www.leti.lt\/wordpress\/danseforum-portesouvertes\/","og_locale":"fr_FR","og_type":"article","og_title":"Portes ouvertes - Le TILT","og_description":"Danse forum\u2192 Comptes-ren\u00addus des ate\u00adliers\u2192 Lam\u00adbesc !!Portes ouvertes \u2013 24 novembre 2007 Nous \u00e9tions sept dan\u00adseurs et quatre spec\u00adta\u00addan\u00adseurs, dont trois nouveaux. R\u00e9pondre au besoin prin\u00adci\u00adpal expri\u00adm\u00e9 par la sen\u00adsa\u00adtion n\u2019est pas facile&nbsp;: cette pul\u00adsa\u00adtion acc\u00e9\u00adl\u00e9\u00adr\u00e9e, agi\u00adt\u00e9e, appelle-t-elle des mou\u00adve\u00adments amples pour se poser&nbsp;? Cette autre pul\u00adsa\u00adtion au plexus demande-t-elle des tor\u00adsions&nbsp;? Une crampe peut r\u00e9sur\u00adgir, et ain\u00adsi d\u00e9les\u00adter la t\u00eate de ses ten\u00adsions, \u00e7a fait mal sur le moment, mais apr\u00e8s, c\u2019est tel\u00adle\u00adment&nbsp;bon\u2026 Com\u00adment un th\u00e8me \u00e9merge et pr\u00e9\u00addo\u00admine [&hellip;]","og_url":"https:\/\/www.leti.lt\/wordpress\/danseforum-portesouvertes\/","og_site_name":"Le TILT","article_published_time":"2020-02-16T14:30:33+00:00","author":"Andr\u00e9ine Bel","twitter_card":"summary_large_image","twitter_misc":{"\u00c9crit par":"Andr\u00e9ine Bel","Dur\u00e9e de lecture estim\u00e9e":"3 minutes"},"schema":{"@context":"https:\/\/schema.org","@graph":[{"@type":"Article","@id":"https:\/\/www.leti.lt\/wordpress\/danseforum-portesouvertes\/#article","isPartOf":{"@id":"https:\/\/www.leti.lt\/wordpress\/danseforum-portesouvertes\/"},"author":{"name":"Andr\u00e9ine Bel","@id":"https:\/\/www.leti.lt\/wordpress\/#\/schema\/person\/9bb307b2af8fbb575bb3603e57951f75"},"headline":"Portes ouvertes","datePublished":"2020-02-16T14:30:33+00:00","mainEntityOfPage":{"@id":"https:\/\/www.leti.lt\/wordpress\/danseforum-portesouvertes\/"},"wordCount":632,"commentCount":0,"keywords":["DF_Lambesc"],"articleSection":["Ateliers Lambesc"],"inLanguage":"fr-FR","potentialAction":[{"@type":"CommentAction","name":"Comment","target":["https:\/\/www.leti.lt\/wordpress\/danseforum-portesouvertes\/#respond"]}]},{"@type":"WebPage","@id":"https:\/\/www.leti.lt\/wordpress\/danseforum-portesouvertes\/","url":"https:\/\/www.leti.lt\/wordpress\/danseforum-portesouvertes\/","name":"Portes ouvertes - Le TILT","isPartOf":{"@id":"https:\/\/www.leti.lt\/wordpress\/#website"},"datePublished":"2020-02-16T14:30:33+00:00","author":{"@id":"https:\/\/www.leti.lt\/wordpress\/#\/schema\/person\/9bb307b2af8fbb575bb3603e57951f75"},"breadcrumb":{"@id":"https:\/\/www.leti.lt\/wordpress\/danseforum-portesouvertes\/#breadcrumb"},"inLanguage":"fr-FR","potentialAction":[{"@type":"ReadAction","target":["https:\/\/www.leti.lt\/wordpress\/danseforum-portesouvertes\/"]}]},{"@type":"BreadcrumbList","@id":"https:\/\/www.leti.lt\/wordpress\/danseforum-portesouvertes\/#breadcrumb","itemListElement":[{"@type":"ListItem","position":1,"name":"Accueil","item":"https:\/\/www.leti.lt\/wordpress\/"},{"@type":"ListItem","position":2,"name":"Portes ouvertes"}]},{"@type":"WebSite","@id":"https:\/\/www.leti.lt\/wordpress\/#website","url":"https:\/\/www.leti.lt\/wordpress\/","name":"Le TILT","description":"Recherche, publication, cr\u00e9ation artistique","potentialAction":[{"@type":"SearchAction","target":{"@type":"EntryPoint","urlTemplate":"https:\/\/www.leti.lt\/wordpress\/?s={search_term_string}"},"query-input":{"@type":"PropertyValueSpecification","valueRequired":true,"valueName":"search_term_string"}}],"inLanguage":"fr-FR"},{"@type":"Person","@id":"https:\/\/www.leti.lt\/wordpress\/#\/schema\/person\/9bb307b2af8fbb575bb3603e57951f75","name":"Andr\u00e9ine Bel","image":{"@type":"ImageObject","inLanguage":"fr-FR","@id":"https:\/\/secure.gravatar.com\/avatar\/4ab041ec7c7ad3b90293023e86528ec1a700ce2971ff61811b2df6b288dd1f38?s=96&d=identicon&r=g","url":"https:\/\/secure.gravatar.com\/avatar\/4ab041ec7c7ad3b90293023e86528ec1a700ce2971ff61811b2df6b288dd1f38?s=96&d=identicon&r=g","contentUrl":"https:\/\/secure.gravatar.com\/avatar\/4ab041ec7c7ad3b90293023e86528ec1a700ce2971ff61811b2df6b288dd1f38?s=96&d=identicon&r=g","caption":"Andr\u00e9ine Bel"},"url":"https:\/\/www.leti.lt\/wordpress\/author\/andreine\/"}]}},"_links":{"self":[{"href":"https:\/\/www.leti.lt\/wordpress\/wp-json\/wp\/v2\/posts\/199","targetHints":{"allow":["GET"]}}],"collection":[{"href":"https:\/\/www.leti.lt\/wordpress\/wp-json\/wp\/v2\/posts"}],"about":[{"href":"https:\/\/www.leti.lt\/wordpress\/wp-json\/wp\/v2\/types\/post"}],"author":[{"embeddable":true,"href":"https:\/\/www.leti.lt\/wordpress\/wp-json\/wp\/v2\/users\/2"}],"replies":[{"embeddable":true,"href":"https:\/\/www.leti.lt\/wordpress\/wp-json\/wp\/v2\/comments?post=199"}],"version-history":[{"count":0,"href":"https:\/\/www.leti.lt\/wordpress\/wp-json\/wp\/v2\/posts\/199\/revisions"}],"wp:attachment":[{"href":"https:\/\/www.leti.lt\/wordpress\/wp-json\/wp\/v2\/media?parent=199"}],"wp:term":[{"taxonomy":"category","embeddable":true,"href":"https:\/\/www.leti.lt\/wordpress\/wp-json\/wp\/v2\/categories?post=199"},{"taxonomy":"post_tag","embeddable":true,"href":"https:\/\/www.leti.lt\/wordpress\/wp-json\/wp\/v2\/tags?post=199"}],"curies":[{"name":"wp","href":"https:\/\/api.w.org\/{rel}","templated":true}]}}