{"id":197,"date":"2020-02-16T15:30:33","date_gmt":"2020-02-16T14:30:33","guid":{"rendered":"https:\/\/www.leti.lt\/wordpress\/?p=197"},"modified":"-0001-11-30T00:00:00","modified_gmt":"-0001-11-29T22:00:00","slug":"danseforum-pliegoagora","status":"publish","type":"post","link":"https:\/\/www.leti.lt\/wordpress\/danseforum-pliegoagora\/","title":{"rendered":"Pli, ego,&nbsp;agora"},"content":{"rendered":"<p><a href=\"https:\/\/www.leti.lt\/wordpress\/danseforum-danseforum\/\">Danse forum<\/a><br>\u2192 <a href=\"https:\/\/www.leti.lt\/wordpress\/danseforum-comptesrendusateliers\/\">Comptes-ren\u00addus des ate\u00adliers<\/a><br>\u2192 <a href=\"https:\/\/www.leti.lt\/wordpress\/danseforum-lambesc\/\">Lam\u00adbesc<\/a><br><br>!!Le pli, l\u2019ego et l\u2019agora \u2013 14 mars 2009<br><br><br><br>Danse forum avec les pro\u00adto\u00adcoles m\u00e9ta autour du th\u00e8me de l\u2019agora et de l\u2019ego<br><br>Nous \u00e9tions seize, comme les qua\u00adrante voleurs<br><br>de savoirs<br><br>\u00e0 l\u2019ignorance si riche<br><br>en tr\u00e9\u00adsors<br><br>\u00e0 la nuit si pro\u00adfonde<br><br>\u00e0 la pen\u00ads\u00e9e si l\u00e9g\u00e8re<br><br>le th\u00e8me du pli a&nbsp;\u00e9mer\u00adg\u00e9<br><br>comme la cr\u00e8me du lait barat\u00adt\u00e9<br><br>par la mise en contact avec les sen\u00adsa\u00adtions<br><br>pliages et d\u00e9pliages<br><br>o\u00f9 les ego en ont vu de toutes les cou\u00adleurs<br><br>en ont fait pic \u00e0&nbsp;pendre<br><br>pour que cette ago\u00adra se laisse un peu faire<br><br>pour plier la pro\u00adbl\u00e9\u00adma\u00adti\u00adsa\u00adtion en mille<br><br>Voleurs novices ou exp\u00e9\u00adri\u00admen\u00adt\u00e9s<br><br>grandes bouches ou petits corps<br><br>par\u00adfois invi\u00adsibles par\u00adfois algueux ou m\u00eame stel\u00adlaires<br><br>avec pour\u00adtant un brin de terre<br><br>accro\u00adch\u00e9 aux basques<br><br>un coup de pin\u00adceau<br><br>deve\u00adnu fleur au c\u0153ur humide<br><br>Si, c\u2019est pos\u00adsible<br><br>des coups de feutre pour dis\u00adper\u00adser<br><br>quelques po\u00e8mes le long d\u2019un \u00e9las\u00adtique<br><br>du papier \u00e9par\u00adpill\u00e9 en mille mor\u00adceaux<br><br>le reste pli\u00e9 en dix et coin\u00adc\u00e9 dans les plis<br><br>danse folle comme une beau\u00adt\u00e9<br><br>une plume de paon fri\u00advole et une conche des pro\u00adfon\u00addeurs<br><br>des \u00e9charpes lan\u00adguis\u00adsantes<br><br>cette pomme qui roule<br><br>l\u2019\u0153il de la cam\u00e9\u00adra n\u2019a rien lou\u00adp\u00e9, ni un ni une<br><br>la musique les a&nbsp;malax\u00e9s \u00e0&nbsp;sou\u00adhait<br><br>Le tout sur trois espaces&nbsp;: la sc\u00e8ne de l\u2019action<br><br>l\u2019antichambre de la cogi\u00adta\u00adtion<br><br>et l\u2019entre-deux, mem\u00adbrane cel\u00adlu\u00adlaire rouge<br><br>lieu de tous les pos\u00adsibles, de tous les pas\u00adsages<br><br>cha\u00adcun avait sa place, son tour<br><br>sa trou\u00advaille, ses frus\u00adtra\u00adtions<br><br>n\u00e9ces\u00adsaires pour ne pas de se la cou\u00adler douce<br><br>mal\u00adgr\u00e9 les recom\u00adman\u00adda\u00adtions \u00e0&nbsp;l\u2019escargot sur le mont Fuji<br><br>le d\u00e9bri\u00adde\u00adment<br><br>pour une fois<br><br><br>Andr\u00e9ine Bel<br><br>d\u2019apr\u00e8s les retours de&nbsp;: Andr\u00e9ine B, Ilya G, Johan\u00adna B, Chan\u00adtal T, Elsa B, Emi\u00adlie M, Guillaume T, Jean-Paul T, Julie A, Muriel B, Muriel M, Nadine G, Nicole H, Sarah B, Syl\u00advia G, Val\u00e9\u00adrie&nbsp;N.<\/p><p style=\"color:green; text-align:right !important;\">Article cr\u00e9\u00e9 le 16\/02\/2020<\/p>","protected":false},"excerpt":{"rendered":"<p>Danse forum\u2192 Comptes-ren\u00ad\u00addus des ate\u00adliers\u2192 Lam\u00adbesc !!Le pli, l\u2019ego et l\u2019agora \u2013 14 mars&nbsp;2009 Danse forum avec les pro\u00adto\u00adcoles m\u00e9ta autour du th\u00e8me de l\u2019agora et de l\u2019ego Nous \u00e9tions seize, comme les qua\u00adrante voleurs de savoirs \u00e0&nbsp;l\u2019ignorance si&nbsp;riche en tr\u00e9\u00adsors \u00e0&nbsp;la nuit si pro\u00adfonde \u00e0&nbsp;la pen\u00ads\u00e9e si l\u00e9g\u00e8re le th\u00e8me du pli a&nbsp;\u00e9mer\u00adg\u00e9 comme la cr\u00e8me du lait barat\u00adt\u00e9 par la mise en contact avec les sen\u00adsa\u00adtions pliages et d\u00e9pliages o\u00f9 les ego en ont&nbsp;vu&nbsp;[\u2026]<\/p>\n","protected":false},"author":2,"featured_media":0,"comment_status":"open","ping_status":"open","sticky":false,"template":"","format":"standard","meta":{"wp_typography_post_enhancements_disabled":false,"footnotes":""},"categories":[184],"tags":[208],"class_list":["post-197","post","type-post","status-publish","format-standard","hentry","category-ateliers_lambesc","tag-df_lambesc"],"yoast_head":"<!-- This site is optimized with the Yoast SEO plugin v27.5 - https:\/\/yoast.com\/product\/yoast-seo-wordpress\/ -->\n<title>Pli, ego, agora - Le TILT<\/title>\n<meta name=\"robots\" content=\"index, follow, max-snippet:-1, max-image-preview:large, max-video-preview:-1\" \/>\n<link rel=\"canonical\" href=\"https:\/\/www.leti.lt\/wordpress\/danseforum-pliegoagora\/\" \/>\n<meta property=\"og:locale\" content=\"fr_FR\" \/>\n<meta property=\"og:type\" content=\"article\" \/>\n<meta property=\"og:title\" content=\"Pli, ego, agora - Le TILT\" \/>\n<meta property=\"og:description\" content=\"Danse forum\u2192 Comptes-ren\u00addus des ate\u00adliers\u2192 Lam\u00adbesc !!Le pli, l\u2019ego et l\u2019agora \u2013 14 mars&nbsp;2009 Danse forum avec les pro\u00adto\u00adcoles m\u00e9ta autour du th\u00e8me de l\u2019agora et de l\u2019ego Nous \u00e9tions seize, comme les qua\u00adrante voleurs de savoirs \u00e0 l\u2019ignorance si&nbsp;riche en tr\u00e9\u00adsors \u00e0 la nuit si profonde \u00e0 la pen\u00ads\u00e9e si l\u00e9g\u00e8re le th\u00e8me du pli a&nbsp;\u00e9merg\u00e9 comme la cr\u00e8me du lait baratt\u00e9 par la mise en contact avec les sensations pliages et d\u00e9pliages o\u00f9 les ego en ont vu [&hellip;]\" \/>\n<meta property=\"og:url\" content=\"https:\/\/www.leti.lt\/wordpress\/danseforum-pliegoagora\/\" \/>\n<meta property=\"og:site_name\" content=\"Le TILT\" \/>\n<meta property=\"article:published_time\" content=\"2020-02-16T14:30:33+00:00\" \/>\n<meta name=\"author\" content=\"Andr\u00e9ine Bel\" \/>\n<meta name=\"twitter:card\" content=\"summary_large_image\" \/>\n<meta name=\"twitter:label1\" content=\"\u00c9crit par\" \/>\n\t<meta name=\"twitter:data1\" content=\"Andr\u00e9ine Bel\" \/>\n\t<meta name=\"twitter:label2\" content=\"Dur\u00e9e de lecture estim\u00e9e\" \/>\n\t<meta name=\"twitter:data2\" content=\"2 minutes\" \/>\n<script type=\"application\/ld+json\" class=\"yoast-schema-graph\">{\"@context\":\"https:\\\/\\\/schema.org\",\"@graph\":[{\"@type\":\"Article\",\"@id\":\"https:\\\/\\\/www.leti.lt\\\/wordpress\\\/danseforum-pliegoagora\\\/#article\",\"isPartOf\":{\"@id\":\"https:\\\/\\\/www.leti.lt\\\/wordpress\\\/danseforum-pliegoagora\\\/\"},\"author\":{\"name\":\"Andr\u00e9ine Bel\",\"@id\":\"https:\\\/\\\/www.leti.lt\\\/wordpress\\\/#\\\/schema\\\/person\\\/9bb307b2af8fbb575bb3603e57951f75\"},\"headline\":\"Pli, ego,&nbsp;agora\",\"datePublished\":\"2020-02-16T14:30:33+00:00\",\"mainEntityOfPage\":{\"@id\":\"https:\\\/\\\/www.leti.lt\\\/wordpress\\\/danseforum-pliegoagora\\\/\"},\"wordCount\":344,\"commentCount\":0,\"keywords\":[\"DF_Lambesc\"],\"articleSection\":[\"Ateliers Lambesc\"],\"inLanguage\":\"fr-FR\",\"potentialAction\":[{\"@type\":\"CommentAction\",\"name\":\"Comment\",\"target\":[\"https:\\\/\\\/www.leti.lt\\\/wordpress\\\/danseforum-pliegoagora\\\/#respond\"]}]},{\"@type\":\"WebPage\",\"@id\":\"https:\\\/\\\/www.leti.lt\\\/wordpress\\\/danseforum-pliegoagora\\\/\",\"url\":\"https:\\\/\\\/www.leti.lt\\\/wordpress\\\/danseforum-pliegoagora\\\/\",\"name\":\"Pli, ego, agora - Le TILT\",\"isPartOf\":{\"@id\":\"https:\\\/\\\/www.leti.lt\\\/wordpress\\\/#website\"},\"datePublished\":\"2020-02-16T14:30:33+00:00\",\"author\":{\"@id\":\"https:\\\/\\\/www.leti.lt\\\/wordpress\\\/#\\\/schema\\\/person\\\/9bb307b2af8fbb575bb3603e57951f75\"},\"breadcrumb\":{\"@id\":\"https:\\\/\\\/www.leti.lt\\\/wordpress\\\/danseforum-pliegoagora\\\/#breadcrumb\"},\"inLanguage\":\"fr-FR\",\"potentialAction\":[{\"@type\":\"ReadAction\",\"target\":[\"https:\\\/\\\/www.leti.lt\\\/wordpress\\\/danseforum-pliegoagora\\\/\"]}]},{\"@type\":\"BreadcrumbList\",\"@id\":\"https:\\\/\\\/www.leti.lt\\\/wordpress\\\/danseforum-pliegoagora\\\/#breadcrumb\",\"itemListElement\":[{\"@type\":\"ListItem\",\"position\":1,\"name\":\"Accueil\",\"item\":\"https:\\\/\\\/www.leti.lt\\\/wordpress\\\/\"},{\"@type\":\"ListItem\",\"position\":2,\"name\":\"Pli, ego,&nbsp;agora\"}]},{\"@type\":\"WebSite\",\"@id\":\"https:\\\/\\\/www.leti.lt\\\/wordpress\\\/#website\",\"url\":\"https:\\\/\\\/www.leti.lt\\\/wordpress\\\/\",\"name\":\"Le TILT\",\"description\":\"Recherche, publication, cr\u00e9ation artistique\",\"potentialAction\":[{\"@type\":\"SearchAction\",\"target\":{\"@type\":\"EntryPoint\",\"urlTemplate\":\"https:\\\/\\\/www.leti.lt\\\/wordpress\\\/?s={search_term_string}\"},\"query-input\":{\"@type\":\"PropertyValueSpecification\",\"valueRequired\":true,\"valueName\":\"search_term_string\"}}],\"inLanguage\":\"fr-FR\"},{\"@type\":\"Person\",\"@id\":\"https:\\\/\\\/www.leti.lt\\\/wordpress\\\/#\\\/schema\\\/person\\\/9bb307b2af8fbb575bb3603e57951f75\",\"name\":\"Andr\u00e9ine Bel\",\"image\":{\"@type\":\"ImageObject\",\"inLanguage\":\"fr-FR\",\"@id\":\"https:\\\/\\\/secure.gravatar.com\\\/avatar\\\/4ab041ec7c7ad3b90293023e86528ec1a700ce2971ff61811b2df6b288dd1f38?s=96&d=identicon&r=g\",\"url\":\"https:\\\/\\\/secure.gravatar.com\\\/avatar\\\/4ab041ec7c7ad3b90293023e86528ec1a700ce2971ff61811b2df6b288dd1f38?s=96&d=identicon&r=g\",\"contentUrl\":\"https:\\\/\\\/secure.gravatar.com\\\/avatar\\\/4ab041ec7c7ad3b90293023e86528ec1a700ce2971ff61811b2df6b288dd1f38?s=96&d=identicon&r=g\",\"caption\":\"Andr\u00e9ine Bel\"},\"url\":\"https:\\\/\\\/www.leti.lt\\\/wordpress\\\/author\\\/andreine\\\/\"}]}<\/script>\n<!-- \/ Yoast SEO plugin. -->","yoast_head_json":{"title":"Pli, ego, agora - Le TILT","robots":{"index":"index","follow":"follow","max-snippet":"max-snippet:-1","max-image-preview":"max-image-preview:large","max-video-preview":"max-video-preview:-1"},"canonical":"https:\/\/www.leti.lt\/wordpress\/danseforum-pliegoagora\/","og_locale":"fr_FR","og_type":"article","og_title":"Pli, ego, agora - Le TILT","og_description":"Danse forum\u2192 Comptes-ren\u00addus des ate\u00adliers\u2192 Lam\u00adbesc !!Le pli, l\u2019ego et l\u2019agora \u2013 14 mars&nbsp;2009 Danse forum avec les pro\u00adto\u00adcoles m\u00e9ta autour du th\u00e8me de l\u2019agora et de l\u2019ego Nous \u00e9tions seize, comme les qua\u00adrante voleurs de savoirs \u00e0 l\u2019ignorance si&nbsp;riche en tr\u00e9\u00adsors \u00e0 la nuit si profonde \u00e0 la pen\u00ads\u00e9e si l\u00e9g\u00e8re le th\u00e8me du pli a&nbsp;\u00e9merg\u00e9 comme la cr\u00e8me du lait baratt\u00e9 par la mise en contact avec les sensations pliages et d\u00e9pliages o\u00f9 les ego en ont vu [&hellip;]","og_url":"https:\/\/www.leti.lt\/wordpress\/danseforum-pliegoagora\/","og_site_name":"Le TILT","article_published_time":"2020-02-16T14:30:33+00:00","author":"Andr\u00e9ine Bel","twitter_card":"summary_large_image","twitter_misc":{"\u00c9crit par":"Andr\u00e9ine Bel","Dur\u00e9e de lecture estim\u00e9e":"2 minutes"},"schema":{"@context":"https:\/\/schema.org","@graph":[{"@type":"Article","@id":"https:\/\/www.leti.lt\/wordpress\/danseforum-pliegoagora\/#article","isPartOf":{"@id":"https:\/\/www.leti.lt\/wordpress\/danseforum-pliegoagora\/"},"author":{"name":"Andr\u00e9ine Bel","@id":"https:\/\/www.leti.lt\/wordpress\/#\/schema\/person\/9bb307b2af8fbb575bb3603e57951f75"},"headline":"Pli, ego,&nbsp;agora","datePublished":"2020-02-16T14:30:33+00:00","mainEntityOfPage":{"@id":"https:\/\/www.leti.lt\/wordpress\/danseforum-pliegoagora\/"},"wordCount":344,"commentCount":0,"keywords":["DF_Lambesc"],"articleSection":["Ateliers Lambesc"],"inLanguage":"fr-FR","potentialAction":[{"@type":"CommentAction","name":"Comment","target":["https:\/\/www.leti.lt\/wordpress\/danseforum-pliegoagora\/#respond"]}]},{"@type":"WebPage","@id":"https:\/\/www.leti.lt\/wordpress\/danseforum-pliegoagora\/","url":"https:\/\/www.leti.lt\/wordpress\/danseforum-pliegoagora\/","name":"Pli, ego, agora - Le TILT","isPartOf":{"@id":"https:\/\/www.leti.lt\/wordpress\/#website"},"datePublished":"2020-02-16T14:30:33+00:00","author":{"@id":"https:\/\/www.leti.lt\/wordpress\/#\/schema\/person\/9bb307b2af8fbb575bb3603e57951f75"},"breadcrumb":{"@id":"https:\/\/www.leti.lt\/wordpress\/danseforum-pliegoagora\/#breadcrumb"},"inLanguage":"fr-FR","potentialAction":[{"@type":"ReadAction","target":["https:\/\/www.leti.lt\/wordpress\/danseforum-pliegoagora\/"]}]},{"@type":"BreadcrumbList","@id":"https:\/\/www.leti.lt\/wordpress\/danseforum-pliegoagora\/#breadcrumb","itemListElement":[{"@type":"ListItem","position":1,"name":"Accueil","item":"https:\/\/www.leti.lt\/wordpress\/"},{"@type":"ListItem","position":2,"name":"Pli, ego,&nbsp;agora"}]},{"@type":"WebSite","@id":"https:\/\/www.leti.lt\/wordpress\/#website","url":"https:\/\/www.leti.lt\/wordpress\/","name":"Le TILT","description":"Recherche, publication, cr\u00e9ation artistique","potentialAction":[{"@type":"SearchAction","target":{"@type":"EntryPoint","urlTemplate":"https:\/\/www.leti.lt\/wordpress\/?s={search_term_string}"},"query-input":{"@type":"PropertyValueSpecification","valueRequired":true,"valueName":"search_term_string"}}],"inLanguage":"fr-FR"},{"@type":"Person","@id":"https:\/\/www.leti.lt\/wordpress\/#\/schema\/person\/9bb307b2af8fbb575bb3603e57951f75","name":"Andr\u00e9ine Bel","image":{"@type":"ImageObject","inLanguage":"fr-FR","@id":"https:\/\/secure.gravatar.com\/avatar\/4ab041ec7c7ad3b90293023e86528ec1a700ce2971ff61811b2df6b288dd1f38?s=96&d=identicon&r=g","url":"https:\/\/secure.gravatar.com\/avatar\/4ab041ec7c7ad3b90293023e86528ec1a700ce2971ff61811b2df6b288dd1f38?s=96&d=identicon&r=g","contentUrl":"https:\/\/secure.gravatar.com\/avatar\/4ab041ec7c7ad3b90293023e86528ec1a700ce2971ff61811b2df6b288dd1f38?s=96&d=identicon&r=g","caption":"Andr\u00e9ine Bel"},"url":"https:\/\/www.leti.lt\/wordpress\/author\/andreine\/"}]}},"_links":{"self":[{"href":"https:\/\/www.leti.lt\/wordpress\/wp-json\/wp\/v2\/posts\/197","targetHints":{"allow":["GET"]}}],"collection":[{"href":"https:\/\/www.leti.lt\/wordpress\/wp-json\/wp\/v2\/posts"}],"about":[{"href":"https:\/\/www.leti.lt\/wordpress\/wp-json\/wp\/v2\/types\/post"}],"author":[{"embeddable":true,"href":"https:\/\/www.leti.lt\/wordpress\/wp-json\/wp\/v2\/users\/2"}],"replies":[{"embeddable":true,"href":"https:\/\/www.leti.lt\/wordpress\/wp-json\/wp\/v2\/comments?post=197"}],"version-history":[{"count":0,"href":"https:\/\/www.leti.lt\/wordpress\/wp-json\/wp\/v2\/posts\/197\/revisions"}],"wp:attachment":[{"href":"https:\/\/www.leti.lt\/wordpress\/wp-json\/wp\/v2\/media?parent=197"}],"wp:term":[{"taxonomy":"category","embeddable":true,"href":"https:\/\/www.leti.lt\/wordpress\/wp-json\/wp\/v2\/categories?post=197"},{"taxonomy":"post_tag","embeddable":true,"href":"https:\/\/www.leti.lt\/wordpress\/wp-json\/wp\/v2\/tags?post=197"}],"curies":[{"name":"wp","href":"https:\/\/api.w.org\/{rel}","templated":true}]}}