{"id":196,"date":"2020-02-16T15:30:33","date_gmt":"2020-02-16T14:30:33","guid":{"rendered":"https:\/\/www.leti.lt\/wordpress\/?p=196"},"modified":"-0001-11-30T00:00:00","modified_gmt":"-0001-11-29T22:00:00","slug":"danseforum-pemieredanseforumpublique","status":"publish","type":"post","link":"https:\/\/www.leti.lt\/wordpress\/danseforum-pemieredanseforumpublique\/","title":{"rendered":"Premi\u00e8re danse forum publique"},"content":{"rendered":"<p><a href=\"https:\/\/www.leti.lt\/wordpress\/danseforum-danseforum\/\">Danse forum<\/a><br>\u2192 <a href=\"https:\/\/www.leti.lt\/wordpress\/danseforum-comptesrendusateliers\/\">Comptes-ren\u00addus des ate\u00adliers<\/a><br>\u2192 <a href=\"https:\/\/www.leti.lt\/wordpress\/danseforum-lambesc\/\">Lam\u00adbesc<\/a><br><br>!!1\u00b0 danse forum publique \u2013 13 mai 2006<br><br>Cette pre\u00admi\u00e8re danse forum en public a&nbsp;eu lieu \u00e0&nbsp;Mira\u00adbeau, dans la r\u00e9gion de For\u00adcal\u00adquier.<br><br>Notre pre\u00admier essai de pr\u00e9\u00adsen\u00adta\u00adtion de danse forum s\u2019est donc fait devant un public ami&nbsp;: la ren\u00adcontre inter-forum ras\u00adsem\u00adblait une tren\u00adtaine de per\u00adsonnes, de cinq troupes dif\u00adf\u00e9\u00adrentes de th\u00e9\u00e2tre forum de la r\u00e9gion. La plu\u00adpart des visages m\u2019\u00e9taient connus, mais peu des autres dan\u00adseurs forum.<br><br>De notre c\u00f4t\u00e9, nous \u00e9tions huit. Pour deux d\u2019entre nous, c\u2019\u00e9tait une pre\u00admi\u00e8re approche de la danse forum.<br><br>Nous avions d\u00e9bat\u00adtu entre nous de ce que nous allions don\u00adner \u00e0&nbsp;mon\u00adtrer. Nous avions \u00e0&nbsp;choi\u00adsir entre repro\u00adduire exac\u00adte\u00adment l\u2019atelier de danse forum tel qu\u2019il se passe chaque same\u00addi, ou nous mettre vrai\u00adment dans des condi\u00adtions du spec\u00adtacle forum.<br><br><i>D\u00e9rou\u00adle\u00adment de l\u2019atelier habi\u00adtuel<\/i><br><br>Sur presque deux ans, l\u2019atelier s\u2019est peu \u00e0&nbsp;peu struc\u00adtu\u00adr\u00e9 selon un encha\u00ee\u00adne\u00adment assez souple pour nous conve\u00adnir presque \u00e0&nbsp;chaque fois&nbsp;:<br><br>- Un tour de tapis o\u00f9 cha\u00adcun exprime ses envies et besoins du moment.<br><br>- S\u2019il y&nbsp;a consen\u00adsus, on choi\u00adsit une approche com\u00admune&nbsp;: d\u00e9tente, contact, \u00e9ti\u00adre\u00adments etc. Si nous avons tous des envies et besoins dif\u00adf\u00e9\u00adrents, cha\u00adcun les d\u00e9ve\u00adloppe indi\u00advi\u00adduel\u00adle\u00adment. Cette mise en route est l\u2019occasion pour tous de se \u00ab&nbsp;retrou\u00adver&nbsp;\u00bb, de contac\u00adter en soi nos sen\u00adsa\u00adtions, et de les accueillir incon\u00addi\u00adtion\u00adnel\u00adle\u00adment. Sur trois heures d\u2019atelier, cela dure une heure \u00e0&nbsp;une heure trente.<br><br>- Pause.<br><br>- La pra\u00adtique de la danse forum. Le th\u00e8me choi\u00adsi \u00e9merge de ce qui vient d\u2019\u00eatre fait comme mise en route et qui fait \u00e9cho \u00e0&nbsp;un v\u00e9cu pour cha\u00adcun.<br><br>La per\u00adsonne qui est le plus imm\u00e9\u00addia\u00adte\u00adment concer\u00adn\u00e9e par le th\u00e8me choi\u00adsi fait une mise en cho\u00adr\u00e9\u00adgra\u00adphie rapide avec les dan\u00adseurs qu\u2019elle choi\u00adsit. Elle pro\u00adpose une impro\u00advi\u00adsa\u00adtion avec des consignes, des grandes lignes que chaque dan\u00adseur fait siennes. L\u2019improvisation est bas\u00e9e sur les sen\u00adsa\u00adtions que le th\u00e8me \u00e9veille. Ceci nous per\u00admet d\u2019\u00e9viter bien des \u00e9cueils&nbsp;: l\u2019illustration, la th\u00e9\u00e2\u00adtra\u00adli\u00adsa\u00adtion de la danse, la redon\u00addance, et favo\u00adrise l\u2019authenticit\u00e9 de ce qui se pro\u00adduit sur sc\u00e8ne. Il y&nbsp;a tou\u00adjours au moins un d\u2019entre nous qui repr\u00e9\u00adsente le public, il fait le retour n\u00e9ces\u00adsaire au forum.<br><br>Notre ate\u00adlier tel qu\u2019il s\u2019est \u00e9la\u00adbo\u00adr\u00e9 a&nbsp;concer\u00adn\u00e9 de 2&nbsp;\u00e0 13 dan\u00adseurs \u00e0&nbsp;chaque s\u00e9ance. Nous n\u2019avons jamais \u00e9t\u00e9 plus nom\u00adbreux.<br><br><i>Danse forum en repr\u00e9\u00adsen\u00adta\u00adtion<\/i><br><br>Or, ce 13 mai, nous allions \u00eatre en repr\u00e9\u00adsen\u00adta\u00adtion, avec une tren\u00adtaine ou plus de par\u00adti\u00adci\u00adpants, il nous fal\u00adlait nous adap\u00adter. Nous vou\u00adlions voir com\u00adment se d\u00e9rou\u00adle\u00adrait une danse forum dans des condi\u00adtions r\u00e9elles de spec\u00adtacle, telles que le th\u00e9\u00e2tre forum les pra\u00adtique.<br><br>C\u2019est donc cette deuxi\u00e8me solu\u00adtion qui a&nbsp;\u00e9t\u00e9 choi\u00adsie par nous de la danse forum. Je me rends compte aujourd\u2019hui que cela aurait \u00e9t\u00e9 int\u00e9\u00adres\u00adsant de lais\u00adser le choix d\u2019atelier ou de repr\u00e9\u00adsen\u00adta\u00adtion \u00e0&nbsp;tous les par\u00adti\u00adci\u00adpants du 13 mai. Nous y&nbsp;avions pen\u00ads\u00e9, mais sur le moment cela ne nous est pas venu. Dans notre envie de pla\u00adni\u00adfier au mieux, nous avons lais\u00ads\u00e9 \u00e9chap\u00adper l\u2019occasion d\u2019exercer acti\u00adve\u00adment la d\u00e9mo\u00adcra\u00adtie&nbsp;! Mais du coup, bien des choses en ont d\u00fb s\u2019adapter, sans que nous ayons pu vrai\u00adment les anti\u00adci\u00adper, donc au der\u00adnier moment\u2026<br><br>Est-ce une vieille habi\u00adtude&nbsp;? Une f\u00e9bri\u00adli\u00adt\u00e9 s\u2019est empa\u00adr\u00e9e de moi, que j\u2019acceptais comme \u00e9tant inh\u00e9\u00adrente \u00e0&nbsp;la notion de spec\u00adtacle, mais qui me met\u00adtait mal \u00e0&nbsp;l\u2019aise. Les autres dan\u00adseurs \u00e9taient indemnes de cette f\u00e9bri\u00adli\u00adt\u00e9, je m\u2019en r\u00e9jouis\u00adsais, je me ren\u00addais compte que mon his\u00adtoire y&nbsp;\u00e9tait pour beau\u00adcoup dans cet \u00e9tat de stress l\u00e9ger, bien connu des artistes de spec\u00adtacle vivant qui consi\u00add\u00e8rent d\u2019ailleurs cela comme de tr\u00e8s bon augure.<br><br>Mais j\u2019avais la convic\u00adtion que ceci n\u2019avait pas sa place en danse forum. Je ne sau\u00adrais pas dire exac\u00adte\u00adment pour\u00adquoi. Il me (nous) faut creu\u00adser. Ce que je peux dire, c\u2019est que le simple fait d\u2019envisager un choix entre pr\u00e9\u00adsen\u00adter ce que nous fai\u00adsions d\u2019habitude dans nos ate\u00adliers de danse forum et ce que nous sup\u00adpo\u00adsions n\u00e9ces\u00adsaire au bon d\u00e9rou\u00adle\u00adment d\u2019un spec\u00adtacle \u00e9tait un cha\u00adgrin pour moi (et peut-\u00eatre pour d\u2019autres). Mon pre\u00admier \u00e9lan \u00e9tait de ne pas nous poser le choix, et d\u2019aller vers la pre\u00admi\u00e8re solu\u00adtion. Mais le men\u00adtal est prompt \u00e0&nbsp;prendre les rennes.<br><br>Le stress m\u2019alertait pour\u00adtant. Depuis que nous tra\u00advail\u00adlions ensemble \u00e0&nbsp;l\u2019atelier, pour la pre\u00admi\u00e8re fois de ma vie, non seule\u00adment je n\u2019avais plus res\u00adsen\u00adti de stress en dan\u00adsant devant quelqu\u2019un, mais aus\u00adsi en ani\u00admant ces ate\u00adliers. Quelque chose d\u2019infiniment plus pr\u00e9\u00adcieux \u00e0&nbsp;mes yeux que le stress \u00ab&nbsp;d\u00e9pas\u00ads\u00e9&nbsp;\u00bb a&nbsp;pris place. En quelques ate\u00adliers de danse forum, j\u2019ai vu plus de choses sublimes qu\u2019en qua\u00adrante ans de danse.<br><br>Nous nous sommes retrou\u00adv\u00e9s dans une posi\u00adtion de dan\u00adseurs ayant \u00e0&nbsp;assu\u00adrer un spec\u00adtacle de danse forum selon le cane\u00advas connu du th\u00e9\u00e2tre forum. Et c\u2019est l\u00e0 que nous mesu\u00adrons le tra\u00advail qu\u2019il nous reste \u00e0&nbsp;faire\u2026<br><br>Par rap\u00adport au th\u00e9\u00e2tre clas\u00adsique, le th\u00e9\u00e2tre forum a&nbsp;\u00e9la\u00adbo\u00adr\u00e9 \u00ab&nbsp;sa fa\u00e7on&nbsp;\u00bb, qui lui per\u00admet de res\u00adter au plus proche de ce qu\u2019il veut favo\u00adri\u00adser&nbsp;: le dia\u00adlogue public-acteurs, l\u2019absence de hi\u00e9\u00adrar\u00adchie, l\u2019improvisation de tous \u00e0&nbsp;par\u00adtir du v\u00e9cu. Ceci pour que le forum ait lieu dans les meilleures condi\u00adtions, avec une cr\u00e9a\u00adti\u00advi\u00adt\u00e9 \u00e0&nbsp;l\u2019\u0153uvre \u00e0&nbsp;chaque ins\u00adtant. Le verbe est au centre de cette alchi\u00admie.<br>Ici, le corps, le mou\u00adve\u00adment et le geste sont au centre de la danse forum.<br><br><i>La pr\u00e9\u00adsen\u00adta\u00adtion<\/i><br><br>Par\u00adler ce que nous allions faire ensemble, en d\u00e9fi\u00adnis\u00adsant les sp\u00e9\u00adci\u00adfi\u00adci\u00adt\u00e9s de la danse telles qu\u2019elles nous appa\u00adraissent pour l\u2019instant.<br><br>1 \u2013 La danse fait appel au visuel essen\u00adtiel\u00adle\u00adment (les bruits, les mots et les phrases peuvent jaillir, mais comme sono\u00adri\u00adt\u00e9s).<br><br>2 \u2013 Elle est tri\u00addi\u00admen\u00adsion\u00adnelle, au contraire du d\u00e9rou\u00adle\u00adment du verbe qui est lin\u00e9aire.<br><br>3 \u2013 Nous basons nos impro\u00advi\u00adsa\u00adtions sur les sen\u00adsa\u00adtions du moment (cela aurait pu \u00eatre sur des concepts, un par\u00adti pris, des images etc.). Ces sen\u00adsa\u00adtions sont le fruit de notre his\u00adtoire pas\u00ads\u00e9e, pr\u00e9\u00adsente et \u00e0&nbsp;venir.<br><br>Ces trois sp\u00e9\u00adci\u00adfi\u00adci\u00adt\u00e9s nous ont ame\u00adn\u00e9s vers trois consignes trans\u00adver\u00adsales&nbsp;:<br><br>1 \u2013 Le \u00ab&nbsp;per\u00adson\u00adnage&nbsp;\u00bb n\u2019est pas obli\u00adga\u00adtoire, l\u2019abstraction et la po\u00e9\u00adsie du mou\u00adve\u00adment le per\u00admettent.<br><br>2 \u2013 Le spec\u00adta\u00addan\u00adseur entre et sort quand il veut, d\u2019o\u00f9 il veut. Il suf\u00adfit qu\u2019il touche le dan\u00adseur et lui signi\u00adfie ain\u00adsi qu\u2019il sou\u00adhaite prendre sa place. Une inter\u00adrup\u00adtion n\u2019est pas obli\u00adga\u00adtoire. Elle n\u2019est sou\u00adhai\u00adtable que pour faire le point public\/danseurs et spec\u00adta\u00addan\u00adseurs.<br><br>3 \u2013 Le spec\u00adta\u00addan\u00adseur dit ou ne dit pas son id\u00e9e avant d\u2019entrer sur sc\u00e8ne.<br><br>Nous avions pla\u00adc\u00e9 les tapis de danse au centre d\u2019un demi-cercle, le public \u00e9tait assis \u00e0&nbsp;m\u00eame le sol, sur des tapis autour de la sc\u00e8ne. Des chaises \u00e9taient pla\u00adc\u00e9es der\u00adri\u00e8re, pour ceux qui le sou\u00adhai\u00adtaient. La mise en place des tapis me bous\u00adcu\u00adlait dans mes ten\u00adsions, qui m\u2019am\u00e8nent tou\u00adjours \u00e0&nbsp;\u00e9co\u00adno\u00admi\u00adser mes mou\u00adve\u00adments pour ensuite mieux pou\u00advoir agir. Heu\u00adreu\u00adse\u00adment, les autres par\u00adti\u00adci\u00adpants insis\u00adtaient assez pour mettre un peu de sou\u00adplesse dans l\u2019organisation.<br><br><i>La \u00ab&nbsp;mise en route&nbsp;\u00bb<\/i><br><br>Cet \u00e9chauf\u00adfe\u00adment d\u2019un type par\u00adti\u00adcu\u00adlier puisqu\u2019il se met en place par rap\u00adport aux besoins que la per\u00adsonne per\u00ad\u00e7oit elle-m\u00eame.<br><br>Sauf que l\u00e0, nous n\u2019avons pas pris le temps pour cha\u00adcun d\u2019exprimer ses besoins, ni de se \u00ab&nbsp;retrou\u00adver&nbsp;\u00bb, de contac\u00adter ses sen\u00adsa\u00adtions. La consigne que j\u2019ai pro\u00adpo\u00ads\u00e9e avait \u00e9t\u00e9 d\u00e9ci\u00add\u00e9e entre nous huit, en fonc\u00adtion des th\u00e8mes que nous allions pro\u00adpo\u00adser&nbsp;: obser\u00adver les mou\u00adve\u00adments qui naissent du contact avec ce que cha\u00adcun choi\u00adsit \u2013 le sol, l\u2019air, le mur, le par\u00adte\u00adnaire.<br><br>Le jazz de Chris Bar\u00adber \u00e9tait un mau\u00advais choix de ma part, c\u2019est du moins ce que j\u2019ai res\u00adsen\u00adti d\u00e8s les pre\u00admi\u00e8res notes. J\u2019avais cet air dans la t\u00eate depuis deux jours, et comme tou\u00adjours lorsque je suis ten\u00addue, je n\u2019arrive pas \u00e0&nbsp;lais\u00adser l\u2019instant fleu\u00adrir\u2026<br><br>J\u2019ai donc presque imm\u00e9\u00addia\u00adte\u00adment envoy\u00e9 la consigne de ne pas se lais\u00adser influen\u00adcer par la musique, ce qui en soi pou\u00advait \u00eatre un excellent exer\u00adcice, seuls les t\u00e9moi\u00adgnages m\u2019\u00e9claireront. Puis du silence pour conti\u00adnuer \u00e0&nbsp;obser\u00adver le contact, puis l\u2019Ave Maria de Gou\u00adnod, qui aurait gagn\u00e9 \u00e0&nbsp;\u00eatre jou\u00e9 en pre\u00admier, tou\u00adjours selon mes sen\u00adsa\u00adtions (Chris Bar\u00adber aurait alors eu toute sa place en second). Pen\u00addant tout ce temps, j\u2019observais aus\u00adsi que je ne par\u00adti\u00adci\u00adpais pas \u00e0&nbsp;cette mise en contact, que je res\u00adtais accro\u00adch\u00e9e \u00e0&nbsp;mon poste d\u2019animateur, comme si j\u2019\u00e9tais inves\u00adtie d\u2019un tra\u00advail autre que les autres par\u00adti\u00adci\u00adpants. Encore une habi\u00adtude \u00e0&nbsp;laquelle je pen\u00adsais avoir tor\u00addu le cou.<br><br>Puis, j\u2019ai lan\u00adc\u00e9 une s\u00e9rie de consignes pour ras\u00adsem\u00adbler et dyna\u00admi\u00adser le groupe, non pas que ce n\u2019ait pas \u00e9t\u00e9 effi\u00adcace, mais c\u2019\u00e9tait labo\u00adrieux, et l\u00e0 encore, ce genre de pr\u00e9\u00adoc\u00adcu\u00adpa\u00adtion ne m\u2019effleure nor\u00adma\u00adle\u00adment plus l\u2019esprit en danse forum. En effet, les sen\u00adsa\u00adtions \u00e9tant accueillies incon\u00addi\u00adtion\u00adnel\u00adle\u00adment, nous ne par\u00adtons pas de ce que nous pro\u00adje\u00adtons d\u2019un id\u00e9al \u00e0&nbsp;atteindre, mais d\u2019o\u00f9 nous sommes. La vie se met en mou\u00adve\u00adment. Alors que lorsqu\u2019on cherche \u00e0&nbsp;atteindre un \u00e9tat, le men\u00adtal dirige, avec ou contre les sen\u00adsa\u00adtions. Le r\u00e9sul\u00adtat n\u2019a rien \u00e0&nbsp;voir.<br><br>Bref, jusque l\u00e0, j\u2019ai pu une fois encore v\u00e9ri\u00adfier com\u00adbien les inter\u00adven\u00adtions, sup\u00adpo\u00ads\u00e9es faci\u00adli\u00adter la cr\u00e9a\u00adti\u00advi\u00adt\u00e9, cr\u00e9ent de toute pi\u00e8ce des dif\u00adfi\u00adcul\u00adt\u00e9s qu\u2019il faut ensuite \u00ab&nbsp;trai\u00adter&nbsp;\u00bb.<br><br><i>Le forum<\/i><br><br>L\u2019ind\u00e9cision nous avait paru le meilleur th\u00e8me, le plus f\u00e9d\u00e9\u00adra\u00adteur. Nous l\u2019avions explo\u00adr\u00e9 le same\u00addi d\u2019avant, et avant de venir \u00e0&nbsp;la ren\u00adcontre, nous l\u2019avons peau\u00adfi\u00adn\u00e9. Est-ce parce que nous renon\u00adcions ain\u00adsi \u00e0&nbsp;l\u2019instantan\u00e9it\u00e9 qui nous \u00e9tait si ch\u00e8re, tou\u00adjours est-il que nous nous sommes d\u00e9brouill\u00e9s pour pro\u00adpo\u00adser en pre\u00admier un th\u00e8me plus ancien que nous avions peu explo\u00adr\u00e9&nbsp;: la pres\u00adsion. Ce qui fait que nous n\u2019avons pas eu le temps de foru\u00admi\u00adser l\u2019ind\u00e9cision. Je ne sais s\u2019il faut le regret\u00adter. Pour ma part, j\u2019\u00e9tais encore dans une logique d\u2019efficacit\u00e9, la \u00ab&nbsp;pres\u00adsion&nbsp;\u00bb me sem\u00adblant plus facile d\u2019acc\u00e8s que \u00ab&nbsp;l\u2019ind\u00e9cision&nbsp;\u00bb. Une fois de plus, nous aurions pu deman\u00adder \u00e0&nbsp;l\u2019ensemble des par\u00adti\u00adci\u00adpants.<br><br>Au d\u00e9but, l\u2019efficacit\u00e9 ne sem\u00adblait pas gagn\u00e9e&nbsp;! Il y&nbsp;avait un cer\u00adtain flot\u00adte\u00adment. Mais peu \u00e0&nbsp;peu cha\u00adcun a&nbsp;enfin pu reprendre l\u2019initiative. Je trou\u00advais les pre\u00admiers essais un peu illus\u00adtr\u00e9s th\u00e9\u00e2\u00adtra\u00adle\u00adment, par les dan\u00adseurs comme par les spec\u00adta\u00addan\u00adseurs. Mais pro\u00adgres\u00adsi\u00adve\u00adment, l\u2019authenticit\u00e9 du geste est appa\u00adrue. Et nous avons fini en apo\u00adth\u00e9ose. Je vous laisse la plume, \u00e0&nbsp;tous les par\u00adti\u00adci\u00adpants, pour d\u00e9crire et t\u00e9moi\u00adgner de tout cela.<br><br>Andr\u00e9ine Bel<\/p><p style=\"color:green; text-align:right !important;\">Article cr\u00e9\u00e9 le 16\/02\/2020<\/p>","protected":false},"excerpt":{"rendered":"<p>Danse forum\u2192 Comptes-ren\u00ad\u00addus des ate\u00adliers\u2192 Lam\u00adbesc !!1\u00b0 danse forum publique \u2013 13 mai&nbsp;2006 Cette pre\u00admi\u00e8re danse forum en public a&nbsp;eu lieu \u00e0&nbsp;Mira\u00adbeau, dans la r\u00e9gion de For\u00adcal\u00adquier. Notre pre\u00admier essai de pr\u00e9\u00adsen\u00adta\u00adtion de danse forum s\u2019est donc fait devant un public ami&nbsp;: la ren\u00adcontre inter-forum ras\u00adsem\u00adblait une tren\u00adtaine de per\u00adsonnes, de cinq troupes dif\u00adf\u00e9\u00adrentes de th\u00e9\u00e2tre forum de la r\u00e9gion. La plu\u00adpart des visages m\u2019\u00e9taient connus, mais peu des autres dan\u00adseurs&nbsp;forum. De notre c\u00f4t\u00e9, nous \u00e9tions huit. Pour deux d\u2019entre [\u2026]<\/p>\n","protected":false},"author":2,"featured_media":0,"comment_status":"open","ping_status":"open","sticky":false,"template":"","format":"standard","meta":{"wp_typography_post_enhancements_disabled":false,"footnotes":""},"categories":[184],"tags":[208],"class_list":["post-196","post","type-post","status-publish","format-standard","hentry","category-ateliers_lambesc","tag-df_lambesc"],"yoast_head":"<!-- This site is optimized with the Yoast SEO plugin v27.5 - https:\/\/yoast.com\/product\/yoast-seo-wordpress\/ -->\n<title>Premi\u00e8re danse forum publique - Le TILT<\/title>\n<meta name=\"robots\" content=\"index, follow, max-snippet:-1, max-image-preview:large, max-video-preview:-1\" \/>\n<link rel=\"canonical\" href=\"https:\/\/www.leti.lt\/wordpress\/danseforum-pemieredanseforumpublique\/\" \/>\n<meta property=\"og:locale\" content=\"fr_FR\" \/>\n<meta property=\"og:type\" content=\"article\" \/>\n<meta property=\"og:title\" content=\"Premi\u00e8re danse forum publique - Le TILT\" \/>\n<meta property=\"og:description\" content=\"Danse forum\u2192 Comptes-ren\u00addus des ate\u00adliers\u2192 Lam\u00adbesc !!1\u00b0 danse forum publique \u2013 13 mai&nbsp;2006 Cette pre\u00admi\u00e8re danse forum en public a&nbsp;eu lieu \u00e0&nbsp;Mira\u00adbeau, dans la r\u00e9gion de Forcalquier. Notre pre\u00admier essai de pr\u00e9\u00adsen\u00adta\u00adtion de danse forum s\u2019est donc fait devant un public ami&nbsp;: la ren\u00adcontre inter-forum ras\u00adsem\u00adblait une tren\u00adtaine de per\u00adsonnes, de cinq troupes dif\u00adf\u00e9\u00adrentes de th\u00e9\u00e2tre forum de la r\u00e9gion. La plu\u00adpart des visages m\u2019\u00e9taient connus, mais peu des autres dan\u00adseurs&nbsp;forum. De notre c\u00f4t\u00e9, nous \u00e9tions huit. Pour deux d\u2019entre [&hellip;]\" \/>\n<meta property=\"og:url\" content=\"https:\/\/www.leti.lt\/wordpress\/danseforum-pemieredanseforumpublique\/\" \/>\n<meta property=\"og:site_name\" content=\"Le TILT\" \/>\n<meta property=\"article:published_time\" content=\"2020-02-16T14:30:33+00:00\" \/>\n<meta name=\"author\" content=\"Andr\u00e9ine Bel\" \/>\n<meta name=\"twitter:card\" content=\"summary_large_image\" \/>\n<meta name=\"twitter:label1\" content=\"\u00c9crit par\" \/>\n\t<meta name=\"twitter:data1\" content=\"Andr\u00e9ine Bel\" \/>\n\t<meta name=\"twitter:label2\" content=\"Dur\u00e9e de lecture estim\u00e9e\" \/>\n\t<meta name=\"twitter:data2\" content=\"9 minutes\" \/>\n<script type=\"application\/ld+json\" class=\"yoast-schema-graph\">{\"@context\":\"https:\\\/\\\/schema.org\",\"@graph\":[{\"@type\":\"Article\",\"@id\":\"https:\\\/\\\/www.leti.lt\\\/wordpress\\\/danseforum-pemieredanseforumpublique\\\/#article\",\"isPartOf\":{\"@id\":\"https:\\\/\\\/www.leti.lt\\\/wordpress\\\/danseforum-pemieredanseforumpublique\\\/\"},\"author\":{\"name\":\"Andr\u00e9ine Bel\",\"@id\":\"https:\\\/\\\/www.leti.lt\\\/wordpress\\\/#\\\/schema\\\/person\\\/9bb307b2af8fbb575bb3603e57951f75\"},\"headline\":\"Premi\u00e8re danse forum publique\",\"datePublished\":\"2020-02-16T14:30:33+00:00\",\"mainEntityOfPage\":{\"@id\":\"https:\\\/\\\/www.leti.lt\\\/wordpress\\\/danseforum-pemieredanseforumpublique\\\/\"},\"wordCount\":1855,\"commentCount\":0,\"keywords\":[\"DF_Lambesc\"],\"articleSection\":[\"Ateliers Lambesc\"],\"inLanguage\":\"fr-FR\",\"potentialAction\":[{\"@type\":\"CommentAction\",\"name\":\"Comment\",\"target\":[\"https:\\\/\\\/www.leti.lt\\\/wordpress\\\/danseforum-pemieredanseforumpublique\\\/#respond\"]}]},{\"@type\":\"WebPage\",\"@id\":\"https:\\\/\\\/www.leti.lt\\\/wordpress\\\/danseforum-pemieredanseforumpublique\\\/\",\"url\":\"https:\\\/\\\/www.leti.lt\\\/wordpress\\\/danseforum-pemieredanseforumpublique\\\/\",\"name\":\"Premi\u00e8re danse forum publique - Le TILT\",\"isPartOf\":{\"@id\":\"https:\\\/\\\/www.leti.lt\\\/wordpress\\\/#website\"},\"datePublished\":\"2020-02-16T14:30:33+00:00\",\"author\":{\"@id\":\"https:\\\/\\\/www.leti.lt\\\/wordpress\\\/#\\\/schema\\\/person\\\/9bb307b2af8fbb575bb3603e57951f75\"},\"breadcrumb\":{\"@id\":\"https:\\\/\\\/www.leti.lt\\\/wordpress\\\/danseforum-pemieredanseforumpublique\\\/#breadcrumb\"},\"inLanguage\":\"fr-FR\",\"potentialAction\":[{\"@type\":\"ReadAction\",\"target\":[\"https:\\\/\\\/www.leti.lt\\\/wordpress\\\/danseforum-pemieredanseforumpublique\\\/\"]}]},{\"@type\":\"BreadcrumbList\",\"@id\":\"https:\\\/\\\/www.leti.lt\\\/wordpress\\\/danseforum-pemieredanseforumpublique\\\/#breadcrumb\",\"itemListElement\":[{\"@type\":\"ListItem\",\"position\":1,\"name\":\"Accueil\",\"item\":\"https:\\\/\\\/www.leti.lt\\\/wordpress\\\/\"},{\"@type\":\"ListItem\",\"position\":2,\"name\":\"Premi\u00e8re danse forum publique\"}]},{\"@type\":\"WebSite\",\"@id\":\"https:\\\/\\\/www.leti.lt\\\/wordpress\\\/#website\",\"url\":\"https:\\\/\\\/www.leti.lt\\\/wordpress\\\/\",\"name\":\"Le TILT\",\"description\":\"Recherche, publication, cr\u00e9ation artistique\",\"potentialAction\":[{\"@type\":\"SearchAction\",\"target\":{\"@type\":\"EntryPoint\",\"urlTemplate\":\"https:\\\/\\\/www.leti.lt\\\/wordpress\\\/?s={search_term_string}\"},\"query-input\":{\"@type\":\"PropertyValueSpecification\",\"valueRequired\":true,\"valueName\":\"search_term_string\"}}],\"inLanguage\":\"fr-FR\"},{\"@type\":\"Person\",\"@id\":\"https:\\\/\\\/www.leti.lt\\\/wordpress\\\/#\\\/schema\\\/person\\\/9bb307b2af8fbb575bb3603e57951f75\",\"name\":\"Andr\u00e9ine Bel\",\"image\":{\"@type\":\"ImageObject\",\"inLanguage\":\"fr-FR\",\"@id\":\"https:\\\/\\\/secure.gravatar.com\\\/avatar\\\/4ab041ec7c7ad3b90293023e86528ec1a700ce2971ff61811b2df6b288dd1f38?s=96&d=identicon&r=g\",\"url\":\"https:\\\/\\\/secure.gravatar.com\\\/avatar\\\/4ab041ec7c7ad3b90293023e86528ec1a700ce2971ff61811b2df6b288dd1f38?s=96&d=identicon&r=g\",\"contentUrl\":\"https:\\\/\\\/secure.gravatar.com\\\/avatar\\\/4ab041ec7c7ad3b90293023e86528ec1a700ce2971ff61811b2df6b288dd1f38?s=96&d=identicon&r=g\",\"caption\":\"Andr\u00e9ine Bel\"},\"url\":\"https:\\\/\\\/www.leti.lt\\\/wordpress\\\/author\\\/andreine\\\/\"}]}<\/script>\n<!-- \/ Yoast SEO plugin. -->","yoast_head_json":{"title":"Premi\u00e8re danse forum publique - Le TILT","robots":{"index":"index","follow":"follow","max-snippet":"max-snippet:-1","max-image-preview":"max-image-preview:large","max-video-preview":"max-video-preview:-1"},"canonical":"https:\/\/www.leti.lt\/wordpress\/danseforum-pemieredanseforumpublique\/","og_locale":"fr_FR","og_type":"article","og_title":"Premi\u00e8re danse forum publique - Le TILT","og_description":"Danse forum\u2192 Comptes-ren\u00addus des ate\u00adliers\u2192 Lam\u00adbesc !!1\u00b0 danse forum publique \u2013 13 mai&nbsp;2006 Cette pre\u00admi\u00e8re danse forum en public a&nbsp;eu lieu \u00e0&nbsp;Mira\u00adbeau, dans la r\u00e9gion de Forcalquier. Notre pre\u00admier essai de pr\u00e9\u00adsen\u00adta\u00adtion de danse forum s\u2019est donc fait devant un public ami&nbsp;: la ren\u00adcontre inter-forum ras\u00adsem\u00adblait une tren\u00adtaine de per\u00adsonnes, de cinq troupes dif\u00adf\u00e9\u00adrentes de th\u00e9\u00e2tre forum de la r\u00e9gion. La plu\u00adpart des visages m\u2019\u00e9taient connus, mais peu des autres dan\u00adseurs&nbsp;forum. De notre c\u00f4t\u00e9, nous \u00e9tions huit. Pour deux d\u2019entre [&hellip;]","og_url":"https:\/\/www.leti.lt\/wordpress\/danseforum-pemieredanseforumpublique\/","og_site_name":"Le TILT","article_published_time":"2020-02-16T14:30:33+00:00","author":"Andr\u00e9ine Bel","twitter_card":"summary_large_image","twitter_misc":{"\u00c9crit par":"Andr\u00e9ine Bel","Dur\u00e9e de lecture estim\u00e9e":"9 minutes"},"schema":{"@context":"https:\/\/schema.org","@graph":[{"@type":"Article","@id":"https:\/\/www.leti.lt\/wordpress\/danseforum-pemieredanseforumpublique\/#article","isPartOf":{"@id":"https:\/\/www.leti.lt\/wordpress\/danseforum-pemieredanseforumpublique\/"},"author":{"name":"Andr\u00e9ine Bel","@id":"https:\/\/www.leti.lt\/wordpress\/#\/schema\/person\/9bb307b2af8fbb575bb3603e57951f75"},"headline":"Premi\u00e8re danse forum publique","datePublished":"2020-02-16T14:30:33+00:00","mainEntityOfPage":{"@id":"https:\/\/www.leti.lt\/wordpress\/danseforum-pemieredanseforumpublique\/"},"wordCount":1855,"commentCount":0,"keywords":["DF_Lambesc"],"articleSection":["Ateliers Lambesc"],"inLanguage":"fr-FR","potentialAction":[{"@type":"CommentAction","name":"Comment","target":["https:\/\/www.leti.lt\/wordpress\/danseforum-pemieredanseforumpublique\/#respond"]}]},{"@type":"WebPage","@id":"https:\/\/www.leti.lt\/wordpress\/danseforum-pemieredanseforumpublique\/","url":"https:\/\/www.leti.lt\/wordpress\/danseforum-pemieredanseforumpublique\/","name":"Premi\u00e8re danse forum publique - Le TILT","isPartOf":{"@id":"https:\/\/www.leti.lt\/wordpress\/#website"},"datePublished":"2020-02-16T14:30:33+00:00","author":{"@id":"https:\/\/www.leti.lt\/wordpress\/#\/schema\/person\/9bb307b2af8fbb575bb3603e57951f75"},"breadcrumb":{"@id":"https:\/\/www.leti.lt\/wordpress\/danseforum-pemieredanseforumpublique\/#breadcrumb"},"inLanguage":"fr-FR","potentialAction":[{"@type":"ReadAction","target":["https:\/\/www.leti.lt\/wordpress\/danseforum-pemieredanseforumpublique\/"]}]},{"@type":"BreadcrumbList","@id":"https:\/\/www.leti.lt\/wordpress\/danseforum-pemieredanseforumpublique\/#breadcrumb","itemListElement":[{"@type":"ListItem","position":1,"name":"Accueil","item":"https:\/\/www.leti.lt\/wordpress\/"},{"@type":"ListItem","position":2,"name":"Premi\u00e8re danse forum publique"}]},{"@type":"WebSite","@id":"https:\/\/www.leti.lt\/wordpress\/#website","url":"https:\/\/www.leti.lt\/wordpress\/","name":"Le TILT","description":"Recherche, publication, cr\u00e9ation artistique","potentialAction":[{"@type":"SearchAction","target":{"@type":"EntryPoint","urlTemplate":"https:\/\/www.leti.lt\/wordpress\/?s={search_term_string}"},"query-input":{"@type":"PropertyValueSpecification","valueRequired":true,"valueName":"search_term_string"}}],"inLanguage":"fr-FR"},{"@type":"Person","@id":"https:\/\/www.leti.lt\/wordpress\/#\/schema\/person\/9bb307b2af8fbb575bb3603e57951f75","name":"Andr\u00e9ine Bel","image":{"@type":"ImageObject","inLanguage":"fr-FR","@id":"https:\/\/secure.gravatar.com\/avatar\/4ab041ec7c7ad3b90293023e86528ec1a700ce2971ff61811b2df6b288dd1f38?s=96&d=identicon&r=g","url":"https:\/\/secure.gravatar.com\/avatar\/4ab041ec7c7ad3b90293023e86528ec1a700ce2971ff61811b2df6b288dd1f38?s=96&d=identicon&r=g","contentUrl":"https:\/\/secure.gravatar.com\/avatar\/4ab041ec7c7ad3b90293023e86528ec1a700ce2971ff61811b2df6b288dd1f38?s=96&d=identicon&r=g","caption":"Andr\u00e9ine Bel"},"url":"https:\/\/www.leti.lt\/wordpress\/author\/andreine\/"}]}},"_links":{"self":[{"href":"https:\/\/www.leti.lt\/wordpress\/wp-json\/wp\/v2\/posts\/196","targetHints":{"allow":["GET"]}}],"collection":[{"href":"https:\/\/www.leti.lt\/wordpress\/wp-json\/wp\/v2\/posts"}],"about":[{"href":"https:\/\/www.leti.lt\/wordpress\/wp-json\/wp\/v2\/types\/post"}],"author":[{"embeddable":true,"href":"https:\/\/www.leti.lt\/wordpress\/wp-json\/wp\/v2\/users\/2"}],"replies":[{"embeddable":true,"href":"https:\/\/www.leti.lt\/wordpress\/wp-json\/wp\/v2\/comments?post=196"}],"version-history":[{"count":0,"href":"https:\/\/www.leti.lt\/wordpress\/wp-json\/wp\/v2\/posts\/196\/revisions"}],"wp:attachment":[{"href":"https:\/\/www.leti.lt\/wordpress\/wp-json\/wp\/v2\/media?parent=196"}],"wp:term":[{"taxonomy":"category","embeddable":true,"href":"https:\/\/www.leti.lt\/wordpress\/wp-json\/wp\/v2\/categories?post=196"},{"taxonomy":"post_tag","embeddable":true,"href":"https:\/\/www.leti.lt\/wordpress\/wp-json\/wp\/v2\/tags?post=196"}],"curies":[{"name":"wp","href":"https:\/\/api.w.org\/{rel}","templated":true}]}}