{"id":195,"date":"2020-02-16T15:30:33","date_gmt":"2020-02-16T14:30:33","guid":{"rendered":"https:\/\/www.leti.lt\/wordpress\/?p=195"},"modified":"-0001-11-30T00:00:00","modified_gmt":"-0001-11-29T22:00:00","slug":"danseforum-peinture","status":"publish","type":"post","link":"https:\/\/www.leti.lt\/wordpress\/danseforum-peinture\/","title":{"rendered":"Peinture"},"content":{"rendered":"<p><a href=\"https:\/\/www.leti.lt\/wordpress\/danseforum-danseforum\/\">Danse forum<\/a><br>\u2192 <a href=\"https:\/\/www.leti.lt\/wordpress\/danseforum-comptesrendusateliers\/\">Comptes-ren\u00addus des ate\u00adliers<\/a><br>\u2192 <a href=\"https:\/\/www.leti.lt\/wordpress\/danseforum-lambesc\/\">Lam\u00adbesc<\/a><br><br>!!Pein\u00adture \u2013 29 avril 2006<br><br>La res\u00adpi\u00adra\u00adtion \u00e9tait une dou\u00adleur, les aller\u00adgies plan\u00adnaient, le dos<br>fai\u00adsait mal, la t\u00eate \u00e9tait trop pleine.<br><br>Nous nous sommes pen\u00adch\u00e9s sur les sen\u00adsa\u00adtions des par\u00adties dou\u00adlou\u00adreuses,<br>les situant, et les obser\u00advant dans leur consis\u00adtance&nbsp;: plus ou moins<br>dur ou mou, ten\u00addu ou rel\u00e2\u00adch\u00e9, souple ou raide, sen\u00adsible ou engour\u00addi.<br><br>Accor\u00adder de l\u2019attention \u00e0&nbsp;ces sen\u00adsa\u00adtions, voir leurs besoins,<br>r\u00e9pondre aux besoins de mou\u00adve\u00adments ou d\u2019immobilit\u00e9. Nous nous sommes<br>retrou\u00adv\u00e9s contre mur et sol, cal\u00e9s, accueillis.<br><br>Pause.<br><br>Le tableau de Sophie Dau\u00adtrey, peintre musi\u00adcienne et aujourd\u2019hui dan\u00adseuse<br>\u00e9cri\u00advait une par\u00adti\u00adtion de vie&nbsp;: ah mais&nbsp;!<br><br>Des formes vigou\u00adreuses de cou\u00adleurs tran\u00adch\u00e9es, et des \u00e9mer\u00adgences d\u2019autres<br>cou\u00adleurs dif\u00adfuses. Nous l\u2019avons pla\u00adc\u00e9 au centre de tout, il n\u2019y avait<br>plus qu\u2019\u00e0 lais\u00adser faire, lais\u00adser se mou\u00advoir, en rela\u00adtion, en de\u00e7a de<br>l\u2019\u00e9motion, le geste et le son, ses timbres et ses rythmes, ses<br>concor\u00addances d\u2019un dan\u00adseur \u00e0&nbsp;l\u2019autre. La par\u00adti\u00adtion s\u2019est des\u00adsi\u00adn\u00e9e<br>autour du tableau, les ingr\u00e9\u00addients d\u2019abord, un peu de ceci, un peu<br>comme cela, au hasard le plus pr\u00e8s pos\u00adsible de nos sen\u00adsa\u00adtions. La<br>sauce a&nbsp;pris, ce lien entre les gout\u00adtel\u00adlettes, barat\u00adtage des<br>ingr\u00e9\u00addients pour lais\u00adser affleu\u00adrer ce qui fait sens.<br><br>Le sens des choses est venu apr\u00e8s, avec les mots par\u00adta\u00adg\u00e9s, mis sur<br>les gestes, les formes et les cou\u00adleurs, mots qui cir\u00adcons\u00adcisent au<br>risque d\u2019encadrer. Red\u00e9\u00adfaire l\u2019interpr\u00e9tation, l\u2019ouvrir sur le<br>vivant n\u2019est pas une mince affaire.<br><br>Andr\u00e9ine Bel<\/p><p style=\"color:green; text-align:right !important;\">Article cr\u00e9\u00e9 le 16\/02\/2020<\/p>","protected":false},"excerpt":{"rendered":"<p>Danse forum\u2192 Comptes-ren\u00ad\u00addus des ate\u00adliers\u2192 Lam\u00adbesc !!Pein\u00adture \u2013 29 avril&nbsp;2006 La res\u00adpi\u00adra\u00adtion \u00e9tait une dou\u00adleur, les aller\u00adgies plan\u00adnaient, le dosfai\u00adsait mal, la t\u00eate \u00e9tait trop pleine. Nous nous sommes pen\u00adch\u00e9s sur les sen\u00adsa\u00adtions des par\u00adties dou\u00adlou\u00adreuses,les situant, et les obser\u00advant dans leur consis\u00adtance&nbsp;: plus ou moins\u00addur ou mou, ten\u00addu ou rel\u00e2\u00adch\u00e9, souple ou raide, sen\u00adsible ou engour\u00addi. Accor\u00adder de l\u2019attention \u00e0&nbsp;ces sen\u00adsa\u00adtions, voir leurs besoins,r\u00e9pondre aux besoins de mou\u00adve\u00adments ou d\u2019immobilit\u00e9. Nous nous sommesretrou\u00adv\u00e9s contre mur et sol, cal\u00e9s, accueillis.&nbsp;[\u2026]<\/p>\n","protected":false},"author":2,"featured_media":0,"comment_status":"open","ping_status":"open","sticky":false,"template":"","format":"standard","meta":{"wp_typography_post_enhancements_disabled":false,"footnotes":""},"categories":[184],"tags":[208],"class_list":["post-195","post","type-post","status-publish","format-standard","hentry","category-ateliers_lambesc","tag-df_lambesc"],"yoast_head":"<!-- This site is optimized with the Yoast SEO plugin v27.5 - https:\/\/yoast.com\/product\/yoast-seo-wordpress\/ -->\n<title>Peinture - Le TILT<\/title>\n<meta name=\"robots\" content=\"index, follow, max-snippet:-1, max-image-preview:large, max-video-preview:-1\" \/>\n<link rel=\"canonical\" href=\"https:\/\/www.leti.lt\/wordpress\/danseforum-peinture\/\" \/>\n<meta property=\"og:locale\" content=\"fr_FR\" \/>\n<meta property=\"og:type\" content=\"article\" \/>\n<meta property=\"og:title\" content=\"Peinture - Le TILT\" \/>\n<meta property=\"og:description\" content=\"Danse forum\u2192 Comptes-ren\u00addus des ate\u00adliers\u2192 Lam\u00adbesc !!Pein\u00adture \u2013 29 avril&nbsp;2006 La res\u00adpi\u00adra\u00adtion \u00e9tait une dou\u00adleur, les aller\u00adgies plan\u00adnaient, le dosfai\u00adsait mal, la t\u00eate \u00e9tait trop pleine. Nous nous sommes pen\u00adch\u00e9s sur les sen\u00adsa\u00adtions des par\u00adties dou\u00adlou\u00adreuses,les situant, et les obser\u00advant dans leur consis\u00adtance&nbsp;: plus ou moinsdur ou mou, ten\u00addu ou rel\u00e2\u00adch\u00e9, souple ou raide, sen\u00adsible ou engourdi. Accor\u00adder de l\u2019attention \u00e0&nbsp;ces sen\u00adsa\u00adtions, voir leurs besoins,r\u00e9pondre aux besoins de mou\u00adve\u00adments ou d\u2019immobilit\u00e9. Nous nous sommesretrou\u00adv\u00e9s contre mur et sol, cal\u00e9s, accueillis. [&hellip;]\" \/>\n<meta property=\"og:url\" content=\"https:\/\/www.leti.lt\/wordpress\/danseforum-peinture\/\" \/>\n<meta property=\"og:site_name\" content=\"Le TILT\" \/>\n<meta property=\"article:published_time\" content=\"2020-02-16T14:30:33+00:00\" \/>\n<meta name=\"author\" content=\"Andr\u00e9ine Bel\" \/>\n<meta name=\"twitter:card\" content=\"summary_large_image\" \/>\n<meta name=\"twitter:label1\" content=\"\u00c9crit par\" \/>\n\t<meta name=\"twitter:data1\" content=\"Andr\u00e9ine Bel\" \/>\n\t<meta name=\"twitter:label2\" content=\"Dur\u00e9e de lecture estim\u00e9e\" \/>\n\t<meta name=\"twitter:data2\" content=\"1 minute\" \/>\n<script type=\"application\/ld+json\" class=\"yoast-schema-graph\">{\"@context\":\"https:\\\/\\\/schema.org\",\"@graph\":[{\"@type\":\"Article\",\"@id\":\"https:\\\/\\\/www.leti.lt\\\/wordpress\\\/danseforum-peinture\\\/#article\",\"isPartOf\":{\"@id\":\"https:\\\/\\\/www.leti.lt\\\/wordpress\\\/danseforum-peinture\\\/\"},\"author\":{\"name\":\"Andr\u00e9ine Bel\",\"@id\":\"https:\\\/\\\/www.leti.lt\\\/wordpress\\\/#\\\/schema\\\/person\\\/9bb307b2af8fbb575bb3603e57951f75\"},\"headline\":\"Peinture\",\"datePublished\":\"2020-02-16T14:30:33+00:00\",\"mainEntityOfPage\":{\"@id\":\"https:\\\/\\\/www.leti.lt\\\/wordpress\\\/danseforum-peinture\\\/\"},\"wordCount\":256,\"commentCount\":0,\"keywords\":[\"DF_Lambesc\"],\"articleSection\":[\"Ateliers Lambesc\"],\"inLanguage\":\"fr-FR\",\"potentialAction\":[{\"@type\":\"CommentAction\",\"name\":\"Comment\",\"target\":[\"https:\\\/\\\/www.leti.lt\\\/wordpress\\\/danseforum-peinture\\\/#respond\"]}]},{\"@type\":\"WebPage\",\"@id\":\"https:\\\/\\\/www.leti.lt\\\/wordpress\\\/danseforum-peinture\\\/\",\"url\":\"https:\\\/\\\/www.leti.lt\\\/wordpress\\\/danseforum-peinture\\\/\",\"name\":\"Peinture - Le TILT\",\"isPartOf\":{\"@id\":\"https:\\\/\\\/www.leti.lt\\\/wordpress\\\/#website\"},\"datePublished\":\"2020-02-16T14:30:33+00:00\",\"author\":{\"@id\":\"https:\\\/\\\/www.leti.lt\\\/wordpress\\\/#\\\/schema\\\/person\\\/9bb307b2af8fbb575bb3603e57951f75\"},\"breadcrumb\":{\"@id\":\"https:\\\/\\\/www.leti.lt\\\/wordpress\\\/danseforum-peinture\\\/#breadcrumb\"},\"inLanguage\":\"fr-FR\",\"potentialAction\":[{\"@type\":\"ReadAction\",\"target\":[\"https:\\\/\\\/www.leti.lt\\\/wordpress\\\/danseforum-peinture\\\/\"]}]},{\"@type\":\"BreadcrumbList\",\"@id\":\"https:\\\/\\\/www.leti.lt\\\/wordpress\\\/danseforum-peinture\\\/#breadcrumb\",\"itemListElement\":[{\"@type\":\"ListItem\",\"position\":1,\"name\":\"Accueil\",\"item\":\"https:\\\/\\\/www.leti.lt\\\/wordpress\\\/\"},{\"@type\":\"ListItem\",\"position\":2,\"name\":\"Peinture\"}]},{\"@type\":\"WebSite\",\"@id\":\"https:\\\/\\\/www.leti.lt\\\/wordpress\\\/#website\",\"url\":\"https:\\\/\\\/www.leti.lt\\\/wordpress\\\/\",\"name\":\"Le TILT\",\"description\":\"Recherche, publication, cr\u00e9ation artistique\",\"potentialAction\":[{\"@type\":\"SearchAction\",\"target\":{\"@type\":\"EntryPoint\",\"urlTemplate\":\"https:\\\/\\\/www.leti.lt\\\/wordpress\\\/?s={search_term_string}\"},\"query-input\":{\"@type\":\"PropertyValueSpecification\",\"valueRequired\":true,\"valueName\":\"search_term_string\"}}],\"inLanguage\":\"fr-FR\"},{\"@type\":\"Person\",\"@id\":\"https:\\\/\\\/www.leti.lt\\\/wordpress\\\/#\\\/schema\\\/person\\\/9bb307b2af8fbb575bb3603e57951f75\",\"name\":\"Andr\u00e9ine Bel\",\"image\":{\"@type\":\"ImageObject\",\"inLanguage\":\"fr-FR\",\"@id\":\"https:\\\/\\\/secure.gravatar.com\\\/avatar\\\/4ab041ec7c7ad3b90293023e86528ec1a700ce2971ff61811b2df6b288dd1f38?s=96&d=identicon&r=g\",\"url\":\"https:\\\/\\\/secure.gravatar.com\\\/avatar\\\/4ab041ec7c7ad3b90293023e86528ec1a700ce2971ff61811b2df6b288dd1f38?s=96&d=identicon&r=g\",\"contentUrl\":\"https:\\\/\\\/secure.gravatar.com\\\/avatar\\\/4ab041ec7c7ad3b90293023e86528ec1a700ce2971ff61811b2df6b288dd1f38?s=96&d=identicon&r=g\",\"caption\":\"Andr\u00e9ine Bel\"},\"url\":\"https:\\\/\\\/www.leti.lt\\\/wordpress\\\/author\\\/andreine\\\/\"}]}<\/script>\n<!-- \/ Yoast SEO plugin. -->","yoast_head_json":{"title":"Peinture - Le TILT","robots":{"index":"index","follow":"follow","max-snippet":"max-snippet:-1","max-image-preview":"max-image-preview:large","max-video-preview":"max-video-preview:-1"},"canonical":"https:\/\/www.leti.lt\/wordpress\/danseforum-peinture\/","og_locale":"fr_FR","og_type":"article","og_title":"Peinture - Le TILT","og_description":"Danse forum\u2192 Comptes-ren\u00addus des ate\u00adliers\u2192 Lam\u00adbesc !!Pein\u00adture \u2013 29 avril&nbsp;2006 La res\u00adpi\u00adra\u00adtion \u00e9tait une dou\u00adleur, les aller\u00adgies plan\u00adnaient, le dosfai\u00adsait mal, la t\u00eate \u00e9tait trop pleine. Nous nous sommes pen\u00adch\u00e9s sur les sen\u00adsa\u00adtions des par\u00adties dou\u00adlou\u00adreuses,les situant, et les obser\u00advant dans leur consis\u00adtance&nbsp;: plus ou moinsdur ou mou, ten\u00addu ou rel\u00e2\u00adch\u00e9, souple ou raide, sen\u00adsible ou engourdi. Accor\u00adder de l\u2019attention \u00e0&nbsp;ces sen\u00adsa\u00adtions, voir leurs besoins,r\u00e9pondre aux besoins de mou\u00adve\u00adments ou d\u2019immobilit\u00e9. Nous nous sommesretrou\u00adv\u00e9s contre mur et sol, cal\u00e9s, accueillis. [&hellip;]","og_url":"https:\/\/www.leti.lt\/wordpress\/danseforum-peinture\/","og_site_name":"Le TILT","article_published_time":"2020-02-16T14:30:33+00:00","author":"Andr\u00e9ine Bel","twitter_card":"summary_large_image","twitter_misc":{"\u00c9crit par":"Andr\u00e9ine Bel","Dur\u00e9e de lecture estim\u00e9e":"1 minute"},"schema":{"@context":"https:\/\/schema.org","@graph":[{"@type":"Article","@id":"https:\/\/www.leti.lt\/wordpress\/danseforum-peinture\/#article","isPartOf":{"@id":"https:\/\/www.leti.lt\/wordpress\/danseforum-peinture\/"},"author":{"name":"Andr\u00e9ine Bel","@id":"https:\/\/www.leti.lt\/wordpress\/#\/schema\/person\/9bb307b2af8fbb575bb3603e57951f75"},"headline":"Peinture","datePublished":"2020-02-16T14:30:33+00:00","mainEntityOfPage":{"@id":"https:\/\/www.leti.lt\/wordpress\/danseforum-peinture\/"},"wordCount":256,"commentCount":0,"keywords":["DF_Lambesc"],"articleSection":["Ateliers Lambesc"],"inLanguage":"fr-FR","potentialAction":[{"@type":"CommentAction","name":"Comment","target":["https:\/\/www.leti.lt\/wordpress\/danseforum-peinture\/#respond"]}]},{"@type":"WebPage","@id":"https:\/\/www.leti.lt\/wordpress\/danseforum-peinture\/","url":"https:\/\/www.leti.lt\/wordpress\/danseforum-peinture\/","name":"Peinture - Le TILT","isPartOf":{"@id":"https:\/\/www.leti.lt\/wordpress\/#website"},"datePublished":"2020-02-16T14:30:33+00:00","author":{"@id":"https:\/\/www.leti.lt\/wordpress\/#\/schema\/person\/9bb307b2af8fbb575bb3603e57951f75"},"breadcrumb":{"@id":"https:\/\/www.leti.lt\/wordpress\/danseforum-peinture\/#breadcrumb"},"inLanguage":"fr-FR","potentialAction":[{"@type":"ReadAction","target":["https:\/\/www.leti.lt\/wordpress\/danseforum-peinture\/"]}]},{"@type":"BreadcrumbList","@id":"https:\/\/www.leti.lt\/wordpress\/danseforum-peinture\/#breadcrumb","itemListElement":[{"@type":"ListItem","position":1,"name":"Accueil","item":"https:\/\/www.leti.lt\/wordpress\/"},{"@type":"ListItem","position":2,"name":"Peinture"}]},{"@type":"WebSite","@id":"https:\/\/www.leti.lt\/wordpress\/#website","url":"https:\/\/www.leti.lt\/wordpress\/","name":"Le TILT","description":"Recherche, publication, cr\u00e9ation artistique","potentialAction":[{"@type":"SearchAction","target":{"@type":"EntryPoint","urlTemplate":"https:\/\/www.leti.lt\/wordpress\/?s={search_term_string}"},"query-input":{"@type":"PropertyValueSpecification","valueRequired":true,"valueName":"search_term_string"}}],"inLanguage":"fr-FR"},{"@type":"Person","@id":"https:\/\/www.leti.lt\/wordpress\/#\/schema\/person\/9bb307b2af8fbb575bb3603e57951f75","name":"Andr\u00e9ine Bel","image":{"@type":"ImageObject","inLanguage":"fr-FR","@id":"https:\/\/secure.gravatar.com\/avatar\/4ab041ec7c7ad3b90293023e86528ec1a700ce2971ff61811b2df6b288dd1f38?s=96&d=identicon&r=g","url":"https:\/\/secure.gravatar.com\/avatar\/4ab041ec7c7ad3b90293023e86528ec1a700ce2971ff61811b2df6b288dd1f38?s=96&d=identicon&r=g","contentUrl":"https:\/\/secure.gravatar.com\/avatar\/4ab041ec7c7ad3b90293023e86528ec1a700ce2971ff61811b2df6b288dd1f38?s=96&d=identicon&r=g","caption":"Andr\u00e9ine Bel"},"url":"https:\/\/www.leti.lt\/wordpress\/author\/andreine\/"}]}},"_links":{"self":[{"href":"https:\/\/www.leti.lt\/wordpress\/wp-json\/wp\/v2\/posts\/195","targetHints":{"allow":["GET"]}}],"collection":[{"href":"https:\/\/www.leti.lt\/wordpress\/wp-json\/wp\/v2\/posts"}],"about":[{"href":"https:\/\/www.leti.lt\/wordpress\/wp-json\/wp\/v2\/types\/post"}],"author":[{"embeddable":true,"href":"https:\/\/www.leti.lt\/wordpress\/wp-json\/wp\/v2\/users\/2"}],"replies":[{"embeddable":true,"href":"https:\/\/www.leti.lt\/wordpress\/wp-json\/wp\/v2\/comments?post=195"}],"version-history":[{"count":0,"href":"https:\/\/www.leti.lt\/wordpress\/wp-json\/wp\/v2\/posts\/195\/revisions"}],"wp:attachment":[{"href":"https:\/\/www.leti.lt\/wordpress\/wp-json\/wp\/v2\/media?parent=195"}],"wp:term":[{"taxonomy":"category","embeddable":true,"href":"https:\/\/www.leti.lt\/wordpress\/wp-json\/wp\/v2\/categories?post=195"},{"taxonomy":"post_tag","embeddable":true,"href":"https:\/\/www.leti.lt\/wordpress\/wp-json\/wp\/v2\/tags?post=195"}],"curies":[{"name":"wp","href":"https:\/\/api.w.org\/{rel}","templated":true}]}}