{"id":193,"date":"2020-02-16T15:30:33","date_gmt":"2020-02-16T14:30:33","guid":{"rendered":"https:\/\/www.leti.lt\/wordpress\/?p=193"},"modified":"-0001-11-30T00:00:00","modified_gmt":"-0001-11-29T22:00:00","slug":"danseforum-papillon","status":"publish","type":"post","link":"https:\/\/www.leti.lt\/wordpress\/danseforum-papillon\/","title":{"rendered":"Papillon"},"content":{"rendered":"<p><a href=\"https:\/\/www.leti.lt\/wordpress\/danseforum-danseforum\/\">Danse forum<\/a><br>\u2192 <a href=\"https:\/\/www.leti.lt\/wordpress\/danseforum-comptesrendusateliers\/\">Comptes-ren\u00addus des ate\u00adliers<\/a><br>\u2192 <a href=\"https:\/\/www.leti.lt\/wordpress\/danseforum-lambesc\/\">Lam\u00adbesc<\/a><br><br>!!Le papillon \u2013 15 mars 2008<br><br><br><br>Nous \u00e9tions cinq.<br><br>Cela a&nbsp;d\u00e9mar\u00adr\u00e9 dif\u00adfi\u00adci\u00adle\u00adment, sur un th\u00e8me qui s\u2019est d\u00e9ga\u00adg\u00e9 peu \u00e0&nbsp;peu&nbsp;: \u00ab&nbsp;le conte\u00adnu et le conte\u00adnant&nbsp;\u00bb. Com\u00adment faire pour que la vie bouillon\u00adnante puisse \u00eatre contenue,trouver sa forme et son mou\u00adve\u00adment, sans \u00eatre empri\u00adson\u00adn\u00e9e&nbsp;?<br><br>Nous ne trou\u00advions pas.<br><br>C\u2019est le papillon qui nous a&nbsp;don\u00adn\u00e9 la r\u00e9ponse. Un chas\u00ads\u00e9 croi\u00ads\u00e9 \u00e0&nbsp;plu\u00adsieurs temps, sur plu\u00adsieurs niveaux, de quatre corps. \u00c9las\u00adti\u00adci\u00adt\u00e9 de l\u2019espace et du temps. Fr\u00e9\u00admis\u00adse\u00adment de ses ailes sur les \u00e9paules du conte\u00adnant, puis aus\u00adsi\u00adt\u00f4t repar\u00adti vers d\u2019autres saveurs. Valse des papillons qui vire\u00advoltent, se ras\u00adsemblent et se d\u00e9s\u00adunissent pour que tout le ciel se colo\u00adrie. Puis, le soir venu, regrou\u00adpe\u00adment sous une large feuille, pour voir les cou\u00adleurs du cou\u00adchant\u2026<br><br><i>Pro\u00adpo\u00adsi\u00adtions<\/i><br><br>Apr\u00e8s l\u2019atelier, nous avons (enfin) trou\u00adv\u00e9 un bar ouvert et sym\u00adpa \u00e0&nbsp;Lam\u00adbesc.<br><br>Assis en par\u00adtie sur les tables (que nous avions pris pour des cous\u00adsins), nous avons refait la danse forum, enfin, cher\u00adch\u00e9 com\u00adment l\u2019alimenter concr\u00e8\u00adte\u00adment&nbsp;:<br><br>- pour d\u00e9ve\u00adlop\u00adper la danse \u00ab&nbsp;selon l\u2019instant&nbsp;\u00bb (\u2026 qui va vrai\u00adsem\u00adbla\u00adble\u00adment deve\u00adnir \u00ab&nbsp;selon l\u2019immanence&nbsp;\u00bb, je vous sou\u00admet\u00adtrai bien\u00adt\u00f4t un topo l\u00e0-des\u00adsus) : r\u00e9ser\u00adver une demi-heure \u00e0&nbsp;une tech\u00adnique. L\u2019un d\u2019entre nous, dif\u00adf\u00e9\u00adrent \u00e0&nbsp;chaque fois, expert en tel ou tel ingr\u00e9\u00addient de danse, nous trans\u00admet\u00adtra&nbsp;: le tra\u00advail du regard, des expres\u00adsions faciales, des arti\u00adcu\u00adla\u00adtions, des pieds\/mains, rythmes, direc\u00adtions, sen\u00adsa\u00adtion de l\u2019espace etc.<br><br>- pour d\u00e9ve\u00adlop\u00adper le forum&nbsp;: tra\u00adcer pen\u00addant l\u2019atelier, par la plume ou le pin\u00adceau, l\u2019\u00e9criture auto\u00adma\u00adtique ou la po\u00e9\u00adsie, ce qui se donne \u00e0&nbsp;voir et entendre. Ces traces pour\u00adront ser\u00advir de bilan, per\u00adson\u00adnel et\/ou de groupe, et de sup\u00adport au forum sui\u00advant.<br><br>- pour d\u00e9ve\u00adlop\u00adper la danse forum&nbsp;: mieux uti\u00adli\u00adser les com\u00adp\u00e9\u00adtences artis\u00adtiques de cha\u00adcun, allier le th\u00e9\u00e2tre, la musique et la po\u00e9\u00adsie, la pein\u00adture et le chant \u00e0&nbsp;la danse forum.<br><br>Au milieu de la cas\u00adse\u00adrole<br><br>par\u00admi les patates -<br><br>le clair de lune&nbsp;!<br><br>Mori\u00adka\u00adwa Kyo\u00adro\u00adku<br><br>et sa ser\u00advante, Andr\u00e9ine Bel,<br><br>d\u2019apr\u00e8s les retours de&nbsp;: Andr\u00e9ine B, Johan\u00adna B, Marie-Aude F, Nadine G,&nbsp;R\u00e9my.<\/p><p style=\"color:green; text-align:right !important;\">Article cr\u00e9\u00e9 le 16\/02\/2020<\/p>","protected":false},"excerpt":{"rendered":"<p>Danse forum\u2192 Comptes-ren\u00ad\u00addus des ate\u00adliers\u2192 Lam\u00adbesc !!Le papillon \u2013 15 mars&nbsp;2008 Nous \u00e9tions cinq. Cela a&nbsp;d\u00e9mar\u00adr\u00e9 dif\u00adfi\u00adci\u00adle\u00adment, sur un th\u00e8me qui s\u2019est d\u00e9ga\u00adg\u00e9 peu \u00e0&nbsp;peu&nbsp;: \u00ab&nbsp;le conte\u00adnu et le conte\u00adnant&nbsp;\u00bb. Com\u00adment faire pour que la vie bouillon\u00adnante puisse \u00eatre contenue,trouver sa forme et son mou\u00adve\u00adment, sans \u00eatre empri\u00adson\u00adn\u00e9e&nbsp;? Nous ne trou\u00advions&nbsp;pas. C\u2019est le papillon qui nous a&nbsp;don\u00adn\u00e9 la r\u00e9ponse. Un chas\u00ads\u00e9 croi\u00ads\u00e9 \u00e0&nbsp;plu\u00adsieurs temps, sur plu\u00adsieurs niveaux, de quatre corps. \u00c9las\u00adti\u00adci\u00adt\u00e9 de l\u2019espace et du temps. Fr\u00e9\u00admis\u00adse\u00adment de ses&nbsp;ailes&nbsp;[\u2026]<\/p>\n","protected":false},"author":2,"featured_media":0,"comment_status":"open","ping_status":"open","sticky":false,"template":"","format":"standard","meta":{"wp_typography_post_enhancements_disabled":false,"footnotes":""},"categories":[184],"tags":[208],"class_list":["post-193","post","type-post","status-publish","format-standard","hentry","category-ateliers_lambesc","tag-df_lambesc"],"yoast_head":"<!-- This site is optimized with the Yoast SEO plugin v27.5 - https:\/\/yoast.com\/product\/yoast-seo-wordpress\/ -->\n<title>Papillon - Le TILT<\/title>\n<meta name=\"robots\" content=\"index, follow, max-snippet:-1, max-image-preview:large, max-video-preview:-1\" \/>\n<link rel=\"canonical\" href=\"https:\/\/www.leti.lt\/wordpress\/danseforum-papillon\/\" \/>\n<meta property=\"og:locale\" content=\"fr_FR\" \/>\n<meta property=\"og:type\" content=\"article\" \/>\n<meta property=\"og:title\" content=\"Papillon - Le TILT\" \/>\n<meta property=\"og:description\" content=\"Danse forum\u2192 Comptes-ren\u00addus des ate\u00adliers\u2192 Lam\u00adbesc !!Le papillon \u2013 15 mars&nbsp;2008 Nous \u00e9tions cinq. Cela a&nbsp;d\u00e9mar\u00adr\u00e9 dif\u00adfi\u00adci\u00adle\u00adment, sur un th\u00e8me qui s\u2019est d\u00e9ga\u00adg\u00e9 peu \u00e0&nbsp;peu&nbsp;: \u00ab&nbsp;le conte\u00adnu et le conte\u00adnant&nbsp;\u00bb. Com\u00adment faire pour que la vie bouillon\u00adnante puisse \u00eatre contenue,trouver sa forme et son mou\u00adve\u00adment, sans \u00eatre emprisonn\u00e9e&nbsp;? Nous ne trou\u00advions&nbsp;pas. C\u2019est le papillon qui nous a&nbsp;don\u00adn\u00e9 la r\u00e9ponse. Un chas\u00ads\u00e9 croi\u00ads\u00e9 \u00e0&nbsp;plu\u00adsieurs temps, sur plu\u00adsieurs niveaux, de quatre corps. \u00c9las\u00adti\u00adci\u00adt\u00e9 de l\u2019espace et du temps. Fr\u00e9\u00admis\u00adse\u00adment de ses ailes [&hellip;]\" \/>\n<meta property=\"og:url\" content=\"https:\/\/www.leti.lt\/wordpress\/danseforum-papillon\/\" \/>\n<meta property=\"og:site_name\" content=\"Le TILT\" \/>\n<meta property=\"article:published_time\" content=\"2020-02-16T14:30:33+00:00\" \/>\n<meta name=\"author\" content=\"Andr\u00e9ine Bel\" \/>\n<meta name=\"twitter:card\" content=\"summary_large_image\" \/>\n<meta name=\"twitter:label1\" content=\"\u00c9crit par\" \/>\n\t<meta name=\"twitter:data1\" content=\"Andr\u00e9ine Bel\" \/>\n\t<meta name=\"twitter:label2\" content=\"Dur\u00e9e de lecture estim\u00e9e\" \/>\n\t<meta name=\"twitter:data2\" content=\"2 minutes\" \/>\n<script type=\"application\/ld+json\" class=\"yoast-schema-graph\">{\"@context\":\"https:\\\/\\\/schema.org\",\"@graph\":[{\"@type\":\"Article\",\"@id\":\"https:\\\/\\\/www.leti.lt\\\/wordpress\\\/danseforum-papillon\\\/#article\",\"isPartOf\":{\"@id\":\"https:\\\/\\\/www.leti.lt\\\/wordpress\\\/danseforum-papillon\\\/\"},\"author\":{\"name\":\"Andr\u00e9ine Bel\",\"@id\":\"https:\\\/\\\/www.leti.lt\\\/wordpress\\\/#\\\/schema\\\/person\\\/9bb307b2af8fbb575bb3603e57951f75\"},\"headline\":\"Papillon\",\"datePublished\":\"2020-02-16T14:30:33+00:00\",\"mainEntityOfPage\":{\"@id\":\"https:\\\/\\\/www.leti.lt\\\/wordpress\\\/danseforum-papillon\\\/\"},\"wordCount\":368,\"commentCount\":0,\"keywords\":[\"DF_Lambesc\"],\"articleSection\":[\"Ateliers Lambesc\"],\"inLanguage\":\"fr-FR\",\"potentialAction\":[{\"@type\":\"CommentAction\",\"name\":\"Comment\",\"target\":[\"https:\\\/\\\/www.leti.lt\\\/wordpress\\\/danseforum-papillon\\\/#respond\"]}]},{\"@type\":\"WebPage\",\"@id\":\"https:\\\/\\\/www.leti.lt\\\/wordpress\\\/danseforum-papillon\\\/\",\"url\":\"https:\\\/\\\/www.leti.lt\\\/wordpress\\\/danseforum-papillon\\\/\",\"name\":\"Papillon - Le TILT\",\"isPartOf\":{\"@id\":\"https:\\\/\\\/www.leti.lt\\\/wordpress\\\/#website\"},\"datePublished\":\"2020-02-16T14:30:33+00:00\",\"author\":{\"@id\":\"https:\\\/\\\/www.leti.lt\\\/wordpress\\\/#\\\/schema\\\/person\\\/9bb307b2af8fbb575bb3603e57951f75\"},\"breadcrumb\":{\"@id\":\"https:\\\/\\\/www.leti.lt\\\/wordpress\\\/danseforum-papillon\\\/#breadcrumb\"},\"inLanguage\":\"fr-FR\",\"potentialAction\":[{\"@type\":\"ReadAction\",\"target\":[\"https:\\\/\\\/www.leti.lt\\\/wordpress\\\/danseforum-papillon\\\/\"]}]},{\"@type\":\"BreadcrumbList\",\"@id\":\"https:\\\/\\\/www.leti.lt\\\/wordpress\\\/danseforum-papillon\\\/#breadcrumb\",\"itemListElement\":[{\"@type\":\"ListItem\",\"position\":1,\"name\":\"Accueil\",\"item\":\"https:\\\/\\\/www.leti.lt\\\/wordpress\\\/\"},{\"@type\":\"ListItem\",\"position\":2,\"name\":\"Papillon\"}]},{\"@type\":\"WebSite\",\"@id\":\"https:\\\/\\\/www.leti.lt\\\/wordpress\\\/#website\",\"url\":\"https:\\\/\\\/www.leti.lt\\\/wordpress\\\/\",\"name\":\"Le TILT\",\"description\":\"Recherche, publication, cr\u00e9ation artistique\",\"potentialAction\":[{\"@type\":\"SearchAction\",\"target\":{\"@type\":\"EntryPoint\",\"urlTemplate\":\"https:\\\/\\\/www.leti.lt\\\/wordpress\\\/?s={search_term_string}\"},\"query-input\":{\"@type\":\"PropertyValueSpecification\",\"valueRequired\":true,\"valueName\":\"search_term_string\"}}],\"inLanguage\":\"fr-FR\"},{\"@type\":\"Person\",\"@id\":\"https:\\\/\\\/www.leti.lt\\\/wordpress\\\/#\\\/schema\\\/person\\\/9bb307b2af8fbb575bb3603e57951f75\",\"name\":\"Andr\u00e9ine Bel\",\"image\":{\"@type\":\"ImageObject\",\"inLanguage\":\"fr-FR\",\"@id\":\"https:\\\/\\\/secure.gravatar.com\\\/avatar\\\/4ab041ec7c7ad3b90293023e86528ec1a700ce2971ff61811b2df6b288dd1f38?s=96&d=identicon&r=g\",\"url\":\"https:\\\/\\\/secure.gravatar.com\\\/avatar\\\/4ab041ec7c7ad3b90293023e86528ec1a700ce2971ff61811b2df6b288dd1f38?s=96&d=identicon&r=g\",\"contentUrl\":\"https:\\\/\\\/secure.gravatar.com\\\/avatar\\\/4ab041ec7c7ad3b90293023e86528ec1a700ce2971ff61811b2df6b288dd1f38?s=96&d=identicon&r=g\",\"caption\":\"Andr\u00e9ine Bel\"},\"url\":\"https:\\\/\\\/www.leti.lt\\\/wordpress\\\/author\\\/andreine\\\/\"}]}<\/script>\n<!-- \/ Yoast SEO plugin. -->","yoast_head_json":{"title":"Papillon - Le TILT","robots":{"index":"index","follow":"follow","max-snippet":"max-snippet:-1","max-image-preview":"max-image-preview:large","max-video-preview":"max-video-preview:-1"},"canonical":"https:\/\/www.leti.lt\/wordpress\/danseforum-papillon\/","og_locale":"fr_FR","og_type":"article","og_title":"Papillon - Le TILT","og_description":"Danse forum\u2192 Comptes-ren\u00addus des ate\u00adliers\u2192 Lam\u00adbesc !!Le papillon \u2013 15 mars&nbsp;2008 Nous \u00e9tions cinq. Cela a&nbsp;d\u00e9mar\u00adr\u00e9 dif\u00adfi\u00adci\u00adle\u00adment, sur un th\u00e8me qui s\u2019est d\u00e9ga\u00adg\u00e9 peu \u00e0&nbsp;peu&nbsp;: \u00ab&nbsp;le conte\u00adnu et le conte\u00adnant&nbsp;\u00bb. Com\u00adment faire pour que la vie bouillon\u00adnante puisse \u00eatre contenue,trouver sa forme et son mou\u00adve\u00adment, sans \u00eatre emprisonn\u00e9e&nbsp;? Nous ne trou\u00advions&nbsp;pas. C\u2019est le papillon qui nous a&nbsp;don\u00adn\u00e9 la r\u00e9ponse. Un chas\u00ads\u00e9 croi\u00ads\u00e9 \u00e0&nbsp;plu\u00adsieurs temps, sur plu\u00adsieurs niveaux, de quatre corps. \u00c9las\u00adti\u00adci\u00adt\u00e9 de l\u2019espace et du temps. Fr\u00e9\u00admis\u00adse\u00adment de ses ailes [&hellip;]","og_url":"https:\/\/www.leti.lt\/wordpress\/danseforum-papillon\/","og_site_name":"Le TILT","article_published_time":"2020-02-16T14:30:33+00:00","author":"Andr\u00e9ine Bel","twitter_card":"summary_large_image","twitter_misc":{"\u00c9crit par":"Andr\u00e9ine Bel","Dur\u00e9e de lecture estim\u00e9e":"2 minutes"},"schema":{"@context":"https:\/\/schema.org","@graph":[{"@type":"Article","@id":"https:\/\/www.leti.lt\/wordpress\/danseforum-papillon\/#article","isPartOf":{"@id":"https:\/\/www.leti.lt\/wordpress\/danseforum-papillon\/"},"author":{"name":"Andr\u00e9ine Bel","@id":"https:\/\/www.leti.lt\/wordpress\/#\/schema\/person\/9bb307b2af8fbb575bb3603e57951f75"},"headline":"Papillon","datePublished":"2020-02-16T14:30:33+00:00","mainEntityOfPage":{"@id":"https:\/\/www.leti.lt\/wordpress\/danseforum-papillon\/"},"wordCount":368,"commentCount":0,"keywords":["DF_Lambesc"],"articleSection":["Ateliers Lambesc"],"inLanguage":"fr-FR","potentialAction":[{"@type":"CommentAction","name":"Comment","target":["https:\/\/www.leti.lt\/wordpress\/danseforum-papillon\/#respond"]}]},{"@type":"WebPage","@id":"https:\/\/www.leti.lt\/wordpress\/danseforum-papillon\/","url":"https:\/\/www.leti.lt\/wordpress\/danseforum-papillon\/","name":"Papillon - Le TILT","isPartOf":{"@id":"https:\/\/www.leti.lt\/wordpress\/#website"},"datePublished":"2020-02-16T14:30:33+00:00","author":{"@id":"https:\/\/www.leti.lt\/wordpress\/#\/schema\/person\/9bb307b2af8fbb575bb3603e57951f75"},"breadcrumb":{"@id":"https:\/\/www.leti.lt\/wordpress\/danseforum-papillon\/#breadcrumb"},"inLanguage":"fr-FR","potentialAction":[{"@type":"ReadAction","target":["https:\/\/www.leti.lt\/wordpress\/danseforum-papillon\/"]}]},{"@type":"BreadcrumbList","@id":"https:\/\/www.leti.lt\/wordpress\/danseforum-papillon\/#breadcrumb","itemListElement":[{"@type":"ListItem","position":1,"name":"Accueil","item":"https:\/\/www.leti.lt\/wordpress\/"},{"@type":"ListItem","position":2,"name":"Papillon"}]},{"@type":"WebSite","@id":"https:\/\/www.leti.lt\/wordpress\/#website","url":"https:\/\/www.leti.lt\/wordpress\/","name":"Le TILT","description":"Recherche, publication, cr\u00e9ation artistique","potentialAction":[{"@type":"SearchAction","target":{"@type":"EntryPoint","urlTemplate":"https:\/\/www.leti.lt\/wordpress\/?s={search_term_string}"},"query-input":{"@type":"PropertyValueSpecification","valueRequired":true,"valueName":"search_term_string"}}],"inLanguage":"fr-FR"},{"@type":"Person","@id":"https:\/\/www.leti.lt\/wordpress\/#\/schema\/person\/9bb307b2af8fbb575bb3603e57951f75","name":"Andr\u00e9ine Bel","image":{"@type":"ImageObject","inLanguage":"fr-FR","@id":"https:\/\/secure.gravatar.com\/avatar\/4ab041ec7c7ad3b90293023e86528ec1a700ce2971ff61811b2df6b288dd1f38?s=96&d=identicon&r=g","url":"https:\/\/secure.gravatar.com\/avatar\/4ab041ec7c7ad3b90293023e86528ec1a700ce2971ff61811b2df6b288dd1f38?s=96&d=identicon&r=g","contentUrl":"https:\/\/secure.gravatar.com\/avatar\/4ab041ec7c7ad3b90293023e86528ec1a700ce2971ff61811b2df6b288dd1f38?s=96&d=identicon&r=g","caption":"Andr\u00e9ine Bel"},"url":"https:\/\/www.leti.lt\/wordpress\/author\/andreine\/"}]}},"_links":{"self":[{"href":"https:\/\/www.leti.lt\/wordpress\/wp-json\/wp\/v2\/posts\/193","targetHints":{"allow":["GET"]}}],"collection":[{"href":"https:\/\/www.leti.lt\/wordpress\/wp-json\/wp\/v2\/posts"}],"about":[{"href":"https:\/\/www.leti.lt\/wordpress\/wp-json\/wp\/v2\/types\/post"}],"author":[{"embeddable":true,"href":"https:\/\/www.leti.lt\/wordpress\/wp-json\/wp\/v2\/users\/2"}],"replies":[{"embeddable":true,"href":"https:\/\/www.leti.lt\/wordpress\/wp-json\/wp\/v2\/comments?post=193"}],"version-history":[{"count":0,"href":"https:\/\/www.leti.lt\/wordpress\/wp-json\/wp\/v2\/posts\/193\/revisions"}],"wp:attachment":[{"href":"https:\/\/www.leti.lt\/wordpress\/wp-json\/wp\/v2\/media?parent=193"}],"wp:term":[{"taxonomy":"category","embeddable":true,"href":"https:\/\/www.leti.lt\/wordpress\/wp-json\/wp\/v2\/categories?post=193"},{"taxonomy":"post_tag","embeddable":true,"href":"https:\/\/www.leti.lt\/wordpress\/wp-json\/wp\/v2\/tags?post=193"}],"curies":[{"name":"wp","href":"https:\/\/api.w.org\/{rel}","templated":true}]}}