{"id":192,"date":"2020-02-16T15:30:33","date_gmt":"2020-02-16T14:30:33","guid":{"rendered":"https:\/\/www.leti.lt\/wordpress\/?p=192"},"modified":"-0001-11-30T00:00:00","modified_gmt":"-0001-11-29T22:00:00","slug":"danseforum-oscillation","status":"publish","type":"post","link":"https:\/\/www.leti.lt\/wordpress\/danseforum-oscillation\/","title":{"rendered":"Oscillation"},"content":{"rendered":"<p><a href=\"https:\/\/www.leti.lt\/wordpress\/danseforum-danseforum\/\">Danse forum<\/a><br>\u2192 <a href=\"https:\/\/www.leti.lt\/wordpress\/danseforum-comptesrendusateliers\/\">Comptes-ren\u00addus des ate\u00adliers<\/a><br>\u2192 <a href=\"https:\/\/www.leti.lt\/wordpress\/danseforum-lambesc\/\">Lam\u00adbesc<\/a><br><br>!!L\u2019oscillation \u2013 22 mars 2008<br><br>A deux, l\u2019oscillation a&nbsp;\u00e9t\u00e9 rela\u00adti\u00adve\u00adment facile \u00e0&nbsp;trou\u00adver, deux image se sont impo\u00ads\u00e9es \u00e0&nbsp;nous, \u00e0&nbsp;par\u00adtir de nos mou\u00adve\u00adments et sen\u00adsa\u00adtions&nbsp;: celle du va-et-vient court et rapide, et celle de la bulle d\u2019air dans le niveau du char\u00adpen\u00adtier ou du ma\u00e7on.<br><br>Le va-et-vient \u00e9tait t\u00e9nu et rete\u00adnu, intense, et cette inten\u00adsi\u00adt\u00e9 a&nbsp;\u00e9t\u00e9 por\u00adteuse d\u2019un d\u00e9noue\u00adment, d\u2019une liber\u00adt\u00e9 d\u2019agir. La bulle d\u2019air go\u00fb\u00adtait une nou\u00advelle ampleur de liber\u00adt\u00e9, \u00e9vi\u00adtant les extr\u00eames et se lais\u00adsant flot\u00adter tout en jouant sur la mise \u00e0&nbsp;niveau. C\u2019est bien la pre\u00admi\u00e8re fois que je vivais ce par\u00adfum d\u2019insouciance atten\u00adtive \u00e0&nbsp;oscil\u00adler libre\u00adment autour du point de niveau.<br><br>Oscil\u00adla\u00adtion vers le bas du pen\u00addule, vers le haut du m\u00e9tro\u00adnome, le va-et-vient f\u00fbt un peu tout cela.<br><br>Oscil\u00adla\u00adtion entre la forme et l\u2019inform\u00e9, le droit et le courbe, le rond et l\u2019anguleux, le vif et le mou, le lent et l\u2019intense, la rigueur et la non\u00adcha\u00adlance, bref, en fin de compte, oscil\u00adla\u00adtion entre le va-et-vient et la bulle d\u2019air<br><br>\u2026 juste autour du juste milieu, his\u00adtoire de ne pas y&nbsp;tom\u00adber dedans.<br><br>Andr\u00e9ine Bel<br><br>d\u2019apr\u00e8s les retours de&nbsp;: Andr\u00e9ine B, Nadine G.<\/p><p style=\"color:green; text-align:right !important;\">Article cr\u00e9\u00e9 le 16\/02\/2020<\/p>","protected":false},"excerpt":{"rendered":"<p>Danse forum\u2192 Comptes-ren\u00ad\u00addus des ate\u00adliers\u2192 Lam\u00adbesc !!L\u2019oscillation \u2013 22 mars&nbsp;2008&nbsp;A&nbsp;deux, l\u2019oscillation a&nbsp;\u00e9t\u00e9 rela\u00adti\u00adve\u00adment facile \u00e0&nbsp;trou\u00adver, deux image se sont impo\u00ads\u00e9es \u00e0&nbsp;nous, \u00e0&nbsp;par\u00adtir de nos mou\u00adve\u00adments et sen\u00adsa\u00adtions&nbsp;: celle du va-et-vient court et rapide, et celle de la bulle d\u2019air dans le niveau du char\u00adpen\u00adtier ou du&nbsp;ma\u00e7on. Le va-et-vient \u00e9tait t\u00e9nu et rete\u00adnu, intense, et cette inten\u00adsi\u00adt\u00e9 a&nbsp;\u00e9t\u00e9 por\u00adteuse d\u2019un d\u00e9noue\u00adment, d\u2019une liber\u00adt\u00e9 d\u2019agir. La bulle d\u2019air go\u00fb\u00adtait une nou\u00advelle ampleur de liber\u00adt\u00e9, \u00e9vi\u00adtant les extr\u00eames et se laissant&nbsp;[\u2026]<\/p>\n","protected":false},"author":2,"featured_media":0,"comment_status":"open","ping_status":"open","sticky":false,"template":"","format":"standard","meta":{"wp_typography_post_enhancements_disabled":false,"footnotes":""},"categories":[184],"tags":[208],"class_list":["post-192","post","type-post","status-publish","format-standard","hentry","category-ateliers_lambesc","tag-df_lambesc"],"yoast_head":"<!-- This site is optimized with the Yoast SEO plugin v27.5 - https:\/\/yoast.com\/product\/yoast-seo-wordpress\/ -->\n<title>Oscillation - Le TILT<\/title>\n<meta name=\"robots\" content=\"index, follow, max-snippet:-1, max-image-preview:large, max-video-preview:-1\" \/>\n<link rel=\"canonical\" href=\"https:\/\/www.leti.lt\/wordpress\/danseforum-oscillation\/\" \/>\n<meta property=\"og:locale\" content=\"fr_FR\" \/>\n<meta property=\"og:type\" content=\"article\" \/>\n<meta property=\"og:title\" content=\"Oscillation - Le TILT\" \/>\n<meta property=\"og:description\" content=\"Danse forum\u2192 Comptes-ren\u00addus des ate\u00adliers\u2192 Lam\u00adbesc !!L\u2019oscillation \u2013 22 mars&nbsp;2008 A deux, l\u2019oscillation a&nbsp;\u00e9t\u00e9 rela\u00adti\u00adve\u00adment facile \u00e0&nbsp;trou\u00adver, deux image se sont impo\u00ads\u00e9es \u00e0&nbsp;nous, \u00e0&nbsp;par\u00adtir de nos mou\u00adve\u00adments et sen\u00adsa\u00adtions&nbsp;: celle du va-et-vient court et rapide, et celle de la bulle d\u2019air dans le niveau du char\u00adpen\u00adtier ou du&nbsp;ma\u00e7on. Le va-et-vient \u00e9tait t\u00e9nu et rete\u00adnu, intense, et cette inten\u00adsi\u00adt\u00e9 a&nbsp;\u00e9t\u00e9 por\u00adteuse d\u2019un d\u00e9noue\u00adment, d\u2019une liber\u00adt\u00e9 d\u2019agir. La bulle d\u2019air go\u00fb\u00adtait une nou\u00advelle ampleur de liber\u00adt\u00e9, \u00e9vi\u00adtant les extr\u00eames et se lais\u00adsant [&hellip;]\" \/>\n<meta property=\"og:url\" content=\"https:\/\/www.leti.lt\/wordpress\/danseforum-oscillation\/\" \/>\n<meta property=\"og:site_name\" content=\"Le TILT\" \/>\n<meta property=\"article:published_time\" content=\"2020-02-16T14:30:33+00:00\" \/>\n<meta name=\"author\" content=\"Andr\u00e9ine Bel\" \/>\n<meta name=\"twitter:card\" content=\"summary_large_image\" \/>\n<meta name=\"twitter:label1\" content=\"\u00c9crit par\" \/>\n\t<meta name=\"twitter:data1\" content=\"Andr\u00e9ine Bel\" \/>\n\t<meta name=\"twitter:label2\" content=\"Dur\u00e9e de lecture estim\u00e9e\" \/>\n\t<meta name=\"twitter:data2\" content=\"1 minute\" \/>\n<script type=\"application\/ld+json\" class=\"yoast-schema-graph\">{\"@context\":\"https:\\\/\\\/schema.org\",\"@graph\":[{\"@type\":\"Article\",\"@id\":\"https:\\\/\\\/www.leti.lt\\\/wordpress\\\/danseforum-oscillation\\\/#article\",\"isPartOf\":{\"@id\":\"https:\\\/\\\/www.leti.lt\\\/wordpress\\\/danseforum-oscillation\\\/\"},\"author\":{\"name\":\"Andr\u00e9ine Bel\",\"@id\":\"https:\\\/\\\/www.leti.lt\\\/wordpress\\\/#\\\/schema\\\/person\\\/9bb307b2af8fbb575bb3603e57951f75\"},\"headline\":\"Oscillation\",\"datePublished\":\"2020-02-16T14:30:33+00:00\",\"mainEntityOfPage\":{\"@id\":\"https:\\\/\\\/www.leti.lt\\\/wordpress\\\/danseforum-oscillation\\\/\"},\"wordCount\":218,\"commentCount\":0,\"keywords\":[\"DF_Lambesc\"],\"articleSection\":[\"Ateliers Lambesc\"],\"inLanguage\":\"fr-FR\",\"potentialAction\":[{\"@type\":\"CommentAction\",\"name\":\"Comment\",\"target\":[\"https:\\\/\\\/www.leti.lt\\\/wordpress\\\/danseforum-oscillation\\\/#respond\"]}]},{\"@type\":\"WebPage\",\"@id\":\"https:\\\/\\\/www.leti.lt\\\/wordpress\\\/danseforum-oscillation\\\/\",\"url\":\"https:\\\/\\\/www.leti.lt\\\/wordpress\\\/danseforum-oscillation\\\/\",\"name\":\"Oscillation - Le TILT\",\"isPartOf\":{\"@id\":\"https:\\\/\\\/www.leti.lt\\\/wordpress\\\/#website\"},\"datePublished\":\"2020-02-16T14:30:33+00:00\",\"author\":{\"@id\":\"https:\\\/\\\/www.leti.lt\\\/wordpress\\\/#\\\/schema\\\/person\\\/9bb307b2af8fbb575bb3603e57951f75\"},\"breadcrumb\":{\"@id\":\"https:\\\/\\\/www.leti.lt\\\/wordpress\\\/danseforum-oscillation\\\/#breadcrumb\"},\"inLanguage\":\"fr-FR\",\"potentialAction\":[{\"@type\":\"ReadAction\",\"target\":[\"https:\\\/\\\/www.leti.lt\\\/wordpress\\\/danseforum-oscillation\\\/\"]}]},{\"@type\":\"BreadcrumbList\",\"@id\":\"https:\\\/\\\/www.leti.lt\\\/wordpress\\\/danseforum-oscillation\\\/#breadcrumb\",\"itemListElement\":[{\"@type\":\"ListItem\",\"position\":1,\"name\":\"Accueil\",\"item\":\"https:\\\/\\\/www.leti.lt\\\/wordpress\\\/\"},{\"@type\":\"ListItem\",\"position\":2,\"name\":\"Oscillation\"}]},{\"@type\":\"WebSite\",\"@id\":\"https:\\\/\\\/www.leti.lt\\\/wordpress\\\/#website\",\"url\":\"https:\\\/\\\/www.leti.lt\\\/wordpress\\\/\",\"name\":\"Le TILT\",\"description\":\"Recherche, publication, cr\u00e9ation artistique\",\"potentialAction\":[{\"@type\":\"SearchAction\",\"target\":{\"@type\":\"EntryPoint\",\"urlTemplate\":\"https:\\\/\\\/www.leti.lt\\\/wordpress\\\/?s={search_term_string}\"},\"query-input\":{\"@type\":\"PropertyValueSpecification\",\"valueRequired\":true,\"valueName\":\"search_term_string\"}}],\"inLanguage\":\"fr-FR\"},{\"@type\":\"Person\",\"@id\":\"https:\\\/\\\/www.leti.lt\\\/wordpress\\\/#\\\/schema\\\/person\\\/9bb307b2af8fbb575bb3603e57951f75\",\"name\":\"Andr\u00e9ine Bel\",\"image\":{\"@type\":\"ImageObject\",\"inLanguage\":\"fr-FR\",\"@id\":\"https:\\\/\\\/secure.gravatar.com\\\/avatar\\\/4ab041ec7c7ad3b90293023e86528ec1a700ce2971ff61811b2df6b288dd1f38?s=96&d=identicon&r=g\",\"url\":\"https:\\\/\\\/secure.gravatar.com\\\/avatar\\\/4ab041ec7c7ad3b90293023e86528ec1a700ce2971ff61811b2df6b288dd1f38?s=96&d=identicon&r=g\",\"contentUrl\":\"https:\\\/\\\/secure.gravatar.com\\\/avatar\\\/4ab041ec7c7ad3b90293023e86528ec1a700ce2971ff61811b2df6b288dd1f38?s=96&d=identicon&r=g\",\"caption\":\"Andr\u00e9ine Bel\"},\"url\":\"https:\\\/\\\/www.leti.lt\\\/wordpress\\\/author\\\/andreine\\\/\"}]}<\/script>\n<!-- \/ Yoast SEO plugin. -->","yoast_head_json":{"title":"Oscillation - Le TILT","robots":{"index":"index","follow":"follow","max-snippet":"max-snippet:-1","max-image-preview":"max-image-preview:large","max-video-preview":"max-video-preview:-1"},"canonical":"https:\/\/www.leti.lt\/wordpress\/danseforum-oscillation\/","og_locale":"fr_FR","og_type":"article","og_title":"Oscillation - Le TILT","og_description":"Danse forum\u2192 Comptes-ren\u00addus des ate\u00adliers\u2192 Lam\u00adbesc !!L\u2019oscillation \u2013 22 mars&nbsp;2008 A deux, l\u2019oscillation a&nbsp;\u00e9t\u00e9 rela\u00adti\u00adve\u00adment facile \u00e0&nbsp;trou\u00adver, deux image se sont impo\u00ads\u00e9es \u00e0&nbsp;nous, \u00e0&nbsp;par\u00adtir de nos mou\u00adve\u00adments et sen\u00adsa\u00adtions&nbsp;: celle du va-et-vient court et rapide, et celle de la bulle d\u2019air dans le niveau du char\u00adpen\u00adtier ou du&nbsp;ma\u00e7on. Le va-et-vient \u00e9tait t\u00e9nu et rete\u00adnu, intense, et cette inten\u00adsi\u00adt\u00e9 a&nbsp;\u00e9t\u00e9 por\u00adteuse d\u2019un d\u00e9noue\u00adment, d\u2019une liber\u00adt\u00e9 d\u2019agir. La bulle d\u2019air go\u00fb\u00adtait une nou\u00advelle ampleur de liber\u00adt\u00e9, \u00e9vi\u00adtant les extr\u00eames et se lais\u00adsant [&hellip;]","og_url":"https:\/\/www.leti.lt\/wordpress\/danseforum-oscillation\/","og_site_name":"Le TILT","article_published_time":"2020-02-16T14:30:33+00:00","author":"Andr\u00e9ine Bel","twitter_card":"summary_large_image","twitter_misc":{"\u00c9crit par":"Andr\u00e9ine Bel","Dur\u00e9e de lecture estim\u00e9e":"1 minute"},"schema":{"@context":"https:\/\/schema.org","@graph":[{"@type":"Article","@id":"https:\/\/www.leti.lt\/wordpress\/danseforum-oscillation\/#article","isPartOf":{"@id":"https:\/\/www.leti.lt\/wordpress\/danseforum-oscillation\/"},"author":{"name":"Andr\u00e9ine Bel","@id":"https:\/\/www.leti.lt\/wordpress\/#\/schema\/person\/9bb307b2af8fbb575bb3603e57951f75"},"headline":"Oscillation","datePublished":"2020-02-16T14:30:33+00:00","mainEntityOfPage":{"@id":"https:\/\/www.leti.lt\/wordpress\/danseforum-oscillation\/"},"wordCount":218,"commentCount":0,"keywords":["DF_Lambesc"],"articleSection":["Ateliers Lambesc"],"inLanguage":"fr-FR","potentialAction":[{"@type":"CommentAction","name":"Comment","target":["https:\/\/www.leti.lt\/wordpress\/danseforum-oscillation\/#respond"]}]},{"@type":"WebPage","@id":"https:\/\/www.leti.lt\/wordpress\/danseforum-oscillation\/","url":"https:\/\/www.leti.lt\/wordpress\/danseforum-oscillation\/","name":"Oscillation - Le TILT","isPartOf":{"@id":"https:\/\/www.leti.lt\/wordpress\/#website"},"datePublished":"2020-02-16T14:30:33+00:00","author":{"@id":"https:\/\/www.leti.lt\/wordpress\/#\/schema\/person\/9bb307b2af8fbb575bb3603e57951f75"},"breadcrumb":{"@id":"https:\/\/www.leti.lt\/wordpress\/danseforum-oscillation\/#breadcrumb"},"inLanguage":"fr-FR","potentialAction":[{"@type":"ReadAction","target":["https:\/\/www.leti.lt\/wordpress\/danseforum-oscillation\/"]}]},{"@type":"BreadcrumbList","@id":"https:\/\/www.leti.lt\/wordpress\/danseforum-oscillation\/#breadcrumb","itemListElement":[{"@type":"ListItem","position":1,"name":"Accueil","item":"https:\/\/www.leti.lt\/wordpress\/"},{"@type":"ListItem","position":2,"name":"Oscillation"}]},{"@type":"WebSite","@id":"https:\/\/www.leti.lt\/wordpress\/#website","url":"https:\/\/www.leti.lt\/wordpress\/","name":"Le TILT","description":"Recherche, publication, cr\u00e9ation artistique","potentialAction":[{"@type":"SearchAction","target":{"@type":"EntryPoint","urlTemplate":"https:\/\/www.leti.lt\/wordpress\/?s={search_term_string}"},"query-input":{"@type":"PropertyValueSpecification","valueRequired":true,"valueName":"search_term_string"}}],"inLanguage":"fr-FR"},{"@type":"Person","@id":"https:\/\/www.leti.lt\/wordpress\/#\/schema\/person\/9bb307b2af8fbb575bb3603e57951f75","name":"Andr\u00e9ine Bel","image":{"@type":"ImageObject","inLanguage":"fr-FR","@id":"https:\/\/secure.gravatar.com\/avatar\/4ab041ec7c7ad3b90293023e86528ec1a700ce2971ff61811b2df6b288dd1f38?s=96&d=identicon&r=g","url":"https:\/\/secure.gravatar.com\/avatar\/4ab041ec7c7ad3b90293023e86528ec1a700ce2971ff61811b2df6b288dd1f38?s=96&d=identicon&r=g","contentUrl":"https:\/\/secure.gravatar.com\/avatar\/4ab041ec7c7ad3b90293023e86528ec1a700ce2971ff61811b2df6b288dd1f38?s=96&d=identicon&r=g","caption":"Andr\u00e9ine Bel"},"url":"https:\/\/www.leti.lt\/wordpress\/author\/andreine\/"}]}},"_links":{"self":[{"href":"https:\/\/www.leti.lt\/wordpress\/wp-json\/wp\/v2\/posts\/192","targetHints":{"allow":["GET"]}}],"collection":[{"href":"https:\/\/www.leti.lt\/wordpress\/wp-json\/wp\/v2\/posts"}],"about":[{"href":"https:\/\/www.leti.lt\/wordpress\/wp-json\/wp\/v2\/types\/post"}],"author":[{"embeddable":true,"href":"https:\/\/www.leti.lt\/wordpress\/wp-json\/wp\/v2\/users\/2"}],"replies":[{"embeddable":true,"href":"https:\/\/www.leti.lt\/wordpress\/wp-json\/wp\/v2\/comments?post=192"}],"version-history":[{"count":0,"href":"https:\/\/www.leti.lt\/wordpress\/wp-json\/wp\/v2\/posts\/192\/revisions"}],"wp:attachment":[{"href":"https:\/\/www.leti.lt\/wordpress\/wp-json\/wp\/v2\/media?parent=192"}],"wp:term":[{"taxonomy":"category","embeddable":true,"href":"https:\/\/www.leti.lt\/wordpress\/wp-json\/wp\/v2\/categories?post=192"},{"taxonomy":"post_tag","embeddable":true,"href":"https:\/\/www.leti.lt\/wordpress\/wp-json\/wp\/v2\/tags?post=192"}],"curies":[{"name":"wp","href":"https:\/\/api.w.org\/{rel}","templated":true}]}}