{"id":190,"date":"2020-02-16T15:30:33","date_gmt":"2020-02-16T14:30:33","guid":{"rendered":"https:\/\/www.leti.lt\/wordpress\/?p=190"},"modified":"-0001-11-30T00:00:00","modified_gmt":"-0001-11-29T22:00:00","slug":"danseforum-musiqueetconditionnement","status":"publish","type":"post","link":"https:\/\/www.leti.lt\/wordpress\/danseforum-musiqueetconditionnement\/","title":{"rendered":"Musique et conditionnement"},"content":{"rendered":"<p><a href=\"https:\/\/www.leti.lt\/wordpress\/danseforum-danseforum\/\">Danse forum<\/a><br>\u2192 <a href=\"https:\/\/www.leti.lt\/wordpress\/danseforum-comptesrendusateliers\/\">Comptes-ren\u00addus des ate\u00adliers<\/a><br>\u2192 <a href=\"https:\/\/www.leti.lt\/wordpress\/danseforum-lambesc\/\">Lam\u00adbesc<\/a><br><br>!!Musique et condi\u00adtion\u00adne\u00adment \u2013 24 novembre 2006<br><br><br><br>Nous \u00e9tions trois pour cette s\u00e9ance du 24 novembre. Mari\u00adlyne, Rapha\u00ebl et moi-<br>m\u00eame, Leo\u00adnar\u00addo qui ani\u00admait pour la pre\u00admi\u00e8re fois l\u2019atelier. Je com\u00admence par un tour de<br>tapis pour savoir notre envie.<br><br>Mari\u00adlyne nous dit que son \u00e9ner\u00adgie est dyna\u00admique, elle exprime aus\u00adsi sa dif\u00adfi\u00adcul\u00adt\u00e9<br>et ses peurs par rap\u00adport \u00e0&nbsp;l\u2019autre, \u00e0&nbsp;la pudeur du tou\u00adch\u00e9.<br><br>Rapha\u00ebl, lui, se pose la pro\u00adbl\u00e9\u00adma\u00adtique du mou\u00adve\u00adment, il a&nbsp;envie de dan\u00adser et<br>explo\u00adrer la sen\u00adsa\u00adtion.<br><br>Je suis inquiet car j\u2019aimerais que tout se passe bien et j\u2019ai h\u00e2te de tes\u00adter mes capa\u00adci\u00adt\u00e9s de joker.<br><br>On com\u00admence cha\u00adcun de son c\u00f4t\u00e9 \u00e0&nbsp;contac\u00adter la sen\u00adsa\u00adtion.<br>J\u2019ai du mal \u00e0&nbsp;me concen\u00adtrer, mille pen\u00ads\u00e9es me tour\u00admentent, j\u2019ai tou\u00adjours une<br>petite dou\u00adleur au ventre, je n\u2019arrive pas \u00e0&nbsp;l\u2019accompagner, je res\u00adsens de la<br>lour\u00addeur. Un por\u00adtable qui sonne, un groupe de gens dehors qui n\u2019arr\u00eatent pas de<br>par\u00adler, chaque petit bruit me d\u00e9range et me fait sur\u00adsau\u00adter. Fina\u00adle\u00adment avec<br>l\u2019immobilit\u00e9, je me retrouve. Le corps \u00e0&nbsp;besoin de grosses prises d\u2019air, j\u2019ai envie<br>d\u2019\u00e9mettre des sons mais je n\u2019ose pas.<br><br>Rapha\u00ebl res\u00adsent des spasmes, comme quand on dort mal, son corps d\u00e9gage trop<br>d\u2019\u00e9nergie et il exprime le plai\u00adsir du frot\u00adte\u00adment au sol. Il entend le bruit mais en fait<br>abs\u00adtrac\u00adtion.<br><br>Mari\u00adlyne a&nbsp;res\u00adsen\u00adti la n\u00e9ces\u00adsi\u00adt\u00e9 de se recro\u00adque\u00adviller avec balan\u00adce\u00adment, elle<br>aime\u00adrait de la musique.<br>Nous essayons de contac\u00adter la sen\u00adsa\u00adtion avec de la musique.<br>Je n\u2019y arrive pas&nbsp;! J\u2019ai besoin d\u2019un contact, je me dirige vers Mari\u00adlyne, je m\u2019installe<br>\u00e0 ses c\u00f4t\u00e9s. Le contact est agr\u00e9able, elle me mani\u00adpule comme une marion\u00adnette, je<br>la laisse faire, je sais que pour elle cela est impor\u00adtant. La musique nous<br>accom\u00adpagne.<br>Elle reprendre sa danse seule, le contact l\u2019a ren\u00addue auto\u00adnome.<br>Moi, j\u2019ai besoin de r\u00e9con\u00adfort, satis\u00adfait par la pres\u00adsion contre le mur de la salle.<br>Mari\u00adlyne exprime sa dif\u00adfi\u00adcul\u00adt\u00e9&nbsp;: est-ce que la musique aide \u00e0&nbsp;trou\u00adver la sen\u00adsa\u00adtion&nbsp;?<br>Rapha\u00ebl retrouve ses spasmes et son \u00e9ner\u00adgie. La musique l\u2019apaise et du \u00ab&nbsp;chien<br>fou&nbsp;\u00bb, il devient un \u00ab&nbsp;chat&nbsp;\u00bb, son geste s\u2019exprime plu\u00adt\u00f4t au sol. Il s\u2019\u00e9tonne du<br>temps pas\u00ads\u00e9, bon signe !!!<br><br>Quand on contacte la sen\u00adsa\u00adtion on vit chaque ins\u00adtant inten\u00adsi\u00adve\u00adment, le pr\u00e9\u00adsent<br>est plein, char\u00adg\u00e9 de tout notre pas\u00ads\u00e9 et pro\u00adje\u00adt\u00e9 vers le deve\u00adnir.<br>Rapha\u00ebl est ins\u00adpi\u00adr\u00e9&nbsp;: \u00ab&nbsp;tu na\u00ees aujourd\u2019hui alors que tu as d\u00e9j\u00e0 v\u00e9cu hier&nbsp;\u00bb.<br>Je sens qu\u2019il est impor\u00adtant de tra\u00advailler le contact, mais je n\u2019ose pas le pro\u00adpo\u00adser.<br><br>On passe \u00e0&nbsp;la danse forum. La pro\u00adbl\u00e9\u00adma\u00adtique \u00ab&nbsp;la musique&nbsp;\u00bb.<br><br>Est-ce que la musique change la sen\u00adsa\u00adtion de d\u00e9part&nbsp;?<br>Rapha\u00ebl se pr\u00eate \u00e0&nbsp;l\u2019exp\u00e9rience et je lui fais choi\u00adsir une musique qu\u2019il aime et une<br>qu\u2019il n\u2019aime pas, je les mets au long de l\u2019improvisation. Il accepte les deux<br>musiques sans chan\u00adge\u00adment impor\u00adtant dans son geste. Je sens qu\u2019il faut autre<br>chose, je mets Ali\u00adna de Arvo Part (musique tr\u00e8s pro\u00adfonde) et je demande \u00e0<br>Mari\u00adlyne d\u2019intervenir, elle aus\u00adsi avait envie mais n\u2019osait pas.<br><br>Je suis en ten\u00adsion comme ci quelque chose allait se pro\u00adduire.<br>Fina\u00adle\u00adment, j\u2019ai vu pen\u00addant une petite minute Rapha\u00ebl \u00ab&nbsp;dan\u00adser&nbsp;\u00bb, connec\u00adter \u00e0&nbsp;sa<br>sen\u00adsa\u00adtion et pas \u00e0&nbsp;sa volon\u00adt\u00e9. Lui-m\u00eame d\u00e9fi\u00adnit cet ins\u00adtant comme dans un<br>moment de som\u00admeil, son corps se gon\u00adflait comme un bal\u00adlon.<br>On constate que la musique a&nbsp;aid\u00e9 la sen\u00adsa\u00adtion, mais que le plus impor\u00adtant a&nbsp;\u00e9t\u00e9 le<br>contact.<br>Je m\u2019aper\u00e7ois de l\u2019importance de l\u2019autre pour faire vivre notre sen\u00adsa\u00adtion et que le<br>\u00ab pas os\u00e9&nbsp;\u00bb, notre pudeur, nous emp\u00eache d\u2019aller o\u00f9 il faut, de ne pas \u00e9cou\u00adter<br>notre ins\u00adtinct.<br><br>Leo\u00adnar\u00addo Cen\u00adti<br><br>d\u2019apr\u00e8s les retours de&nbsp;: Leo\u00adnar\u00addo C, Mari\u00adlyne M, Rapha\u00ebl G.<\/p><p style=\"color:green; text-align:right !important;\">Article cr\u00e9\u00e9 le 16\/02\/2020<\/p>","protected":false},"excerpt":{"rendered":"<p>Danse forum\u2192 Comptes-ren\u00ad\u00addus des ate\u00adliers\u2192 Lam\u00adbesc !!Musique et condi\u00adtion\u00adne\u00adment \u2013 24 novembre 2006 Nous \u00e9tions trois pour cette s\u00e9ance du 24 novembre. Mari\u00adlyne, Rapha\u00ebl et moi-m\u00eame, Leo\u00adnar\u00addo qui ani\u00admait pour la pre\u00admi\u00e8re fois l\u2019atelier. Je com\u00admence par un tour deta\u00adpis pour savoir notre&nbsp;envie. Mari\u00adlyne nous dit que son \u00e9ner\u00adgie est dyna\u00admique, elle exprime aus\u00adsi sa dif\u00adfi\u00adcul\u00adt\u00e9et ses peurs par rap\u00adport \u00e0&nbsp;l\u2019autre, \u00e0&nbsp;la pudeur du tou\u00adch\u00e9. Rapha\u00ebl, lui, se pose la pro\u00adbl\u00e9\u00adma\u00adtique du mou\u00adve\u00adment, il a&nbsp;envie de dan\u00adser etexplo\u00adrer la sensation.&nbsp;[\u2026]<\/p>\n","protected":false},"author":2,"featured_media":0,"comment_status":"open","ping_status":"open","sticky":false,"template":"","format":"standard","meta":{"wp_typography_post_enhancements_disabled":false,"footnotes":""},"categories":[184],"tags":[208],"class_list":["post-190","post","type-post","status-publish","format-standard","hentry","category-ateliers_lambesc","tag-df_lambesc"],"yoast_head":"<!-- This site is optimized with the Yoast SEO plugin v27.5 - https:\/\/yoast.com\/product\/yoast-seo-wordpress\/ -->\n<title>Musique et conditionnement - Le TILT<\/title>\n<meta name=\"robots\" content=\"index, follow, max-snippet:-1, max-image-preview:large, max-video-preview:-1\" \/>\n<link rel=\"canonical\" href=\"https:\/\/www.leti.lt\/wordpress\/danseforum-musiqueetconditionnement\/\" \/>\n<meta property=\"og:locale\" content=\"fr_FR\" \/>\n<meta property=\"og:type\" content=\"article\" \/>\n<meta property=\"og:title\" content=\"Musique et conditionnement - Le TILT\" \/>\n<meta property=\"og:description\" content=\"Danse forum\u2192 Comptes-ren\u00addus des ate\u00adliers\u2192 Lam\u00adbesc !!Musique et condi\u00adtion\u00adne\u00adment \u2013 24 novembre 2006 Nous \u00e9tions trois pour cette s\u00e9ance du 24 novembre. Mari\u00adlyne, Rapha\u00ebl et moi-m\u00eame, Leo\u00adnar\u00addo qui ani\u00admait pour la pre\u00admi\u00e8re fois l\u2019atelier. Je com\u00admence par un tour detapis pour savoir notre&nbsp;envie. Mari\u00adlyne nous dit que son \u00e9ner\u00adgie est dyna\u00admique, elle exprime aus\u00adsi sa dif\u00adfi\u00adcul\u00adt\u00e9et ses peurs par rap\u00adport \u00e0&nbsp;l\u2019autre, \u00e0&nbsp;la pudeur du touch\u00e9. Rapha\u00ebl, lui, se pose la pro\u00adbl\u00e9\u00adma\u00adtique du mou\u00adve\u00adment, il a&nbsp;envie de dan\u00adser etexplo\u00adrer la sensation. [&hellip;]\" \/>\n<meta property=\"og:url\" content=\"https:\/\/www.leti.lt\/wordpress\/danseforum-musiqueetconditionnement\/\" \/>\n<meta property=\"og:site_name\" content=\"Le TILT\" \/>\n<meta property=\"article:published_time\" content=\"2020-02-16T14:30:33+00:00\" \/>\n<meta name=\"author\" content=\"Andr\u00e9ine Bel\" \/>\n<meta name=\"twitter:card\" content=\"summary_large_image\" \/>\n<meta name=\"twitter:label1\" content=\"\u00c9crit par\" \/>\n\t<meta name=\"twitter:data1\" content=\"Andr\u00e9ine Bel\" \/>\n\t<meta name=\"twitter:label2\" content=\"Dur\u00e9e de lecture estim\u00e9e\" \/>\n\t<meta name=\"twitter:data2\" content=\"3 minutes\" \/>\n<script type=\"application\/ld+json\" class=\"yoast-schema-graph\">{\"@context\":\"https:\\\/\\\/schema.org\",\"@graph\":[{\"@type\":\"Article\",\"@id\":\"https:\\\/\\\/www.leti.lt\\\/wordpress\\\/danseforum-musiqueetconditionnement\\\/#article\",\"isPartOf\":{\"@id\":\"https:\\\/\\\/www.leti.lt\\\/wordpress\\\/danseforum-musiqueetconditionnement\\\/\"},\"author\":{\"name\":\"Andr\u00e9ine Bel\",\"@id\":\"https:\\\/\\\/www.leti.lt\\\/wordpress\\\/#\\\/schema\\\/person\\\/9bb307b2af8fbb575bb3603e57951f75\"},\"headline\":\"Musique et conditionnement\",\"datePublished\":\"2020-02-16T14:30:33+00:00\",\"mainEntityOfPage\":{\"@id\":\"https:\\\/\\\/www.leti.lt\\\/wordpress\\\/danseforum-musiqueetconditionnement\\\/\"},\"wordCount\":645,\"commentCount\":0,\"keywords\":[\"DF_Lambesc\"],\"articleSection\":[\"Ateliers Lambesc\"],\"inLanguage\":\"fr-FR\",\"potentialAction\":[{\"@type\":\"CommentAction\",\"name\":\"Comment\",\"target\":[\"https:\\\/\\\/www.leti.lt\\\/wordpress\\\/danseforum-musiqueetconditionnement\\\/#respond\"]}]},{\"@type\":\"WebPage\",\"@id\":\"https:\\\/\\\/www.leti.lt\\\/wordpress\\\/danseforum-musiqueetconditionnement\\\/\",\"url\":\"https:\\\/\\\/www.leti.lt\\\/wordpress\\\/danseforum-musiqueetconditionnement\\\/\",\"name\":\"Musique et conditionnement - Le TILT\",\"isPartOf\":{\"@id\":\"https:\\\/\\\/www.leti.lt\\\/wordpress\\\/#website\"},\"datePublished\":\"2020-02-16T14:30:33+00:00\",\"author\":{\"@id\":\"https:\\\/\\\/www.leti.lt\\\/wordpress\\\/#\\\/schema\\\/person\\\/9bb307b2af8fbb575bb3603e57951f75\"},\"breadcrumb\":{\"@id\":\"https:\\\/\\\/www.leti.lt\\\/wordpress\\\/danseforum-musiqueetconditionnement\\\/#breadcrumb\"},\"inLanguage\":\"fr-FR\",\"potentialAction\":[{\"@type\":\"ReadAction\",\"target\":[\"https:\\\/\\\/www.leti.lt\\\/wordpress\\\/danseforum-musiqueetconditionnement\\\/\"]}]},{\"@type\":\"BreadcrumbList\",\"@id\":\"https:\\\/\\\/www.leti.lt\\\/wordpress\\\/danseforum-musiqueetconditionnement\\\/#breadcrumb\",\"itemListElement\":[{\"@type\":\"ListItem\",\"position\":1,\"name\":\"Accueil\",\"item\":\"https:\\\/\\\/www.leti.lt\\\/wordpress\\\/\"},{\"@type\":\"ListItem\",\"position\":2,\"name\":\"Musique et conditionnement\"}]},{\"@type\":\"WebSite\",\"@id\":\"https:\\\/\\\/www.leti.lt\\\/wordpress\\\/#website\",\"url\":\"https:\\\/\\\/www.leti.lt\\\/wordpress\\\/\",\"name\":\"Le TILT\",\"description\":\"Recherche, publication, cr\u00e9ation artistique\",\"potentialAction\":[{\"@type\":\"SearchAction\",\"target\":{\"@type\":\"EntryPoint\",\"urlTemplate\":\"https:\\\/\\\/www.leti.lt\\\/wordpress\\\/?s={search_term_string}\"},\"query-input\":{\"@type\":\"PropertyValueSpecification\",\"valueRequired\":true,\"valueName\":\"search_term_string\"}}],\"inLanguage\":\"fr-FR\"},{\"@type\":\"Person\",\"@id\":\"https:\\\/\\\/www.leti.lt\\\/wordpress\\\/#\\\/schema\\\/person\\\/9bb307b2af8fbb575bb3603e57951f75\",\"name\":\"Andr\u00e9ine Bel\",\"image\":{\"@type\":\"ImageObject\",\"inLanguage\":\"fr-FR\",\"@id\":\"https:\\\/\\\/secure.gravatar.com\\\/avatar\\\/4ab041ec7c7ad3b90293023e86528ec1a700ce2971ff61811b2df6b288dd1f38?s=96&d=identicon&r=g\",\"url\":\"https:\\\/\\\/secure.gravatar.com\\\/avatar\\\/4ab041ec7c7ad3b90293023e86528ec1a700ce2971ff61811b2df6b288dd1f38?s=96&d=identicon&r=g\",\"contentUrl\":\"https:\\\/\\\/secure.gravatar.com\\\/avatar\\\/4ab041ec7c7ad3b90293023e86528ec1a700ce2971ff61811b2df6b288dd1f38?s=96&d=identicon&r=g\",\"caption\":\"Andr\u00e9ine Bel\"},\"url\":\"https:\\\/\\\/www.leti.lt\\\/wordpress\\\/author\\\/andreine\\\/\"}]}<\/script>\n<!-- \/ Yoast SEO plugin. -->","yoast_head_json":{"title":"Musique et conditionnement - Le TILT","robots":{"index":"index","follow":"follow","max-snippet":"max-snippet:-1","max-image-preview":"max-image-preview:large","max-video-preview":"max-video-preview:-1"},"canonical":"https:\/\/www.leti.lt\/wordpress\/danseforum-musiqueetconditionnement\/","og_locale":"fr_FR","og_type":"article","og_title":"Musique et conditionnement - Le TILT","og_description":"Danse forum\u2192 Comptes-ren\u00addus des ate\u00adliers\u2192 Lam\u00adbesc !!Musique et condi\u00adtion\u00adne\u00adment \u2013 24 novembre 2006 Nous \u00e9tions trois pour cette s\u00e9ance du 24 novembre. Mari\u00adlyne, Rapha\u00ebl et moi-m\u00eame, Leo\u00adnar\u00addo qui ani\u00admait pour la pre\u00admi\u00e8re fois l\u2019atelier. Je com\u00admence par un tour detapis pour savoir notre&nbsp;envie. Mari\u00adlyne nous dit que son \u00e9ner\u00adgie est dyna\u00admique, elle exprime aus\u00adsi sa dif\u00adfi\u00adcul\u00adt\u00e9et ses peurs par rap\u00adport \u00e0&nbsp;l\u2019autre, \u00e0&nbsp;la pudeur du touch\u00e9. Rapha\u00ebl, lui, se pose la pro\u00adbl\u00e9\u00adma\u00adtique du mou\u00adve\u00adment, il a&nbsp;envie de dan\u00adser etexplo\u00adrer la sensation. [&hellip;]","og_url":"https:\/\/www.leti.lt\/wordpress\/danseforum-musiqueetconditionnement\/","og_site_name":"Le TILT","article_published_time":"2020-02-16T14:30:33+00:00","author":"Andr\u00e9ine Bel","twitter_card":"summary_large_image","twitter_misc":{"\u00c9crit par":"Andr\u00e9ine Bel","Dur\u00e9e de lecture estim\u00e9e":"3 minutes"},"schema":{"@context":"https:\/\/schema.org","@graph":[{"@type":"Article","@id":"https:\/\/www.leti.lt\/wordpress\/danseforum-musiqueetconditionnement\/#article","isPartOf":{"@id":"https:\/\/www.leti.lt\/wordpress\/danseforum-musiqueetconditionnement\/"},"author":{"name":"Andr\u00e9ine Bel","@id":"https:\/\/www.leti.lt\/wordpress\/#\/schema\/person\/9bb307b2af8fbb575bb3603e57951f75"},"headline":"Musique et conditionnement","datePublished":"2020-02-16T14:30:33+00:00","mainEntityOfPage":{"@id":"https:\/\/www.leti.lt\/wordpress\/danseforum-musiqueetconditionnement\/"},"wordCount":645,"commentCount":0,"keywords":["DF_Lambesc"],"articleSection":["Ateliers Lambesc"],"inLanguage":"fr-FR","potentialAction":[{"@type":"CommentAction","name":"Comment","target":["https:\/\/www.leti.lt\/wordpress\/danseforum-musiqueetconditionnement\/#respond"]}]},{"@type":"WebPage","@id":"https:\/\/www.leti.lt\/wordpress\/danseforum-musiqueetconditionnement\/","url":"https:\/\/www.leti.lt\/wordpress\/danseforum-musiqueetconditionnement\/","name":"Musique et conditionnement - Le TILT","isPartOf":{"@id":"https:\/\/www.leti.lt\/wordpress\/#website"},"datePublished":"2020-02-16T14:30:33+00:00","author":{"@id":"https:\/\/www.leti.lt\/wordpress\/#\/schema\/person\/9bb307b2af8fbb575bb3603e57951f75"},"breadcrumb":{"@id":"https:\/\/www.leti.lt\/wordpress\/danseforum-musiqueetconditionnement\/#breadcrumb"},"inLanguage":"fr-FR","potentialAction":[{"@type":"ReadAction","target":["https:\/\/www.leti.lt\/wordpress\/danseforum-musiqueetconditionnement\/"]}]},{"@type":"BreadcrumbList","@id":"https:\/\/www.leti.lt\/wordpress\/danseforum-musiqueetconditionnement\/#breadcrumb","itemListElement":[{"@type":"ListItem","position":1,"name":"Accueil","item":"https:\/\/www.leti.lt\/wordpress\/"},{"@type":"ListItem","position":2,"name":"Musique et conditionnement"}]},{"@type":"WebSite","@id":"https:\/\/www.leti.lt\/wordpress\/#website","url":"https:\/\/www.leti.lt\/wordpress\/","name":"Le TILT","description":"Recherche, publication, cr\u00e9ation artistique","potentialAction":[{"@type":"SearchAction","target":{"@type":"EntryPoint","urlTemplate":"https:\/\/www.leti.lt\/wordpress\/?s={search_term_string}"},"query-input":{"@type":"PropertyValueSpecification","valueRequired":true,"valueName":"search_term_string"}}],"inLanguage":"fr-FR"},{"@type":"Person","@id":"https:\/\/www.leti.lt\/wordpress\/#\/schema\/person\/9bb307b2af8fbb575bb3603e57951f75","name":"Andr\u00e9ine Bel","image":{"@type":"ImageObject","inLanguage":"fr-FR","@id":"https:\/\/secure.gravatar.com\/avatar\/4ab041ec7c7ad3b90293023e86528ec1a700ce2971ff61811b2df6b288dd1f38?s=96&d=identicon&r=g","url":"https:\/\/secure.gravatar.com\/avatar\/4ab041ec7c7ad3b90293023e86528ec1a700ce2971ff61811b2df6b288dd1f38?s=96&d=identicon&r=g","contentUrl":"https:\/\/secure.gravatar.com\/avatar\/4ab041ec7c7ad3b90293023e86528ec1a700ce2971ff61811b2df6b288dd1f38?s=96&d=identicon&r=g","caption":"Andr\u00e9ine Bel"},"url":"https:\/\/www.leti.lt\/wordpress\/author\/andreine\/"}]}},"_links":{"self":[{"href":"https:\/\/www.leti.lt\/wordpress\/wp-json\/wp\/v2\/posts\/190","targetHints":{"allow":["GET"]}}],"collection":[{"href":"https:\/\/www.leti.lt\/wordpress\/wp-json\/wp\/v2\/posts"}],"about":[{"href":"https:\/\/www.leti.lt\/wordpress\/wp-json\/wp\/v2\/types\/post"}],"author":[{"embeddable":true,"href":"https:\/\/www.leti.lt\/wordpress\/wp-json\/wp\/v2\/users\/2"}],"replies":[{"embeddable":true,"href":"https:\/\/www.leti.lt\/wordpress\/wp-json\/wp\/v2\/comments?post=190"}],"version-history":[{"count":0,"href":"https:\/\/www.leti.lt\/wordpress\/wp-json\/wp\/v2\/posts\/190\/revisions"}],"wp:attachment":[{"href":"https:\/\/www.leti.lt\/wordpress\/wp-json\/wp\/v2\/media?parent=190"}],"wp:term":[{"taxonomy":"category","embeddable":true,"href":"https:\/\/www.leti.lt\/wordpress\/wp-json\/wp\/v2\/categories?post=190"},{"taxonomy":"post_tag","embeddable":true,"href":"https:\/\/www.leti.lt\/wordpress\/wp-json\/wp\/v2\/tags?post=190"}],"curies":[{"name":"wp","href":"https:\/\/api.w.org\/{rel}","templated":true}]}}