{"id":189,"date":"2020-02-16T15:30:33","date_gmt":"2020-02-16T14:30:33","guid":{"rendered":"https:\/\/www.leti.lt\/wordpress\/?p=189"},"modified":"2020-06-10T07:55:40","modified_gmt":"2020-06-10T05:55:40","slug":"danseforum-memoiresurladanseforumen2013","status":"publish","type":"post","link":"https:\/\/www.leti.lt\/wordpress\/danseforum-memoiresurladanseforumen2013\/","title":{"rendered":"M\u00e9moire sur la danse forum (2013)"},"content":{"rendered":"\n<p><a href=\"https:\/\/www.leti.lt\/wordpress\/danseforum-danseforum\/\">Danse forum<\/a><br><br><i>\u00ab<b>&nbsp;La danse forum \u00e0&nbsp;l\u2019\u00e9preuve d\u2019un contexte ins\u00adti\u00adtu\u00adtion\u00adnel<\/b>&nbsp;\u00bb<\/i> :<br><br>M\u00e9moire de Nadine Gar\u00add\u00e8res pour l\u2019obtention d\u2019un DU \u00ab&nbsp;<i>Tech\u00adnique du corps et monde du soin<\/i>&nbsp;\u00bb,<br><br>sous la direc\u00adtion d\u2019Isabelle Ginot \u00e0&nbsp;l\u2019Universit\u00e9 Paris VIII.<br><br>Publi\u00adca\u00adtion en ligne&nbsp;:<br><a href=\"http:\/\/www.danse.univ-paris8.fr\/diplome.php?di_id=4\" target=\"_blank\" rel=\"noreferrer noopener\">http:\/\/\u200bwww\u200b.danse\u200b.univ\u200b-paris8\u200b.fr\/\u200bd\u200bi\u200bp\u200bl\u200bo\u200bm\u200be\u200b.\u200bp\u200bh\u200bp\u200b?\u200bd\u200bi\u200b_\u200bi\u200bd=4<\/a><\/p>\n<p style=\"color:green; text-align:right !important;\">Article cr\u00e9\u00e9 le 16\/02\/2020 \u2013 modi\u00adfi\u00e9 le 10\/06\/2020<\/p>","protected":false},"excerpt":{"rendered":"<p>Danse forum \u00ab&nbsp;La danse forum \u00e0&nbsp;l\u2019\u00e9preuve d\u2019un contexte ins\u00adti\u00adtu\u00adtion\u00adnel&nbsp;\u00bb&nbsp;: M\u00e9moire de Nadine Gar\u00add\u00e8res pour l\u2019obtention d\u2019un DU \u00ab&nbsp;Tech\u00adnique du corps et monde du soin&nbsp;\u00bb, sous la direc\u00adtion d\u2019Isabelle Ginot \u00e0&nbsp;l\u2019Universit\u00e9 Paris&nbsp;VIII. Publi\u00adca\u00adtion en ligne&nbsp;:http:\/\/\u200bwww\u200b.danse\u200b.univ\u200b-paris8\u200b.fr\/\u200bd\u200bi\u200bp\u200bl\u200bo\u200bm\u200be\u200b.\u200bp\u200bh\u200bp\u200b?\u200bd\u200bi\u200b_\u200bi\u200bd=4 Article cr\u00e9\u00e9 le 16\/02\/2020 \u2013 modi\u00adfi\u00e9 le 10\/06\/2020<\/p>\n","protected":false},"author":2,"featured_media":0,"comment_status":"open","ping_status":"open","sticky":false,"template":"","format":"standard","meta":{"wp_typography_post_enhancements_disabled":false,"footnotes":""},"categories":[216],"tags":[217],"class_list":["post-189","post","type-post","status-publish","format-standard","hentry","category-pour_memoire","tag-danseforum"],"yoast_head":"<!-- This site is optimized with the Yoast SEO plugin v27.5 - https:\/\/yoast.com\/product\/yoast-seo-wordpress\/ -->\n<title>M\u00e9moire sur la danse forum (2013) - Le TILT<\/title>\n<meta name=\"robots\" content=\"index, follow, max-snippet:-1, max-image-preview:large, max-video-preview:-1\" \/>\n<link rel=\"canonical\" href=\"https:\/\/www.leti.lt\/wordpress\/danseforum-memoiresurladanseforumen2013\/\" \/>\n<meta property=\"og:locale\" content=\"fr_FR\" \/>\n<meta property=\"og:type\" content=\"article\" \/>\n<meta property=\"og:title\" content=\"M\u00e9moire sur la danse forum (2013) - Le TILT\" \/>\n<meta property=\"og:description\" content=\"Danse forum \u00ab&nbsp;La danse forum \u00e0&nbsp;l\u2019\u00e9preuve d\u2019un contexte ins\u00adti\u00adtu\u00adtion\u00adnel&nbsp;\u00bb : M\u00e9moire de Nadine Gar\u00add\u00e8res pour l\u2019obtention d\u2019un DU \u00ab&nbsp;Tech\u00adnique du corps et monde du soin&nbsp;\u00bb, sous la direc\u00adtion d\u2019Isabelle Ginot \u00e0&nbsp;l\u2019Universit\u00e9 Paris&nbsp;VIII. Publi\u00adca\u00adtion en ligne&nbsp;:http:\/\/\u200bwww\u200b.danse\u200b.univ\u200b-paris8\u200b.fr\/\u200bd\u200bi\u200bp\u200bl\u200bo\u200bm\u200be\u200b.\u200bp\u200bh\u200bp\u200b?\u200bd\u200bi\u200b_\u200bi\u200bd=4 Article cr\u00e9\u00e9 le 16\/02\/2020 \u2013 modi\u00adfi\u00e9 le 10\/06\/2020\" \/>\n<meta property=\"og:url\" content=\"https:\/\/www.leti.lt\/wordpress\/danseforum-memoiresurladanseforumen2013\/\" \/>\n<meta property=\"og:site_name\" content=\"Le TILT\" \/>\n<meta property=\"article:published_time\" content=\"2020-02-16T14:30:33+00:00\" \/>\n<meta property=\"article:modified_time\" content=\"2020-06-10T05:55:40+00:00\" \/>\n<meta name=\"author\" content=\"Andr\u00e9ine Bel\" \/>\n<meta name=\"twitter:card\" content=\"summary_large_image\" \/>\n<meta name=\"twitter:label1\" content=\"\u00c9crit par\" \/>\n\t<meta name=\"twitter:data1\" content=\"Andr\u00e9ine Bel\" \/>\n<script type=\"application\/ld+json\" class=\"yoast-schema-graph\">{\"@context\":\"https:\\\/\\\/schema.org\",\"@graph\":[{\"@type\":\"Article\",\"@id\":\"https:\\\/\\\/www.leti.lt\\\/wordpress\\\/danseforum-memoiresurladanseforumen2013\\\/#article\",\"isPartOf\":{\"@id\":\"https:\\\/\\\/www.leti.lt\\\/wordpress\\\/danseforum-memoiresurladanseforumen2013\\\/\"},\"author\":{\"name\":\"Andr\u00e9ine Bel\",\"@id\":\"https:\\\/\\\/www.leti.lt\\\/wordpress\\\/#\\\/schema\\\/person\\\/9bb307b2af8fbb575bb3603e57951f75\"},\"headline\":\"M\u00e9moire sur la danse forum (2013)\",\"datePublished\":\"2020-02-16T14:30:33+00:00\",\"dateModified\":\"2020-06-10T05:55:40+00:00\",\"mainEntityOfPage\":{\"@id\":\"https:\\\/\\\/www.leti.lt\\\/wordpress\\\/danseforum-memoiresurladanseforumen2013\\\/\"},\"wordCount\":58,\"commentCount\":0,\"keywords\":[\"DanseForum\"],\"articleSection\":[\"Pour m\u00e9moire\"],\"inLanguage\":\"fr-FR\",\"potentialAction\":[{\"@type\":\"CommentAction\",\"name\":\"Comment\",\"target\":[\"https:\\\/\\\/www.leti.lt\\\/wordpress\\\/danseforum-memoiresurladanseforumen2013\\\/#respond\"]}]},{\"@type\":\"WebPage\",\"@id\":\"https:\\\/\\\/www.leti.lt\\\/wordpress\\\/danseforum-memoiresurladanseforumen2013\\\/\",\"url\":\"https:\\\/\\\/www.leti.lt\\\/wordpress\\\/danseforum-memoiresurladanseforumen2013\\\/\",\"name\":\"M\u00e9moire sur la danse forum (2013) - Le TILT\",\"isPartOf\":{\"@id\":\"https:\\\/\\\/www.leti.lt\\\/wordpress\\\/#website\"},\"datePublished\":\"2020-02-16T14:30:33+00:00\",\"dateModified\":\"2020-06-10T05:55:40+00:00\",\"author\":{\"@id\":\"https:\\\/\\\/www.leti.lt\\\/wordpress\\\/#\\\/schema\\\/person\\\/9bb307b2af8fbb575bb3603e57951f75\"},\"breadcrumb\":{\"@id\":\"https:\\\/\\\/www.leti.lt\\\/wordpress\\\/danseforum-memoiresurladanseforumen2013\\\/#breadcrumb\"},\"inLanguage\":\"fr-FR\",\"potentialAction\":[{\"@type\":\"ReadAction\",\"target\":[\"https:\\\/\\\/www.leti.lt\\\/wordpress\\\/danseforum-memoiresurladanseforumen2013\\\/\"]}]},{\"@type\":\"BreadcrumbList\",\"@id\":\"https:\\\/\\\/www.leti.lt\\\/wordpress\\\/danseforum-memoiresurladanseforumen2013\\\/#breadcrumb\",\"itemListElement\":[{\"@type\":\"ListItem\",\"position\":1,\"name\":\"Accueil\",\"item\":\"https:\\\/\\\/www.leti.lt\\\/wordpress\\\/\"},{\"@type\":\"ListItem\",\"position\":2,\"name\":\"M\u00e9moire sur la danse forum (2013)\"}]},{\"@type\":\"WebSite\",\"@id\":\"https:\\\/\\\/www.leti.lt\\\/wordpress\\\/#website\",\"url\":\"https:\\\/\\\/www.leti.lt\\\/wordpress\\\/\",\"name\":\"Le TILT\",\"description\":\"Recherche, publication, cr\u00e9ation artistique\",\"potentialAction\":[{\"@type\":\"SearchAction\",\"target\":{\"@type\":\"EntryPoint\",\"urlTemplate\":\"https:\\\/\\\/www.leti.lt\\\/wordpress\\\/?s={search_term_string}\"},\"query-input\":{\"@type\":\"PropertyValueSpecification\",\"valueRequired\":true,\"valueName\":\"search_term_string\"}}],\"inLanguage\":\"fr-FR\"},{\"@type\":\"Person\",\"@id\":\"https:\\\/\\\/www.leti.lt\\\/wordpress\\\/#\\\/schema\\\/person\\\/9bb307b2af8fbb575bb3603e57951f75\",\"name\":\"Andr\u00e9ine Bel\",\"image\":{\"@type\":\"ImageObject\",\"inLanguage\":\"fr-FR\",\"@id\":\"https:\\\/\\\/secure.gravatar.com\\\/avatar\\\/4ab041ec7c7ad3b90293023e86528ec1a700ce2971ff61811b2df6b288dd1f38?s=96&d=identicon&r=g\",\"url\":\"https:\\\/\\\/secure.gravatar.com\\\/avatar\\\/4ab041ec7c7ad3b90293023e86528ec1a700ce2971ff61811b2df6b288dd1f38?s=96&d=identicon&r=g\",\"contentUrl\":\"https:\\\/\\\/secure.gravatar.com\\\/avatar\\\/4ab041ec7c7ad3b90293023e86528ec1a700ce2971ff61811b2df6b288dd1f38?s=96&d=identicon&r=g\",\"caption\":\"Andr\u00e9ine Bel\"},\"url\":\"https:\\\/\\\/www.leti.lt\\\/wordpress\\\/author\\\/andreine\\\/\"}]}<\/script>\n<!-- \/ Yoast SEO plugin. -->","yoast_head_json":{"title":"M\u00e9moire sur la danse forum (2013) - Le TILT","robots":{"index":"index","follow":"follow","max-snippet":"max-snippet:-1","max-image-preview":"max-image-preview:large","max-video-preview":"max-video-preview:-1"},"canonical":"https:\/\/www.leti.lt\/wordpress\/danseforum-memoiresurladanseforumen2013\/","og_locale":"fr_FR","og_type":"article","og_title":"M\u00e9moire sur la danse forum (2013) - Le TILT","og_description":"Danse forum \u00ab&nbsp;La danse forum \u00e0&nbsp;l\u2019\u00e9preuve d\u2019un contexte ins\u00adti\u00adtu\u00adtion\u00adnel&nbsp;\u00bb : M\u00e9moire de Nadine Gar\u00add\u00e8res pour l\u2019obtention d\u2019un DU \u00ab&nbsp;Tech\u00adnique du corps et monde du soin&nbsp;\u00bb, sous la direc\u00adtion d\u2019Isabelle Ginot \u00e0&nbsp;l\u2019Universit\u00e9 Paris&nbsp;VIII. Publi\u00adca\u00adtion en ligne&nbsp;:http:\/\/\u200bwww\u200b.danse\u200b.univ\u200b-paris8\u200b.fr\/\u200bd\u200bi\u200bp\u200bl\u200bo\u200bm\u200be\u200b.\u200bp\u200bh\u200bp\u200b?\u200bd\u200bi\u200b_\u200bi\u200bd=4 Article cr\u00e9\u00e9 le 16\/02\/2020 \u2013 modi\u00adfi\u00e9 le 10\/06\/2020","og_url":"https:\/\/www.leti.lt\/wordpress\/danseforum-memoiresurladanseforumen2013\/","og_site_name":"Le TILT","article_published_time":"2020-02-16T14:30:33+00:00","article_modified_time":"2020-06-10T05:55:40+00:00","author":"Andr\u00e9ine Bel","twitter_card":"summary_large_image","twitter_misc":{"\u00c9crit par":"Andr\u00e9ine Bel"},"schema":{"@context":"https:\/\/schema.org","@graph":[{"@type":"Article","@id":"https:\/\/www.leti.lt\/wordpress\/danseforum-memoiresurladanseforumen2013\/#article","isPartOf":{"@id":"https:\/\/www.leti.lt\/wordpress\/danseforum-memoiresurladanseforumen2013\/"},"author":{"name":"Andr\u00e9ine Bel","@id":"https:\/\/www.leti.lt\/wordpress\/#\/schema\/person\/9bb307b2af8fbb575bb3603e57951f75"},"headline":"M\u00e9moire sur la danse forum (2013)","datePublished":"2020-02-16T14:30:33+00:00","dateModified":"2020-06-10T05:55:40+00:00","mainEntityOfPage":{"@id":"https:\/\/www.leti.lt\/wordpress\/danseforum-memoiresurladanseforumen2013\/"},"wordCount":58,"commentCount":0,"keywords":["DanseForum"],"articleSection":["Pour m\u00e9moire"],"inLanguage":"fr-FR","potentialAction":[{"@type":"CommentAction","name":"Comment","target":["https:\/\/www.leti.lt\/wordpress\/danseforum-memoiresurladanseforumen2013\/#respond"]}]},{"@type":"WebPage","@id":"https:\/\/www.leti.lt\/wordpress\/danseforum-memoiresurladanseforumen2013\/","url":"https:\/\/www.leti.lt\/wordpress\/danseforum-memoiresurladanseforumen2013\/","name":"M\u00e9moire sur la danse forum (2013) - Le TILT","isPartOf":{"@id":"https:\/\/www.leti.lt\/wordpress\/#website"},"datePublished":"2020-02-16T14:30:33+00:00","dateModified":"2020-06-10T05:55:40+00:00","author":{"@id":"https:\/\/www.leti.lt\/wordpress\/#\/schema\/person\/9bb307b2af8fbb575bb3603e57951f75"},"breadcrumb":{"@id":"https:\/\/www.leti.lt\/wordpress\/danseforum-memoiresurladanseforumen2013\/#breadcrumb"},"inLanguage":"fr-FR","potentialAction":[{"@type":"ReadAction","target":["https:\/\/www.leti.lt\/wordpress\/danseforum-memoiresurladanseforumen2013\/"]}]},{"@type":"BreadcrumbList","@id":"https:\/\/www.leti.lt\/wordpress\/danseforum-memoiresurladanseforumen2013\/#breadcrumb","itemListElement":[{"@type":"ListItem","position":1,"name":"Accueil","item":"https:\/\/www.leti.lt\/wordpress\/"},{"@type":"ListItem","position":2,"name":"M\u00e9moire sur la danse forum (2013)"}]},{"@type":"WebSite","@id":"https:\/\/www.leti.lt\/wordpress\/#website","url":"https:\/\/www.leti.lt\/wordpress\/","name":"Le TILT","description":"Recherche, publication, cr\u00e9ation artistique","potentialAction":[{"@type":"SearchAction","target":{"@type":"EntryPoint","urlTemplate":"https:\/\/www.leti.lt\/wordpress\/?s={search_term_string}"},"query-input":{"@type":"PropertyValueSpecification","valueRequired":true,"valueName":"search_term_string"}}],"inLanguage":"fr-FR"},{"@type":"Person","@id":"https:\/\/www.leti.lt\/wordpress\/#\/schema\/person\/9bb307b2af8fbb575bb3603e57951f75","name":"Andr\u00e9ine Bel","image":{"@type":"ImageObject","inLanguage":"fr-FR","@id":"https:\/\/secure.gravatar.com\/avatar\/4ab041ec7c7ad3b90293023e86528ec1a700ce2971ff61811b2df6b288dd1f38?s=96&d=identicon&r=g","url":"https:\/\/secure.gravatar.com\/avatar\/4ab041ec7c7ad3b90293023e86528ec1a700ce2971ff61811b2df6b288dd1f38?s=96&d=identicon&r=g","contentUrl":"https:\/\/secure.gravatar.com\/avatar\/4ab041ec7c7ad3b90293023e86528ec1a700ce2971ff61811b2df6b288dd1f38?s=96&d=identicon&r=g","caption":"Andr\u00e9ine Bel"},"url":"https:\/\/www.leti.lt\/wordpress\/author\/andreine\/"}]}},"_links":{"self":[{"href":"https:\/\/www.leti.lt\/wordpress\/wp-json\/wp\/v2\/posts\/189","targetHints":{"allow":["GET"]}}],"collection":[{"href":"https:\/\/www.leti.lt\/wordpress\/wp-json\/wp\/v2\/posts"}],"about":[{"href":"https:\/\/www.leti.lt\/wordpress\/wp-json\/wp\/v2\/types\/post"}],"author":[{"embeddable":true,"href":"https:\/\/www.leti.lt\/wordpress\/wp-json\/wp\/v2\/users\/2"}],"replies":[{"embeddable":true,"href":"https:\/\/www.leti.lt\/wordpress\/wp-json\/wp\/v2\/comments?post=189"}],"version-history":[{"count":1,"href":"https:\/\/www.leti.lt\/wordpress\/wp-json\/wp\/v2\/posts\/189\/revisions"}],"predecessor-version":[{"id":581,"href":"https:\/\/www.leti.lt\/wordpress\/wp-json\/wp\/v2\/posts\/189\/revisions\/581"}],"wp:attachment":[{"href":"https:\/\/www.leti.lt\/wordpress\/wp-json\/wp\/v2\/media?parent=189"}],"wp:term":[{"taxonomy":"category","embeddable":true,"href":"https:\/\/www.leti.lt\/wordpress\/wp-json\/wp\/v2\/categories?post=189"},{"taxonomy":"post_tag","embeddable":true,"href":"https:\/\/www.leti.lt\/wordpress\/wp-json\/wp\/v2\/tags?post=189"}],"curies":[{"name":"wp","href":"https:\/\/api.w.org\/{rel}","templated":true}]}}