{"id":186,"date":"2020-02-16T15:30:32","date_gmt":"2020-02-16T14:30:32","guid":{"rendered":"https:\/\/www.leti.lt\/wordpress\/?p=186"},"modified":"-0001-11-30T00:00:00","modified_gmt":"-0001-11-29T22:00:00","slug":"danseforum-loeiletlespace","status":"publish","type":"post","link":"https:\/\/www.leti.lt\/wordpress\/danseforum-loeiletlespace\/","title":{"rendered":"L\u2019\u0153il et l\u2019espace"},"content":{"rendered":"<p><a href=\"https:\/\/www.leti.lt\/wordpress\/danseforum-danseforum\/\">Danse forum<\/a><br>\u2192 <a href=\"https:\/\/www.leti.lt\/wordpress\/danseforum-comptesrendusateliers\/\">Comptes-ren\u00addus des ate\u00adliers<\/a><br>\u2192 <a href=\"https:\/\/www.leti.lt\/wordpress\/danseforum-lambesc\/\">Lam\u00adbesc<\/a><br><br>!!L\u2019\u0153il et l\u2019espace \u2013 3&nbsp;mars 2007<br><br>Nous \u00e9tions huit.<br><br>Que faire de la sen\u00adsa\u00adtion d\u00e8s qu\u2019elle est contac\u00adt\u00e9e&nbsp;? Cela revient-il \u00e0&nbsp;accueillir incon\u00addi\u00adtion\u00adnel\u00adle\u00adment les sen\u00adsa\u00adtions&nbsp;? A&nbsp;les lais\u00adser nous mou\u00advoir&nbsp;? A&nbsp;r\u00e9pondre aux besoins qu\u2019elles expriment&nbsp;? Toutes ces ques\u00adtions res\u00adtent ouvertes, nous n\u2019avons fait que les abor\u00adder.<br><br>La sen\u00adsa\u00adtion de l\u2019espace, du corps dans l\u2019espace d\u00e9li\u00admi\u00adt\u00e9 du dojo avec les autres corps, nous a&nbsp;conve\u00adnu \u00e0&nbsp;tous. Nous nous \u00e9tions don\u00adn\u00e9 pour seule consigne de res\u00adsen\u00adtir l\u2019espace, ce qu\u2019il nous fai\u00adsait et com\u00adment nous inter\u00adagis\u00adsions avec lui. L\u2019espace est deve\u00adnu pal\u00adpable, le moindre chan\u00adge\u00adment d\u2019angle chan\u00adgeait sa pr\u00e9\u00adhen\u00adsion, les corps se sont agen\u00adc\u00e9s sans r\u00e9fl\u00e9\u00adchir comme une nu\u00e9e d\u2019oiseaux (sept, mais quand-m\u00eame !) qui se posent \u00e0&nbsp;terre. Les lignes de force nais\u00adsaient toutes seules, se d\u00e9s\u00adin\u00adt\u00e9\u00adgraient pour en for\u00admer d\u2019autres, selon trois plans&nbsp;: debout, assis, cou\u00adch\u00e9. Ils sont deve\u00adnus signi\u00adfiants sans qu\u2019aucun sens pr\u00e9\u00adcis n\u2019apparaisse. Nous \u00e9tions en pleine abs\u00adtrac\u00adtion sen\u00adsible, loin de toute illus\u00adtra\u00adtion, nar\u00adra\u00adtion ou intel\u00adlec\u00adtua\u00adli\u00adsa\u00adtion.<br><br>La saveur de l\u2019abstraction \u00e0&nbsp;l\u2019\u0153uvre, c\u2019est inou\u00adbliable. Il ne s\u2019agissait plus de \u00ab&nbsp;don\u00adner un sens&nbsp;\u00bb, mais de \u00ab&nbsp;faire sens&nbsp;\u00bb.<br><br>Natu\u00adrel\u00adle\u00adment, c\u2019est un fil t\u00e9nu que le \u00ab&nbsp;faire sens&nbsp;\u00bb li\u00e9 \u00e0&nbsp;la sen\u00adsa\u00adtion. D\u2019un c\u00f4t\u00e9 du fil il y&nbsp;a l\u2019illustration, o\u00f9 l\u2019on prend le spec\u00adta\u00adteur par la main pour que sur\u00adtout il pense comme on veut qu\u2019il pense, et de l\u2019autre le \u00ab&nbsp;non-sens&nbsp;\u00bb, le n\u2019importe quoi, o\u00f9 l\u2019on se perd et perd l\u2019autre.<br><br>L\u2019illustration et le non-sens usent la cr\u00e9a\u00adti\u00advi\u00adt\u00e9, trop diri\u00adg\u00e9e d\u2019un c\u00f4t\u00e9, sans rep\u00e8res de l\u2019autre. Mais ils usent aus\u00adsi l\u2019int\u00e9grit\u00e9 de l\u2019\u00eatre&nbsp;: quelle liber\u00adt\u00e9 avoir quand tout est jou\u00e9 d\u2019avance, ou quand rien ne peut nous relier&nbsp;? Quel res\u00adpect de soi et des autres avoir quand on est infan\u00adti\u00adli\u00ads\u00e9 ou quand on \u00ab&nbsp;perd&nbsp;\u00bb sa vie \u00e0&nbsp;faire n\u2019importe quoi&nbsp;?<br><br>Cette fois, et sur l\u2019adagio de Bar\u00adber puis les varia\u00adtions de Gold\u00adberg, l\u2019illustration n\u2019a pas mon\u00adtr\u00e9 son nez, le n\u2019importe quoi par\u00adfois, par touches, ces choses-l\u00e0 sont tel\u00adle\u00adment dis\u00adcr\u00e8tes&nbsp;! Mais der\u00adri\u00e8re ma came\u00adra, je rete\u00adnais mon souffle.<br><br>Le forum a&nbsp;\u00e9t\u00e9 \u00e0&nbsp;la hau\u00adteur de la mise en route. Le r\u00f4le du joker a&nbsp;\u00e9t\u00e9 endos\u00ads\u00e9 par notre forum-acteur pr\u00e9\u00adf\u00e9\u00adr\u00e9, c\u2019\u00e9tait une pre\u00admi\u00e8re, j\u2019esp\u00e8re qu\u2019il remet\u00adtra \u00e7a car cela cou\u00adlait tout seul, le d\u00e9rou\u00adle\u00adment, la for\u00admu\u00adla\u00adtion de ce qui venait de se pas\u00adser et o\u00f9 nous sou\u00adhai\u00adtions aller, l\u2019ouverture des pos\u00adsibles. Il pas\u00adsait les musiques par\u00adfois au hasard, et bien \u00e7a marche, nous en avons la preuve\u2026<br><br>Quand l\u2019\u0153il de la came\u00adra devient-il enva\u00adhis\u00adsant dans l\u2019espace des\u00adsi\u00adn\u00e9 entre les corps&nbsp;? La came\u00adra en a&nbsp;vu de toutes les cou\u00adleurs, deux fois m\u00eame elle s\u2019est voi\u00adl\u00e9 l\u2019\u0153il (nous n\u2019avons tou\u00adjours pas com\u00adpris com\u00adment) pour ne pas voir tant les cas\u00adcades qu\u2019on lui fai\u00adsait faire \u00e9taient impres\u00adsion\u00adnantes. Elle a&nbsp;r\u00e9us\u00adsi \u00e0&nbsp;deve\u00adnir trop indis\u00adcr\u00e8te \u00e0&nbsp;force de cher\u00adcher le grain de la peau, mais glo\u00adba\u00adle\u00adment, elle a&nbsp;jou\u00e9 avec bon\u00adheur au chat et \u00e0&nbsp;la sou\u00adris avec telle por\u00adtion de peau, telle volute du dojo qui d\u00e9fi\u00adlait comme un man\u00e8ge et quelques plans plus conven\u00adtion\u00adnels qui don\u00adnaient \u00e0&nbsp;voir les formes. Le manque de dis\u00adtance n\u2019a r\u00e9us\u00adsi \u00e0&nbsp;impor\u00adtu\u00adner per\u00adsonne, c\u2019est dans l\u2019approche que tout se joue, cela au moins nous l\u2019avons clai\u00adre\u00adment exp\u00e9\u00adri\u00admen\u00adt\u00e9.<br><br>Le bilan nous a&nbsp;r\u00e9ga\u00adl\u00e9 des images incon\u00adgrues et vibrantes d\u2019une heure de film.<br><br>Andr\u00e9ine Bel<br><br>d\u2019apr\u00e8s les retours de&nbsp;: Alexandre D, Andr\u00e9ine B, Elise B, Estelle M, Guillaume T, Laurent B, Leo\u00adnar\u00addo C, Nadine G.<\/p><p style=\"color:green; text-align:right !important;\">Article cr\u00e9\u00e9 le 16\/02\/2020<\/p>","protected":false},"excerpt":{"rendered":"<p>Danse forum\u2192 Comptes-ren\u00ad\u00addus des ate\u00adliers\u2192 Lam\u00adbesc !!L\u2019\u0153il et l\u2019espace \u2013 3&nbsp;mars 2007 Nous \u00e9tions huit. Que faire de la sen\u00adsa\u00adtion d\u00e8s qu\u2019elle est contac\u00adt\u00e9e&nbsp;? Cela revient-il \u00e0&nbsp;accueillir incon\u00addi\u00adtion\u00adnel\u00adle\u00adment les sen\u00adsa\u00adtions&nbsp;? A&nbsp;les lais\u00adser nous mou\u00advoir&nbsp;? A&nbsp;r\u00e9pondre aux besoins qu\u2019elles expriment&nbsp;? Toutes ces ques\u00adtions res\u00adtent ouvertes, nous n\u2019avons fait que les abor\u00adder. La sen\u00adsa\u00adtion de l\u2019espace, du corps dans l\u2019espace d\u00e9li\u00admi\u00adt\u00e9 du dojo avec les autres corps, nous a&nbsp;conve\u00adnu \u00e0&nbsp;tous. Nous nous \u00e9tions don\u00adn\u00e9 pour seule consigne de res\u00adsen\u00adtir l\u2019espace, ce qu\u2019il [\u2026]<\/p>\n","protected":false},"author":2,"featured_media":0,"comment_status":"open","ping_status":"open","sticky":false,"template":"","format":"standard","meta":{"wp_typography_post_enhancements_disabled":false,"footnotes":""},"categories":[184],"tags":[208],"class_list":["post-186","post","type-post","status-publish","format-standard","hentry","category-ateliers_lambesc","tag-df_lambesc"],"yoast_head":"<!-- This site is optimized with the Yoast SEO plugin v27.5 - https:\/\/yoast.com\/product\/yoast-seo-wordpress\/ -->\n<title>L\u2019\u0153il et l\u2019espace - Le TILT<\/title>\n<meta name=\"robots\" content=\"index, follow, max-snippet:-1, max-image-preview:large, max-video-preview:-1\" \/>\n<link rel=\"canonical\" href=\"https:\/\/www.leti.lt\/wordpress\/danseforum-loeiletlespace\/\" \/>\n<meta property=\"og:locale\" content=\"fr_FR\" \/>\n<meta property=\"og:type\" content=\"article\" \/>\n<meta property=\"og:title\" content=\"L\u2019\u0153il et l\u2019espace - Le TILT\" \/>\n<meta property=\"og:description\" content=\"Danse forum\u2192 Comptes-ren\u00addus des ate\u00adliers\u2192 Lam\u00adbesc !!L\u2019\u0153il et l\u2019espace \u2013 3&nbsp;mars 2007 Nous \u00e9tions huit. Que faire de la sen\u00adsa\u00adtion d\u00e8s qu\u2019elle est contac\u00adt\u00e9e&nbsp;? Cela revient-il \u00e0&nbsp;accueillir incon\u00addi\u00adtion\u00adnel\u00adle\u00adment les sen\u00adsa\u00adtions&nbsp;? A&nbsp;les lais\u00adser nous mou\u00advoir&nbsp;? A&nbsp;r\u00e9pondre aux besoins qu\u2019elles expriment&nbsp;? Toutes ces ques\u00adtions res\u00adtent ouvertes, nous n\u2019avons fait que les aborder. La sen\u00adsa\u00adtion de l\u2019espace, du corps dans l\u2019espace d\u00e9li\u00admi\u00adt\u00e9 du dojo avec les autres corps, nous a&nbsp;conve\u00adnu \u00e0&nbsp;tous. Nous nous \u00e9tions don\u00adn\u00e9 pour seule consigne de res\u00adsen\u00adtir l\u2019espace, ce qu\u2019il [&hellip;]\" \/>\n<meta property=\"og:url\" content=\"https:\/\/www.leti.lt\/wordpress\/danseforum-loeiletlespace\/\" \/>\n<meta property=\"og:site_name\" content=\"Le TILT\" \/>\n<meta property=\"article:published_time\" content=\"2020-02-16T14:30:32+00:00\" \/>\n<meta name=\"author\" content=\"Andr\u00e9ine Bel\" \/>\n<meta name=\"twitter:card\" content=\"summary_large_image\" \/>\n<meta name=\"twitter:label1\" content=\"\u00c9crit par\" \/>\n\t<meta name=\"twitter:data1\" content=\"Andr\u00e9ine Bel\" \/>\n\t<meta name=\"twitter:label2\" content=\"Dur\u00e9e de lecture estim\u00e9e\" \/>\n\t<meta name=\"twitter:data2\" content=\"3 minutes\" \/>\n<script type=\"application\/ld+json\" class=\"yoast-schema-graph\">{\"@context\":\"https:\\\/\\\/schema.org\",\"@graph\":[{\"@type\":\"Article\",\"@id\":\"https:\\\/\\\/www.leti.lt\\\/wordpress\\\/danseforum-loeiletlespace\\\/#article\",\"isPartOf\":{\"@id\":\"https:\\\/\\\/www.leti.lt\\\/wordpress\\\/danseforum-loeiletlespace\\\/\"},\"author\":{\"name\":\"Andr\u00e9ine Bel\",\"@id\":\"https:\\\/\\\/www.leti.lt\\\/wordpress\\\/#\\\/schema\\\/person\\\/9bb307b2af8fbb575bb3603e57951f75\"},\"headline\":\"L\u2019\u0153il et l\u2019espace\",\"datePublished\":\"2020-02-16T14:30:32+00:00\",\"mainEntityOfPage\":{\"@id\":\"https:\\\/\\\/www.leti.lt\\\/wordpress\\\/danseforum-loeiletlespace\\\/\"},\"wordCount\":651,\"commentCount\":0,\"keywords\":[\"DF_Lambesc\"],\"articleSection\":[\"Ateliers Lambesc\"],\"inLanguage\":\"fr-FR\",\"potentialAction\":[{\"@type\":\"CommentAction\",\"name\":\"Comment\",\"target\":[\"https:\\\/\\\/www.leti.lt\\\/wordpress\\\/danseforum-loeiletlespace\\\/#respond\"]}]},{\"@type\":\"WebPage\",\"@id\":\"https:\\\/\\\/www.leti.lt\\\/wordpress\\\/danseforum-loeiletlespace\\\/\",\"url\":\"https:\\\/\\\/www.leti.lt\\\/wordpress\\\/danseforum-loeiletlespace\\\/\",\"name\":\"L\u2019\u0153il et l\u2019espace - Le TILT\",\"isPartOf\":{\"@id\":\"https:\\\/\\\/www.leti.lt\\\/wordpress\\\/#website\"},\"datePublished\":\"2020-02-16T14:30:32+00:00\",\"author\":{\"@id\":\"https:\\\/\\\/www.leti.lt\\\/wordpress\\\/#\\\/schema\\\/person\\\/9bb307b2af8fbb575bb3603e57951f75\"},\"breadcrumb\":{\"@id\":\"https:\\\/\\\/www.leti.lt\\\/wordpress\\\/danseforum-loeiletlespace\\\/#breadcrumb\"},\"inLanguage\":\"fr-FR\",\"potentialAction\":[{\"@type\":\"ReadAction\",\"target\":[\"https:\\\/\\\/www.leti.lt\\\/wordpress\\\/danseforum-loeiletlespace\\\/\"]}]},{\"@type\":\"BreadcrumbList\",\"@id\":\"https:\\\/\\\/www.leti.lt\\\/wordpress\\\/danseforum-loeiletlespace\\\/#breadcrumb\",\"itemListElement\":[{\"@type\":\"ListItem\",\"position\":1,\"name\":\"Accueil\",\"item\":\"https:\\\/\\\/www.leti.lt\\\/wordpress\\\/\"},{\"@type\":\"ListItem\",\"position\":2,\"name\":\"L\u2019\u0153il et l\u2019espace\"}]},{\"@type\":\"WebSite\",\"@id\":\"https:\\\/\\\/www.leti.lt\\\/wordpress\\\/#website\",\"url\":\"https:\\\/\\\/www.leti.lt\\\/wordpress\\\/\",\"name\":\"Le TILT\",\"description\":\"Recherche, publication, cr\u00e9ation artistique\",\"potentialAction\":[{\"@type\":\"SearchAction\",\"target\":{\"@type\":\"EntryPoint\",\"urlTemplate\":\"https:\\\/\\\/www.leti.lt\\\/wordpress\\\/?s={search_term_string}\"},\"query-input\":{\"@type\":\"PropertyValueSpecification\",\"valueRequired\":true,\"valueName\":\"search_term_string\"}}],\"inLanguage\":\"fr-FR\"},{\"@type\":\"Person\",\"@id\":\"https:\\\/\\\/www.leti.lt\\\/wordpress\\\/#\\\/schema\\\/person\\\/9bb307b2af8fbb575bb3603e57951f75\",\"name\":\"Andr\u00e9ine Bel\",\"image\":{\"@type\":\"ImageObject\",\"inLanguage\":\"fr-FR\",\"@id\":\"https:\\\/\\\/secure.gravatar.com\\\/avatar\\\/4ab041ec7c7ad3b90293023e86528ec1a700ce2971ff61811b2df6b288dd1f38?s=96&d=identicon&r=g\",\"url\":\"https:\\\/\\\/secure.gravatar.com\\\/avatar\\\/4ab041ec7c7ad3b90293023e86528ec1a700ce2971ff61811b2df6b288dd1f38?s=96&d=identicon&r=g\",\"contentUrl\":\"https:\\\/\\\/secure.gravatar.com\\\/avatar\\\/4ab041ec7c7ad3b90293023e86528ec1a700ce2971ff61811b2df6b288dd1f38?s=96&d=identicon&r=g\",\"caption\":\"Andr\u00e9ine Bel\"},\"url\":\"https:\\\/\\\/www.leti.lt\\\/wordpress\\\/author\\\/andreine\\\/\"}]}<\/script>\n<!-- \/ Yoast SEO plugin. -->","yoast_head_json":{"title":"L\u2019\u0153il et l\u2019espace - Le TILT","robots":{"index":"index","follow":"follow","max-snippet":"max-snippet:-1","max-image-preview":"max-image-preview:large","max-video-preview":"max-video-preview:-1"},"canonical":"https:\/\/www.leti.lt\/wordpress\/danseforum-loeiletlespace\/","og_locale":"fr_FR","og_type":"article","og_title":"L\u2019\u0153il et l\u2019espace - Le TILT","og_description":"Danse forum\u2192 Comptes-ren\u00addus des ate\u00adliers\u2192 Lam\u00adbesc !!L\u2019\u0153il et l\u2019espace \u2013 3&nbsp;mars 2007 Nous \u00e9tions huit. Que faire de la sen\u00adsa\u00adtion d\u00e8s qu\u2019elle est contac\u00adt\u00e9e&nbsp;? Cela revient-il \u00e0&nbsp;accueillir incon\u00addi\u00adtion\u00adnel\u00adle\u00adment les sen\u00adsa\u00adtions&nbsp;? A&nbsp;les lais\u00adser nous mou\u00advoir&nbsp;? A&nbsp;r\u00e9pondre aux besoins qu\u2019elles expriment&nbsp;? Toutes ces ques\u00adtions res\u00adtent ouvertes, nous n\u2019avons fait que les aborder. La sen\u00adsa\u00adtion de l\u2019espace, du corps dans l\u2019espace d\u00e9li\u00admi\u00adt\u00e9 du dojo avec les autres corps, nous a&nbsp;conve\u00adnu \u00e0&nbsp;tous. Nous nous \u00e9tions don\u00adn\u00e9 pour seule consigne de res\u00adsen\u00adtir l\u2019espace, ce qu\u2019il [&hellip;]","og_url":"https:\/\/www.leti.lt\/wordpress\/danseforum-loeiletlespace\/","og_site_name":"Le TILT","article_published_time":"2020-02-16T14:30:32+00:00","author":"Andr\u00e9ine Bel","twitter_card":"summary_large_image","twitter_misc":{"\u00c9crit par":"Andr\u00e9ine Bel","Dur\u00e9e de lecture estim\u00e9e":"3 minutes"},"schema":{"@context":"https:\/\/schema.org","@graph":[{"@type":"Article","@id":"https:\/\/www.leti.lt\/wordpress\/danseforum-loeiletlespace\/#article","isPartOf":{"@id":"https:\/\/www.leti.lt\/wordpress\/danseforum-loeiletlespace\/"},"author":{"name":"Andr\u00e9ine Bel","@id":"https:\/\/www.leti.lt\/wordpress\/#\/schema\/person\/9bb307b2af8fbb575bb3603e57951f75"},"headline":"L\u2019\u0153il et l\u2019espace","datePublished":"2020-02-16T14:30:32+00:00","mainEntityOfPage":{"@id":"https:\/\/www.leti.lt\/wordpress\/danseforum-loeiletlespace\/"},"wordCount":651,"commentCount":0,"keywords":["DF_Lambesc"],"articleSection":["Ateliers Lambesc"],"inLanguage":"fr-FR","potentialAction":[{"@type":"CommentAction","name":"Comment","target":["https:\/\/www.leti.lt\/wordpress\/danseforum-loeiletlespace\/#respond"]}]},{"@type":"WebPage","@id":"https:\/\/www.leti.lt\/wordpress\/danseforum-loeiletlespace\/","url":"https:\/\/www.leti.lt\/wordpress\/danseforum-loeiletlespace\/","name":"L\u2019\u0153il et l\u2019espace - Le TILT","isPartOf":{"@id":"https:\/\/www.leti.lt\/wordpress\/#website"},"datePublished":"2020-02-16T14:30:32+00:00","author":{"@id":"https:\/\/www.leti.lt\/wordpress\/#\/schema\/person\/9bb307b2af8fbb575bb3603e57951f75"},"breadcrumb":{"@id":"https:\/\/www.leti.lt\/wordpress\/danseforum-loeiletlespace\/#breadcrumb"},"inLanguage":"fr-FR","potentialAction":[{"@type":"ReadAction","target":["https:\/\/www.leti.lt\/wordpress\/danseforum-loeiletlespace\/"]}]},{"@type":"BreadcrumbList","@id":"https:\/\/www.leti.lt\/wordpress\/danseforum-loeiletlespace\/#breadcrumb","itemListElement":[{"@type":"ListItem","position":1,"name":"Accueil","item":"https:\/\/www.leti.lt\/wordpress\/"},{"@type":"ListItem","position":2,"name":"L\u2019\u0153il et l\u2019espace"}]},{"@type":"WebSite","@id":"https:\/\/www.leti.lt\/wordpress\/#website","url":"https:\/\/www.leti.lt\/wordpress\/","name":"Le TILT","description":"Recherche, publication, cr\u00e9ation artistique","potentialAction":[{"@type":"SearchAction","target":{"@type":"EntryPoint","urlTemplate":"https:\/\/www.leti.lt\/wordpress\/?s={search_term_string}"},"query-input":{"@type":"PropertyValueSpecification","valueRequired":true,"valueName":"search_term_string"}}],"inLanguage":"fr-FR"},{"@type":"Person","@id":"https:\/\/www.leti.lt\/wordpress\/#\/schema\/person\/9bb307b2af8fbb575bb3603e57951f75","name":"Andr\u00e9ine Bel","image":{"@type":"ImageObject","inLanguage":"fr-FR","@id":"https:\/\/secure.gravatar.com\/avatar\/4ab041ec7c7ad3b90293023e86528ec1a700ce2971ff61811b2df6b288dd1f38?s=96&d=identicon&r=g","url":"https:\/\/secure.gravatar.com\/avatar\/4ab041ec7c7ad3b90293023e86528ec1a700ce2971ff61811b2df6b288dd1f38?s=96&d=identicon&r=g","contentUrl":"https:\/\/secure.gravatar.com\/avatar\/4ab041ec7c7ad3b90293023e86528ec1a700ce2971ff61811b2df6b288dd1f38?s=96&d=identicon&r=g","caption":"Andr\u00e9ine Bel"},"url":"https:\/\/www.leti.lt\/wordpress\/author\/andreine\/"}]}},"_links":{"self":[{"href":"https:\/\/www.leti.lt\/wordpress\/wp-json\/wp\/v2\/posts\/186","targetHints":{"allow":["GET"]}}],"collection":[{"href":"https:\/\/www.leti.lt\/wordpress\/wp-json\/wp\/v2\/posts"}],"about":[{"href":"https:\/\/www.leti.lt\/wordpress\/wp-json\/wp\/v2\/types\/post"}],"author":[{"embeddable":true,"href":"https:\/\/www.leti.lt\/wordpress\/wp-json\/wp\/v2\/users\/2"}],"replies":[{"embeddable":true,"href":"https:\/\/www.leti.lt\/wordpress\/wp-json\/wp\/v2\/comments?post=186"}],"version-history":[{"count":0,"href":"https:\/\/www.leti.lt\/wordpress\/wp-json\/wp\/v2\/posts\/186\/revisions"}],"wp:attachment":[{"href":"https:\/\/www.leti.lt\/wordpress\/wp-json\/wp\/v2\/media?parent=186"}],"wp:term":[{"taxonomy":"category","embeddable":true,"href":"https:\/\/www.leti.lt\/wordpress\/wp-json\/wp\/v2\/categories?post=186"},{"taxonomy":"post_tag","embeddable":true,"href":"https:\/\/www.leti.lt\/wordpress\/wp-json\/wp\/v2\/tags?post=186"}],"curies":[{"name":"wp","href":"https:\/\/api.w.org\/{rel}","templated":true}]}}