{"id":184,"date":"2020-02-16T15:30:32","date_gmt":"2020-02-16T14:30:32","guid":{"rendered":"https:\/\/www.leti.lt\/wordpress\/?p=184"},"modified":"-0001-11-30T00:00:00","modified_gmt":"-0001-11-29T22:00:00","slug":"danseforum-lhabitudeetnommer","status":"publish","type":"post","link":"https:\/\/www.leti.lt\/wordpress\/danseforum-lhabitudeetnommer\/","title":{"rendered":"L\u2019habitude et nommer"},"content":{"rendered":"<p><a href=\"https:\/\/www.leti.lt\/wordpress\/danseforum-danseforum\/\">Danse forum<\/a><br>\u2192 <a href=\"https:\/\/www.leti.lt\/wordpress\/danseforum-comptesrendusateliers\/\">Comptes-ren\u00addus des ate\u00adliers<\/a><br>\u2192 <a href=\"https:\/\/www.leti.lt\/wordpress\/danseforum-aixenprovence\/\">Aix-en-Pro\u00advence<\/a><br><br>!!L\u2019habitude et Nom\u00admer \u2013 26\/6\/11<br><br><br><br>Nous \u00e9tions sept<br><br>sept et une fl\u00fbte<br><br>comme les mouches du coche<br><br>pour se col\u00adti\u00adner \u00e0&nbsp;l\u2019habitude<br><br>elle s\u2019est invi\u00adt\u00e9e comme th\u00e8me \u00e0&nbsp;notre corps d\u00e9fendant\/d\u00e9pendant<br><br>on l\u2019a mise en regard avec le fait de nom\u00admer<br><br>les choses, les mou\u00adve\u00adments, les pro\u00adces\u00adsus\u2026<br><br>Entre r\u00e9flexe, mou\u00adve\u00adment invo\u00adlon\u00adtaire et mou\u00adve\u00adment spon\u00adta\u00adn\u00e9, le corps<br>navigue et prend forme pen\u00addant l\u2019\u00e9veil des muscles&nbsp;: com\u00adment<br>accueillir cet \u00e9veil, nom\u00admer ses \u00e9tapes, sans le culti\u00adver de fa\u00e7on<br>vel\u00adl\u00e9i\u00adtaire&nbsp;?<br><br>Le corps n\u2019est pas indemne de son his\u00adtoire, de ses appren\u00adtis\u00adsages, de<br>ses r\u00e9flexes appris&nbsp;: peut-on d\u00e9faire l\u2019habitude en l\u2019accueillant&nbsp;?<br><br>Les couches de ten\u00adsions, leurs r\u00e9so\u00adnances \u00e9mo\u00adtion\u00adnelles, on peut les<br>lais\u00adser cou\u00adrir et s\u2019approprier le pr\u00e9\u00adsent&nbsp;: faut-il pour cela renon\u00adcer \u00e0&nbsp;les<br>inter\u00adpr\u00e9\u00adter&nbsp;?<br><br>L\u2019influence des t\u00e9moi\u00adgnages des autres, le fait d\u2019apprendre de ce contact,<br>est-ce de la nou\u00adveau\u00adt\u00e9 acquise dans nos corps&nbsp;? Est-ce comme lire un<br>livre \u00e0&nbsp;plu\u00adsieurs&nbsp;?<br><br>Per\u00admettre au vide d\u2019entrer dans la cage tho\u00adra\u00adcique, sus\u00adpen\u00adsion et<br>ten\u00adsion l\u00e9g\u00e8re.<br><br>La t\u00eate oublie mais pas le corps.<br><br>\u00ab L\u2019\u00e9veil des muscles&nbsp;\u00bb am\u00e8ne-t-il \u00ab&nbsp;l\u2019\u00e9veil du mou\u00adve\u00adment&nbsp;\u00bb&nbsp;?<br>\u00ab&nbsp;L\u2019\u00e9veil des marches&nbsp;\u00bb comme un \u00ab&nbsp;\u00e9veil des muscles ins\u00adcrit dans la<br>marche&nbsp;\u00bb, voit l\u2019humanit\u00e9 d\u00e9fi\u00adler en un seul corps.<br><br>Dif\u00adfi\u00adcul\u00adt\u00e9 des fron\u00adti\u00e8res et limites avec les mots \u2013 les \u00eatres<br>vivants ont cette qua\u00adli\u00adt\u00e9 fluide de l\u2019\u00e9ternit\u00e9 dans le pr\u00e9\u00adsent, du<br>pr\u00e9\u00adsent dans l\u2019\u00e9ternit\u00e9.<br><br>Accep\u00adta\u00adtion que rien ne puisse se pas\u00adser \u2013 go\u00fb\u00adter ce rien, le nom\u00admer.<br><br>Se sou\u00adve\u00adnir, c\u2019est faire se double mou\u00adve\u00adment entre connais\u00adsance et<br>exp\u00e9\u00adrience, nous sommes au c\u0153ur de la foru\u00admi\u00adsa\u00adtion en DF.<br><br><i>Mise en forum<\/i><br><br>Il ne nous est pas appa\u00adru \u00e9vident de savoir ce qu\u2019est une habi\u00adtude.<br>Est-ce quelque chose d\u2019objectif&nbsp;? Est-ce une sen\u00adsa\u00adtion&nbsp;? A&nbsp;quoi<br>peut nous ser\u00advir une habi\u00adtude&nbsp;? L\u2019habitude vient-elle de ne pas<br>vou\u00adloir faire quelque chose de nou\u00adveau&nbsp;? De faire avec ce qui est&nbsp;?<br>La r\u00e9sis\u00adtance \u00e0&nbsp;l\u2019habitude vient-elle du refus de la faci\u00adli\u00adt\u00e9 qu\u2019elle<br>peut appor\u00adter&nbsp;?<br><br>L\u2019habitude est li\u00e9e au sou\u00adve\u00adnir, par\u00adfois au juge\u00adment, \u00e0&nbsp;ce qui est<br>sys\u00adt\u00e9\u00adma\u00adtique, \u00e0&nbsp;ce qui n\u2019est pas fait \u00ab&nbsp;en conscience&nbsp;\u00bb, \u00e0&nbsp;la<br>r\u00e9p\u00e9\u00adti\u00adtion&nbsp;: est-elle \u00ab&nbsp;anti-cr\u00e9a\u00adtive&nbsp;\u00bb&nbsp;?<br><br>Nous entrons dans le para\u00addoxe du cr\u00e9a\u00adtif en inter\u00adro\u00adgeant l\u2019habitude&nbsp;:<br>s\u2019agit-il de red\u00e9\u00adcou\u00advrir la lune, ou \u00e0&nbsp;tra\u00advers l\u2019exp\u00e9rience,<br>red\u00e9\u00adcou\u00advrir les choses&nbsp;?<br><br>L\u2019habitude am\u00e8ne \u00e0&nbsp;rem\u00e2\u00adcher de dif\u00adf\u00e9\u00adrentes fa\u00e7ons&nbsp;: pas envie d\u2019\u00eatre<br>pris pour une vache&nbsp;?<br><br>La conscience est ce spot lumi\u00adneux qui \u00e9claire les faits et gestes,<br>les mou\u00adve\u00adments. Il nous a&nbsp;sem\u00adbl\u00e9 exis\u00adter une rela\u00adtion entre cet<br>espace lumi\u00adneux et les mul\u00adtiples connexions entre nous. Tra\u00adver\u00adser<br>ensemble le son et le silence.<br><br>La po\u00e9\u00adsie comme dimen\u00adsion du son dans l\u2019\u00e9tat d\u2019\u00eatre. Syner\u00adgie<br>invo\u00adlon\u00adtaire entre mou\u00adve\u00adments, sons et mots, \u00eatre tou\u00adch\u00e9 par<br>l\u2019amplitude de la parole po\u00e9\u00adtique.<br><br>\u00c0 par\u00adtir de l\u00e0, tout s\u2019est m\u00e9lan\u00adg\u00e9&nbsp;: ph\u00e9\u00adno\u00adm\u00e8ne cog\u00adni\u00adtif,<br>connais\u00adsance, \u00e9change, syner\u00adgie, syn\u00adchro\u00adni\u00adci\u00adt\u00e9, pr\u00e9\u00adsence, par\u00adtage,<br>int\u00e9\u00adrio\u00adri\u00adt\u00e9.<br><br>Il n\u2019est pas facile d\u2019\u00eatre \u00e0&nbsp;la fois dans la per\u00adcep\u00adtion de soi et du<br>groupe, besoin vital de favo\u00adri\u00adser l\u2019organisation orga\u00adnique, pour que<br>la liber\u00adt\u00e9 rende la vie vivante.<br><br>Avec l\u2019exp\u00e9rience directe, on retrouve le poreux, le vivant\u2026 La<br>preuve&nbsp;? Cette fl\u00fbte fut pure po\u00e9\u00adsie.<br><br>Andr\u00e9ine Bel,<br><br>d\u2019apr\u00e8s les retours de&nbsp;: Andr\u00e9ine B, Ber\u00adnard B, Marit\u00adza S, Minh N\u2011G, Manuelle D, Nadine G, Vanes\u00adsa&nbsp;S.<\/p><p style=\"color:green; text-align:right !important;\">Article cr\u00e9\u00e9 le 16\/02\/2020<\/p>","protected":false},"excerpt":{"rendered":"<p>Danse forum\u2192 Comptes-ren\u00ad\u00addus des ate\u00adliers\u2192 Aix-en-Pro\u00ad\u00advence !!L\u2019habitude et Nom\u00admer \u2013 26\/6\/11 Nous \u00e9tions sept sept et une&nbsp;fl\u00fbte comme les mouches du&nbsp;coche pour se col\u00adti\u00adner \u00e0&nbsp;l\u2019habitude elle s\u2019est invi\u00adt\u00e9e comme th\u00e8me \u00e0&nbsp;notre corps d\u00e9fendant\/d\u00e9pendant on l\u2019a mise en regard avec le fait de nom\u00admer les choses, les mou\u00adve\u00adments, les pro\u00adces\u00adsus\u2026 Entre r\u00e9flexe, mou\u00adve\u00adment invo\u00adlon\u00adtaire et mou\u00adve\u00adment spon\u00adta\u00adn\u00e9, le corps\u00adna\u00advigue et prend forme pen\u00addant l\u2019\u00e9veil des muscles&nbsp;: com\u00admentaccueillir cet \u00e9veil, nom\u00admer ses \u00e9tapes, sans le culti\u00adver de fa\u00e7onvel\u00adl\u00e9i\u00adtaire&nbsp;? Le corps n\u2019est&nbsp;pas&nbsp;[\u2026]<\/p>\n","protected":false},"author":2,"featured_media":0,"comment_status":"open","ping_status":"open","sticky":false,"template":"","format":"standard","meta":{"wp_typography_post_enhancements_disabled":false,"footnotes":""},"categories":[133],"tags":[210],"class_list":["post-184","post","type-post","status-publish","format-standard","hentry","category-ateliers_aix","tag-df_aixenprovence"],"yoast_head":"<!-- This site is optimized with the Yoast SEO plugin v27.5 - https:\/\/yoast.com\/product\/yoast-seo-wordpress\/ -->\n<title>L\u2019habitude et nommer - Le TILT<\/title>\n<meta name=\"robots\" content=\"index, follow, max-snippet:-1, max-image-preview:large, max-video-preview:-1\" \/>\n<link rel=\"canonical\" href=\"https:\/\/www.leti.lt\/wordpress\/danseforum-lhabitudeetnommer\/\" \/>\n<meta property=\"og:locale\" content=\"fr_FR\" \/>\n<meta property=\"og:type\" content=\"article\" \/>\n<meta property=\"og:title\" content=\"L\u2019habitude et nommer - Le TILT\" \/>\n<meta property=\"og:description\" content=\"Danse forum\u2192 Comptes-ren\u00addus des ate\u00adliers\u2192 Aix-en-Pro\u00advence !!L\u2019habitude et Nom\u00admer \u2013 26\/6\/11 Nous \u00e9tions sept sept et une&nbsp;fl\u00fbte comme les mouches du&nbsp;coche pour se col\u00adti\u00adner \u00e0&nbsp;l\u2019habitude elle s\u2019est invi\u00adt\u00e9e comme th\u00e8me \u00e0&nbsp;notre corps d\u00e9fendant\/d\u00e9pendant on l\u2019a mise en regard avec le fait de nommer les choses, les mou\u00adve\u00adments, les processus\u2026 Entre r\u00e9flexe, mou\u00adve\u00adment invo\u00adlon\u00adtaire et mou\u00adve\u00adment spon\u00adta\u00adn\u00e9, le corpsnavigue et prend forme pen\u00addant l\u2019\u00e9veil des muscles&nbsp;: com\u00admentaccueillir cet \u00e9veil, nom\u00admer ses \u00e9tapes, sans le culti\u00adver de fa\u00e7onvel\u00adl\u00e9i\u00adtaire&nbsp;? Le corps n\u2019est pas [&hellip;]\" \/>\n<meta property=\"og:url\" content=\"https:\/\/www.leti.lt\/wordpress\/danseforum-lhabitudeetnommer\/\" \/>\n<meta property=\"og:site_name\" content=\"Le TILT\" \/>\n<meta property=\"article:published_time\" content=\"2020-02-16T14:30:32+00:00\" \/>\n<meta name=\"author\" content=\"Andr\u00e9ine Bel\" \/>\n<meta name=\"twitter:card\" content=\"summary_large_image\" \/>\n<meta name=\"twitter:label1\" content=\"\u00c9crit par\" \/>\n\t<meta name=\"twitter:data1\" content=\"Andr\u00e9ine Bel\" \/>\n\t<meta name=\"twitter:label2\" content=\"Dur\u00e9e de lecture estim\u00e9e\" \/>\n\t<meta name=\"twitter:data2\" content=\"3 minutes\" \/>\n<script type=\"application\/ld+json\" class=\"yoast-schema-graph\">{\"@context\":\"https:\\\/\\\/schema.org\",\"@graph\":[{\"@type\":\"Article\",\"@id\":\"https:\\\/\\\/www.leti.lt\\\/wordpress\\\/danseforum-lhabitudeetnommer\\\/#article\",\"isPartOf\":{\"@id\":\"https:\\\/\\\/www.leti.lt\\\/wordpress\\\/danseforum-lhabitudeetnommer\\\/\"},\"author\":{\"name\":\"Andr\u00e9ine Bel\",\"@id\":\"https:\\\/\\\/www.leti.lt\\\/wordpress\\\/#\\\/schema\\\/person\\\/9bb307b2af8fbb575bb3603e57951f75\"},\"headline\":\"L\u2019habitude et nommer\",\"datePublished\":\"2020-02-16T14:30:32+00:00\",\"mainEntityOfPage\":{\"@id\":\"https:\\\/\\\/www.leti.lt\\\/wordpress\\\/danseforum-lhabitudeetnommer\\\/\"},\"wordCount\":580,\"commentCount\":0,\"keywords\":[\"DF_AixEnProvence\"],\"articleSection\":[\"Ateliers Aix\"],\"inLanguage\":\"fr-FR\",\"potentialAction\":[{\"@type\":\"CommentAction\",\"name\":\"Comment\",\"target\":[\"https:\\\/\\\/www.leti.lt\\\/wordpress\\\/danseforum-lhabitudeetnommer\\\/#respond\"]}]},{\"@type\":\"WebPage\",\"@id\":\"https:\\\/\\\/www.leti.lt\\\/wordpress\\\/danseforum-lhabitudeetnommer\\\/\",\"url\":\"https:\\\/\\\/www.leti.lt\\\/wordpress\\\/danseforum-lhabitudeetnommer\\\/\",\"name\":\"L\u2019habitude et nommer - Le TILT\",\"isPartOf\":{\"@id\":\"https:\\\/\\\/www.leti.lt\\\/wordpress\\\/#website\"},\"datePublished\":\"2020-02-16T14:30:32+00:00\",\"author\":{\"@id\":\"https:\\\/\\\/www.leti.lt\\\/wordpress\\\/#\\\/schema\\\/person\\\/9bb307b2af8fbb575bb3603e57951f75\"},\"breadcrumb\":{\"@id\":\"https:\\\/\\\/www.leti.lt\\\/wordpress\\\/danseforum-lhabitudeetnommer\\\/#breadcrumb\"},\"inLanguage\":\"fr-FR\",\"potentialAction\":[{\"@type\":\"ReadAction\",\"target\":[\"https:\\\/\\\/www.leti.lt\\\/wordpress\\\/danseforum-lhabitudeetnommer\\\/\"]}]},{\"@type\":\"BreadcrumbList\",\"@id\":\"https:\\\/\\\/www.leti.lt\\\/wordpress\\\/danseforum-lhabitudeetnommer\\\/#breadcrumb\",\"itemListElement\":[{\"@type\":\"ListItem\",\"position\":1,\"name\":\"Accueil\",\"item\":\"https:\\\/\\\/www.leti.lt\\\/wordpress\\\/\"},{\"@type\":\"ListItem\",\"position\":2,\"name\":\"L\u2019habitude et nommer\"}]},{\"@type\":\"WebSite\",\"@id\":\"https:\\\/\\\/www.leti.lt\\\/wordpress\\\/#website\",\"url\":\"https:\\\/\\\/www.leti.lt\\\/wordpress\\\/\",\"name\":\"Le TILT\",\"description\":\"Recherche, publication, cr\u00e9ation artistique\",\"potentialAction\":[{\"@type\":\"SearchAction\",\"target\":{\"@type\":\"EntryPoint\",\"urlTemplate\":\"https:\\\/\\\/www.leti.lt\\\/wordpress\\\/?s={search_term_string}\"},\"query-input\":{\"@type\":\"PropertyValueSpecification\",\"valueRequired\":true,\"valueName\":\"search_term_string\"}}],\"inLanguage\":\"fr-FR\"},{\"@type\":\"Person\",\"@id\":\"https:\\\/\\\/www.leti.lt\\\/wordpress\\\/#\\\/schema\\\/person\\\/9bb307b2af8fbb575bb3603e57951f75\",\"name\":\"Andr\u00e9ine Bel\",\"image\":{\"@type\":\"ImageObject\",\"inLanguage\":\"fr-FR\",\"@id\":\"https:\\\/\\\/secure.gravatar.com\\\/avatar\\\/4ab041ec7c7ad3b90293023e86528ec1a700ce2971ff61811b2df6b288dd1f38?s=96&d=identicon&r=g\",\"url\":\"https:\\\/\\\/secure.gravatar.com\\\/avatar\\\/4ab041ec7c7ad3b90293023e86528ec1a700ce2971ff61811b2df6b288dd1f38?s=96&d=identicon&r=g\",\"contentUrl\":\"https:\\\/\\\/secure.gravatar.com\\\/avatar\\\/4ab041ec7c7ad3b90293023e86528ec1a700ce2971ff61811b2df6b288dd1f38?s=96&d=identicon&r=g\",\"caption\":\"Andr\u00e9ine Bel\"},\"url\":\"https:\\\/\\\/www.leti.lt\\\/wordpress\\\/author\\\/andreine\\\/\"}]}<\/script>\n<!-- \/ Yoast SEO plugin. -->","yoast_head_json":{"title":"L\u2019habitude et nommer - Le TILT","robots":{"index":"index","follow":"follow","max-snippet":"max-snippet:-1","max-image-preview":"max-image-preview:large","max-video-preview":"max-video-preview:-1"},"canonical":"https:\/\/www.leti.lt\/wordpress\/danseforum-lhabitudeetnommer\/","og_locale":"fr_FR","og_type":"article","og_title":"L\u2019habitude et nommer - Le TILT","og_description":"Danse forum\u2192 Comptes-ren\u00addus des ate\u00adliers\u2192 Aix-en-Pro\u00advence !!L\u2019habitude et Nom\u00admer \u2013 26\/6\/11 Nous \u00e9tions sept sept et une&nbsp;fl\u00fbte comme les mouches du&nbsp;coche pour se col\u00adti\u00adner \u00e0&nbsp;l\u2019habitude elle s\u2019est invi\u00adt\u00e9e comme th\u00e8me \u00e0&nbsp;notre corps d\u00e9fendant\/d\u00e9pendant on l\u2019a mise en regard avec le fait de nommer les choses, les mou\u00adve\u00adments, les processus\u2026 Entre r\u00e9flexe, mou\u00adve\u00adment invo\u00adlon\u00adtaire et mou\u00adve\u00adment spon\u00adta\u00adn\u00e9, le corpsnavigue et prend forme pen\u00addant l\u2019\u00e9veil des muscles&nbsp;: com\u00admentaccueillir cet \u00e9veil, nom\u00admer ses \u00e9tapes, sans le culti\u00adver de fa\u00e7onvel\u00adl\u00e9i\u00adtaire&nbsp;? Le corps n\u2019est pas [&hellip;]","og_url":"https:\/\/www.leti.lt\/wordpress\/danseforum-lhabitudeetnommer\/","og_site_name":"Le TILT","article_published_time":"2020-02-16T14:30:32+00:00","author":"Andr\u00e9ine Bel","twitter_card":"summary_large_image","twitter_misc":{"\u00c9crit par":"Andr\u00e9ine Bel","Dur\u00e9e de lecture estim\u00e9e":"3 minutes"},"schema":{"@context":"https:\/\/schema.org","@graph":[{"@type":"Article","@id":"https:\/\/www.leti.lt\/wordpress\/danseforum-lhabitudeetnommer\/#article","isPartOf":{"@id":"https:\/\/www.leti.lt\/wordpress\/danseforum-lhabitudeetnommer\/"},"author":{"name":"Andr\u00e9ine Bel","@id":"https:\/\/www.leti.lt\/wordpress\/#\/schema\/person\/9bb307b2af8fbb575bb3603e57951f75"},"headline":"L\u2019habitude et nommer","datePublished":"2020-02-16T14:30:32+00:00","mainEntityOfPage":{"@id":"https:\/\/www.leti.lt\/wordpress\/danseforum-lhabitudeetnommer\/"},"wordCount":580,"commentCount":0,"keywords":["DF_AixEnProvence"],"articleSection":["Ateliers Aix"],"inLanguage":"fr-FR","potentialAction":[{"@type":"CommentAction","name":"Comment","target":["https:\/\/www.leti.lt\/wordpress\/danseforum-lhabitudeetnommer\/#respond"]}]},{"@type":"WebPage","@id":"https:\/\/www.leti.lt\/wordpress\/danseforum-lhabitudeetnommer\/","url":"https:\/\/www.leti.lt\/wordpress\/danseforum-lhabitudeetnommer\/","name":"L\u2019habitude et nommer - Le TILT","isPartOf":{"@id":"https:\/\/www.leti.lt\/wordpress\/#website"},"datePublished":"2020-02-16T14:30:32+00:00","author":{"@id":"https:\/\/www.leti.lt\/wordpress\/#\/schema\/person\/9bb307b2af8fbb575bb3603e57951f75"},"breadcrumb":{"@id":"https:\/\/www.leti.lt\/wordpress\/danseforum-lhabitudeetnommer\/#breadcrumb"},"inLanguage":"fr-FR","potentialAction":[{"@type":"ReadAction","target":["https:\/\/www.leti.lt\/wordpress\/danseforum-lhabitudeetnommer\/"]}]},{"@type":"BreadcrumbList","@id":"https:\/\/www.leti.lt\/wordpress\/danseforum-lhabitudeetnommer\/#breadcrumb","itemListElement":[{"@type":"ListItem","position":1,"name":"Accueil","item":"https:\/\/www.leti.lt\/wordpress\/"},{"@type":"ListItem","position":2,"name":"L\u2019habitude et nommer"}]},{"@type":"WebSite","@id":"https:\/\/www.leti.lt\/wordpress\/#website","url":"https:\/\/www.leti.lt\/wordpress\/","name":"Le TILT","description":"Recherche, publication, cr\u00e9ation artistique","potentialAction":[{"@type":"SearchAction","target":{"@type":"EntryPoint","urlTemplate":"https:\/\/www.leti.lt\/wordpress\/?s={search_term_string}"},"query-input":{"@type":"PropertyValueSpecification","valueRequired":true,"valueName":"search_term_string"}}],"inLanguage":"fr-FR"},{"@type":"Person","@id":"https:\/\/www.leti.lt\/wordpress\/#\/schema\/person\/9bb307b2af8fbb575bb3603e57951f75","name":"Andr\u00e9ine Bel","image":{"@type":"ImageObject","inLanguage":"fr-FR","@id":"https:\/\/secure.gravatar.com\/avatar\/4ab041ec7c7ad3b90293023e86528ec1a700ce2971ff61811b2df6b288dd1f38?s=96&d=identicon&r=g","url":"https:\/\/secure.gravatar.com\/avatar\/4ab041ec7c7ad3b90293023e86528ec1a700ce2971ff61811b2df6b288dd1f38?s=96&d=identicon&r=g","contentUrl":"https:\/\/secure.gravatar.com\/avatar\/4ab041ec7c7ad3b90293023e86528ec1a700ce2971ff61811b2df6b288dd1f38?s=96&d=identicon&r=g","caption":"Andr\u00e9ine Bel"},"url":"https:\/\/www.leti.lt\/wordpress\/author\/andreine\/"}]}},"_links":{"self":[{"href":"https:\/\/www.leti.lt\/wordpress\/wp-json\/wp\/v2\/posts\/184","targetHints":{"allow":["GET"]}}],"collection":[{"href":"https:\/\/www.leti.lt\/wordpress\/wp-json\/wp\/v2\/posts"}],"about":[{"href":"https:\/\/www.leti.lt\/wordpress\/wp-json\/wp\/v2\/types\/post"}],"author":[{"embeddable":true,"href":"https:\/\/www.leti.lt\/wordpress\/wp-json\/wp\/v2\/users\/2"}],"replies":[{"embeddable":true,"href":"https:\/\/www.leti.lt\/wordpress\/wp-json\/wp\/v2\/comments?post=184"}],"version-history":[{"count":0,"href":"https:\/\/www.leti.lt\/wordpress\/wp-json\/wp\/v2\/posts\/184\/revisions"}],"wp:attachment":[{"href":"https:\/\/www.leti.lt\/wordpress\/wp-json\/wp\/v2\/media?parent=184"}],"wp:term":[{"taxonomy":"category","embeddable":true,"href":"https:\/\/www.leti.lt\/wordpress\/wp-json\/wp\/v2\/categories?post=184"},{"taxonomy":"post_tag","embeddable":true,"href":"https:\/\/www.leti.lt\/wordpress\/wp-json\/wp\/v2\/tags?post=184"}],"curies":[{"name":"wp","href":"https:\/\/api.w.org\/{rel}","templated":true}]}}