{"id":183,"date":"2020-02-16T15:30:32","date_gmt":"2020-02-16T14:30:32","guid":{"rendered":"https:\/\/www.leti.lt\/wordpress\/?p=183"},"modified":"-0001-11-30T00:00:00","modified_gmt":"-0001-11-29T22:00:00","slug":"danseforum-lettreauxamisdutfproblematiserendanseforum","status":"publish","type":"post","link":"https:\/\/www.leti.lt\/wordpress\/danseforum-lettreauxamisdutfproblematiserendanseforum\/","title":{"rendered":"Lettre aux amis du TF&nbsp;: probl\u00e9matiser en&nbsp;DF"},"content":{"rendered":"<p><a href=\"https:\/\/www.leti.lt\/wordpress\/danseforum-danseforum\/\">Danse forum<\/a><br>\u2192 <a href=\"https:\/\/www.leti.lt\/wordpress\/danseforum-theatreforumetdanseforum\/\"> Th\u00e9\u00e2tre forum et danse forum<\/a><br><br>!! Lettre aux amis du Th\u00e9\u00e2tre forum&nbsp;: pro\u00adbl\u00e9\u00adma\u00adti\u00adser en Danse forum \u2013 mars 2009<br><br>Aux amis du PBTM et d\u2019Interforumsudest,<br><br>Bon\u00adjour \u00e0&nbsp;tous,<br><br>Jean-Fran\u00ad\u00e7ois Mar\u00adtel me l\u2019avait dit lors de l\u2019avant-premi\u00e8re danse forum, aus\u00adsi impro\u00advi\u00ads\u00e9e que m\u00e9mo\u00adrable, du 9&nbsp;juillet 2005, lors de la cl\u00f4\u00adture du fes\u00adti\u00adval du PBTM dans la r\u00e9gion de For\u00adcal\u00adquier. Je reprends ses mots de m\u00e9moire&nbsp;:<br><br><b>\u00ab Si la danse forum ne pro\u00adbl\u00e9\u00adma\u00adtise pas une oppres\u00adsion, elle res\u00adte\u00adra une danse qui cherche \u00e0&nbsp;s\u2019am\u00e9liorer avec les inter\u00adven\u00adtions du public, mais ne sera jamais un forum.&nbsp;\u00bb<\/b><br><br>Je savais qu\u2019il avait rai\u00adson, que sans pro\u00adbl\u00e9\u00adma\u00adti\u00adsa\u00adtion, nous ne sor\u00adti\u00adrions pas de la danse-impro, de la jam, des ren\u00adcontres diverses et vari\u00e9es qui se pra\u00adtiquent autour de la danse.<br><br>Il y&nbsp;avait bien une solu\u00adtion toute faite qui nous ten\u00addait les bras&nbsp;: ne faire jouer \u00e0&nbsp;la danse que son lan\u00adgage ges\u00adtuel, puisqu\u2019il a&nbsp;le poten\u00adtiel de se sub\u00adsti\u00adtuer au lan\u00adgage th\u00e9\u00e2\u00adtral. La ges\u00adtuelle d\u2019une danse peut se r\u00e9v\u00e9\u00adler assez nar\u00adra\u00adtive pour expo\u00adser une sc\u00e8ne sociale et poli\u00adtique, des oppres\u00adsions et les enjeux des pro\u00adta\u00adgo\u00adnistes. Le mime pour\u00adrait s\u2019inclure avec faci\u00adli\u00adt\u00e9 dans une telle danse, et les his\u00adtoires seraient ain\u00adsi tout \u00e0&nbsp;fait lisibles par un public.<br><br><i>Mais il y&nbsp;avait trois incon\u00adv\u00e9\u00adnients majeurs \u00e0&nbsp;un tel pro\u00adjet, qui s\u2019apparenterait \u00e0&nbsp;un th\u00e9\u00e2tre forum dan\u00ads\u00e9.<\/i><br><br>- La danse nar\u00adra\u00adtive et le mime demandent un style d\u00e9ter\u00admi\u00adn\u00e9 pour \u00eatre com\u00adpris du public. Les dan\u00adseurs peuvent se for\u00admer \u00e0&nbsp;un style (clas\u00adsique, contem\u00adpo\u00adrain ou autre), de fa\u00e7on \u00e0&nbsp;pou\u00advoir repro\u00adduire une cho\u00adr\u00e9\u00adgra\u00adphie, puis impro\u00advi\u00adser avec les pro\u00adpo\u00adsi\u00adtions des spec\u00adta\u00addan\u00adseurs. Mais les spec\u00adta\u00addan\u00adseurs ne pour\u00adront apprendre \u00e0&nbsp;le faire sur le champ. Oubli\u00e9e la r\u00e9ap\u00adpro\u00adpria\u00adtion de la danse par tout un cha\u00adcun&nbsp;!<br><br>- Le deuxi\u00e8me incon\u00adv\u00e9\u00adnient a&nbsp;\u00e9t\u00e9 tout aus\u00adsi d\u00e9ter\u00admi\u00adnant. Nous for\u00admer \u00e0&nbsp;un style de danse dans le seul but de pou\u00advoir dire en silence ce que le th\u00e9\u00e2tre disait bien mieux en mots, ne nous a&nbsp;pas paru digne d\u2019int\u00e9r\u00eat.<br><br>- Enfin, le \u00ab&nbsp;copi\u00e9 col\u00adl\u00e9&nbsp;\u00bb avec le th\u00e9\u00e2tre forum nous aurait mis en situa\u00adtion de pla\u00adgiat, le th\u00e9\u00e2tre forum \u00e9tant clai\u00adre\u00adment con\u00e7u pour le th\u00e9\u00e2tre et non pour la danse.<br><br>Le th\u00e9\u00e2tre ne serait pas ce qu\u2019il est s\u2019il n\u2019y avait pas le th\u00e9\u00e2tre forum. La danse man\u00adquait cruel\u00adle\u00adment d\u2019un outil de r\u00e9flexion qui remette en cause non seule\u00adment l\u2019espace sc\u00e9\u00adnique, mais la danse elle-m\u00eame, l\u2019art, son rap\u00adport \u00e0&nbsp;la poli\u00adtique et \u00e0&nbsp;la vie en g\u00e9n\u00e9\u00adral.<br><br>Nous avons donc opt\u00e9 pour la seule solu\u00adtion qui nous enthou\u00adsias\u00admait&nbsp;: ques\u00adtion\u00adner la danse (forme et fond), autant que nous allions \u00eatre ame\u00adn\u00e9s \u00e0&nbsp;ques\u00adtion\u00adner la danse forum (forme et fond \u00e9ga\u00adle\u00adment).<br><br><i>Ques\u00adtion\u00adner la forme de la danse<\/i>, c\u2019est se deman\u00adder o\u00f9 la danse com\u00admence et o\u00f9 elle s\u2019arr\u00eate, dans l\u2019univers des gestes que toute per\u00adsonne accom\u00adplit depuis qu\u2019elle est con\u00e7u. C\u2019est remettre en ques\u00adtion l\u2019image de la danse, la confis\u00adca\u00adtion de la danse par la sc\u00e8ne, la res\u00adtric\u00adtion de la danse \u00e0&nbsp;un style ou une ges\u00adti\u00adcu\u00adla\u00adtion savante, \u00e0&nbsp;une forme de corps. C\u2019est repla\u00adcer l\u2019art dans la vie, et la vie dans l\u2019art.<br><br>Ques\u00adtion\u00adner le fond, c\u2019est envi\u00adsa\u00adger com\u00adment dan\u00adser (impro, cho\u00adr\u00e9\u00adgra\u00adphie, mise en sc\u00e8ne cho\u00adr\u00e9\u00adgra\u00adphique ?), avec quoi (le men\u00adtal \u2013 le phy\u00adsique&nbsp;? le volon\u00adtaire \u2013 l\u2019involontaire&nbsp;? le conscient \u2013 l\u2019inconscient ?), pour\u00adquoi, pour qui. C\u2019est frot\u00adter la danse aux autres arts, \u00e0&nbsp;leurs avan\u00adc\u00e9es contem\u00adpo\u00adraines.<br><br>Quant \u00e0&nbsp;la danse forum, c\u2019\u00e9tait simple en un sens, nous \u00e9tions neufs, pas d\u2019habitudes \u00e0&nbsp;remettre en cause, tout \u00e0&nbsp;d\u00e9cou\u00advrir, la forme comme le fond. Mais la sim\u00adpli\u00adci\u00adt\u00e9 n\u2019a dur\u00e9 qu\u2019un temps. Les habi\u00adtudes de faci\u00adli\u00adt\u00e9 sont vite venues, il nous a&nbsp;fal\u00adlu apprendre \u00e0&nbsp;les dis\u00adtin\u00adguer des vraies trou\u00advailles, qui deve\u00adnaient de ce fait auto\u00adri\u00ads\u00e9es \u00e0&nbsp;\u00eatre r\u00e9uti\u00adli\u00ads\u00e9es. Exer\u00adcer notre esprit cri\u00adtique fut et reste notre prio\u00adri\u00adt\u00e9. La vid\u00e9o, que nous pre\u00adnons et vision\u00adnons \u00e0&nbsp;chaque danse forum, nous y&nbsp;aide, ain\u00adsi que la fric\u00adtion \u00ab&nbsp;natu\u00adrelle&nbsp;\u00bb entre les esprits\u2026<br><br><i>Il nous a&nbsp;sem\u00adbl\u00e9 impor\u00adtant de ne pas sacri\u00adfier l\u2019art au poli\u00adtique, ni le poli\u00adtique \u00e0&nbsp;l\u2019art, mais plu\u00adt\u00f4t de les r\u00e9con\u00adci\u00adlier en un art de vivre.<\/i><br><br>La forme du Th\u00e9\u00e2tre forum a&nbsp;\u00e9t\u00e9 \u00e9la\u00adbo\u00adr\u00e9e sur deux g\u00e9n\u00e9\u00adra\u00adtions dans des dizaines de pays au monde. Son modus ope\u00adran\u00addi clair et dis\u00adtinct nous a&nbsp;don\u00adn\u00e9 les pre\u00admiers \u00e9l\u00e9\u00adments&nbsp;: des dan\u00adseurs, des spec\u00adta\u00addan\u00adseurs et un joker faci\u00adli\u00adta\u00adteur de fran\u00adchis\u00adse\u00adment d\u2019espaces et gar\u00addien du temps.<br><br>A par\u00adtir de l\u00e0, nous avons \u00e0&nbsp;peu pr\u00e8s tout essay\u00e9 de ce qui nous venait en t\u00eate et en corps, par t\u00e2ton\u00adne\u00adments suc\u00adces\u00adsifs, essais infruc\u00adtueux, et quelques petits miracles qui nous ont fait faire de grands bonds.<br><br>Je pense entre autres \u00e0&nbsp;la <i>d\u00e9cou\u00adverte de l\u2019abstraction<\/i> per\u00admet\u00adtant de sor\u00adtir de la lin\u00e9a\u00adri\u00adt\u00e9 de la phrase arti\u00adcu\u00adl\u00e9e, avec des entr\u00e9es mul\u00adtiples dans le temps et dans l\u2019espace de la danse forum.<br><br><i>Nous sommes plus en \u00ab&nbsp;pr\u00e9\u00adsen\u00adta\u00adtion&nbsp;\u00bb qu\u2019en \u00ab&nbsp;repr\u00e9\u00adsen\u00adta\u00adtion&nbsp;\u00bb sur la sc\u00e8ne de la danse forum<\/i>&nbsp;: cette d\u00e9cou\u00adverte a&nbsp;per\u00admis une danse reli\u00e9e \u00e0&nbsp;nos sen\u00adsa\u00adtions, et non pas \u00e0&nbsp;la seule pro\u00adjec\u00adtion de nous-m\u00eames ou de nos r\u00f4les.<br><br>Tout l\u2019historique de nos trou\u00advailles est sur ce wiki http:\/\/\u200bleti\u200b.lt, en tenant compte que nous sommes tou\u00adjours pr\u00eats \u00e0&nbsp;les remettre en cri\u00adtique, et sur le m\u00e9tier.<br><br><i>Il y&nbsp;a un point qui encore aujourd\u2019hui r\u00e9siste \u00e0&nbsp;toute faci\u00adli\u00adt\u00e9 ten\u00adta\u00adtrice&nbsp;: c\u2019est celui de la pro\u00adbl\u00e9\u00adma\u00adti\u00adsa\u00adtion.<\/i><br><br>Qu\u2019elle devienne un pro\u00adbl\u00e8me en elle-m\u00eame nous est deve\u00adnu tr\u00e8s vite une \u00e9vi\u00addence. Nous nous sommes retrou\u00adv\u00e9s un nombre incal\u00adcu\u00adlable de fois \u00e0&nbsp;cher\u00adcher un pro\u00adbl\u00e8me (pour le pro\u00adbl\u00e9\u00adma\u00adti\u00adser) l\u00e0 o\u00f9 nous n\u2019en voyions pas, nos impro\u00advi\u00adsa\u00adtions ayant le don de r\u00e9soudre les pro\u00adbl\u00e8mes avant m\u00eame qu\u2019ils ne se posent. Les corps en effet sont habi\u00adtu\u00e9s \u00e0&nbsp;reve\u00adnir \u00e0&nbsp;la r\u00e9a\u00adli\u00adt\u00e9 plus vite que les esprits et doivent trou\u00adver sur le champ des solu\u00adtions pour ne pas se bles\u00adser.<br><br>Bien sou\u00advent, la pro\u00adbl\u00e9\u00adma\u00adti\u00adsa\u00adtion apla\u00adtis\u00adsait la danse sur deux dimen\u00adsions (lar\u00adgeur-lon\u00adgueur, haut-bas, oppri\u00adm\u00e9-oppres\u00adseur) et nous lais\u00adsait corps et \u00e2me sur le car\u00adreau. Ou encore, elle pipait les d\u00e9s, la ques\u00adtion ma\u00efeu\u00adtique deve\u00adnant un moyen de plus pour induire et mani\u00adpu\u00adler les r\u00e9ponses.<br><br>Ce n\u2019est que r\u00e9cem\u00adment que nous avons com\u00admen\u00adc\u00e9 \u00e0&nbsp;dis\u00adcer\u00adner <i>trois formes pos\u00adsibles de pro\u00adbl\u00e9\u00adma\u00adti\u00adsa\u00adtion en danse forum<\/i>.<br><br>Le texte ci-des\u00adsous en PS est le fruit de nos recherches depuis les trois ans d\u2019existence de la danse forum.<br><br>Nous vous le fai\u00adsons par\u00adve\u00adnir aujourd\u2019hui dans le but de vous tenir infor\u00adm\u00e9s de nos recherches, nous per\u00admet\u00adtant du m\u00eame coup de faire le point en danse forum.<br><br>C\u2019est un texte col\u00adlec\u00adtif, que Nadine et moi avons sim\u00adple\u00adment mis en forme. Je l\u2019adresse \u00e0&nbsp;cha\u00adcun de vous, pra\u00adti\u00adciens du th\u00e9\u00e2tre forum lors des deux fes\u00adti\u00advals du PBTM en 2006 et 2008, et lors des ren\u00adcontres th\u00e9\u00e2tre-forum\/\u00addanse forum dans cette m\u00eame p\u00e9riode avec inter\u00adfo\u00adrum\u00adsu\u00addest. Ce texte peut cir\u00adcu\u00adler aupr\u00e8s de vos amis, pour\u00advu qu\u2019il soit r\u00e9f\u00e9\u00adren\u00adc\u00e9.<br><br>Nous serions tous tr\u00e8s heu\u00adreux de vous lire, si ce texte vous ins\u00adpire par rap\u00adport \u00e0&nbsp;la pra\u00adtique du th\u00e9\u00e2tre forum, ou juste per\u00adson\u00adnel\u00adle\u00adment. Vos cri\u00adtiques, obser\u00adva\u00adtions et sug\u00adges\u00adtions nous seront pr\u00e9\u00adcieuses. Elles peuvent se faire direc\u00adte\u00adment sur le wiki o\u00f9 se trouve ce texte ou \u00e0&nbsp;mon adresse Email et je redis\u00adtri\u00adbue\u00adrai vos contri\u00adbu\u00adtions pour l\u2019ensemble des forum\u00addan\u00adseurs.<br><br>Il me reste \u00e0&nbsp;vous remer\u00adcier d\u2019avoir lu ce mail et \u00e0&nbsp;vous dire com\u00adbien nos ren\u00adcontres sont tou\u00adjours res\u00adt\u00e9es \u00ab&nbsp;vivaces&nbsp;\u00bb et cha\u00adleu\u00adreuses en moi.<br><br>Avec mes ami\u00adti\u00e9s,<br><br>Andr\u00e9ine Bel<br><br>PS&nbsp;: Voir http:\/\/\u200bwiki\u200b.leti\u200b.lt\/\u200bD\u200ba\u200bn\u200bs\u200be\u200bF\u200bo\u200br\u200bu\u200bm\u200b\/\u200bP\u200br\u200bo\u200bb\u200bl\u200be\u200bm\u200ba\u200bt\u200bi\u200bs\u200be\u200br\u200bE\u200bn\u200bD\u200ba\u200bn\u200bs\u200be\u200bF\u200bo\u200brum<\/p><p style=\"color:green; text-align:right !important;\">Article cr\u00e9\u00e9 le 16\/02\/2020<\/p>","protected":false},"excerpt":{"rendered":"<p>Danse forum\u2192 Th\u00e9\u00e2tre forum et danse&nbsp;forum !! Lettre aux amis du Th\u00e9\u00e2tre forum&nbsp;: pro\u00adbl\u00e9\u00adma\u00adti\u00adser en Danse forum \u2013 mars&nbsp;2009 Aux amis du PBTM et d\u2019Interforumsudest, Bon\u00adjour \u00e0&nbsp;tous, Jean-Fran\u00ad\u00ad\u00e7ois Mar\u00adtel me l\u2019avait dit lors de l\u2019avant-premi\u00e8re danse forum, aus\u00adsi impro\u00advi\u00ads\u00e9e que m\u00e9mo\u00adrable, du 9&nbsp;juillet 2005, lors de la cl\u00f4\u00adture du fes\u00adti\u00adval du PBTM dans la r\u00e9gion de For\u00adcal\u00adquier. Je reprends ses mots de m\u00e9moire&nbsp;: \u00ab&nbsp;Si la danse forum ne pro\u00adbl\u00e9\u00adma\u00adtise pas une oppres\u00adsion, elle res\u00adte\u00adra une danse qui cherche \u00e0&nbsp;s\u2019am\u00e9liorer avec&nbsp;[\u2026]<\/p>\n","protected":false},"author":2,"featured_media":0,"comment_status":"open","ping_status":"open","sticky":false,"template":"","format":"standard","meta":{"wp_typography_post_enhancements_disabled":false,"footnotes":""},"categories":[12],"tags":[187],"class_list":["post-183","post","type-post","status-publish","format-standard","hentry","category-tf_et_df","tag-tf_et_df"],"yoast_head":"<!-- This site is optimized with the Yoast SEO plugin v27.5 - https:\/\/yoast.com\/product\/yoast-seo-wordpress\/ -->\n<title>Lettre aux amis du TF : probl\u00e9matiser en DF - Le TILT<\/title>\n<meta name=\"robots\" content=\"index, follow, max-snippet:-1, max-image-preview:large, max-video-preview:-1\" \/>\n<link rel=\"canonical\" href=\"https:\/\/www.leti.lt\/wordpress\/danseforum-lettreauxamisdutfproblematiserendanseforum\/\" \/>\n<meta property=\"og:locale\" content=\"fr_FR\" \/>\n<meta property=\"og:type\" content=\"article\" \/>\n<meta property=\"og:title\" content=\"Lettre aux amis du TF : probl\u00e9matiser en DF - Le TILT\" \/>\n<meta property=\"og:description\" content=\"Danse forum\u2192 Th\u00e9\u00e2tre forum et danse&nbsp;forum !! Lettre aux amis du Th\u00e9\u00e2tre forum&nbsp;: pro\u00adbl\u00e9\u00adma\u00adti\u00adser en Danse forum \u2013 mars&nbsp;2009 Aux amis du PBTM et d\u2019Interforumsudest, Bon\u00adjour \u00e0&nbsp;tous, Jean-Fran\u00ad\u00e7ois Mar\u00adtel me l\u2019avait dit lors de l\u2019avant-premi\u00e8re danse forum, aus\u00adsi impro\u00advi\u00ads\u00e9e que m\u00e9mo\u00adrable, du 9&nbsp;juillet 2005, lors de la cl\u00f4\u00adture du fes\u00adti\u00adval du PBTM dans la r\u00e9gion de For\u00adcal\u00adquier. Je reprends ses mots de m\u00e9moire&nbsp;: \u00ab&nbsp;Si la danse forum ne pro\u00adbl\u00e9\u00adma\u00adtise pas une oppres\u00adsion, elle res\u00adte\u00adra une danse qui cherche \u00e0&nbsp;s\u2019am\u00e9liorer avec [&hellip;]\" \/>\n<meta property=\"og:url\" content=\"https:\/\/www.leti.lt\/wordpress\/danseforum-lettreauxamisdutfproblematiserendanseforum\/\" \/>\n<meta property=\"og:site_name\" content=\"Le TILT\" \/>\n<meta property=\"article:published_time\" content=\"2020-02-16T14:30:32+00:00\" \/>\n<meta name=\"author\" content=\"Andr\u00e9ine Bel\" \/>\n<meta name=\"twitter:card\" content=\"summary_large_image\" \/>\n<meta name=\"twitter:label1\" content=\"\u00c9crit par\" \/>\n\t<meta name=\"twitter:data1\" content=\"Andr\u00e9ine Bel\" \/>\n\t<meta name=\"twitter:label2\" content=\"Dur\u00e9e de lecture estim\u00e9e\" \/>\n\t<meta name=\"twitter:data2\" content=\"7 minutes\" \/>\n<script type=\"application\/ld+json\" class=\"yoast-schema-graph\">{\"@context\":\"https:\\\/\\\/schema.org\",\"@graph\":[{\"@type\":\"Article\",\"@id\":\"https:\\\/\\\/www.leti.lt\\\/wordpress\\\/danseforum-lettreauxamisdutfproblematiserendanseforum\\\/#article\",\"isPartOf\":{\"@id\":\"https:\\\/\\\/www.leti.lt\\\/wordpress\\\/danseforum-lettreauxamisdutfproblematiserendanseforum\\\/\"},\"author\":{\"name\":\"Andr\u00e9ine Bel\",\"@id\":\"https:\\\/\\\/www.leti.lt\\\/wordpress\\\/#\\\/schema\\\/person\\\/9bb307b2af8fbb575bb3603e57951f75\"},\"headline\":\"Lettre aux amis du TF&nbsp;: probl\u00e9matiser en&nbsp;DF\",\"datePublished\":\"2020-02-16T14:30:32+00:00\",\"mainEntityOfPage\":{\"@id\":\"https:\\\/\\\/www.leti.lt\\\/wordpress\\\/danseforum-lettreauxamisdutfproblematiserendanseforum\\\/\"},\"wordCount\":1342,\"commentCount\":0,\"keywords\":[\"TF_et_DF\"],\"articleSection\":[\"TF et DF\"],\"inLanguage\":\"fr-FR\",\"potentialAction\":[{\"@type\":\"CommentAction\",\"name\":\"Comment\",\"target\":[\"https:\\\/\\\/www.leti.lt\\\/wordpress\\\/danseforum-lettreauxamisdutfproblematiserendanseforum\\\/#respond\"]}]},{\"@type\":\"WebPage\",\"@id\":\"https:\\\/\\\/www.leti.lt\\\/wordpress\\\/danseforum-lettreauxamisdutfproblematiserendanseforum\\\/\",\"url\":\"https:\\\/\\\/www.leti.lt\\\/wordpress\\\/danseforum-lettreauxamisdutfproblematiserendanseforum\\\/\",\"name\":\"Lettre aux amis du TF : probl\u00e9matiser en DF - Le TILT\",\"isPartOf\":{\"@id\":\"https:\\\/\\\/www.leti.lt\\\/wordpress\\\/#website\"},\"datePublished\":\"2020-02-16T14:30:32+00:00\",\"author\":{\"@id\":\"https:\\\/\\\/www.leti.lt\\\/wordpress\\\/#\\\/schema\\\/person\\\/9bb307b2af8fbb575bb3603e57951f75\"},\"breadcrumb\":{\"@id\":\"https:\\\/\\\/www.leti.lt\\\/wordpress\\\/danseforum-lettreauxamisdutfproblematiserendanseforum\\\/#breadcrumb\"},\"inLanguage\":\"fr-FR\",\"potentialAction\":[{\"@type\":\"ReadAction\",\"target\":[\"https:\\\/\\\/www.leti.lt\\\/wordpress\\\/danseforum-lettreauxamisdutfproblematiserendanseforum\\\/\"]}]},{\"@type\":\"BreadcrumbList\",\"@id\":\"https:\\\/\\\/www.leti.lt\\\/wordpress\\\/danseforum-lettreauxamisdutfproblematiserendanseforum\\\/#breadcrumb\",\"itemListElement\":[{\"@type\":\"ListItem\",\"position\":1,\"name\":\"Accueil\",\"item\":\"https:\\\/\\\/www.leti.lt\\\/wordpress\\\/\"},{\"@type\":\"ListItem\",\"position\":2,\"name\":\"Lettre aux amis du TF&nbsp;: probl\u00e9matiser en&nbsp;DF\"}]},{\"@type\":\"WebSite\",\"@id\":\"https:\\\/\\\/www.leti.lt\\\/wordpress\\\/#website\",\"url\":\"https:\\\/\\\/www.leti.lt\\\/wordpress\\\/\",\"name\":\"Le TILT\",\"description\":\"Recherche, publication, cr\u00e9ation artistique\",\"potentialAction\":[{\"@type\":\"SearchAction\",\"target\":{\"@type\":\"EntryPoint\",\"urlTemplate\":\"https:\\\/\\\/www.leti.lt\\\/wordpress\\\/?s={search_term_string}\"},\"query-input\":{\"@type\":\"PropertyValueSpecification\",\"valueRequired\":true,\"valueName\":\"search_term_string\"}}],\"inLanguage\":\"fr-FR\"},{\"@type\":\"Person\",\"@id\":\"https:\\\/\\\/www.leti.lt\\\/wordpress\\\/#\\\/schema\\\/person\\\/9bb307b2af8fbb575bb3603e57951f75\",\"name\":\"Andr\u00e9ine Bel\",\"image\":{\"@type\":\"ImageObject\",\"inLanguage\":\"fr-FR\",\"@id\":\"https:\\\/\\\/secure.gravatar.com\\\/avatar\\\/4ab041ec7c7ad3b90293023e86528ec1a700ce2971ff61811b2df6b288dd1f38?s=96&d=identicon&r=g\",\"url\":\"https:\\\/\\\/secure.gravatar.com\\\/avatar\\\/4ab041ec7c7ad3b90293023e86528ec1a700ce2971ff61811b2df6b288dd1f38?s=96&d=identicon&r=g\",\"contentUrl\":\"https:\\\/\\\/secure.gravatar.com\\\/avatar\\\/4ab041ec7c7ad3b90293023e86528ec1a700ce2971ff61811b2df6b288dd1f38?s=96&d=identicon&r=g\",\"caption\":\"Andr\u00e9ine Bel\"},\"url\":\"https:\\\/\\\/www.leti.lt\\\/wordpress\\\/author\\\/andreine\\\/\"}]}<\/script>\n<!-- \/ Yoast SEO plugin. -->","yoast_head_json":{"title":"Lettre aux amis du TF : probl\u00e9matiser en DF - Le TILT","robots":{"index":"index","follow":"follow","max-snippet":"max-snippet:-1","max-image-preview":"max-image-preview:large","max-video-preview":"max-video-preview:-1"},"canonical":"https:\/\/www.leti.lt\/wordpress\/danseforum-lettreauxamisdutfproblematiserendanseforum\/","og_locale":"fr_FR","og_type":"article","og_title":"Lettre aux amis du TF : probl\u00e9matiser en DF - Le TILT","og_description":"Danse forum\u2192 Th\u00e9\u00e2tre forum et danse&nbsp;forum !! Lettre aux amis du Th\u00e9\u00e2tre forum&nbsp;: pro\u00adbl\u00e9\u00adma\u00adti\u00adser en Danse forum \u2013 mars&nbsp;2009 Aux amis du PBTM et d\u2019Interforumsudest, Bon\u00adjour \u00e0&nbsp;tous, Jean-Fran\u00ad\u00e7ois Mar\u00adtel me l\u2019avait dit lors de l\u2019avant-premi\u00e8re danse forum, aus\u00adsi impro\u00advi\u00ads\u00e9e que m\u00e9mo\u00adrable, du 9&nbsp;juillet 2005, lors de la cl\u00f4\u00adture du fes\u00adti\u00adval du PBTM dans la r\u00e9gion de For\u00adcal\u00adquier. Je reprends ses mots de m\u00e9moire&nbsp;: \u00ab&nbsp;Si la danse forum ne pro\u00adbl\u00e9\u00adma\u00adtise pas une oppres\u00adsion, elle res\u00adte\u00adra une danse qui cherche \u00e0&nbsp;s\u2019am\u00e9liorer avec [&hellip;]","og_url":"https:\/\/www.leti.lt\/wordpress\/danseforum-lettreauxamisdutfproblematiserendanseforum\/","og_site_name":"Le TILT","article_published_time":"2020-02-16T14:30:32+00:00","author":"Andr\u00e9ine Bel","twitter_card":"summary_large_image","twitter_misc":{"\u00c9crit par":"Andr\u00e9ine Bel","Dur\u00e9e de lecture estim\u00e9e":"7 minutes"},"schema":{"@context":"https:\/\/schema.org","@graph":[{"@type":"Article","@id":"https:\/\/www.leti.lt\/wordpress\/danseforum-lettreauxamisdutfproblematiserendanseforum\/#article","isPartOf":{"@id":"https:\/\/www.leti.lt\/wordpress\/danseforum-lettreauxamisdutfproblematiserendanseforum\/"},"author":{"name":"Andr\u00e9ine Bel","@id":"https:\/\/www.leti.lt\/wordpress\/#\/schema\/person\/9bb307b2af8fbb575bb3603e57951f75"},"headline":"Lettre aux amis du TF&nbsp;: probl\u00e9matiser en&nbsp;DF","datePublished":"2020-02-16T14:30:32+00:00","mainEntityOfPage":{"@id":"https:\/\/www.leti.lt\/wordpress\/danseforum-lettreauxamisdutfproblematiserendanseforum\/"},"wordCount":1342,"commentCount":0,"keywords":["TF_et_DF"],"articleSection":["TF et DF"],"inLanguage":"fr-FR","potentialAction":[{"@type":"CommentAction","name":"Comment","target":["https:\/\/www.leti.lt\/wordpress\/danseforum-lettreauxamisdutfproblematiserendanseforum\/#respond"]}]},{"@type":"WebPage","@id":"https:\/\/www.leti.lt\/wordpress\/danseforum-lettreauxamisdutfproblematiserendanseforum\/","url":"https:\/\/www.leti.lt\/wordpress\/danseforum-lettreauxamisdutfproblematiserendanseforum\/","name":"Lettre aux amis du TF : probl\u00e9matiser en DF - Le TILT","isPartOf":{"@id":"https:\/\/www.leti.lt\/wordpress\/#website"},"datePublished":"2020-02-16T14:30:32+00:00","author":{"@id":"https:\/\/www.leti.lt\/wordpress\/#\/schema\/person\/9bb307b2af8fbb575bb3603e57951f75"},"breadcrumb":{"@id":"https:\/\/www.leti.lt\/wordpress\/danseforum-lettreauxamisdutfproblematiserendanseforum\/#breadcrumb"},"inLanguage":"fr-FR","potentialAction":[{"@type":"ReadAction","target":["https:\/\/www.leti.lt\/wordpress\/danseforum-lettreauxamisdutfproblematiserendanseforum\/"]}]},{"@type":"BreadcrumbList","@id":"https:\/\/www.leti.lt\/wordpress\/danseforum-lettreauxamisdutfproblematiserendanseforum\/#breadcrumb","itemListElement":[{"@type":"ListItem","position":1,"name":"Accueil","item":"https:\/\/www.leti.lt\/wordpress\/"},{"@type":"ListItem","position":2,"name":"Lettre aux amis du TF&nbsp;: probl\u00e9matiser en&nbsp;DF"}]},{"@type":"WebSite","@id":"https:\/\/www.leti.lt\/wordpress\/#website","url":"https:\/\/www.leti.lt\/wordpress\/","name":"Le TILT","description":"Recherche, publication, cr\u00e9ation artistique","potentialAction":[{"@type":"SearchAction","target":{"@type":"EntryPoint","urlTemplate":"https:\/\/www.leti.lt\/wordpress\/?s={search_term_string}"},"query-input":{"@type":"PropertyValueSpecification","valueRequired":true,"valueName":"search_term_string"}}],"inLanguage":"fr-FR"},{"@type":"Person","@id":"https:\/\/www.leti.lt\/wordpress\/#\/schema\/person\/9bb307b2af8fbb575bb3603e57951f75","name":"Andr\u00e9ine Bel","image":{"@type":"ImageObject","inLanguage":"fr-FR","@id":"https:\/\/secure.gravatar.com\/avatar\/4ab041ec7c7ad3b90293023e86528ec1a700ce2971ff61811b2df6b288dd1f38?s=96&d=identicon&r=g","url":"https:\/\/secure.gravatar.com\/avatar\/4ab041ec7c7ad3b90293023e86528ec1a700ce2971ff61811b2df6b288dd1f38?s=96&d=identicon&r=g","contentUrl":"https:\/\/secure.gravatar.com\/avatar\/4ab041ec7c7ad3b90293023e86528ec1a700ce2971ff61811b2df6b288dd1f38?s=96&d=identicon&r=g","caption":"Andr\u00e9ine Bel"},"url":"https:\/\/www.leti.lt\/wordpress\/author\/andreine\/"}]}},"_links":{"self":[{"href":"https:\/\/www.leti.lt\/wordpress\/wp-json\/wp\/v2\/posts\/183","targetHints":{"allow":["GET"]}}],"collection":[{"href":"https:\/\/www.leti.lt\/wordpress\/wp-json\/wp\/v2\/posts"}],"about":[{"href":"https:\/\/www.leti.lt\/wordpress\/wp-json\/wp\/v2\/types\/post"}],"author":[{"embeddable":true,"href":"https:\/\/www.leti.lt\/wordpress\/wp-json\/wp\/v2\/users\/2"}],"replies":[{"embeddable":true,"href":"https:\/\/www.leti.lt\/wordpress\/wp-json\/wp\/v2\/comments?post=183"}],"version-history":[{"count":0,"href":"https:\/\/www.leti.lt\/wordpress\/wp-json\/wp\/v2\/posts\/183\/revisions"}],"wp:attachment":[{"href":"https:\/\/www.leti.lt\/wordpress\/wp-json\/wp\/v2\/media?parent=183"}],"wp:term":[{"taxonomy":"category","embeddable":true,"href":"https:\/\/www.leti.lt\/wordpress\/wp-json\/wp\/v2\/categories?post=183"},{"taxonomy":"post_tag","embeddable":true,"href":"https:\/\/www.leti.lt\/wordpress\/wp-json\/wp\/v2\/tags?post=183"}],"curies":[{"name":"wp","href":"https:\/\/api.w.org\/{rel}","templated":true}]}}