{"id":182,"date":"2020-02-16T15:30:32","date_gmt":"2020-02-16T14:30:32","guid":{"rendered":"https:\/\/www.leti.lt\/wordpress\/?p=182"},"modified":"-0001-11-30T00:00:00","modified_gmt":"-0001-11-29T22:00:00","slug":"danseforum-lesyeux","status":"publish","type":"post","link":"https:\/\/www.leti.lt\/wordpress\/danseforum-lesyeux\/","title":{"rendered":"Les yeux"},"content":{"rendered":"<p><a href=\"https:\/\/www.leti.lt\/wordpress\/danseforum-danseforum\/\">Danse forum<\/a><br>\u2192 <a href=\"https:\/\/www.leti.lt\/wordpress\/danseforum-comptesrendusateliers\/\">Comptes-ren\u00addus des ate\u00adliers<\/a><br>\u2192 <a href=\"https:\/\/www.leti.lt\/wordpress\/danseforum-lambesc\/\">Lam\u00adbesc<\/a><br><br>!!Les yeux \u2013 10 mars 2007<br><br>Nous \u00e9tions trois.<br><br>La notion du temps qui se bous\u00adcule, qui rend insa\u00adtis\u00adfait, a&nbsp;\u00e9t\u00e9 notre<br>point de d\u00e9part. J\u2019y ai vu un lien avec le mou\u00adve\u00adment des yeux, qui<br>\u00e9tait notre deuxi\u00e8me pr\u00e9\u00adoc\u00adcu\u00adpa\u00adtion.<br><br>Mes deux par\u00adte\u00adnaires \u00e9taient par\u00adtantes pour s\u2019essayer \u00e0&nbsp;quelques<br>exer\u00adcices de pr\u00e9\u00adpa\u00adra\u00adtion, qui ont fait mes d\u00e9lices quand je fai\u00adsais<br>de la danse indienne&nbsp;:<br><br>- visua\u00adli\u00adser un cercle large autour de son tho\u00adrax en le sui\u00advant<br>men\u00adta\u00adle\u00adment, yeux fer\u00adm\u00e9s et immo\u00adbiles, t\u00eate fixe<br><br>- suivre, les yeux ouverts, une ligne hori\u00adzon\u00adtale en \u00ab&nbsp;tra\u00adver\u00adsant les&nbsp;murs&nbsp;\u00bb, et \u00e0&nbsp;trois vitesses&nbsp;: lent, moyen, rapide. La t\u00eate est fixe<br><br>- idem entre le haut et le bas<br><br>- le regard est fix\u00e9 \u00e0&nbsp;l\u2019horizon, la t\u00eate pivote sur son axe \u00e0&nbsp;par\u00adtir<br>de l\u2019axis, \u00e0&nbsp;droite puis \u00e0&nbsp;gauche<br><br>- idem entre le haut et le bas<br><br>- tou\u00adcher du regard la chose que l\u2019on regarde<br><br>- lan\u00adcer le regard dans une direc\u00adtion d\u00e9si\u00adgn\u00e9e par le doigt et poser le regard<br><br>- d\u00e9si\u00adgner par le doigt, lan\u00adcer le regard et ajus\u00adter la t\u00eate pour<br>qu\u2019elle soit face au point regar\u00add\u00e9 (\u00e0 la fa\u00e7on des chats, qui<br>d\u00e9placent leur t\u00eate pour l\u2019avoir tou\u00adjours face \u00e0&nbsp;ce qu\u2019ils regardent).<br><br>J\u2019ai \u00e9cour\u00adt\u00e9 les exer\u00adcices, j\u2019en ai sau\u00adt\u00e9 d\u2019autres, bref, la sauce<br>habi\u00adtuelle o\u00f9 l\u2019on essaie de pro\u00adpo\u00adser une tech\u00adnique trop vite, sans<br>prendre le temps de go\u00fb\u00adter chaque plat et sur\u00adtout o\u00f9 per\u00adsonne n\u2019a le<br>pos\u00adsi\u00adbi\u00adli\u00adt\u00e9 de d\u00e9cou\u00advrir par soi-m\u00eame les exer\u00adcices et leur<br>encha\u00ee\u00adne\u00adment.<br><br>Pas \u00e9ton\u00adnant que l\u2019improvisation une par une qui a&nbsp;sui\u00advi ait d\u00e9rou\u00adt\u00e9<br>mes par\u00adte\u00adnaires. Mal\u00adgr\u00e9 tout, elles ont rac\u00adcro\u00adch\u00e9 leurs sen\u00adsa\u00adtions<br>au wagon et pu avoir un aper\u00ad\u00e7u de l\u2019impact de l\u2019angle de vue par<br>rap\u00adport \u00e0&nbsp;la posi\u00adtion de la t\u00eate. Les sensations\/\u00e9motions qui<br>naissent \u00e0&nbsp;cette occa\u00adsion sont tout \u00e0&nbsp;fait sur\u00adpre\u00adnantes.<br><br>Ensemble et en nous d\u00e9pla\u00ad\u00e7ant dans l\u2019espace, le regard ain\u00adsi<br>conscien\u00adti\u00ads\u00e9 deve\u00adnait tr\u00e8s nar\u00adra\u00adtif pour l\u2019une d\u2019entre nous. J\u2019ai<br>donc pro\u00adpo\u00ads\u00e9 de regar\u00adder r\u00e9el\u00adle\u00adment les lignes dans l\u2019espace, celles<br>que des\u00adsinent les tata\u00admis, les murs et le pla\u00adfond et les vir\u00adtuelles,<br>les lignes de force entre les angles&nbsp;: ces lignes bougent quand nous<br>bou\u00adgeons, et prendre conscience de cela per\u00admet de se situer dans<br>l\u2019espace et de voir ces lignes de force comme un pro\u00adlon\u00adge\u00adment de<br>notre corps. La nar\u00adra\u00adtion a&nbsp;fait place de suite \u00e0&nbsp;l\u2019abstraction, et<br>c\u2019\u00e9tait un encou\u00adra\u00adge\u00adment. Pour l\u2019autre dan\u00adseuse, le besoin de<br>reve\u00adnir \u00e0&nbsp;la sen\u00adsa\u00adtion semble ne pas avoir pu \u00eatre com\u00adbl\u00e9.<br><br>En regar\u00addant la video, nous n\u2019\u00e9tions que deux et nous avons r\u00e9a\u00adli\u00ads\u00e9<br>ce qui s\u2019\u00e9tait pas\u00ads\u00e9&nbsp;: prise au jeu de l\u2019exercice, l\u2019une des dan\u00adseuses<br>s\u2019y essayait, et entrait peu \u00e0&nbsp;peu dans la sen\u00adsa\u00adtion. Mais pen\u00addant<br>ce temps, elle a \u00ab&nbsp;d\u00e9lais\u00ads\u00e9&nbsp;\u00bb sa par\u00adte\u00adnaire. Le regard nar\u00adra\u00adtif nous<br>plon\u00adgeait dans les films muets, o\u00f9 le jeu de l\u2019acteur \u00e9tait tr\u00e8s<br>th\u00e9\u00e2\u00adtral. Cha\u00adcune d\u2019entre nous lan\u00ad\u00e7ait des pro\u00adpo\u00adsi\u00adtions mais soit<br>elles n\u2019\u00e9taient pas reprises par les autres, soit de fa\u00e7on qui<br>conve\u00adnait pas tout \u00e0&nbsp;fait.<br><br>Bref, un grand ensei\u00adgne\u00adment que cette s\u00e9ance&nbsp;!<br><br>Andr\u00e9ine Bel<br><br>d\u2019apr\u00e8s les retours de&nbsp;: Andr\u00e9ine B, Marie B, Nadine G.<\/p><p style=\"color:green; text-align:right !important;\">Article cr\u00e9\u00e9 le 16\/02\/2020<\/p>","protected":false},"excerpt":{"rendered":"<p>Danse forum\u2192 Comptes-ren\u00ad\u00addus des ate\u00adliers\u2192 Lam\u00adbesc !!Les yeux \u2013 10 mars&nbsp;2007 Nous \u00e9tions trois. La notion du temps qui se bous\u00adcule, qui rend insa\u00adtis\u00adfait, a&nbsp;\u00e9t\u00e9 notre\u00adpoint de d\u00e9part. J\u2019y ai vu un lien avec le mou\u00adve\u00adment des yeux, qui\u00e9\u00adtait notre deuxi\u00e8me pr\u00e9\u00adoc\u00adcu\u00adpa\u00adtion. Mes deux par\u00adte\u00adnaires \u00e9taient par\u00adtantes pour s\u2019essayer \u00e0&nbsp;quelquesexer\u00adcices de pr\u00e9\u00adpa\u00adra\u00adtion, qui ont fait mes d\u00e9lices quand je fai\u00adsaisde la danse indienne&nbsp;: \u2013 visua\u00adli\u00adser un cercle large autour de son tho\u00adrax en le sui\u00advantmen\u00adta\u00adle\u00adment, yeux fer\u00adm\u00e9s et immo\u00adbiles, t\u00eate&nbsp;fixe&nbsp;[\u2026]<\/p>\n","protected":false},"author":2,"featured_media":0,"comment_status":"open","ping_status":"open","sticky":false,"template":"","format":"standard","meta":{"wp_typography_post_enhancements_disabled":false,"footnotes":""},"categories":[184],"tags":[208],"class_list":["post-182","post","type-post","status-publish","format-standard","hentry","category-ateliers_lambesc","tag-df_lambesc"],"yoast_head":"<!-- This site is optimized with the Yoast SEO plugin v27.5 - https:\/\/yoast.com\/product\/yoast-seo-wordpress\/ -->\n<title>Les yeux - Le TILT<\/title>\n<meta name=\"robots\" content=\"index, follow, max-snippet:-1, max-image-preview:large, max-video-preview:-1\" \/>\n<link rel=\"canonical\" href=\"https:\/\/www.leti.lt\/wordpress\/danseforum-lesyeux\/\" \/>\n<meta property=\"og:locale\" content=\"fr_FR\" \/>\n<meta property=\"og:type\" content=\"article\" \/>\n<meta property=\"og:title\" content=\"Les yeux - Le TILT\" \/>\n<meta property=\"og:description\" content=\"Danse forum\u2192 Comptes-ren\u00addus des ate\u00adliers\u2192 Lam\u00adbesc !!Les yeux \u2013 10 mars&nbsp;2007 Nous \u00e9tions trois. La notion du temps qui se bous\u00adcule, qui rend insa\u00adtis\u00adfait, a&nbsp;\u00e9t\u00e9 notrepoint de d\u00e9part. J\u2019y ai vu un lien avec le mou\u00adve\u00adment des yeux, qui\u00e9tait notre deuxi\u00e8me pr\u00e9occupation. Mes deux par\u00adte\u00adnaires \u00e9taient par\u00adtantes pour s\u2019essayer \u00e0&nbsp;quelquesexer\u00adcices de pr\u00e9\u00adpa\u00adra\u00adtion, qui ont fait mes d\u00e9lices quand je fai\u00adsaisde la danse indienne&nbsp;: - visua\u00adli\u00adser un cercle large autour de son tho\u00adrax en le sui\u00advantmen\u00adta\u00adle\u00adment, yeux fer\u00adm\u00e9s et immo\u00adbiles, t\u00eate&nbsp;fixe [&hellip;]\" \/>\n<meta property=\"og:url\" content=\"https:\/\/www.leti.lt\/wordpress\/danseforum-lesyeux\/\" \/>\n<meta property=\"og:site_name\" content=\"Le TILT\" \/>\n<meta property=\"article:published_time\" content=\"2020-02-16T14:30:32+00:00\" \/>\n<meta name=\"author\" content=\"Andr\u00e9ine Bel\" \/>\n<meta name=\"twitter:card\" content=\"summary_large_image\" \/>\n<meta name=\"twitter:label1\" content=\"\u00c9crit par\" \/>\n\t<meta name=\"twitter:data1\" content=\"Andr\u00e9ine Bel\" \/>\n\t<meta name=\"twitter:label2\" content=\"Dur\u00e9e de lecture estim\u00e9e\" \/>\n\t<meta name=\"twitter:data2\" content=\"3 minutes\" \/>\n<script type=\"application\/ld+json\" class=\"yoast-schema-graph\">{\"@context\":\"https:\\\/\\\/schema.org\",\"@graph\":[{\"@type\":\"Article\",\"@id\":\"https:\\\/\\\/www.leti.lt\\\/wordpress\\\/danseforum-lesyeux\\\/#article\",\"isPartOf\":{\"@id\":\"https:\\\/\\\/www.leti.lt\\\/wordpress\\\/danseforum-lesyeux\\\/\"},\"author\":{\"name\":\"Andr\u00e9ine Bel\",\"@id\":\"https:\\\/\\\/www.leti.lt\\\/wordpress\\\/#\\\/schema\\\/person\\\/9bb307b2af8fbb575bb3603e57951f75\"},\"headline\":\"Les yeux\",\"datePublished\":\"2020-02-16T14:30:32+00:00\",\"mainEntityOfPage\":{\"@id\":\"https:\\\/\\\/www.leti.lt\\\/wordpress\\\/danseforum-lesyeux\\\/\"},\"wordCount\":549,\"commentCount\":0,\"keywords\":[\"DF_Lambesc\"],\"articleSection\":[\"Ateliers Lambesc\"],\"inLanguage\":\"fr-FR\",\"potentialAction\":[{\"@type\":\"CommentAction\",\"name\":\"Comment\",\"target\":[\"https:\\\/\\\/www.leti.lt\\\/wordpress\\\/danseforum-lesyeux\\\/#respond\"]}]},{\"@type\":\"WebPage\",\"@id\":\"https:\\\/\\\/www.leti.lt\\\/wordpress\\\/danseforum-lesyeux\\\/\",\"url\":\"https:\\\/\\\/www.leti.lt\\\/wordpress\\\/danseforum-lesyeux\\\/\",\"name\":\"Les yeux - Le TILT\",\"isPartOf\":{\"@id\":\"https:\\\/\\\/www.leti.lt\\\/wordpress\\\/#website\"},\"datePublished\":\"2020-02-16T14:30:32+00:00\",\"author\":{\"@id\":\"https:\\\/\\\/www.leti.lt\\\/wordpress\\\/#\\\/schema\\\/person\\\/9bb307b2af8fbb575bb3603e57951f75\"},\"breadcrumb\":{\"@id\":\"https:\\\/\\\/www.leti.lt\\\/wordpress\\\/danseforum-lesyeux\\\/#breadcrumb\"},\"inLanguage\":\"fr-FR\",\"potentialAction\":[{\"@type\":\"ReadAction\",\"target\":[\"https:\\\/\\\/www.leti.lt\\\/wordpress\\\/danseforum-lesyeux\\\/\"]}]},{\"@type\":\"BreadcrumbList\",\"@id\":\"https:\\\/\\\/www.leti.lt\\\/wordpress\\\/danseforum-lesyeux\\\/#breadcrumb\",\"itemListElement\":[{\"@type\":\"ListItem\",\"position\":1,\"name\":\"Accueil\",\"item\":\"https:\\\/\\\/www.leti.lt\\\/wordpress\\\/\"},{\"@type\":\"ListItem\",\"position\":2,\"name\":\"Les yeux\"}]},{\"@type\":\"WebSite\",\"@id\":\"https:\\\/\\\/www.leti.lt\\\/wordpress\\\/#website\",\"url\":\"https:\\\/\\\/www.leti.lt\\\/wordpress\\\/\",\"name\":\"Le TILT\",\"description\":\"Recherche, publication, cr\u00e9ation artistique\",\"potentialAction\":[{\"@type\":\"SearchAction\",\"target\":{\"@type\":\"EntryPoint\",\"urlTemplate\":\"https:\\\/\\\/www.leti.lt\\\/wordpress\\\/?s={search_term_string}\"},\"query-input\":{\"@type\":\"PropertyValueSpecification\",\"valueRequired\":true,\"valueName\":\"search_term_string\"}}],\"inLanguage\":\"fr-FR\"},{\"@type\":\"Person\",\"@id\":\"https:\\\/\\\/www.leti.lt\\\/wordpress\\\/#\\\/schema\\\/person\\\/9bb307b2af8fbb575bb3603e57951f75\",\"name\":\"Andr\u00e9ine Bel\",\"image\":{\"@type\":\"ImageObject\",\"inLanguage\":\"fr-FR\",\"@id\":\"https:\\\/\\\/secure.gravatar.com\\\/avatar\\\/4ab041ec7c7ad3b90293023e86528ec1a700ce2971ff61811b2df6b288dd1f38?s=96&d=identicon&r=g\",\"url\":\"https:\\\/\\\/secure.gravatar.com\\\/avatar\\\/4ab041ec7c7ad3b90293023e86528ec1a700ce2971ff61811b2df6b288dd1f38?s=96&d=identicon&r=g\",\"contentUrl\":\"https:\\\/\\\/secure.gravatar.com\\\/avatar\\\/4ab041ec7c7ad3b90293023e86528ec1a700ce2971ff61811b2df6b288dd1f38?s=96&d=identicon&r=g\",\"caption\":\"Andr\u00e9ine Bel\"},\"url\":\"https:\\\/\\\/www.leti.lt\\\/wordpress\\\/author\\\/andreine\\\/\"}]}<\/script>\n<!-- \/ Yoast SEO plugin. -->","yoast_head_json":{"title":"Les yeux - Le TILT","robots":{"index":"index","follow":"follow","max-snippet":"max-snippet:-1","max-image-preview":"max-image-preview:large","max-video-preview":"max-video-preview:-1"},"canonical":"https:\/\/www.leti.lt\/wordpress\/danseforum-lesyeux\/","og_locale":"fr_FR","og_type":"article","og_title":"Les yeux - Le TILT","og_description":"Danse forum\u2192 Comptes-ren\u00addus des ate\u00adliers\u2192 Lam\u00adbesc !!Les yeux \u2013 10 mars&nbsp;2007 Nous \u00e9tions trois. La notion du temps qui se bous\u00adcule, qui rend insa\u00adtis\u00adfait, a&nbsp;\u00e9t\u00e9 notrepoint de d\u00e9part. J\u2019y ai vu un lien avec le mou\u00adve\u00adment des yeux, qui\u00e9tait notre deuxi\u00e8me pr\u00e9occupation. Mes deux par\u00adte\u00adnaires \u00e9taient par\u00adtantes pour s\u2019essayer \u00e0&nbsp;quelquesexer\u00adcices de pr\u00e9\u00adpa\u00adra\u00adtion, qui ont fait mes d\u00e9lices quand je fai\u00adsaisde la danse indienne&nbsp;: - visua\u00adli\u00adser un cercle large autour de son tho\u00adrax en le sui\u00advantmen\u00adta\u00adle\u00adment, yeux fer\u00adm\u00e9s et immo\u00adbiles, t\u00eate&nbsp;fixe [&hellip;]","og_url":"https:\/\/www.leti.lt\/wordpress\/danseforum-lesyeux\/","og_site_name":"Le TILT","article_published_time":"2020-02-16T14:30:32+00:00","author":"Andr\u00e9ine Bel","twitter_card":"summary_large_image","twitter_misc":{"\u00c9crit par":"Andr\u00e9ine Bel","Dur\u00e9e de lecture estim\u00e9e":"3 minutes"},"schema":{"@context":"https:\/\/schema.org","@graph":[{"@type":"Article","@id":"https:\/\/www.leti.lt\/wordpress\/danseforum-lesyeux\/#article","isPartOf":{"@id":"https:\/\/www.leti.lt\/wordpress\/danseforum-lesyeux\/"},"author":{"name":"Andr\u00e9ine Bel","@id":"https:\/\/www.leti.lt\/wordpress\/#\/schema\/person\/9bb307b2af8fbb575bb3603e57951f75"},"headline":"Les yeux","datePublished":"2020-02-16T14:30:32+00:00","mainEntityOfPage":{"@id":"https:\/\/www.leti.lt\/wordpress\/danseforum-lesyeux\/"},"wordCount":549,"commentCount":0,"keywords":["DF_Lambesc"],"articleSection":["Ateliers Lambesc"],"inLanguage":"fr-FR","potentialAction":[{"@type":"CommentAction","name":"Comment","target":["https:\/\/www.leti.lt\/wordpress\/danseforum-lesyeux\/#respond"]}]},{"@type":"WebPage","@id":"https:\/\/www.leti.lt\/wordpress\/danseforum-lesyeux\/","url":"https:\/\/www.leti.lt\/wordpress\/danseforum-lesyeux\/","name":"Les yeux - Le TILT","isPartOf":{"@id":"https:\/\/www.leti.lt\/wordpress\/#website"},"datePublished":"2020-02-16T14:30:32+00:00","author":{"@id":"https:\/\/www.leti.lt\/wordpress\/#\/schema\/person\/9bb307b2af8fbb575bb3603e57951f75"},"breadcrumb":{"@id":"https:\/\/www.leti.lt\/wordpress\/danseforum-lesyeux\/#breadcrumb"},"inLanguage":"fr-FR","potentialAction":[{"@type":"ReadAction","target":["https:\/\/www.leti.lt\/wordpress\/danseforum-lesyeux\/"]}]},{"@type":"BreadcrumbList","@id":"https:\/\/www.leti.lt\/wordpress\/danseforum-lesyeux\/#breadcrumb","itemListElement":[{"@type":"ListItem","position":1,"name":"Accueil","item":"https:\/\/www.leti.lt\/wordpress\/"},{"@type":"ListItem","position":2,"name":"Les yeux"}]},{"@type":"WebSite","@id":"https:\/\/www.leti.lt\/wordpress\/#website","url":"https:\/\/www.leti.lt\/wordpress\/","name":"Le TILT","description":"Recherche, publication, cr\u00e9ation artistique","potentialAction":[{"@type":"SearchAction","target":{"@type":"EntryPoint","urlTemplate":"https:\/\/www.leti.lt\/wordpress\/?s={search_term_string}"},"query-input":{"@type":"PropertyValueSpecification","valueRequired":true,"valueName":"search_term_string"}}],"inLanguage":"fr-FR"},{"@type":"Person","@id":"https:\/\/www.leti.lt\/wordpress\/#\/schema\/person\/9bb307b2af8fbb575bb3603e57951f75","name":"Andr\u00e9ine Bel","image":{"@type":"ImageObject","inLanguage":"fr-FR","@id":"https:\/\/secure.gravatar.com\/avatar\/4ab041ec7c7ad3b90293023e86528ec1a700ce2971ff61811b2df6b288dd1f38?s=96&d=identicon&r=g","url":"https:\/\/secure.gravatar.com\/avatar\/4ab041ec7c7ad3b90293023e86528ec1a700ce2971ff61811b2df6b288dd1f38?s=96&d=identicon&r=g","contentUrl":"https:\/\/secure.gravatar.com\/avatar\/4ab041ec7c7ad3b90293023e86528ec1a700ce2971ff61811b2df6b288dd1f38?s=96&d=identicon&r=g","caption":"Andr\u00e9ine Bel"},"url":"https:\/\/www.leti.lt\/wordpress\/author\/andreine\/"}]}},"_links":{"self":[{"href":"https:\/\/www.leti.lt\/wordpress\/wp-json\/wp\/v2\/posts\/182","targetHints":{"allow":["GET"]}}],"collection":[{"href":"https:\/\/www.leti.lt\/wordpress\/wp-json\/wp\/v2\/posts"}],"about":[{"href":"https:\/\/www.leti.lt\/wordpress\/wp-json\/wp\/v2\/types\/post"}],"author":[{"embeddable":true,"href":"https:\/\/www.leti.lt\/wordpress\/wp-json\/wp\/v2\/users\/2"}],"replies":[{"embeddable":true,"href":"https:\/\/www.leti.lt\/wordpress\/wp-json\/wp\/v2\/comments?post=182"}],"version-history":[{"count":0,"href":"https:\/\/www.leti.lt\/wordpress\/wp-json\/wp\/v2\/posts\/182\/revisions"}],"wp:attachment":[{"href":"https:\/\/www.leti.lt\/wordpress\/wp-json\/wp\/v2\/media?parent=182"}],"wp:term":[{"taxonomy":"category","embeddable":true,"href":"https:\/\/www.leti.lt\/wordpress\/wp-json\/wp\/v2\/categories?post=182"},{"taxonomy":"post_tag","embeddable":true,"href":"https:\/\/www.leti.lt\/wordpress\/wp-json\/wp\/v2\/tags?post=182"}],"curies":[{"name":"wp","href":"https:\/\/api.w.org\/{rel}","templated":true}]}}