{"id":178,"date":"2020-02-16T15:30:32","date_gmt":"2020-02-16T14:30:32","guid":{"rendered":"https:\/\/www.leti.lt\/wordpress\/?p=178"},"modified":"2020-06-10T23:44:24","modified_gmt":"2020-06-10T21:44:24","slug":"danseforum-leslimitesdenotrecorps","status":"publish","type":"post","link":"https:\/\/www.leti.lt\/wordpress\/danseforum-leslimitesdenotrecorps\/","title":{"rendered":"Les limites de notre&nbsp;corps"},"content":{"rendered":"\n<p><a href=\"https:\/\/www.leti.lt\/wordpress\/danseforum-danseforum\/\">Danse forum<\/a><br>\u2192 <a href=\"https:\/\/www.leti.lt\/wordpress\/danseforum-comptesrendusateliers\/\">Comptes-ren\u00addus des ate\u00adliers<\/a><br><br>Nous \u00e9tions sept femmes. Les sen\u00adsa\u00adtions parais\u00adsaient d\u2019abord bien dif\u00adf\u00e9\u00adrentes&nbsp;: trem\u00adble\u00adment-ten\u00adsion, fatigue-d\u00e9tente, liquide-chaud, enfer\u00adme\u00adment dans un bocal, mol\u00adlesse, ouver\u00adture-ten\u00adsion\u2026<br><br>Apr\u00e8s deux moments d\u2019exploration le th\u00e8me des \u00ab&nbsp;limites de notre corps&nbsp;\u00bb nous a&nbsp;comme \u00ab&nbsp;sau\u00adt\u00e9 aux yeux&nbsp;\u00bb, ce va-et-vient entre int\u00e9\u00adrieur-ext\u00e9\u00adrieur, cette exten\u00adsi\u00adbi\u00adli\u00adt\u00e9. C\u2019est comme un \u00e9tat rela\u00adtif d\u2019\u00eatre res\u00adtreint dans un conte\u00adnant (de peau ou d\u2019os), qui tout d\u2019un coup\u200a\u2014\u200aet pour\u00adquoi&nbsp;?\u200a\u2014\u200as\u2019\u00e9largit, se trans\u00adforme se r\u00e9tr\u00e9\u00adcit, s\u2019agrandit, devient autre.<br><br>Cer\u00adtaines ont remar\u00adqu\u00e9 le pro\u00adlon\u00adge\u00adment de notre corps par le corps de l\u2019autre\u200a\u2014\u200aune pr\u00e9\u00adsence, un mou\u00adve\u00adment \u00e0&nbsp;c\u00f4t\u00e9, un tou\u00adcher\u2026 peut nous emme\u00adner \u00e0&nbsp;nous sen\u00adtir plus grands. Ain\u00adsi trois corps s\u00e9pa\u00adr\u00e9s au d\u00e9but en deve\u00adnaient un seul \u00e0&nbsp;la fin.<br>Puis en m\u00eame temps, dans ce corps uni, com\u00adment faire atten\u00adtion aux limites, sans impo\u00adser un poids, un mou\u00adve\u00adment, une volon\u00adt\u00e9 tout en res\u00adpec\u00adtant celle des autres, dans un voyage ensemble. Quelques magni\u00adfiques voyages, sur une fond de soleil cou\u00adchant, en ombres chi\u00adnois. Mer\u00adveilleux.<br><br>La pro\u00adbl\u00e9\u00adma\u00adtique de la vision est appa\u00adrue \u00e9ga\u00adle\u00adment&nbsp;: \u00ab&nbsp;D\u00e8s que j\u2019ouvre mes yeux je suis \u00e0&nbsp;l\u2019ext\u00e9rieur de mon corps, je vais vers le dehors, le monde, les autres&nbsp;\u00bb. Est-ce pos\u00adsible d\u2019avoir les yeux ouverts et d\u2019\u00eatre tou\u00adjours connec\u00adt\u00e9 \u00e0&nbsp;sa\/ses sensation\/s&nbsp;? Nous avons exp\u00e9\u00adri\u00admen\u00adt\u00e9 la pro\u00adpo\u00adsi\u00adtion d\u2019ouvrir les yeux \u00e0&nbsp;moi\u00adti\u00e9, ou alors de trou\u00adver \u00ab&nbsp;la vision de l\u2019aigle&nbsp;\u00bb, en pano\u00adra\u00admique. Pour moi, le tra\u00advail en BMC sur la vision m\u2019a aid\u00e9e \u00e9nor\u00adm\u00e9\u00adment pour trou\u00adver cette vision-l\u00e0, pou\u00advoir \u00eatre dedans m\u00eame les yeux ouverts, grand-ouverts. \u00c7a a&nbsp;consi\u00add\u00e9\u00adra\u00adble\u00adment enri\u00adchi mes pos\u00adsi\u00adbi\u00adli\u00adt\u00e9s de mou\u00adve\u00adment\u200a\u2014\u200aapr\u00e8s avoir cru ne pou\u00advoir dan\u00adser que les yeux fer\u00adm\u00e9s pen\u00addant des ann\u00e9es.<br><br>J\u2019ai \u00e9t\u00e9 \u00e0&nbsp;nou\u00adveau fas\u00adci\u00adn\u00e9e par le fait d\u2019arriver en quelques heures \u00e0&nbsp;des impro\u00advi\u00adsa\u00adtions d\u2019une telle inten\u00adsi\u00adt\u00e9. Au d\u00e9but de l\u2019atelier on a&nbsp;l\u2019impression de ne jamais arri\u00adver \u00e0&nbsp;un th\u00e8me com\u00admun, tel\u00adle\u00adment les sen\u00adsa\u00adtions et les \u00e9tats des un\/e\/s et des autres sont dif\u00adf\u00e9\u00adrents, mais comme par magie, \u00e7a fonc\u00adtionne et se construit petit \u00e0&nbsp;petit.<br><br>J\u2019ai \u00e9t\u00e9 tr\u00e8s contente de pou\u00advoir \u00e0&nbsp;nou\u00adveau \u00eatre dans les exp\u00e9\u00adri\u00admen\u00adta\u00adtions et les impro\u00advi\u00adsa\u00adtions tout en assu\u00admant mon r\u00f4le de joker. La plu\u00adpart des per\u00adsonnes veulent conti\u00adnuer l\u2019atelier sur l\u2019ann\u00e9e. C\u2019est chouette.<br><br>J\u2019en suis quand m\u00eame res\u00adsor\u00adtie avec un bon mal de cr\u00e2ne\u200a\u2014\u200ama petite t\u00eate doit encore apprendre \u00e0&nbsp;g\u00e9rer tout \u00e7a \u00e0&nbsp;la fois, mais j\u2019y ai pris beau\u00adcoup de plai\u00adsir.<br><br>Johan\u00adna Bouchardeau<\/p>\n<p style=\"color:green; text-align:right !important;\">Article cr\u00e9\u00e9 le 16\/02\/2020 \u2013 modi\u00adfi\u00e9 le 10\/06\/2020<\/p>","protected":false},"excerpt":{"rendered":"<p>Danse forum\u2192 Comptes-ren\u00ad\u00addus des ate\u00adliers Nous \u00e9tions sept femmes. Les sen\u00adsa\u00adtions parais\u00adsaient d\u2019abord bien dif\u00adf\u00e9\u00adrentes&nbsp;: trem\u00ad\u00adble\u00ad\u00adment-ten\u00ad\u00adsion, fatigue-d\u00e9tente, liquide-chaud, enfer\u00adme\u00adment dans un bocal, mol\u00adlesse, ouver\u00adture-ten\u00adsion\u2026 Apr\u00e8s deux moments d\u2019exploration le th\u00e8me des \u00ab&nbsp;limites de notre corps&nbsp;\u00bb nous a&nbsp;comme \u00ab&nbsp;sau\u00adt\u00e9 aux yeux&nbsp;\u00bb, ce va-et-vient entre int\u00e9\u00ad\u00adrieur-ext\u00e9\u00ad\u00adrieur, cette exten\u00adsi\u00adbi\u00adli\u00adt\u00e9. C\u2019est comme un \u00e9tat rela\u00adtif d\u2019\u00eatre res\u00adtreint dans un conte\u00adnant (de peau ou d\u2019os), qui tout d\u2019un coup\u200a\u2014\u200aet pour\u00adquoi&nbsp;?\u200a\u2014\u200as\u2019\u00e9largit, se trans\u00adforme se r\u00e9tr\u00e9\u00adcit, s\u2019agrandit, devient autre. Cer\u00adtaines ont remar\u00adqu\u00e9 le pro\u00adlon\u00adge\u00adment de notre&nbsp;corps&nbsp;[\u2026]<\/p>\n","protected":false},"author":2,"featured_media":0,"comment_status":"open","ping_status":"open","sticky":false,"template":"","format":"standard","meta":{"wp_typography_post_enhancements_disabled":false,"footnotes":""},"categories":[196],"tags":[197],"class_list":["post-178","post","type-post","status-publish","format-standard","hentry","category-ateliers_st-etienne-les-orgues","tag-df_st-etienne-les-orgues"],"yoast_head":"<!-- This site is optimized with the Yoast SEO plugin v27.5 - https:\/\/yoast.com\/product\/yoast-seo-wordpress\/ -->\n<title>Les limites de notre corps - Le TILT<\/title>\n<meta name=\"robots\" content=\"index, follow, max-snippet:-1, max-image-preview:large, max-video-preview:-1\" \/>\n<link rel=\"canonical\" href=\"https:\/\/www.leti.lt\/wordpress\/danseforum-leslimitesdenotrecorps\/\" \/>\n<meta property=\"og:locale\" content=\"fr_FR\" \/>\n<meta property=\"og:type\" content=\"article\" \/>\n<meta property=\"og:title\" content=\"Les limites de notre corps - Le TILT\" \/>\n<meta property=\"og:description\" content=\"Danse forum\u2192 Comptes-ren\u00addus des ateliers Nous \u00e9tions sept femmes. Les sen\u00adsa\u00adtions parais\u00adsaient d\u2019abord bien dif\u00adf\u00e9\u00adrentes&nbsp;: trem\u00adble\u00adment-ten\u00adsion, fatigue-d\u00e9tente, liquide-chaud, enfer\u00adme\u00adment dans un bocal, mol\u00adlesse, ouverture-tension\u2026 Apr\u00e8s deux moments d\u2019exploration le th\u00e8me des \u00ab&nbsp;limites de notre corps&nbsp;\u00bb nous a&nbsp;comme \u00ab&nbsp;sau\u00adt\u00e9 aux yeux&nbsp;\u00bb, ce va-et-vient entre int\u00e9\u00adrieur-ext\u00e9\u00adrieur, cette exten\u00adsi\u00adbi\u00adli\u00adt\u00e9. C\u2019est comme un \u00e9tat rela\u00adtif d\u2019\u00eatre res\u00adtreint dans un conte\u00adnant (de peau ou d\u2019os), qui tout d\u2019un coup\u200a\u2014\u200aet pour\u00adquoi&nbsp;?\u200a\u2014\u200as\u2019\u00e9largit, se trans\u00adforme se r\u00e9tr\u00e9\u00adcit, s\u2019agrandit, devient autre. Cer\u00adtaines ont remar\u00adqu\u00e9 le pro\u00adlon\u00adge\u00adment de notre corps [&hellip;]\" \/>\n<meta property=\"og:url\" content=\"https:\/\/www.leti.lt\/wordpress\/danseforum-leslimitesdenotrecorps\/\" \/>\n<meta property=\"og:site_name\" content=\"Le TILT\" \/>\n<meta property=\"article:published_time\" content=\"2020-02-16T14:30:32+00:00\" \/>\n<meta property=\"article:modified_time\" content=\"2020-06-10T21:44:24+00:00\" \/>\n<meta name=\"author\" content=\"Andr\u00e9ine Bel\" \/>\n<meta name=\"twitter:card\" content=\"summary_large_image\" \/>\n<meta name=\"twitter:label1\" content=\"\u00c9crit par\" \/>\n\t<meta name=\"twitter:data1\" content=\"Andr\u00e9ine Bel\" \/>\n\t<meta name=\"twitter:label2\" content=\"Dur\u00e9e de lecture estim\u00e9e\" \/>\n\t<meta name=\"twitter:data2\" content=\"2 minutes\" \/>\n<script type=\"application\/ld+json\" class=\"yoast-schema-graph\">{\"@context\":\"https:\\\/\\\/schema.org\",\"@graph\":[{\"@type\":\"Article\",\"@id\":\"https:\\\/\\\/www.leti.lt\\\/wordpress\\\/danseforum-leslimitesdenotrecorps\\\/#article\",\"isPartOf\":{\"@id\":\"https:\\\/\\\/www.leti.lt\\\/wordpress\\\/danseforum-leslimitesdenotrecorps\\\/\"},\"author\":{\"name\":\"Andr\u00e9ine Bel\",\"@id\":\"https:\\\/\\\/www.leti.lt\\\/wordpress\\\/#\\\/schema\\\/person\\\/9bb307b2af8fbb575bb3603e57951f75\"},\"headline\":\"Les limites de notre&nbsp;corps\",\"datePublished\":\"2020-02-16T14:30:32+00:00\",\"dateModified\":\"2020-06-10T21:44:24+00:00\",\"mainEntityOfPage\":{\"@id\":\"https:\\\/\\\/www.leti.lt\\\/wordpress\\\/danseforum-leslimitesdenotrecorps\\\/\"},\"wordCount\":453,\"commentCount\":0,\"keywords\":[\"DF_St-Etienne-les-Orgues\"],\"articleSection\":[\"Ateliers St-Etienne-les-Orgues\"],\"inLanguage\":\"fr-FR\",\"potentialAction\":[{\"@type\":\"CommentAction\",\"name\":\"Comment\",\"target\":[\"https:\\\/\\\/www.leti.lt\\\/wordpress\\\/danseforum-leslimitesdenotrecorps\\\/#respond\"]}]},{\"@type\":\"WebPage\",\"@id\":\"https:\\\/\\\/www.leti.lt\\\/wordpress\\\/danseforum-leslimitesdenotrecorps\\\/\",\"url\":\"https:\\\/\\\/www.leti.lt\\\/wordpress\\\/danseforum-leslimitesdenotrecorps\\\/\",\"name\":\"Les limites de notre corps - Le TILT\",\"isPartOf\":{\"@id\":\"https:\\\/\\\/www.leti.lt\\\/wordpress\\\/#website\"},\"datePublished\":\"2020-02-16T14:30:32+00:00\",\"dateModified\":\"2020-06-10T21:44:24+00:00\",\"author\":{\"@id\":\"https:\\\/\\\/www.leti.lt\\\/wordpress\\\/#\\\/schema\\\/person\\\/9bb307b2af8fbb575bb3603e57951f75\"},\"breadcrumb\":{\"@id\":\"https:\\\/\\\/www.leti.lt\\\/wordpress\\\/danseforum-leslimitesdenotrecorps\\\/#breadcrumb\"},\"inLanguage\":\"fr-FR\",\"potentialAction\":[{\"@type\":\"ReadAction\",\"target\":[\"https:\\\/\\\/www.leti.lt\\\/wordpress\\\/danseforum-leslimitesdenotrecorps\\\/\"]}]},{\"@type\":\"BreadcrumbList\",\"@id\":\"https:\\\/\\\/www.leti.lt\\\/wordpress\\\/danseforum-leslimitesdenotrecorps\\\/#breadcrumb\",\"itemListElement\":[{\"@type\":\"ListItem\",\"position\":1,\"name\":\"Accueil\",\"item\":\"https:\\\/\\\/www.leti.lt\\\/wordpress\\\/\"},{\"@type\":\"ListItem\",\"position\":2,\"name\":\"Les limites de notre&nbsp;corps\"}]},{\"@type\":\"WebSite\",\"@id\":\"https:\\\/\\\/www.leti.lt\\\/wordpress\\\/#website\",\"url\":\"https:\\\/\\\/www.leti.lt\\\/wordpress\\\/\",\"name\":\"Le TILT\",\"description\":\"Recherche, publication, cr\u00e9ation artistique\",\"potentialAction\":[{\"@type\":\"SearchAction\",\"target\":{\"@type\":\"EntryPoint\",\"urlTemplate\":\"https:\\\/\\\/www.leti.lt\\\/wordpress\\\/?s={search_term_string}\"},\"query-input\":{\"@type\":\"PropertyValueSpecification\",\"valueRequired\":true,\"valueName\":\"search_term_string\"}}],\"inLanguage\":\"fr-FR\"},{\"@type\":\"Person\",\"@id\":\"https:\\\/\\\/www.leti.lt\\\/wordpress\\\/#\\\/schema\\\/person\\\/9bb307b2af8fbb575bb3603e57951f75\",\"name\":\"Andr\u00e9ine Bel\",\"image\":{\"@type\":\"ImageObject\",\"inLanguage\":\"fr-FR\",\"@id\":\"https:\\\/\\\/secure.gravatar.com\\\/avatar\\\/4ab041ec7c7ad3b90293023e86528ec1a700ce2971ff61811b2df6b288dd1f38?s=96&d=identicon&r=g\",\"url\":\"https:\\\/\\\/secure.gravatar.com\\\/avatar\\\/4ab041ec7c7ad3b90293023e86528ec1a700ce2971ff61811b2df6b288dd1f38?s=96&d=identicon&r=g\",\"contentUrl\":\"https:\\\/\\\/secure.gravatar.com\\\/avatar\\\/4ab041ec7c7ad3b90293023e86528ec1a700ce2971ff61811b2df6b288dd1f38?s=96&d=identicon&r=g\",\"caption\":\"Andr\u00e9ine Bel\"},\"url\":\"https:\\\/\\\/www.leti.lt\\\/wordpress\\\/author\\\/andreine\\\/\"}]}<\/script>\n<!-- \/ Yoast SEO plugin. -->","yoast_head_json":{"title":"Les limites de notre corps - Le TILT","robots":{"index":"index","follow":"follow","max-snippet":"max-snippet:-1","max-image-preview":"max-image-preview:large","max-video-preview":"max-video-preview:-1"},"canonical":"https:\/\/www.leti.lt\/wordpress\/danseforum-leslimitesdenotrecorps\/","og_locale":"fr_FR","og_type":"article","og_title":"Les limites de notre corps - Le TILT","og_description":"Danse forum\u2192 Comptes-ren\u00addus des ateliers Nous \u00e9tions sept femmes. Les sen\u00adsa\u00adtions parais\u00adsaient d\u2019abord bien dif\u00adf\u00e9\u00adrentes&nbsp;: trem\u00adble\u00adment-ten\u00adsion, fatigue-d\u00e9tente, liquide-chaud, enfer\u00adme\u00adment dans un bocal, mol\u00adlesse, ouverture-tension\u2026 Apr\u00e8s deux moments d\u2019exploration le th\u00e8me des \u00ab&nbsp;limites de notre corps&nbsp;\u00bb nous a&nbsp;comme \u00ab&nbsp;sau\u00adt\u00e9 aux yeux&nbsp;\u00bb, ce va-et-vient entre int\u00e9\u00adrieur-ext\u00e9\u00adrieur, cette exten\u00adsi\u00adbi\u00adli\u00adt\u00e9. C\u2019est comme un \u00e9tat rela\u00adtif d\u2019\u00eatre res\u00adtreint dans un conte\u00adnant (de peau ou d\u2019os), qui tout d\u2019un coup\u200a\u2014\u200aet pour\u00adquoi&nbsp;?\u200a\u2014\u200as\u2019\u00e9largit, se trans\u00adforme se r\u00e9tr\u00e9\u00adcit, s\u2019agrandit, devient autre. Cer\u00adtaines ont remar\u00adqu\u00e9 le pro\u00adlon\u00adge\u00adment de notre corps [&hellip;]","og_url":"https:\/\/www.leti.lt\/wordpress\/danseforum-leslimitesdenotrecorps\/","og_site_name":"Le TILT","article_published_time":"2020-02-16T14:30:32+00:00","article_modified_time":"2020-06-10T21:44:24+00:00","author":"Andr\u00e9ine Bel","twitter_card":"summary_large_image","twitter_misc":{"\u00c9crit par":"Andr\u00e9ine Bel","Dur\u00e9e de lecture estim\u00e9e":"2 minutes"},"schema":{"@context":"https:\/\/schema.org","@graph":[{"@type":"Article","@id":"https:\/\/www.leti.lt\/wordpress\/danseforum-leslimitesdenotrecorps\/#article","isPartOf":{"@id":"https:\/\/www.leti.lt\/wordpress\/danseforum-leslimitesdenotrecorps\/"},"author":{"name":"Andr\u00e9ine Bel","@id":"https:\/\/www.leti.lt\/wordpress\/#\/schema\/person\/9bb307b2af8fbb575bb3603e57951f75"},"headline":"Les limites de notre&nbsp;corps","datePublished":"2020-02-16T14:30:32+00:00","dateModified":"2020-06-10T21:44:24+00:00","mainEntityOfPage":{"@id":"https:\/\/www.leti.lt\/wordpress\/danseforum-leslimitesdenotrecorps\/"},"wordCount":453,"commentCount":0,"keywords":["DF_St-Etienne-les-Orgues"],"articleSection":["Ateliers St-Etienne-les-Orgues"],"inLanguage":"fr-FR","potentialAction":[{"@type":"CommentAction","name":"Comment","target":["https:\/\/www.leti.lt\/wordpress\/danseforum-leslimitesdenotrecorps\/#respond"]}]},{"@type":"WebPage","@id":"https:\/\/www.leti.lt\/wordpress\/danseforum-leslimitesdenotrecorps\/","url":"https:\/\/www.leti.lt\/wordpress\/danseforum-leslimitesdenotrecorps\/","name":"Les limites de notre corps - Le TILT","isPartOf":{"@id":"https:\/\/www.leti.lt\/wordpress\/#website"},"datePublished":"2020-02-16T14:30:32+00:00","dateModified":"2020-06-10T21:44:24+00:00","author":{"@id":"https:\/\/www.leti.lt\/wordpress\/#\/schema\/person\/9bb307b2af8fbb575bb3603e57951f75"},"breadcrumb":{"@id":"https:\/\/www.leti.lt\/wordpress\/danseforum-leslimitesdenotrecorps\/#breadcrumb"},"inLanguage":"fr-FR","potentialAction":[{"@type":"ReadAction","target":["https:\/\/www.leti.lt\/wordpress\/danseforum-leslimitesdenotrecorps\/"]}]},{"@type":"BreadcrumbList","@id":"https:\/\/www.leti.lt\/wordpress\/danseforum-leslimitesdenotrecorps\/#breadcrumb","itemListElement":[{"@type":"ListItem","position":1,"name":"Accueil","item":"https:\/\/www.leti.lt\/wordpress\/"},{"@type":"ListItem","position":2,"name":"Les limites de notre&nbsp;corps"}]},{"@type":"WebSite","@id":"https:\/\/www.leti.lt\/wordpress\/#website","url":"https:\/\/www.leti.lt\/wordpress\/","name":"Le TILT","description":"Recherche, publication, cr\u00e9ation artistique","potentialAction":[{"@type":"SearchAction","target":{"@type":"EntryPoint","urlTemplate":"https:\/\/www.leti.lt\/wordpress\/?s={search_term_string}"},"query-input":{"@type":"PropertyValueSpecification","valueRequired":true,"valueName":"search_term_string"}}],"inLanguage":"fr-FR"},{"@type":"Person","@id":"https:\/\/www.leti.lt\/wordpress\/#\/schema\/person\/9bb307b2af8fbb575bb3603e57951f75","name":"Andr\u00e9ine Bel","image":{"@type":"ImageObject","inLanguage":"fr-FR","@id":"https:\/\/secure.gravatar.com\/avatar\/4ab041ec7c7ad3b90293023e86528ec1a700ce2971ff61811b2df6b288dd1f38?s=96&d=identicon&r=g","url":"https:\/\/secure.gravatar.com\/avatar\/4ab041ec7c7ad3b90293023e86528ec1a700ce2971ff61811b2df6b288dd1f38?s=96&d=identicon&r=g","contentUrl":"https:\/\/secure.gravatar.com\/avatar\/4ab041ec7c7ad3b90293023e86528ec1a700ce2971ff61811b2df6b288dd1f38?s=96&d=identicon&r=g","caption":"Andr\u00e9ine Bel"},"url":"https:\/\/www.leti.lt\/wordpress\/author\/andreine\/"}]}},"_links":{"self":[{"href":"https:\/\/www.leti.lt\/wordpress\/wp-json\/wp\/v2\/posts\/178","targetHints":{"allow":["GET"]}}],"collection":[{"href":"https:\/\/www.leti.lt\/wordpress\/wp-json\/wp\/v2\/posts"}],"about":[{"href":"https:\/\/www.leti.lt\/wordpress\/wp-json\/wp\/v2\/types\/post"}],"author":[{"embeddable":true,"href":"https:\/\/www.leti.lt\/wordpress\/wp-json\/wp\/v2\/users\/2"}],"replies":[{"embeddable":true,"href":"https:\/\/www.leti.lt\/wordpress\/wp-json\/wp\/v2\/comments?post=178"}],"version-history":[{"count":2,"href":"https:\/\/www.leti.lt\/wordpress\/wp-json\/wp\/v2\/posts\/178\/revisions"}],"predecessor-version":[{"id":766,"href":"https:\/\/www.leti.lt\/wordpress\/wp-json\/wp\/v2\/posts\/178\/revisions\/766"}],"wp:attachment":[{"href":"https:\/\/www.leti.lt\/wordpress\/wp-json\/wp\/v2\/media?parent=178"}],"wp:term":[{"taxonomy":"category","embeddable":true,"href":"https:\/\/www.leti.lt\/wordpress\/wp-json\/wp\/v2\/categories?post=178"},{"taxonomy":"post_tag","embeddable":true,"href":"https:\/\/www.leti.lt\/wordpress\/wp-json\/wp\/v2\/tags?post=178"}],"curies":[{"name":"wp","href":"https:\/\/api.w.org\/{rel}","templated":true}]}}