{"id":177,"date":"2020-02-16T15:30:32","date_gmt":"2020-02-16T14:30:32","guid":{"rendered":"https:\/\/www.leti.lt\/wordpress\/?p=177"},"modified":"-0001-11-30T00:00:00","modified_gmt":"-0001-11-29T22:00:00","slug":"danseforum-leslimites","status":"publish","type":"post","link":"https:\/\/www.leti.lt\/wordpress\/danseforum-leslimites\/","title":{"rendered":"Les limites"},"content":{"rendered":"<p><a href=\"https:\/\/www.leti.lt\/wordpress\/danseforum-danseforum\/\">Danse forum<\/a><br>\u2192 <a href=\"https:\/\/www.leti.lt\/wordpress\/danseforum-comptesrendusateliers\/\">Comptes-ren\u00addus des ate\u00adliers<\/a><br>\u2192 <a href=\"https:\/\/www.leti.lt\/wordpress\/danseforum-autreslieux\/\"> Autres lieux<\/a><br><br>!!Les limites \u2013 dans le Tri\u00e8ves, 15 juillet 2009<br><br>Nous \u00e9tions qua\u00adtorze pour cette danse forum, dans une tr\u00e8s belle et grande salle d\u2019un lieu col\u00adlec\u00adtif en chan\u00adtier. Belle, grande\u2026et froide, en cette mati\u00adn\u00e9e de juillet, o\u00f9 les char\u00adpen\u00adti\u00e8res mour\u00adraient de chaud les jours pr\u00e9\u00adc\u00e9\u00addents&nbsp;! Ce froid a&nbsp;\u00e9t\u00e9 une contrainte nom\u00adm\u00e9e de suite par plu\u00adsieurs d\u2019entre nous, \u00e0&nbsp;laquelle nous avons don\u00adn\u00e9 diverses r\u00e9ponses, plus ou moins effi\u00adcaces&nbsp;: emmi\u00adtou\u00adfle\u00adment sous moultes cou\u00adver\u00adtures, mou\u00adve\u00adments vifs, contrac\u00adtion et d\u00e9con\u00adtrac\u00adtion des muscles, pro\u00adpo\u00adsi\u00adtion de se foca\u00adli\u00adser avant tout sur les sen\u00adsa\u00adtions et leur mou\u00adve\u00adment \u2026<br><br>Deux per\u00adsonnes sont par\u00adties en cour d\u2019atelier&nbsp;; au bilan, il a&nbsp;\u00e9t\u00e9 dit que nous aurions d\u00fb pr\u00e9\u00adci\u00adser de fa\u00e7on beau\u00adcoup plus expli\u00adci\u00adt\u00e9 la pos\u00adsi\u00adbi\u00adli\u00adt\u00e9 d\u2019\u00eatre l\u00e0 au sein d\u2019une danse forum sans dan\u00adser, sans par\u00adler, juste regar\u00adder et \u00e9cou\u00adter. Deux autres per\u00adsonnes ont t\u00e9moi\u00adgn\u00e9s qu\u2019elles avaient eu elles aus\u00adsi l\u2019envie de par\u00adtir \u00e0&nbsp;un moment\u2026<br><br>La pre\u00admi\u00e8re par\u00adtie fut dif\u00adfi\u00adcile pour cer\u00adtaines per\u00adsonnes du fait d\u2019un manque res\u00adsen\u00adti d\u2019un exer\u00adcice pr\u00e9a\u00adlable qui ferait se sen\u00adtir cha\u00adcun de nous en confiance avec les autres. Au d\u00e9but d\u2019un ate\u00adlier nous nous retrou\u00advons en groupe, puis nous nous ren\u00addons atten\u00adtifs \u00e0&nbsp;nos sen\u00adsa\u00adtions indi\u00advi\u00adduelles, puis nous reve\u00adnons en col\u00adlec\u00adtif&nbsp;: si la pre\u00admi\u00e8re \u00e9tape n\u2019est pas signi\u00adfi\u00e9e, il manque quelque chose. La plu\u00adpart du temps, ce moment col\u00adlec\u00adtif du d\u00e9but se fait \u00ab&nbsp;tout natu\u00adrel\u00adle\u00adment&nbsp;\u00bb, du fait m\u00eame d\u2019\u00eatre l\u00e0, de se dire bon\u00adjour, de se mettre en cercle et de prendre le temps de se pr\u00e9\u00adsen\u00adter. Ces moments qui encadrent une danse forum (pr\u00e9\u00adpa\u00adra\u00adtion, accueil, pr\u00e9\u00adsen\u00adta\u00adtions, go\u00fb\u00adter\u2026) sont aus\u00adsi impor\u00adtants que la danse forum elle-m\u00eame, ils en condi\u00adtionnent l\u2019ambiance. Peut-\u00eatre fau\u00addrait-il par\u00adfois les for\u00adma\u00adli\u00adser un peu plus, dans un esprit qui convienne \u00e0&nbsp;la danse forum.<br><br>Mais tout de m\u00eame, cahin caha, nous che\u00admi\u00adnions, sur le fil de nos sen\u00adsa\u00adtions&nbsp;; et peu \u00e0&nbsp;peu, le th\u00e8me s\u2019est des\u00adsi\u00adn\u00e9. Ce fut cette fois&nbsp;: \u00ab&nbsp;les limites&nbsp;\u00bb.<br><br>Plu\u00adsieurs pistes se sont esquis\u00ads\u00e9es \u00e0&nbsp;par\u00adtir de l\u00e0, sans que nous nous arr\u00ea\u00adtions expli\u00adci\u00adte\u00adment sur une seule&nbsp;: celle du d\u00e9pas\u00adse\u00adment des limites&nbsp;; celle des limites du corps, les sen\u00adtir, sen\u00adtir qu\u2019elles s\u2019\u00e9tendent&nbsp;; celle des limites qui tracent un ter\u00adri\u00adtoire\u2026 D\u2019autres encore\u2026<br><br>Trois danses se sont suc\u00adc\u00e9\u00add\u00e9s, qui cha\u00adcune a&nbsp;trou\u00adv\u00e9 sa fin spon\u00adta\u00adn\u00e9\u00adment. La pre\u00admi\u00e8re \u00e0&nbsp;vu un grand nombre des par\u00adti\u00adci\u00adpants ren\u00adtrer en piste&nbsp;; la deuxi\u00e8me, plus rete\u00adnue, a&nbsp;vu l\u2019espace se struc\u00adtu\u00adrer ; quant \u00e0&nbsp;la troi\u00adsi\u00e8me, elle a&nbsp;all\u00e9\u00adgre\u00adment fran\u00adchi une limite \u00e9vi\u00addente, celle de l\u2019espace sc\u00e9nique\u2026en hau\u00adteur&nbsp;! Une magni\u00adfique char\u00adpente rela\u00adti\u00adve\u00adment acces\u00adsible \u00e9tait en effet juste au-des\u00adsus de nous. Cela \u00e9tait du jamais vu en danse forum \u2026!<br><br>Comme nous n\u2019avions pas de vid\u00e9o cette fois, le bilan a&nbsp;uni\u00adque\u00adment consis\u00adt\u00e9 en paroles \u00e9chan\u00adg\u00e9es, et ce fut tr\u00e8s riche&nbsp;: des cri\u00adtiques \u2013 pour une part rap\u00adpor\u00adt\u00e9s dans ce compte-ren\u00addu \u2013 mais aus\u00adsi l\u2019expression de l\u2019int\u00e9r\u00eat \u00e0&nbsp;cette forme, pour sa fa\u00e7on in\u00e9dite de mettre en com\u00admun un th\u00e8me qui nous concerne.<br><br>Cer\u00adtain-es auraient bien conti\u00adnu\u00e9 \u00e0&nbsp;explo\u00adrer ce th\u00e8me via d\u2019autres m\u00e9dium, ou fait une danse forum beau\u00adcoup plus longue, sur plu\u00adsieurs jours m\u00eame, afin de bien s\u2019immerger dans le tra\u00advail de la pre\u00admi\u00e8re par\u00adtie, pour ensuite tra\u00advailler le th\u00e8me en pro\u00adfon\u00addeur.<br><br>Nadine Gar\u00add\u00e8res et Johan\u00adna Bouchardeau<\/p><p style=\"color:green; text-align:right !important;\">Article cr\u00e9\u00e9 le 16\/02\/2020<\/p>","protected":false},"excerpt":{"rendered":"<p>Danse forum\u2192 Comptes-ren\u00ad\u00addus des ate\u00adliers\u2192 Autres lieux !!Les limites \u2013 dans le Tri\u00e8ves, 15 juillet 2009 Nous \u00e9tions qua\u00adtorze pour cette danse forum, dans une tr\u00e8s belle et grande salle d\u2019un lieu col\u00adlec\u00adtif en chan\u00adtier. Belle, grande\u2026et froide, en cette mati\u00adn\u00e9e de juillet, o\u00f9 les char\u00adpen\u00adti\u00e8res mour\u00adraient de chaud les jours pr\u00e9\u00adc\u00e9\u00addents&nbsp;! Ce froid a&nbsp;\u00e9t\u00e9 une contrainte nom\u00adm\u00e9e de suite par plu\u00adsieurs d\u2019entre nous, \u00e0&nbsp;laquelle nous avons don\u00adn\u00e9 diverses r\u00e9ponses, plus ou moins effi\u00adcaces&nbsp;: emmi\u00adtou\u00adfle\u00adment sous moultes cou\u00adver\u00adtures, mou\u00adve\u00adments&nbsp;vifs,&nbsp;[\u2026]<\/p>\n","protected":false},"author":2,"featured_media":0,"comment_status":"open","ping_status":"open","sticky":false,"template":"","format":"standard","meta":{"wp_typography_post_enhancements_disabled":false,"footnotes":""},"categories":[135],"tags":[219],"class_list":["post-177","post","type-post","status-publish","format-standard","hentry","category-ateliers_autres_lieux","tag-df_autres_lieux"],"yoast_head":"<!-- This site is optimized with the Yoast SEO plugin v27.5 - https:\/\/yoast.com\/product\/yoast-seo-wordpress\/ -->\n<title>Les limites - Le TILT<\/title>\n<meta name=\"robots\" content=\"index, follow, max-snippet:-1, max-image-preview:large, max-video-preview:-1\" \/>\n<link rel=\"canonical\" href=\"https:\/\/www.leti.lt\/wordpress\/danseforum-leslimites\/\" \/>\n<meta property=\"og:locale\" content=\"fr_FR\" \/>\n<meta property=\"og:type\" content=\"article\" \/>\n<meta property=\"og:title\" content=\"Les limites - Le TILT\" \/>\n<meta property=\"og:description\" content=\"Danse forum\u2192 Comptes-ren\u00addus des ate\u00adliers\u2192 Autres lieux !!Les limites \u2013 dans le Tri\u00e8ves, 15 juillet 2009 Nous \u00e9tions qua\u00adtorze pour cette danse forum, dans une tr\u00e8s belle et grande salle d\u2019un lieu col\u00adlec\u00adtif en chan\u00adtier. Belle, grande\u2026et froide, en cette mati\u00adn\u00e9e de juillet, o\u00f9 les char\u00adpen\u00adti\u00e8res mour\u00adraient de chaud les jours pr\u00e9\u00adc\u00e9\u00addents&nbsp;! Ce froid a&nbsp;\u00e9t\u00e9 une contrainte nom\u00adm\u00e9e de suite par plu\u00adsieurs d\u2019entre nous, \u00e0&nbsp;laquelle nous avons don\u00adn\u00e9 diverses r\u00e9ponses, plus ou moins effi\u00adcaces&nbsp;: emmi\u00adtou\u00adfle\u00adment sous moultes cou\u00adver\u00adtures, mou\u00adve\u00adments vifs, [&hellip;]\" \/>\n<meta property=\"og:url\" content=\"https:\/\/www.leti.lt\/wordpress\/danseforum-leslimites\/\" \/>\n<meta property=\"og:site_name\" content=\"Le TILT\" \/>\n<meta property=\"article:published_time\" content=\"2020-02-16T14:30:32+00:00\" \/>\n<meta name=\"author\" content=\"Andr\u00e9ine Bel\" \/>\n<meta name=\"twitter:card\" content=\"summary_large_image\" \/>\n<meta name=\"twitter:label1\" content=\"\u00c9crit par\" \/>\n\t<meta name=\"twitter:data1\" content=\"Andr\u00e9ine Bel\" \/>\n\t<meta name=\"twitter:label2\" content=\"Dur\u00e9e de lecture estim\u00e9e\" \/>\n\t<meta name=\"twitter:data2\" content=\"3 minutes\" \/>\n<script type=\"application\/ld+json\" class=\"yoast-schema-graph\">{\"@context\":\"https:\\\/\\\/schema.org\",\"@graph\":[{\"@type\":\"Article\",\"@id\":\"https:\\\/\\\/www.leti.lt\\\/wordpress\\\/danseforum-leslimites\\\/#article\",\"isPartOf\":{\"@id\":\"https:\\\/\\\/www.leti.lt\\\/wordpress\\\/danseforum-leslimites\\\/\"},\"author\":{\"name\":\"Andr\u00e9ine Bel\",\"@id\":\"https:\\\/\\\/www.leti.lt\\\/wordpress\\\/#\\\/schema\\\/person\\\/9bb307b2af8fbb575bb3603e57951f75\"},\"headline\":\"Les limites\",\"datePublished\":\"2020-02-16T14:30:32+00:00\",\"mainEntityOfPage\":{\"@id\":\"https:\\\/\\\/www.leti.lt\\\/wordpress\\\/danseforum-leslimites\\\/\"},\"wordCount\":600,\"commentCount\":0,\"keywords\":[\"DF_Autres_Lieux\"],\"articleSection\":[\"Ateliers autres lieux\"],\"inLanguage\":\"fr-FR\",\"potentialAction\":[{\"@type\":\"CommentAction\",\"name\":\"Comment\",\"target\":[\"https:\\\/\\\/www.leti.lt\\\/wordpress\\\/danseforum-leslimites\\\/#respond\"]}]},{\"@type\":\"WebPage\",\"@id\":\"https:\\\/\\\/www.leti.lt\\\/wordpress\\\/danseforum-leslimites\\\/\",\"url\":\"https:\\\/\\\/www.leti.lt\\\/wordpress\\\/danseforum-leslimites\\\/\",\"name\":\"Les limites - Le TILT\",\"isPartOf\":{\"@id\":\"https:\\\/\\\/www.leti.lt\\\/wordpress\\\/#website\"},\"datePublished\":\"2020-02-16T14:30:32+00:00\",\"author\":{\"@id\":\"https:\\\/\\\/www.leti.lt\\\/wordpress\\\/#\\\/schema\\\/person\\\/9bb307b2af8fbb575bb3603e57951f75\"},\"breadcrumb\":{\"@id\":\"https:\\\/\\\/www.leti.lt\\\/wordpress\\\/danseforum-leslimites\\\/#breadcrumb\"},\"inLanguage\":\"fr-FR\",\"potentialAction\":[{\"@type\":\"ReadAction\",\"target\":[\"https:\\\/\\\/www.leti.lt\\\/wordpress\\\/danseforum-leslimites\\\/\"]}]},{\"@type\":\"BreadcrumbList\",\"@id\":\"https:\\\/\\\/www.leti.lt\\\/wordpress\\\/danseforum-leslimites\\\/#breadcrumb\",\"itemListElement\":[{\"@type\":\"ListItem\",\"position\":1,\"name\":\"Accueil\",\"item\":\"https:\\\/\\\/www.leti.lt\\\/wordpress\\\/\"},{\"@type\":\"ListItem\",\"position\":2,\"name\":\"Les limites\"}]},{\"@type\":\"WebSite\",\"@id\":\"https:\\\/\\\/www.leti.lt\\\/wordpress\\\/#website\",\"url\":\"https:\\\/\\\/www.leti.lt\\\/wordpress\\\/\",\"name\":\"Le TILT\",\"description\":\"Recherche, publication, cr\u00e9ation artistique\",\"potentialAction\":[{\"@type\":\"SearchAction\",\"target\":{\"@type\":\"EntryPoint\",\"urlTemplate\":\"https:\\\/\\\/www.leti.lt\\\/wordpress\\\/?s={search_term_string}\"},\"query-input\":{\"@type\":\"PropertyValueSpecification\",\"valueRequired\":true,\"valueName\":\"search_term_string\"}}],\"inLanguage\":\"fr-FR\"},{\"@type\":\"Person\",\"@id\":\"https:\\\/\\\/www.leti.lt\\\/wordpress\\\/#\\\/schema\\\/person\\\/9bb307b2af8fbb575bb3603e57951f75\",\"name\":\"Andr\u00e9ine Bel\",\"image\":{\"@type\":\"ImageObject\",\"inLanguage\":\"fr-FR\",\"@id\":\"https:\\\/\\\/secure.gravatar.com\\\/avatar\\\/4ab041ec7c7ad3b90293023e86528ec1a700ce2971ff61811b2df6b288dd1f38?s=96&d=identicon&r=g\",\"url\":\"https:\\\/\\\/secure.gravatar.com\\\/avatar\\\/4ab041ec7c7ad3b90293023e86528ec1a700ce2971ff61811b2df6b288dd1f38?s=96&d=identicon&r=g\",\"contentUrl\":\"https:\\\/\\\/secure.gravatar.com\\\/avatar\\\/4ab041ec7c7ad3b90293023e86528ec1a700ce2971ff61811b2df6b288dd1f38?s=96&d=identicon&r=g\",\"caption\":\"Andr\u00e9ine Bel\"},\"url\":\"https:\\\/\\\/www.leti.lt\\\/wordpress\\\/author\\\/andreine\\\/\"}]}<\/script>\n<!-- \/ Yoast SEO plugin. -->","yoast_head_json":{"title":"Les limites - Le TILT","robots":{"index":"index","follow":"follow","max-snippet":"max-snippet:-1","max-image-preview":"max-image-preview:large","max-video-preview":"max-video-preview:-1"},"canonical":"https:\/\/www.leti.lt\/wordpress\/danseforum-leslimites\/","og_locale":"fr_FR","og_type":"article","og_title":"Les limites - Le TILT","og_description":"Danse forum\u2192 Comptes-ren\u00addus des ate\u00adliers\u2192 Autres lieux !!Les limites \u2013 dans le Tri\u00e8ves, 15 juillet 2009 Nous \u00e9tions qua\u00adtorze pour cette danse forum, dans une tr\u00e8s belle et grande salle d\u2019un lieu col\u00adlec\u00adtif en chan\u00adtier. Belle, grande\u2026et froide, en cette mati\u00adn\u00e9e de juillet, o\u00f9 les char\u00adpen\u00adti\u00e8res mour\u00adraient de chaud les jours pr\u00e9\u00adc\u00e9\u00addents&nbsp;! Ce froid a&nbsp;\u00e9t\u00e9 une contrainte nom\u00adm\u00e9e de suite par plu\u00adsieurs d\u2019entre nous, \u00e0&nbsp;laquelle nous avons don\u00adn\u00e9 diverses r\u00e9ponses, plus ou moins effi\u00adcaces&nbsp;: emmi\u00adtou\u00adfle\u00adment sous moultes cou\u00adver\u00adtures, mou\u00adve\u00adments vifs, [&hellip;]","og_url":"https:\/\/www.leti.lt\/wordpress\/danseforum-leslimites\/","og_site_name":"Le TILT","article_published_time":"2020-02-16T14:30:32+00:00","author":"Andr\u00e9ine Bel","twitter_card":"summary_large_image","twitter_misc":{"\u00c9crit par":"Andr\u00e9ine Bel","Dur\u00e9e de lecture estim\u00e9e":"3 minutes"},"schema":{"@context":"https:\/\/schema.org","@graph":[{"@type":"Article","@id":"https:\/\/www.leti.lt\/wordpress\/danseforum-leslimites\/#article","isPartOf":{"@id":"https:\/\/www.leti.lt\/wordpress\/danseforum-leslimites\/"},"author":{"name":"Andr\u00e9ine Bel","@id":"https:\/\/www.leti.lt\/wordpress\/#\/schema\/person\/9bb307b2af8fbb575bb3603e57951f75"},"headline":"Les limites","datePublished":"2020-02-16T14:30:32+00:00","mainEntityOfPage":{"@id":"https:\/\/www.leti.lt\/wordpress\/danseforum-leslimites\/"},"wordCount":600,"commentCount":0,"keywords":["DF_Autres_Lieux"],"articleSection":["Ateliers autres lieux"],"inLanguage":"fr-FR","potentialAction":[{"@type":"CommentAction","name":"Comment","target":["https:\/\/www.leti.lt\/wordpress\/danseforum-leslimites\/#respond"]}]},{"@type":"WebPage","@id":"https:\/\/www.leti.lt\/wordpress\/danseforum-leslimites\/","url":"https:\/\/www.leti.lt\/wordpress\/danseforum-leslimites\/","name":"Les limites - Le TILT","isPartOf":{"@id":"https:\/\/www.leti.lt\/wordpress\/#website"},"datePublished":"2020-02-16T14:30:32+00:00","author":{"@id":"https:\/\/www.leti.lt\/wordpress\/#\/schema\/person\/9bb307b2af8fbb575bb3603e57951f75"},"breadcrumb":{"@id":"https:\/\/www.leti.lt\/wordpress\/danseforum-leslimites\/#breadcrumb"},"inLanguage":"fr-FR","potentialAction":[{"@type":"ReadAction","target":["https:\/\/www.leti.lt\/wordpress\/danseforum-leslimites\/"]}]},{"@type":"BreadcrumbList","@id":"https:\/\/www.leti.lt\/wordpress\/danseforum-leslimites\/#breadcrumb","itemListElement":[{"@type":"ListItem","position":1,"name":"Accueil","item":"https:\/\/www.leti.lt\/wordpress\/"},{"@type":"ListItem","position":2,"name":"Les limites"}]},{"@type":"WebSite","@id":"https:\/\/www.leti.lt\/wordpress\/#website","url":"https:\/\/www.leti.lt\/wordpress\/","name":"Le TILT","description":"Recherche, publication, cr\u00e9ation artistique","potentialAction":[{"@type":"SearchAction","target":{"@type":"EntryPoint","urlTemplate":"https:\/\/www.leti.lt\/wordpress\/?s={search_term_string}"},"query-input":{"@type":"PropertyValueSpecification","valueRequired":true,"valueName":"search_term_string"}}],"inLanguage":"fr-FR"},{"@type":"Person","@id":"https:\/\/www.leti.lt\/wordpress\/#\/schema\/person\/9bb307b2af8fbb575bb3603e57951f75","name":"Andr\u00e9ine Bel","image":{"@type":"ImageObject","inLanguage":"fr-FR","@id":"https:\/\/secure.gravatar.com\/avatar\/4ab041ec7c7ad3b90293023e86528ec1a700ce2971ff61811b2df6b288dd1f38?s=96&d=identicon&r=g","url":"https:\/\/secure.gravatar.com\/avatar\/4ab041ec7c7ad3b90293023e86528ec1a700ce2971ff61811b2df6b288dd1f38?s=96&d=identicon&r=g","contentUrl":"https:\/\/secure.gravatar.com\/avatar\/4ab041ec7c7ad3b90293023e86528ec1a700ce2971ff61811b2df6b288dd1f38?s=96&d=identicon&r=g","caption":"Andr\u00e9ine Bel"},"url":"https:\/\/www.leti.lt\/wordpress\/author\/andreine\/"}]}},"_links":{"self":[{"href":"https:\/\/www.leti.lt\/wordpress\/wp-json\/wp\/v2\/posts\/177","targetHints":{"allow":["GET"]}}],"collection":[{"href":"https:\/\/www.leti.lt\/wordpress\/wp-json\/wp\/v2\/posts"}],"about":[{"href":"https:\/\/www.leti.lt\/wordpress\/wp-json\/wp\/v2\/types\/post"}],"author":[{"embeddable":true,"href":"https:\/\/www.leti.lt\/wordpress\/wp-json\/wp\/v2\/users\/2"}],"replies":[{"embeddable":true,"href":"https:\/\/www.leti.lt\/wordpress\/wp-json\/wp\/v2\/comments?post=177"}],"version-history":[{"count":0,"href":"https:\/\/www.leti.lt\/wordpress\/wp-json\/wp\/v2\/posts\/177\/revisions"}],"wp:attachment":[{"href":"https:\/\/www.leti.lt\/wordpress\/wp-json\/wp\/v2\/media?parent=177"}],"wp:term":[{"taxonomy":"category","embeddable":true,"href":"https:\/\/www.leti.lt\/wordpress\/wp-json\/wp\/v2\/categories?post=177"},{"taxonomy":"post_tag","embeddable":true,"href":"https:\/\/www.leti.lt\/wordpress\/wp-json\/wp\/v2\/tags?post=177"}],"curies":[{"name":"wp","href":"https:\/\/api.w.org\/{rel}","templated":true}]}}