{"id":174,"date":"2020-02-16T15:30:32","date_gmt":"2020-02-16T14:30:32","guid":{"rendered":"https:\/\/www.leti.lt\/wordpress\/?p=174"},"modified":"-0001-11-30T00:00:00","modified_gmt":"-0001-11-29T22:00:00","slug":"danseforum-lescontours","status":"publish","type":"post","link":"https:\/\/www.leti.lt\/wordpress\/danseforum-lescontours\/","title":{"rendered":"Les contours"},"content":{"rendered":"<p><a href=\"https:\/\/www.leti.lt\/wordpress\/danseforum-danseforum\/\">Danse forum<\/a><br>\u2192 <a href=\"https:\/\/www.leti.lt\/wordpress\/danseforum-comptesrendusateliers\/\">Comptes-ren\u00addus des ate\u00adliers<\/a><br>\u2192 <a href=\"https:\/\/www.leti.lt\/wordpress\/danseforum-forcalquier\/\">For\u00adcal\u00adquier<\/a><br>\u2192 <a href=\"https:\/\/www.leti.lt\/wordpress\/danseforum-danseforumetchantprintemps\/\">Danse forum et Chant Prin\u00adtemps<\/a><br><br>!! Les contours \u2013 11 avril 2009<br><br>Nous \u00e9tions une petite tren\u00adtaine \u00e0&nbsp;par\u00adti\u00adci\u00adper \u00e0&nbsp;la danse forum de ce same\u00addi 11 avril 2009 \u00e0&nbsp;For\u00adcal\u00adquier.<br><br>Une par\u00adtie d\u2019entre nous \u00e9taient des per\u00adsonnes rat\u00adta\u00adch\u00e9es \u00e0&nbsp;un centre pour per\u00adsonnes en situa\u00adtion d\u2019handicap, venues l\u00e0 avec 3&nbsp;accom\u00adpa\u00adgnants.<br><br>En amont de cette danse forum, une dis\u00adcus\u00adsion \u00e9tait en cours pour d\u00e9ter\u00admi\u00adner s\u2019il serait per\u00adti\u00adnent de pro\u00adpo\u00adser \u00e0&nbsp;ces per\u00adsonnes une danse forum clas\u00adsique, avec son fameux exer\u00adcice du d\u00e9but qui nous met face \u00e0&nbsp;nos sen\u00adsa\u00adtions, sans le d\u00e9tour par un exer\u00adcice gui\u00add\u00e9, un ima\u00adgi\u00adnaire, une direc\u00adtion\u2026 La d\u00e9ci\u00adsion fut prise juste avant le d\u00e9but de l\u2019atelier de le ten\u00adter mal\u00adgr\u00e9 les r\u00e9ti\u00adcences, sachant que de toutes les fa\u00e7ons, nous serions atten\u00adtives \u00e0&nbsp;ce que per\u00adsonne ne se sente en dan\u00adger.<br><br>Fina\u00adle\u00adment, tout s\u2019est bien pas\u00ads\u00e9\u2026 Quelques per\u00adsonnes ne sont pas ren\u00adtr\u00e9s dans l\u2019exercice, mais ce sont des per\u00adsonnes qui de toutes fa\u00e7ons res\u00adtent sou\u00advent en dehors, quelle que soit la pra\u00adtique. Il me semble avoir com\u00adpris une chose qui fait la richesse et la sub\u00adti\u00adli\u00adt\u00e9 de cet exer\u00adcice&nbsp;: cha\u00adcun \u00e9tant<br>\u00ab ren\u00addu \u00e0&nbsp;lui-m\u00eame&nbsp;\u00bb, une auto\u00adno\u00admie se met en place, qui fait que cha\u00adcun ira vers ce qui lui convient d\u2019explorer ici et main\u00adte\u00adnant, dans ce contexte par\u00adti\u00adcu\u00adlier. Les choses qui se jouent en cha\u00adcun de nous sont mul\u00adtiples, et ce qui \u00e9mer\u00adge\u00adra ce jour-l\u00e0 sera ce qui nous convien\u00addra et sera per\u00adti\u00adnent avec ce contexte. Pas for\u00adc\u00e9\u00adment ce qui sera confor\u00adtable, mais ce qu\u2019il nous sera pos\u00adsible de vivre l\u00e0 aujourd\u2019hui.<br><br>Ain\u00adsi ce jour-l\u00e0, cha\u00adcun s\u2019est appro\u00adpri\u00e9 la consigne de se relier \u00e0&nbsp;ses sen\u00adsa\u00adtions \u00e0&nbsp;sa fa\u00e7on propre.<br><br>D\u00e8s le d\u00e9part, l\u2019ambiance g\u00e9n\u00e9\u00adrale \u00e9tait plu\u00adt\u00f4t \u00e0&nbsp;la l\u00e9g\u00e8\u00adre\u00adt\u00e9 et \u00e0&nbsp;la gaie\u00adt\u00e9, tout en \u00e9tant assez concen\u00adtr\u00e9e. La voix fut invi\u00adt\u00e9e \u00e0&nbsp;se joindre aux mou\u00adve\u00adments, en \u00e9chos aux sen\u00adsa\u00adtions, d\u00e8s le deuxi\u00e8me temps. Le th\u00e8me a&nbsp;mis un moment \u00e0&nbsp;\u00e9mer\u00adger&nbsp;; ou plus exac\u00adte\u00adment, il a&nbsp;\u00e9t\u00e9 dit assez vite mais j\u2019ai mis un moment \u00e0&nbsp;le reconna\u00eetre\u2026C\u2019\u00e9tait&nbsp;: les contours.<br><br>Dans l\u2019espace sc\u00e9\u00adnique, une place \u00e9tait r\u00e9ser\u00adv\u00e9e aux chan\u00adteurs&nbsp;: dans le fond sur la gauche. Je revien\u00addrai sur cette place des chan\u00adteurs en fin de compte-ren\u00addu.<br><br>Les danses se sont suc\u00adc\u00e9\u00add\u00e9es sui\u00advies de temps de paroles o\u00f9 le th\u00e8me fut riche\u00adment explo\u00adr\u00e9&nbsp;: les contours de cha\u00adcun sont plus grands quand on est plu\u00adsieurs \u00e0&nbsp;dan\u00adser ensemble, les rythme des voix tracent des contours dans l\u2019espace, les contours d\u2019un espace sont plus ou moins grand selon ce qu\u2019il s\u2019y passe, le chan\u00adge\u00adment dans le chant change les contours d\u2019un corps qui danse\u2026<br><br>Il y&nbsp;a eu de tr\u00e8s beaux moments de danse et de chant que je vois seule\u00adment main\u00adte\u00adnant en regar\u00addant la vid\u00e9o. Mon atten\u00adtion \u00e9tait cer\u00adtai\u00adne\u00adment trop acca\u00adpa\u00adr\u00e9e par mon r\u00f4le de joker pour go\u00fb\u00adter juste l\u2019instant pr\u00e9\u00adsent. Je pense que c\u2019est lorsque j\u2019arriverai \u00e0&nbsp;voir la danse tout en gar\u00addant une vision d\u2019ensemble sur le pro\u00adces\u00adsus que je pour\u00adrai signi\u00adfier la fin d\u2019une danse au moment juste.<br><br>En petit comi\u00adt\u00e9 apr\u00e8s la danse forum, nous avons par\u00adl\u00e9 de cette place des chan\u00adteurs dans l\u2019espace. Elle posait pro\u00adbl\u00e8me, du fait qu\u2019elle obli\u00adgeait les chan\u00adteurs \u00e0&nbsp;se regrou\u00adper&nbsp;; les chants avaient \u00e9t\u00e9 per\u00ad\u00e7us comme uni\u00adque\u00adment diri\u00adg\u00e9s vers la danse, d\u00e9pen\u00addants d\u2019elle, quand la danse au contraire \u00e9tait affran\u00adchie du chant. Une id\u00e9e vint&nbsp;: uti\u00adli\u00adser la mem\u00adbrane sc\u00e9\u00adnique pour le chant&nbsp;: ain\u00adsi, les chan\u00adteurs pour\u00adraient se mettre tout autour de la sc\u00e8ne sur 3&nbsp;cot\u00e9s, \u00e9loi\u00adgn\u00e9s dans l\u2019espace les uns des autres s\u2019ils le sou\u00adhaitent. A essayer&nbsp;!<br><br>Nadine Gar\u00add\u00e8res<\/p><p style=\"color:green; text-align:right !important;\">Article cr\u00e9\u00e9 le 16\/02\/2020<\/p>","protected":false},"excerpt":{"rendered":"<p>Danse forum\u2192 Comptes-ren\u00ad\u00addus des ate\u00adliers\u2192 For\u00adcal\u00adquier\u2192 Danse forum et Chant Prin\u00adtemps !! Les contours \u2013 11 avril&nbsp;2009 Nous \u00e9tions une petite tren\u00adtaine \u00e0&nbsp;par\u00adti\u00adci\u00adper \u00e0&nbsp;la danse forum de ce same\u00addi 11 avril 2009 \u00e0&nbsp;For\u00adcal\u00adquier. Une par\u00adtie d\u2019entre nous \u00e9taient des per\u00adsonnes rat\u00adta\u00adch\u00e9es \u00e0&nbsp;un centre pour per\u00adsonnes en situa\u00adtion d\u2019handicap, venues l\u00e0 avec 3&nbsp;accom\u00adpa\u00adgnants. En amont de cette danse forum, une dis\u00adcus\u00adsion \u00e9tait en cours pour d\u00e9ter\u00admi\u00adner s\u2019il serait per\u00adti\u00adnent de pro\u00adpo\u00adser \u00e0&nbsp;ces per\u00adsonnes une danse forum clas\u00adsique, avec son fameux exercice&nbsp;[\u2026]<\/p>\n","protected":false},"author":2,"featured_media":0,"comment_status":"open","ping_status":"open","sticky":false,"template":"","format":"standard","meta":{"wp_typography_post_enhancements_disabled":false,"footnotes":""},"categories":[136],"tags":[213],"class_list":["post-174","post","type-post","status-publish","format-standard","hentry","category-df_et_chant_printemps","tag-df_chantprintemps"],"yoast_head":"<!-- This site is optimized with the Yoast SEO plugin v27.5 - https:\/\/yoast.com\/product\/yoast-seo-wordpress\/ -->\n<title>Les contours - Le TILT<\/title>\n<meta name=\"robots\" content=\"index, follow, max-snippet:-1, max-image-preview:large, max-video-preview:-1\" \/>\n<link rel=\"canonical\" href=\"https:\/\/www.leti.lt\/wordpress\/danseforum-lescontours\/\" \/>\n<meta property=\"og:locale\" content=\"fr_FR\" \/>\n<meta property=\"og:type\" content=\"article\" \/>\n<meta property=\"og:title\" content=\"Les contours - Le TILT\" \/>\n<meta property=\"og:description\" content=\"Danse forum\u2192 Comptes-ren\u00addus des ate\u00adliers\u2192 For\u00adcal\u00adquier\u2192 Danse forum et Chant Printemps !! Les contours \u2013 11 avril&nbsp;2009 Nous \u00e9tions une petite tren\u00adtaine \u00e0&nbsp;par\u00adti\u00adci\u00adper \u00e0&nbsp;la danse forum de ce same\u00addi 11 avril 2009 \u00e0&nbsp;Forcalquier. Une par\u00adtie d\u2019entre nous \u00e9taient des per\u00adsonnes rat\u00adta\u00adch\u00e9es \u00e0&nbsp;un centre pour per\u00adsonnes en situa\u00adtion d\u2019handicap, venues l\u00e0 avec 3&nbsp;accompagnants. En amont de cette danse forum, une dis\u00adcus\u00adsion \u00e9tait en cours pour d\u00e9ter\u00admi\u00adner s\u2019il serait per\u00adti\u00adnent de pro\u00adpo\u00adser \u00e0&nbsp;ces per\u00adsonnes une danse forum clas\u00adsique, avec son fameux exer\u00adcice [&hellip;]\" \/>\n<meta property=\"og:url\" content=\"https:\/\/www.leti.lt\/wordpress\/danseforum-lescontours\/\" \/>\n<meta property=\"og:site_name\" content=\"Le TILT\" \/>\n<meta property=\"article:published_time\" content=\"2020-02-16T14:30:32+00:00\" \/>\n<meta name=\"author\" content=\"Andr\u00e9ine Bel\" \/>\n<meta name=\"twitter:card\" content=\"summary_large_image\" \/>\n<meta name=\"twitter:label1\" content=\"\u00c9crit par\" \/>\n\t<meta name=\"twitter:data1\" content=\"Andr\u00e9ine Bel\" \/>\n\t<meta name=\"twitter:label2\" content=\"Dur\u00e9e de lecture estim\u00e9e\" \/>\n\t<meta name=\"twitter:data2\" content=\"3 minutes\" \/>\n<script type=\"application\/ld+json\" class=\"yoast-schema-graph\">{\"@context\":\"https:\\\/\\\/schema.org\",\"@graph\":[{\"@type\":\"Article\",\"@id\":\"https:\\\/\\\/www.leti.lt\\\/wordpress\\\/danseforum-lescontours\\\/#article\",\"isPartOf\":{\"@id\":\"https:\\\/\\\/www.leti.lt\\\/wordpress\\\/danseforum-lescontours\\\/\"},\"author\":{\"name\":\"Andr\u00e9ine Bel\",\"@id\":\"https:\\\/\\\/www.leti.lt\\\/wordpress\\\/#\\\/schema\\\/person\\\/9bb307b2af8fbb575bb3603e57951f75\"},\"headline\":\"Les contours\",\"datePublished\":\"2020-02-16T14:30:32+00:00\",\"mainEntityOfPage\":{\"@id\":\"https:\\\/\\\/www.leti.lt\\\/wordpress\\\/danseforum-lescontours\\\/\"},\"wordCount\":647,\"commentCount\":0,\"keywords\":[\"DF_ChantPrintemps\"],\"articleSection\":[\"Chant Printemps\"],\"inLanguage\":\"fr-FR\",\"potentialAction\":[{\"@type\":\"CommentAction\",\"name\":\"Comment\",\"target\":[\"https:\\\/\\\/www.leti.lt\\\/wordpress\\\/danseforum-lescontours\\\/#respond\"]}]},{\"@type\":\"WebPage\",\"@id\":\"https:\\\/\\\/www.leti.lt\\\/wordpress\\\/danseforum-lescontours\\\/\",\"url\":\"https:\\\/\\\/www.leti.lt\\\/wordpress\\\/danseforum-lescontours\\\/\",\"name\":\"Les contours - Le TILT\",\"isPartOf\":{\"@id\":\"https:\\\/\\\/www.leti.lt\\\/wordpress\\\/#website\"},\"datePublished\":\"2020-02-16T14:30:32+00:00\",\"author\":{\"@id\":\"https:\\\/\\\/www.leti.lt\\\/wordpress\\\/#\\\/schema\\\/person\\\/9bb307b2af8fbb575bb3603e57951f75\"},\"breadcrumb\":{\"@id\":\"https:\\\/\\\/www.leti.lt\\\/wordpress\\\/danseforum-lescontours\\\/#breadcrumb\"},\"inLanguage\":\"fr-FR\",\"potentialAction\":[{\"@type\":\"ReadAction\",\"target\":[\"https:\\\/\\\/www.leti.lt\\\/wordpress\\\/danseforum-lescontours\\\/\"]}]},{\"@type\":\"BreadcrumbList\",\"@id\":\"https:\\\/\\\/www.leti.lt\\\/wordpress\\\/danseforum-lescontours\\\/#breadcrumb\",\"itemListElement\":[{\"@type\":\"ListItem\",\"position\":1,\"name\":\"Accueil\",\"item\":\"https:\\\/\\\/www.leti.lt\\\/wordpress\\\/\"},{\"@type\":\"ListItem\",\"position\":2,\"name\":\"Les contours\"}]},{\"@type\":\"WebSite\",\"@id\":\"https:\\\/\\\/www.leti.lt\\\/wordpress\\\/#website\",\"url\":\"https:\\\/\\\/www.leti.lt\\\/wordpress\\\/\",\"name\":\"Le TILT\",\"description\":\"Recherche, publication, cr\u00e9ation artistique\",\"potentialAction\":[{\"@type\":\"SearchAction\",\"target\":{\"@type\":\"EntryPoint\",\"urlTemplate\":\"https:\\\/\\\/www.leti.lt\\\/wordpress\\\/?s={search_term_string}\"},\"query-input\":{\"@type\":\"PropertyValueSpecification\",\"valueRequired\":true,\"valueName\":\"search_term_string\"}}],\"inLanguage\":\"fr-FR\"},{\"@type\":\"Person\",\"@id\":\"https:\\\/\\\/www.leti.lt\\\/wordpress\\\/#\\\/schema\\\/person\\\/9bb307b2af8fbb575bb3603e57951f75\",\"name\":\"Andr\u00e9ine Bel\",\"image\":{\"@type\":\"ImageObject\",\"inLanguage\":\"fr-FR\",\"@id\":\"https:\\\/\\\/secure.gravatar.com\\\/avatar\\\/4ab041ec7c7ad3b90293023e86528ec1a700ce2971ff61811b2df6b288dd1f38?s=96&d=identicon&r=g\",\"url\":\"https:\\\/\\\/secure.gravatar.com\\\/avatar\\\/4ab041ec7c7ad3b90293023e86528ec1a700ce2971ff61811b2df6b288dd1f38?s=96&d=identicon&r=g\",\"contentUrl\":\"https:\\\/\\\/secure.gravatar.com\\\/avatar\\\/4ab041ec7c7ad3b90293023e86528ec1a700ce2971ff61811b2df6b288dd1f38?s=96&d=identicon&r=g\",\"caption\":\"Andr\u00e9ine Bel\"},\"url\":\"https:\\\/\\\/www.leti.lt\\\/wordpress\\\/author\\\/andreine\\\/\"}]}<\/script>\n<!-- \/ Yoast SEO plugin. -->","yoast_head_json":{"title":"Les contours - Le TILT","robots":{"index":"index","follow":"follow","max-snippet":"max-snippet:-1","max-image-preview":"max-image-preview:large","max-video-preview":"max-video-preview:-1"},"canonical":"https:\/\/www.leti.lt\/wordpress\/danseforum-lescontours\/","og_locale":"fr_FR","og_type":"article","og_title":"Les contours - Le TILT","og_description":"Danse forum\u2192 Comptes-ren\u00addus des ate\u00adliers\u2192 For\u00adcal\u00adquier\u2192 Danse forum et Chant Printemps !! Les contours \u2013 11 avril&nbsp;2009 Nous \u00e9tions une petite tren\u00adtaine \u00e0&nbsp;par\u00adti\u00adci\u00adper \u00e0&nbsp;la danse forum de ce same\u00addi 11 avril 2009 \u00e0&nbsp;Forcalquier. Une par\u00adtie d\u2019entre nous \u00e9taient des per\u00adsonnes rat\u00adta\u00adch\u00e9es \u00e0&nbsp;un centre pour per\u00adsonnes en situa\u00adtion d\u2019handicap, venues l\u00e0 avec 3&nbsp;accompagnants. En amont de cette danse forum, une dis\u00adcus\u00adsion \u00e9tait en cours pour d\u00e9ter\u00admi\u00adner s\u2019il serait per\u00adti\u00adnent de pro\u00adpo\u00adser \u00e0&nbsp;ces per\u00adsonnes une danse forum clas\u00adsique, avec son fameux exer\u00adcice [&hellip;]","og_url":"https:\/\/www.leti.lt\/wordpress\/danseforum-lescontours\/","og_site_name":"Le TILT","article_published_time":"2020-02-16T14:30:32+00:00","author":"Andr\u00e9ine Bel","twitter_card":"summary_large_image","twitter_misc":{"\u00c9crit par":"Andr\u00e9ine Bel","Dur\u00e9e de lecture estim\u00e9e":"3 minutes"},"schema":{"@context":"https:\/\/schema.org","@graph":[{"@type":"Article","@id":"https:\/\/www.leti.lt\/wordpress\/danseforum-lescontours\/#article","isPartOf":{"@id":"https:\/\/www.leti.lt\/wordpress\/danseforum-lescontours\/"},"author":{"name":"Andr\u00e9ine Bel","@id":"https:\/\/www.leti.lt\/wordpress\/#\/schema\/person\/9bb307b2af8fbb575bb3603e57951f75"},"headline":"Les contours","datePublished":"2020-02-16T14:30:32+00:00","mainEntityOfPage":{"@id":"https:\/\/www.leti.lt\/wordpress\/danseforum-lescontours\/"},"wordCount":647,"commentCount":0,"keywords":["DF_ChantPrintemps"],"articleSection":["Chant Printemps"],"inLanguage":"fr-FR","potentialAction":[{"@type":"CommentAction","name":"Comment","target":["https:\/\/www.leti.lt\/wordpress\/danseforum-lescontours\/#respond"]}]},{"@type":"WebPage","@id":"https:\/\/www.leti.lt\/wordpress\/danseforum-lescontours\/","url":"https:\/\/www.leti.lt\/wordpress\/danseforum-lescontours\/","name":"Les contours - Le TILT","isPartOf":{"@id":"https:\/\/www.leti.lt\/wordpress\/#website"},"datePublished":"2020-02-16T14:30:32+00:00","author":{"@id":"https:\/\/www.leti.lt\/wordpress\/#\/schema\/person\/9bb307b2af8fbb575bb3603e57951f75"},"breadcrumb":{"@id":"https:\/\/www.leti.lt\/wordpress\/danseforum-lescontours\/#breadcrumb"},"inLanguage":"fr-FR","potentialAction":[{"@type":"ReadAction","target":["https:\/\/www.leti.lt\/wordpress\/danseforum-lescontours\/"]}]},{"@type":"BreadcrumbList","@id":"https:\/\/www.leti.lt\/wordpress\/danseforum-lescontours\/#breadcrumb","itemListElement":[{"@type":"ListItem","position":1,"name":"Accueil","item":"https:\/\/www.leti.lt\/wordpress\/"},{"@type":"ListItem","position":2,"name":"Les contours"}]},{"@type":"WebSite","@id":"https:\/\/www.leti.lt\/wordpress\/#website","url":"https:\/\/www.leti.lt\/wordpress\/","name":"Le TILT","description":"Recherche, publication, cr\u00e9ation artistique","potentialAction":[{"@type":"SearchAction","target":{"@type":"EntryPoint","urlTemplate":"https:\/\/www.leti.lt\/wordpress\/?s={search_term_string}"},"query-input":{"@type":"PropertyValueSpecification","valueRequired":true,"valueName":"search_term_string"}}],"inLanguage":"fr-FR"},{"@type":"Person","@id":"https:\/\/www.leti.lt\/wordpress\/#\/schema\/person\/9bb307b2af8fbb575bb3603e57951f75","name":"Andr\u00e9ine Bel","image":{"@type":"ImageObject","inLanguage":"fr-FR","@id":"https:\/\/secure.gravatar.com\/avatar\/4ab041ec7c7ad3b90293023e86528ec1a700ce2971ff61811b2df6b288dd1f38?s=96&d=identicon&r=g","url":"https:\/\/secure.gravatar.com\/avatar\/4ab041ec7c7ad3b90293023e86528ec1a700ce2971ff61811b2df6b288dd1f38?s=96&d=identicon&r=g","contentUrl":"https:\/\/secure.gravatar.com\/avatar\/4ab041ec7c7ad3b90293023e86528ec1a700ce2971ff61811b2df6b288dd1f38?s=96&d=identicon&r=g","caption":"Andr\u00e9ine Bel"},"url":"https:\/\/www.leti.lt\/wordpress\/author\/andreine\/"}]}},"_links":{"self":[{"href":"https:\/\/www.leti.lt\/wordpress\/wp-json\/wp\/v2\/posts\/174","targetHints":{"allow":["GET"]}}],"collection":[{"href":"https:\/\/www.leti.lt\/wordpress\/wp-json\/wp\/v2\/posts"}],"about":[{"href":"https:\/\/www.leti.lt\/wordpress\/wp-json\/wp\/v2\/types\/post"}],"author":[{"embeddable":true,"href":"https:\/\/www.leti.lt\/wordpress\/wp-json\/wp\/v2\/users\/2"}],"replies":[{"embeddable":true,"href":"https:\/\/www.leti.lt\/wordpress\/wp-json\/wp\/v2\/comments?post=174"}],"version-history":[{"count":0,"href":"https:\/\/www.leti.lt\/wordpress\/wp-json\/wp\/v2\/posts\/174\/revisions"}],"wp:attachment":[{"href":"https:\/\/www.leti.lt\/wordpress\/wp-json\/wp\/v2\/media?parent=174"}],"wp:term":[{"taxonomy":"category","embeddable":true,"href":"https:\/\/www.leti.lt\/wordpress\/wp-json\/wp\/v2\/categories?post=174"},{"taxonomy":"post_tag","embeddable":true,"href":"https:\/\/www.leti.lt\/wordpress\/wp-json\/wp\/v2\/tags?post=174"}],"curies":[{"name":"wp","href":"https:\/\/api.w.org\/{rel}","templated":true}]}}