{"id":170,"date":"2020-02-16T15:30:32","date_gmt":"2020-02-16T14:30:32","guid":{"rendered":"https:\/\/www.leti.lt\/wordpress\/?p=170"},"modified":"-0001-11-30T00:00:00","modified_gmt":"-0001-11-29T22:00:00","slug":"danseforum-levide","status":"publish","type":"post","link":"https:\/\/www.leti.lt\/wordpress\/danseforum-levide\/","title":{"rendered":"Le vide"},"content":{"rendered":"<p><a href=\"https:\/\/www.leti.lt\/wordpress\/danseforum-danseforum\/\">Danse forum<\/a><br>\u2192 <a href=\"https:\/\/www.leti.lt\/wordpress\/danseforum-comptesrendusateliers\/\">Comptes-ren\u00addus des ate\u00adliers<\/a><br>\u2192 <a href=\"https:\/\/www.leti.lt\/wordpress\/danseforum-lambesc\/\">Lam\u00adbesc<\/a><br><br>!!Le vide \u2013 12 jan\u00advier 2008<br><br><i>Impres\u00adsions de Johan\u00adna<\/i><br><br>Nous \u00e9tions deux, Andr\u00e9ine et moi.<br><br>Le fait qu\u2019on se retrouve \u00e0&nbsp;deux avait for\u00adte\u00adment influen\u00adc\u00e9 ma sen\u00adsa\u00adtion de d\u00e9mar\u00adrage&nbsp;: le vide.<br><br>Pour Andr\u00e9ine c\u2019\u00e9tait&nbsp;: pul\u00adsa\u00adtions. Pen\u00addant toute la pre\u00admi\u00e8re par\u00adtie nous avons exp\u00e9\u00adri\u00admen\u00adt\u00e9 avec notre corps autour de ces deux sen\u00adsa\u00adtions, moi j\u2019ai essay\u00e9 de me \u00ab&nbsp;rem\u00adplir&nbsp;\u00bb, tan\u00adt\u00f4t en agi\u00adtant ou r\u00e9chauf\u00adfant mon \u00ab&nbsp;conte\u00adnant&nbsp;\u00bb, mon enve\u00adloppe ou en ten\u00adtant de faire cir\u00adcu\u00adler l\u2019\u00e9nergie \u00e0&nbsp;l\u2019int\u00e9rieur par des \u00e9ti\u00adre\u00adments, mais rien ne fai\u00adsait. En somme, une recherche assez tech\u00adni\u00adco-pra\u00adtique. Andr\u00e9ine avait r\u00e9us\u00adsi \u00e0&nbsp;entrer dans ces pul\u00adsa\u00adtions et \u00e0&nbsp;les faire gran\u00addir vers des exten\u00adsions-r\u00e9trac\u00adtions.<br><br>A la pause nous avons com\u00admen\u00adc\u00e9 \u00e0&nbsp;par\u00adler du \u00ab&nbsp;vide&nbsp;\u00bb, plu\u00adt\u00f4t, moi j\u2019ai deman\u00add\u00e9 \u00e0&nbsp;Andr\u00e9ine de me par\u00adler du vide dans la danse. Tr\u00e8s rapi\u00adde\u00adment nous sommes arri\u00adv\u00e9es \u00e0&nbsp;par\u00adler de la culture japo\u00adnaise qui est pro\u00adba\u00adble\u00adment la seule au monde \u00e0&nbsp;avoir d\u00e9ve\u00adlop\u00adp\u00e9 ce concept \u00e0&nbsp;un degr\u00e9e aus\u00adsi pous\u00ads\u00e9. La notion de \u00ab&nbsp;vide&nbsp;\u00bb est tr\u00e8s impor\u00adtante par\u00adtout, dans la po\u00e9\u00adsie (les ha\u00ef\u00adkus), le th\u00e9\u00e2tre (le n\u00f4), la danse, la pein\u00adture, l\u2019esth\u00e9tique de l\u2019habitat, bref, un peu par\u00adtout dans la vie et bien s\u00fbr dans le zen. Le vide appelle le plein et vice-ver\u00adsa. Il ne peut y&nbsp;avoir de plein sans vide.<br><br>Nous, occi\u00adden\u00adtaux, cher\u00adchons \u00e0&nbsp;rem\u00adplir constam\u00adment notre temps, notre espace. Beau\u00adcoup ont peur du vide, du silence. Dont je suis (mais j\u2019y tra\u00advaille).<br><br>Sur une musique du com\u00adpo\u00adsi\u00adteur japo\u00adnais Take\u00admit\u00adsu, nous avons impro\u00advi\u00ads\u00e9 sur ce th\u00e8me. Moi, d\u2019abord j\u2019ai essay\u00e9 de bou\u00adger uni\u00adque\u00adment pen\u00addant les silences et non pas sur les sons et rhymes. Mais \u00e7a deve\u00adnait tr\u00e8s vite redon\u00addant et je me suis trou\u00adv\u00e9e trop \u00ab&nbsp;dans le men\u00adtal&nbsp;\u00bb&nbsp;; puis j\u2019ai l\u00e2ch\u00e9 cette inten\u00adtion et j\u2019ai com\u00admen\u00adc\u00e9 \u00e0&nbsp;jouer entre le vide et le plein, le son et le silence.<br><br>Ensuite, dans une deuxi\u00e8me ten\u00adta\u00adtive j\u2019ai tout d\u2019abord ten\u00adt\u00e9 de \u00ab&nbsp;faire le vide&nbsp;\u00bb dans mon corps et de bou\u00adger \u00e0&nbsp;par\u00adtir de l\u00e0, j\u2019ai com\u00admen\u00adc\u00e9 \u00e0&nbsp;me sen\u00adtir l\u00e9g\u00e8re comme une plume et \u00e0&nbsp;flot\u00adter dans quelque chose comme l\u2019univers sur la musique du com\u00adpo\u00adsi\u00adtuer ita\u00adlien Jacin\u00adtho Scel\u00adsi, par\u00adfaite pour cela. Une sen\u00adsa\u00adtion extra\u00ador\u00addi\u00adnai\u00adre\u00adment agr\u00e9able et trou\u00adblante \u00e0&nbsp;la fois, l\u2019impression qu\u2019on tombe, tombe, tombe, par\u00admi des mil\u00adlions d\u2019astres, sans jamais se heur\u00adter \u00e0&nbsp;aucun, ni sol ni sup\u00adports, tom\u00adber dans l\u2019infini, le vide, \u00eatre vide, l\u00e9g\u00e8re, bien. Comme dans un r\u00eave ou au moment o\u00f9 l\u2019on meurt&nbsp;? Je ne sais pas.<br><br>Si bien que si j\u2019ai com\u00admen\u00adc\u00e9 l\u2019atelier avec une sen\u00adsa\u00adtion n\u00e9ga\u00adtive du vide, je l\u2019ai ter\u00admi\u00adn\u00e9 avec un ren\u00adver\u00adse\u00adment total de celle-ci, en l\u2019acceptant d\u2019abord comme \u00e9tant l\u00e0, puis en entrant dedans ensuite. Magique.<br><br>Je pense qu\u2019Andr\u00e9ine vous fera part de ses impro\u00advi\u00adsa\u00adtions. Elle a&nbsp;d\u2019abord fait une danse avec des mou\u00adve\u00adments tr\u00e8s mini\u00adma\u00adlites, puis une deuxi\u00e8me, res\u00adtant sur une ligne au bord du car\u00adr\u00e9 rouge \u2013 tout le reste du car\u00adr\u00e9 \u00e9tant vide avec des d\u00e9pla\u00adce\u00adments avant-arri\u00e8re, emprun\u00adtant par moments une d\u00e9marche ani\u00admale.<br><br>Nous nous sommes fil\u00adm\u00e9es l\u2019une l\u2019autre.<br><br>Johan\u00adna Bou\u00adchar\u00addeau<br><br><i>Impres\u00adsions d\u2019Andr\u00e9ine&nbsp;:<\/i><br><br>En fait, je n\u2019ai pas essay\u00e9 de faire gran\u00addir les pul\u00adsa\u00adtions ou quoique ce soit d\u2019autre, et en cela, je n\u2019ai rien \u00ab&nbsp;r\u00e9us\u00adsi&nbsp;\u00bb de sp\u00e9\u00adcial. En allant \u00ab&nbsp;avec&nbsp;\u00bb les pul\u00adsa\u00adtions, elles se sont accen\u00adtu\u00e9es, per\u00addant de leur f\u00e9bri\u00adli\u00adt\u00e9 et gagnant en ampli\u00adtude.<br><br>Com\u00adment ne pas pro\u00adje\u00adter un id\u00e9al, ne pas avoir d\u2019intention face aux sen\u00adsa\u00adtions pre\u00admi\u00e8res (ten\u00adsions, crampes, mol\u00adlesse etc.) reste un exer\u00adcice dif\u00adfi\u00adcile. Pour cela, il faut aller avec la sen\u00adsa\u00adtion. Johan\u00adna d\u00e9crit tr\u00e8s bien ci-des\u00adsus son che\u00admi\u00adne\u00adment et \u00ab&nbsp;appri\u00advoi\u00adse\u00adment&nbsp;\u00bb du vide.<br><br>Plus la danse est mini\u00admale, plus elle est struc\u00adtu\u00adr\u00e9e en elle-m\u00eame et dans l\u2019espace\u2026 d\u2019o\u00f9 pour la cam\u00e9\u00adra, la n\u00e9ces\u00adsi\u00adt\u00e9 de mini\u00adma\u00adli\u00adser l\u2019image, faire oublier le cadreur\u2026<br><br>Tout ce que d\u00e9crit Johan\u00adna \u00e9tait per\u00adcep\u00adtible de ma place de spec\u00adta\u00adtrice. Il y&nbsp;a des bon\u00adheurs qui ne s\u2019oublient pas\u2026<br><br>Andr\u00e9ine Bel<\/p><p style=\"color:green; text-align:right !important;\">Article cr\u00e9\u00e9 le 16\/02\/2020<\/p>","protected":false},"excerpt":{"rendered":"<p>Danse forum\u2192 Comptes-ren\u00ad\u00addus des ate\u00adliers\u2192 Lam\u00adbesc !!Le vide \u2013 12 jan\u00advier&nbsp;2008 Impres\u00adsions de Johan\u00adna Nous \u00e9tions deux, Andr\u00e9ine et&nbsp;moi. Le fait qu\u2019on se retrouve \u00e0&nbsp;deux avait for\u00adte\u00adment influen\u00adc\u00e9 ma sen\u00adsa\u00adtion de d\u00e9mar\u00adrage&nbsp;: le&nbsp;vide. Pour Andr\u00e9ine c\u2019\u00e9tait&nbsp;: pul\u00adsa\u00adtions. Pen\u00addant toute la pre\u00admi\u00e8re par\u00adtie nous avons exp\u00e9\u00adri\u00admen\u00adt\u00e9 avec notre corps autour de ces deux sen\u00adsa\u00adtions, moi j\u2019ai essay\u00e9 de me \u00ab&nbsp;rem\u00adplir&nbsp;\u00bb, tan\u00adt\u00f4t en agi\u00adtant ou r\u00e9chauf\u00adfant mon \u00ab&nbsp;conte\u00adnant&nbsp;\u00bb, mon enve\u00adloppe ou en ten\u00adtant de faire cir\u00adcu\u00adler l\u2019\u00e9nergie \u00e0&nbsp;l\u2019int\u00e9rieur par des \u00e9ti\u00adre\u00adments, mais&nbsp;[\u2026]<\/p>\n","protected":false},"author":2,"featured_media":0,"comment_status":"open","ping_status":"open","sticky":false,"template":"","format":"standard","meta":{"wp_typography_post_enhancements_disabled":false,"footnotes":""},"categories":[184],"tags":[208],"class_list":["post-170","post","type-post","status-publish","format-standard","hentry","category-ateliers_lambesc","tag-df_lambesc"],"yoast_head":"<!-- This site is optimized with the Yoast SEO plugin v27.5 - https:\/\/yoast.com\/product\/yoast-seo-wordpress\/ -->\n<title>Le vide - Le TILT<\/title>\n<meta name=\"robots\" content=\"index, follow, max-snippet:-1, max-image-preview:large, max-video-preview:-1\" \/>\n<link rel=\"canonical\" href=\"https:\/\/www.leti.lt\/wordpress\/danseforum-levide\/\" \/>\n<meta property=\"og:locale\" content=\"fr_FR\" \/>\n<meta property=\"og:type\" content=\"article\" \/>\n<meta property=\"og:title\" content=\"Le vide - Le TILT\" \/>\n<meta property=\"og:description\" content=\"Danse forum\u2192 Comptes-ren\u00addus des ate\u00adliers\u2192 Lam\u00adbesc !!Le vide \u2013 12 jan\u00advier&nbsp;2008 Impres\u00adsions de Johanna Nous \u00e9tions deux, Andr\u00e9ine et&nbsp;moi. Le fait qu\u2019on se retrouve \u00e0&nbsp;deux avait for\u00adte\u00adment influen\u00adc\u00e9 ma sen\u00adsa\u00adtion de d\u00e9mar\u00adrage&nbsp;: le&nbsp;vide. Pour Andr\u00e9ine c\u2019\u00e9tait&nbsp;: pul\u00adsa\u00adtions. Pen\u00addant toute la pre\u00admi\u00e8re par\u00adtie nous avons exp\u00e9\u00adri\u00admen\u00adt\u00e9 avec notre corps autour de ces deux sen\u00adsa\u00adtions, moi j\u2019ai essay\u00e9 de me \u00ab&nbsp;rem\u00adplir&nbsp;\u00bb, tan\u00adt\u00f4t en agi\u00adtant ou r\u00e9chauf\u00adfant mon \u00ab&nbsp;conte\u00adnant&nbsp;\u00bb, mon enve\u00adloppe ou en ten\u00adtant de faire cir\u00adcu\u00adler l\u2019\u00e9nergie \u00e0&nbsp;l\u2019int\u00e9rieur par des \u00e9ti\u00adre\u00adments, mais [&hellip;]\" \/>\n<meta property=\"og:url\" content=\"https:\/\/www.leti.lt\/wordpress\/danseforum-levide\/\" \/>\n<meta property=\"og:site_name\" content=\"Le TILT\" \/>\n<meta property=\"article:published_time\" content=\"2020-02-16T14:30:32+00:00\" \/>\n<meta name=\"author\" content=\"Andr\u00e9ine Bel\" \/>\n<meta name=\"twitter:card\" content=\"summary_large_image\" \/>\n<meta name=\"twitter:label1\" content=\"\u00c9crit par\" \/>\n\t<meta name=\"twitter:data1\" content=\"Andr\u00e9ine Bel\" \/>\n\t<meta name=\"twitter:label2\" content=\"Dur\u00e9e de lecture estim\u00e9e\" \/>\n\t<meta name=\"twitter:data2\" content=\"4 minutes\" \/>\n<script type=\"application\/ld+json\" class=\"yoast-schema-graph\">{\"@context\":\"https:\\\/\\\/schema.org\",\"@graph\":[{\"@type\":\"Article\",\"@id\":\"https:\\\/\\\/www.leti.lt\\\/wordpress\\\/danseforum-levide\\\/#article\",\"isPartOf\":{\"@id\":\"https:\\\/\\\/www.leti.lt\\\/wordpress\\\/danseforum-levide\\\/\"},\"author\":{\"name\":\"Andr\u00e9ine Bel\",\"@id\":\"https:\\\/\\\/www.leti.lt\\\/wordpress\\\/#\\\/schema\\\/person\\\/9bb307b2af8fbb575bb3603e57951f75\"},\"headline\":\"Le vide\",\"datePublished\":\"2020-02-16T14:30:32+00:00\",\"mainEntityOfPage\":{\"@id\":\"https:\\\/\\\/www.leti.lt\\\/wordpress\\\/danseforum-levide\\\/\"},\"wordCount\":715,\"commentCount\":0,\"keywords\":[\"DF_Lambesc\"],\"articleSection\":[\"Ateliers Lambesc\"],\"inLanguage\":\"fr-FR\",\"potentialAction\":[{\"@type\":\"CommentAction\",\"name\":\"Comment\",\"target\":[\"https:\\\/\\\/www.leti.lt\\\/wordpress\\\/danseforum-levide\\\/#respond\"]}]},{\"@type\":\"WebPage\",\"@id\":\"https:\\\/\\\/www.leti.lt\\\/wordpress\\\/danseforum-levide\\\/\",\"url\":\"https:\\\/\\\/www.leti.lt\\\/wordpress\\\/danseforum-levide\\\/\",\"name\":\"Le vide - Le TILT\",\"isPartOf\":{\"@id\":\"https:\\\/\\\/www.leti.lt\\\/wordpress\\\/#website\"},\"datePublished\":\"2020-02-16T14:30:32+00:00\",\"author\":{\"@id\":\"https:\\\/\\\/www.leti.lt\\\/wordpress\\\/#\\\/schema\\\/person\\\/9bb307b2af8fbb575bb3603e57951f75\"},\"breadcrumb\":{\"@id\":\"https:\\\/\\\/www.leti.lt\\\/wordpress\\\/danseforum-levide\\\/#breadcrumb\"},\"inLanguage\":\"fr-FR\",\"potentialAction\":[{\"@type\":\"ReadAction\",\"target\":[\"https:\\\/\\\/www.leti.lt\\\/wordpress\\\/danseforum-levide\\\/\"]}]},{\"@type\":\"BreadcrumbList\",\"@id\":\"https:\\\/\\\/www.leti.lt\\\/wordpress\\\/danseforum-levide\\\/#breadcrumb\",\"itemListElement\":[{\"@type\":\"ListItem\",\"position\":1,\"name\":\"Accueil\",\"item\":\"https:\\\/\\\/www.leti.lt\\\/wordpress\\\/\"},{\"@type\":\"ListItem\",\"position\":2,\"name\":\"Le vide\"}]},{\"@type\":\"WebSite\",\"@id\":\"https:\\\/\\\/www.leti.lt\\\/wordpress\\\/#website\",\"url\":\"https:\\\/\\\/www.leti.lt\\\/wordpress\\\/\",\"name\":\"Le TILT\",\"description\":\"Recherche, publication, cr\u00e9ation artistique\",\"potentialAction\":[{\"@type\":\"SearchAction\",\"target\":{\"@type\":\"EntryPoint\",\"urlTemplate\":\"https:\\\/\\\/www.leti.lt\\\/wordpress\\\/?s={search_term_string}\"},\"query-input\":{\"@type\":\"PropertyValueSpecification\",\"valueRequired\":true,\"valueName\":\"search_term_string\"}}],\"inLanguage\":\"fr-FR\"},{\"@type\":\"Person\",\"@id\":\"https:\\\/\\\/www.leti.lt\\\/wordpress\\\/#\\\/schema\\\/person\\\/9bb307b2af8fbb575bb3603e57951f75\",\"name\":\"Andr\u00e9ine Bel\",\"image\":{\"@type\":\"ImageObject\",\"inLanguage\":\"fr-FR\",\"@id\":\"https:\\\/\\\/secure.gravatar.com\\\/avatar\\\/4ab041ec7c7ad3b90293023e86528ec1a700ce2971ff61811b2df6b288dd1f38?s=96&d=identicon&r=g\",\"url\":\"https:\\\/\\\/secure.gravatar.com\\\/avatar\\\/4ab041ec7c7ad3b90293023e86528ec1a700ce2971ff61811b2df6b288dd1f38?s=96&d=identicon&r=g\",\"contentUrl\":\"https:\\\/\\\/secure.gravatar.com\\\/avatar\\\/4ab041ec7c7ad3b90293023e86528ec1a700ce2971ff61811b2df6b288dd1f38?s=96&d=identicon&r=g\",\"caption\":\"Andr\u00e9ine Bel\"},\"url\":\"https:\\\/\\\/www.leti.lt\\\/wordpress\\\/author\\\/andreine\\\/\"}]}<\/script>\n<!-- \/ Yoast SEO plugin. -->","yoast_head_json":{"title":"Le vide - Le TILT","robots":{"index":"index","follow":"follow","max-snippet":"max-snippet:-1","max-image-preview":"max-image-preview:large","max-video-preview":"max-video-preview:-1"},"canonical":"https:\/\/www.leti.lt\/wordpress\/danseforum-levide\/","og_locale":"fr_FR","og_type":"article","og_title":"Le vide - Le TILT","og_description":"Danse forum\u2192 Comptes-ren\u00addus des ate\u00adliers\u2192 Lam\u00adbesc !!Le vide \u2013 12 jan\u00advier&nbsp;2008 Impres\u00adsions de Johanna Nous \u00e9tions deux, Andr\u00e9ine et&nbsp;moi. Le fait qu\u2019on se retrouve \u00e0&nbsp;deux avait for\u00adte\u00adment influen\u00adc\u00e9 ma sen\u00adsa\u00adtion de d\u00e9mar\u00adrage&nbsp;: le&nbsp;vide. Pour Andr\u00e9ine c\u2019\u00e9tait&nbsp;: pul\u00adsa\u00adtions. Pen\u00addant toute la pre\u00admi\u00e8re par\u00adtie nous avons exp\u00e9\u00adri\u00admen\u00adt\u00e9 avec notre corps autour de ces deux sen\u00adsa\u00adtions, moi j\u2019ai essay\u00e9 de me \u00ab&nbsp;rem\u00adplir&nbsp;\u00bb, tan\u00adt\u00f4t en agi\u00adtant ou r\u00e9chauf\u00adfant mon \u00ab&nbsp;conte\u00adnant&nbsp;\u00bb, mon enve\u00adloppe ou en ten\u00adtant de faire cir\u00adcu\u00adler l\u2019\u00e9nergie \u00e0&nbsp;l\u2019int\u00e9rieur par des \u00e9ti\u00adre\u00adments, mais [&hellip;]","og_url":"https:\/\/www.leti.lt\/wordpress\/danseforum-levide\/","og_site_name":"Le TILT","article_published_time":"2020-02-16T14:30:32+00:00","author":"Andr\u00e9ine Bel","twitter_card":"summary_large_image","twitter_misc":{"\u00c9crit par":"Andr\u00e9ine Bel","Dur\u00e9e de lecture estim\u00e9e":"4 minutes"},"schema":{"@context":"https:\/\/schema.org","@graph":[{"@type":"Article","@id":"https:\/\/www.leti.lt\/wordpress\/danseforum-levide\/#article","isPartOf":{"@id":"https:\/\/www.leti.lt\/wordpress\/danseforum-levide\/"},"author":{"name":"Andr\u00e9ine Bel","@id":"https:\/\/www.leti.lt\/wordpress\/#\/schema\/person\/9bb307b2af8fbb575bb3603e57951f75"},"headline":"Le vide","datePublished":"2020-02-16T14:30:32+00:00","mainEntityOfPage":{"@id":"https:\/\/www.leti.lt\/wordpress\/danseforum-levide\/"},"wordCount":715,"commentCount":0,"keywords":["DF_Lambesc"],"articleSection":["Ateliers Lambesc"],"inLanguage":"fr-FR","potentialAction":[{"@type":"CommentAction","name":"Comment","target":["https:\/\/www.leti.lt\/wordpress\/danseforum-levide\/#respond"]}]},{"@type":"WebPage","@id":"https:\/\/www.leti.lt\/wordpress\/danseforum-levide\/","url":"https:\/\/www.leti.lt\/wordpress\/danseforum-levide\/","name":"Le vide - Le TILT","isPartOf":{"@id":"https:\/\/www.leti.lt\/wordpress\/#website"},"datePublished":"2020-02-16T14:30:32+00:00","author":{"@id":"https:\/\/www.leti.lt\/wordpress\/#\/schema\/person\/9bb307b2af8fbb575bb3603e57951f75"},"breadcrumb":{"@id":"https:\/\/www.leti.lt\/wordpress\/danseforum-levide\/#breadcrumb"},"inLanguage":"fr-FR","potentialAction":[{"@type":"ReadAction","target":["https:\/\/www.leti.lt\/wordpress\/danseforum-levide\/"]}]},{"@type":"BreadcrumbList","@id":"https:\/\/www.leti.lt\/wordpress\/danseforum-levide\/#breadcrumb","itemListElement":[{"@type":"ListItem","position":1,"name":"Accueil","item":"https:\/\/www.leti.lt\/wordpress\/"},{"@type":"ListItem","position":2,"name":"Le vide"}]},{"@type":"WebSite","@id":"https:\/\/www.leti.lt\/wordpress\/#website","url":"https:\/\/www.leti.lt\/wordpress\/","name":"Le TILT","description":"Recherche, publication, cr\u00e9ation artistique","potentialAction":[{"@type":"SearchAction","target":{"@type":"EntryPoint","urlTemplate":"https:\/\/www.leti.lt\/wordpress\/?s={search_term_string}"},"query-input":{"@type":"PropertyValueSpecification","valueRequired":true,"valueName":"search_term_string"}}],"inLanguage":"fr-FR"},{"@type":"Person","@id":"https:\/\/www.leti.lt\/wordpress\/#\/schema\/person\/9bb307b2af8fbb575bb3603e57951f75","name":"Andr\u00e9ine Bel","image":{"@type":"ImageObject","inLanguage":"fr-FR","@id":"https:\/\/secure.gravatar.com\/avatar\/4ab041ec7c7ad3b90293023e86528ec1a700ce2971ff61811b2df6b288dd1f38?s=96&d=identicon&r=g","url":"https:\/\/secure.gravatar.com\/avatar\/4ab041ec7c7ad3b90293023e86528ec1a700ce2971ff61811b2df6b288dd1f38?s=96&d=identicon&r=g","contentUrl":"https:\/\/secure.gravatar.com\/avatar\/4ab041ec7c7ad3b90293023e86528ec1a700ce2971ff61811b2df6b288dd1f38?s=96&d=identicon&r=g","caption":"Andr\u00e9ine Bel"},"url":"https:\/\/www.leti.lt\/wordpress\/author\/andreine\/"}]}},"_links":{"self":[{"href":"https:\/\/www.leti.lt\/wordpress\/wp-json\/wp\/v2\/posts\/170","targetHints":{"allow":["GET"]}}],"collection":[{"href":"https:\/\/www.leti.lt\/wordpress\/wp-json\/wp\/v2\/posts"}],"about":[{"href":"https:\/\/www.leti.lt\/wordpress\/wp-json\/wp\/v2\/types\/post"}],"author":[{"embeddable":true,"href":"https:\/\/www.leti.lt\/wordpress\/wp-json\/wp\/v2\/users\/2"}],"replies":[{"embeddable":true,"href":"https:\/\/www.leti.lt\/wordpress\/wp-json\/wp\/v2\/comments?post=170"}],"version-history":[{"count":0,"href":"https:\/\/www.leti.lt\/wordpress\/wp-json\/wp\/v2\/posts\/170\/revisions"}],"wp:attachment":[{"href":"https:\/\/www.leti.lt\/wordpress\/wp-json\/wp\/v2\/media?parent=170"}],"wp:term":[{"taxonomy":"category","embeddable":true,"href":"https:\/\/www.leti.lt\/wordpress\/wp-json\/wp\/v2\/categories?post=170"},{"taxonomy":"post_tag","embeddable":true,"href":"https:\/\/www.leti.lt\/wordpress\/wp-json\/wp\/v2\/tags?post=170"}],"curies":[{"name":"wp","href":"https:\/\/api.w.org\/{rel}","templated":true}]}}