{"id":169,"date":"2020-02-16T15:30:32","date_gmt":"2020-02-16T14:30:32","guid":{"rendered":"https:\/\/www.leti.lt\/wordpress\/?p=169"},"modified":"-0001-11-30T00:00:00","modified_gmt":"-0001-11-29T22:00:00","slug":"danseforum-levergerenilleetvilaine","status":"publish","type":"post","link":"https:\/\/www.leti.lt\/wordpress\/danseforum-levergerenilleetvilaine\/","title":{"rendered":"Le verger en Ille-et-Vilaine"},"content":{"rendered":"<p><a href=\"https:\/\/www.leti.lt\/wordpress\/danseforum-danseforum\/\">Danse forum<\/a><br>\u2192 <a href=\"https:\/\/www.leti.lt\/wordpress\/danseforum-crdfgroupebretagne\/\">CR DF Groupe Bre\u00adtagne<\/a><br><br>!!Enri\u00adchis\u00adse\u00adment ver\u00adsus oppres\u00adsion \u2013 24\/6\/16<br><br>Les par\u00adti\u00adci\u00adpants&nbsp;: Le\u0301a, Her\u00adve\u0301, Rudi, Maga\u00adli, Gau\u00adthier et Jose\u0301\u00adphine.<br><br><br><i>Pre\u0301\u00adsen\u00adta\u00adteurs&nbsp;: Le\u0301a et Her\u00adve\u0301, Script&nbsp;: Her\u00adve\u0301.<\/i><br><br><i>Choix du the\u0300me re\u0301\u00adflexif<\/i><br><br>Les pro\u00adpo\u00adsi\u00adtions&nbsp;:<br><br>- rap\u00adport a\u0300 l\u2019autre (avec ou sans le groupe)<br><br>- soli\u00adtude choi\u00adsie ou subie<br><br>- le groupe peut e\u0302tre enri\u00adchis\u00adsant ou oppres\u00adsant.<br><br>Le choix du the\u0300me re\u0301\u00adflexif se porte sur&nbsp;: \u00ab&nbsp;enri\u00adchis\u00adse\u00adment vs oppres\u00adsion.&nbsp;\u00bb<br><br>Ce the\u0300me est a\u0300 consi\u00adde\u0301\u00adrer du point de vue de la dis\u00adcus\u00adsion que nous avons eu au sujet de la soli\u00adtude vs groupe, e\u0301tant don\u00adne\u0301 que ce the\u0300me de la soli\u00adtude vs groupe est inhe\u0301rent a\u0300 toute DF, nous avons pre\u0301\u00adfe\u0301\u00adre\u0301 choi\u00adsir \u00ab&nbsp;l\u2019enrichissement vs oppres\u00adsion&nbsp;\u00bb, sachant qu\u2019il e\u0301merge et qu\u2019il est a\u0300 mettre en regard avec la soli\u00adtude vs groupe.<br><br><b>Nota bene&nbsp;: Rudi, Maga\u00adli, Gau\u00adthier et Jose\u0301\u00adphine par\u00adti\u00adcipent pour la pre\u00admie\u0300re fois a\u0300 un ate\u00adlier de danse forum.<\/b><br><br><i>Eveil des sen\u00adsa\u00adtions + e\u0301veil des muscles (e\u0301chauf\u00adfeur et meneur&nbsp;: Her\u00adve\u0301).<\/i><br><br>Nous de\u0301\u00adci\u00addons de les pra\u00adti\u00adquer dans le jar\u00addin, il fait beau et l\u2019herbe est se\u0300che.<br><br>- postures\/e\u0301tirements<br><br>- tensions\/rela\u0302chements<br><br>- grands e\u0301ti\u00adre\u00adments<br><br>- besoin de faire trem\u00adbler le corps\/ torsions\/balancements\/ mvts cir\u00adcu\u00adla\u00adtoires du bas\u00adsin<br>- besoin d\u2019ancrage dans la terre\/e\u0301tirements\/ rotations\/ e\u0301longations\/ oubli de res\u00adpi\u00adrer<br>- essayer de de\u0301\u00adpla\u00adcer par l\u2019avant\/arrie\u0300re \/ e\u0301ti\u00adre\u00adments<br>- mvts de rotations\/e\u0301tirements\/ mvts contraires en torsion\/ tensions\/rela\u0302chements par\u00adfois brutaux\/ immobilite\u0301\/ pro\u00adfonde res\u00adpi\u00adra\u00adtion.<br><br>Bilan des e\u0301veils&nbsp;:<br><br>- Nous concluons que les mvts sus-cite\u0301s ont des re\u0301\u00adso\u00adnances inha\u00adbi\u00adtuelles.<br><br>- Les termes d\u2019e\u0301vacuation, d\u2019exploration, d\u2019essorage et de tor\u00adsion abou\u00adtissent au the\u0300me sen\u00adsi\u00adtif sui\u00advant&nbsp;: \u00ab&nbsp;<b>explo\u00adrance<\/b>&nbsp;\u00bb, ne\u0301o\u00adlo\u00adgisme pro\u00adpo\u00adse\u0301 par Rudi qui refle\u0300te l\u2019exploration-re\u0301sonance.<br><br><i>Mise en Forum des the\u0300mes&nbsp;: \u00ab&nbsp;enri\u00adchis\u00adse\u00adment vs oppres\u00adsion&nbsp;\u00bb qui se frotte a\u0300 \u00ab&nbsp;explo\u00adrance&nbsp;\u00bb.<\/i><br><br>La DF a&nbsp;lieu dans le salon de Le\u0301a ame\u0301\u00adna\u00adge\u0301 pour l\u2019occasion.<br><br>- Til\u00adteur, DJ, foru\u00admeur, bien\u00adveilleur, me\u0301\u00addia\u00adteur, pro\u00adble\u0301\u00adma\u00adti\u00adseur, re\u0301\u00adgleur, script&nbsp;: Her\u00adve\u0301 + Le\u0301a.<br><br>- Regar\u00addeurs et artistes&nbsp;: Jose\u0301\u00adphine, Rudi et Gau\u00adthier (au vio\u00adlon et a\u0300 la gui\u00adtare), Maga\u00adli, Le\u0301a et Her\u00adve\u0301.<br><br>- Dan\u00adseurs (a\u0300 tour de ro\u0302le) : Maga\u00adli, Le\u0301a et Her\u00adve\u0301.<br><br>Jose\u0301\u00adphine de\u0301\u00adcide de ne pas dan\u00adser mais inter\u00advient pen\u00addant les retours ver\u00adbaux et en tant qu\u2019artiste.<br><br>Rudi de\u0301\u00adcide, apre\u0300s un temps, d\u2019aller faire une sieste, il est trop fati\u00adgue\u0301.<br><br>Gau\u00adthier pre\u0301\u00adfe\u0300re res\u00adter artiste, avec son vio\u00adlon et sa gui\u00adtare.<br><br>Obser\u00adva\u00adtions et ques\u00adtions lors des retours ver\u00adbaux&nbsp;:<br><br>- ta\u0302tonner\/solitude<br><br>- assu\u00admer un choix jusqu\u2019au bout<br><br>- afin qu\u2019il se passe quelque chose, il faut y&nbsp;aller, cela fait un poids<br><br>- se sen\u00adtir inca\u00adpable de faire<br><br>- petites re\u0301ac\u00adtions en chai\u0302ne<br><br>- com\u00adment cher\u00adcher a\u0300 com\u00adbler la soli\u00adtude&nbsp;?<br><br>- com\u00adment e\u0302tre seul en groupe&nbsp;?<br><br>- com\u00adment explo\u00adrer jusqu\u2019au bout&nbsp;?<br><br>- com\u00adment s\u2019enrichir de la soli\u00adtude&nbsp;?<br><br>- jusqu\u2019ou\u0300 le groupe peut e\u0302tre oppres\u00adsant&nbsp;?<br><br>- com\u00adment aller a\u0300 l\u2019envers de l\u2019exploration&nbsp;?<br><br>- com\u00adment cas\u00adser l\u2019ambiance&nbsp;?<br><br>- quel est le pou\u00advoir de la musique sur les corps&nbsp;?<br><br>- est-il pos\u00adsible de se mettre en poly\u00adryth\u00admie&nbsp;?<br><br>- le groupe reje\u0300te sou\u00advent les conflits = dis\u00adso\u00adnance<br><br>- l\u2019harmonie peut-elle e\u0302tre dis\u00adso\u00adnante&nbsp;?<br><br>- jusqu\u2019a\u0300 quel point est-il pos\u00adsible de se de\u0301\u00adta\u00adcher de la norme&nbsp;?<br><br>- sen\u00adti\u00adment de soli\u00adtude pas comme d\u2019habitude, seul mais pas seul. Soli\u00adtude char\u00adge\u0301e de tout ce qui s\u2019est pas\u00adse\u0301 aupa\u00adra\u00advant (images, textes, danses\u2026) dige\u0301\u00adre\u0301s a\u0300 l\u2019inte\u0301rieur.<br><br>- jeux avec le vio\u00adlon. Moment d\u2019intimite\u0301. Sen\u00adti\u00adment de confiance. Cocon. Proxi\u00admi\u00adte\u0301 du corps tre\u0300s agre\u0301able mais investissement\/tensions qui fatiguent.<br><br>- accep\u00adter d\u2019e\u0302tre aller au bout et se repo\u00adser.<br><br>- plai\u00adsir d\u2019explorer sans psy\u00adcho\u00adtropes.<br><br>- faut-il tou\u00adjours essayer d\u2019aller plus loin ou faut-il savoir s\u2019arre\u0302ter&nbsp;?<br><br><i>Bilan de l\u2019apre\u0300s-midi<\/i><br><br><i><\/i><br><br>- c\u2019est cool&nbsp;! C\u2019est cool&nbsp;!<br><br>- bonne intro\u00adduc\u00adtion qui donne envie.<br><br>- me\u0301\u00adthode de tra\u00advail super inte\u0301\u00adres\u00adsante. Un bon labo\u00adra\u00adtoire pour la cre\u0301a\u00adtion.<br><br>- beau\u00adcoup aime\u0301 ce que j\u2019ai ve\u0301\u00adcu comme \u00ab&nbsp;joueuse&nbsp;\u00bb et comme \u00ab&nbsp;regar\u00addeuse&nbsp;\u00bb.<br><br>- temps d\u2019apprivoisement qui a&nbsp;sa place.<br><br>- temps de forum qui a&nbsp;sa place, qui fait avan\u00adcer, qui nour\u00adrit.<br><br>- construc\u00adtion d\u2019un fil.<br><br><i>Mon com\u00admen\u00adtaire<\/i><br><br><i><\/i><br><br>Nous e\u0301tions enthou\u00adsiastes de nous retrou\u00adver autour de ce tra\u00advail. Vu qu\u2019il y&nbsp;avait quatre per\u00adsonnes nou\u00advelles, la danse a&nbsp;eu un peu de mal a\u0300 \u00ab&nbsp;prendre&nbsp;\u00bb au de\u0301\u00adbut. De la timi\u00addi\u00adte\u0301 me\u0302\u00adle\u0301e a\u0300 la dif\u00adfi\u00adcul\u00adte\u0301 de se retrou\u00adver seul.e ou a\u0300 deux sur la sce\u0300ne. Mais cela a&nbsp;e\u0301te\u0301 de\u0301\u00adpas\u00adse\u0301 apre\u0300s les pre\u00admiers retours ver\u00adbaux. En effet, l\u2019engagement, qu\u2019il soit dans les arts, dans la danse ou lors les retours ver\u00adbaux e\u0301taient sin\u00adce\u0300res et authen\u00adtiques, il y&nbsp;a eu une ve\u0301\u00adri\u00adtable recherche autour des the\u0300mes qui a&nbsp;e\u0301te\u0301 tre\u0300s riche. Une grande curio\u00adsi\u00adte\u0301 de la part de chacun.e qui nous a&nbsp;per\u00admis de pe\u0301\u00adne\u0301\u00adtrer tou\u00adjours plus avant la pro\u00adble\u0301\u00adma\u00adti\u00adsa\u00adtion autant cor\u00adpo\u00adrelle, artis\u00adtique que ver\u00adbale.<br><br>Her\u00adve\u0301 pour la re\u0301\u00addac\u00adtion du&nbsp;CR.<\/p><p style=\"color:green; text-align:right !important;\">Article cr\u00e9\u00e9 le 16\/02\/2020<\/p>","protected":false},"excerpt":{"rendered":"<p>Danse forum\u2192 CR DF Groupe Bre\u00adtagne !!Enri\u00adchis\u00adse\u00adment ver\u00adsus oppres\u00adsion \u2013 24\/6\/16 Les par\u00adti\u00adci\u00adpants&nbsp;: Le\u0301a, Her\u00adve\u0301, Rudi, Maga\u00adli, Gau\u00adthier et Jose\u0301\u00adphine. Pre\u0301\u00adsen\u00adta\u00adteurs&nbsp;: Le\u0301a et Her\u00adve\u0301, Script&nbsp;: Her\u00adve\u0301. Choix du the\u0300me re\u0301\u00adflexif Les pro\u00adpo\u00adsi\u00adtions&nbsp;: \u2013 rap\u00adport a\u0300 l\u2019autre (avec ou sans le groupe) \u2013 soli\u00adtude choi\u00adsie ou&nbsp;subie \u2013 le groupe peut e\u0302tre enri\u00adchis\u00adsant ou oppres\u00adsant. Le choix du the\u0300me re\u0301\u00adflexif se porte sur&nbsp;: \u00ab&nbsp;enri\u00adchis\u00adse\u00adment vs oppres\u00adsion.&nbsp;\u00bb Ce the\u0300me est a\u0300 consi\u00adde\u0301\u00adrer du point de vue de la dis\u00adcus\u00adsion que nous avons&nbsp;eu&nbsp;[\u2026]<\/p>\n","protected":false},"author":2,"featured_media":0,"comment_status":"open","ping_status":"open","sticky":false,"template":"","format":"standard","meta":{"wp_typography_post_enhancements_disabled":false,"footnotes":""},"categories":[16],"tags":[188],"class_list":["post-169","post","type-post","status-publish","format-standard","hentry","category-bretagne","tag-df_groupebretagne"],"yoast_head":"<!-- This site is optimized with the Yoast SEO plugin v27.5 - https:\/\/yoast.com\/product\/yoast-seo-wordpress\/ -->\n<title>Le verger en Ille-et-Vilaine - Le TILT<\/title>\n<meta name=\"robots\" content=\"index, follow, max-snippet:-1, max-image-preview:large, max-video-preview:-1\" \/>\n<link rel=\"canonical\" href=\"https:\/\/www.leti.lt\/wordpress\/danseforum-levergerenilleetvilaine\/\" \/>\n<meta property=\"og:locale\" content=\"fr_FR\" \/>\n<meta property=\"og:type\" content=\"article\" \/>\n<meta property=\"og:title\" content=\"Le verger en Ille-et-Vilaine - Le TILT\" \/>\n<meta property=\"og:description\" content=\"Danse forum\u2192 CR DF Groupe Bretagne !!Enri\u00adchis\u00adse\u00adment ver\u00adsus oppres\u00adsion \u2013 24\/6\/16 Les par\u00adti\u00adci\u00adpants&nbsp;: Le\u0301a, Her\u00adve\u0301, Rudi, Maga\u00adli, Gau\u00adthier et Jose\u0301phine. Pre\u0301\u00adsen\u00adta\u00adteurs&nbsp;: Le\u0301a et Her\u00adve\u0301, Script&nbsp;: Herve\u0301. Choix du the\u0300me re\u0301flexif Les pro\u00adpo\u00adsi\u00adtions&nbsp;: - rap\u00adport a\u0300 l\u2019autre (avec ou sans le groupe) - soli\u00adtude choi\u00adsie ou&nbsp;subie - le groupe peut e\u0302tre enri\u00adchis\u00adsant ou oppressant. Le choix du the\u0300me re\u0301\u00adflexif se porte sur&nbsp;: \u00ab&nbsp;enri\u00adchis\u00adse\u00adment vs oppression.&nbsp;\u00bb Ce the\u0300me est a\u0300 consi\u00adde\u0301\u00adrer du point de vue de la dis\u00adcus\u00adsion que nous avons eu [&hellip;]\" \/>\n<meta property=\"og:url\" content=\"https:\/\/www.leti.lt\/wordpress\/danseforum-levergerenilleetvilaine\/\" \/>\n<meta property=\"og:site_name\" content=\"Le TILT\" \/>\n<meta property=\"article:published_time\" content=\"2020-02-16T14:30:32+00:00\" \/>\n<meta name=\"author\" content=\"Andr\u00e9ine Bel\" \/>\n<meta name=\"twitter:card\" content=\"summary_large_image\" \/>\n<meta name=\"twitter:label1\" content=\"\u00c9crit par\" \/>\n\t<meta name=\"twitter:data1\" content=\"Andr\u00e9ine Bel\" \/>\n\t<meta name=\"twitter:label2\" content=\"Dur\u00e9e de lecture estim\u00e9e\" \/>\n\t<meta name=\"twitter:data2\" content=\"4 minutes\" \/>\n<script type=\"application\/ld+json\" class=\"yoast-schema-graph\">{\"@context\":\"https:\\\/\\\/schema.org\",\"@graph\":[{\"@type\":\"Article\",\"@id\":\"https:\\\/\\\/www.leti.lt\\\/wordpress\\\/danseforum-levergerenilleetvilaine\\\/#article\",\"isPartOf\":{\"@id\":\"https:\\\/\\\/www.leti.lt\\\/wordpress\\\/danseforum-levergerenilleetvilaine\\\/\"},\"author\":{\"name\":\"Andr\u00e9ine Bel\",\"@id\":\"https:\\\/\\\/www.leti.lt\\\/wordpress\\\/#\\\/schema\\\/person\\\/9bb307b2af8fbb575bb3603e57951f75\"},\"headline\":\"Le verger en Ille-et-Vilaine\",\"datePublished\":\"2020-02-16T14:30:32+00:00\",\"mainEntityOfPage\":{\"@id\":\"https:\\\/\\\/www.leti.lt\\\/wordpress\\\/danseforum-levergerenilleetvilaine\\\/\"},\"wordCount\":890,\"commentCount\":0,\"keywords\":[\"DF_GroupeBretagne\"],\"articleSection\":[\"Ateliers Bretagne\"],\"inLanguage\":\"fr-FR\",\"potentialAction\":[{\"@type\":\"CommentAction\",\"name\":\"Comment\",\"target\":[\"https:\\\/\\\/www.leti.lt\\\/wordpress\\\/danseforum-levergerenilleetvilaine\\\/#respond\"]}]},{\"@type\":\"WebPage\",\"@id\":\"https:\\\/\\\/www.leti.lt\\\/wordpress\\\/danseforum-levergerenilleetvilaine\\\/\",\"url\":\"https:\\\/\\\/www.leti.lt\\\/wordpress\\\/danseforum-levergerenilleetvilaine\\\/\",\"name\":\"Le verger en Ille-et-Vilaine - Le TILT\",\"isPartOf\":{\"@id\":\"https:\\\/\\\/www.leti.lt\\\/wordpress\\\/#website\"},\"datePublished\":\"2020-02-16T14:30:32+00:00\",\"author\":{\"@id\":\"https:\\\/\\\/www.leti.lt\\\/wordpress\\\/#\\\/schema\\\/person\\\/9bb307b2af8fbb575bb3603e57951f75\"},\"breadcrumb\":{\"@id\":\"https:\\\/\\\/www.leti.lt\\\/wordpress\\\/danseforum-levergerenilleetvilaine\\\/#breadcrumb\"},\"inLanguage\":\"fr-FR\",\"potentialAction\":[{\"@type\":\"ReadAction\",\"target\":[\"https:\\\/\\\/www.leti.lt\\\/wordpress\\\/danseforum-levergerenilleetvilaine\\\/\"]}]},{\"@type\":\"BreadcrumbList\",\"@id\":\"https:\\\/\\\/www.leti.lt\\\/wordpress\\\/danseforum-levergerenilleetvilaine\\\/#breadcrumb\",\"itemListElement\":[{\"@type\":\"ListItem\",\"position\":1,\"name\":\"Accueil\",\"item\":\"https:\\\/\\\/www.leti.lt\\\/wordpress\\\/\"},{\"@type\":\"ListItem\",\"position\":2,\"name\":\"Le verger en Ille-et-Vilaine\"}]},{\"@type\":\"WebSite\",\"@id\":\"https:\\\/\\\/www.leti.lt\\\/wordpress\\\/#website\",\"url\":\"https:\\\/\\\/www.leti.lt\\\/wordpress\\\/\",\"name\":\"Le TILT\",\"description\":\"Recherche, publication, cr\u00e9ation artistique\",\"potentialAction\":[{\"@type\":\"SearchAction\",\"target\":{\"@type\":\"EntryPoint\",\"urlTemplate\":\"https:\\\/\\\/www.leti.lt\\\/wordpress\\\/?s={search_term_string}\"},\"query-input\":{\"@type\":\"PropertyValueSpecification\",\"valueRequired\":true,\"valueName\":\"search_term_string\"}}],\"inLanguage\":\"fr-FR\"},{\"@type\":\"Person\",\"@id\":\"https:\\\/\\\/www.leti.lt\\\/wordpress\\\/#\\\/schema\\\/person\\\/9bb307b2af8fbb575bb3603e57951f75\",\"name\":\"Andr\u00e9ine Bel\",\"image\":{\"@type\":\"ImageObject\",\"inLanguage\":\"fr-FR\",\"@id\":\"https:\\\/\\\/secure.gravatar.com\\\/avatar\\\/4ab041ec7c7ad3b90293023e86528ec1a700ce2971ff61811b2df6b288dd1f38?s=96&d=identicon&r=g\",\"url\":\"https:\\\/\\\/secure.gravatar.com\\\/avatar\\\/4ab041ec7c7ad3b90293023e86528ec1a700ce2971ff61811b2df6b288dd1f38?s=96&d=identicon&r=g\",\"contentUrl\":\"https:\\\/\\\/secure.gravatar.com\\\/avatar\\\/4ab041ec7c7ad3b90293023e86528ec1a700ce2971ff61811b2df6b288dd1f38?s=96&d=identicon&r=g\",\"caption\":\"Andr\u00e9ine Bel\"},\"url\":\"https:\\\/\\\/www.leti.lt\\\/wordpress\\\/author\\\/andreine\\\/\"}]}<\/script>\n<!-- \/ Yoast SEO plugin. -->","yoast_head_json":{"title":"Le verger en Ille-et-Vilaine - Le TILT","robots":{"index":"index","follow":"follow","max-snippet":"max-snippet:-1","max-image-preview":"max-image-preview:large","max-video-preview":"max-video-preview:-1"},"canonical":"https:\/\/www.leti.lt\/wordpress\/danseforum-levergerenilleetvilaine\/","og_locale":"fr_FR","og_type":"article","og_title":"Le verger en Ille-et-Vilaine - Le TILT","og_description":"Danse forum\u2192 CR DF Groupe Bretagne !!Enri\u00adchis\u00adse\u00adment ver\u00adsus oppres\u00adsion \u2013 24\/6\/16 Les par\u00adti\u00adci\u00adpants&nbsp;: Le\u0301a, Her\u00adve\u0301, Rudi, Maga\u00adli, Gau\u00adthier et Jose\u0301phine. Pre\u0301\u00adsen\u00adta\u00adteurs&nbsp;: Le\u0301a et Her\u00adve\u0301, Script&nbsp;: Herve\u0301. Choix du the\u0300me re\u0301flexif Les pro\u00adpo\u00adsi\u00adtions&nbsp;: - rap\u00adport a\u0300 l\u2019autre (avec ou sans le groupe) - soli\u00adtude choi\u00adsie ou&nbsp;subie - le groupe peut e\u0302tre enri\u00adchis\u00adsant ou oppressant. Le choix du the\u0300me re\u0301\u00adflexif se porte sur&nbsp;: \u00ab&nbsp;enri\u00adchis\u00adse\u00adment vs oppression.&nbsp;\u00bb Ce the\u0300me est a\u0300 consi\u00adde\u0301\u00adrer du point de vue de la dis\u00adcus\u00adsion que nous avons eu [&hellip;]","og_url":"https:\/\/www.leti.lt\/wordpress\/danseforum-levergerenilleetvilaine\/","og_site_name":"Le TILT","article_published_time":"2020-02-16T14:30:32+00:00","author":"Andr\u00e9ine Bel","twitter_card":"summary_large_image","twitter_misc":{"\u00c9crit par":"Andr\u00e9ine Bel","Dur\u00e9e de lecture estim\u00e9e":"4 minutes"},"schema":{"@context":"https:\/\/schema.org","@graph":[{"@type":"Article","@id":"https:\/\/www.leti.lt\/wordpress\/danseforum-levergerenilleetvilaine\/#article","isPartOf":{"@id":"https:\/\/www.leti.lt\/wordpress\/danseforum-levergerenilleetvilaine\/"},"author":{"name":"Andr\u00e9ine Bel","@id":"https:\/\/www.leti.lt\/wordpress\/#\/schema\/person\/9bb307b2af8fbb575bb3603e57951f75"},"headline":"Le verger en Ille-et-Vilaine","datePublished":"2020-02-16T14:30:32+00:00","mainEntityOfPage":{"@id":"https:\/\/www.leti.lt\/wordpress\/danseforum-levergerenilleetvilaine\/"},"wordCount":890,"commentCount":0,"keywords":["DF_GroupeBretagne"],"articleSection":["Ateliers Bretagne"],"inLanguage":"fr-FR","potentialAction":[{"@type":"CommentAction","name":"Comment","target":["https:\/\/www.leti.lt\/wordpress\/danseforum-levergerenilleetvilaine\/#respond"]}]},{"@type":"WebPage","@id":"https:\/\/www.leti.lt\/wordpress\/danseforum-levergerenilleetvilaine\/","url":"https:\/\/www.leti.lt\/wordpress\/danseforum-levergerenilleetvilaine\/","name":"Le verger en Ille-et-Vilaine - Le TILT","isPartOf":{"@id":"https:\/\/www.leti.lt\/wordpress\/#website"},"datePublished":"2020-02-16T14:30:32+00:00","author":{"@id":"https:\/\/www.leti.lt\/wordpress\/#\/schema\/person\/9bb307b2af8fbb575bb3603e57951f75"},"breadcrumb":{"@id":"https:\/\/www.leti.lt\/wordpress\/danseforum-levergerenilleetvilaine\/#breadcrumb"},"inLanguage":"fr-FR","potentialAction":[{"@type":"ReadAction","target":["https:\/\/www.leti.lt\/wordpress\/danseforum-levergerenilleetvilaine\/"]}]},{"@type":"BreadcrumbList","@id":"https:\/\/www.leti.lt\/wordpress\/danseforum-levergerenilleetvilaine\/#breadcrumb","itemListElement":[{"@type":"ListItem","position":1,"name":"Accueil","item":"https:\/\/www.leti.lt\/wordpress\/"},{"@type":"ListItem","position":2,"name":"Le verger en Ille-et-Vilaine"}]},{"@type":"WebSite","@id":"https:\/\/www.leti.lt\/wordpress\/#website","url":"https:\/\/www.leti.lt\/wordpress\/","name":"Le TILT","description":"Recherche, publication, cr\u00e9ation artistique","potentialAction":[{"@type":"SearchAction","target":{"@type":"EntryPoint","urlTemplate":"https:\/\/www.leti.lt\/wordpress\/?s={search_term_string}"},"query-input":{"@type":"PropertyValueSpecification","valueRequired":true,"valueName":"search_term_string"}}],"inLanguage":"fr-FR"},{"@type":"Person","@id":"https:\/\/www.leti.lt\/wordpress\/#\/schema\/person\/9bb307b2af8fbb575bb3603e57951f75","name":"Andr\u00e9ine Bel","image":{"@type":"ImageObject","inLanguage":"fr-FR","@id":"https:\/\/secure.gravatar.com\/avatar\/4ab041ec7c7ad3b90293023e86528ec1a700ce2971ff61811b2df6b288dd1f38?s=96&d=identicon&r=g","url":"https:\/\/secure.gravatar.com\/avatar\/4ab041ec7c7ad3b90293023e86528ec1a700ce2971ff61811b2df6b288dd1f38?s=96&d=identicon&r=g","contentUrl":"https:\/\/secure.gravatar.com\/avatar\/4ab041ec7c7ad3b90293023e86528ec1a700ce2971ff61811b2df6b288dd1f38?s=96&d=identicon&r=g","caption":"Andr\u00e9ine Bel"},"url":"https:\/\/www.leti.lt\/wordpress\/author\/andreine\/"}]}},"_links":{"self":[{"href":"https:\/\/www.leti.lt\/wordpress\/wp-json\/wp\/v2\/posts\/169","targetHints":{"allow":["GET"]}}],"collection":[{"href":"https:\/\/www.leti.lt\/wordpress\/wp-json\/wp\/v2\/posts"}],"about":[{"href":"https:\/\/www.leti.lt\/wordpress\/wp-json\/wp\/v2\/types\/post"}],"author":[{"embeddable":true,"href":"https:\/\/www.leti.lt\/wordpress\/wp-json\/wp\/v2\/users\/2"}],"replies":[{"embeddable":true,"href":"https:\/\/www.leti.lt\/wordpress\/wp-json\/wp\/v2\/comments?post=169"}],"version-history":[{"count":0,"href":"https:\/\/www.leti.lt\/wordpress\/wp-json\/wp\/v2\/posts\/169\/revisions"}],"wp:attachment":[{"href":"https:\/\/www.leti.lt\/wordpress\/wp-json\/wp\/v2\/media?parent=169"}],"wp:term":[{"taxonomy":"category","embeddable":true,"href":"https:\/\/www.leti.lt\/wordpress\/wp-json\/wp\/v2\/categories?post=169"},{"taxonomy":"post_tag","embeddable":true,"href":"https:\/\/www.leti.lt\/wordpress\/wp-json\/wp\/v2\/tags?post=169"}],"curies":[{"name":"wp","href":"https:\/\/api.w.org\/{rel}","templated":true}]}}