{"id":168,"date":"2020-02-16T15:30:32","date_gmt":"2020-02-16T14:30:32","guid":{"rendered":"https:\/\/www.leti.lt\/wordpress\/?p=168"},"modified":"-0001-11-30T00:00:00","modified_gmt":"-0001-11-29T22:00:00","slug":"danseforum-letilter","status":"publish","type":"post","link":"https:\/\/www.leti.lt\/wordpress\/danseforum-letilter\/","title":{"rendered":"Le tilter"},"content":{"rendered":"<p><a href=\"https:\/\/www.leti.lt\/wordpress\/danseforum-danseforum\/\">Danse forum<\/a><br>\u2192 <a href=\"https:\/\/www.leti.lt\/wordpress\/danseforum-terminologie\/\">Ter\u00admi\u00adno\u00adlo\u00adgie<\/a><br><br>!!Le til\u00adter<br><br><br>Je r\u00e9ponds ici \u00e0&nbsp;cer\u00adtains d\u2019entre vous qui me demandent des pr\u00e9\u00adci\u00adsions sur le til\u00adter, le lien entre le tilt et le til\u00adter, le r\u00f4le du til\u00adter.<br><br>Ber\u00adnard Bel com\u00adpl\u00e8te la r\u00e9flexion en fin d\u2019article.<br><br>Le mot est pure inven\u00adtion\u2026 et pro\u00adpo\u00adsi\u00adtion<br><br>si tu inventes le tilt, tu inventes le til\u00adter&nbsp;!<br><br>Nous ver\u00adrons bien si ce mot fait son che\u00admin et com\u00adment, ou si nous en trou\u00advons un meilleur.<br><br>Depuis long\u00adtemps nous vou\u00adlions trou\u00adver un nom pour rem\u00adpla\u00adcer celui de \u00ab&nbsp;joker&nbsp;\u00bb, que nous avions emprun\u00adt\u00e9 au th\u00e9\u00e2tre forum. Nous avons adop\u00adt\u00e9 pro\u00advi\u00adsoi\u00adre\u00adment \u00ab&nbsp;meneur&nbsp;\u00bb, \u00ab&nbsp;meneuse&nbsp;\u00bb, qui nous sem\u00adblait plus neutre. En foru\u00admi\u00adsant des danses forum, nous nous sommes vite ren\u00addus compte que ce terme pas\u00adsait mal, jamais il ne venait en bouche en quelque sorte, trop fade sans doute, et aux oreilles il son\u00adnait incon\u00adgru.<br><br>Mener un groupe, c\u2019est se pla\u00adcer devant lui, or celui qui endosse le r\u00f4le doit se faire oublier.<br><br>Son action est plus dans le res\u00adsen\u00adti du bon moment<br><br>pour dire ou ne pas dire<br><br>pour veiller \u00e0&nbsp;la danse, la musique, au verbe, comme on veille sur le grain<br><br>sur l\u2019\u00e9nergie, l\u2019espace, la dur\u00e9e, la liber\u00adt\u00e9 et le res\u00adpect mutuel<br><br>sans les mode\u00adler ni user d\u2019autoritarisme<br><br>ce qui n\u2019est jamais gagn\u00e9\u2026<br><br>Son action est dans la refor\u00admu\u00adla\u00adtion de la pro\u00adbl\u00e9\u00adma\u00adtique sans impo\u00adser son point de vue, dans la sug\u00adges\u00adtion his\u00adtoire de ne pas tom\u00adber dans la suj\u00e9\u00adtion.<br><br>Bref, il lui faut le duende, le ki, une bonne connais\u00adsance de la danse et du pro\u00adces\u00adsus de mise en forum, il lui faut l\u2019esprit alerte et inven\u00adtif, il lui faut le tilt\u2026 en tous cas, il l\u2019appelle de ses v\u0153ux&nbsp;!<br><br>Le til\u00adter serait celui qui a, ou au moins cherche, le tilt, et qui fait tilt,<br><br>et\u2026 le tilt fait til\u00adter le til\u00adter, par un p\u2019tit cla\u00adque\u00adment des doigts, ou un clap\u00adpe\u00adment doux des mains, ou un chant d\u2019oiseau, toutes choses recon\u00adnais\u00adsables entre mille pour signa\u00adler l\u2019id\u00e9e qui arrive, qui peut chan\u00adger la donne, la faire rebon\u00addir.<br><br>Le tilt, cha\u00adcun peut s\u2019en empa\u00adrer&nbsp;: le til\u00adter, qui serait un peu le \u00ab&nbsp;ma\u00eetre du tilt&nbsp;\u00bb, ou son d\u00e9ci\u00adm\u00e8tre, ou son cen\u00adti\u00adm\u00e8tre&nbsp;; mais aus\u00adsi, quand ils en sentent la n\u00e9ces\u00adsi\u00adt\u00e9, le dan\u00adseur et le public en id\u00e9e d\u2019intervenir, de chan\u00adger quelque chose, de pro\u00adpo\u00adser\u2026<br><br>Autant le clap\u00adpe\u00adment de main tel qu\u2019on le pra\u00adti\u00adquait pou\u00advait \u00eatre un arr\u00eat<br>autant le tilt peut \u00eatre une pro\u00adpo\u00adsi\u00adtion pour aller de l\u2019avant, remuer la car\u00adcasse, se sur\u00adprendre, se r\u00e9veiller, lais\u00adser les neu\u00adrones s\u2019\u00e9panouir et se bros\u00adser le dos<br>his\u00adtoire de prendre un peu de liber\u00adt\u00e9\u2026<br><br>Andr\u00e9ine<br><br>PS&nbsp;: Pour cer\u00adtains des pra\u00adti\u00adquants de danse forum, ce terme ne leur parle pas, il ne sera donc pas adop\u00adt\u00e9 pour le moment.<br><br><b>Neige vio\u00adlente -<\/b><br><br>tant de choses \u00e0&nbsp;\u00e9crire<br><br>encore<b><\/b><br><br>Hashi\u00admo\u00adto Taka\u00adko<br><br><br><br><i>F\u00e9vrier 2011<\/i><br><br>Je reviens sur le mot \u00ab&nbsp;Til\u00adter&nbsp;\u00bb, pour le repro\u00adpo\u00adser.<br><br>Pour la ter\u00admi\u00adno\u00adlo\u00adgie en danse forum, nous avons opt\u00e9 pour des termes g\u00e9n\u00e9\u00adriques, qui enferment le moins pos\u00adsible, de fa\u00e7on \u00e0&nbsp;pou\u00advoir les faire bou\u00adger de sens au gr\u00e9 de la pra\u00adtique et leur redon\u00adner une richesse quand ils ont \u00e9t\u00e9 d\u00e9voy\u00e9s.<br><br>Pen\u00addant long\u00adtemps, comme nous en avions conve\u00adnu, je me suis effor\u00adc\u00e9e de nom\u00admer mon r\u00f4le lorsque je l\u2019endosse, meneur\/euse, mais je ne m\u2019y suis jamais faite, cela me rend m\u00eame incon\u00adfor\u00adtable, parce que je ne m\u00e8ne en rien qui que ce soit, ni quoique ce soit. \u00ab&nbsp;Ani\u00adma\u00adtrice&nbsp;\u00bb ne convien\u00addrait pas non plus, car en plus d\u2019\u00eatre un terme sou\u00advent \u00e9cu\u00adl\u00e9, je n\u2019ai rien \u00e0&nbsp;ani\u00admer.<br><br>Les autres mots dont nous avons dot\u00e9 la danse forum se sont adap\u00adt\u00e9s sans pro\u00adbl\u00e8me \u00e0&nbsp;l\u2019esprit et la forme de cette pra\u00adtique.<br><br>Don\u00adner un nom \u00e0&nbsp;ce r\u00f4le est n\u00e9ces\u00adsaire&nbsp;: lorsque quelque chose n\u2019est pas nom\u00adm\u00e9, cela n\u2019existe pas, a&nbsp;for\u00adtio\u00adri un r\u00f4le.<br><br>Voi\u00adci ce que je peux dire pour la d\u00e9fense du til\u00adteur<br><br>- c\u2019est un mot inven\u00adt\u00e9, un n\u00e9o\u00adlo\u00adgisme, le seul que nous pour\u00adrions nous per\u00admettre avec le mot danse forum, qui n\u2019existait pas non plus avant que nous \u00e9la\u00adbo\u00adrions ce concept et cette pra\u00adtique. Ce pour\u00adrait \u00eatre notre \u00ab&nbsp;marque de fabrique&nbsp;\u00bb, en quelque sorte (comme je pense \u00ab&nbsp;spec\u00adtac\u00adteur&nbsp;\u00bb est la marque de fabrique du th\u00e9\u00e2tre forum).<br><br>- ce mot inven\u00adt\u00e9 ne vient pas de nulle part, il vient d\u2019un mot exis\u00adtant \u00ab&nbsp;tilt&nbsp;\u00bb (comme \u00ab&nbsp;danse forum&nbsp;\u00bb vient de \u00ab&nbsp;th\u00e9\u00e2tre forum&nbsp;\u00bb, terme qui lui-m\u00eame n\u2019existait pas avant que cette pra\u00adtique ne soit concep\u00adtua\u00adli\u00ads\u00e9e).<br><br>- les d\u00e9fi\u00adni\u00adtions du tilt dans le TLF<br><br>http:\/\/\u200batilf\u200b.atilf\u200b.fr\/\u200bd\u200be\u200bn\u200bd\u200bi\u200be\u200bn\u200b\/\u200bs\u200bc\u200br\u200bi\u200bp\u200bt\u200bs\u200b\/\u200bt\u200bl\u200bf\u200bi\u200bv\u200b5\u200b\/\u200ba\u200bd\u200bv\u200ba\u200bn\u200bc\u200be\u200bd\u200b.\u200be\u200bx\u200be\u200b?\u200b8\u200b;\u200bs\u200b=\u200b1\u200b6\u200b7\u200b1\u200b1\u200b9\u200b4\u200b265&nbsp;;<br><br>o\u00f9 on trouve les notions de jeu, d\u2019arr\u00eat sou\u00addain, de mesure, \u00e9chouer, frap\u00adper l\u2019esprit ou l\u2019attention de quelqu\u2019un, faire com\u00adprendre subi\u00adte\u00adment, \u00e9veiller des sou\u00adve\u00adnirs, sus\u00adci\u00adter des r\u00e9flexions ou des ini\u00adtia\u00adtives, don\u00adner des id\u00e9es, per\u00admettre une remise en ques\u00adtion, une com\u00admu\u00adni\u00adca\u00adtion authen\u00adtique, ren\u00adver\u00adser, bas\u00adcu\u00adler&nbsp;: je retrouve tout cela lorsque je suis dans ce r\u00f4le et que je l\u2019assume.<br><br>- don\u00adner un nom a&nbsp;celui qui (fait) tilt est dr\u00f4le, cela ne se prend pas au s\u00e9rieux, et c\u2019est peut-\u00eatre le point pour moi le plus impor\u00adtant, une signa\u00adture en forme de clin d\u2019\u0153il.<br><br>- nous pour\u00adrions accom\u00adpa\u00adgner ce mot til\u00adteur d\u2019autres mots entre paren\u00adth\u00e8se (celui qui (fait) tilt, trans\u00adcrit les mots, veille aux trois espaces\u2026)<br><br>Je sais que ce terme ne fait pas l\u2019unanimit\u00e9, mais je pro\u00adpose qu\u2019on l\u2019adopte pour l\u2019instant, qu\u2019on l\u2019essaye, et qu\u2019on le rem\u00adplace si un jour on en trouve un meilleur.<br><br>Andr\u00e9ine Bel<br><br>A pro\u00adpos des n\u00e9o\u00adlo\u00adgismes&nbsp;: dans les engue\u00adlades entre dia\u00adlec\u00adto\u00adlogues et socio\u00adlin\u00adguistes je me range presque tou\u00adjours aux c\u00f4t\u00e9s des socio\u00adlin\u00adguistes\u2026 Autre\u00adment dit, de ceux qui refusent une concep\u00adtion aca\u00add\u00e9\u00admique et conser\u00adva\u00adtrice des langues. Les n\u00e9o\u00adlo\u00adgismes font par\u00adtie de la vie d\u2019une langue.<br><br>Mais, dans un monde o\u00f9 les contacts entre langues sont de plus en plus in\u00e9vi\u00adtables, c\u2019est la cr\u00e9o\u00adli\u00adsa\u00adtion qui a&nbsp;le der\u00adnier mot. Donc, dans le choix ou l\u2019invention d\u2019un mot, je regarde en pre\u00admier s\u2019il peut cir\u00adcu\u00adler entre plu\u00adsieurs langues euro\u00adp\u00e9ennes. Cr\u00e9er un mot peut \u00eatre n\u00e9ces\u00adsaire lorsqu\u2019il couvre une id\u00e9e nou\u00advelle bien pr\u00e9\u00adcise. Je n\u2019ai pas inven\u00adt\u00e9 la \u00ab&nbsp;bra\u00advi\u00adtude&nbsp;\u00bb, mais \u00ab&nbsp;poly\u00adme\u00adtric struc\u00adture&nbsp;\u00bb m\u2019a ouvert de nom\u00adbreuses portes.<br><br>Reprendre un mot en fai\u00adsant glis\u00adser son sens peut \u00eatre un exer\u00adcice exci\u00adtant entre ini\u00adti\u00e9s, mais c\u2019est catas\u00adtro\u00adphique dans l\u2019interlangue. Des mots comme \u00ab&nbsp;d\u00e9cons\u00adtruc\u00adtion&nbsp;\u00bb et \u00ab&nbsp;pro\u00adbl\u00e9\u00adma\u00adti\u00adsa\u00adtion&nbsp;\u00bb en sont de tristes exemples, nous l\u2019avons d\u00e9j\u00e0 vu.<br><br>Le mot \u00ab&nbsp;tilt&nbsp;\u00bb se pro\u00adpage dans toutes les langues euro\u00adp\u00e9ennes. (Je suis s\u00fbr que les Japo\u00adnais vont ado\u00adrer.) Par contre, un mot comme \u00ab&nbsp;meneur&nbsp;\u00bb se tra\u00adduit par des mots \u00e0&nbsp;r\u00e9son\u00adnances plu\u00adt\u00f4t glauques&nbsp;: leader\/F\u00fchrer\/duce\/\u2026<br><br>M\u00eame dans sa conno\u00adta\u00adtion ludique, le tilt peut se faire savou\u00adreux&nbsp;:<br><br>&gt;Dis\u00adpo\u00adsi\u00adtif dont sont munis les billards \u00e9lec\u00adtriques et qui inter\u00adrompt la par\u00adtie d\u00e8s que le joueur secoue trop l\u2019appareil pour am\u00e9\u00adlio\u00adrer son score&nbsp;; signal lumi\u00adneux indi\u00adquant par le mot tilt que la par\u00adtie est inter\u00adrom\u00adpue. Il faut avoir la pos\u00adsi\u00adbi\u00adli\u00adt\u00e9 de tri\u00adcher en secouant l\u2019appareil. Le tilt n\u2019indique qu\u2019une limite \u00e0&nbsp;ne pas d\u00e9pas\u00adser. C\u2019est une menace d\u00e9li\u00adcieuse, un risque sup\u00adpl\u00e9\u00admen\u00adtaire, une sorte de second jeu gref\u00adf\u00e9 sur le pre\u00admier (Jeux et sports, 1967, p. 1127). Un peu de dou\u00adceur, un peu de vio\u00adlence, pas trop, sous peine de d\u00e9clen\u00adcher le \u00ab&nbsp;tilt&nbsp;\u00bb, l\u2019arr\u00eat de l\u2019appareil, le n\u00e9ant, la mort (Le Nou\u00advel Obser\u00adva\u00adteur, 2&nbsp;avr. 1973, p. 53, col. 1).<br><br>Une menace d\u00e9li\u00adcieuse&nbsp;: on va se pro\u00adbl\u00e9\u00adma\u00adti\u00adser \u00e7a&nbsp;! \ud83d\ude42<br><br>Ber\u00adnard&nbsp;Bel<\/p><p style=\"color:green; text-align:right !important;\">Article cr\u00e9\u00e9 le 16\/02\/2020<\/p>","protected":false},"excerpt":{"rendered":"<p>Danse forum\u2192 Ter\u00admi\u00adno\u00adlo\u00adgie !!Le til\u00adter Je r\u00e9ponds ici \u00e0&nbsp;cer\u00adtains d\u2019entre vous qui me demandent des pr\u00e9\u00adci\u00adsions sur le til\u00adter, le lien entre le tilt et le til\u00adter, le r\u00f4le du til\u00adter. Ber\u00adnard Bel com\u00adpl\u00e8te la r\u00e9flexion en fin d\u2019article. Le mot est pure inven\u00adtion\u2026 et pro\u00adpo\u00adsi\u00adtion si tu inventes le tilt, tu inventes le til\u00adter&nbsp;! Nous ver\u00adrons bien si ce mot fait son che\u00admin et com\u00adment, ou si nous en trou\u00advons un meilleur. Depuis long\u00adtemps nous vou\u00adlions trou\u00adver un&nbsp;nom&nbsp;[\u2026]<\/p>\n","protected":false},"author":2,"featured_media":0,"comment_status":"open","ping_status":"open","sticky":false,"template":"","format":"standard","meta":{"wp_typography_post_enhancements_disabled":false,"footnotes":""},"categories":[23],"tags":[148],"class_list":["post-168","post","type-post","status-publish","format-standard","hentry","category-terminologie","tag-df_terminologie"],"yoast_head":"<!-- This site is optimized with the Yoast SEO plugin v27.5 - https:\/\/yoast.com\/product\/yoast-seo-wordpress\/ -->\n<title>Le tilter - Le TILT<\/title>\n<meta name=\"robots\" content=\"index, follow, max-snippet:-1, max-image-preview:large, max-video-preview:-1\" \/>\n<link rel=\"canonical\" href=\"https:\/\/www.leti.lt\/wordpress\/danseforum-letilter\/\" \/>\n<meta property=\"og:locale\" content=\"fr_FR\" \/>\n<meta property=\"og:type\" content=\"article\" \/>\n<meta property=\"og:title\" content=\"Le tilter - Le TILT\" \/>\n<meta property=\"og:description\" content=\"Danse forum\u2192 Ter\u00admi\u00adno\u00adlo\u00adgie !!Le til\u00adter Je r\u00e9ponds ici \u00e0&nbsp;cer\u00adtains d\u2019entre vous qui me demandent des pr\u00e9\u00adci\u00adsions sur le til\u00adter, le lien entre le tilt et le til\u00adter, le r\u00f4le du tilter. Ber\u00adnard Bel com\u00adpl\u00e8te la r\u00e9flexion en fin d\u2019article. Le mot est pure inven\u00adtion\u2026 et proposition si tu inventes le tilt, tu inventes le tilter&nbsp;! Nous ver\u00adrons bien si ce mot fait son che\u00admin et com\u00adment, ou si nous en trou\u00advons un meilleur. Depuis long\u00adtemps nous vou\u00adlions trou\u00adver un nom [&hellip;]\" \/>\n<meta property=\"og:url\" content=\"https:\/\/www.leti.lt\/wordpress\/danseforum-letilter\/\" \/>\n<meta property=\"og:site_name\" content=\"Le TILT\" \/>\n<meta property=\"article:published_time\" content=\"2020-02-16T14:30:32+00:00\" \/>\n<meta name=\"author\" content=\"Andr\u00e9ine Bel\" \/>\n<meta name=\"twitter:card\" content=\"summary_large_image\" \/>\n<meta name=\"twitter:label1\" content=\"\u00c9crit par\" \/>\n\t<meta name=\"twitter:data1\" content=\"Andr\u00e9ine Bel\" \/>\n\t<meta name=\"twitter:label2\" content=\"Dur\u00e9e de lecture estim\u00e9e\" \/>\n\t<meta name=\"twitter:data2\" content=\"7 minutes\" \/>\n<script type=\"application\/ld+json\" class=\"yoast-schema-graph\">{\"@context\":\"https:\\\/\\\/schema.org\",\"@graph\":[{\"@type\":\"Article\",\"@id\":\"https:\\\/\\\/www.leti.lt\\\/wordpress\\\/danseforum-letilter\\\/#article\",\"isPartOf\":{\"@id\":\"https:\\\/\\\/www.leti.lt\\\/wordpress\\\/danseforum-letilter\\\/\"},\"author\":{\"name\":\"Andr\u00e9ine Bel\",\"@id\":\"https:\\\/\\\/www.leti.lt\\\/wordpress\\\/#\\\/schema\\\/person\\\/9bb307b2af8fbb575bb3603e57951f75\"},\"headline\":\"Le tilter\",\"datePublished\":\"2020-02-16T14:30:32+00:00\",\"mainEntityOfPage\":{\"@id\":\"https:\\\/\\\/www.leti.lt\\\/wordpress\\\/danseforum-letilter\\\/\"},\"wordCount\":1330,\"commentCount\":0,\"keywords\":[\"DF_Terminologie\"],\"articleSection\":[\"Terminologie\"],\"inLanguage\":\"fr-FR\",\"potentialAction\":[{\"@type\":\"CommentAction\",\"name\":\"Comment\",\"target\":[\"https:\\\/\\\/www.leti.lt\\\/wordpress\\\/danseforum-letilter\\\/#respond\"]}]},{\"@type\":\"WebPage\",\"@id\":\"https:\\\/\\\/www.leti.lt\\\/wordpress\\\/danseforum-letilter\\\/\",\"url\":\"https:\\\/\\\/www.leti.lt\\\/wordpress\\\/danseforum-letilter\\\/\",\"name\":\"Le tilter - Le TILT\",\"isPartOf\":{\"@id\":\"https:\\\/\\\/www.leti.lt\\\/wordpress\\\/#website\"},\"datePublished\":\"2020-02-16T14:30:32+00:00\",\"author\":{\"@id\":\"https:\\\/\\\/www.leti.lt\\\/wordpress\\\/#\\\/schema\\\/person\\\/9bb307b2af8fbb575bb3603e57951f75\"},\"breadcrumb\":{\"@id\":\"https:\\\/\\\/www.leti.lt\\\/wordpress\\\/danseforum-letilter\\\/#breadcrumb\"},\"inLanguage\":\"fr-FR\",\"potentialAction\":[{\"@type\":\"ReadAction\",\"target\":[\"https:\\\/\\\/www.leti.lt\\\/wordpress\\\/danseforum-letilter\\\/\"]}]},{\"@type\":\"BreadcrumbList\",\"@id\":\"https:\\\/\\\/www.leti.lt\\\/wordpress\\\/danseforum-letilter\\\/#breadcrumb\",\"itemListElement\":[{\"@type\":\"ListItem\",\"position\":1,\"name\":\"Accueil\",\"item\":\"https:\\\/\\\/www.leti.lt\\\/wordpress\\\/\"},{\"@type\":\"ListItem\",\"position\":2,\"name\":\"Le tilter\"}]},{\"@type\":\"WebSite\",\"@id\":\"https:\\\/\\\/www.leti.lt\\\/wordpress\\\/#website\",\"url\":\"https:\\\/\\\/www.leti.lt\\\/wordpress\\\/\",\"name\":\"Le TILT\",\"description\":\"Recherche, publication, cr\u00e9ation artistique\",\"potentialAction\":[{\"@type\":\"SearchAction\",\"target\":{\"@type\":\"EntryPoint\",\"urlTemplate\":\"https:\\\/\\\/www.leti.lt\\\/wordpress\\\/?s={search_term_string}\"},\"query-input\":{\"@type\":\"PropertyValueSpecification\",\"valueRequired\":true,\"valueName\":\"search_term_string\"}}],\"inLanguage\":\"fr-FR\"},{\"@type\":\"Person\",\"@id\":\"https:\\\/\\\/www.leti.lt\\\/wordpress\\\/#\\\/schema\\\/person\\\/9bb307b2af8fbb575bb3603e57951f75\",\"name\":\"Andr\u00e9ine Bel\",\"image\":{\"@type\":\"ImageObject\",\"inLanguage\":\"fr-FR\",\"@id\":\"https:\\\/\\\/secure.gravatar.com\\\/avatar\\\/4ab041ec7c7ad3b90293023e86528ec1a700ce2971ff61811b2df6b288dd1f38?s=96&d=identicon&r=g\",\"url\":\"https:\\\/\\\/secure.gravatar.com\\\/avatar\\\/4ab041ec7c7ad3b90293023e86528ec1a700ce2971ff61811b2df6b288dd1f38?s=96&d=identicon&r=g\",\"contentUrl\":\"https:\\\/\\\/secure.gravatar.com\\\/avatar\\\/4ab041ec7c7ad3b90293023e86528ec1a700ce2971ff61811b2df6b288dd1f38?s=96&d=identicon&r=g\",\"caption\":\"Andr\u00e9ine Bel\"},\"url\":\"https:\\\/\\\/www.leti.lt\\\/wordpress\\\/author\\\/andreine\\\/\"}]}<\/script>\n<!-- \/ Yoast SEO plugin. -->","yoast_head_json":{"title":"Le tilter - Le TILT","robots":{"index":"index","follow":"follow","max-snippet":"max-snippet:-1","max-image-preview":"max-image-preview:large","max-video-preview":"max-video-preview:-1"},"canonical":"https:\/\/www.leti.lt\/wordpress\/danseforum-letilter\/","og_locale":"fr_FR","og_type":"article","og_title":"Le tilter - Le TILT","og_description":"Danse forum\u2192 Ter\u00admi\u00adno\u00adlo\u00adgie !!Le til\u00adter Je r\u00e9ponds ici \u00e0&nbsp;cer\u00adtains d\u2019entre vous qui me demandent des pr\u00e9\u00adci\u00adsions sur le til\u00adter, le lien entre le tilt et le til\u00adter, le r\u00f4le du tilter. Ber\u00adnard Bel com\u00adpl\u00e8te la r\u00e9flexion en fin d\u2019article. Le mot est pure inven\u00adtion\u2026 et proposition si tu inventes le tilt, tu inventes le tilter&nbsp;! Nous ver\u00adrons bien si ce mot fait son che\u00admin et com\u00adment, ou si nous en trou\u00advons un meilleur. Depuis long\u00adtemps nous vou\u00adlions trou\u00adver un nom [&hellip;]","og_url":"https:\/\/www.leti.lt\/wordpress\/danseforum-letilter\/","og_site_name":"Le TILT","article_published_time":"2020-02-16T14:30:32+00:00","author":"Andr\u00e9ine Bel","twitter_card":"summary_large_image","twitter_misc":{"\u00c9crit par":"Andr\u00e9ine Bel","Dur\u00e9e de lecture estim\u00e9e":"7 minutes"},"schema":{"@context":"https:\/\/schema.org","@graph":[{"@type":"Article","@id":"https:\/\/www.leti.lt\/wordpress\/danseforum-letilter\/#article","isPartOf":{"@id":"https:\/\/www.leti.lt\/wordpress\/danseforum-letilter\/"},"author":{"name":"Andr\u00e9ine Bel","@id":"https:\/\/www.leti.lt\/wordpress\/#\/schema\/person\/9bb307b2af8fbb575bb3603e57951f75"},"headline":"Le tilter","datePublished":"2020-02-16T14:30:32+00:00","mainEntityOfPage":{"@id":"https:\/\/www.leti.lt\/wordpress\/danseforum-letilter\/"},"wordCount":1330,"commentCount":0,"keywords":["DF_Terminologie"],"articleSection":["Terminologie"],"inLanguage":"fr-FR","potentialAction":[{"@type":"CommentAction","name":"Comment","target":["https:\/\/www.leti.lt\/wordpress\/danseforum-letilter\/#respond"]}]},{"@type":"WebPage","@id":"https:\/\/www.leti.lt\/wordpress\/danseforum-letilter\/","url":"https:\/\/www.leti.lt\/wordpress\/danseforum-letilter\/","name":"Le tilter - Le TILT","isPartOf":{"@id":"https:\/\/www.leti.lt\/wordpress\/#website"},"datePublished":"2020-02-16T14:30:32+00:00","author":{"@id":"https:\/\/www.leti.lt\/wordpress\/#\/schema\/person\/9bb307b2af8fbb575bb3603e57951f75"},"breadcrumb":{"@id":"https:\/\/www.leti.lt\/wordpress\/danseforum-letilter\/#breadcrumb"},"inLanguage":"fr-FR","potentialAction":[{"@type":"ReadAction","target":["https:\/\/www.leti.lt\/wordpress\/danseforum-letilter\/"]}]},{"@type":"BreadcrumbList","@id":"https:\/\/www.leti.lt\/wordpress\/danseforum-letilter\/#breadcrumb","itemListElement":[{"@type":"ListItem","position":1,"name":"Accueil","item":"https:\/\/www.leti.lt\/wordpress\/"},{"@type":"ListItem","position":2,"name":"Le tilter"}]},{"@type":"WebSite","@id":"https:\/\/www.leti.lt\/wordpress\/#website","url":"https:\/\/www.leti.lt\/wordpress\/","name":"Le TILT","description":"Recherche, publication, cr\u00e9ation artistique","potentialAction":[{"@type":"SearchAction","target":{"@type":"EntryPoint","urlTemplate":"https:\/\/www.leti.lt\/wordpress\/?s={search_term_string}"},"query-input":{"@type":"PropertyValueSpecification","valueRequired":true,"valueName":"search_term_string"}}],"inLanguage":"fr-FR"},{"@type":"Person","@id":"https:\/\/www.leti.lt\/wordpress\/#\/schema\/person\/9bb307b2af8fbb575bb3603e57951f75","name":"Andr\u00e9ine Bel","image":{"@type":"ImageObject","inLanguage":"fr-FR","@id":"https:\/\/secure.gravatar.com\/avatar\/4ab041ec7c7ad3b90293023e86528ec1a700ce2971ff61811b2df6b288dd1f38?s=96&d=identicon&r=g","url":"https:\/\/secure.gravatar.com\/avatar\/4ab041ec7c7ad3b90293023e86528ec1a700ce2971ff61811b2df6b288dd1f38?s=96&d=identicon&r=g","contentUrl":"https:\/\/secure.gravatar.com\/avatar\/4ab041ec7c7ad3b90293023e86528ec1a700ce2971ff61811b2df6b288dd1f38?s=96&d=identicon&r=g","caption":"Andr\u00e9ine Bel"},"url":"https:\/\/www.leti.lt\/wordpress\/author\/andreine\/"}]}},"_links":{"self":[{"href":"https:\/\/www.leti.lt\/wordpress\/wp-json\/wp\/v2\/posts\/168","targetHints":{"allow":["GET"]}}],"collection":[{"href":"https:\/\/www.leti.lt\/wordpress\/wp-json\/wp\/v2\/posts"}],"about":[{"href":"https:\/\/www.leti.lt\/wordpress\/wp-json\/wp\/v2\/types\/post"}],"author":[{"embeddable":true,"href":"https:\/\/www.leti.lt\/wordpress\/wp-json\/wp\/v2\/users\/2"}],"replies":[{"embeddable":true,"href":"https:\/\/www.leti.lt\/wordpress\/wp-json\/wp\/v2\/comments?post=168"}],"version-history":[{"count":0,"href":"https:\/\/www.leti.lt\/wordpress\/wp-json\/wp\/v2\/posts\/168\/revisions"}],"wp:attachment":[{"href":"https:\/\/www.leti.lt\/wordpress\/wp-json\/wp\/v2\/media?parent=168"}],"wp:term":[{"taxonomy":"category","embeddable":true,"href":"https:\/\/www.leti.lt\/wordpress\/wp-json\/wp\/v2\/categories?post=168"},{"taxonomy":"post_tag","embeddable":true,"href":"https:\/\/www.leti.lt\/wordpress\/wp-json\/wp\/v2\/tags?post=168"}],"curies":[{"name":"wp","href":"https:\/\/api.w.org\/{rel}","templated":true}]}}