{"id":164,"date":"2020-02-16T15:30:32","date_gmt":"2020-02-16T14:30:32","guid":{"rendered":"https:\/\/www.leti.lt\/wordpress\/?p=164"},"modified":"-0001-11-30T00:00:00","modified_gmt":"-0001-11-29T22:00:00","slug":"danseforum-leregard","status":"publish","type":"post","link":"https:\/\/www.leti.lt\/wordpress\/danseforum-leregard\/","title":{"rendered":"Le regard"},"content":{"rendered":"<p><a href=\"https:\/\/www.leti.lt\/wordpress\/danseforum-danseforum\/\">Danse forum<\/a><br>\u2192 <a href=\"https:\/\/www.leti.lt\/wordpress\/danseforum-comptesrendusateliers\/\">Comptes-ren\u00addus des ate\u00adliers<\/a><br>\u2192 <a href=\"https:\/\/www.leti.lt\/wordpress\/danseforum-lambesc\/\">Lam\u00adbesc<\/a><br><br>!!Le regard \u2013 26 novembre 2005<br><br>Le leit\u00admo\u00adtiv de la s\u00e9ance \u00e9tait le regard, du regard \u00e0&nbsp;l\u2019impression, de l\u2019impression \u00e0&nbsp;l\u2019expression, de l\u2019expression \u00e0&nbsp;l\u2019expressivit\u00e9, au per\u00ad\u00e7u .<br><br>Cha\u00adcun a&nbsp;per\u00ad\u00e7u une musique dif\u00adf\u00e9\u00adrente ou dif\u00adf\u00e9\u00adrem\u00adment per\u00ad\u00e7u le mor\u00adceau de musique en fonc\u00adtion de l\u2019expression ren\u00advoy\u00e9e par celui qui ex\u00e9\u00adcu\u00adtait l\u2019exercice <br><br>La danse forum&nbsp;: dis\u00adtance entre l\u2019\u00e9motion res\u00adsen\u00adtie, l\u2019\u00e9motion expri\u00adm\u00e9e, l\u2019\u00e9motion per\u00ad\u00e7ue par l\u2019autre <br><br>Nous avons ain\u00adsi explo\u00adr\u00e9 la pre-expres\u00adsi\u00advi\u00adt\u00e9 ch\u00e8re \u00e0&nbsp;Euge\u00adnio Bar\u00adba, o\u00f9 l\u2019expression \u00e9mo\u00adtive nait de la posi\u00adtion du corps (ici, axe de la t\u00eate par rap\u00adport \u00e0&nbsp;celui des yeux), sans que cette expres\u00adsion soit anti\u00adci\u00adp\u00e9e par un condi\u00adtion\u00adne\u00adment ou posi\u00adtion\u00adne\u00adment psy\u00adcho\u00adlo\u00adgique. Nous avons ain\u00adsi d\u00e9mon\u00adtr\u00e9 qu\u2019il n\u2019est pas besoin d\u2019\u00eatre triste ou arro\u00adgant pour expri\u00admer de la tris\u00adtesse et de l\u2019arrogance ou l\u2019infinit\u00e9 des expres\u00adsions \u00e9mo\u00adtion\u00adnelles pos\u00adsibles. En fai\u00adsant jouer seule\u00adment les axes, les \u00e9mo\u00adtions naissent d\u2019elle-m\u00eames.<br><br>Alors que l\u2019expressivit\u00e9 serait de se mettre dans tel ou tel \u00e9tat psy\u00adcho\u00adlo\u00adgique et de lais\u00adser le corps refl\u00e9\u00adter cet \u00e9tat en se posi\u00adtion\u00adnant comme ceci ou comme cela.<br><br>Marie Bon\u00adny et Andr\u00e9ine Bel<\/p><p style=\"color:green; text-align:right !important;\">Article cr\u00e9\u00e9 le 16\/02\/2020<\/p>","protected":false},"excerpt":{"rendered":"<p>Danse forum\u2192 Comptes-ren\u00ad\u00addus des ate\u00adliers\u2192 Lam\u00adbesc !!Le regard \u2013 26 novembre 2005 Le leit\u00admo\u00adtiv de la s\u00e9ance \u00e9tait le regard, du regard \u00e0&nbsp;l\u2019impression, de l\u2019impression \u00e0&nbsp;l\u2019expression, de l\u2019expression \u00e0&nbsp;l\u2019expressivit\u00e9, au&nbsp;per\u00ad\u00e7u&nbsp;. Cha\u00adcun a&nbsp;per\u00ad\u00e7u une musique dif\u00adf\u00e9\u00adrente ou dif\u00adf\u00e9\u00adrem\u00adment per\u00ad\u00e7u le mor\u00adceau de musique en fonc\u00adtion de l\u2019expression ren\u00advoy\u00e9e par celui qui ex\u00e9\u00adcu\u00adtait l\u2019exercice La danse forum&nbsp;: dis\u00adtance entre l\u2019\u00e9motion res\u00adsen\u00adtie, l\u2019\u00e9motion expri\u00adm\u00e9e, l\u2019\u00e9motion per\u00ad\u00e7ue par l\u2019autre Nous avons ain\u00adsi explo\u00adr\u00e9 la pre-expres\u00ad\u00adsi\u00ad\u00advi\u00ad\u00adt\u00e9 ch\u00e8re \u00e0&nbsp;Euge\u00adnio Bar\u00adba, o\u00f9 l\u2019expression \u00e9mo\u00adtive nait de&nbsp;la&nbsp;[\u2026]<\/p>\n","protected":false},"author":2,"featured_media":0,"comment_status":"open","ping_status":"open","sticky":false,"template":"","format":"standard","meta":{"wp_typography_post_enhancements_disabled":false,"footnotes":""},"categories":[184],"tags":[208],"class_list":["post-164","post","type-post","status-publish","format-standard","hentry","category-ateliers_lambesc","tag-df_lambesc"],"yoast_head":"<!-- This site is optimized with the Yoast SEO plugin v27.5 - https:\/\/yoast.com\/product\/yoast-seo-wordpress\/ -->\n<title>Le regard - Le TILT<\/title>\n<meta name=\"robots\" content=\"index, follow, max-snippet:-1, max-image-preview:large, max-video-preview:-1\" \/>\n<link rel=\"canonical\" href=\"https:\/\/www.leti.lt\/wordpress\/danseforum-leregard\/\" \/>\n<meta property=\"og:locale\" content=\"fr_FR\" \/>\n<meta property=\"og:type\" content=\"article\" \/>\n<meta property=\"og:title\" content=\"Le regard - Le TILT\" \/>\n<meta property=\"og:description\" content=\"Danse forum\u2192 Comptes-ren\u00addus des ate\u00adliers\u2192 Lam\u00adbesc !!Le regard \u2013 26 novembre 2005 Le leit\u00admo\u00adtiv de la s\u00e9ance \u00e9tait le regard, du regard \u00e0&nbsp;l\u2019impression, de l\u2019impression \u00e0&nbsp;l\u2019expression, de l\u2019expression \u00e0&nbsp;l\u2019expressivit\u00e9, au&nbsp;per\u00e7u&nbsp;. Cha\u00adcun a&nbsp;per\u00ad\u00e7u une musique dif\u00adf\u00e9\u00adrente ou dif\u00adf\u00e9\u00adrem\u00adment per\u00ad\u00e7u le mor\u00adceau de musique en fonc\u00adtion de l\u2019expression ren\u00advoy\u00e9e par celui qui ex\u00e9\u00adcu\u00adtait l\u2019exercice La danse forum&nbsp;: dis\u00adtance entre l\u2019\u00e9motion res\u00adsen\u00adtie, l\u2019\u00e9motion expri\u00adm\u00e9e, l\u2019\u00e9motion per\u00ad\u00e7ue par l\u2019autre Nous avons ain\u00adsi explo\u00adr\u00e9 la pre-expres\u00adsi\u00advi\u00adt\u00e9 ch\u00e8re \u00e0&nbsp;Euge\u00adnio Bar\u00adba, o\u00f9 l\u2019expression \u00e9mo\u00adtive nait de la [&hellip;]\" \/>\n<meta property=\"og:url\" content=\"https:\/\/www.leti.lt\/wordpress\/danseforum-leregard\/\" \/>\n<meta property=\"og:site_name\" content=\"Le TILT\" \/>\n<meta property=\"article:published_time\" content=\"2020-02-16T14:30:32+00:00\" \/>\n<meta name=\"author\" content=\"Andr\u00e9ine Bel\" \/>\n<meta name=\"twitter:card\" content=\"summary_large_image\" \/>\n<meta name=\"twitter:label1\" content=\"\u00c9crit par\" \/>\n\t<meta name=\"twitter:data1\" content=\"Andr\u00e9ine Bel\" \/>\n\t<meta name=\"twitter:label2\" content=\"Dur\u00e9e de lecture estim\u00e9e\" \/>\n\t<meta name=\"twitter:data2\" content=\"1 minute\" \/>\n<script type=\"application\/ld+json\" class=\"yoast-schema-graph\">{\"@context\":\"https:\\\/\\\/schema.org\",\"@graph\":[{\"@type\":\"Article\",\"@id\":\"https:\\\/\\\/www.leti.lt\\\/wordpress\\\/danseforum-leregard\\\/#article\",\"isPartOf\":{\"@id\":\"https:\\\/\\\/www.leti.lt\\\/wordpress\\\/danseforum-leregard\\\/\"},\"author\":{\"name\":\"Andr\u00e9ine Bel\",\"@id\":\"https:\\\/\\\/www.leti.lt\\\/wordpress\\\/#\\\/schema\\\/person\\\/9bb307b2af8fbb575bb3603e57951f75\"},\"headline\":\"Le regard\",\"datePublished\":\"2020-02-16T14:30:32+00:00\",\"mainEntityOfPage\":{\"@id\":\"https:\\\/\\\/www.leti.lt\\\/wordpress\\\/danseforum-leregard\\\/\"},\"wordCount\":213,\"commentCount\":0,\"keywords\":[\"DF_Lambesc\"],\"articleSection\":[\"Ateliers Lambesc\"],\"inLanguage\":\"fr-FR\",\"potentialAction\":[{\"@type\":\"CommentAction\",\"name\":\"Comment\",\"target\":[\"https:\\\/\\\/www.leti.lt\\\/wordpress\\\/danseforum-leregard\\\/#respond\"]}]},{\"@type\":\"WebPage\",\"@id\":\"https:\\\/\\\/www.leti.lt\\\/wordpress\\\/danseforum-leregard\\\/\",\"url\":\"https:\\\/\\\/www.leti.lt\\\/wordpress\\\/danseforum-leregard\\\/\",\"name\":\"Le regard - Le TILT\",\"isPartOf\":{\"@id\":\"https:\\\/\\\/www.leti.lt\\\/wordpress\\\/#website\"},\"datePublished\":\"2020-02-16T14:30:32+00:00\",\"author\":{\"@id\":\"https:\\\/\\\/www.leti.lt\\\/wordpress\\\/#\\\/schema\\\/person\\\/9bb307b2af8fbb575bb3603e57951f75\"},\"breadcrumb\":{\"@id\":\"https:\\\/\\\/www.leti.lt\\\/wordpress\\\/danseforum-leregard\\\/#breadcrumb\"},\"inLanguage\":\"fr-FR\",\"potentialAction\":[{\"@type\":\"ReadAction\",\"target\":[\"https:\\\/\\\/www.leti.lt\\\/wordpress\\\/danseforum-leregard\\\/\"]}]},{\"@type\":\"BreadcrumbList\",\"@id\":\"https:\\\/\\\/www.leti.lt\\\/wordpress\\\/danseforum-leregard\\\/#breadcrumb\",\"itemListElement\":[{\"@type\":\"ListItem\",\"position\":1,\"name\":\"Accueil\",\"item\":\"https:\\\/\\\/www.leti.lt\\\/wordpress\\\/\"},{\"@type\":\"ListItem\",\"position\":2,\"name\":\"Le regard\"}]},{\"@type\":\"WebSite\",\"@id\":\"https:\\\/\\\/www.leti.lt\\\/wordpress\\\/#website\",\"url\":\"https:\\\/\\\/www.leti.lt\\\/wordpress\\\/\",\"name\":\"Le TILT\",\"description\":\"Recherche, publication, cr\u00e9ation artistique\",\"potentialAction\":[{\"@type\":\"SearchAction\",\"target\":{\"@type\":\"EntryPoint\",\"urlTemplate\":\"https:\\\/\\\/www.leti.lt\\\/wordpress\\\/?s={search_term_string}\"},\"query-input\":{\"@type\":\"PropertyValueSpecification\",\"valueRequired\":true,\"valueName\":\"search_term_string\"}}],\"inLanguage\":\"fr-FR\"},{\"@type\":\"Person\",\"@id\":\"https:\\\/\\\/www.leti.lt\\\/wordpress\\\/#\\\/schema\\\/person\\\/9bb307b2af8fbb575bb3603e57951f75\",\"name\":\"Andr\u00e9ine Bel\",\"image\":{\"@type\":\"ImageObject\",\"inLanguage\":\"fr-FR\",\"@id\":\"https:\\\/\\\/secure.gravatar.com\\\/avatar\\\/4ab041ec7c7ad3b90293023e86528ec1a700ce2971ff61811b2df6b288dd1f38?s=96&d=identicon&r=g\",\"url\":\"https:\\\/\\\/secure.gravatar.com\\\/avatar\\\/4ab041ec7c7ad3b90293023e86528ec1a700ce2971ff61811b2df6b288dd1f38?s=96&d=identicon&r=g\",\"contentUrl\":\"https:\\\/\\\/secure.gravatar.com\\\/avatar\\\/4ab041ec7c7ad3b90293023e86528ec1a700ce2971ff61811b2df6b288dd1f38?s=96&d=identicon&r=g\",\"caption\":\"Andr\u00e9ine Bel\"},\"url\":\"https:\\\/\\\/www.leti.lt\\\/wordpress\\\/author\\\/andreine\\\/\"}]}<\/script>\n<!-- \/ Yoast SEO plugin. -->","yoast_head_json":{"title":"Le regard - Le TILT","robots":{"index":"index","follow":"follow","max-snippet":"max-snippet:-1","max-image-preview":"max-image-preview:large","max-video-preview":"max-video-preview:-1"},"canonical":"https:\/\/www.leti.lt\/wordpress\/danseforum-leregard\/","og_locale":"fr_FR","og_type":"article","og_title":"Le regard - Le TILT","og_description":"Danse forum\u2192 Comptes-ren\u00addus des ate\u00adliers\u2192 Lam\u00adbesc !!Le regard \u2013 26 novembre 2005 Le leit\u00admo\u00adtiv de la s\u00e9ance \u00e9tait le regard, du regard \u00e0&nbsp;l\u2019impression, de l\u2019impression \u00e0&nbsp;l\u2019expression, de l\u2019expression \u00e0&nbsp;l\u2019expressivit\u00e9, au&nbsp;per\u00e7u&nbsp;. Cha\u00adcun a&nbsp;per\u00ad\u00e7u une musique dif\u00adf\u00e9\u00adrente ou dif\u00adf\u00e9\u00adrem\u00adment per\u00ad\u00e7u le mor\u00adceau de musique en fonc\u00adtion de l\u2019expression ren\u00advoy\u00e9e par celui qui ex\u00e9\u00adcu\u00adtait l\u2019exercice La danse forum&nbsp;: dis\u00adtance entre l\u2019\u00e9motion res\u00adsen\u00adtie, l\u2019\u00e9motion expri\u00adm\u00e9e, l\u2019\u00e9motion per\u00ad\u00e7ue par l\u2019autre Nous avons ain\u00adsi explo\u00adr\u00e9 la pre-expres\u00adsi\u00advi\u00adt\u00e9 ch\u00e8re \u00e0&nbsp;Euge\u00adnio Bar\u00adba, o\u00f9 l\u2019expression \u00e9mo\u00adtive nait de la [&hellip;]","og_url":"https:\/\/www.leti.lt\/wordpress\/danseforum-leregard\/","og_site_name":"Le TILT","article_published_time":"2020-02-16T14:30:32+00:00","author":"Andr\u00e9ine Bel","twitter_card":"summary_large_image","twitter_misc":{"\u00c9crit par":"Andr\u00e9ine Bel","Dur\u00e9e de lecture estim\u00e9e":"1 minute"},"schema":{"@context":"https:\/\/schema.org","@graph":[{"@type":"Article","@id":"https:\/\/www.leti.lt\/wordpress\/danseforum-leregard\/#article","isPartOf":{"@id":"https:\/\/www.leti.lt\/wordpress\/danseforum-leregard\/"},"author":{"name":"Andr\u00e9ine Bel","@id":"https:\/\/www.leti.lt\/wordpress\/#\/schema\/person\/9bb307b2af8fbb575bb3603e57951f75"},"headline":"Le regard","datePublished":"2020-02-16T14:30:32+00:00","mainEntityOfPage":{"@id":"https:\/\/www.leti.lt\/wordpress\/danseforum-leregard\/"},"wordCount":213,"commentCount":0,"keywords":["DF_Lambesc"],"articleSection":["Ateliers Lambesc"],"inLanguage":"fr-FR","potentialAction":[{"@type":"CommentAction","name":"Comment","target":["https:\/\/www.leti.lt\/wordpress\/danseforum-leregard\/#respond"]}]},{"@type":"WebPage","@id":"https:\/\/www.leti.lt\/wordpress\/danseforum-leregard\/","url":"https:\/\/www.leti.lt\/wordpress\/danseforum-leregard\/","name":"Le regard - Le TILT","isPartOf":{"@id":"https:\/\/www.leti.lt\/wordpress\/#website"},"datePublished":"2020-02-16T14:30:32+00:00","author":{"@id":"https:\/\/www.leti.lt\/wordpress\/#\/schema\/person\/9bb307b2af8fbb575bb3603e57951f75"},"breadcrumb":{"@id":"https:\/\/www.leti.lt\/wordpress\/danseforum-leregard\/#breadcrumb"},"inLanguage":"fr-FR","potentialAction":[{"@type":"ReadAction","target":["https:\/\/www.leti.lt\/wordpress\/danseforum-leregard\/"]}]},{"@type":"BreadcrumbList","@id":"https:\/\/www.leti.lt\/wordpress\/danseforum-leregard\/#breadcrumb","itemListElement":[{"@type":"ListItem","position":1,"name":"Accueil","item":"https:\/\/www.leti.lt\/wordpress\/"},{"@type":"ListItem","position":2,"name":"Le regard"}]},{"@type":"WebSite","@id":"https:\/\/www.leti.lt\/wordpress\/#website","url":"https:\/\/www.leti.lt\/wordpress\/","name":"Le TILT","description":"Recherche, publication, cr\u00e9ation artistique","potentialAction":[{"@type":"SearchAction","target":{"@type":"EntryPoint","urlTemplate":"https:\/\/www.leti.lt\/wordpress\/?s={search_term_string}"},"query-input":{"@type":"PropertyValueSpecification","valueRequired":true,"valueName":"search_term_string"}}],"inLanguage":"fr-FR"},{"@type":"Person","@id":"https:\/\/www.leti.lt\/wordpress\/#\/schema\/person\/9bb307b2af8fbb575bb3603e57951f75","name":"Andr\u00e9ine Bel","image":{"@type":"ImageObject","inLanguage":"fr-FR","@id":"https:\/\/secure.gravatar.com\/avatar\/4ab041ec7c7ad3b90293023e86528ec1a700ce2971ff61811b2df6b288dd1f38?s=96&d=identicon&r=g","url":"https:\/\/secure.gravatar.com\/avatar\/4ab041ec7c7ad3b90293023e86528ec1a700ce2971ff61811b2df6b288dd1f38?s=96&d=identicon&r=g","contentUrl":"https:\/\/secure.gravatar.com\/avatar\/4ab041ec7c7ad3b90293023e86528ec1a700ce2971ff61811b2df6b288dd1f38?s=96&d=identicon&r=g","caption":"Andr\u00e9ine Bel"},"url":"https:\/\/www.leti.lt\/wordpress\/author\/andreine\/"}]}},"_links":{"self":[{"href":"https:\/\/www.leti.lt\/wordpress\/wp-json\/wp\/v2\/posts\/164","targetHints":{"allow":["GET"]}}],"collection":[{"href":"https:\/\/www.leti.lt\/wordpress\/wp-json\/wp\/v2\/posts"}],"about":[{"href":"https:\/\/www.leti.lt\/wordpress\/wp-json\/wp\/v2\/types\/post"}],"author":[{"embeddable":true,"href":"https:\/\/www.leti.lt\/wordpress\/wp-json\/wp\/v2\/users\/2"}],"replies":[{"embeddable":true,"href":"https:\/\/www.leti.lt\/wordpress\/wp-json\/wp\/v2\/comments?post=164"}],"version-history":[{"count":0,"href":"https:\/\/www.leti.lt\/wordpress\/wp-json\/wp\/v2\/posts\/164\/revisions"}],"wp:attachment":[{"href":"https:\/\/www.leti.lt\/wordpress\/wp-json\/wp\/v2\/media?parent=164"}],"wp:term":[{"taxonomy":"category","embeddable":true,"href":"https:\/\/www.leti.lt\/wordpress\/wp-json\/wp\/v2\/categories?post=164"},{"taxonomy":"post_tag","embeddable":true,"href":"https:\/\/www.leti.lt\/wordpress\/wp-json\/wp\/v2\/tags?post=164"}],"curies":[{"name":"wp","href":"https:\/\/api.w.org\/{rel}","templated":true}]}}