{"id":163,"date":"2020-02-16T15:30:32","date_gmt":"2020-02-16T14:30:32","guid":{"rendered":"https:\/\/www.leti.lt\/wordpress\/?p=163"},"modified":"-0001-11-30T00:00:00","modified_gmt":"-0001-11-29T22:00:00","slug":"danseforum-lerapportexterieur","status":"publish","type":"post","link":"https:\/\/www.leti.lt\/wordpress\/danseforum-lerapportexterieur\/","title":{"rendered":"Le rapport ext\u00e9rieur"},"content":{"rendered":"<p><a href=\"https:\/\/www.leti.lt\/wordpress\/danseforum-danseforum\/\">Danse forum<\/a><br>\u2192 <a href=\"https:\/\/www.leti.lt\/wordpress\/danseforum-comptesrendusateliers\/\">Comptes-ren\u00addus des ate\u00adliers<\/a><br>\u2192 <a href=\"https:\/\/www.leti.lt\/wordpress\/danseforum-lambesc\/\">Lam\u00adbesc<\/a><br><br>!!Le rap\u00adport \u00e0&nbsp;l\u2019ext\u00e9rieur \u2013 5&nbsp;avril 2008<br><br>Nous \u00e9tions deux, \u00e0&nbsp;avoir besoin d\u2019explorer en pre\u00admier le haut et le bas. O\u00f9 pla\u00adcer le centre de gra\u00advi\u00adt\u00e9 sur la ver\u00adti\u00adca\u00adli\u00adt\u00e9 al\u00e9a\u00adtoire d\u2019une colonne ver\u00adt\u00e9\u00adbrale&nbsp;?<br><br>La pro\u00adbl\u00e9\u00adma\u00adtique est deve\u00adnue celle du centre, de la d\u00e9via\u00adtion\u2026 pour arri\u00adver au rap\u00adport avec le th\u00e8me&nbsp;: com\u00adment \u00eatre au centre du th\u00e8me, ou l\u00e9g\u00e8\u00adre\u00adment d\u00e9vi\u00e9, ou hors sujet.<br><br>Natu\u00adrel\u00adle\u00adment, le rap\u00adport \u00e0&nbsp;l\u2019ext\u00e9rieur a&nbsp;\u00e9t\u00e9 mis sur le tapis, car avec le th\u00e8me, il y&nbsp;a la cam\u00e9\u00adra d\u2019ext\u00e9rieur, la musique, la struc\u00adture de l\u2019espace dans lequel nous dan\u00adsons. Com\u00adment le soliste peut-il retrou\u00adver sa sen\u00adsa\u00adtion interne, mou\u00advante et vivante, en regard avec quelque chose d\u2019ext\u00e9rieur, fixe et d\u00e9ter\u00admi\u00adn\u00e9.<br><br>Cette fac\u00adture du th\u00e8me qui \u00e9merge au milieu de toutes ces don\u00adn\u00e9es nous \u00e9tonne tou\u00adjours. Pour l\u2019\u00e9mergence du th\u00e8me comme pour la danse elle-m\u00eame, nous nous ren\u00addons compte qu\u2019il n\u2019y a&nbsp;pas de \u00ab&nbsp;coup pour rien&nbsp;\u00bb. Comme aux \u00e9checs, un coup pour rien n\u2019est pas ano\u00addin, il va affec\u00adter le reste de la par\u00adtie et le plus sou\u00advent faire perdre celui qui se l\u2019est auto\u00adri\u00ads\u00e9.<br><br>Il en va de m\u00eame avec l\u2019improvisation selon \u00ab&nbsp;l\u2019instant d\u00e9ci\u00adsif&nbsp;\u00bb. L\u2019essai d\u2019un geste qui ne soit pas une n\u00e9ces\u00adsi\u00adt\u00e9 n\u2019est pas sans r\u00e9per\u00adcus\u00adsion. L\u2019intensit\u00e9 baisse imm\u00e9\u00addia\u00adte\u00adment, un rel\u00e2\u00adche\u00adment s\u2019op\u00e8re que l\u2019on subit, un manque d\u2019int\u00e9r\u00eat imm\u00e9\u00addiat s\u2019installe. La barre est ensuite tr\u00e8s dif\u00adfi\u00adcile \u00e0&nbsp;redres\u00adser pour aller avec le fil de l\u2019eau et non contre lui. Dans ces moments, s\u2019arr\u00eater nous a&nbsp;sem\u00adbler le mieux, reve\u00adnir \u00e0&nbsp;un point neutre, pour retrou\u00adver le flux.<br><br>Andr\u00e9ine Bel<br><br>d\u2019apr\u00e8s les retours de&nbsp;: Andr\u00e9ine B, Marie-Aude F.<\/p><p style=\"color:green; text-align:right !important;\">Article cr\u00e9\u00e9 le 16\/02\/2020<\/p>","protected":false},"excerpt":{"rendered":"<p>Danse forum\u2192 Comptes-ren\u00ad\u00addus des ate\u00adliers\u2192 Lam\u00adbesc !!Le rap\u00adport \u00e0&nbsp;l\u2019ext\u00e9rieur \u2013 5&nbsp;avril 2008 Nous \u00e9tions deux, \u00e0&nbsp;avoir besoin d\u2019explorer en pre\u00admier le haut et le bas. O\u00f9 pla\u00adcer le centre de gra\u00advi\u00adt\u00e9 sur la ver\u00adti\u00adca\u00adli\u00adt\u00e9 al\u00e9a\u00adtoire d\u2019une colonne ver\u00adt\u00e9\u00adbrale&nbsp;? La pro\u00adbl\u00e9\u00adma\u00adtique est deve\u00adnue celle du centre, de la d\u00e9via\u00adtion\u2026 pour arri\u00adver au rap\u00adport avec le th\u00e8me&nbsp;: com\u00adment \u00eatre au centre du th\u00e8me, ou l\u00e9g\u00e8\u00adre\u00adment d\u00e9vi\u00e9, ou hors&nbsp;sujet. Natu\u00adrel\u00adle\u00adment, le rap\u00adport \u00e0&nbsp;l\u2019ext\u00e9rieur a&nbsp;\u00e9t\u00e9 mis sur le tapis, car avec le th\u00e8me, il&nbsp;[\u2026]<\/p>\n","protected":false},"author":2,"featured_media":0,"comment_status":"open","ping_status":"open","sticky":false,"template":"","format":"standard","meta":{"wp_typography_post_enhancements_disabled":false,"footnotes":""},"categories":[184],"tags":[208],"class_list":["post-163","post","type-post","status-publish","format-standard","hentry","category-ateliers_lambesc","tag-df_lambesc"],"yoast_head":"<!-- This site is optimized with the Yoast SEO plugin v27.5 - https:\/\/yoast.com\/product\/yoast-seo-wordpress\/ -->\n<title>Le rapport ext\u00e9rieur - Le TILT<\/title>\n<meta name=\"robots\" content=\"index, follow, max-snippet:-1, max-image-preview:large, max-video-preview:-1\" \/>\n<link rel=\"canonical\" href=\"https:\/\/www.leti.lt\/wordpress\/danseforum-lerapportexterieur\/\" \/>\n<meta property=\"og:locale\" content=\"fr_FR\" \/>\n<meta property=\"og:type\" content=\"article\" \/>\n<meta property=\"og:title\" content=\"Le rapport ext\u00e9rieur - Le TILT\" \/>\n<meta property=\"og:description\" content=\"Danse forum\u2192 Comptes-ren\u00addus des ate\u00adliers\u2192 Lam\u00adbesc !!Le rap\u00adport \u00e0&nbsp;l\u2019ext\u00e9rieur \u2013 5&nbsp;avril 2008 Nous \u00e9tions deux, \u00e0&nbsp;avoir besoin d\u2019explorer en pre\u00admier le haut et le bas. O\u00f9 pla\u00adcer le centre de gra\u00advi\u00adt\u00e9 sur la ver\u00adti\u00adca\u00adli\u00adt\u00e9 al\u00e9a\u00adtoire d\u2019une colonne vert\u00e9brale&nbsp;? La pro\u00adbl\u00e9\u00adma\u00adtique est deve\u00adnue celle du centre, de la d\u00e9via\u00adtion\u2026 pour arri\u00adver au rap\u00adport avec le th\u00e8me&nbsp;: com\u00adment \u00eatre au centre du th\u00e8me, ou l\u00e9g\u00e8\u00adre\u00adment d\u00e9vi\u00e9, ou hors&nbsp;sujet. Natu\u00adrel\u00adle\u00adment, le rap\u00adport \u00e0&nbsp;l\u2019ext\u00e9rieur a&nbsp;\u00e9t\u00e9 mis sur le tapis, car avec le th\u00e8me, il [&hellip;]\" \/>\n<meta property=\"og:url\" content=\"https:\/\/www.leti.lt\/wordpress\/danseforum-lerapportexterieur\/\" \/>\n<meta property=\"og:site_name\" content=\"Le TILT\" \/>\n<meta property=\"article:published_time\" content=\"2020-02-16T14:30:32+00:00\" \/>\n<meta name=\"author\" content=\"Andr\u00e9ine Bel\" \/>\n<meta name=\"twitter:card\" content=\"summary_large_image\" \/>\n<meta name=\"twitter:label1\" content=\"\u00c9crit par\" \/>\n\t<meta name=\"twitter:data1\" content=\"Andr\u00e9ine Bel\" \/>\n\t<meta name=\"twitter:label2\" content=\"Dur\u00e9e de lecture estim\u00e9e\" \/>\n\t<meta name=\"twitter:data2\" content=\"2 minutes\" \/>\n<script type=\"application\/ld+json\" class=\"yoast-schema-graph\">{\"@context\":\"https:\\\/\\\/schema.org\",\"@graph\":[{\"@type\":\"Article\",\"@id\":\"https:\\\/\\\/www.leti.lt\\\/wordpress\\\/danseforum-lerapportexterieur\\\/#article\",\"isPartOf\":{\"@id\":\"https:\\\/\\\/www.leti.lt\\\/wordpress\\\/danseforum-lerapportexterieur\\\/\"},\"author\":{\"name\":\"Andr\u00e9ine Bel\",\"@id\":\"https:\\\/\\\/www.leti.lt\\\/wordpress\\\/#\\\/schema\\\/person\\\/9bb307b2af8fbb575bb3603e57951f75\"},\"headline\":\"Le rapport ext\u00e9rieur\",\"datePublished\":\"2020-02-16T14:30:32+00:00\",\"mainEntityOfPage\":{\"@id\":\"https:\\\/\\\/www.leti.lt\\\/wordpress\\\/danseforum-lerapportexterieur\\\/\"},\"wordCount\":327,\"commentCount\":0,\"keywords\":[\"DF_Lambesc\"],\"articleSection\":[\"Ateliers Lambesc\"],\"inLanguage\":\"fr-FR\",\"potentialAction\":[{\"@type\":\"CommentAction\",\"name\":\"Comment\",\"target\":[\"https:\\\/\\\/www.leti.lt\\\/wordpress\\\/danseforum-lerapportexterieur\\\/#respond\"]}]},{\"@type\":\"WebPage\",\"@id\":\"https:\\\/\\\/www.leti.lt\\\/wordpress\\\/danseforum-lerapportexterieur\\\/\",\"url\":\"https:\\\/\\\/www.leti.lt\\\/wordpress\\\/danseforum-lerapportexterieur\\\/\",\"name\":\"Le rapport ext\u00e9rieur - Le TILT\",\"isPartOf\":{\"@id\":\"https:\\\/\\\/www.leti.lt\\\/wordpress\\\/#website\"},\"datePublished\":\"2020-02-16T14:30:32+00:00\",\"author\":{\"@id\":\"https:\\\/\\\/www.leti.lt\\\/wordpress\\\/#\\\/schema\\\/person\\\/9bb307b2af8fbb575bb3603e57951f75\"},\"breadcrumb\":{\"@id\":\"https:\\\/\\\/www.leti.lt\\\/wordpress\\\/danseforum-lerapportexterieur\\\/#breadcrumb\"},\"inLanguage\":\"fr-FR\",\"potentialAction\":[{\"@type\":\"ReadAction\",\"target\":[\"https:\\\/\\\/www.leti.lt\\\/wordpress\\\/danseforum-lerapportexterieur\\\/\"]}]},{\"@type\":\"BreadcrumbList\",\"@id\":\"https:\\\/\\\/www.leti.lt\\\/wordpress\\\/danseforum-lerapportexterieur\\\/#breadcrumb\",\"itemListElement\":[{\"@type\":\"ListItem\",\"position\":1,\"name\":\"Accueil\",\"item\":\"https:\\\/\\\/www.leti.lt\\\/wordpress\\\/\"},{\"@type\":\"ListItem\",\"position\":2,\"name\":\"Le rapport ext\u00e9rieur\"}]},{\"@type\":\"WebSite\",\"@id\":\"https:\\\/\\\/www.leti.lt\\\/wordpress\\\/#website\",\"url\":\"https:\\\/\\\/www.leti.lt\\\/wordpress\\\/\",\"name\":\"Le TILT\",\"description\":\"Recherche, publication, cr\u00e9ation artistique\",\"potentialAction\":[{\"@type\":\"SearchAction\",\"target\":{\"@type\":\"EntryPoint\",\"urlTemplate\":\"https:\\\/\\\/www.leti.lt\\\/wordpress\\\/?s={search_term_string}\"},\"query-input\":{\"@type\":\"PropertyValueSpecification\",\"valueRequired\":true,\"valueName\":\"search_term_string\"}}],\"inLanguage\":\"fr-FR\"},{\"@type\":\"Person\",\"@id\":\"https:\\\/\\\/www.leti.lt\\\/wordpress\\\/#\\\/schema\\\/person\\\/9bb307b2af8fbb575bb3603e57951f75\",\"name\":\"Andr\u00e9ine Bel\",\"image\":{\"@type\":\"ImageObject\",\"inLanguage\":\"fr-FR\",\"@id\":\"https:\\\/\\\/secure.gravatar.com\\\/avatar\\\/4ab041ec7c7ad3b90293023e86528ec1a700ce2971ff61811b2df6b288dd1f38?s=96&d=identicon&r=g\",\"url\":\"https:\\\/\\\/secure.gravatar.com\\\/avatar\\\/4ab041ec7c7ad3b90293023e86528ec1a700ce2971ff61811b2df6b288dd1f38?s=96&d=identicon&r=g\",\"contentUrl\":\"https:\\\/\\\/secure.gravatar.com\\\/avatar\\\/4ab041ec7c7ad3b90293023e86528ec1a700ce2971ff61811b2df6b288dd1f38?s=96&d=identicon&r=g\",\"caption\":\"Andr\u00e9ine Bel\"},\"url\":\"https:\\\/\\\/www.leti.lt\\\/wordpress\\\/author\\\/andreine\\\/\"}]}<\/script>\n<!-- \/ Yoast SEO plugin. -->","yoast_head_json":{"title":"Le rapport ext\u00e9rieur - Le TILT","robots":{"index":"index","follow":"follow","max-snippet":"max-snippet:-1","max-image-preview":"max-image-preview:large","max-video-preview":"max-video-preview:-1"},"canonical":"https:\/\/www.leti.lt\/wordpress\/danseforum-lerapportexterieur\/","og_locale":"fr_FR","og_type":"article","og_title":"Le rapport ext\u00e9rieur - Le TILT","og_description":"Danse forum\u2192 Comptes-ren\u00addus des ate\u00adliers\u2192 Lam\u00adbesc !!Le rap\u00adport \u00e0&nbsp;l\u2019ext\u00e9rieur \u2013 5&nbsp;avril 2008 Nous \u00e9tions deux, \u00e0&nbsp;avoir besoin d\u2019explorer en pre\u00admier le haut et le bas. O\u00f9 pla\u00adcer le centre de gra\u00advi\u00adt\u00e9 sur la ver\u00adti\u00adca\u00adli\u00adt\u00e9 al\u00e9a\u00adtoire d\u2019une colonne vert\u00e9brale&nbsp;? La pro\u00adbl\u00e9\u00adma\u00adtique est deve\u00adnue celle du centre, de la d\u00e9via\u00adtion\u2026 pour arri\u00adver au rap\u00adport avec le th\u00e8me&nbsp;: com\u00adment \u00eatre au centre du th\u00e8me, ou l\u00e9g\u00e8\u00adre\u00adment d\u00e9vi\u00e9, ou hors&nbsp;sujet. Natu\u00adrel\u00adle\u00adment, le rap\u00adport \u00e0&nbsp;l\u2019ext\u00e9rieur a&nbsp;\u00e9t\u00e9 mis sur le tapis, car avec le th\u00e8me, il [&hellip;]","og_url":"https:\/\/www.leti.lt\/wordpress\/danseforum-lerapportexterieur\/","og_site_name":"Le TILT","article_published_time":"2020-02-16T14:30:32+00:00","author":"Andr\u00e9ine Bel","twitter_card":"summary_large_image","twitter_misc":{"\u00c9crit par":"Andr\u00e9ine Bel","Dur\u00e9e de lecture estim\u00e9e":"2 minutes"},"schema":{"@context":"https:\/\/schema.org","@graph":[{"@type":"Article","@id":"https:\/\/www.leti.lt\/wordpress\/danseforum-lerapportexterieur\/#article","isPartOf":{"@id":"https:\/\/www.leti.lt\/wordpress\/danseforum-lerapportexterieur\/"},"author":{"name":"Andr\u00e9ine Bel","@id":"https:\/\/www.leti.lt\/wordpress\/#\/schema\/person\/9bb307b2af8fbb575bb3603e57951f75"},"headline":"Le rapport ext\u00e9rieur","datePublished":"2020-02-16T14:30:32+00:00","mainEntityOfPage":{"@id":"https:\/\/www.leti.lt\/wordpress\/danseforum-lerapportexterieur\/"},"wordCount":327,"commentCount":0,"keywords":["DF_Lambesc"],"articleSection":["Ateliers Lambesc"],"inLanguage":"fr-FR","potentialAction":[{"@type":"CommentAction","name":"Comment","target":["https:\/\/www.leti.lt\/wordpress\/danseforum-lerapportexterieur\/#respond"]}]},{"@type":"WebPage","@id":"https:\/\/www.leti.lt\/wordpress\/danseforum-lerapportexterieur\/","url":"https:\/\/www.leti.lt\/wordpress\/danseforum-lerapportexterieur\/","name":"Le rapport ext\u00e9rieur - Le TILT","isPartOf":{"@id":"https:\/\/www.leti.lt\/wordpress\/#website"},"datePublished":"2020-02-16T14:30:32+00:00","author":{"@id":"https:\/\/www.leti.lt\/wordpress\/#\/schema\/person\/9bb307b2af8fbb575bb3603e57951f75"},"breadcrumb":{"@id":"https:\/\/www.leti.lt\/wordpress\/danseforum-lerapportexterieur\/#breadcrumb"},"inLanguage":"fr-FR","potentialAction":[{"@type":"ReadAction","target":["https:\/\/www.leti.lt\/wordpress\/danseforum-lerapportexterieur\/"]}]},{"@type":"BreadcrumbList","@id":"https:\/\/www.leti.lt\/wordpress\/danseforum-lerapportexterieur\/#breadcrumb","itemListElement":[{"@type":"ListItem","position":1,"name":"Accueil","item":"https:\/\/www.leti.lt\/wordpress\/"},{"@type":"ListItem","position":2,"name":"Le rapport ext\u00e9rieur"}]},{"@type":"WebSite","@id":"https:\/\/www.leti.lt\/wordpress\/#website","url":"https:\/\/www.leti.lt\/wordpress\/","name":"Le TILT","description":"Recherche, publication, cr\u00e9ation artistique","potentialAction":[{"@type":"SearchAction","target":{"@type":"EntryPoint","urlTemplate":"https:\/\/www.leti.lt\/wordpress\/?s={search_term_string}"},"query-input":{"@type":"PropertyValueSpecification","valueRequired":true,"valueName":"search_term_string"}}],"inLanguage":"fr-FR"},{"@type":"Person","@id":"https:\/\/www.leti.lt\/wordpress\/#\/schema\/person\/9bb307b2af8fbb575bb3603e57951f75","name":"Andr\u00e9ine Bel","image":{"@type":"ImageObject","inLanguage":"fr-FR","@id":"https:\/\/secure.gravatar.com\/avatar\/4ab041ec7c7ad3b90293023e86528ec1a700ce2971ff61811b2df6b288dd1f38?s=96&d=identicon&r=g","url":"https:\/\/secure.gravatar.com\/avatar\/4ab041ec7c7ad3b90293023e86528ec1a700ce2971ff61811b2df6b288dd1f38?s=96&d=identicon&r=g","contentUrl":"https:\/\/secure.gravatar.com\/avatar\/4ab041ec7c7ad3b90293023e86528ec1a700ce2971ff61811b2df6b288dd1f38?s=96&d=identicon&r=g","caption":"Andr\u00e9ine Bel"},"url":"https:\/\/www.leti.lt\/wordpress\/author\/andreine\/"}]}},"_links":{"self":[{"href":"https:\/\/www.leti.lt\/wordpress\/wp-json\/wp\/v2\/posts\/163","targetHints":{"allow":["GET"]}}],"collection":[{"href":"https:\/\/www.leti.lt\/wordpress\/wp-json\/wp\/v2\/posts"}],"about":[{"href":"https:\/\/www.leti.lt\/wordpress\/wp-json\/wp\/v2\/types\/post"}],"author":[{"embeddable":true,"href":"https:\/\/www.leti.lt\/wordpress\/wp-json\/wp\/v2\/users\/2"}],"replies":[{"embeddable":true,"href":"https:\/\/www.leti.lt\/wordpress\/wp-json\/wp\/v2\/comments?post=163"}],"version-history":[{"count":0,"href":"https:\/\/www.leti.lt\/wordpress\/wp-json\/wp\/v2\/posts\/163\/revisions"}],"wp:attachment":[{"href":"https:\/\/www.leti.lt\/wordpress\/wp-json\/wp\/v2\/media?parent=163"}],"wp:term":[{"taxonomy":"category","embeddable":true,"href":"https:\/\/www.leti.lt\/wordpress\/wp-json\/wp\/v2\/categories?post=163"},{"taxonomy":"post_tag","embeddable":true,"href":"https:\/\/www.leti.lt\/wordpress\/wp-json\/wp\/v2\/tags?post=163"}],"curies":[{"name":"wp","href":"https:\/\/api.w.org\/{rel}","templated":true}]}}