{"id":162,"date":"2020-02-16T15:30:32","date_gmt":"2020-02-16T14:30:32","guid":{"rendered":"https:\/\/www.leti.lt\/wordpress\/?p=162"},"modified":"-0001-11-30T00:00:00","modified_gmt":"-0001-11-29T22:00:00","slug":"danseforum-lemondedesemotions","status":"publish","type":"post","link":"https:\/\/www.leti.lt\/wordpress\/danseforum-lemondedesemotions\/","title":{"rendered":"Le monde des \u00e9motions"},"content":{"rendered":"<p><a href=\"https:\/\/www.leti.lt\/wordpress\/danseforum-danseforum\/\">Danse forum<\/a><br>\u2192 <a href=\"https:\/\/www.leti.lt\/wordpress\/danseforum-comptesrendusateliers\/\">Comptes-ren\u00addus des ate\u00adliers<\/a><br>\u2192 <a href=\"https:\/\/www.leti.lt\/wordpress\/danseforum-lambesc\/\">Lam\u00adbesc<\/a><br><br>!!Le monde des \u00e9mo\u00adtions \u2013 11 novembre 2006<br><br>Les sen\u00adsa\u00adtions ont \u00e9t\u00e9 abor\u00add\u00e9es par le biais de leur expres\u00adsion.<br><br>Nous avons com\u00admen\u00adc\u00e9 \u00e0&nbsp;explo\u00adrer le plus petit d\u00e9no\u00admi\u00adna\u00adteur com\u00admun \u00e0&nbsp;toutes les expres\u00adsions du visage, \u00e0&nbsp;par\u00adtir duquel elles peuvent se construire.<br><br>Les yeux fix\u00e9s en face de soi, le regard (par les pupilles) peut s\u2019ouvrir et se fer\u00admer, \u00eatre pro\u00adje\u00adt\u00e9 vers l\u2019avant ou vers soi, \u00e0&nbsp;l\u2019inspir ou \u00e0&nbsp;l\u2019expir. Cet exer\u00adcice peut \u00eatre fait face \u00e0&nbsp;une glace, mais nous l\u2019avons fait \u00e0&nbsp;deux, l\u2019un ser\u00advant de miroir \u00e0&nbsp;l\u2019autre.<br><br>Puis nous avons repris en forum notre (main\u00adte\u00adnant) vieux th\u00e8me du \u00ab&nbsp;d\u00e9s\u00ad\u00e9qui\u00adlibre&nbsp;\u00bb, dans une ver\u00adsion o\u00f9 le pro\u00adta\u00adgo\u00adniste subit l\u2019\u00e9quilibre ou le d\u00e9s\u00ad\u00e9qui\u00adlibre dans lequel il se trouve. Nous avons reli\u00e9 cela \u00e0&nbsp;notre v\u00e9cu, avec deux sc\u00e9\u00adna\u00adrios et plu\u00adsieurs ver\u00adsions&nbsp;:<br><br><i>Pre\u00admier sc\u00e9\u00adna\u00adrio&nbsp;:<\/i><br><br>- L\u2019une est ins\u00adtal\u00adl\u00e9e dans son \u00e9qui\u00adlibre, ses cer\u00adti\u00adtudes, immo\u00adbile comme un roc.<br><br>L\u2019autre vou\u00addrait que l\u2019une bouge, lui accorde de l\u2019attention. Plus elle essaye, plus l\u2019une est confor\u00adt\u00e9e dans sa r\u00e9so\u00adlu\u00adtion et s\u2019immobilise.<br><br>- L\u2019une n\u2019ose trou\u00adbler cet \u00e9qui\u00adlibre qu\u2019elle devine fra\u00adgile, ses fr\u00f4\u00adle\u00adments indif\u00adf\u00e8rent l\u2019une.<br><br>L\u2019autre vou\u00addrait vivre sa vie, mais atti\u00adr\u00e9e par cet \u00eatre immo\u00adbile comme la pha\u00adl\u00e8ne par la lumi\u00e8re, elle ne peut s\u2019en d\u00e9t\u00e2\u00adcher, y&nbsp;br\u00fb\u00adlant sa vie.<br><br>- L\u2019un est dans son \u00e9qui\u00adlibre bou\u00adclier. L\u2019autre joue sa vie, et revient de temps en temps, tapote, fr\u00f4le, met son bras autour de l\u2019un. L\u2019un ne bouge pas, se rai\u00addit.<br><br>L\u2019autre finit par renon\u00adcer \u00e0&nbsp;faire quoique ce soit, et \u00e0&nbsp;ce moment, comme une chry\u00adsa\u00adlide, l\u2019un se r\u00e9veille, prend la main qui l\u2019a tou\u00adch\u00e9, et la sui\u00advrait au bout du monde s\u2019il le fal\u00adlait\u2026 Les Pink Mar\u00adti\u00adni ont accom\u00adpa\u00adgn\u00e9 cette main qui a&nbsp;sai\u00adsi.<br><br><i>Deuxi\u00e8me sc\u00e9\u00adna\u00adrio&nbsp;:<\/i><br><br>- L\u2019un se met en d\u00e9s\u00ad\u00e9qui\u00adlibre constant, est brus\u00adqu\u00e9 par tout contact, toute inten\u00adtion, m\u00eame par la simple pen\u00ads\u00e9e. L\u2019autre a&nbsp;per\u00ad\u00e7u, s\u2019interdit de pen\u00adser, place juste son corps pour accueillir le germe de la chute, avant m\u00eame qu\u2019elle se r\u00e9a\u00adlise et don\u00adner au corps un appui.<br><br>- L\u2019un trouve un d\u00e9but d\u2019appui, mais le refuse, ce serait trop facile. L\u2019autre conti\u00adnue \u00e0&nbsp;accueillir, se limi\u00adtant \u00e0&nbsp;pr\u00e9\u00advoir dans quelle direc\u00adtion va avoir lieu la chute pour la rece\u00advoir en sou\u00adplesse. Cela ne marche pas vrai\u00adment, mais peu \u00e0&nbsp;peu, l\u2019un sent l\u2019attention de l\u2019autre, et com\u00admence \u00e0&nbsp;se deman\u00adder s\u2019il va pr\u00e9\u00advoir telle ou telle chute. Puis il attend cette ren\u00adcontre, cet acceuil. Mais l\u2019insatisfaction avec lui-m\u00eame fait encore rage. Jusqu\u2019au moment o\u00f9 l\u2019autre est mis en d\u00e9s\u00ad\u00e9qui\u00adlibre par l\u2019un, il ne peut faire autre\u00adment que de lais\u00adser son poids aller sur l\u2019un, il le lui donne. Ce don est la renais\u00adsance de l\u2019un, qui va retou\u00adver ini\u00adtia\u00adtive et res\u00adpon\u00adsa\u00adbi\u00adli\u00adt\u00e9.<br><br>Andr\u00e9ine Bel<br><br>d\u2019apr\u00e8s les retours de&nbsp;: Andr\u00e9ine B, Guillaume T, Leo\u00adnar\u00addo C, Mari\u00adlyne&nbsp;M.<\/p><p style=\"color:green; text-align:right !important;\">Article cr\u00e9\u00e9 le 16\/02\/2020<\/p>","protected":false},"excerpt":{"rendered":"<p>Danse forum\u2192 Comptes-ren\u00ad\u00addus des ate\u00adliers\u2192 Lam\u00adbesc !!Le monde des \u00e9mo\u00adtions \u2013 11 novembre 2006 Les sen\u00adsa\u00adtions ont \u00e9t\u00e9 abor\u00add\u00e9es par le biais de leur expres\u00adsion. Nous avons com\u00admen\u00adc\u00e9 \u00e0&nbsp;explo\u00adrer le plus petit d\u00e9no\u00admi\u00adna\u00adteur com\u00admun \u00e0&nbsp;toutes les expres\u00adsions du visage, \u00e0&nbsp;par\u00adtir duquel elles peuvent se construire. Les yeux fix\u00e9s en face de soi, le regard (par les pupilles) peut s\u2019ouvrir et se fer\u00admer, \u00eatre pro\u00adje\u00adt\u00e9 vers l\u2019avant ou vers soi, \u00e0&nbsp;l\u2019inspir ou \u00e0&nbsp;l\u2019expir. Cet exer\u00adcice peut \u00eatre fait face \u00e0&nbsp;une glace,&nbsp;[\u2026]<\/p>\n","protected":false},"author":2,"featured_media":0,"comment_status":"open","ping_status":"open","sticky":false,"template":"","format":"standard","meta":{"wp_typography_post_enhancements_disabled":false,"footnotes":""},"categories":[184],"tags":[208],"class_list":["post-162","post","type-post","status-publish","format-standard","hentry","category-ateliers_lambesc","tag-df_lambesc"],"yoast_head":"<!-- This site is optimized with the Yoast SEO plugin v27.5 - https:\/\/yoast.com\/product\/yoast-seo-wordpress\/ -->\n<title>Le monde des \u00e9motions - Le TILT<\/title>\n<meta name=\"robots\" content=\"index, follow, max-snippet:-1, max-image-preview:large, max-video-preview:-1\" \/>\n<link rel=\"canonical\" href=\"https:\/\/www.leti.lt\/wordpress\/danseforum-lemondedesemotions\/\" \/>\n<meta property=\"og:locale\" content=\"fr_FR\" \/>\n<meta property=\"og:type\" content=\"article\" \/>\n<meta property=\"og:title\" content=\"Le monde des \u00e9motions - Le TILT\" \/>\n<meta property=\"og:description\" content=\"Danse forum\u2192 Comptes-ren\u00addus des ate\u00adliers\u2192 Lam\u00adbesc !!Le monde des \u00e9mo\u00adtions \u2013 11 novembre 2006 Les sen\u00adsa\u00adtions ont \u00e9t\u00e9 abor\u00add\u00e9es par le biais de leur expression. Nous avons com\u00admen\u00adc\u00e9 \u00e0&nbsp;explo\u00adrer le plus petit d\u00e9no\u00admi\u00adna\u00adteur com\u00admun \u00e0&nbsp;toutes les expres\u00adsions du visage, \u00e0&nbsp;par\u00adtir duquel elles peuvent se construire. Les yeux fix\u00e9s en face de soi, le regard (par les pupilles) peut s\u2019ouvrir et se fer\u00admer, \u00eatre pro\u00adje\u00adt\u00e9 vers l\u2019avant ou vers soi, \u00e0&nbsp;l\u2019inspir ou \u00e0&nbsp;l\u2019expir. Cet exer\u00adcice peut \u00eatre fait face \u00e0&nbsp;une glace, [&hellip;]\" \/>\n<meta property=\"og:url\" content=\"https:\/\/www.leti.lt\/wordpress\/danseforum-lemondedesemotions\/\" \/>\n<meta property=\"og:site_name\" content=\"Le TILT\" \/>\n<meta property=\"article:published_time\" content=\"2020-02-16T14:30:32+00:00\" \/>\n<meta name=\"author\" content=\"Andr\u00e9ine Bel\" \/>\n<meta name=\"twitter:card\" content=\"summary_large_image\" \/>\n<meta name=\"twitter:label1\" content=\"\u00c9crit par\" \/>\n\t<meta name=\"twitter:data1\" content=\"Andr\u00e9ine Bel\" \/>\n\t<meta name=\"twitter:label2\" content=\"Dur\u00e9e de lecture estim\u00e9e\" \/>\n\t<meta name=\"twitter:data2\" content=\"3 minutes\" \/>\n<script type=\"application\/ld+json\" class=\"yoast-schema-graph\">{\"@context\":\"https:\\\/\\\/schema.org\",\"@graph\":[{\"@type\":\"Article\",\"@id\":\"https:\\\/\\\/www.leti.lt\\\/wordpress\\\/danseforum-lemondedesemotions\\\/#article\",\"isPartOf\":{\"@id\":\"https:\\\/\\\/www.leti.lt\\\/wordpress\\\/danseforum-lemondedesemotions\\\/\"},\"author\":{\"name\":\"Andr\u00e9ine Bel\",\"@id\":\"https:\\\/\\\/www.leti.lt\\\/wordpress\\\/#\\\/schema\\\/person\\\/9bb307b2af8fbb575bb3603e57951f75\"},\"headline\":\"Le monde des \u00e9motions\",\"datePublished\":\"2020-02-16T14:30:32+00:00\",\"mainEntityOfPage\":{\"@id\":\"https:\\\/\\\/www.leti.lt\\\/wordpress\\\/danseforum-lemondedesemotions\\\/\"},\"wordCount\":542,\"commentCount\":0,\"keywords\":[\"DF_Lambesc\"],\"articleSection\":[\"Ateliers Lambesc\"],\"inLanguage\":\"fr-FR\",\"potentialAction\":[{\"@type\":\"CommentAction\",\"name\":\"Comment\",\"target\":[\"https:\\\/\\\/www.leti.lt\\\/wordpress\\\/danseforum-lemondedesemotions\\\/#respond\"]}]},{\"@type\":\"WebPage\",\"@id\":\"https:\\\/\\\/www.leti.lt\\\/wordpress\\\/danseforum-lemondedesemotions\\\/\",\"url\":\"https:\\\/\\\/www.leti.lt\\\/wordpress\\\/danseforum-lemondedesemotions\\\/\",\"name\":\"Le monde des \u00e9motions - Le TILT\",\"isPartOf\":{\"@id\":\"https:\\\/\\\/www.leti.lt\\\/wordpress\\\/#website\"},\"datePublished\":\"2020-02-16T14:30:32+00:00\",\"author\":{\"@id\":\"https:\\\/\\\/www.leti.lt\\\/wordpress\\\/#\\\/schema\\\/person\\\/9bb307b2af8fbb575bb3603e57951f75\"},\"breadcrumb\":{\"@id\":\"https:\\\/\\\/www.leti.lt\\\/wordpress\\\/danseforum-lemondedesemotions\\\/#breadcrumb\"},\"inLanguage\":\"fr-FR\",\"potentialAction\":[{\"@type\":\"ReadAction\",\"target\":[\"https:\\\/\\\/www.leti.lt\\\/wordpress\\\/danseforum-lemondedesemotions\\\/\"]}]},{\"@type\":\"BreadcrumbList\",\"@id\":\"https:\\\/\\\/www.leti.lt\\\/wordpress\\\/danseforum-lemondedesemotions\\\/#breadcrumb\",\"itemListElement\":[{\"@type\":\"ListItem\",\"position\":1,\"name\":\"Accueil\",\"item\":\"https:\\\/\\\/www.leti.lt\\\/wordpress\\\/\"},{\"@type\":\"ListItem\",\"position\":2,\"name\":\"Le monde des \u00e9motions\"}]},{\"@type\":\"WebSite\",\"@id\":\"https:\\\/\\\/www.leti.lt\\\/wordpress\\\/#website\",\"url\":\"https:\\\/\\\/www.leti.lt\\\/wordpress\\\/\",\"name\":\"Le TILT\",\"description\":\"Recherche, publication, cr\u00e9ation artistique\",\"potentialAction\":[{\"@type\":\"SearchAction\",\"target\":{\"@type\":\"EntryPoint\",\"urlTemplate\":\"https:\\\/\\\/www.leti.lt\\\/wordpress\\\/?s={search_term_string}\"},\"query-input\":{\"@type\":\"PropertyValueSpecification\",\"valueRequired\":true,\"valueName\":\"search_term_string\"}}],\"inLanguage\":\"fr-FR\"},{\"@type\":\"Person\",\"@id\":\"https:\\\/\\\/www.leti.lt\\\/wordpress\\\/#\\\/schema\\\/person\\\/9bb307b2af8fbb575bb3603e57951f75\",\"name\":\"Andr\u00e9ine Bel\",\"image\":{\"@type\":\"ImageObject\",\"inLanguage\":\"fr-FR\",\"@id\":\"https:\\\/\\\/secure.gravatar.com\\\/avatar\\\/4ab041ec7c7ad3b90293023e86528ec1a700ce2971ff61811b2df6b288dd1f38?s=96&d=identicon&r=g\",\"url\":\"https:\\\/\\\/secure.gravatar.com\\\/avatar\\\/4ab041ec7c7ad3b90293023e86528ec1a700ce2971ff61811b2df6b288dd1f38?s=96&d=identicon&r=g\",\"contentUrl\":\"https:\\\/\\\/secure.gravatar.com\\\/avatar\\\/4ab041ec7c7ad3b90293023e86528ec1a700ce2971ff61811b2df6b288dd1f38?s=96&d=identicon&r=g\",\"caption\":\"Andr\u00e9ine Bel\"},\"url\":\"https:\\\/\\\/www.leti.lt\\\/wordpress\\\/author\\\/andreine\\\/\"}]}<\/script>\n<!-- \/ Yoast SEO plugin. -->","yoast_head_json":{"title":"Le monde des \u00e9motions - Le TILT","robots":{"index":"index","follow":"follow","max-snippet":"max-snippet:-1","max-image-preview":"max-image-preview:large","max-video-preview":"max-video-preview:-1"},"canonical":"https:\/\/www.leti.lt\/wordpress\/danseforum-lemondedesemotions\/","og_locale":"fr_FR","og_type":"article","og_title":"Le monde des \u00e9motions - Le TILT","og_description":"Danse forum\u2192 Comptes-ren\u00addus des ate\u00adliers\u2192 Lam\u00adbesc !!Le monde des \u00e9mo\u00adtions \u2013 11 novembre 2006 Les sen\u00adsa\u00adtions ont \u00e9t\u00e9 abor\u00add\u00e9es par le biais de leur expression. Nous avons com\u00admen\u00adc\u00e9 \u00e0&nbsp;explo\u00adrer le plus petit d\u00e9no\u00admi\u00adna\u00adteur com\u00admun \u00e0&nbsp;toutes les expres\u00adsions du visage, \u00e0&nbsp;par\u00adtir duquel elles peuvent se construire. Les yeux fix\u00e9s en face de soi, le regard (par les pupilles) peut s\u2019ouvrir et se fer\u00admer, \u00eatre pro\u00adje\u00adt\u00e9 vers l\u2019avant ou vers soi, \u00e0&nbsp;l\u2019inspir ou \u00e0&nbsp;l\u2019expir. Cet exer\u00adcice peut \u00eatre fait face \u00e0&nbsp;une glace, [&hellip;]","og_url":"https:\/\/www.leti.lt\/wordpress\/danseforum-lemondedesemotions\/","og_site_name":"Le TILT","article_published_time":"2020-02-16T14:30:32+00:00","author":"Andr\u00e9ine Bel","twitter_card":"summary_large_image","twitter_misc":{"\u00c9crit par":"Andr\u00e9ine Bel","Dur\u00e9e de lecture estim\u00e9e":"3 minutes"},"schema":{"@context":"https:\/\/schema.org","@graph":[{"@type":"Article","@id":"https:\/\/www.leti.lt\/wordpress\/danseforum-lemondedesemotions\/#article","isPartOf":{"@id":"https:\/\/www.leti.lt\/wordpress\/danseforum-lemondedesemotions\/"},"author":{"name":"Andr\u00e9ine Bel","@id":"https:\/\/www.leti.lt\/wordpress\/#\/schema\/person\/9bb307b2af8fbb575bb3603e57951f75"},"headline":"Le monde des \u00e9motions","datePublished":"2020-02-16T14:30:32+00:00","mainEntityOfPage":{"@id":"https:\/\/www.leti.lt\/wordpress\/danseforum-lemondedesemotions\/"},"wordCount":542,"commentCount":0,"keywords":["DF_Lambesc"],"articleSection":["Ateliers Lambesc"],"inLanguage":"fr-FR","potentialAction":[{"@type":"CommentAction","name":"Comment","target":["https:\/\/www.leti.lt\/wordpress\/danseforum-lemondedesemotions\/#respond"]}]},{"@type":"WebPage","@id":"https:\/\/www.leti.lt\/wordpress\/danseforum-lemondedesemotions\/","url":"https:\/\/www.leti.lt\/wordpress\/danseforum-lemondedesemotions\/","name":"Le monde des \u00e9motions - Le TILT","isPartOf":{"@id":"https:\/\/www.leti.lt\/wordpress\/#website"},"datePublished":"2020-02-16T14:30:32+00:00","author":{"@id":"https:\/\/www.leti.lt\/wordpress\/#\/schema\/person\/9bb307b2af8fbb575bb3603e57951f75"},"breadcrumb":{"@id":"https:\/\/www.leti.lt\/wordpress\/danseforum-lemondedesemotions\/#breadcrumb"},"inLanguage":"fr-FR","potentialAction":[{"@type":"ReadAction","target":["https:\/\/www.leti.lt\/wordpress\/danseforum-lemondedesemotions\/"]}]},{"@type":"BreadcrumbList","@id":"https:\/\/www.leti.lt\/wordpress\/danseforum-lemondedesemotions\/#breadcrumb","itemListElement":[{"@type":"ListItem","position":1,"name":"Accueil","item":"https:\/\/www.leti.lt\/wordpress\/"},{"@type":"ListItem","position":2,"name":"Le monde des \u00e9motions"}]},{"@type":"WebSite","@id":"https:\/\/www.leti.lt\/wordpress\/#website","url":"https:\/\/www.leti.lt\/wordpress\/","name":"Le TILT","description":"Recherche, publication, cr\u00e9ation artistique","potentialAction":[{"@type":"SearchAction","target":{"@type":"EntryPoint","urlTemplate":"https:\/\/www.leti.lt\/wordpress\/?s={search_term_string}"},"query-input":{"@type":"PropertyValueSpecification","valueRequired":true,"valueName":"search_term_string"}}],"inLanguage":"fr-FR"},{"@type":"Person","@id":"https:\/\/www.leti.lt\/wordpress\/#\/schema\/person\/9bb307b2af8fbb575bb3603e57951f75","name":"Andr\u00e9ine Bel","image":{"@type":"ImageObject","inLanguage":"fr-FR","@id":"https:\/\/secure.gravatar.com\/avatar\/4ab041ec7c7ad3b90293023e86528ec1a700ce2971ff61811b2df6b288dd1f38?s=96&d=identicon&r=g","url":"https:\/\/secure.gravatar.com\/avatar\/4ab041ec7c7ad3b90293023e86528ec1a700ce2971ff61811b2df6b288dd1f38?s=96&d=identicon&r=g","contentUrl":"https:\/\/secure.gravatar.com\/avatar\/4ab041ec7c7ad3b90293023e86528ec1a700ce2971ff61811b2df6b288dd1f38?s=96&d=identicon&r=g","caption":"Andr\u00e9ine Bel"},"url":"https:\/\/www.leti.lt\/wordpress\/author\/andreine\/"}]}},"_links":{"self":[{"href":"https:\/\/www.leti.lt\/wordpress\/wp-json\/wp\/v2\/posts\/162","targetHints":{"allow":["GET"]}}],"collection":[{"href":"https:\/\/www.leti.lt\/wordpress\/wp-json\/wp\/v2\/posts"}],"about":[{"href":"https:\/\/www.leti.lt\/wordpress\/wp-json\/wp\/v2\/types\/post"}],"author":[{"embeddable":true,"href":"https:\/\/www.leti.lt\/wordpress\/wp-json\/wp\/v2\/users\/2"}],"replies":[{"embeddable":true,"href":"https:\/\/www.leti.lt\/wordpress\/wp-json\/wp\/v2\/comments?post=162"}],"version-history":[{"count":0,"href":"https:\/\/www.leti.lt\/wordpress\/wp-json\/wp\/v2\/posts\/162\/revisions"}],"wp:attachment":[{"href":"https:\/\/www.leti.lt\/wordpress\/wp-json\/wp\/v2\/media?parent=162"}],"wp:term":[{"taxonomy":"category","embeddable":true,"href":"https:\/\/www.leti.lt\/wordpress\/wp-json\/wp\/v2\/categories?post=162"},{"taxonomy":"post_tag","embeddable":true,"href":"https:\/\/www.leti.lt\/wordpress\/wp-json\/wp\/v2\/tags?post=162"}],"curies":[{"name":"wp","href":"https:\/\/api.w.org\/{rel}","templated":true}]}}