{"id":161,"date":"2020-02-16T15:30:32","date_gmt":"2020-02-16T14:30:32","guid":{"rendered":"https:\/\/www.leti.lt\/wordpress\/?p=161"},"modified":"-0001-11-30T00:00:00","modified_gmt":"-0001-11-29T22:00:00","slug":"danseforum-lelien","status":"publish","type":"post","link":"https:\/\/www.leti.lt\/wordpress\/danseforum-lelien\/","title":{"rendered":"Le lien"},"content":{"rendered":"<p><a href=\"https:\/\/www.leti.lt\/wordpress\/danseforum-danseforum\/\">Danse forum<\/a><br>\u2192 <a href=\"https:\/\/www.leti.lt\/wordpress\/danseforum-comptesrendusateliers\/\">Comptes-ren\u00addus des ate\u00adliers<\/a><br>\u2192 <a href=\"https:\/\/www.leti.lt\/wordpress\/danseforum-lambesc\/\">Lam\u00adbesc<\/a><br><br>!!Le lien \u2013 3&nbsp;juin 2006<br><br>Nous \u00e9tions six.<br><br>Ce sont les quatre hommes qui \u00e9taient le plus en besoin de d\u00e9li\u00adca\u00adtesse. Nous avons donc choi\u00adsi des \u00e9ti\u00adre\u00adments d\u2019orf\u00e8vres, o\u00f9 on laisse le corps \u00e9ti\u00adrer ses tis\u00adsus avec tact et per\u00adti\u00adnence. Eti\u00adre\u00adments actifs et pas\u00adsifs ont alter\u00adn\u00e9 et se sont com\u00adpl\u00e9\u00adt\u00e9s. Le contact avec le sol s\u2019en est trou\u00adv\u00e9 sen\u00adsi\u00adbi\u00adli\u00ads\u00e9.<br><br>Cela nous a&nbsp;ame\u00adn\u00e9s au contact avec autrui, ses dif\u00adf\u00e9\u00adrentes formes&nbsp;: contac\u00adter en effleu\u00adrant, en don\u00adnant son poids, en \u00e9tant proche, \u00e0&nbsp;par\u00adtir d\u2019un point, d\u2019une sur\u00adface du corps.<br><br>Nous avons choi\u00adsi, ou lais\u00ads\u00e9 faire le hasard, la consigne \u00e9tant d\u2019observer ce qui se passe d\u00e8s que l\u2019on est en contact, obser\u00adver les sen\u00adsa\u00adtions, les r\u00e9ac\u00adtions, les ini\u00adtia\u00adtives. Une cha\u00eene s\u2019est for\u00adm\u00e9e en biais dans la salle, dans une direc\u00adtion par\u00adfaite pour nous, capable de nous don\u00adner la sen\u00adsa\u00adtion de ce qui se pas\u00adsait d\u2019un bout \u00e0&nbsp;l\u2019autre de l\u2019espace et du temps. \u00ab&nbsp;Ali\u00adna&nbsp;\u00bb de Arvo P\u00e4rt, et \u00ab&nbsp;Jar\u00addin du som\u00admeil d\u2019amour&nbsp;\u00bb du Turan\u00adga\u00adli\u00adla d\u2019Olivier Mes\u00adsiaen ont \u00e9t\u00e9 par\u00adfaits\u2026:-)<br><br><i>La pause<\/i><br><br><i>Le th\u00e8me<\/i> de la danse forum est natu\u00adrel\u00adle\u00adment all\u00e9 vers \u00ab&nbsp;le lien&nbsp;\u00bb. Nous avons choi\u00adsi le lien qui relie, plus que celui qui empri\u00adsonne, mais bien\u00ads\u00fbr les deux sont inti\u00adme\u00adment li\u00e9s\u2026<br><br>Ain\u00adsi les liens famil\u00adlaux. En cher\u00adchant le titre de cette danse forum, nous avons trou\u00adv\u00e9 celui de l\u2019attention por\u00adt\u00e9e aux besoins de l\u2019enfant. Ce n\u2019\u00e9tait pas gagn\u00e9. Attendre que l\u2019enfant mani\u00adfeste son d\u00e9sir de soli\u00adtude, de tran\u00adqui\u00adli\u00adt\u00e9, d\u2019ind\u00e9pendance est d\u00e8j\u00e0 trop tard\u2026 Com\u00adment pres\u00adsen\u00adtir quand on en fait trop&nbsp;?<br><br>Le besoin est venu de s\u00e9pa\u00adrer pour relier autre\u00adment, mettre des espaces pour lais\u00adser l\u2019air entrer et retrou\u00adver la mobi\u00adli\u00adt\u00e9 auto\u00adnome.<br><br>Puis nous nous sommes atta\u00adqu\u00e9s au pro\u00adbl\u00e8me de la \u00ab&nbsp;<i>th\u00e9\u00e2\u00adtra\u00adli\u00adsa\u00adtion<\/i>&nbsp;\u00bb de la danse. Th\u00e9\u00e2\u00adtra\u00adli\u00adser la danse n\u2019est pas un pro\u00adbl\u00e8me en soi, si c\u2019est le fruit d\u2019un choix et que l\u2019on s\u2019en donne les moyens. [En intro\u00addui\u00adsant les mots et le th\u00e9\u00e2tre dans la danse, Pina Bausch a&nbsp;pris le tau\u00adreau par les cornes. Le fait de recon\u00adna\u00eetre \u00e0&nbsp;la danse sa part de lan\u00adgage et la don\u00adner \u00e0&nbsp;entendre, para\u00addoxa\u00adle\u00adment nous per\u00admet, en tant que spec\u00adta\u00adteur, de voir la danse. Comme si, ras\u00adsu\u00adr\u00e9s que la par\u00adtie lan\u00adga\u00adgiaire est assu\u00adm\u00e9e, le spec\u00adta\u00adteur peut mieux por\u00adter son atten\u00adtion sur le reste.]<br><br>Mais ici je parle de th\u00e9\u00e2\u00adtra\u00adli\u00adser la danse sans s\u2019en aper\u00adce\u00advoir, c\u2019est \u00e0&nbsp;dire uti\u00adli\u00adser la danse comme un lan\u00adgage qui serait pri\u00adv\u00e9 de parole. [A la dif\u00adf\u00e9\u00adrence du mime, qui choi\u00adsit de rem\u00adpla\u00adcer sa voix par ses gestes, ses atti\u00adtudes.]<br><br>Cela donne au spec\u00adta\u00adteur la sen\u00adsa\u00adtion imm\u00e9\u00addiate de savoir d\u2019avance ce qui va se pro\u00adduire, et l\u2019ennui s\u2019installe. L\u2019ennui, et une sorte de g\u00e8ne devant ce que l\u2019on res\u00adsent de cette pri\u00adva\u00adtion.<br><br>Nous nous sommes essay\u00e9s plu\u00adsieurs fois \u00e0&nbsp;ne pas th\u00e9\u00e2\u00adtra\u00adli\u00adser.<br><br>Ne pas \u00ab&nbsp;th\u00e9\u00e2\u00adtra\u00adli\u00adser&nbsp;\u00bb une impro\u00advi\u00adsa\u00adtion, c\u2019est faire la place aux sen\u00adsa\u00adtions imm\u00e9\u00addiates et tan\u00adgibles, et par\u00adtir d\u2019elles plu\u00adt\u00f4t que d\u2019essayer de dan\u00adser nos inten\u00adtions. Si le dan\u00adseur ne sait pas ce qui va se pro\u00adduire \u00e0&nbsp;l\u2019instant sui\u00advant, le spec\u00adta\u00adteur non plus, tous les deux se trouvent au bord du connu et de l\u2019inconnu. Je n\u2019ai jamais vu per\u00adsonne qui s\u2019ennuie au bord de l\u2019inconnu.<br><br>Et c\u2019est venu, petit \u00e0&nbsp;petit, cette lisi\u00e8re a&nbsp;\u00e9t\u00e9 pal\u00adpable. L\u2019ennui a&nbsp;fait place \u00e0&nbsp;la vigi\u00adlance, pour ne rien perdre de ce qui \u00e9tait en train de se pas\u00adser. La maman poule a&nbsp;l\u00e2ch\u00e9 du leste, comme si elle se recon\u00adnec\u00adtait \u00e0&nbsp;ses propres besoins en dia\u00adlogue avec les besoins de l\u2019autre. Plus loin sur la sc\u00e8ne, le pous\u00adsin qui vou\u00adlait \u00e9clore \u00e9tait encore dans son image d\u2019\u00e9closion mais est entr\u00e9 peu \u00e0&nbsp;peu dans son int\u00e9\u00adrio\u00adri\u00adt\u00e9, et plus il y&nbsp;entrait, plus il \u00e9clo\u00adsait. Ce qui l\u2019enserrait si fort, il a&nbsp;d\u00fb cher\u00adcher vrai\u00adment com\u00adment en sor\u00adtir. La coquille de l\u2019\u0153uf s\u2019est ouverte quand les choses ont \u00e9t\u00e9 m\u00fbres, elle est deve\u00adnue le conte\u00adnant, puis l\u2019ami qui laisse l\u2019espace, puis le fr\u00e8re jumeau. Les st\u00e9\u00adr\u00e9o\u00adtypes tombent, l\u2019illustration fait place \u00e0&nbsp;la cr\u00e9a\u00adti\u00advi\u00adt\u00e9, celle que chaque spec\u00adta\u00addan\u00adseur recr\u00e9e selon son v\u00e9cu, ses d\u00e9si\u00adrs et ses besoins.<br><br>Andr\u00e9ine Bel<\/p><p style=\"color:green; text-align:right !important;\">Article cr\u00e9\u00e9 le 16\/02\/2020<\/p>","protected":false},"excerpt":{"rendered":"<p>Danse forum\u2192 Comptes-ren\u00ad\u00addus des ate\u00adliers\u2192 Lam\u00adbesc !!Le lien \u2013 3&nbsp;juin 2006 Nous \u00e9tions six. Ce sont les quatre hommes qui \u00e9taient le plus en besoin de d\u00e9li\u00adca\u00adtesse. Nous avons donc choi\u00adsi des \u00e9ti\u00adre\u00adments d\u2019orf\u00e8vres, o\u00f9 on laisse le corps \u00e9ti\u00adrer ses tis\u00adsus avec tact et per\u00adti\u00adnence. Eti\u00adre\u00adments actifs et pas\u00adsifs ont alter\u00adn\u00e9 et se sont com\u00adpl\u00e9\u00adt\u00e9s. Le contact avec le sol s\u2019en est trou\u00adv\u00e9 sen\u00adsi\u00adbi\u00adli\u00ads\u00e9. Cela nous a&nbsp;ame\u00adn\u00e9s au contact avec autrui, ses dif\u00adf\u00e9\u00adrentes formes&nbsp;: contac\u00adter en effleu\u00adrant, en donnant&nbsp;[\u2026]<\/p>\n","protected":false},"author":2,"featured_media":0,"comment_status":"open","ping_status":"open","sticky":false,"template":"","format":"standard","meta":{"wp_typography_post_enhancements_disabled":false,"footnotes":""},"categories":[184],"tags":[208],"class_list":["post-161","post","type-post","status-publish","format-standard","hentry","category-ateliers_lambesc","tag-df_lambesc"],"yoast_head":"<!-- This site is optimized with the Yoast SEO plugin v27.5 - https:\/\/yoast.com\/product\/yoast-seo-wordpress\/ -->\n<title>Le lien - Le TILT<\/title>\n<meta name=\"robots\" content=\"index, follow, max-snippet:-1, max-image-preview:large, max-video-preview:-1\" \/>\n<link rel=\"canonical\" href=\"https:\/\/www.leti.lt\/wordpress\/danseforum-lelien\/\" \/>\n<meta property=\"og:locale\" content=\"fr_FR\" \/>\n<meta property=\"og:type\" content=\"article\" \/>\n<meta property=\"og:title\" content=\"Le lien - Le TILT\" \/>\n<meta property=\"og:description\" content=\"Danse forum\u2192 Comptes-ren\u00addus des ate\u00adliers\u2192 Lam\u00adbesc !!Le lien \u2013 3&nbsp;juin 2006 Nous \u00e9tions six. Ce sont les quatre hommes qui \u00e9taient le plus en besoin de d\u00e9li\u00adca\u00adtesse. Nous avons donc choi\u00adsi des \u00e9ti\u00adre\u00adments d\u2019orf\u00e8vres, o\u00f9 on laisse le corps \u00e9ti\u00adrer ses tis\u00adsus avec tact et per\u00adti\u00adnence. Eti\u00adre\u00adments actifs et pas\u00adsifs ont alter\u00adn\u00e9 et se sont com\u00adpl\u00e9\u00adt\u00e9s. Le contact avec le sol s\u2019en est trou\u00adv\u00e9 sensibilis\u00e9. Cela nous a&nbsp;ame\u00adn\u00e9s au contact avec autrui, ses dif\u00adf\u00e9\u00adrentes formes&nbsp;: contac\u00adter en effleu\u00adrant, en don\u00adnant [&hellip;]\" \/>\n<meta property=\"og:url\" content=\"https:\/\/www.leti.lt\/wordpress\/danseforum-lelien\/\" \/>\n<meta property=\"og:site_name\" content=\"Le TILT\" \/>\n<meta property=\"article:published_time\" content=\"2020-02-16T14:30:32+00:00\" \/>\n<meta name=\"author\" content=\"Andr\u00e9ine Bel\" \/>\n<meta name=\"twitter:card\" content=\"summary_large_image\" \/>\n<meta name=\"twitter:label1\" content=\"\u00c9crit par\" \/>\n\t<meta name=\"twitter:data1\" content=\"Andr\u00e9ine Bel\" \/>\n\t<meta name=\"twitter:label2\" content=\"Dur\u00e9e de lecture estim\u00e9e\" \/>\n\t<meta name=\"twitter:data2\" content=\"4 minutes\" \/>\n<script type=\"application\/ld+json\" class=\"yoast-schema-graph\">{\"@context\":\"https:\\\/\\\/schema.org\",\"@graph\":[{\"@type\":\"Article\",\"@id\":\"https:\\\/\\\/www.leti.lt\\\/wordpress\\\/danseforum-lelien\\\/#article\",\"isPartOf\":{\"@id\":\"https:\\\/\\\/www.leti.lt\\\/wordpress\\\/danseforum-lelien\\\/\"},\"author\":{\"name\":\"Andr\u00e9ine Bel\",\"@id\":\"https:\\\/\\\/www.leti.lt\\\/wordpress\\\/#\\\/schema\\\/person\\\/9bb307b2af8fbb575bb3603e57951f75\"},\"headline\":\"Le lien\",\"datePublished\":\"2020-02-16T14:30:32+00:00\",\"mainEntityOfPage\":{\"@id\":\"https:\\\/\\\/www.leti.lt\\\/wordpress\\\/danseforum-lelien\\\/\"},\"wordCount\":763,\"commentCount\":0,\"keywords\":[\"DF_Lambesc\"],\"articleSection\":[\"Ateliers Lambesc\"],\"inLanguage\":\"fr-FR\",\"potentialAction\":[{\"@type\":\"CommentAction\",\"name\":\"Comment\",\"target\":[\"https:\\\/\\\/www.leti.lt\\\/wordpress\\\/danseforum-lelien\\\/#respond\"]}]},{\"@type\":\"WebPage\",\"@id\":\"https:\\\/\\\/www.leti.lt\\\/wordpress\\\/danseforum-lelien\\\/\",\"url\":\"https:\\\/\\\/www.leti.lt\\\/wordpress\\\/danseforum-lelien\\\/\",\"name\":\"Le lien - Le TILT\",\"isPartOf\":{\"@id\":\"https:\\\/\\\/www.leti.lt\\\/wordpress\\\/#website\"},\"datePublished\":\"2020-02-16T14:30:32+00:00\",\"author\":{\"@id\":\"https:\\\/\\\/www.leti.lt\\\/wordpress\\\/#\\\/schema\\\/person\\\/9bb307b2af8fbb575bb3603e57951f75\"},\"breadcrumb\":{\"@id\":\"https:\\\/\\\/www.leti.lt\\\/wordpress\\\/danseforum-lelien\\\/#breadcrumb\"},\"inLanguage\":\"fr-FR\",\"potentialAction\":[{\"@type\":\"ReadAction\",\"target\":[\"https:\\\/\\\/www.leti.lt\\\/wordpress\\\/danseforum-lelien\\\/\"]}]},{\"@type\":\"BreadcrumbList\",\"@id\":\"https:\\\/\\\/www.leti.lt\\\/wordpress\\\/danseforum-lelien\\\/#breadcrumb\",\"itemListElement\":[{\"@type\":\"ListItem\",\"position\":1,\"name\":\"Accueil\",\"item\":\"https:\\\/\\\/www.leti.lt\\\/wordpress\\\/\"},{\"@type\":\"ListItem\",\"position\":2,\"name\":\"Le lien\"}]},{\"@type\":\"WebSite\",\"@id\":\"https:\\\/\\\/www.leti.lt\\\/wordpress\\\/#website\",\"url\":\"https:\\\/\\\/www.leti.lt\\\/wordpress\\\/\",\"name\":\"Le TILT\",\"description\":\"Recherche, publication, cr\u00e9ation artistique\",\"potentialAction\":[{\"@type\":\"SearchAction\",\"target\":{\"@type\":\"EntryPoint\",\"urlTemplate\":\"https:\\\/\\\/www.leti.lt\\\/wordpress\\\/?s={search_term_string}\"},\"query-input\":{\"@type\":\"PropertyValueSpecification\",\"valueRequired\":true,\"valueName\":\"search_term_string\"}}],\"inLanguage\":\"fr-FR\"},{\"@type\":\"Person\",\"@id\":\"https:\\\/\\\/www.leti.lt\\\/wordpress\\\/#\\\/schema\\\/person\\\/9bb307b2af8fbb575bb3603e57951f75\",\"name\":\"Andr\u00e9ine Bel\",\"image\":{\"@type\":\"ImageObject\",\"inLanguage\":\"fr-FR\",\"@id\":\"https:\\\/\\\/secure.gravatar.com\\\/avatar\\\/4ab041ec7c7ad3b90293023e86528ec1a700ce2971ff61811b2df6b288dd1f38?s=96&d=identicon&r=g\",\"url\":\"https:\\\/\\\/secure.gravatar.com\\\/avatar\\\/4ab041ec7c7ad3b90293023e86528ec1a700ce2971ff61811b2df6b288dd1f38?s=96&d=identicon&r=g\",\"contentUrl\":\"https:\\\/\\\/secure.gravatar.com\\\/avatar\\\/4ab041ec7c7ad3b90293023e86528ec1a700ce2971ff61811b2df6b288dd1f38?s=96&d=identicon&r=g\",\"caption\":\"Andr\u00e9ine Bel\"},\"url\":\"https:\\\/\\\/www.leti.lt\\\/wordpress\\\/author\\\/andreine\\\/\"}]}<\/script>\n<!-- \/ Yoast SEO plugin. -->","yoast_head_json":{"title":"Le lien - Le TILT","robots":{"index":"index","follow":"follow","max-snippet":"max-snippet:-1","max-image-preview":"max-image-preview:large","max-video-preview":"max-video-preview:-1"},"canonical":"https:\/\/www.leti.lt\/wordpress\/danseforum-lelien\/","og_locale":"fr_FR","og_type":"article","og_title":"Le lien - Le TILT","og_description":"Danse forum\u2192 Comptes-ren\u00addus des ate\u00adliers\u2192 Lam\u00adbesc !!Le lien \u2013 3&nbsp;juin 2006 Nous \u00e9tions six. Ce sont les quatre hommes qui \u00e9taient le plus en besoin de d\u00e9li\u00adca\u00adtesse. Nous avons donc choi\u00adsi des \u00e9ti\u00adre\u00adments d\u2019orf\u00e8vres, o\u00f9 on laisse le corps \u00e9ti\u00adrer ses tis\u00adsus avec tact et per\u00adti\u00adnence. Eti\u00adre\u00adments actifs et pas\u00adsifs ont alter\u00adn\u00e9 et se sont com\u00adpl\u00e9\u00adt\u00e9s. Le contact avec le sol s\u2019en est trou\u00adv\u00e9 sensibilis\u00e9. Cela nous a&nbsp;ame\u00adn\u00e9s au contact avec autrui, ses dif\u00adf\u00e9\u00adrentes formes&nbsp;: contac\u00adter en effleu\u00adrant, en don\u00adnant [&hellip;]","og_url":"https:\/\/www.leti.lt\/wordpress\/danseforum-lelien\/","og_site_name":"Le TILT","article_published_time":"2020-02-16T14:30:32+00:00","author":"Andr\u00e9ine Bel","twitter_card":"summary_large_image","twitter_misc":{"\u00c9crit par":"Andr\u00e9ine Bel","Dur\u00e9e de lecture estim\u00e9e":"4 minutes"},"schema":{"@context":"https:\/\/schema.org","@graph":[{"@type":"Article","@id":"https:\/\/www.leti.lt\/wordpress\/danseforum-lelien\/#article","isPartOf":{"@id":"https:\/\/www.leti.lt\/wordpress\/danseforum-lelien\/"},"author":{"name":"Andr\u00e9ine Bel","@id":"https:\/\/www.leti.lt\/wordpress\/#\/schema\/person\/9bb307b2af8fbb575bb3603e57951f75"},"headline":"Le lien","datePublished":"2020-02-16T14:30:32+00:00","mainEntityOfPage":{"@id":"https:\/\/www.leti.lt\/wordpress\/danseforum-lelien\/"},"wordCount":763,"commentCount":0,"keywords":["DF_Lambesc"],"articleSection":["Ateliers Lambesc"],"inLanguage":"fr-FR","potentialAction":[{"@type":"CommentAction","name":"Comment","target":["https:\/\/www.leti.lt\/wordpress\/danseforum-lelien\/#respond"]}]},{"@type":"WebPage","@id":"https:\/\/www.leti.lt\/wordpress\/danseforum-lelien\/","url":"https:\/\/www.leti.lt\/wordpress\/danseforum-lelien\/","name":"Le lien - Le TILT","isPartOf":{"@id":"https:\/\/www.leti.lt\/wordpress\/#website"},"datePublished":"2020-02-16T14:30:32+00:00","author":{"@id":"https:\/\/www.leti.lt\/wordpress\/#\/schema\/person\/9bb307b2af8fbb575bb3603e57951f75"},"breadcrumb":{"@id":"https:\/\/www.leti.lt\/wordpress\/danseforum-lelien\/#breadcrumb"},"inLanguage":"fr-FR","potentialAction":[{"@type":"ReadAction","target":["https:\/\/www.leti.lt\/wordpress\/danseforum-lelien\/"]}]},{"@type":"BreadcrumbList","@id":"https:\/\/www.leti.lt\/wordpress\/danseforum-lelien\/#breadcrumb","itemListElement":[{"@type":"ListItem","position":1,"name":"Accueil","item":"https:\/\/www.leti.lt\/wordpress\/"},{"@type":"ListItem","position":2,"name":"Le lien"}]},{"@type":"WebSite","@id":"https:\/\/www.leti.lt\/wordpress\/#website","url":"https:\/\/www.leti.lt\/wordpress\/","name":"Le TILT","description":"Recherche, publication, cr\u00e9ation artistique","potentialAction":[{"@type":"SearchAction","target":{"@type":"EntryPoint","urlTemplate":"https:\/\/www.leti.lt\/wordpress\/?s={search_term_string}"},"query-input":{"@type":"PropertyValueSpecification","valueRequired":true,"valueName":"search_term_string"}}],"inLanguage":"fr-FR"},{"@type":"Person","@id":"https:\/\/www.leti.lt\/wordpress\/#\/schema\/person\/9bb307b2af8fbb575bb3603e57951f75","name":"Andr\u00e9ine Bel","image":{"@type":"ImageObject","inLanguage":"fr-FR","@id":"https:\/\/secure.gravatar.com\/avatar\/4ab041ec7c7ad3b90293023e86528ec1a700ce2971ff61811b2df6b288dd1f38?s=96&d=identicon&r=g","url":"https:\/\/secure.gravatar.com\/avatar\/4ab041ec7c7ad3b90293023e86528ec1a700ce2971ff61811b2df6b288dd1f38?s=96&d=identicon&r=g","contentUrl":"https:\/\/secure.gravatar.com\/avatar\/4ab041ec7c7ad3b90293023e86528ec1a700ce2971ff61811b2df6b288dd1f38?s=96&d=identicon&r=g","caption":"Andr\u00e9ine Bel"},"url":"https:\/\/www.leti.lt\/wordpress\/author\/andreine\/"}]}},"_links":{"self":[{"href":"https:\/\/www.leti.lt\/wordpress\/wp-json\/wp\/v2\/posts\/161","targetHints":{"allow":["GET"]}}],"collection":[{"href":"https:\/\/www.leti.lt\/wordpress\/wp-json\/wp\/v2\/posts"}],"about":[{"href":"https:\/\/www.leti.lt\/wordpress\/wp-json\/wp\/v2\/types\/post"}],"author":[{"embeddable":true,"href":"https:\/\/www.leti.lt\/wordpress\/wp-json\/wp\/v2\/users\/2"}],"replies":[{"embeddable":true,"href":"https:\/\/www.leti.lt\/wordpress\/wp-json\/wp\/v2\/comments?post=161"}],"version-history":[{"count":0,"href":"https:\/\/www.leti.lt\/wordpress\/wp-json\/wp\/v2\/posts\/161\/revisions"}],"wp:attachment":[{"href":"https:\/\/www.leti.lt\/wordpress\/wp-json\/wp\/v2\/media?parent=161"}],"wp:term":[{"taxonomy":"category","embeddable":true,"href":"https:\/\/www.leti.lt\/wordpress\/wp-json\/wp\/v2\/categories?post=161"},{"taxonomy":"post_tag","embeddable":true,"href":"https:\/\/www.leti.lt\/wordpress\/wp-json\/wp\/v2\/tags?post=161"}],"curies":[{"name":"wp","href":"https:\/\/api.w.org\/{rel}","templated":true}]}}