{"id":158,"date":"2020-02-16T15:30:32","date_gmt":"2020-02-16T14:30:32","guid":{"rendered":"https:\/\/www.leti.lt\/wordpress\/?p=158"},"modified":"-0001-11-30T00:00:00","modified_gmt":"-0001-11-29T22:00:00","slug":"danseforum-ledesequilibre","status":"publish","type":"post","link":"https:\/\/www.leti.lt\/wordpress\/danseforum-ledesequilibre\/","title":{"rendered":"Le d\u00e9s\u00e9quilibre"},"content":{"rendered":"<p><a href=\"https:\/\/www.leti.lt\/wordpress\/danseforum-danseforum\/\">Danse forum<\/a><br>\u2192 <a href=\"https:\/\/www.leti.lt\/wordpress\/danseforum-comptesrendusateliers\/\">Comptes-ren\u00addus des ate\u00adliers<\/a><br>\u2192 <a href=\"https:\/\/www.leti.lt\/wordpress\/danseforum-lambesc\/\">Lam\u00adbesc<\/a><br><br>!!Le d\u00e9s\u00ad\u00e9qui\u00adlibre \u2013 7&nbsp;octobre 2006<br><br>Nous \u00e9tions 16, c\u2019\u00e9tait la f\u00eate&nbsp;! De nom\u00adbreux par\u00adti\u00adci\u00adpants nous ont fait l\u2019amiti\u00e9 de<br>venir, m\u00eame s\u2019ils habitent loin et ne pour\u00adront donc que rare\u00adment se joindre \u00e0<br>nous plus tard.<br><br>Des th\u00e9\u00e2\u00adtreux, musi\u00adciens, dan\u00adseurs. Il n\u2019y a&nbsp;pas eu de tour de<br>pr\u00e9\u00adsen\u00adta\u00adtion, et cette fois je l\u2019ai regret\u00adt\u00e9, il est mieux de se conna\u00eetre un peu.<br><br>Nous avons com\u00admen\u00adc\u00e9 avec nos sen\u00adsa\u00adtions&nbsp;: \u00ab&nbsp;l\u00e9vi\u00adta\u00adtion&nbsp;\u00bb, lour\u00addeur,<br>ancr\u00e2ge, mate\u00adlas, ciel, immo\u00adbi\u00adli\u00adt\u00e9\u2026 poids, consis\u00adtance, mou\u00adve\u00adment.<br>Com\u00adment la sen\u00adsa\u00adtion exprime au sens lit\u00adt\u00e9\u00adral (expres\u00adsi\u00advi\u00adt\u00e9) un<br>mou\u00adve\u00adment ou une immo\u00adbi\u00adli\u00adt\u00e9. J\u2019avais mis une musique, elle \u00e9tait de<br>trop.<br><br>Puis nous avons mis une consigne&nbsp;: les points de contact avec le sol<br>vont du maxi\u00admum (tout le corps) au mini\u00admum (1 point). Voir quelles sen\u00adsa\u00adtions cela pro\u00adcure, de<br>se mettre sur un nombre paire ou impaire de points d\u2019appuis<br>(pr\u00e9-expres\u00adsi\u00advi\u00adt\u00e9).<br><br>Enfin, deux par\u00adte\u00adnaires \u00e9ta\u00adblisent deux points de contact, voir quels<br>mou\u00adve\u00adments se d\u00e9gagent.<br><br>La pause col\u00adla\u00adtion \u00e9tait en trop aus\u00adsi. L\u2019\u00e9nergie est dif\u00adfi\u00adcile \u00e0<br>remo\u00adbi\u00adli\u00adser ensuite.<br><br>D\u00e9ter\u00admi\u00adner le th\u00e8me de la danse forum a&nbsp;\u00e9t\u00e9 rela\u00adti\u00adve\u00adment facile. Il<br>est venu de la pr\u00e9\u00adpa\u00adra\u00adtion&nbsp;: le d\u00e9s\u00ad\u00e9qui\u00adlibre.<br><br>Mais trou\u00adver sa pro\u00adbl\u00e9\u00adma\u00adtique \u00e9tait dif\u00adfi\u00adcile. L\u2019\u00e9cueil prin\u00adci\u00adpal est<br>que l\u2019on est habi\u00adtu\u00e9 \u00e0&nbsp;avoir les r\u00e9ponses avant de poser le pro\u00adbl\u00e8me&nbsp;:<br>je me sens mal quand je suis en d\u00e9s\u00ad\u00e9qui\u00adlibre parce que je me sens<br>instable. Ou je me sens bien parce que cela me fait avan\u00adcer (la<br>marche est une suite de d\u00e9s\u00ad\u00e9qui\u00adlibres).<br><br>J\u2019ai r\u00e9fl\u00e9\u00adchi toute la semaine \u00e0&nbsp;ce pro\u00adbl\u00e8me de la pro\u00adbl\u00e9\u00adma\u00adtique, au<br>point de vou\u00adloir l\u2019envoyer au diable&nbsp;! N\u2019y a\u2011t-il pas de pro\u00adbl\u00e8me avec le d\u00e9s\u00ad\u00e9qui\u00adlibre&nbsp;?<br><br>Pour\u00adtant la danse forum ne peut se pas\u00adser de la pro\u00adbl\u00e9\u00adma\u00adti\u00adsa\u00adtion du<br>th\u00e8me choi\u00adsi. C\u2019est ce qui la dis\u00adtingue des beufs d\u2019improvisation,<br>ou du spec\u00adtacle de danse habi\u00adtuel. Dans une impro\u00advi\u00adsa\u00adtion<br>col\u00adlec\u00adtive, le but est d\u2019am\u00e9liorer la per\u00adfor\u00admance de cha\u00adcun et du<br>groupe. Il n\u2019y a&nbsp;que lorsqu\u2019une pro\u00adbl\u00e9\u00adma\u00adtique est don\u00adn\u00e9e que le<br>spec\u00adta\u00addan\u00adseur a&nbsp;un espace pour inter\u00adve\u00adnir et faire avan\u00adcer et bou\u00adger<br>les choses.<br><br>Le sens de tous les retours que j\u2019ai eu, le soir et les jours sui\u00advants&nbsp;: se don\u00adner du<br>temps pour for\u00admu\u00adler la pro\u00adbl\u00e9\u00adma\u00adtique, quitte \u00e0&nbsp;y pas\u00adser une ou deux<br>ou trois s\u00e9ances.<br><br>Cela en se rap\u00adpe\u00adlant que le fac\u00adteur temps est tou\u00adjours \u00e0&nbsp;double<br>tran\u00adchant. Avoir du temps est dif\u00adf\u00e9\u00adrent de prendre son temps.<br>Lorsqu\u2019on a&nbsp;du temps, l\u2019action se dilue. Lorsqu\u2019on le prend, elle<br>fleu\u00adrit&nbsp;!<br><br>C\u2019est sur\u00adtout le temps requis pour savoir com\u00adment for\u00admu\u00adler en danse<br>une pro\u00adbl\u00e9\u00adma\u00adtique (quelle qu\u2019elle soit) qui semble impor\u00adtant, et cela<br>ne s\u2019acquiert que par la pra\u00adtique et les \u00e9checs.<br><br>Pour reprendre les termes de Guillaume, \u00ab&nbsp;il y&nbsp;avait un m\u00e9lange<br>constant entre la construc\u00adtion du mod\u00e8le et sa trans\u00adfor\u00adma\u00adtion par<br>l\u2019interactivit\u00e9, phases qui sont bien s\u00e9pa\u00adr\u00e9es dans le th\u00e9\u00e2tre-forum<br>clas\u00adsique&nbsp;\u00bb.<br><br>Concr\u00ea\u00adte\u00adment, les pro\u00adpos\u00adtions de Guillaume du 8\/10\/06 me semblent tout \u00e0&nbsp;fait<br>appli\u00adcables, et nous ver\u00adrons com\u00adment elles se modulent.<br><br>Andr\u00e9ine Bel<br><br>d\u2019apr\u00e8s les retours de&nbsp;: Ama\u00addou B, Aman\u00adda L, Andr\u00e9ine B, Chris\u00adtel R, Chris\u00adtiane M, Domi\u00adnique S, Guillaume T, Johan\u00adna B, Ken M, Laurent B, Leo\u00adnar\u00addo C, Marie B, Mau\u00adrice M, Gene\u00advi\u00e8ve M, Rapha\u00ebl G,&nbsp;X.<\/p><p style=\"color:green; text-align:right !important;\">Article cr\u00e9\u00e9 le 16\/02\/2020<\/p>","protected":false},"excerpt":{"rendered":"<p>Danse forum\u2192 Comptes-ren\u00ad\u00addus des ate\u00adliers\u2192 Lam\u00adbesc !!Le d\u00e9s\u00ad\u00e9qui\u00adlibre \u2013 7&nbsp;octobre 2006 Nous \u00e9tions 16, c\u2019\u00e9tait la f\u00eate&nbsp;! De nom\u00adbreux par\u00adti\u00adci\u00adpants nous ont fait l\u2019amiti\u00e9 deve\u00adnir, m\u00eame s\u2019ils habitent loin et ne pour\u00adront donc que rare\u00adment se joindre \u00e0nous plus&nbsp;tard. Des th\u00e9\u00e2\u00adtreux, musi\u00adciens, dan\u00adseurs. Il n\u2019y a&nbsp;pas eu de tour depr\u00e9\u00adsen\u00adta\u00adtion, et cette fois je l\u2019ai regret\u00adt\u00e9, il est mieux de se conna\u00eetre un&nbsp;peu. Nous avons com\u00admen\u00adc\u00e9 avec nos sen\u00adsa\u00adtions&nbsp;: \u00ab&nbsp;l\u00e9vi\u00adta\u00adtion&nbsp;\u00bb, lour\u00addeur,ancr\u00e2ge, mate\u00adlas, ciel, immo\u00adbi\u00adli\u00adt\u00e9\u2026 poids, consis\u00adtance, mou\u00adve\u00adment.Com\u00adment la sen\u00adsa\u00adtion exprime&nbsp;[\u2026]<\/p>\n","protected":false},"author":2,"featured_media":0,"comment_status":"open","ping_status":"open","sticky":false,"template":"","format":"standard","meta":{"wp_typography_post_enhancements_disabled":false,"footnotes":""},"categories":[184],"tags":[208],"class_list":["post-158","post","type-post","status-publish","format-standard","hentry","category-ateliers_lambesc","tag-df_lambesc"],"yoast_head":"<!-- This site is optimized with the Yoast SEO plugin v27.5 - https:\/\/yoast.com\/product\/yoast-seo-wordpress\/ -->\n<title>Le d\u00e9s\u00e9quilibre - Le TILT<\/title>\n<meta name=\"robots\" content=\"index, follow, max-snippet:-1, max-image-preview:large, max-video-preview:-1\" \/>\n<link rel=\"canonical\" href=\"https:\/\/www.leti.lt\/wordpress\/danseforum-ledesequilibre\/\" \/>\n<meta property=\"og:locale\" content=\"fr_FR\" \/>\n<meta property=\"og:type\" content=\"article\" \/>\n<meta property=\"og:title\" content=\"Le d\u00e9s\u00e9quilibre - Le TILT\" \/>\n<meta property=\"og:description\" content=\"Danse forum\u2192 Comptes-ren\u00addus des ate\u00adliers\u2192 Lam\u00adbesc !!Le d\u00e9s\u00ad\u00e9qui\u00adlibre \u2013 7&nbsp;octobre 2006 Nous \u00e9tions 16, c\u2019\u00e9tait la f\u00eate&nbsp;! De nom\u00adbreux par\u00adti\u00adci\u00adpants nous ont fait l\u2019amiti\u00e9 devenir, m\u00eame s\u2019ils habitent loin et ne pour\u00adront donc que rare\u00adment se joindre \u00e0nous plus&nbsp;tard. Des th\u00e9\u00e2\u00adtreux, musi\u00adciens, dan\u00adseurs. Il n\u2019y a&nbsp;pas eu de tour depr\u00e9\u00adsen\u00adta\u00adtion, et cette fois je l\u2019ai regret\u00adt\u00e9, il est mieux de se conna\u00eetre un&nbsp;peu. Nous avons com\u00admen\u00adc\u00e9 avec nos sen\u00adsa\u00adtions&nbsp;: \u00ab&nbsp;l\u00e9vi\u00adta\u00adtion&nbsp;\u00bb, lour\u00addeur,ancr\u00e2ge, mate\u00adlas, ciel, immo\u00adbi\u00adli\u00adt\u00e9\u2026 poids, consis\u00adtance, mou\u00adve\u00adment.Com\u00adment la sen\u00adsa\u00adtion exprime [&hellip;]\" \/>\n<meta property=\"og:url\" content=\"https:\/\/www.leti.lt\/wordpress\/danseforum-ledesequilibre\/\" \/>\n<meta property=\"og:site_name\" content=\"Le TILT\" \/>\n<meta property=\"article:published_time\" content=\"2020-02-16T14:30:32+00:00\" \/>\n<meta name=\"author\" content=\"Andr\u00e9ine Bel\" \/>\n<meta name=\"twitter:card\" content=\"summary_large_image\" \/>\n<meta name=\"twitter:label1\" content=\"\u00c9crit par\" \/>\n\t<meta name=\"twitter:data1\" content=\"Andr\u00e9ine Bel\" \/>\n\t<meta name=\"twitter:label2\" content=\"Dur\u00e9e de lecture estim\u00e9e\" \/>\n\t<meta name=\"twitter:data2\" content=\"3 minutes\" \/>\n<script type=\"application\/ld+json\" class=\"yoast-schema-graph\">{\"@context\":\"https:\\\/\\\/schema.org\",\"@graph\":[{\"@type\":\"Article\",\"@id\":\"https:\\\/\\\/www.leti.lt\\\/wordpress\\\/danseforum-ledesequilibre\\\/#article\",\"isPartOf\":{\"@id\":\"https:\\\/\\\/www.leti.lt\\\/wordpress\\\/danseforum-ledesequilibre\\\/\"},\"author\":{\"name\":\"Andr\u00e9ine Bel\",\"@id\":\"https:\\\/\\\/www.leti.lt\\\/wordpress\\\/#\\\/schema\\\/person\\\/9bb307b2af8fbb575bb3603e57951f75\"},\"headline\":\"Le d\u00e9s\u00e9quilibre\",\"datePublished\":\"2020-02-16T14:30:32+00:00\",\"mainEntityOfPage\":{\"@id\":\"https:\\\/\\\/www.leti.lt\\\/wordpress\\\/danseforum-ledesequilibre\\\/\"},\"wordCount\":567,\"commentCount\":0,\"keywords\":[\"DF_Lambesc\"],\"articleSection\":[\"Ateliers Lambesc\"],\"inLanguage\":\"fr-FR\",\"potentialAction\":[{\"@type\":\"CommentAction\",\"name\":\"Comment\",\"target\":[\"https:\\\/\\\/www.leti.lt\\\/wordpress\\\/danseforum-ledesequilibre\\\/#respond\"]}]},{\"@type\":\"WebPage\",\"@id\":\"https:\\\/\\\/www.leti.lt\\\/wordpress\\\/danseforum-ledesequilibre\\\/\",\"url\":\"https:\\\/\\\/www.leti.lt\\\/wordpress\\\/danseforum-ledesequilibre\\\/\",\"name\":\"Le d\u00e9s\u00e9quilibre - Le TILT\",\"isPartOf\":{\"@id\":\"https:\\\/\\\/www.leti.lt\\\/wordpress\\\/#website\"},\"datePublished\":\"2020-02-16T14:30:32+00:00\",\"author\":{\"@id\":\"https:\\\/\\\/www.leti.lt\\\/wordpress\\\/#\\\/schema\\\/person\\\/9bb307b2af8fbb575bb3603e57951f75\"},\"breadcrumb\":{\"@id\":\"https:\\\/\\\/www.leti.lt\\\/wordpress\\\/danseforum-ledesequilibre\\\/#breadcrumb\"},\"inLanguage\":\"fr-FR\",\"potentialAction\":[{\"@type\":\"ReadAction\",\"target\":[\"https:\\\/\\\/www.leti.lt\\\/wordpress\\\/danseforum-ledesequilibre\\\/\"]}]},{\"@type\":\"BreadcrumbList\",\"@id\":\"https:\\\/\\\/www.leti.lt\\\/wordpress\\\/danseforum-ledesequilibre\\\/#breadcrumb\",\"itemListElement\":[{\"@type\":\"ListItem\",\"position\":1,\"name\":\"Accueil\",\"item\":\"https:\\\/\\\/www.leti.lt\\\/wordpress\\\/\"},{\"@type\":\"ListItem\",\"position\":2,\"name\":\"Le d\u00e9s\u00e9quilibre\"}]},{\"@type\":\"WebSite\",\"@id\":\"https:\\\/\\\/www.leti.lt\\\/wordpress\\\/#website\",\"url\":\"https:\\\/\\\/www.leti.lt\\\/wordpress\\\/\",\"name\":\"Le TILT\",\"description\":\"Recherche, publication, cr\u00e9ation artistique\",\"potentialAction\":[{\"@type\":\"SearchAction\",\"target\":{\"@type\":\"EntryPoint\",\"urlTemplate\":\"https:\\\/\\\/www.leti.lt\\\/wordpress\\\/?s={search_term_string}\"},\"query-input\":{\"@type\":\"PropertyValueSpecification\",\"valueRequired\":true,\"valueName\":\"search_term_string\"}}],\"inLanguage\":\"fr-FR\"},{\"@type\":\"Person\",\"@id\":\"https:\\\/\\\/www.leti.lt\\\/wordpress\\\/#\\\/schema\\\/person\\\/9bb307b2af8fbb575bb3603e57951f75\",\"name\":\"Andr\u00e9ine Bel\",\"image\":{\"@type\":\"ImageObject\",\"inLanguage\":\"fr-FR\",\"@id\":\"https:\\\/\\\/secure.gravatar.com\\\/avatar\\\/4ab041ec7c7ad3b90293023e86528ec1a700ce2971ff61811b2df6b288dd1f38?s=96&d=identicon&r=g\",\"url\":\"https:\\\/\\\/secure.gravatar.com\\\/avatar\\\/4ab041ec7c7ad3b90293023e86528ec1a700ce2971ff61811b2df6b288dd1f38?s=96&d=identicon&r=g\",\"contentUrl\":\"https:\\\/\\\/secure.gravatar.com\\\/avatar\\\/4ab041ec7c7ad3b90293023e86528ec1a700ce2971ff61811b2df6b288dd1f38?s=96&d=identicon&r=g\",\"caption\":\"Andr\u00e9ine Bel\"},\"url\":\"https:\\\/\\\/www.leti.lt\\\/wordpress\\\/author\\\/andreine\\\/\"}]}<\/script>\n<!-- \/ Yoast SEO plugin. -->","yoast_head_json":{"title":"Le d\u00e9s\u00e9quilibre - Le TILT","robots":{"index":"index","follow":"follow","max-snippet":"max-snippet:-1","max-image-preview":"max-image-preview:large","max-video-preview":"max-video-preview:-1"},"canonical":"https:\/\/www.leti.lt\/wordpress\/danseforum-ledesequilibre\/","og_locale":"fr_FR","og_type":"article","og_title":"Le d\u00e9s\u00e9quilibre - Le TILT","og_description":"Danse forum\u2192 Comptes-ren\u00addus des ate\u00adliers\u2192 Lam\u00adbesc !!Le d\u00e9s\u00ad\u00e9qui\u00adlibre \u2013 7&nbsp;octobre 2006 Nous \u00e9tions 16, c\u2019\u00e9tait la f\u00eate&nbsp;! De nom\u00adbreux par\u00adti\u00adci\u00adpants nous ont fait l\u2019amiti\u00e9 devenir, m\u00eame s\u2019ils habitent loin et ne pour\u00adront donc que rare\u00adment se joindre \u00e0nous plus&nbsp;tard. Des th\u00e9\u00e2\u00adtreux, musi\u00adciens, dan\u00adseurs. Il n\u2019y a&nbsp;pas eu de tour depr\u00e9\u00adsen\u00adta\u00adtion, et cette fois je l\u2019ai regret\u00adt\u00e9, il est mieux de se conna\u00eetre un&nbsp;peu. Nous avons com\u00admen\u00adc\u00e9 avec nos sen\u00adsa\u00adtions&nbsp;: \u00ab&nbsp;l\u00e9vi\u00adta\u00adtion&nbsp;\u00bb, lour\u00addeur,ancr\u00e2ge, mate\u00adlas, ciel, immo\u00adbi\u00adli\u00adt\u00e9\u2026 poids, consis\u00adtance, mou\u00adve\u00adment.Com\u00adment la sen\u00adsa\u00adtion exprime [&hellip;]","og_url":"https:\/\/www.leti.lt\/wordpress\/danseforum-ledesequilibre\/","og_site_name":"Le TILT","article_published_time":"2020-02-16T14:30:32+00:00","author":"Andr\u00e9ine Bel","twitter_card":"summary_large_image","twitter_misc":{"\u00c9crit par":"Andr\u00e9ine Bel","Dur\u00e9e de lecture estim\u00e9e":"3 minutes"},"schema":{"@context":"https:\/\/schema.org","@graph":[{"@type":"Article","@id":"https:\/\/www.leti.lt\/wordpress\/danseforum-ledesequilibre\/#article","isPartOf":{"@id":"https:\/\/www.leti.lt\/wordpress\/danseforum-ledesequilibre\/"},"author":{"name":"Andr\u00e9ine Bel","@id":"https:\/\/www.leti.lt\/wordpress\/#\/schema\/person\/9bb307b2af8fbb575bb3603e57951f75"},"headline":"Le d\u00e9s\u00e9quilibre","datePublished":"2020-02-16T14:30:32+00:00","mainEntityOfPage":{"@id":"https:\/\/www.leti.lt\/wordpress\/danseforum-ledesequilibre\/"},"wordCount":567,"commentCount":0,"keywords":["DF_Lambesc"],"articleSection":["Ateliers Lambesc"],"inLanguage":"fr-FR","potentialAction":[{"@type":"CommentAction","name":"Comment","target":["https:\/\/www.leti.lt\/wordpress\/danseforum-ledesequilibre\/#respond"]}]},{"@type":"WebPage","@id":"https:\/\/www.leti.lt\/wordpress\/danseforum-ledesequilibre\/","url":"https:\/\/www.leti.lt\/wordpress\/danseforum-ledesequilibre\/","name":"Le d\u00e9s\u00e9quilibre - Le TILT","isPartOf":{"@id":"https:\/\/www.leti.lt\/wordpress\/#website"},"datePublished":"2020-02-16T14:30:32+00:00","author":{"@id":"https:\/\/www.leti.lt\/wordpress\/#\/schema\/person\/9bb307b2af8fbb575bb3603e57951f75"},"breadcrumb":{"@id":"https:\/\/www.leti.lt\/wordpress\/danseforum-ledesequilibre\/#breadcrumb"},"inLanguage":"fr-FR","potentialAction":[{"@type":"ReadAction","target":["https:\/\/www.leti.lt\/wordpress\/danseforum-ledesequilibre\/"]}]},{"@type":"BreadcrumbList","@id":"https:\/\/www.leti.lt\/wordpress\/danseforum-ledesequilibre\/#breadcrumb","itemListElement":[{"@type":"ListItem","position":1,"name":"Accueil","item":"https:\/\/www.leti.lt\/wordpress\/"},{"@type":"ListItem","position":2,"name":"Le d\u00e9s\u00e9quilibre"}]},{"@type":"WebSite","@id":"https:\/\/www.leti.lt\/wordpress\/#website","url":"https:\/\/www.leti.lt\/wordpress\/","name":"Le TILT","description":"Recherche, publication, cr\u00e9ation artistique","potentialAction":[{"@type":"SearchAction","target":{"@type":"EntryPoint","urlTemplate":"https:\/\/www.leti.lt\/wordpress\/?s={search_term_string}"},"query-input":{"@type":"PropertyValueSpecification","valueRequired":true,"valueName":"search_term_string"}}],"inLanguage":"fr-FR"},{"@type":"Person","@id":"https:\/\/www.leti.lt\/wordpress\/#\/schema\/person\/9bb307b2af8fbb575bb3603e57951f75","name":"Andr\u00e9ine Bel","image":{"@type":"ImageObject","inLanguage":"fr-FR","@id":"https:\/\/secure.gravatar.com\/avatar\/4ab041ec7c7ad3b90293023e86528ec1a700ce2971ff61811b2df6b288dd1f38?s=96&d=identicon&r=g","url":"https:\/\/secure.gravatar.com\/avatar\/4ab041ec7c7ad3b90293023e86528ec1a700ce2971ff61811b2df6b288dd1f38?s=96&d=identicon&r=g","contentUrl":"https:\/\/secure.gravatar.com\/avatar\/4ab041ec7c7ad3b90293023e86528ec1a700ce2971ff61811b2df6b288dd1f38?s=96&d=identicon&r=g","caption":"Andr\u00e9ine Bel"},"url":"https:\/\/www.leti.lt\/wordpress\/author\/andreine\/"}]}},"_links":{"self":[{"href":"https:\/\/www.leti.lt\/wordpress\/wp-json\/wp\/v2\/posts\/158","targetHints":{"allow":["GET"]}}],"collection":[{"href":"https:\/\/www.leti.lt\/wordpress\/wp-json\/wp\/v2\/posts"}],"about":[{"href":"https:\/\/www.leti.lt\/wordpress\/wp-json\/wp\/v2\/types\/post"}],"author":[{"embeddable":true,"href":"https:\/\/www.leti.lt\/wordpress\/wp-json\/wp\/v2\/users\/2"}],"replies":[{"embeddable":true,"href":"https:\/\/www.leti.lt\/wordpress\/wp-json\/wp\/v2\/comments?post=158"}],"version-history":[{"count":0,"href":"https:\/\/www.leti.lt\/wordpress\/wp-json\/wp\/v2\/posts\/158\/revisions"}],"wp:attachment":[{"href":"https:\/\/www.leti.lt\/wordpress\/wp-json\/wp\/v2\/media?parent=158"}],"wp:term":[{"taxonomy":"category","embeddable":true,"href":"https:\/\/www.leti.lt\/wordpress\/wp-json\/wp\/v2\/categories?post=158"},{"taxonomy":"post_tag","embeddable":true,"href":"https:\/\/www.leti.lt\/wordpress\/wp-json\/wp\/v2\/tags?post=158"}],"curies":[{"name":"wp","href":"https:\/\/api.w.org\/{rel}","templated":true}]}}