{"id":155,"date":"2020-02-16T15:30:32","date_gmt":"2020-02-16T14:30:32","guid":{"rendered":"https:\/\/www.leti.lt\/wordpress\/?p=155"},"modified":"-0001-11-30T00:00:00","modified_gmt":"-0001-11-29T22:00:00","slug":"danseforum-lecorpssansorganesetlevolume","status":"publish","type":"post","link":"https:\/\/www.leti.lt\/wordpress\/danseforum-lecorpssansorganesetlevolume\/","title":{"rendered":"Le corps sans organes et le volume"},"content":{"rendered":"<p><a href=\"https:\/\/www.leti.lt\/wordpress\/danseforum-danseforum\/\">Danse forum<\/a><br>\u2192 <a href=\"https:\/\/www.leti.lt\/wordpress\/danseforum-comptesrendusateliers\/\">Comptes-ren\u00addus des ate\u00adliers<\/a><br>\u2192 <a href=\"https:\/\/www.leti.lt\/wordpress\/danseforum-aixenprovence\/\">Aix-en-Pro\u00advence<\/a><br><br>!!Le Corps sans organes et le volume \u2013 12 avril 2010, stu\u00addio For\u00adbin, en pr\u00e9\u00adpa\u00adra\u00adtion du fes\u00adti\u00adval de For\u00adcal\u00adquier<br><br>Nous \u00e9tions neuf ce dimanche au stu\u00addio For\u00adbin, autour du Corps sans organes.<br><br>Y a\u2011t-il un lien entre le Corps sans organes et l\u2019esth\u00e9tique des minia\u00adtures indiennes Cham\u00adpa et Kan\u00adgra, les deux prin\u00adci\u00adpales \u00e9coles clas\u00adsiques du 2\u00b0 si\u00e8cle de notre \u00e8re&nbsp;?<br><br>Ces pein\u00adtures d\u00e9crivent les amours de Kri\u00adsh\u00adna et son don d\u2019ubiquit\u00e9&nbsp;: il pou\u00advait se trou\u00adver au m\u00eame moment avec cha\u00adcune de ses amantes, les \u00e2mes. On y&nbsp;voit Radha tra\u00adver\u00adsant la nuit la for\u00eat pour rejoindre Kri\u00adsh\u00adna dis\u00adsi\u00admu\u00adl\u00e9 dans un buis\u00adson, des ser\u00adpents sinueux dans un ciel ombra\u00adg\u00e9, des lotus riva\u00adli\u00adsant de beau\u00adt\u00e9 avec les corps nus dans la rivi\u00e8re Jamu\u00adna, des palais entou\u00adr\u00e9s d\u2019arbres r\u00e9son\u00adnant du chant des oiseaux amou\u00adreux\u2026 Lorsque la sty\u00adli\u00adsa\u00adtion est assu\u00adm\u00e9e \u00e0&nbsp;ce point, lorsque la saveur (le rasa) de l\u2019\u0153uvre donne un pay\u00adsage aux sen\u00adsa\u00adtions pour pro\u00adduire l\u2019\u00e9motion, les organes (la repr\u00e9\u00adsen\u00adta\u00adtion, l\u2019illustration) sont-ils encore acces\u00adsibles au regard&nbsp;?<br><br>Nous avons v\u00e9ri\u00adfi\u00e9 avec la pein\u00adture de Fran\u00adcis Bacon&nbsp;: lorsque le Corps sans organes est \u00e0&nbsp;l\u2019\u0153uvre, les sen\u00adsa\u00adtions du corps sont peintes en direct, dans leur imma\u00adnence, la Figure rem\u00adpla\u00ad\u00e7ant la figu\u00adra\u00adtion dans le regard du spec\u00adta\u00adteur.<br><br>Les \u00e9coles de Cham\u00adpa et de Kan\u00adgra pein\u00addraient-elle les sen\u00adsa\u00adtions de l\u2019\u00e2me (la cor\u00adpo\u00adr\u00e9i\u00adt\u00e9 de l\u2019\u00e2me) avec les codes cultu\u00adrels de l\u2019Inde m\u00e9di\u00e9\u00advale, et dans leur trans\u00adcen\u00addance&nbsp;?<br><br>A prio\u00adri, rien ne serait plus oppo\u00ads\u00e9 que ces deux pein\u00adtures, Radha \u2013 Kri\u00adsh\u00adna et les corps de Bacon. Pour\u00adtant, j\u2019y vois un lien sous-jacent&nbsp;: la saveur, et l\u2019impossibilit\u00e9 de sou\u00adte\u00adnir le regard face \u00e0&nbsp;ces \u0153uvres, de par l\u2019intensit\u00e9 qu\u2019elles d\u00e9gagent. Un lien entre les corps d\u00e9bor\u00addants de Bacon, et ce Kri\u00adsh\u00adna qui n\u2019en finit pas de se d\u00e9dou\u00adbler, entre la g\u00e9o\u00adm\u00e9\u00adtrie nette et irr\u00e9a\u00adliste des tableaux et celle des minia\u00adtures qui fait entrer dans une petite bo\u00eete une sc\u00e8ne enti\u00e8re.<br><br>Est-ce cette immer\u00adsion dans la pein\u00adture&nbsp;? Le \u00ab&nbsp;volume&nbsp;\u00bb s\u2019est impo\u00ads\u00e9 \u00e0&nbsp;l\u2019issue de l\u2019\u00e9veil des muscles et\/ou sen\u00adsa\u00adtions. Essayer de retrou\u00adver son propre volume, cela en vaut la peine.<br><br>Le volume s\u2019est mis \u00e0&nbsp;cr\u00e9er plu\u00adsieurs espaces&nbsp;: le dedans et le dehors, la sc\u00e8ne et le hors-sc\u00e8ne, et ce qu\u2019il y&nbsp;a entre. La plas\u00adti\u00adci\u00adt\u00e9 du volume en nous s\u2019est mise en action&nbsp;: les bras qui gonflent, les mains immenses, le cylindre mobile du buste. Plus grave&nbsp;: le corps qui coule, s\u2019\u00e9tale au sol comme de la g\u00e9la\u00adtine, se tord sans rai\u00adson appa\u00adrente, s\u2019enfuit sous le tapis, les cou\u00adleurs et volumes qui se dis\u00adtendent, implosent\u2026<br><br>La fra\u00adgi\u00adli\u00adt\u00e9 du volume m\u2019a sub\u00admer\u00adg\u00e9e, ce volume qui peut \u00eatre enta\u00adm\u00e9, acci\u00adden\u00adt\u00e9, ampu\u00adt\u00e9, ren\u00addu pous\u00adsi\u00e8re.<br><br>Assez vite, tout est deve\u00adnu volume pour nous&nbsp;: le tapis de danse, la porte et la pein\u00adture sur la porte. L\u2019ombre, dont on ne sait tou\u00adjours pas si elle a&nbsp;une \u00e9pais\u00adseur (depuis \u00ab&nbsp;le Corps sans organes et l\u2019inachev\u00e9&nbsp;\u00bb, il me semble), a\u2011t-elle un volume&nbsp;?<br><br>Mis dans l\u2019espace sc\u00e9\u00adnique, le volume par\u00adta\u00adg\u00e9 est entr\u00e9 en sc\u00e8ne&nbsp;: un volume avec d\u2019autres volumes qui \u00e9vo\u00adluent dans un m\u00eame volume. \u00catre dans son centre \u00e0&nbsp;soi, tout en par\u00adta\u00adgeant un m\u00eame centre \u2013 celui de la sc\u00e8ne avec tout le monde \u2013 n\u2019est pas \u00e9vident.<br><br>Puisque les pieds n\u2019offraient pas une sur\u00adface de sus\u00adten\u00adta\u00adtion suf\u00adfi\u00adsante, au sol nous nous sommes r\u00e9pan\u00addus en para\u00adm\u00e9\u00adcies, ecto\u00adplasmes qui s\u2019entrechoquaient sans se cho\u00adquer. Le big-bang a&nbsp;m\u00eame \u00e9t\u00e9 envi\u00adsa\u00adg\u00e9, le volume col\u00adlec\u00adtif face au volume indi\u00advi\u00adduel, le visage de Kri\u00adsh\u00adna qui nous sur\u00adveillait, nos oreilles qui pre\u00adnaient le relais des yeux, bref tout cela \u00e9tait en lien avec la cr\u00e9a\u00adtion, de fa\u00e7on \u00e9vi\u00addente et imma\u00adnente.<br><br>En pre\u00adnant du relief, la vie n\u2019est plus faite de sur\u00adfaces, elle prend du volume.<br><br>Le sou\u00adve\u00adnir du pre\u00admier \u00ab&nbsp;non&nbsp;\u00bb se situe au niveau de la rate, avec une ten\u00adsion dou\u00adlou\u00adreuse. L\u2019ami dis\u00adpa\u00adru, la pho\u00adto ancienne o\u00f9 il c\u00f4toie des per\u00adsonnes au visage jau\u00adni pour\u00adtant encore de ce monde, le volume creux, vide, qui se rem\u00adplit peu \u00e0&nbsp;peu puis s\u2019anime, tout cela a&nbsp;\u00e9t\u00e9 v\u00e9cu. Ain\u00adsi, plu\u00adsieurs volumes simul\u00adta\u00adn\u00e9s sont appa\u00adrus&nbsp;: le phy\u00adsique, l\u2019\u00e9motionnel, le men\u00adtal, le spi\u00adri\u00adtuel et nous en avons oubli\u00e9, c\u2019est s\u00fbr\u2026<br><br>Andr\u00e9ine Bel,<br><br>d\u2019apr\u00e8s les retours de&nbsp;: Andr\u00e9ine B, Ber\u00adnard B, Johan\u00adna B, Del\u00adphine O, Jacques H, Marit\u00adza S, Minh N, Nadine G, V\u00e9ro\u00adnique B.<br><br>PS&nbsp;: Pour une pre\u00admi\u00e8re approche des rasas, on peut lire&nbsp;:<br>http:\/\/\u200bwww\u200b.armel\u200ble\u200bcho\u200bquard\u200b.fr\/\u200bd\u200bh\u200bv\u200ba\u200bn\u200bi\u200b\/\u200br\u200ba\u200bs\u200ba\u200b.\u200bh\u200btml<br>http:\/\/\u200behess\u200b.phi\u200blo\u200bso\u200bphin\u200bdia\u200b.fr\/\u200bi\u200bn\u200bd\u200be\u200b\/\u200bt\u200bh\u200be\u200ba\u200bt\u200br\u200ba\u200bl\u200bi\u200bt\u200be\u200b\/\u200bl\u200be\u200b-\u200bt\u200bh\u200be\u200ba\u200bt\u200br\u200be\u200b-\u200be\u200bt\u200b-\u200bl\u200ba\u200b-\u200bd\u200ba\u200bn\u200bs\u200be\u200b\/\u200bl\u200be\u200b-\u200bm\u200bo\u200bt\u200b-\u200br\u200ba\u200bs\u200ba\u200b.\u200bh\u200btml<\/p><p style=\"color:green; text-align:right !important;\">Article cr\u00e9\u00e9 le 16\/02\/2020<\/p>","protected":false},"excerpt":{"rendered":"<p>Danse forum\u2192 Comptes-ren\u00ad\u00addus des ate\u00adliers\u2192 Aix-en-Pro\u00ad\u00advence !!Le Corps sans organes et le volume \u2013 12 avril 2010, stu\u00addio For\u00adbin, en pr\u00e9\u00adpa\u00adra\u00adtion du fes\u00adti\u00adval de For\u00adcal\u00adquier Nous \u00e9tions neuf ce dimanche au stu\u00addio For\u00adbin, autour du Corps sans organes. Y&nbsp;a\u2011t\u2011il un lien entre le Corps sans organes et l\u2019esth\u00e9tique des minia\u00adtures indiennes Cham\u00adpa et Kan\u00adgra, les deux prin\u00adci\u00adpales \u00e9coles clas\u00adsiques du 2\u00b0 si\u00e8cle de notre&nbsp;\u00e8re&nbsp;? Ces pein\u00adtures d\u00e9crivent les amours de Kri\u00adsh\u00adna et son don d\u2019ubiquit\u00e9&nbsp;: il pou\u00advait se trouver&nbsp;[\u2026]<\/p>\n","protected":false},"author":2,"featured_media":0,"comment_status":"open","ping_status":"open","sticky":false,"template":"","format":"standard","meta":{"wp_typography_post_enhancements_disabled":false,"footnotes":""},"categories":[133],"tags":[210],"class_list":["post-155","post","type-post","status-publish","format-standard","hentry","category-ateliers_aix","tag-df_aixenprovence"],"yoast_head":"<!-- This site is optimized with the Yoast SEO plugin v27.5 - https:\/\/yoast.com\/product\/yoast-seo-wordpress\/ -->\n<title>Le corps sans organes et le volume - Le TILT<\/title>\n<meta name=\"robots\" content=\"index, follow, max-snippet:-1, max-image-preview:large, max-video-preview:-1\" \/>\n<link rel=\"canonical\" href=\"https:\/\/www.leti.lt\/wordpress\/danseforum-lecorpssansorganesetlevolume\/\" \/>\n<meta property=\"og:locale\" content=\"fr_FR\" \/>\n<meta property=\"og:type\" content=\"article\" \/>\n<meta property=\"og:title\" content=\"Le corps sans organes et le volume - Le TILT\" \/>\n<meta property=\"og:description\" content=\"Danse forum\u2192 Comptes-ren\u00addus des ate\u00adliers\u2192 Aix-en-Pro\u00advence !!Le Corps sans organes et le volume \u2013 12 avril 2010, stu\u00addio For\u00adbin, en pr\u00e9\u00adpa\u00adra\u00adtion du fes\u00adti\u00adval de Forcalquier Nous \u00e9tions neuf ce dimanche au stu\u00addio For\u00adbin, autour du Corps sans organes. Y a\u2011t-il un lien entre le Corps sans organes et l\u2019esth\u00e9tique des minia\u00adtures indiennes Cham\u00adpa et Kan\u00adgra, les deux prin\u00adci\u00adpales \u00e9coles clas\u00adsiques du 2\u00b0 si\u00e8cle de notre&nbsp;\u00e8re&nbsp;? Ces pein\u00adtures d\u00e9crivent les amours de Kri\u00adsh\u00adna et son don d\u2019ubiquit\u00e9&nbsp;: il pou\u00advait se trou\u00adver [&hellip;]\" \/>\n<meta property=\"og:url\" content=\"https:\/\/www.leti.lt\/wordpress\/danseforum-lecorpssansorganesetlevolume\/\" \/>\n<meta property=\"og:site_name\" content=\"Le TILT\" \/>\n<meta property=\"article:published_time\" content=\"2020-02-16T14:30:32+00:00\" \/>\n<meta name=\"author\" content=\"Andr\u00e9ine Bel\" \/>\n<meta name=\"twitter:card\" content=\"summary_large_image\" \/>\n<meta name=\"twitter:label1\" content=\"\u00c9crit par\" \/>\n\t<meta name=\"twitter:data1\" content=\"Andr\u00e9ine Bel\" \/>\n\t<meta name=\"twitter:label2\" content=\"Dur\u00e9e de lecture estim\u00e9e\" \/>\n\t<meta name=\"twitter:data2\" content=\"4 minutes\" \/>\n<script type=\"application\/ld+json\" class=\"yoast-schema-graph\">{\"@context\":\"https:\\\/\\\/schema.org\",\"@graph\":[{\"@type\":\"Article\",\"@id\":\"https:\\\/\\\/www.leti.lt\\\/wordpress\\\/danseforum-lecorpssansorganesetlevolume\\\/#article\",\"isPartOf\":{\"@id\":\"https:\\\/\\\/www.leti.lt\\\/wordpress\\\/danseforum-lecorpssansorganesetlevolume\\\/\"},\"author\":{\"name\":\"Andr\u00e9ine Bel\",\"@id\":\"https:\\\/\\\/www.leti.lt\\\/wordpress\\\/#\\\/schema\\\/person\\\/9bb307b2af8fbb575bb3603e57951f75\"},\"headline\":\"Le corps sans organes et le volume\",\"datePublished\":\"2020-02-16T14:30:32+00:00\",\"mainEntityOfPage\":{\"@id\":\"https:\\\/\\\/www.leti.lt\\\/wordpress\\\/danseforum-lecorpssansorganesetlevolume\\\/\"},\"wordCount\":816,\"commentCount\":0,\"keywords\":[\"DF_AixEnProvence\"],\"articleSection\":[\"Ateliers Aix\"],\"inLanguage\":\"fr-FR\",\"potentialAction\":[{\"@type\":\"CommentAction\",\"name\":\"Comment\",\"target\":[\"https:\\\/\\\/www.leti.lt\\\/wordpress\\\/danseforum-lecorpssansorganesetlevolume\\\/#respond\"]}]},{\"@type\":\"WebPage\",\"@id\":\"https:\\\/\\\/www.leti.lt\\\/wordpress\\\/danseforum-lecorpssansorganesetlevolume\\\/\",\"url\":\"https:\\\/\\\/www.leti.lt\\\/wordpress\\\/danseforum-lecorpssansorganesetlevolume\\\/\",\"name\":\"Le corps sans organes et le volume - Le TILT\",\"isPartOf\":{\"@id\":\"https:\\\/\\\/www.leti.lt\\\/wordpress\\\/#website\"},\"datePublished\":\"2020-02-16T14:30:32+00:00\",\"author\":{\"@id\":\"https:\\\/\\\/www.leti.lt\\\/wordpress\\\/#\\\/schema\\\/person\\\/9bb307b2af8fbb575bb3603e57951f75\"},\"breadcrumb\":{\"@id\":\"https:\\\/\\\/www.leti.lt\\\/wordpress\\\/danseforum-lecorpssansorganesetlevolume\\\/#breadcrumb\"},\"inLanguage\":\"fr-FR\",\"potentialAction\":[{\"@type\":\"ReadAction\",\"target\":[\"https:\\\/\\\/www.leti.lt\\\/wordpress\\\/danseforum-lecorpssansorganesetlevolume\\\/\"]}]},{\"@type\":\"BreadcrumbList\",\"@id\":\"https:\\\/\\\/www.leti.lt\\\/wordpress\\\/danseforum-lecorpssansorganesetlevolume\\\/#breadcrumb\",\"itemListElement\":[{\"@type\":\"ListItem\",\"position\":1,\"name\":\"Accueil\",\"item\":\"https:\\\/\\\/www.leti.lt\\\/wordpress\\\/\"},{\"@type\":\"ListItem\",\"position\":2,\"name\":\"Le corps sans organes et le volume\"}]},{\"@type\":\"WebSite\",\"@id\":\"https:\\\/\\\/www.leti.lt\\\/wordpress\\\/#website\",\"url\":\"https:\\\/\\\/www.leti.lt\\\/wordpress\\\/\",\"name\":\"Le TILT\",\"description\":\"Recherche, publication, cr\u00e9ation artistique\",\"potentialAction\":[{\"@type\":\"SearchAction\",\"target\":{\"@type\":\"EntryPoint\",\"urlTemplate\":\"https:\\\/\\\/www.leti.lt\\\/wordpress\\\/?s={search_term_string}\"},\"query-input\":{\"@type\":\"PropertyValueSpecification\",\"valueRequired\":true,\"valueName\":\"search_term_string\"}}],\"inLanguage\":\"fr-FR\"},{\"@type\":\"Person\",\"@id\":\"https:\\\/\\\/www.leti.lt\\\/wordpress\\\/#\\\/schema\\\/person\\\/9bb307b2af8fbb575bb3603e57951f75\",\"name\":\"Andr\u00e9ine Bel\",\"image\":{\"@type\":\"ImageObject\",\"inLanguage\":\"fr-FR\",\"@id\":\"https:\\\/\\\/secure.gravatar.com\\\/avatar\\\/4ab041ec7c7ad3b90293023e86528ec1a700ce2971ff61811b2df6b288dd1f38?s=96&d=identicon&r=g\",\"url\":\"https:\\\/\\\/secure.gravatar.com\\\/avatar\\\/4ab041ec7c7ad3b90293023e86528ec1a700ce2971ff61811b2df6b288dd1f38?s=96&d=identicon&r=g\",\"contentUrl\":\"https:\\\/\\\/secure.gravatar.com\\\/avatar\\\/4ab041ec7c7ad3b90293023e86528ec1a700ce2971ff61811b2df6b288dd1f38?s=96&d=identicon&r=g\",\"caption\":\"Andr\u00e9ine Bel\"},\"url\":\"https:\\\/\\\/www.leti.lt\\\/wordpress\\\/author\\\/andreine\\\/\"}]}<\/script>\n<!-- \/ Yoast SEO plugin. -->","yoast_head_json":{"title":"Le corps sans organes et le volume - Le TILT","robots":{"index":"index","follow":"follow","max-snippet":"max-snippet:-1","max-image-preview":"max-image-preview:large","max-video-preview":"max-video-preview:-1"},"canonical":"https:\/\/www.leti.lt\/wordpress\/danseforum-lecorpssansorganesetlevolume\/","og_locale":"fr_FR","og_type":"article","og_title":"Le corps sans organes et le volume - Le TILT","og_description":"Danse forum\u2192 Comptes-ren\u00addus des ate\u00adliers\u2192 Aix-en-Pro\u00advence !!Le Corps sans organes et le volume \u2013 12 avril 2010, stu\u00addio For\u00adbin, en pr\u00e9\u00adpa\u00adra\u00adtion du fes\u00adti\u00adval de Forcalquier Nous \u00e9tions neuf ce dimanche au stu\u00addio For\u00adbin, autour du Corps sans organes. Y a\u2011t-il un lien entre le Corps sans organes et l\u2019esth\u00e9tique des minia\u00adtures indiennes Cham\u00adpa et Kan\u00adgra, les deux prin\u00adci\u00adpales \u00e9coles clas\u00adsiques du 2\u00b0 si\u00e8cle de notre&nbsp;\u00e8re&nbsp;? Ces pein\u00adtures d\u00e9crivent les amours de Kri\u00adsh\u00adna et son don d\u2019ubiquit\u00e9&nbsp;: il pou\u00advait se trou\u00adver [&hellip;]","og_url":"https:\/\/www.leti.lt\/wordpress\/danseforum-lecorpssansorganesetlevolume\/","og_site_name":"Le TILT","article_published_time":"2020-02-16T14:30:32+00:00","author":"Andr\u00e9ine Bel","twitter_card":"summary_large_image","twitter_misc":{"\u00c9crit par":"Andr\u00e9ine Bel","Dur\u00e9e de lecture estim\u00e9e":"4 minutes"},"schema":{"@context":"https:\/\/schema.org","@graph":[{"@type":"Article","@id":"https:\/\/www.leti.lt\/wordpress\/danseforum-lecorpssansorganesetlevolume\/#article","isPartOf":{"@id":"https:\/\/www.leti.lt\/wordpress\/danseforum-lecorpssansorganesetlevolume\/"},"author":{"name":"Andr\u00e9ine Bel","@id":"https:\/\/www.leti.lt\/wordpress\/#\/schema\/person\/9bb307b2af8fbb575bb3603e57951f75"},"headline":"Le corps sans organes et le volume","datePublished":"2020-02-16T14:30:32+00:00","mainEntityOfPage":{"@id":"https:\/\/www.leti.lt\/wordpress\/danseforum-lecorpssansorganesetlevolume\/"},"wordCount":816,"commentCount":0,"keywords":["DF_AixEnProvence"],"articleSection":["Ateliers Aix"],"inLanguage":"fr-FR","potentialAction":[{"@type":"CommentAction","name":"Comment","target":["https:\/\/www.leti.lt\/wordpress\/danseforum-lecorpssansorganesetlevolume\/#respond"]}]},{"@type":"WebPage","@id":"https:\/\/www.leti.lt\/wordpress\/danseforum-lecorpssansorganesetlevolume\/","url":"https:\/\/www.leti.lt\/wordpress\/danseforum-lecorpssansorganesetlevolume\/","name":"Le corps sans organes et le volume - Le TILT","isPartOf":{"@id":"https:\/\/www.leti.lt\/wordpress\/#website"},"datePublished":"2020-02-16T14:30:32+00:00","author":{"@id":"https:\/\/www.leti.lt\/wordpress\/#\/schema\/person\/9bb307b2af8fbb575bb3603e57951f75"},"breadcrumb":{"@id":"https:\/\/www.leti.lt\/wordpress\/danseforum-lecorpssansorganesetlevolume\/#breadcrumb"},"inLanguage":"fr-FR","potentialAction":[{"@type":"ReadAction","target":["https:\/\/www.leti.lt\/wordpress\/danseforum-lecorpssansorganesetlevolume\/"]}]},{"@type":"BreadcrumbList","@id":"https:\/\/www.leti.lt\/wordpress\/danseforum-lecorpssansorganesetlevolume\/#breadcrumb","itemListElement":[{"@type":"ListItem","position":1,"name":"Accueil","item":"https:\/\/www.leti.lt\/wordpress\/"},{"@type":"ListItem","position":2,"name":"Le corps sans organes et le volume"}]},{"@type":"WebSite","@id":"https:\/\/www.leti.lt\/wordpress\/#website","url":"https:\/\/www.leti.lt\/wordpress\/","name":"Le TILT","description":"Recherche, publication, cr\u00e9ation artistique","potentialAction":[{"@type":"SearchAction","target":{"@type":"EntryPoint","urlTemplate":"https:\/\/www.leti.lt\/wordpress\/?s={search_term_string}"},"query-input":{"@type":"PropertyValueSpecification","valueRequired":true,"valueName":"search_term_string"}}],"inLanguage":"fr-FR"},{"@type":"Person","@id":"https:\/\/www.leti.lt\/wordpress\/#\/schema\/person\/9bb307b2af8fbb575bb3603e57951f75","name":"Andr\u00e9ine Bel","image":{"@type":"ImageObject","inLanguage":"fr-FR","@id":"https:\/\/secure.gravatar.com\/avatar\/4ab041ec7c7ad3b90293023e86528ec1a700ce2971ff61811b2df6b288dd1f38?s=96&d=identicon&r=g","url":"https:\/\/secure.gravatar.com\/avatar\/4ab041ec7c7ad3b90293023e86528ec1a700ce2971ff61811b2df6b288dd1f38?s=96&d=identicon&r=g","contentUrl":"https:\/\/secure.gravatar.com\/avatar\/4ab041ec7c7ad3b90293023e86528ec1a700ce2971ff61811b2df6b288dd1f38?s=96&d=identicon&r=g","caption":"Andr\u00e9ine Bel"},"url":"https:\/\/www.leti.lt\/wordpress\/author\/andreine\/"}]}},"_links":{"self":[{"href":"https:\/\/www.leti.lt\/wordpress\/wp-json\/wp\/v2\/posts\/155","targetHints":{"allow":["GET"]}}],"collection":[{"href":"https:\/\/www.leti.lt\/wordpress\/wp-json\/wp\/v2\/posts"}],"about":[{"href":"https:\/\/www.leti.lt\/wordpress\/wp-json\/wp\/v2\/types\/post"}],"author":[{"embeddable":true,"href":"https:\/\/www.leti.lt\/wordpress\/wp-json\/wp\/v2\/users\/2"}],"replies":[{"embeddable":true,"href":"https:\/\/www.leti.lt\/wordpress\/wp-json\/wp\/v2\/comments?post=155"}],"version-history":[{"count":0,"href":"https:\/\/www.leti.lt\/wordpress\/wp-json\/wp\/v2\/posts\/155\/revisions"}],"wp:attachment":[{"href":"https:\/\/www.leti.lt\/wordpress\/wp-json\/wp\/v2\/media?parent=155"}],"wp:term":[{"taxonomy":"category","embeddable":true,"href":"https:\/\/www.leti.lt\/wordpress\/wp-json\/wp\/v2\/categories?post=155"},{"taxonomy":"post_tag","embeddable":true,"href":"https:\/\/www.leti.lt\/wordpress\/wp-json\/wp\/v2\/tags?post=155"}],"curies":[{"name":"wp","href":"https:\/\/api.w.org\/{rel}","templated":true}]}}