{"id":154,"date":"2020-02-16T15:30:32","date_gmt":"2020-02-16T14:30:32","guid":{"rendered":"https:\/\/www.leti.lt\/wordpress\/?p=154"},"modified":"-0001-11-30T00:00:00","modified_gmt":"-0001-11-29T22:00:00","slug":"danseforum-lecorpssansorganesetlecorps","status":"publish","type":"post","link":"https:\/\/www.leti.lt\/wordpress\/danseforum-lecorpssansorganesetlecorps\/","title":{"rendered":"Le corps sans organes et le&nbsp;corps"},"content":{"rendered":"<p><a href=\"https:\/\/www.leti.lt\/wordpress\/danseforum-danseforum\/\">Danse forum<\/a><br>\u2192 <a href=\"https:\/\/www.leti.lt\/wordpress\/danseforum-comptesrendusateliers\/\">Comptes-ren\u00addus des ate\u00adliers<\/a><br>\u2192 <a href=\"https:\/\/www.leti.lt\/wordpress\/danseforum-aixenprovence\/\">Aix-en-Pro\u00advence<\/a><br><br>!!Le Corps sans organes et le corps \u2013 4\/4\/10, stu\u00addio For\u00adbin, en pr\u00e9\u00adpa\u00adra\u00adtion du fes\u00adti\u00adval de For\u00adcal\u00adquier<br><br>Ce dimanche 4&nbsp;avril 2010 au stu\u00addio For\u00adbin, nous \u00e9tions cinq, \u00e0&nbsp;nous pen\u00adcher sur le Corps sans organes. Le sous-th\u00e8me qui nous est venu \u00e0&nbsp;l\u2019issue de \u00ab&nbsp;l\u2019\u00e9veil des muscles&nbsp;\u00bb a&nbsp;\u00e9t\u00e9&nbsp;: le corps. Qu\u2019est-ce que le Corps sans organes fait au corps (celui sen\u00adsible et celui repr\u00e9\u00adsen\u00adt\u00e9) ?<br><br>Nous avons mis en regard le texte de Ralu\u00adca Arse\u00adnie Zam\u00adfir sur <b>le Corps sans organes<\/b>, cit\u00e9 lors de la DF pr\u00e9\u00adc\u00e9\u00addente&nbsp;:<br><br>http:\/\/\u200bwww\u200b.euro\u200bphi\u200blo\u200bso\u200bphie\u200b.eu\/\u200br\u200be\u200bc\u200bh\u200be\u200br\u200bc\u200bh\u200be\u200b\/\u200bI\u200bM\u200bG\u200b\/\u200bp\u200bd\u200bf\u200b\/\u200bZ\u200ba\u200bm\u200bf\u200bi\u200br\u200b.\u200bpdf<br><br>avec ce livre&nbsp;: \u00ab&nbsp;<b>Fran\u00adcis Bacon, Logique de la sen\u00adsa\u00adtion<\/b>&nbsp;\u00bb de Gilles Deleuze, au cha\u00adpitre&nbsp;: <b>pein\u00adture et sen\u00adsa\u00adtions<\/b>, p.39 \u00e0&nbsp;46.<br><br><b>\u00ab Il y&nbsp;a deux mani\u00e8res de d\u00e9pas\u00adser la figu\u00adra\u00adtion (c\u2019est-\u00e0-dire \u00e0&nbsp;la fois l\u2019illustratif et le nar\u00adra\u00adtif) : ou bien vers la forme abs\u00adtraite, ou bien vers la Figure. Cette voie de la Figure, C\u00e9zanne lui donne un nom simple&nbsp;: la sen\u00adsa\u00adtion. La Figure, c\u2019est la forme sen\u00adsible rap\u00adpor\u00adt\u00e9e \u00e0&nbsp;la sen\u00adsa\u00adtion, elle agit imm\u00e9\u00addia\u00adte\u00adment sur le sys\u00adt\u00e8me ner\u00adveux, qui est de la chair. Tan\u00addis que la forme abs\u00adtraite s\u2019adresse au cer\u00adveau, plus proche de l\u2019os. Certes, C\u00e9zanne n\u2019a pas inven\u00adt\u00e9 la voie de la sen\u00adsa\u00adtion dans la pein\u00adture. Mais il lui a&nbsp;don\u00adn\u00e9 un sta\u00adtut sans pr\u00e9\u00adc\u00e9\u00addent. La sen\u00adsa\u00adtion, c\u2019est le contraire du facile et du tout fait, du cli\u00adch\u00e9 mais aus\u00adsi du\u00ab&nbsp;sen\u00adsa\u00adtion\u00adnel&nbsp;\u00bb, du spon\u00adta\u00adn\u00e9 etc. La sen\u00adsa\u00adtion a&nbsp;une face tour\u00adn\u00e9e vers le sujet (le sys\u00adt\u00e8me ner\u00adveux, le mou\u00adve\u00adment vital, \u00ab&nbsp;l\u2019instinct&nbsp;\u00bb, le \u00ab&nbsp;tem\u00adp\u00e9\u00adra\u00adment&nbsp;\u00bb, tout un voca\u00adbu\u00adlaire com\u00admun au Natu\u00adra\u00adlisme et \u00e0&nbsp;C\u00e9zanne), et une face tour\u00adn\u00e9e vers l\u2019objet (\u00ab&nbsp;le fait&nbsp;\u00bb, le lieu, l\u2019\u00e9v\u00e9nement). Ou plu\u00adt\u00f4t, elle n\u2019a pas de faces du tout, elle est les deux choses indis\u00adso\u00adlu\u00adble\u00adment, elle est \u00eatre-au-monde&nbsp;: \u00e0&nbsp;la fois je \u00ab&nbsp;deviens&nbsp;\u00bb dans la sen\u00adsa\u00adtion, et quelque chose \u00ab&nbsp;arrive&nbsp;\u00bb par la sen\u00adsa\u00adtion, l\u2019un par l\u2019autre, l\u2019un dans l\u2019autre.&nbsp;<\/b><br><br>[\u2026]<br><br>N\u00e9ga\u00adti\u00adve\u00adment, Bacon dit que la forme rap\u00adpor\u00adt\u00e9e \u00e0&nbsp;la sen\u00adsa\u00adtion (Figure), c\u2019est le contraire de la forme rap\u00adpor\u00adt\u00e9e \u00e0&nbsp;l\u2019objet qu\u2019elle est cen\u00ads\u00e9e repr\u00e9\u00adsen\u00adter (figu\u00adra\u00adtion). Sui\u00advant un mot de Val\u00e9\u00adry, la sen\u00adsa\u00adtion, c\u2019est ce qui se trans\u00admet direc\u00adte\u00adment, en \u00e9vi\u00adtant le d\u00e9tour ou l\u2019ennui de l\u2019histoire \u00e0&nbsp;racon\u00adter.<br><br>Et posi\u00adti\u00adve\u00adment, Bacon ne cesse pas de dire que la sen\u00adsa\u00adtion, c\u2019est ce qui passe d\u2019un \u00ab&nbsp;ordre&nbsp;\u00bb \u00e0&nbsp;un autre, d\u2019un \u00ab&nbsp;niveau&nbsp;\u00bb \u00e0&nbsp;un autre, d\u2019un \u00ab&nbsp;domaine&nbsp;\u00bb \u00e0&nbsp;un autre. C\u2019est pour\u00adquoi la sen\u00adsa\u00adtion est ma\u00ee\u00adtresse de d\u00e9for\u00adma\u00adtions, agent de d\u00e9for\u00adma\u00adtions du corps.&nbsp;\u00bb<b><\/b><br><br>Remarques sur l\u2019\u00e9veil des muscles&nbsp;:<br><br>- je fai\u00adsais les mou\u00adve\u00adments de fa\u00e7on incons\u00adciente<br><br>- cou\u00adleurs, volumes, dis\u00adtances proches me sont appa\u00adrues plus s\u00fbres<br><br>- plas\u00adti\u00adci\u00adt\u00e9 de ma per\u00adcep\u00adtion<br><br>- la connais\u00adsance d\u2019habitude fait appel \u00e0&nbsp;l\u2019abstrait, au lan\u00adgage. Ici, le res\u00adsen\u00adti et le v\u00e9cu sont une connais\u00adsance sous d\u2019autres formes&nbsp;: celles des rela\u00adtions.<br><br>Puis cette ques\u00adtion&nbsp;: qu\u2019est que l\u2019existence&nbsp;? Avec les sen\u00adsa\u00adtions, on fait varier les para\u00adm\u00e8tres de l\u2019existence, c\u2019est sub\u00adver\u00adsif. Le conven\u00adtion\u00adnel et les habi\u00adtudes sont revus, les buts se trans\u00adforment en pivots pos\u00adsibles.<br><br>Et cette autre ques\u00adtion&nbsp;: est-ce qu\u2019on existe parce qu\u2019on est vu&nbsp;? Que se passe-t-il lorsqu\u2019on ne peut pas voir les yeux de l\u2019autre nous regar\u00addant&nbsp;?<br><br>Lors de la pre\u00admi\u00e8re impro\u00advi\u00adsa\u00adtion \u00ab&nbsp;sen\u00adsible&nbsp;\u00bb, nous nous sommes ren\u00addus compte qu\u2019il y&nbsp;a deux mani\u00e8res au moins de fer\u00admer les yeux&nbsp;: celle mise en \u0153uvre pour s\u2019isoler, et celle pour se relier \u00e0&nbsp;soi et aux autres, avec une conta\u00admi\u00adna\u00adtion du bien-\u00eatre, une d\u00e9li\u00adca\u00adtesse entre les corps. Dans \u00ab&nbsp;<b>l\u2019espace sans organes<\/b>&nbsp;\u00bb, ne pas regar\u00adder est une vision moins mas\u00adsive. Nous avons ima\u00adgi\u00adn\u00e9 qu\u2019il y&nbsp;avait aus\u00adsi \u00ab&nbsp;<b>un temps sans organes<\/b>&nbsp;\u00bb, \u00ab&nbsp;<b>une sc\u00e8ne sans organes<\/b>&nbsp;\u00bb\u2026 Peut-on \u00e9tendre le concept \u00e0&nbsp;tout&nbsp;?<br><br>Au fil des impro\u00advi\u00adsa\u00adtions, le dis\u00adcer\u00adne\u00adment s\u2019est fait moins pr\u00e9\u00adcis entre ima\u00adgi\u00adna\u00adtion, repr\u00e9\u00adsen\u00adta\u00adtion et sen\u00adsa\u00adtion, comme un besoin de \u00ab&nbsp;lais\u00adser cou\u00adler&nbsp;\u00bb vers la sen\u00adsa\u00adtion, plu\u00adt\u00f4t qu\u2019une recherche. Se lais\u00adser agir, se lais\u00adser r\u00e9agir, aimer.<br><br>- Apr\u00e8s coup, c\u2019est quoi la Figure de mon par\u00adcours&nbsp;? Malaise de ne pas avoir ma\u00ee\u00adtri\u00ads\u00e9 la r\u00e9ponse. <br><br>Yeux fer\u00adm\u00e9s, entre int\u00e9\u00adrieur et ext\u00e9\u00adrieur, nous avons d\u00e9cou\u00advert une com\u00adpli\u00adci\u00adt\u00e9 avec les autres corps, non par m\u00e9moire, mais par syn\u00adchro\u00adni\u00adci\u00adt\u00e9 et \u00e9lar\u00adgis\u00adse\u00adment du contact.<br><br>Il nous est arri\u00adv\u00e9 de perdre et retrou\u00adver la sen\u00adsa\u00adtion en quelques secondes, avoir un \u00ab&nbsp;blanc&nbsp;\u00bb dans la sen\u00adsa\u00adtion, non pas comme une faille, mais comme expres\u00adsion en elle-m\u00eame. <br><br>Tou\u00adcher de pr\u00e8s ou de loin, c\u2019est \u00e9gal, le contact est enri\u00adchi, un lais\u00adser pas\u00adser, lais\u00adser l\u2019\u00e9motion se pro\u00adduire plu\u00adt\u00f4t que de racon\u00adter une his\u00adtoire. Nous \u00e9tions en non-repr\u00e9\u00adsen\u00adta\u00adtion, avec cette ques\u00adtion&nbsp;: est-ce que ma sen\u00adsa\u00adtion int\u00e9\u00adrieure peut arri\u00adver \u00e0&nbsp;une <b>Figure<\/b>&nbsp;?<br><br>Le Corps sans organes a&nbsp;d\u00e9pla\u00adc\u00e9 notre regard, avec exi\u00adgence, sur un \u00ab&nbsp;logi\u00adciel&nbsp;\u00bb qui n\u2019est pas celui des muscles, des organes et des formes, qui est celui de l\u2019\u00e2me, dirait Jean-Marie Delas\u00adsus. Nous avons pour l\u2019instant eu besoin de ralen\u00adtir les mou\u00adve\u00adments, dans ces moments pri\u00advi\u00adl\u00e9\u00adgi\u00e9s, avec un sen\u00adti\u00adment ver\u00adti\u00adgi\u00adneux, comme sur un sol liquide, ou en ape\u00adsan\u00adteur&nbsp;: la len\u00adteur fait perdre du contr\u00f4le, en pri\u00advi\u00adl\u00e9\u00adgiant la sen\u00adsa\u00adtion. Rien n\u2019emp\u00eache d\u2019esp\u00e9rer que la rapi\u00addi\u00adt\u00e9 fasse de m\u00eame, ce sera pour bien\u00adt\u00f4t&nbsp;!<br><br>Andr\u00e9ine Bel,<br><br>d\u2019apr\u00e8s les retours de&nbsp;: Andr\u00e9ine B, Del\u00adphine O, Minh N\u2011G, Nadine G, Phi\u00adlippe&nbsp;A<\/p><p style=\"color:green; text-align:right !important;\">Article cr\u00e9\u00e9 le 16\/02\/2020<\/p>","protected":false},"excerpt":{"rendered":"<p>Danse forum\u2192 Comptes-ren\u00ad\u00addus des ate\u00adliers\u2192 Aix-en-Pro\u00ad\u00advence !!Le Corps sans organes et le corps \u2013 4\/4\/10, stu\u00addio For\u00adbin, en pr\u00e9\u00adpa\u00adra\u00adtion du fes\u00adti\u00adval de For\u00adcal\u00adquier Ce dimanche 4&nbsp;avril 2010 au stu\u00addio For\u00adbin, nous \u00e9tions cinq, \u00e0&nbsp;nous pen\u00adcher sur le Corps sans organes. Le sous-th\u00e8me qui nous est venu \u00e0&nbsp;l\u2019issue de \u00ab&nbsp;l\u2019\u00e9veil des muscles&nbsp;\u00bb a&nbsp;\u00e9t\u00e9&nbsp;: le corps. Qu\u2019est-ce que le Corps sans organes fait au corps (celui sen\u00adsible et celui repr\u00e9\u00adsen\u00adt\u00e9)&nbsp;? Nous avons mis en regard le texte de Ralu\u00adca Arse\u00adnie Zam\u00adfir&nbsp;sur&nbsp;[\u2026]<\/p>\n","protected":false},"author":2,"featured_media":0,"comment_status":"open","ping_status":"open","sticky":false,"template":"","format":"standard","meta":{"wp_typography_post_enhancements_disabled":false,"footnotes":""},"categories":[133],"tags":[210],"class_list":["post-154","post","type-post","status-publish","format-standard","hentry","category-ateliers_aix","tag-df_aixenprovence"],"yoast_head":"<!-- This site is optimized with the Yoast SEO plugin v27.5 - https:\/\/yoast.com\/product\/yoast-seo-wordpress\/ -->\n<title>Le corps sans organes et le corps - Le TILT<\/title>\n<meta name=\"robots\" content=\"index, follow, max-snippet:-1, max-image-preview:large, max-video-preview:-1\" \/>\n<link rel=\"canonical\" href=\"https:\/\/www.leti.lt\/wordpress\/danseforum-lecorpssansorganesetlecorps\/\" \/>\n<meta property=\"og:locale\" content=\"fr_FR\" \/>\n<meta property=\"og:type\" content=\"article\" \/>\n<meta property=\"og:title\" content=\"Le corps sans organes et le corps - Le TILT\" \/>\n<meta property=\"og:description\" content=\"Danse forum\u2192 Comptes-ren\u00addus des ate\u00adliers\u2192 Aix-en-Pro\u00advence !!Le Corps sans organes et le corps \u2013 4\/4\/10, stu\u00addio For\u00adbin, en pr\u00e9\u00adpa\u00adra\u00adtion du fes\u00adti\u00adval de Forcalquier Ce dimanche 4&nbsp;avril 2010 au stu\u00addio For\u00adbin, nous \u00e9tions cinq, \u00e0&nbsp;nous pen\u00adcher sur le Corps sans organes. Le sous-th\u00e8me qui nous est venu \u00e0&nbsp;l\u2019issue de \u00ab&nbsp;l\u2019\u00e9veil des muscles&nbsp;\u00bb a&nbsp;\u00e9t\u00e9&nbsp;: le corps. Qu\u2019est-ce que le Corps sans organes fait au corps (celui sen\u00adsible et celui repr\u00e9sent\u00e9)&nbsp;? Nous avons mis en regard le texte de Ralu\u00adca Arse\u00adnie Zam\u00adfir sur [&hellip;]\" \/>\n<meta property=\"og:url\" content=\"https:\/\/www.leti.lt\/wordpress\/danseforum-lecorpssansorganesetlecorps\/\" \/>\n<meta property=\"og:site_name\" content=\"Le TILT\" \/>\n<meta property=\"article:published_time\" content=\"2020-02-16T14:30:32+00:00\" \/>\n<meta name=\"author\" content=\"Andr\u00e9ine Bel\" \/>\n<meta name=\"twitter:card\" content=\"summary_large_image\" \/>\n<meta name=\"twitter:label1\" content=\"\u00c9crit par\" \/>\n\t<meta name=\"twitter:data1\" content=\"Andr\u00e9ine Bel\" \/>\n\t<meta name=\"twitter:label2\" content=\"Dur\u00e9e de lecture estim\u00e9e\" \/>\n\t<meta name=\"twitter:data2\" content=\"5 minutes\" \/>\n<script type=\"application\/ld+json\" class=\"yoast-schema-graph\">{\"@context\":\"https:\\\/\\\/schema.org\",\"@graph\":[{\"@type\":\"Article\",\"@id\":\"https:\\\/\\\/www.leti.lt\\\/wordpress\\\/danseforum-lecorpssansorganesetlecorps\\\/#article\",\"isPartOf\":{\"@id\":\"https:\\\/\\\/www.leti.lt\\\/wordpress\\\/danseforum-lecorpssansorganesetlecorps\\\/\"},\"author\":{\"name\":\"Andr\u00e9ine Bel\",\"@id\":\"https:\\\/\\\/www.leti.lt\\\/wordpress\\\/#\\\/schema\\\/person\\\/9bb307b2af8fbb575bb3603e57951f75\"},\"headline\":\"Le corps sans organes et le&nbsp;corps\",\"datePublished\":\"2020-02-16T14:30:32+00:00\",\"mainEntityOfPage\":{\"@id\":\"https:\\\/\\\/www.leti.lt\\\/wordpress\\\/danseforum-lecorpssansorganesetlecorps\\\/\"},\"wordCount\":956,\"commentCount\":0,\"keywords\":[\"DF_AixEnProvence\"],\"articleSection\":[\"Ateliers Aix\"],\"inLanguage\":\"fr-FR\",\"potentialAction\":[{\"@type\":\"CommentAction\",\"name\":\"Comment\",\"target\":[\"https:\\\/\\\/www.leti.lt\\\/wordpress\\\/danseforum-lecorpssansorganesetlecorps\\\/#respond\"]}]},{\"@type\":\"WebPage\",\"@id\":\"https:\\\/\\\/www.leti.lt\\\/wordpress\\\/danseforum-lecorpssansorganesetlecorps\\\/\",\"url\":\"https:\\\/\\\/www.leti.lt\\\/wordpress\\\/danseforum-lecorpssansorganesetlecorps\\\/\",\"name\":\"Le corps sans organes et le corps - Le TILT\",\"isPartOf\":{\"@id\":\"https:\\\/\\\/www.leti.lt\\\/wordpress\\\/#website\"},\"datePublished\":\"2020-02-16T14:30:32+00:00\",\"author\":{\"@id\":\"https:\\\/\\\/www.leti.lt\\\/wordpress\\\/#\\\/schema\\\/person\\\/9bb307b2af8fbb575bb3603e57951f75\"},\"breadcrumb\":{\"@id\":\"https:\\\/\\\/www.leti.lt\\\/wordpress\\\/danseforum-lecorpssansorganesetlecorps\\\/#breadcrumb\"},\"inLanguage\":\"fr-FR\",\"potentialAction\":[{\"@type\":\"ReadAction\",\"target\":[\"https:\\\/\\\/www.leti.lt\\\/wordpress\\\/danseforum-lecorpssansorganesetlecorps\\\/\"]}]},{\"@type\":\"BreadcrumbList\",\"@id\":\"https:\\\/\\\/www.leti.lt\\\/wordpress\\\/danseforum-lecorpssansorganesetlecorps\\\/#breadcrumb\",\"itemListElement\":[{\"@type\":\"ListItem\",\"position\":1,\"name\":\"Accueil\",\"item\":\"https:\\\/\\\/www.leti.lt\\\/wordpress\\\/\"},{\"@type\":\"ListItem\",\"position\":2,\"name\":\"Le corps sans organes et le&nbsp;corps\"}]},{\"@type\":\"WebSite\",\"@id\":\"https:\\\/\\\/www.leti.lt\\\/wordpress\\\/#website\",\"url\":\"https:\\\/\\\/www.leti.lt\\\/wordpress\\\/\",\"name\":\"Le TILT\",\"description\":\"Recherche, publication, cr\u00e9ation artistique\",\"potentialAction\":[{\"@type\":\"SearchAction\",\"target\":{\"@type\":\"EntryPoint\",\"urlTemplate\":\"https:\\\/\\\/www.leti.lt\\\/wordpress\\\/?s={search_term_string}\"},\"query-input\":{\"@type\":\"PropertyValueSpecification\",\"valueRequired\":true,\"valueName\":\"search_term_string\"}}],\"inLanguage\":\"fr-FR\"},{\"@type\":\"Person\",\"@id\":\"https:\\\/\\\/www.leti.lt\\\/wordpress\\\/#\\\/schema\\\/person\\\/9bb307b2af8fbb575bb3603e57951f75\",\"name\":\"Andr\u00e9ine Bel\",\"image\":{\"@type\":\"ImageObject\",\"inLanguage\":\"fr-FR\",\"@id\":\"https:\\\/\\\/secure.gravatar.com\\\/avatar\\\/4ab041ec7c7ad3b90293023e86528ec1a700ce2971ff61811b2df6b288dd1f38?s=96&d=identicon&r=g\",\"url\":\"https:\\\/\\\/secure.gravatar.com\\\/avatar\\\/4ab041ec7c7ad3b90293023e86528ec1a700ce2971ff61811b2df6b288dd1f38?s=96&d=identicon&r=g\",\"contentUrl\":\"https:\\\/\\\/secure.gravatar.com\\\/avatar\\\/4ab041ec7c7ad3b90293023e86528ec1a700ce2971ff61811b2df6b288dd1f38?s=96&d=identicon&r=g\",\"caption\":\"Andr\u00e9ine Bel\"},\"url\":\"https:\\\/\\\/www.leti.lt\\\/wordpress\\\/author\\\/andreine\\\/\"}]}<\/script>\n<!-- \/ Yoast SEO plugin. -->","yoast_head_json":{"title":"Le corps sans organes et le corps - Le TILT","robots":{"index":"index","follow":"follow","max-snippet":"max-snippet:-1","max-image-preview":"max-image-preview:large","max-video-preview":"max-video-preview:-1"},"canonical":"https:\/\/www.leti.lt\/wordpress\/danseforum-lecorpssansorganesetlecorps\/","og_locale":"fr_FR","og_type":"article","og_title":"Le corps sans organes et le corps - Le TILT","og_description":"Danse forum\u2192 Comptes-ren\u00addus des ate\u00adliers\u2192 Aix-en-Pro\u00advence !!Le Corps sans organes et le corps \u2013 4\/4\/10, stu\u00addio For\u00adbin, en pr\u00e9\u00adpa\u00adra\u00adtion du fes\u00adti\u00adval de Forcalquier Ce dimanche 4&nbsp;avril 2010 au stu\u00addio For\u00adbin, nous \u00e9tions cinq, \u00e0&nbsp;nous pen\u00adcher sur le Corps sans organes. Le sous-th\u00e8me qui nous est venu \u00e0&nbsp;l\u2019issue de \u00ab&nbsp;l\u2019\u00e9veil des muscles&nbsp;\u00bb a&nbsp;\u00e9t\u00e9&nbsp;: le corps. Qu\u2019est-ce que le Corps sans organes fait au corps (celui sen\u00adsible et celui repr\u00e9sent\u00e9)&nbsp;? Nous avons mis en regard le texte de Ralu\u00adca Arse\u00adnie Zam\u00adfir sur [&hellip;]","og_url":"https:\/\/www.leti.lt\/wordpress\/danseforum-lecorpssansorganesetlecorps\/","og_site_name":"Le TILT","article_published_time":"2020-02-16T14:30:32+00:00","author":"Andr\u00e9ine Bel","twitter_card":"summary_large_image","twitter_misc":{"\u00c9crit par":"Andr\u00e9ine Bel","Dur\u00e9e de lecture estim\u00e9e":"5 minutes"},"schema":{"@context":"https:\/\/schema.org","@graph":[{"@type":"Article","@id":"https:\/\/www.leti.lt\/wordpress\/danseforum-lecorpssansorganesetlecorps\/#article","isPartOf":{"@id":"https:\/\/www.leti.lt\/wordpress\/danseforum-lecorpssansorganesetlecorps\/"},"author":{"name":"Andr\u00e9ine Bel","@id":"https:\/\/www.leti.lt\/wordpress\/#\/schema\/person\/9bb307b2af8fbb575bb3603e57951f75"},"headline":"Le corps sans organes et le&nbsp;corps","datePublished":"2020-02-16T14:30:32+00:00","mainEntityOfPage":{"@id":"https:\/\/www.leti.lt\/wordpress\/danseforum-lecorpssansorganesetlecorps\/"},"wordCount":956,"commentCount":0,"keywords":["DF_AixEnProvence"],"articleSection":["Ateliers Aix"],"inLanguage":"fr-FR","potentialAction":[{"@type":"CommentAction","name":"Comment","target":["https:\/\/www.leti.lt\/wordpress\/danseforum-lecorpssansorganesetlecorps\/#respond"]}]},{"@type":"WebPage","@id":"https:\/\/www.leti.lt\/wordpress\/danseforum-lecorpssansorganesetlecorps\/","url":"https:\/\/www.leti.lt\/wordpress\/danseforum-lecorpssansorganesetlecorps\/","name":"Le corps sans organes et le corps - Le TILT","isPartOf":{"@id":"https:\/\/www.leti.lt\/wordpress\/#website"},"datePublished":"2020-02-16T14:30:32+00:00","author":{"@id":"https:\/\/www.leti.lt\/wordpress\/#\/schema\/person\/9bb307b2af8fbb575bb3603e57951f75"},"breadcrumb":{"@id":"https:\/\/www.leti.lt\/wordpress\/danseforum-lecorpssansorganesetlecorps\/#breadcrumb"},"inLanguage":"fr-FR","potentialAction":[{"@type":"ReadAction","target":["https:\/\/www.leti.lt\/wordpress\/danseforum-lecorpssansorganesetlecorps\/"]}]},{"@type":"BreadcrumbList","@id":"https:\/\/www.leti.lt\/wordpress\/danseforum-lecorpssansorganesetlecorps\/#breadcrumb","itemListElement":[{"@type":"ListItem","position":1,"name":"Accueil","item":"https:\/\/www.leti.lt\/wordpress\/"},{"@type":"ListItem","position":2,"name":"Le corps sans organes et le&nbsp;corps"}]},{"@type":"WebSite","@id":"https:\/\/www.leti.lt\/wordpress\/#website","url":"https:\/\/www.leti.lt\/wordpress\/","name":"Le TILT","description":"Recherche, publication, cr\u00e9ation artistique","potentialAction":[{"@type":"SearchAction","target":{"@type":"EntryPoint","urlTemplate":"https:\/\/www.leti.lt\/wordpress\/?s={search_term_string}"},"query-input":{"@type":"PropertyValueSpecification","valueRequired":true,"valueName":"search_term_string"}}],"inLanguage":"fr-FR"},{"@type":"Person","@id":"https:\/\/www.leti.lt\/wordpress\/#\/schema\/person\/9bb307b2af8fbb575bb3603e57951f75","name":"Andr\u00e9ine Bel","image":{"@type":"ImageObject","inLanguage":"fr-FR","@id":"https:\/\/secure.gravatar.com\/avatar\/4ab041ec7c7ad3b90293023e86528ec1a700ce2971ff61811b2df6b288dd1f38?s=96&d=identicon&r=g","url":"https:\/\/secure.gravatar.com\/avatar\/4ab041ec7c7ad3b90293023e86528ec1a700ce2971ff61811b2df6b288dd1f38?s=96&d=identicon&r=g","contentUrl":"https:\/\/secure.gravatar.com\/avatar\/4ab041ec7c7ad3b90293023e86528ec1a700ce2971ff61811b2df6b288dd1f38?s=96&d=identicon&r=g","caption":"Andr\u00e9ine Bel"},"url":"https:\/\/www.leti.lt\/wordpress\/author\/andreine\/"}]}},"_links":{"self":[{"href":"https:\/\/www.leti.lt\/wordpress\/wp-json\/wp\/v2\/posts\/154","targetHints":{"allow":["GET"]}}],"collection":[{"href":"https:\/\/www.leti.lt\/wordpress\/wp-json\/wp\/v2\/posts"}],"about":[{"href":"https:\/\/www.leti.lt\/wordpress\/wp-json\/wp\/v2\/types\/post"}],"author":[{"embeddable":true,"href":"https:\/\/www.leti.lt\/wordpress\/wp-json\/wp\/v2\/users\/2"}],"replies":[{"embeddable":true,"href":"https:\/\/www.leti.lt\/wordpress\/wp-json\/wp\/v2\/comments?post=154"}],"version-history":[{"count":0,"href":"https:\/\/www.leti.lt\/wordpress\/wp-json\/wp\/v2\/posts\/154\/revisions"}],"wp:attachment":[{"href":"https:\/\/www.leti.lt\/wordpress\/wp-json\/wp\/v2\/media?parent=154"}],"wp:term":[{"taxonomy":"category","embeddable":true,"href":"https:\/\/www.leti.lt\/wordpress\/wp-json\/wp\/v2\/categories?post=154"},{"taxonomy":"post_tag","embeddable":true,"href":"https:\/\/www.leti.lt\/wordpress\/wp-json\/wp\/v2\/tags?post=154"}],"curies":[{"name":"wp","href":"https:\/\/api.w.org\/{rel}","templated":true}]}}