{"id":153,"date":"2020-02-16T15:30:32","date_gmt":"2020-02-16T14:30:32","guid":{"rendered":"https:\/\/www.leti.lt\/wordpress\/?p=153"},"modified":"-0001-11-30T00:00:00","modified_gmt":"-0001-11-29T22:00:00","slug":"danseforum-lecorpssansorganesetlinacheve","status":"publish","type":"post","link":"https:\/\/www.leti.lt\/wordpress\/danseforum-lecorpssansorganesetlinacheve\/","title":{"rendered":"Le corps sans organes et l\u2019inachev\u00e9"},"content":{"rendered":"<p><a href=\"https:\/\/www.leti.lt\/wordpress\/danseforum-danseforum\/\">Danse forum<\/a><br>\u2192 <a href=\"https:\/\/www.leti.lt\/wordpress\/danseforum-comptesrendusateliers\/\">Comptes-ren\u00addus des ate\u00adliers<\/a><br>\u2192 <a href=\"https:\/\/www.leti.lt\/wordpress\/danseforum-aixenprovence\/\">Aix-en-Pro\u00advence<\/a><br><br>!!Le Corps sans organes et l\u2019inachev\u00e9 \u2013 28 mars 2010, stu\u00addio For\u00adbin, en pr\u00e9\u00adpa\u00adra\u00adtion du fes\u00adti\u00adval de For\u00adcal\u00adquier<br><br><br>Ce dimanche au stu\u00addio For\u00adbin, nous \u00e9tions huit, autour du th\u00e8me r\u00e9flexif du \u00ab&nbsp;Corps sans Organes&nbsp;\u00bb, mis en regard avec le sous-th\u00e8me que nous a&nbsp;appor\u00adt\u00e9 l\u2019\u00e9chauffement sen\u00adsi\u00adtif&nbsp;: \u00ab&nbsp;l\u2019inachev\u00e9&nbsp;\u00bb.<br><br>Cette notion du Corps sans organes vient d\u2019Antonin Artaud, et a&nbsp;\u00e9t\u00e9 reprise par G.Deleuze, com\u00admen\u00adt\u00e9 par R.C.Zamfir.<br><br>Dans \u00ab&nbsp;Pour\u00adquoi le corps sans organes est-il plein&nbsp;?&nbsp;\u00bb, la phi\u00adlo\u00adsophe Ralu\u00adca Arse\u00adnie Zam\u00adfir parle de \u00ab&nbsp;ce qui se trouve der\u00adri\u00e8re les r\u00e9gu\u00adla\u00adri\u00adt\u00e9s visibles du corps, que la science inven\u00adto\u00adrie avec tel\u00adle\u00adment d\u2019\u00e9lan&nbsp;\u00bb, d\u2019un \u00ab&nbsp;mou\u00adve\u00adment ori\u00adgi\u00adnaire, situ\u00e9 au plus pro\u00adfond du vivant, peu\u00adpl\u00e9 uni\u00adque\u00adment par des inten\u00adsi\u00adt\u00e9s&nbsp;\u00bb.<br><br>\u00ab&nbsp;Le corps sans organes ne conteste pas la r\u00e9a\u00adli\u00adt\u00e9 de la mat\u00e9\u00adria\u00adli\u00adt\u00e9 tan\u00adgible. Pour\u00adtant, si nous y&nbsp;res\u00adtions, cette mat\u00e9\u00adria\u00adli\u00adt\u00e9 pour\u00adrait alt\u00e9\u00adrer et d\u00e9s\u00adin\u00adcar\u00adner le corps vivant, tout en le r\u00e9dui\u00adsant \u00e0&nbsp;une somme des fonc\u00adtions phy\u00adsio\u00adlo\u00adgiques, alors qu\u2019il inclut plus que le m\u00e9ca\u00adnisme bio\u00adlo\u00adgique et qu\u2019il s\u2019en dif\u00adf\u00e9\u00adren\u00adcie pr\u00e9\u00adci\u00ads\u00e9\u00adment par sa tex\u00adture inten\u00adsive.&nbsp;\u00bb<br><br>\u00ab&nbsp;D\u00e8s le moment o\u00f9 nous ces\u00adsons de pen\u00adser par les repr\u00e9\u00adsen\u00adta\u00adtions, les v\u00e9cus du corps deviennent r\u00e9els et nous pou\u00advons les consi\u00add\u00e9\u00adrer comme des faits inten\u00adsifs du corps vivant.&nbsp;\u00bb<br><br>\u00ab&nbsp;A&nbsp;la rigueur, chaque vivant com\u00admence \u00e0&nbsp;avoir des organes d\u00e8s qu\u2019un d\u2019entre eux tombe en panne.&nbsp;\u00bb<br><br>Pen\u00addant <i>l\u2019\u00e9chauffement<\/i>, il nous est appa\u00adru que lorsque l\u2019organe n\u2019est plus repr\u00e9\u00adsen\u00adt\u00e9 men\u00adta\u00adle\u00adment (cartes ana\u00adto\u00admiques, m\u00e9ri\u00addiens \u00e9ner\u00adg\u00e9\u00adtiques etc.), le corps sans organes \u00ab&nbsp;arrive&nbsp;\u00bb avec ses sen\u00adsa\u00adtions de flux qui le tra\u00adversent (dif\u00adf\u00e9\u00adrentes tem\u00adp\u00e9\u00adra\u00adtures, consis\u00adtances et mou\u00adve\u00adments) et des inten\u00adsi\u00adt\u00e9s dif\u00adf\u00e9\u00adrentes. Un peu comme si le che\u00admin qui va de la repr\u00e9\u00adsen\u00adta\u00adtion \u00e0&nbsp;la sen\u00adsa\u00adtion intro\u00addui\u00adsait le sub\u00adjec\u00adtif, qui nous rend \u00ab&nbsp;la capa\u00adci\u00adt\u00e9 de se sen\u00adtir soi-m\u00eame&nbsp;\u00bb.<br><br>L\u2019\u00e9veil des sen\u00adsa\u00adtions s\u2019est impo\u00ads\u00e9 par crainte de la repr\u00e9\u00adsen\u00adta\u00adtion mus\u00adcu\u00adlaire de l\u2019\u00e9veil des muscles. Pour\u00adtant, l\u2019\u00e9veil des muscles est fait de sen\u00adsa\u00adtions et non de repr\u00e9\u00adsen\u00adta\u00adtions. Il a&nbsp;sa place dans cette notion du corps sans organes, mais pour un pre\u00admier jour, nous l\u2019avons lais\u00ads\u00e9 de c\u00f4t\u00e9.<br><br>\u00ab&nbsp;L\u2019inachev\u00e9&nbsp;\u00bb est venu tout natu\u00adrel\u00adle\u00adment \u00e0&nbsp;la sur\u00adface de nos sen\u00adsa\u00adtions&nbsp;: l\u2019impossibilit\u00e9 d\u2019aller au bout de telle ou telle ten\u00adsion, d\u2019envisager la fin du mou\u00adve\u00adment du corps.<br>Quoi que l\u2019on fasse, l\u2019\u0153uvre reste inache\u00adv\u00e9e, comme cette danse forum, mais un inache\u00adv\u00e9 qui a&nbsp;\u00e0 voir avec le d\u00e9sir, qui a&nbsp;de l\u2019esp\u00e9rance, une vision loin\u00adtaine.<br><br><i>Nous sommes entr\u00e9s dans la danse forum<\/i> comme dans du beurre, sans nom\u00admer quoi que ce soit, elle est deve\u00adnue corps sans organes.<br><br>La bo\u00eete \u00e0&nbsp;outils que sont les r\u00e8gles en danse forum n\u2019a pas eu besoin d\u2019\u00eatre pr\u00e9\u00adsen\u00adt\u00e9e en tant que telle. Chaque outil n\u2019a pas eu n\u00e9ces\u00adsi\u00adt\u00e9 que l\u2019on connaisse son his\u00adtoire pour que l\u2019on puisse s\u2019en ser\u00advir&nbsp;!<br><br>Aus\u00adsi, nous avons pris les outils sans les nom\u00admer, seule\u00adment ceux dont nous avions besoin, pour une danse forum qui s\u2019est construite au fur et \u00e0&nbsp;mesure, non par rap\u00adport \u00e0&nbsp;son image, mais par rap\u00adport \u00e0&nbsp;ses inten\u00adsi\u00adt\u00e9s, ses flux sous-jacents, nos d\u00e9si\u00adrs.<br><br>L\u2019inachev\u00e9 nous a&nbsp;par\u00adl\u00e9 de deuil (renon\u00adce\u00adment), de l\u2019infini, de la mort, de la nais\u00adsance, de l\u2019ombre, de son \u00e9pais\u00adseur\u2026 Il donne des pistes \u2013 au risque de s\u2019y perdre, il est source de d\u00e9sir et de vigi\u00adlance \u2013 ou de d\u00e9sar\u00adroi. <br><br>Bien s\u00fbr, il est au c\u0153ur de la pro\u00adbl\u00e9\u00adma\u00adti\u00adsa\u00adtion ch\u00e8re \u00e0&nbsp;la danse forum, puisque ce n\u2019est pas la solu\u00adtion qui est cher\u00adch\u00e9e, mais le ques\u00adtion\u00adne\u00adment du pro\u00adbl\u00e8me, par la mul\u00adti\u00adpli\u00adca\u00adtion des angles de vue.<br><br>Il met en ques\u00adtion la dia\u00adlec\u00adtique entre pro\u00adbl\u00e9\u00adma\u00adtique et solu\u00adtion \u00e0&nbsp;la pro\u00adbl\u00e9\u00adma\u00adtique, c\u2019est un rdv sur une ouver\u00adture. L\u2019inachev\u00e9 peut \u00eatre v\u00e9cu comme une impos\u00adsi\u00adbi\u00adli\u00adt\u00e9 d\u2019aller plus loin, une catas\u00adtrophe, un deuil, ou comme l\u2019occasion d\u2019une m\u00e9ta\u00admor\u00adphose&nbsp;: on peut voir plus loin, voir ailleurs, autre\u00adment.<br><br>L\u2019inachev\u00e9, c\u2019est la dis\u00adcon\u00adti\u00adnui\u00adt\u00e9 dans l\u2019effort qui tend vers un but, c\u2019est chan\u00adger le regard. Le r\u00e9el, c\u2019est tous les regards que l\u2019on porte pour dire que ceci est r\u00e9el, mais de fait rien n\u2019est jamais d\u00e9fi\u00adni\u00adtif. C\u2019est une remise en ques\u00adtion constante.<br><br>Cer\u00adtains para\u00adm\u00e8tres sont plus stables que d\u2019autres, mais l\u2019inachev\u00e9 est bio\u00adlo\u00adgique. Le bio\u00adlo\u00adgiste Amzal\u00adlag, dans \u00ab&nbsp;L\u2019homme v\u00e9g\u00e9\u00adtal&nbsp;\u00bb, dit que l\u2019\u00eatre humain est tou\u00adjours un embryon en cours d\u2019ach\u00e8vement, tout au long de sa vie.<br><br>L\u2019exemple des ami\u00adti\u00e9s a&nbsp;\u00e9t\u00e9 aus\u00adsi don\u00adn\u00e9, celles qui se trans\u00adforment d\u2019elles-m\u00eames, celles que l\u2019on est obli\u00adg\u00e9 d\u2019arr\u00eater.<br><br>La notion d\u2019ach\u00e8vement est par\u00adfois in\u00e9vi\u00adtable&nbsp;: la danse peut s\u2019arr\u00eater quand le dan\u00adseur ne voit plus la n\u00e9ces\u00adsi\u00adt\u00e9, la per\u00adti\u00adnence de conti\u00adnuer. C\u2019est un ach\u00e8\u00adve\u00adment pro\u00advi\u00adsoire, une pause, un sou\u00adpir.<br><br>Quant aux livres qu\u2019on lit jusqu\u2019au bout, sou\u00advent en les reli\u00adsant, ce ne sont plus les m\u00eames\u2026<br>Et les mots arrivent \u00e0&nbsp;chan\u00adger l\u2019id\u00e9e m\u00eame qu\u2019ils sont en train de construire.<br><br>Tout influe sur tout, tout est en mou\u00adve\u00adment, com\u00adment se rep\u00e9\u00adrer&nbsp;? Aus\u00adsi ai-je d\u00e9cr\u00e9\u00adt\u00e9 que le nord serait tou\u00adjours devant moi, et sous un ciel \u00e9toi\u00adl\u00e9 qui bouge sans cesse, per\u00adsonne n\u2019y a&nbsp;trou\u00adv\u00e9 \u00e0&nbsp;redire.<br><br>Andr\u00e9ine Bel,<br><br>d\u2019apr\u00e8s les retours de&nbsp;: Andr\u00e9ine B, Aur\u00e9\u00adlie, Ber\u00adnard B, Guillaume T, Jacques H, Laurent B, Leo\u00adnar\u00addo C, Minh N\u2011G.<\/p><p style=\"color:green; text-align:right !important;\">Article cr\u00e9\u00e9 le 16\/02\/2020<\/p>","protected":false},"excerpt":{"rendered":"<p>Danse forum\u2192 Comptes-ren\u00ad\u00addus des ate\u00adliers\u2192 Aix-en-Pro\u00ad\u00advence !!Le Corps sans organes et l\u2019inachev\u00e9 \u2013 28 mars 2010, stu\u00addio For\u00adbin, en pr\u00e9\u00adpa\u00adra\u00adtion du fes\u00adti\u00adval de For\u00adcal\u00adquier Ce dimanche au stu\u00addio For\u00adbin, nous \u00e9tions huit, autour du th\u00e8me r\u00e9flexif du \u00ab&nbsp;Corps sans Organes&nbsp;\u00bb, mis en regard avec le sous-th\u00e8me que nous a&nbsp;appor\u00adt\u00e9 l\u2019\u00e9chauffement sen\u00adsi\u00adtif&nbsp;: \u00ab&nbsp;l\u2019inachev\u00e9&nbsp;\u00bb. Cette notion du Corps sans organes vient d\u2019Antonin Artaud, et a&nbsp;\u00e9t\u00e9 reprise par G.Deleuze, com\u00admen\u00adt\u00e9 par R.C.Zamfir. Dans \u00ab&nbsp;Pour\u00adquoi le corps sans organes est-il plein&nbsp;?&nbsp;\u00bb, la phi\u00adlo\u00adsophe Raluca&nbsp;[\u2026]<\/p>\n","protected":false},"author":2,"featured_media":0,"comment_status":"open","ping_status":"open","sticky":false,"template":"","format":"standard","meta":{"wp_typography_post_enhancements_disabled":false,"footnotes":""},"categories":[133],"tags":[210],"class_list":["post-153","post","type-post","status-publish","format-standard","hentry","category-ateliers_aix","tag-df_aixenprovence"],"yoast_head":"<!-- This site is optimized with the Yoast SEO plugin v27.5 - https:\/\/yoast.com\/product\/yoast-seo-wordpress\/ -->\n<title>Le corps sans organes et l\u2019inachev\u00e9 - Le TILT<\/title>\n<meta name=\"robots\" content=\"index, follow, max-snippet:-1, max-image-preview:large, max-video-preview:-1\" \/>\n<link rel=\"canonical\" href=\"https:\/\/www.leti.lt\/wordpress\/danseforum-lecorpssansorganesetlinacheve\/\" \/>\n<meta property=\"og:locale\" content=\"fr_FR\" \/>\n<meta property=\"og:type\" content=\"article\" \/>\n<meta property=\"og:title\" content=\"Le corps sans organes et l\u2019inachev\u00e9 - Le TILT\" \/>\n<meta property=\"og:description\" content=\"Danse forum\u2192 Comptes-ren\u00addus des ate\u00adliers\u2192 Aix-en-Pro\u00advence !!Le Corps sans organes et l\u2019inachev\u00e9 \u2013 28 mars 2010, stu\u00addio For\u00adbin, en pr\u00e9\u00adpa\u00adra\u00adtion du fes\u00adti\u00adval de Forcalquier Ce dimanche au stu\u00addio For\u00adbin, nous \u00e9tions huit, autour du th\u00e8me r\u00e9flexif du \u00ab&nbsp;Corps sans Organes&nbsp;\u00bb, mis en regard avec le sous-th\u00e8me que nous a&nbsp;appor\u00adt\u00e9 l\u2019\u00e9chauffement sen\u00adsi\u00adtif&nbsp;: \u00ab&nbsp;l\u2019inachev\u00e9&nbsp;\u00bb. Cette notion du Corps sans organes vient d\u2019Antonin Artaud, et a&nbsp;\u00e9t\u00e9 reprise par G.Deleuze, com\u00admen\u00adt\u00e9 par R.C.Zamfir. Dans \u00ab&nbsp;Pour\u00adquoi le corps sans organes est-il plein&nbsp;?&nbsp;\u00bb, la phi\u00adlo\u00adsophe Ralu\u00adca [&hellip;]\" \/>\n<meta property=\"og:url\" content=\"https:\/\/www.leti.lt\/wordpress\/danseforum-lecorpssansorganesetlinacheve\/\" \/>\n<meta property=\"og:site_name\" content=\"Le TILT\" \/>\n<meta property=\"article:published_time\" content=\"2020-02-16T14:30:32+00:00\" \/>\n<meta name=\"author\" content=\"Andr\u00e9ine Bel\" \/>\n<meta name=\"twitter:card\" content=\"summary_large_image\" \/>\n<meta name=\"twitter:label1\" content=\"\u00c9crit par\" \/>\n\t<meta name=\"twitter:data1\" content=\"Andr\u00e9ine Bel\" \/>\n\t<meta name=\"twitter:label2\" content=\"Dur\u00e9e de lecture estim\u00e9e\" \/>\n\t<meta name=\"twitter:data2\" content=\"5 minutes\" \/>\n<script type=\"application\/ld+json\" class=\"yoast-schema-graph\">{\"@context\":\"https:\\\/\\\/schema.org\",\"@graph\":[{\"@type\":\"Article\",\"@id\":\"https:\\\/\\\/www.leti.lt\\\/wordpress\\\/danseforum-lecorpssansorganesetlinacheve\\\/#article\",\"isPartOf\":{\"@id\":\"https:\\\/\\\/www.leti.lt\\\/wordpress\\\/danseforum-lecorpssansorganesetlinacheve\\\/\"},\"author\":{\"name\":\"Andr\u00e9ine Bel\",\"@id\":\"https:\\\/\\\/www.leti.lt\\\/wordpress\\\/#\\\/schema\\\/person\\\/9bb307b2af8fbb575bb3603e57951f75\"},\"headline\":\"Le corps sans organes et l\u2019inachev\u00e9\",\"datePublished\":\"2020-02-16T14:30:32+00:00\",\"mainEntityOfPage\":{\"@id\":\"https:\\\/\\\/www.leti.lt\\\/wordpress\\\/danseforum-lecorpssansorganesetlinacheve\\\/\"},\"wordCount\":975,\"commentCount\":0,\"keywords\":[\"DF_AixEnProvence\"],\"articleSection\":[\"Ateliers Aix\"],\"inLanguage\":\"fr-FR\",\"potentialAction\":[{\"@type\":\"CommentAction\",\"name\":\"Comment\",\"target\":[\"https:\\\/\\\/www.leti.lt\\\/wordpress\\\/danseforum-lecorpssansorganesetlinacheve\\\/#respond\"]}]},{\"@type\":\"WebPage\",\"@id\":\"https:\\\/\\\/www.leti.lt\\\/wordpress\\\/danseforum-lecorpssansorganesetlinacheve\\\/\",\"url\":\"https:\\\/\\\/www.leti.lt\\\/wordpress\\\/danseforum-lecorpssansorganesetlinacheve\\\/\",\"name\":\"Le corps sans organes et l\u2019inachev\u00e9 - Le TILT\",\"isPartOf\":{\"@id\":\"https:\\\/\\\/www.leti.lt\\\/wordpress\\\/#website\"},\"datePublished\":\"2020-02-16T14:30:32+00:00\",\"author\":{\"@id\":\"https:\\\/\\\/www.leti.lt\\\/wordpress\\\/#\\\/schema\\\/person\\\/9bb307b2af8fbb575bb3603e57951f75\"},\"breadcrumb\":{\"@id\":\"https:\\\/\\\/www.leti.lt\\\/wordpress\\\/danseforum-lecorpssansorganesetlinacheve\\\/#breadcrumb\"},\"inLanguage\":\"fr-FR\",\"potentialAction\":[{\"@type\":\"ReadAction\",\"target\":[\"https:\\\/\\\/www.leti.lt\\\/wordpress\\\/danseforum-lecorpssansorganesetlinacheve\\\/\"]}]},{\"@type\":\"BreadcrumbList\",\"@id\":\"https:\\\/\\\/www.leti.lt\\\/wordpress\\\/danseforum-lecorpssansorganesetlinacheve\\\/#breadcrumb\",\"itemListElement\":[{\"@type\":\"ListItem\",\"position\":1,\"name\":\"Accueil\",\"item\":\"https:\\\/\\\/www.leti.lt\\\/wordpress\\\/\"},{\"@type\":\"ListItem\",\"position\":2,\"name\":\"Le corps sans organes et l\u2019inachev\u00e9\"}]},{\"@type\":\"WebSite\",\"@id\":\"https:\\\/\\\/www.leti.lt\\\/wordpress\\\/#website\",\"url\":\"https:\\\/\\\/www.leti.lt\\\/wordpress\\\/\",\"name\":\"Le TILT\",\"description\":\"Recherche, publication, cr\u00e9ation artistique\",\"potentialAction\":[{\"@type\":\"SearchAction\",\"target\":{\"@type\":\"EntryPoint\",\"urlTemplate\":\"https:\\\/\\\/www.leti.lt\\\/wordpress\\\/?s={search_term_string}\"},\"query-input\":{\"@type\":\"PropertyValueSpecification\",\"valueRequired\":true,\"valueName\":\"search_term_string\"}}],\"inLanguage\":\"fr-FR\"},{\"@type\":\"Person\",\"@id\":\"https:\\\/\\\/www.leti.lt\\\/wordpress\\\/#\\\/schema\\\/person\\\/9bb307b2af8fbb575bb3603e57951f75\",\"name\":\"Andr\u00e9ine Bel\",\"image\":{\"@type\":\"ImageObject\",\"inLanguage\":\"fr-FR\",\"@id\":\"https:\\\/\\\/secure.gravatar.com\\\/avatar\\\/4ab041ec7c7ad3b90293023e86528ec1a700ce2971ff61811b2df6b288dd1f38?s=96&d=identicon&r=g\",\"url\":\"https:\\\/\\\/secure.gravatar.com\\\/avatar\\\/4ab041ec7c7ad3b90293023e86528ec1a700ce2971ff61811b2df6b288dd1f38?s=96&d=identicon&r=g\",\"contentUrl\":\"https:\\\/\\\/secure.gravatar.com\\\/avatar\\\/4ab041ec7c7ad3b90293023e86528ec1a700ce2971ff61811b2df6b288dd1f38?s=96&d=identicon&r=g\",\"caption\":\"Andr\u00e9ine Bel\"},\"url\":\"https:\\\/\\\/www.leti.lt\\\/wordpress\\\/author\\\/andreine\\\/\"}]}<\/script>\n<!-- \/ Yoast SEO plugin. -->","yoast_head_json":{"title":"Le corps sans organes et l\u2019inachev\u00e9 - Le TILT","robots":{"index":"index","follow":"follow","max-snippet":"max-snippet:-1","max-image-preview":"max-image-preview:large","max-video-preview":"max-video-preview:-1"},"canonical":"https:\/\/www.leti.lt\/wordpress\/danseforum-lecorpssansorganesetlinacheve\/","og_locale":"fr_FR","og_type":"article","og_title":"Le corps sans organes et l\u2019inachev\u00e9 - Le TILT","og_description":"Danse forum\u2192 Comptes-ren\u00addus des ate\u00adliers\u2192 Aix-en-Pro\u00advence !!Le Corps sans organes et l\u2019inachev\u00e9 \u2013 28 mars 2010, stu\u00addio For\u00adbin, en pr\u00e9\u00adpa\u00adra\u00adtion du fes\u00adti\u00adval de Forcalquier Ce dimanche au stu\u00addio For\u00adbin, nous \u00e9tions huit, autour du th\u00e8me r\u00e9flexif du \u00ab&nbsp;Corps sans Organes&nbsp;\u00bb, mis en regard avec le sous-th\u00e8me que nous a&nbsp;appor\u00adt\u00e9 l\u2019\u00e9chauffement sen\u00adsi\u00adtif&nbsp;: \u00ab&nbsp;l\u2019inachev\u00e9&nbsp;\u00bb. Cette notion du Corps sans organes vient d\u2019Antonin Artaud, et a&nbsp;\u00e9t\u00e9 reprise par G.Deleuze, com\u00admen\u00adt\u00e9 par R.C.Zamfir. Dans \u00ab&nbsp;Pour\u00adquoi le corps sans organes est-il plein&nbsp;?&nbsp;\u00bb, la phi\u00adlo\u00adsophe Ralu\u00adca [&hellip;]","og_url":"https:\/\/www.leti.lt\/wordpress\/danseforum-lecorpssansorganesetlinacheve\/","og_site_name":"Le TILT","article_published_time":"2020-02-16T14:30:32+00:00","author":"Andr\u00e9ine Bel","twitter_card":"summary_large_image","twitter_misc":{"\u00c9crit par":"Andr\u00e9ine Bel","Dur\u00e9e de lecture estim\u00e9e":"5 minutes"},"schema":{"@context":"https:\/\/schema.org","@graph":[{"@type":"Article","@id":"https:\/\/www.leti.lt\/wordpress\/danseforum-lecorpssansorganesetlinacheve\/#article","isPartOf":{"@id":"https:\/\/www.leti.lt\/wordpress\/danseforum-lecorpssansorganesetlinacheve\/"},"author":{"name":"Andr\u00e9ine Bel","@id":"https:\/\/www.leti.lt\/wordpress\/#\/schema\/person\/9bb307b2af8fbb575bb3603e57951f75"},"headline":"Le corps sans organes et l\u2019inachev\u00e9","datePublished":"2020-02-16T14:30:32+00:00","mainEntityOfPage":{"@id":"https:\/\/www.leti.lt\/wordpress\/danseforum-lecorpssansorganesetlinacheve\/"},"wordCount":975,"commentCount":0,"keywords":["DF_AixEnProvence"],"articleSection":["Ateliers Aix"],"inLanguage":"fr-FR","potentialAction":[{"@type":"CommentAction","name":"Comment","target":["https:\/\/www.leti.lt\/wordpress\/danseforum-lecorpssansorganesetlinacheve\/#respond"]}]},{"@type":"WebPage","@id":"https:\/\/www.leti.lt\/wordpress\/danseforum-lecorpssansorganesetlinacheve\/","url":"https:\/\/www.leti.lt\/wordpress\/danseforum-lecorpssansorganesetlinacheve\/","name":"Le corps sans organes et l\u2019inachev\u00e9 - Le TILT","isPartOf":{"@id":"https:\/\/www.leti.lt\/wordpress\/#website"},"datePublished":"2020-02-16T14:30:32+00:00","author":{"@id":"https:\/\/www.leti.lt\/wordpress\/#\/schema\/person\/9bb307b2af8fbb575bb3603e57951f75"},"breadcrumb":{"@id":"https:\/\/www.leti.lt\/wordpress\/danseforum-lecorpssansorganesetlinacheve\/#breadcrumb"},"inLanguage":"fr-FR","potentialAction":[{"@type":"ReadAction","target":["https:\/\/www.leti.lt\/wordpress\/danseforum-lecorpssansorganesetlinacheve\/"]}]},{"@type":"BreadcrumbList","@id":"https:\/\/www.leti.lt\/wordpress\/danseforum-lecorpssansorganesetlinacheve\/#breadcrumb","itemListElement":[{"@type":"ListItem","position":1,"name":"Accueil","item":"https:\/\/www.leti.lt\/wordpress\/"},{"@type":"ListItem","position":2,"name":"Le corps sans organes et l\u2019inachev\u00e9"}]},{"@type":"WebSite","@id":"https:\/\/www.leti.lt\/wordpress\/#website","url":"https:\/\/www.leti.lt\/wordpress\/","name":"Le TILT","description":"Recherche, publication, cr\u00e9ation artistique","potentialAction":[{"@type":"SearchAction","target":{"@type":"EntryPoint","urlTemplate":"https:\/\/www.leti.lt\/wordpress\/?s={search_term_string}"},"query-input":{"@type":"PropertyValueSpecification","valueRequired":true,"valueName":"search_term_string"}}],"inLanguage":"fr-FR"},{"@type":"Person","@id":"https:\/\/www.leti.lt\/wordpress\/#\/schema\/person\/9bb307b2af8fbb575bb3603e57951f75","name":"Andr\u00e9ine Bel","image":{"@type":"ImageObject","inLanguage":"fr-FR","@id":"https:\/\/secure.gravatar.com\/avatar\/4ab041ec7c7ad3b90293023e86528ec1a700ce2971ff61811b2df6b288dd1f38?s=96&d=identicon&r=g","url":"https:\/\/secure.gravatar.com\/avatar\/4ab041ec7c7ad3b90293023e86528ec1a700ce2971ff61811b2df6b288dd1f38?s=96&d=identicon&r=g","contentUrl":"https:\/\/secure.gravatar.com\/avatar\/4ab041ec7c7ad3b90293023e86528ec1a700ce2971ff61811b2df6b288dd1f38?s=96&d=identicon&r=g","caption":"Andr\u00e9ine Bel"},"url":"https:\/\/www.leti.lt\/wordpress\/author\/andreine\/"}]}},"_links":{"self":[{"href":"https:\/\/www.leti.lt\/wordpress\/wp-json\/wp\/v2\/posts\/153","targetHints":{"allow":["GET"]}}],"collection":[{"href":"https:\/\/www.leti.lt\/wordpress\/wp-json\/wp\/v2\/posts"}],"about":[{"href":"https:\/\/www.leti.lt\/wordpress\/wp-json\/wp\/v2\/types\/post"}],"author":[{"embeddable":true,"href":"https:\/\/www.leti.lt\/wordpress\/wp-json\/wp\/v2\/users\/2"}],"replies":[{"embeddable":true,"href":"https:\/\/www.leti.lt\/wordpress\/wp-json\/wp\/v2\/comments?post=153"}],"version-history":[{"count":0,"href":"https:\/\/www.leti.lt\/wordpress\/wp-json\/wp\/v2\/posts\/153\/revisions"}],"wp:attachment":[{"href":"https:\/\/www.leti.lt\/wordpress\/wp-json\/wp\/v2\/media?parent=153"}],"wp:term":[{"taxonomy":"category","embeddable":true,"href":"https:\/\/www.leti.lt\/wordpress\/wp-json\/wp\/v2\/categories?post=153"},{"taxonomy":"post_tag","embeddable":true,"href":"https:\/\/www.leti.lt\/wordpress\/wp-json\/wp\/v2\/tags?post=153"}],"curies":[{"name":"wp","href":"https:\/\/api.w.org\/{rel}","templated":true}]}}