{"id":152,"date":"2020-02-16T15:30:32","date_gmt":"2020-02-16T14:30:32","guid":{"rendered":"https:\/\/www.leti.lt\/wordpress\/?p=152"},"modified":"-0001-11-30T00:00:00","modified_gmt":"-0001-11-29T22:00:00","slug":"danseforum-lecorpsetlespace","status":"publish","type":"post","link":"https:\/\/www.leti.lt\/wordpress\/danseforum-lecorpsetlespace\/","title":{"rendered":"Le corps et l\u2019espace"},"content":{"rendered":"<p><a href=\"https:\/\/www.leti.lt\/wordpress\/danseforum-danseforum\/\">Danse forum<\/a><br>\u2192 <a href=\"https:\/\/www.leti.lt\/wordpress\/danseforum-comptesrendusateliers\/\">Comptes-ren\u00addus des ate\u00adliers<\/a><br>\u2192 <a href=\"https:\/\/www.leti.lt\/wordpress\/danseforum-aixenprovence\/\">Aix-en-Pro\u00advence<\/a><br><br>!!Le corps et l\u2019espace \u2013 1\/4\/12<br><br><br><br>Nous \u00e9tions six petits pois\u00adsons d\u2019avril. Nous avions choi\u00adsi le rap\u00adport du corps \u00e0&nbsp;l\u2019espace comme th\u00e8me r\u00e9flexif.<br><br><i>L\u2019\u00e9veil des muscles<\/i><br><br>a eu besoin de l\u2019\u00e9veil des sen\u00adsa\u00adtions pour pou\u00advoir se d\u00e9ployer et d\u00e9voi\u00adler notre th\u00e8me sen\u00adsi\u00adtif.<br><br>Je crois que pour la pre\u00admi\u00e8re fois, j\u2019ai pu d\u00e9ga\u00adger exac\u00adte\u00adment la dif\u00adf\u00e9\u00adrence entre les deux pra\u00adtiques. Dans l\u2019\u00e9veil des muscles, on se met \u00e0&nbsp;dis\u00adpo\u00adsi\u00adtion du besoin expri\u00adm\u00e9 par les muscles&nbsp;; dans l\u2019\u00e9veil des sen\u00adsa\u00adtions, on se met \u00e0&nbsp;dis\u00adpo\u00adsi\u00adtion du besoin expri\u00adm\u00e9 par la sen\u00adsa\u00adtion, le point de vue n\u2019est pas le m\u00eame. Selon que l\u2019on est atten\u00adtif au muscle ou \u00e0&nbsp;la sen\u00adsa\u00adtion, le choix est celui de faire l\u2019\u00e9veil des muscles ou celui des sen\u00adsa\u00adtions. Cela para\u00eet tout simple, mais pour mettre en mots cette sim\u00adpli\u00adci\u00adt\u00e9, il m\u2019a fal\u00adlu toutes ces ann\u00e9es.<br><br>Lorsque les pieds sont froids, cela peut g\u00eaner, jusqu\u2019\u00e0 ce qu\u2019on les r\u00e9chauffe en les frot\u00adtant entre les mains. Mais pour qu\u2019il y&nbsp;ait \u00e9veil de la sen\u00adsa\u00adtion de froid dans les pieds, il faut que le corps dans son entier soit consul\u00adt\u00e9 sur sa n\u00e9ces\u00adsi\u00adt\u00e9 d\u2019\u00e9tirement, vrille, mise en ten\u00adsion etc., qui \u00e9ven\u00adtuel\u00adle\u00adment am\u00e8\u00adne\u00adront les pieds \u00e0&nbsp;se r\u00e9chauf\u00adfer.<br><br>Ce matin, la d\u00e9cou\u00adverte des muscles s\u2019est faite par la prise de conscience de leur sub\u00adstance, le long des os et des arti\u00adcu\u00adla\u00adtions.<br><br>Aller \u00e0&nbsp;fond, au bout du mou\u00adve\u00adment a&nbsp;don\u00adn\u00e9 le th\u00e8me sen\u00adsi\u00adtif des \u00ab&nbsp;limites du mou\u00adve\u00adment&nbsp;\u00bb, cela tom\u00adbait bien pour notre th\u00e8me r\u00e9flexif du \u00ab&nbsp;rap\u00adport du corps \u00e0&nbsp;l\u2019espace&nbsp;\u00bb.<br><br><i>La pre\u00admi\u00e8re impro\u00advi\u00adsa\u00adtion<\/i><br><br>a com\u00admen\u00adc\u00e9 par la danse du l\u00e9zard aux pieds et mains chauds, dr\u00f4les de mou\u00adve\u00adments.<br><br>Avec la musique de Scel\u00adsi, des lignes se sont tra\u00adc\u00e9es dans l\u2019espace avant de s\u2019inscrire dans le corps.<br><br>Pas de limites&nbsp;; puis la chute, la vio\u00adlence de l\u2019immobilit\u00e9, le vide int\u00e9\u00adrieur comme une lumi\u00e8re en volume et une sen\u00adsa\u00adtion d\u2019embo\u00eetements. Le d\u00e9sir de vie pousse \u00e0&nbsp;bou\u00adger, et pour\u00adtant, il y&nbsp;a quelque chose \u00e0&nbsp;d\u00e9cou\u00advrir dans un \u00e9tat d\u2019immobilit\u00e9 totale.<br><br>Un seul obs\u00adtacle&nbsp;: la per\u00adcep\u00adtion que l\u2019on a&nbsp;des autres. D\u00e9pas\u00adser les limites du corps avec les sons, inves\u00adtir l\u2019espace comme l\u2019\u00e9cho.<br><br>Le rap\u00adport au sol a&nbsp;chan\u00adg\u00e9, est deve\u00adnu plus l\u00e9ger, le corps s\u2019est r\u00e9joui d\u2019une aisance \u00e0&nbsp;s\u2019accorder auto\u00adma\u00adti\u00adque\u00adment, sans \u00eatre pr\u00e9\u00adcau\u00adtion\u00adneux. Une brise de tou\u00adpie l\u00e9g\u00e8re a&nbsp;effleu\u00adr\u00e9 la peau du l\u00e9zard.<br><br>Les quatre direc\u00adtions ont per\u00admis une infi\u00adni\u00adt\u00e9 de mou\u00adve\u00adments et de posi\u00adtions. Un point peut aller dans tous les sens.<br><br>C\u2019est l\u00e0 que nous avons rejoint Spi\u00adno\u00adza&nbsp;: le sen\u00adti\u00adment d\u2019exister va avec le sen\u00adti\u00adment d\u2019infini.<br><br><i>La deuxi\u00e8me impro\u00advi\u00adsa\u00adtion<\/i><br><br>s\u2019est faite dans l\u2019espace struc\u00adtu\u00adr\u00e9&nbsp;: un mur en fond et trois bor\u00addures d\u00e9li\u00admitent la sc\u00e8ne, pour faire forum.<br><br>La proxi\u00admi\u00adt\u00e9 des dan\u00adseurs modi\u00adfie leur int\u00e9\u00adrio\u00adri\u00adt\u00e9, les limites sym\u00adbo\u00adliques et les pos\u00adsi\u00adbi\u00adli\u00adt\u00e9s de ren\u00adcontre.<br><br>Recherche de la trace qu\u2019on laisse quand on n\u2019est plus l\u00e0, et besoin de savoir ce qui se passe d\u00e8s qu\u2019on existe&nbsp;: mort et nais\u00adsance, prin\u00adtemps.<br><br>Le spec\u00adta\u00adteur cette fois don\u00adna l\u2019image aux dan\u00adseurs d\u2019un feu qui couve avec de grands yeux.<br><br>La limite de cha\u00adcun, c\u2019est l\u2019interaction avec l\u2019autre.<br><br><i>La troi\u00adsi\u00e8me impro\u00advi\u00adsa\u00adtion<\/i><br><br>mal\u00adgr\u00e9 (ou \u00e0&nbsp;cause) des ten\u00adta\u00adtives de rap\u00adpro\u00adche\u00adment, r\u00e9v\u00e9\u00adla l\u2019impossibilit\u00e9 de contact entre les deux dan\u00adseuses.<br><br>Exp\u00e9\u00adri\u00admen\u00adter le mou\u00adve\u00adment comme une n\u00e9ces\u00adsi\u00adt\u00e9 de sur\u00advie, savoir ce que le mou\u00adve\u00adment nous fait, cela rend sen\u00adsible \u00e0&nbsp;l\u2019incongruit\u00e9 ou \u00e0&nbsp;la jus\u00adtesse du contact avec l\u2019autre. Bar\u00adri\u00e8res et limites se r\u00e9v\u00e8lent, se confirment ou se d\u00e9passent, s\u2019embo\u00eetent ou s\u2019\u00e9vanouissent. Il nous a&nbsp;fal\u00adlu essayer ce foi\u00adson\u00adne\u00adment.<br><br>Le chant a&nbsp;jailli de la bor\u00addure sc\u00e9\u00adnique, comme une offrande, comme une cha\u00adleur.<br><br>Le sol est deve\u00adnu tam\u00adbour pour ani\u00admaux \u00e0&nbsp;quatre pattes, sur\u00advo\u00adl\u00e9s par oiseau sans proie, deve\u00adnu arbre, deve\u00adnu branche, qui fut contac\u00adt\u00e9e par main froide\u2026 ne pas regar\u00adder Eury\u00addice, l\u2019emmener vers la lumi\u00e8re sans se retour\u00adner.<br><br><i>L\u2019impro 4&nbsp;fut notre bilan<\/i><br><br>La voix a&nbsp;jailli de la bor\u00addure sc\u00e9\u00adnique, sen\u00adsa\u00adtions et impres\u00adsions voguant en mots comme volutes marines autour de nos corps infi\u00adnis\u2026<br><br>Andr\u00e9ine Bel<br>avec Ber\u00adnard, Marit\u00adza, Minh, Richard, Virginie.<\/p><p style=\"color:green; text-align:right !important;\">Article cr\u00e9\u00e9 le 16\/02\/2020<\/p>","protected":false},"excerpt":{"rendered":"<p>Danse forum\u2192 Comptes-ren\u00ad\u00addus des ate\u00adliers\u2192 Aix-en-Pro\u00ad\u00advence !!Le corps et l\u2019espace \u2013 1\/4\/12 Nous \u00e9tions six petits pois\u00adsons d\u2019avril. Nous avions choi\u00adsi le rap\u00adport du corps \u00e0&nbsp;l\u2019espace comme th\u00e8me r\u00e9flexif. L\u2019\u00e9veil des muscles a&nbsp;eu besoin de l\u2019\u00e9veil des sen\u00adsa\u00adtions pour pou\u00advoir se d\u00e9ployer et d\u00e9voi\u00adler notre th\u00e8me sen\u00adsi\u00adtif. Je crois que pour la pre\u00admi\u00e8re fois, j\u2019ai pu d\u00e9ga\u00adger exac\u00adte\u00adment la dif\u00adf\u00e9\u00adrence entre les deux pra\u00adtiques. Dans l\u2019\u00e9veil des muscles, on se met \u00e0&nbsp;dis\u00adpo\u00adsi\u00adtion du besoin expri\u00adm\u00e9 par les muscles&nbsp;;&nbsp;dans&nbsp;[\u2026]<\/p>\n","protected":false},"author":2,"featured_media":0,"comment_status":"open","ping_status":"open","sticky":false,"template":"","format":"standard","meta":{"wp_typography_post_enhancements_disabled":false,"footnotes":""},"categories":[133],"tags":[210],"class_list":["post-152","post","type-post","status-publish","format-standard","hentry","category-ateliers_aix","tag-df_aixenprovence"],"yoast_head":"<!-- This site is optimized with the Yoast SEO plugin v27.5 - https:\/\/yoast.com\/product\/yoast-seo-wordpress\/ -->\n<title>Le corps et l\u2019espace - Le TILT<\/title>\n<meta name=\"robots\" content=\"index, follow, max-snippet:-1, max-image-preview:large, max-video-preview:-1\" \/>\n<link rel=\"canonical\" href=\"https:\/\/www.leti.lt\/wordpress\/danseforum-lecorpsetlespace\/\" \/>\n<meta property=\"og:locale\" content=\"fr_FR\" \/>\n<meta property=\"og:type\" content=\"article\" \/>\n<meta property=\"og:title\" content=\"Le corps et l\u2019espace - Le TILT\" \/>\n<meta property=\"og:description\" content=\"Danse forum\u2192 Comptes-ren\u00addus des ate\u00adliers\u2192 Aix-en-Pro\u00advence !!Le corps et l\u2019espace \u2013 1\/4\/12 Nous \u00e9tions six petits pois\u00adsons d\u2019avril. Nous avions choi\u00adsi le rap\u00adport du corps \u00e0&nbsp;l\u2019espace comme th\u00e8me r\u00e9flexif. L\u2019\u00e9veil des muscles a eu besoin de l\u2019\u00e9veil des sen\u00adsa\u00adtions pour pou\u00advoir se d\u00e9ployer et d\u00e9voi\u00adler notre th\u00e8me sensitif. Je crois que pour la pre\u00admi\u00e8re fois, j\u2019ai pu d\u00e9ga\u00adger exac\u00adte\u00adment la dif\u00adf\u00e9\u00adrence entre les deux pra\u00adtiques. Dans l\u2019\u00e9veil des muscles, on se met \u00e0&nbsp;dis\u00adpo\u00adsi\u00adtion du besoin expri\u00adm\u00e9 par les muscles&nbsp;; dans [&hellip;]\" \/>\n<meta property=\"og:url\" content=\"https:\/\/www.leti.lt\/wordpress\/danseforum-lecorpsetlespace\/\" \/>\n<meta property=\"og:site_name\" content=\"Le TILT\" \/>\n<meta property=\"article:published_time\" content=\"2020-02-16T14:30:32+00:00\" \/>\n<meta name=\"author\" content=\"Andr\u00e9ine Bel\" \/>\n<meta name=\"twitter:card\" content=\"summary_large_image\" \/>\n<meta name=\"twitter:label1\" content=\"\u00c9crit par\" \/>\n\t<meta name=\"twitter:data1\" content=\"Andr\u00e9ine Bel\" \/>\n\t<meta name=\"twitter:label2\" content=\"Dur\u00e9e de lecture estim\u00e9e\" \/>\n\t<meta name=\"twitter:data2\" content=\"4 minutes\" \/>\n<script type=\"application\/ld+json\" class=\"yoast-schema-graph\">{\"@context\":\"https:\\\/\\\/schema.org\",\"@graph\":[{\"@type\":\"Article\",\"@id\":\"https:\\\/\\\/www.leti.lt\\\/wordpress\\\/danseforum-lecorpsetlespace\\\/#article\",\"isPartOf\":{\"@id\":\"https:\\\/\\\/www.leti.lt\\\/wordpress\\\/danseforum-lecorpsetlespace\\\/\"},\"author\":{\"name\":\"Andr\u00e9ine Bel\",\"@id\":\"https:\\\/\\\/www.leti.lt\\\/wordpress\\\/#\\\/schema\\\/person\\\/9bb307b2af8fbb575bb3603e57951f75\"},\"headline\":\"Le corps et l\u2019espace\",\"datePublished\":\"2020-02-16T14:30:32+00:00\",\"mainEntityOfPage\":{\"@id\":\"https:\\\/\\\/www.leti.lt\\\/wordpress\\\/danseforum-lecorpsetlespace\\\/\"},\"wordCount\":758,\"commentCount\":0,\"keywords\":[\"DF_AixEnProvence\"],\"articleSection\":[\"Ateliers Aix\"],\"inLanguage\":\"fr-FR\",\"potentialAction\":[{\"@type\":\"CommentAction\",\"name\":\"Comment\",\"target\":[\"https:\\\/\\\/www.leti.lt\\\/wordpress\\\/danseforum-lecorpsetlespace\\\/#respond\"]}]},{\"@type\":\"WebPage\",\"@id\":\"https:\\\/\\\/www.leti.lt\\\/wordpress\\\/danseforum-lecorpsetlespace\\\/\",\"url\":\"https:\\\/\\\/www.leti.lt\\\/wordpress\\\/danseforum-lecorpsetlespace\\\/\",\"name\":\"Le corps et l\u2019espace - Le TILT\",\"isPartOf\":{\"@id\":\"https:\\\/\\\/www.leti.lt\\\/wordpress\\\/#website\"},\"datePublished\":\"2020-02-16T14:30:32+00:00\",\"author\":{\"@id\":\"https:\\\/\\\/www.leti.lt\\\/wordpress\\\/#\\\/schema\\\/person\\\/9bb307b2af8fbb575bb3603e57951f75\"},\"breadcrumb\":{\"@id\":\"https:\\\/\\\/www.leti.lt\\\/wordpress\\\/danseforum-lecorpsetlespace\\\/#breadcrumb\"},\"inLanguage\":\"fr-FR\",\"potentialAction\":[{\"@type\":\"ReadAction\",\"target\":[\"https:\\\/\\\/www.leti.lt\\\/wordpress\\\/danseforum-lecorpsetlespace\\\/\"]}]},{\"@type\":\"BreadcrumbList\",\"@id\":\"https:\\\/\\\/www.leti.lt\\\/wordpress\\\/danseforum-lecorpsetlespace\\\/#breadcrumb\",\"itemListElement\":[{\"@type\":\"ListItem\",\"position\":1,\"name\":\"Accueil\",\"item\":\"https:\\\/\\\/www.leti.lt\\\/wordpress\\\/\"},{\"@type\":\"ListItem\",\"position\":2,\"name\":\"Le corps et l\u2019espace\"}]},{\"@type\":\"WebSite\",\"@id\":\"https:\\\/\\\/www.leti.lt\\\/wordpress\\\/#website\",\"url\":\"https:\\\/\\\/www.leti.lt\\\/wordpress\\\/\",\"name\":\"Le TILT\",\"description\":\"Recherche, publication, cr\u00e9ation artistique\",\"potentialAction\":[{\"@type\":\"SearchAction\",\"target\":{\"@type\":\"EntryPoint\",\"urlTemplate\":\"https:\\\/\\\/www.leti.lt\\\/wordpress\\\/?s={search_term_string}\"},\"query-input\":{\"@type\":\"PropertyValueSpecification\",\"valueRequired\":true,\"valueName\":\"search_term_string\"}}],\"inLanguage\":\"fr-FR\"},{\"@type\":\"Person\",\"@id\":\"https:\\\/\\\/www.leti.lt\\\/wordpress\\\/#\\\/schema\\\/person\\\/9bb307b2af8fbb575bb3603e57951f75\",\"name\":\"Andr\u00e9ine Bel\",\"image\":{\"@type\":\"ImageObject\",\"inLanguage\":\"fr-FR\",\"@id\":\"https:\\\/\\\/secure.gravatar.com\\\/avatar\\\/4ab041ec7c7ad3b90293023e86528ec1a700ce2971ff61811b2df6b288dd1f38?s=96&d=identicon&r=g\",\"url\":\"https:\\\/\\\/secure.gravatar.com\\\/avatar\\\/4ab041ec7c7ad3b90293023e86528ec1a700ce2971ff61811b2df6b288dd1f38?s=96&d=identicon&r=g\",\"contentUrl\":\"https:\\\/\\\/secure.gravatar.com\\\/avatar\\\/4ab041ec7c7ad3b90293023e86528ec1a700ce2971ff61811b2df6b288dd1f38?s=96&d=identicon&r=g\",\"caption\":\"Andr\u00e9ine Bel\"},\"url\":\"https:\\\/\\\/www.leti.lt\\\/wordpress\\\/author\\\/andreine\\\/\"}]}<\/script>\n<!-- \/ Yoast SEO plugin. -->","yoast_head_json":{"title":"Le corps et l\u2019espace - Le TILT","robots":{"index":"index","follow":"follow","max-snippet":"max-snippet:-1","max-image-preview":"max-image-preview:large","max-video-preview":"max-video-preview:-1"},"canonical":"https:\/\/www.leti.lt\/wordpress\/danseforum-lecorpsetlespace\/","og_locale":"fr_FR","og_type":"article","og_title":"Le corps et l\u2019espace - Le TILT","og_description":"Danse forum\u2192 Comptes-ren\u00addus des ate\u00adliers\u2192 Aix-en-Pro\u00advence !!Le corps et l\u2019espace \u2013 1\/4\/12 Nous \u00e9tions six petits pois\u00adsons d\u2019avril. Nous avions choi\u00adsi le rap\u00adport du corps \u00e0&nbsp;l\u2019espace comme th\u00e8me r\u00e9flexif. L\u2019\u00e9veil des muscles a eu besoin de l\u2019\u00e9veil des sen\u00adsa\u00adtions pour pou\u00advoir se d\u00e9ployer et d\u00e9voi\u00adler notre th\u00e8me sensitif. Je crois que pour la pre\u00admi\u00e8re fois, j\u2019ai pu d\u00e9ga\u00adger exac\u00adte\u00adment la dif\u00adf\u00e9\u00adrence entre les deux pra\u00adtiques. Dans l\u2019\u00e9veil des muscles, on se met \u00e0&nbsp;dis\u00adpo\u00adsi\u00adtion du besoin expri\u00adm\u00e9 par les muscles&nbsp;; dans [&hellip;]","og_url":"https:\/\/www.leti.lt\/wordpress\/danseforum-lecorpsetlespace\/","og_site_name":"Le TILT","article_published_time":"2020-02-16T14:30:32+00:00","author":"Andr\u00e9ine Bel","twitter_card":"summary_large_image","twitter_misc":{"\u00c9crit par":"Andr\u00e9ine Bel","Dur\u00e9e de lecture estim\u00e9e":"4 minutes"},"schema":{"@context":"https:\/\/schema.org","@graph":[{"@type":"Article","@id":"https:\/\/www.leti.lt\/wordpress\/danseforum-lecorpsetlespace\/#article","isPartOf":{"@id":"https:\/\/www.leti.lt\/wordpress\/danseforum-lecorpsetlespace\/"},"author":{"name":"Andr\u00e9ine Bel","@id":"https:\/\/www.leti.lt\/wordpress\/#\/schema\/person\/9bb307b2af8fbb575bb3603e57951f75"},"headline":"Le corps et l\u2019espace","datePublished":"2020-02-16T14:30:32+00:00","mainEntityOfPage":{"@id":"https:\/\/www.leti.lt\/wordpress\/danseforum-lecorpsetlespace\/"},"wordCount":758,"commentCount":0,"keywords":["DF_AixEnProvence"],"articleSection":["Ateliers Aix"],"inLanguage":"fr-FR","potentialAction":[{"@type":"CommentAction","name":"Comment","target":["https:\/\/www.leti.lt\/wordpress\/danseforum-lecorpsetlespace\/#respond"]}]},{"@type":"WebPage","@id":"https:\/\/www.leti.lt\/wordpress\/danseforum-lecorpsetlespace\/","url":"https:\/\/www.leti.lt\/wordpress\/danseforum-lecorpsetlespace\/","name":"Le corps et l\u2019espace - Le TILT","isPartOf":{"@id":"https:\/\/www.leti.lt\/wordpress\/#website"},"datePublished":"2020-02-16T14:30:32+00:00","author":{"@id":"https:\/\/www.leti.lt\/wordpress\/#\/schema\/person\/9bb307b2af8fbb575bb3603e57951f75"},"breadcrumb":{"@id":"https:\/\/www.leti.lt\/wordpress\/danseforum-lecorpsetlespace\/#breadcrumb"},"inLanguage":"fr-FR","potentialAction":[{"@type":"ReadAction","target":["https:\/\/www.leti.lt\/wordpress\/danseforum-lecorpsetlespace\/"]}]},{"@type":"BreadcrumbList","@id":"https:\/\/www.leti.lt\/wordpress\/danseforum-lecorpsetlespace\/#breadcrumb","itemListElement":[{"@type":"ListItem","position":1,"name":"Accueil","item":"https:\/\/www.leti.lt\/wordpress\/"},{"@type":"ListItem","position":2,"name":"Le corps et l\u2019espace"}]},{"@type":"WebSite","@id":"https:\/\/www.leti.lt\/wordpress\/#website","url":"https:\/\/www.leti.lt\/wordpress\/","name":"Le TILT","description":"Recherche, publication, cr\u00e9ation artistique","potentialAction":[{"@type":"SearchAction","target":{"@type":"EntryPoint","urlTemplate":"https:\/\/www.leti.lt\/wordpress\/?s={search_term_string}"},"query-input":{"@type":"PropertyValueSpecification","valueRequired":true,"valueName":"search_term_string"}}],"inLanguage":"fr-FR"},{"@type":"Person","@id":"https:\/\/www.leti.lt\/wordpress\/#\/schema\/person\/9bb307b2af8fbb575bb3603e57951f75","name":"Andr\u00e9ine Bel","image":{"@type":"ImageObject","inLanguage":"fr-FR","@id":"https:\/\/secure.gravatar.com\/avatar\/4ab041ec7c7ad3b90293023e86528ec1a700ce2971ff61811b2df6b288dd1f38?s=96&d=identicon&r=g","url":"https:\/\/secure.gravatar.com\/avatar\/4ab041ec7c7ad3b90293023e86528ec1a700ce2971ff61811b2df6b288dd1f38?s=96&d=identicon&r=g","contentUrl":"https:\/\/secure.gravatar.com\/avatar\/4ab041ec7c7ad3b90293023e86528ec1a700ce2971ff61811b2df6b288dd1f38?s=96&d=identicon&r=g","caption":"Andr\u00e9ine Bel"},"url":"https:\/\/www.leti.lt\/wordpress\/author\/andreine\/"}]}},"_links":{"self":[{"href":"https:\/\/www.leti.lt\/wordpress\/wp-json\/wp\/v2\/posts\/152","targetHints":{"allow":["GET"]}}],"collection":[{"href":"https:\/\/www.leti.lt\/wordpress\/wp-json\/wp\/v2\/posts"}],"about":[{"href":"https:\/\/www.leti.lt\/wordpress\/wp-json\/wp\/v2\/types\/post"}],"author":[{"embeddable":true,"href":"https:\/\/www.leti.lt\/wordpress\/wp-json\/wp\/v2\/users\/2"}],"replies":[{"embeddable":true,"href":"https:\/\/www.leti.lt\/wordpress\/wp-json\/wp\/v2\/comments?post=152"}],"version-history":[{"count":0,"href":"https:\/\/www.leti.lt\/wordpress\/wp-json\/wp\/v2\/posts\/152\/revisions"}],"wp:attachment":[{"href":"https:\/\/www.leti.lt\/wordpress\/wp-json\/wp\/v2\/media?parent=152"}],"wp:term":[{"taxonomy":"category","embeddable":true,"href":"https:\/\/www.leti.lt\/wordpress\/wp-json\/wp\/v2\/categories?post=152"},{"taxonomy":"post_tag","embeddable":true,"href":"https:\/\/www.leti.lt\/wordpress\/wp-json\/wp\/v2\/tags?post=152"}],"curies":[{"name":"wp","href":"https:\/\/api.w.org\/{rel}","templated":true}]}}