{"id":150,"date":"2020-02-16T15:30:32","date_gmt":"2020-02-16T14:30:32","guid":{"rendered":"https:\/\/www.leti.lt\/wordpress\/?p=150"},"modified":"-0001-11-30T00:00:00","modified_gmt":"-0001-11-29T22:00:00","slug":"danseforum-lecontact","status":"publish","type":"post","link":"https:\/\/www.leti.lt\/wordpress\/danseforum-lecontact\/","title":{"rendered":"Le contact"},"content":{"rendered":"<p><a href=\"https:\/\/www.leti.lt\/wordpress\/danseforum-danseforum\/\">Danse forum<\/a><br>\u2192 <a href=\"https:\/\/www.leti.lt\/wordpress\/danseforum-comptesrendusateliers\/\">Comptes-ren\u00addus des ate\u00adliers<\/a><br>\u2192 <a href=\"https:\/\/www.leti.lt\/wordpress\/danseforum-lambesc\/\">Lam\u00adbesc<\/a><br><br>!!Le contact \u2013 18 mars 2006<br><br>Apr\u00e8s les superbes t\u00e9moi\u00adgnages sur les der\u00adniers ate\u00adliers, je me lance pour celui du 18 mars. Nous \u00e9tions 12\u2026<br><br>C\u2019est par\u00adti de ce scoop&nbsp;: \u00ab&nbsp;La danse ne s\u2019apprend pas&nbsp;\u00bb. Ce qui s\u2019apprend, c\u2019est la tech\u00adnique, un style. La danse, elle, se d\u00e9couvre et se d\u00e9ve\u00adloppe \u00e0&nbsp;par\u00adtir de cette d\u00e9cou\u00adverte. Nous avons donc vou\u00adlu exp\u00e9\u00adri\u00admen\u00adter ce qu\u2019il se passe lorsqu\u2019il n\u2019y a&nbsp;aucun sup\u00adport pr\u00e9\u00advu&nbsp;: consigne, th\u00e8me, musique ou autre. Cela a&nbsp;dur\u00e9 quelques minutes, trop courtes pour cer\u00adtains, infi\u00adni\u00adment trop longues pour d\u2019autres.<br><br>Le m\u00eame exer\u00adcice sur L\u2019Ave Maria pre\u00adnait tout son sens, intime.<br><br>De l\u00e0, les besoins se sont expri\u00adm\u00e9s&nbsp;: rythme, dyna\u00admique de groupe, contact.<br><br>Nous nous sommes donc assis en cercle, et avons cla\u00adp\u00e9 des mains une fois, \u00e0&nbsp;tour de r\u00f4le, pour voir quel rythme se d\u00e9ga\u00adgeait de l\u2019ensemble, sans aucune consigne de d\u00e9part sauf celle d\u2019observer. Le rythme \u00e9tait irr\u00e9\u00adgu\u00adlier, sui\u00advant l\u2019humeur de cha\u00adcun et sa dyna\u00admique, et selon ce que cha\u00adcun \u00e9cou\u00adtait dans le frap\u00adp\u00e9 pr\u00e9\u00adc\u00e9\u00addant [le temps, la force ou l\u2019espace (l\u2019amplitude du frap\u00adp\u00e9)], et vou\u00adlait trans\u00admettre au sui\u00advant en frap\u00adpant lui-m\u00eame.<br><br>[Moi qui ai pas\u00ads\u00e9 ma vie \u00e0&nbsp;essayer d\u2019obtenir de moi ou des autres un rythme lin\u00e9aire, r\u00e9gu\u00adlier, o\u00f9 le pas\u00adsage de l\u2019un \u00e0&nbsp;l\u2019autre se fait \u00e0&nbsp;l\u2019identique, en gom\u00admant les dif\u00adf\u00e9\u00adrences pour se mettre \u00e0&nbsp;l\u2019unisson, j\u2019ai enfin d\u00e9cou\u00advert l\u2019incroyable diver\u00adsi\u00adt\u00e9 du rythme int\u00e9\u00adrieur de cha\u00adcun en rela\u00adtion avec autrui. Je crois bien que c\u2019est la pre\u00admi\u00e8re fois de ma vie que j\u2019ai \u00e9t\u00e9 capable de l\u2019appr\u00e9cier dans toute sa richesse.]<br><br>De l\u00e0, nous avons adres\u00ads\u00e9 notre \u00ab&nbsp;cla\u00adp\u00e9 de mains&nbsp;\u00bb non pas \u00e0&nbsp;la per\u00adsonne assise juste \u00e0&nbsp;c\u00f4t\u00e9 de nous, mais \u00e0&nbsp;une per\u00adsonne que nous choi\u00adsis\u00adsions dans le cercle. Puis, sans s\u2019interrompre, nous avons intro\u00adduit peu \u00e0&nbsp;peu, sans paroles, en les met\u00adtant en \u0153uvre, de nou\u00advelles pro\u00adpo\u00adsi\u00adtions, cha\u00adcun \u00e0&nbsp;son tour quand il le sou\u00adhai\u00adtait&nbsp;: rem\u00adpla\u00adcer le cla\u00adp\u00e9 par un bruit, un geste, un mou\u00adve\u00adment, un son vocal, se d\u00e9pla\u00adcer dans l\u2019espace, amor\u00adcer le contact entre deux per\u00adsonnes, se rap\u00adpro\u00adcher. Nous avons fini sur des voca\u00adlises, des cris dans une belle et joyeuse anar\u00adchie&nbsp;!<br><br>Nous avons obser\u00adv\u00e9 des baisses d\u2019\u00e9nergie (rep\u00e9\u00adrable au manque d\u2019int\u00e9r\u00eat res\u00adsen\u00adti), que nous avons asso\u00adci\u00e9es \u00e0&nbsp;des moments o\u00f9 nous nous ins\u00adtal\u00adlions dans la d\u00e9tente et la faci\u00adli\u00adt\u00e9. Mais nous avons conve\u00adnu qu\u2019apr\u00e8s tout, c\u2019est le cycle spon\u00adta\u00adn\u00e9 de la vie, on ne peut pas \u00eatre tou\u00adjours au top&nbsp;! (cet ate\u00adlier \u00e9tait sous le signe de l\u2019optimisme r\u00e9so\u00adlu\u2026)<br><br>\u00ab In an autumn Gar\u00adden&nbsp;\u00bb, de Take\u00admit\u00adsu, nous a&nbsp;inci\u00adt\u00e9 \u00e0&nbsp;tous entrer en mou\u00adve\u00adment simul\u00adta\u00adn\u00e9\u00adment, nous fai\u00adsant perdre l\u2019intensit\u00e9 de la danse. Au second essai, nous avons \u00e9t\u00e9 mieux \u00e0&nbsp;m\u00eame d\u2019\u00e9couter le mou\u00adve\u00adment des autres, de cha\u00adcun trou\u00adver sa place, son rythme. La ten\u00adsion ajus\u00adt\u00e9e, seule \u00e0&nbsp;per\u00admettre \u00e0&nbsp;la fl\u00e8che d\u2019atteindre son but, \u00e9tait par moments pal\u00adpable. La musique de Take\u00admit\u00adsu, ce com\u00adpo\u00adsi\u00adteur contem\u00adpo\u00adrain japo\u00adnais, nous don\u00adnait l\u2019espace pour l\u2019habiter, l\u2019ignorer, l\u2019adopter, la refu\u00adser.<br><br>Dans notre der\u00adni\u00e8re ten\u00adta\u00adtive, nous avons intro\u00adduit une dif\u00adfi\u00adcul\u00adt\u00e9 sup\u00adpl\u00e9\u00admen\u00adtaire&nbsp;: \u00ab&nbsp;Rock in Rythm&nbsp;\u00bb est tel\u00adle\u00adment entrai\u00adnant qu\u2019il est dif\u00adfi\u00adcile d\u2019y r\u00e9sis\u00adter. Mais le r\u00e9sul\u00adtat f\u00fbt assez satis\u00adfai\u00adsant il me semble, avec une bonne \u00e9ner\u00adgie de dia\u00adlogue avec la musique, et peu d\u2019illustration (ma b\u00eate noire&nbsp;: la redon\u00addance, entre ce qui est mon\u00adtr\u00e9 et ce qui est enten\u00addu, entre le sens et la forme etc.).<br><br>Nous avons pro\u00adfi\u00adt\u00e9 de la pause pour nous pr\u00e9\u00adsen\u00adter cha\u00adcun. Il y&nbsp;avait par\u00admi nous&nbsp;: une chan\u00adteuse, un musi\u00adcien qui fait du th\u00e9\u00e2tre forum, une \u00e9cri\u00advaine, un concep\u00adteur de lieux de vie (que nous avons revu le soir m\u00eame sur Arte, \u00e0&nbsp;pro\u00adpos de la mos\u00adqu\u00e9e de Tour\u00adnon\u2026), deux a\u00e9ro\u00adnau\u00adti\u00adciens (tous deux sur\u00adveillent les avions, elle au ciel, l\u2019autre au sol), un dan\u00adseur pro\u00adfes\u00adsion\u00adnel, une peintre, une sculp\u00adtrice sur \u00e9tain, un bien vivant, une tra\u00advailleuse sociale (je ne suis plus s\u00fbre, confirme ?) et moi qui ai pas\u00ads\u00e9 mon tour car sinon nous n\u2019aurions pas eu assez de temps pour la danse forum.<br><br>C\u2019est l\u2019exp\u00e9rience de l\u2019un d\u2019entre nous qui a&nbsp;\u00e9t\u00e9 choi\u00adsie comme mise en sc\u00e8ne dan\u00ads\u00e9e de d\u00e9part, puisqu\u2019elle cor\u00adres\u00adpon\u00addait \u00e0&nbsp;notre consta\u00adta\u00adtion g\u00e9n\u00e9\u00adrale&nbsp;: ce n\u2019est pas parce qu\u2019il y&nbsp;a tou\u00adcher qu\u2019il y&nbsp;a auto\u00adma\u00adti\u00adque\u00adment contact, dif\u00adfi\u00adcul\u00adt\u00e9 de la com\u00admu\u00adni\u00adqua\u00adtion. Pen\u00addant la pre\u00admi\u00e8re par\u00adtie de cet ate\u00adlier, nous avions exp\u00e9\u00adri\u00admen\u00adt\u00e9 com\u00adbien le fait de peu se conna\u00eetre (beau\u00adcoup de tout nou\u00adveaux \u00e0&nbsp;l\u2019atelier) \u00e9ta\u00adblis\u00adsait une dis\u00adtance phy\u00adsique (nor\u00admale et saine), et com\u00adment le contact pou\u00advait se faire mal\u00adgr\u00e9 cette dis\u00adtance, dans un \u00e9vi\u00adte\u00adment fait d\u2019adoption du mou\u00adve\u00adment de l\u2019autre.<br><br>Ceci a&nbsp;rap\u00adpe\u00adl\u00e9 \u00e0&nbsp;l\u2019un dentre nous une situa\u00adtion o\u00f9 il s\u2019est trou\u00adv\u00e9 \u00e0&nbsp;accep\u00adter d\u2019aider une per\u00adsonne en don\u00adnant de son temps et de son talent, parce qu\u2019il sen\u00adtait un contact r\u00e9el dans l\u2019appel \u00e0&nbsp;l\u2019aide \u00e9mis par cette per\u00adsonne. Or, une fois l\u2019aide accep\u00adt\u00e9e, le contact n\u2019\u00e9tait plus l\u00e0. Y&nbsp;\u00e9tait-il au d\u00e9part et il s\u2019est \u00e9va\u00adnoui d\u00e8s que le deman\u00addeur a&nbsp;eu ce qu\u2019il vou\u00adlait&nbsp;? Etait-il feint au d\u00e9part pour obte\u00adnir l\u2019aide et uti\u00adli\u00adser celui \u00e0&nbsp;qui l\u2019aide avait \u00e9t\u00e9 deman\u00add\u00e9e&nbsp;? Dans les deux cas, l\u2019exp\u00e9rience res\u00adtait en tra\u00advers de la gorge de notre dan\u00adseur, aujourd\u2019hui pro\u00adpul\u00ads\u00e9 \u00ab&nbsp;met\u00adteur en sc\u00e8ne&nbsp;\u00bb pour la cause de la danse forum.<br><br>Il a&nbsp;choi\u00adsi deux d\u2019entre nous pour dan\u00adser sa mise en sc\u00e8ne&nbsp;: \u00ab&nbsp;une dan\u00adseuse&nbsp;\u00bb et sa \u00ab&nbsp;cho\u00adr\u00e9\u00adgraphe&nbsp;\u00bb. Il les a&nbsp;fait se pla\u00adcer en fond jar\u00addin, [ce qui \u00e9tait un choix judi\u00adcieux&nbsp;: c\u00f4t\u00e9 jar\u00addin, il sug\u00adg\u00e9\u00adrait le pas\u00ads\u00e9, et en fond, l\u2019incertitude, l\u2019obscur, le mal connu]. La dan\u00adseuse \u00e9tait pla\u00adc\u00e9e assise devant sa cho\u00adr\u00e9\u00adgraphe, toutes les deux face \u00e0&nbsp;nous le public. Les consignes don\u00adn\u00e9es aux pro\u00adta\u00adgo\u00adnistes par le met\u00adteur en sc\u00e8ne&nbsp;: la dan\u00adseuse est \u00e0&nbsp;l\u2019\u00e9coute sans voir son inter\u00adlo\u00adcu\u00adtrice (coup de fil t\u00e9l\u00e9\u00adpho\u00adnique don\u00adn\u00e9 dans la r\u00e9a\u00adli\u00adt\u00e9), la cho\u00adr\u00e9\u00adgraphe est per\u00adsua\u00adsive mais g\u00ean\u00e9e, elle essaie d\u2019\u00e9tablir un contact assez puis\u00adsant pour obte\u00adnir l\u2019accord de l\u2019aide.<br><br>[En th\u00e9\u00e2tre forum, le met\u00adteur en sc\u00e8ne n\u2019intervient jamais sur sc\u00e8ne. Ici, il est inter\u00adve\u00adnu de sa propre ini\u00adtia\u00adtive, pour pr\u00e9\u00adci\u00adser les consignes \u00e0&nbsp;la cho\u00adr\u00e9\u00adgraphe. Il sou\u00adhai\u00adtait qu\u2019elle ait des gestes plus ronds, moins sac\u00adca\u00add\u00e9s, pour arri\u00adver \u00e0&nbsp;mettre en confiance la dan\u00adseuse. Se fai\u00adsant, leur trio avait quelque chose de tou\u00adchant, et m\u2019\u00e9merveillait, sans que je puisse dire tout \u00e0&nbsp;fait pour\u00adquoi. Peut-\u00eatre le fait de rendre visble la mise en sc\u00e8ne sur sc\u00e8ne, qui se fond \u00e0&nbsp;la sc\u00e8ne, sans l\u2019arr\u00eater, et par ailleurs sans arri\u00adver \u00e0&nbsp;com\u00admu\u00adni\u00adquer les nou\u00advelles consignes. Avec la pos\u00adsi\u00adbi\u00adli\u00adt\u00e9, pour les spec\u00adta\u00addan\u00adseurs que nous \u00e9tions, de construire d\u2019autres sc\u00e9\u00adna\u00adrios&nbsp;: un troi\u00adsi\u00e8me per\u00adson\u00adnage, tout peut bas\u00adcu\u00adler entre l\u2019\u00e9quilibre fra\u00adgile de deux per\u00adsonnes\u2026]<br><br>Le public a&nbsp;pr\u00e9\u00adci\u00ads\u00e9 alors ce qu\u2019il avait vu&nbsp;: dans sa ten\u00adta\u00adtive de per\u00adsua\u00adsion, beau\u00adcoup de g\u00e8ne chez la cho\u00adr\u00e9\u00adgraphe. Elle confirme que c\u2019est ce qu\u2019elle sou\u00adhai\u00adtait expri\u00admer. Le pro\u00adbl\u00e8me a&nbsp;ain\u00adsi \u00e9t\u00e9 cibl\u00e9&nbsp;: qu\u2019est-ce qui emp\u00eache de fait le contact r\u00e9el&nbsp;?<br><br>La dan\u00adseuse a&nbsp;alors deman\u00add\u00e9 au met\u00adteur en sc\u00e8ne de se mettre \u00e0&nbsp;la place de la cho\u00adr\u00e9\u00adgraphe, ce qu\u2019il a&nbsp;fait. [L\u00e0, nous sommes en accord avec le th\u00e9\u00e2tre forum&nbsp;: l\u2019acteur ne doit pas jouer son propre r\u00f4le qui ins\u00adpire la pi\u00e8ce, plu\u00adt\u00f4t celui de l\u2019autre prin\u00adci\u00adpal pro\u00adta\u00adgo\u00adniste. La sc\u00e8ne a&nbsp;repris du d\u00e9but.]<br><br>Les mou\u00adve\u00adments du cho\u00adr\u00e9\u00adgraphe \u00e9taient doux, enve\u00adlop\u00adpant et atten\u00adtifs. La dan\u00adseuse r\u00e9pon\u00addait extra\u00ador\u00addi\u00adnai\u00adre\u00adment bien \u00e0&nbsp;ses mou\u00adve\u00adments, alors que, de dos, elle ne pou\u00advait le voir. Sur l\u2019adaggietto de Mal\u00adher, la dan\u00adseuse et le cho\u00adr\u00e9\u00adgraphe se sont tes\u00adt\u00e9s, domi\u00adn\u00e9s et sou\u00admis tour \u00e0&nbsp;tour, ont gagn\u00e9 leur confiance r\u00e9ci\u00adproque mil\u00adli\u00adm\u00e8tres par mil\u00adli\u00adm\u00e8tres. Ils ont jou\u00e9 sur la hi\u00e9\u00adrar\u00adchie des plans (\u00e9ten\u00addu sur le sol ou droit \u00e0&nbsp;la ver\u00adti\u00adcale), celle des direc\u00adtions qui sou\u00adli\u00adgnaient leurs \u00e9tats int\u00e9\u00adrieurs et leurs inten\u00adtions (face, biais, pro\u00adfils), pour finir par s\u2019apprivoiser r\u00e9ci\u00adpro\u00adque\u00adment et dan\u00adser, en com\u00admu\u00adnion&nbsp;?<br><br>Ne vous avais-je pas dit que le para\u00addis est d\u00e9fi\u00adni\u00adti\u00adve\u00adment opti\u00admiste&nbsp;? Un bon\u00adheur&nbsp;!<br><br>Andr\u00e9ine Bel<br><br>d\u2019apr\u00e8s les retours de&nbsp;: Aman\u00adda L, Andr\u00e9ine B, Guillaume T, Guy M, H\u00e9l\u00e8ne D, Leo\u00adnar\u00addo C, Marie B, Mau\u00adrice M, Mireille M,X, X,&nbsp;X.<\/p><p style=\"color:green; text-align:right !important;\">Article cr\u00e9\u00e9 le 16\/02\/2020<\/p>","protected":false},"excerpt":{"rendered":"<p>Danse forum\u2192 Comptes-ren\u00ad\u00addus des ate\u00adliers\u2192 Lam\u00adbesc !!Le contact \u2013 18 mars&nbsp;2006 Apr\u00e8s les superbes t\u00e9moi\u00adgnages sur les der\u00adniers ate\u00adliers, je me lance pour celui du 18 mars. Nous \u00e9tions 12\u2026 C\u2019est par\u00adti de ce scoop&nbsp;: \u00ab&nbsp;La danse ne s\u2019apprend pas&nbsp;\u00bb. Ce qui s\u2019apprend, c\u2019est la tech\u00adnique, un style. La danse, elle, se d\u00e9couvre et se d\u00e9ve\u00adloppe \u00e0&nbsp;par\u00adtir de cette d\u00e9cou\u00adverte. Nous avons donc vou\u00adlu exp\u00e9\u00adri\u00admen\u00adter ce qu\u2019il se passe lorsqu\u2019il n\u2019y a&nbsp;aucun sup\u00adport pr\u00e9\u00advu&nbsp;: consigne, th\u00e8me, musique ou autre. Cela&nbsp;[\u2026]<\/p>\n","protected":false},"author":2,"featured_media":0,"comment_status":"open","ping_status":"open","sticky":false,"template":"","format":"standard","meta":{"wp_typography_post_enhancements_disabled":false,"footnotes":""},"categories":[184],"tags":[208],"class_list":["post-150","post","type-post","status-publish","format-standard","hentry","category-ateliers_lambesc","tag-df_lambesc"],"yoast_head":"<!-- This site is optimized with the Yoast SEO plugin v27.5 - https:\/\/yoast.com\/product\/yoast-seo-wordpress\/ -->\n<title>Le contact - Le TILT<\/title>\n<meta name=\"robots\" content=\"index, follow, max-snippet:-1, max-image-preview:large, max-video-preview:-1\" \/>\n<link rel=\"canonical\" href=\"https:\/\/www.leti.lt\/wordpress\/danseforum-lecontact\/\" \/>\n<meta property=\"og:locale\" content=\"fr_FR\" \/>\n<meta property=\"og:type\" content=\"article\" \/>\n<meta property=\"og:title\" content=\"Le contact - Le TILT\" \/>\n<meta property=\"og:description\" content=\"Danse forum\u2192 Comptes-ren\u00addus des ate\u00adliers\u2192 Lam\u00adbesc !!Le contact \u2013 18 mars&nbsp;2006 Apr\u00e8s les superbes t\u00e9moi\u00adgnages sur les der\u00adniers ate\u00adliers, je me lance pour celui du 18 mars. Nous \u00e9tions 12\u2026 C\u2019est par\u00adti de ce scoop&nbsp;: \u00ab&nbsp;La danse ne s\u2019apprend pas&nbsp;\u00bb. Ce qui s\u2019apprend, c\u2019est la tech\u00adnique, un style. La danse, elle, se d\u00e9couvre et se d\u00e9ve\u00adloppe \u00e0&nbsp;par\u00adtir de cette d\u00e9cou\u00adverte. Nous avons donc vou\u00adlu exp\u00e9\u00adri\u00admen\u00adter ce qu\u2019il se passe lorsqu\u2019il n\u2019y a&nbsp;aucun sup\u00adport pr\u00e9\u00advu&nbsp;: consigne, th\u00e8me, musique ou autre. Cela [&hellip;]\" \/>\n<meta property=\"og:url\" content=\"https:\/\/www.leti.lt\/wordpress\/danseforum-lecontact\/\" \/>\n<meta property=\"og:site_name\" content=\"Le TILT\" \/>\n<meta property=\"article:published_time\" content=\"2020-02-16T14:30:32+00:00\" \/>\n<meta name=\"author\" content=\"Andr\u00e9ine Bel\" \/>\n<meta name=\"twitter:card\" content=\"summary_large_image\" \/>\n<meta name=\"twitter:label1\" content=\"\u00c9crit par\" \/>\n\t<meta name=\"twitter:data1\" content=\"Andr\u00e9ine Bel\" \/>\n\t<meta name=\"twitter:label2\" content=\"Dur\u00e9e de lecture estim\u00e9e\" \/>\n\t<meta name=\"twitter:data2\" content=\"7 minutes\" \/>\n<script type=\"application\/ld+json\" class=\"yoast-schema-graph\">{\"@context\":\"https:\\\/\\\/schema.org\",\"@graph\":[{\"@type\":\"Article\",\"@id\":\"https:\\\/\\\/www.leti.lt\\\/wordpress\\\/danseforum-lecontact\\\/#article\",\"isPartOf\":{\"@id\":\"https:\\\/\\\/www.leti.lt\\\/wordpress\\\/danseforum-lecontact\\\/\"},\"author\":{\"name\":\"Andr\u00e9ine Bel\",\"@id\":\"https:\\\/\\\/www.leti.lt\\\/wordpress\\\/#\\\/schema\\\/person\\\/9bb307b2af8fbb575bb3603e57951f75\"},\"headline\":\"Le contact\",\"datePublished\":\"2020-02-16T14:30:32+00:00\",\"mainEntityOfPage\":{\"@id\":\"https:\\\/\\\/www.leti.lt\\\/wordpress\\\/danseforum-lecontact\\\/\"},\"wordCount\":1493,\"commentCount\":0,\"keywords\":[\"DF_Lambesc\"],\"articleSection\":[\"Ateliers Lambesc\"],\"inLanguage\":\"fr-FR\",\"potentialAction\":[{\"@type\":\"CommentAction\",\"name\":\"Comment\",\"target\":[\"https:\\\/\\\/www.leti.lt\\\/wordpress\\\/danseforum-lecontact\\\/#respond\"]}]},{\"@type\":\"WebPage\",\"@id\":\"https:\\\/\\\/www.leti.lt\\\/wordpress\\\/danseforum-lecontact\\\/\",\"url\":\"https:\\\/\\\/www.leti.lt\\\/wordpress\\\/danseforum-lecontact\\\/\",\"name\":\"Le contact - Le TILT\",\"isPartOf\":{\"@id\":\"https:\\\/\\\/www.leti.lt\\\/wordpress\\\/#website\"},\"datePublished\":\"2020-02-16T14:30:32+00:00\",\"author\":{\"@id\":\"https:\\\/\\\/www.leti.lt\\\/wordpress\\\/#\\\/schema\\\/person\\\/9bb307b2af8fbb575bb3603e57951f75\"},\"breadcrumb\":{\"@id\":\"https:\\\/\\\/www.leti.lt\\\/wordpress\\\/danseforum-lecontact\\\/#breadcrumb\"},\"inLanguage\":\"fr-FR\",\"potentialAction\":[{\"@type\":\"ReadAction\",\"target\":[\"https:\\\/\\\/www.leti.lt\\\/wordpress\\\/danseforum-lecontact\\\/\"]}]},{\"@type\":\"BreadcrumbList\",\"@id\":\"https:\\\/\\\/www.leti.lt\\\/wordpress\\\/danseforum-lecontact\\\/#breadcrumb\",\"itemListElement\":[{\"@type\":\"ListItem\",\"position\":1,\"name\":\"Accueil\",\"item\":\"https:\\\/\\\/www.leti.lt\\\/wordpress\\\/\"},{\"@type\":\"ListItem\",\"position\":2,\"name\":\"Le contact\"}]},{\"@type\":\"WebSite\",\"@id\":\"https:\\\/\\\/www.leti.lt\\\/wordpress\\\/#website\",\"url\":\"https:\\\/\\\/www.leti.lt\\\/wordpress\\\/\",\"name\":\"Le TILT\",\"description\":\"Recherche, publication, cr\u00e9ation artistique\",\"potentialAction\":[{\"@type\":\"SearchAction\",\"target\":{\"@type\":\"EntryPoint\",\"urlTemplate\":\"https:\\\/\\\/www.leti.lt\\\/wordpress\\\/?s={search_term_string}\"},\"query-input\":{\"@type\":\"PropertyValueSpecification\",\"valueRequired\":true,\"valueName\":\"search_term_string\"}}],\"inLanguage\":\"fr-FR\"},{\"@type\":\"Person\",\"@id\":\"https:\\\/\\\/www.leti.lt\\\/wordpress\\\/#\\\/schema\\\/person\\\/9bb307b2af8fbb575bb3603e57951f75\",\"name\":\"Andr\u00e9ine Bel\",\"image\":{\"@type\":\"ImageObject\",\"inLanguage\":\"fr-FR\",\"@id\":\"https:\\\/\\\/secure.gravatar.com\\\/avatar\\\/4ab041ec7c7ad3b90293023e86528ec1a700ce2971ff61811b2df6b288dd1f38?s=96&d=identicon&r=g\",\"url\":\"https:\\\/\\\/secure.gravatar.com\\\/avatar\\\/4ab041ec7c7ad3b90293023e86528ec1a700ce2971ff61811b2df6b288dd1f38?s=96&d=identicon&r=g\",\"contentUrl\":\"https:\\\/\\\/secure.gravatar.com\\\/avatar\\\/4ab041ec7c7ad3b90293023e86528ec1a700ce2971ff61811b2df6b288dd1f38?s=96&d=identicon&r=g\",\"caption\":\"Andr\u00e9ine Bel\"},\"url\":\"https:\\\/\\\/www.leti.lt\\\/wordpress\\\/author\\\/andreine\\\/\"}]}<\/script>\n<!-- \/ Yoast SEO plugin. -->","yoast_head_json":{"title":"Le contact - Le TILT","robots":{"index":"index","follow":"follow","max-snippet":"max-snippet:-1","max-image-preview":"max-image-preview:large","max-video-preview":"max-video-preview:-1"},"canonical":"https:\/\/www.leti.lt\/wordpress\/danseforum-lecontact\/","og_locale":"fr_FR","og_type":"article","og_title":"Le contact - Le TILT","og_description":"Danse forum\u2192 Comptes-ren\u00addus des ate\u00adliers\u2192 Lam\u00adbesc !!Le contact \u2013 18 mars&nbsp;2006 Apr\u00e8s les superbes t\u00e9moi\u00adgnages sur les der\u00adniers ate\u00adliers, je me lance pour celui du 18 mars. Nous \u00e9tions 12\u2026 C\u2019est par\u00adti de ce scoop&nbsp;: \u00ab&nbsp;La danse ne s\u2019apprend pas&nbsp;\u00bb. Ce qui s\u2019apprend, c\u2019est la tech\u00adnique, un style. La danse, elle, se d\u00e9couvre et se d\u00e9ve\u00adloppe \u00e0&nbsp;par\u00adtir de cette d\u00e9cou\u00adverte. Nous avons donc vou\u00adlu exp\u00e9\u00adri\u00admen\u00adter ce qu\u2019il se passe lorsqu\u2019il n\u2019y a&nbsp;aucun sup\u00adport pr\u00e9\u00advu&nbsp;: consigne, th\u00e8me, musique ou autre. Cela [&hellip;]","og_url":"https:\/\/www.leti.lt\/wordpress\/danseforum-lecontact\/","og_site_name":"Le TILT","article_published_time":"2020-02-16T14:30:32+00:00","author":"Andr\u00e9ine Bel","twitter_card":"summary_large_image","twitter_misc":{"\u00c9crit par":"Andr\u00e9ine Bel","Dur\u00e9e de lecture estim\u00e9e":"7 minutes"},"schema":{"@context":"https:\/\/schema.org","@graph":[{"@type":"Article","@id":"https:\/\/www.leti.lt\/wordpress\/danseforum-lecontact\/#article","isPartOf":{"@id":"https:\/\/www.leti.lt\/wordpress\/danseforum-lecontact\/"},"author":{"name":"Andr\u00e9ine Bel","@id":"https:\/\/www.leti.lt\/wordpress\/#\/schema\/person\/9bb307b2af8fbb575bb3603e57951f75"},"headline":"Le contact","datePublished":"2020-02-16T14:30:32+00:00","mainEntityOfPage":{"@id":"https:\/\/www.leti.lt\/wordpress\/danseforum-lecontact\/"},"wordCount":1493,"commentCount":0,"keywords":["DF_Lambesc"],"articleSection":["Ateliers Lambesc"],"inLanguage":"fr-FR","potentialAction":[{"@type":"CommentAction","name":"Comment","target":["https:\/\/www.leti.lt\/wordpress\/danseforum-lecontact\/#respond"]}]},{"@type":"WebPage","@id":"https:\/\/www.leti.lt\/wordpress\/danseforum-lecontact\/","url":"https:\/\/www.leti.lt\/wordpress\/danseforum-lecontact\/","name":"Le contact - Le TILT","isPartOf":{"@id":"https:\/\/www.leti.lt\/wordpress\/#website"},"datePublished":"2020-02-16T14:30:32+00:00","author":{"@id":"https:\/\/www.leti.lt\/wordpress\/#\/schema\/person\/9bb307b2af8fbb575bb3603e57951f75"},"breadcrumb":{"@id":"https:\/\/www.leti.lt\/wordpress\/danseforum-lecontact\/#breadcrumb"},"inLanguage":"fr-FR","potentialAction":[{"@type":"ReadAction","target":["https:\/\/www.leti.lt\/wordpress\/danseforum-lecontact\/"]}]},{"@type":"BreadcrumbList","@id":"https:\/\/www.leti.lt\/wordpress\/danseforum-lecontact\/#breadcrumb","itemListElement":[{"@type":"ListItem","position":1,"name":"Accueil","item":"https:\/\/www.leti.lt\/wordpress\/"},{"@type":"ListItem","position":2,"name":"Le contact"}]},{"@type":"WebSite","@id":"https:\/\/www.leti.lt\/wordpress\/#website","url":"https:\/\/www.leti.lt\/wordpress\/","name":"Le TILT","description":"Recherche, publication, cr\u00e9ation artistique","potentialAction":[{"@type":"SearchAction","target":{"@type":"EntryPoint","urlTemplate":"https:\/\/www.leti.lt\/wordpress\/?s={search_term_string}"},"query-input":{"@type":"PropertyValueSpecification","valueRequired":true,"valueName":"search_term_string"}}],"inLanguage":"fr-FR"},{"@type":"Person","@id":"https:\/\/www.leti.lt\/wordpress\/#\/schema\/person\/9bb307b2af8fbb575bb3603e57951f75","name":"Andr\u00e9ine Bel","image":{"@type":"ImageObject","inLanguage":"fr-FR","@id":"https:\/\/secure.gravatar.com\/avatar\/4ab041ec7c7ad3b90293023e86528ec1a700ce2971ff61811b2df6b288dd1f38?s=96&d=identicon&r=g","url":"https:\/\/secure.gravatar.com\/avatar\/4ab041ec7c7ad3b90293023e86528ec1a700ce2971ff61811b2df6b288dd1f38?s=96&d=identicon&r=g","contentUrl":"https:\/\/secure.gravatar.com\/avatar\/4ab041ec7c7ad3b90293023e86528ec1a700ce2971ff61811b2df6b288dd1f38?s=96&d=identicon&r=g","caption":"Andr\u00e9ine Bel"},"url":"https:\/\/www.leti.lt\/wordpress\/author\/andreine\/"}]}},"_links":{"self":[{"href":"https:\/\/www.leti.lt\/wordpress\/wp-json\/wp\/v2\/posts\/150","targetHints":{"allow":["GET"]}}],"collection":[{"href":"https:\/\/www.leti.lt\/wordpress\/wp-json\/wp\/v2\/posts"}],"about":[{"href":"https:\/\/www.leti.lt\/wordpress\/wp-json\/wp\/v2\/types\/post"}],"author":[{"embeddable":true,"href":"https:\/\/www.leti.lt\/wordpress\/wp-json\/wp\/v2\/users\/2"}],"replies":[{"embeddable":true,"href":"https:\/\/www.leti.lt\/wordpress\/wp-json\/wp\/v2\/comments?post=150"}],"version-history":[{"count":0,"href":"https:\/\/www.leti.lt\/wordpress\/wp-json\/wp\/v2\/posts\/150\/revisions"}],"wp:attachment":[{"href":"https:\/\/www.leti.lt\/wordpress\/wp-json\/wp\/v2\/media?parent=150"}],"wp:term":[{"taxonomy":"category","embeddable":true,"href":"https:\/\/www.leti.lt\/wordpress\/wp-json\/wp\/v2\/categories?post=150"},{"taxonomy":"post_tag","embeddable":true,"href":"https:\/\/www.leti.lt\/wordpress\/wp-json\/wp\/v2\/tags?post=150"}],"curies":[{"name":"wp","href":"https:\/\/api.w.org\/{rel}","templated":true}]}}