{"id":149,"date":"2020-02-16T15:30:32","date_gmt":"2020-02-16T14:30:32","guid":{"rendered":"https:\/\/www.leti.lt\/wordpress\/?p=149"},"modified":"2020-06-10T23:55:53","modified_gmt":"2020-06-10T21:55:53","slug":"danseforum-lambesc","status":"publish","type":"post","link":"https:\/\/www.leti.lt\/wordpress\/danseforum-lambesc\/","title":{"rendered":"Lambesc"},"content":{"rendered":"\n<p><a href=\"https:\/\/www.leti.lt\/wordpress\/danseforum-danseforum\/\">Danse forum<\/a><br>\u2192 <a href=\"https:\/\/www.leti.lt\/wordpress\/danseforum-comptesrendusateliers\/\">Comptes-ren\u00addus des ate\u00adliers<\/a><br><br>!! Lam\u00adbesc 2005\u200a\u2013\u200a2009<br><br>*<a href=\"https:\/\/www.leti.lt\/wordpress\/danseforum-pliegoagorasuite\/\"> Le pli, l\u2019\u00e9go et l\u2019agora, suite \u2013 14 mars 2009<\/a><br>*<a href=\"https:\/\/www.leti.lt\/wordpress\/danseforum-pliegoagora\/\"> Le pli, l\u2019\u00e9go et l\u2019agora \u2013 14 mars 2009<\/a><br>*<a href=\"https:\/\/www.leti.lt\/wordpress\/danseforum-egoetagora\/\"> L\u2019ego et l\u2019agora, 7&nbsp;jan\u00advier 2009<\/a><br>*<a href=\"https:\/\/www.leti.lt\/wordpress\/danseforum-parcjourdan\/\"> Le parc Jour\u00addan \u2013 28 juin 2008<\/a><br>*<a href=\"https:\/\/www.leti.lt\/wordpress\/danseforum-dfmeta\/\"> La danse forum invite les pro\u00adta\u00adgo\u00adnistes m\u00e9ta \u2013 7&nbsp;juin 2008<\/a><br>*<a href=\"https:\/\/www.leti.lt\/wordpress\/danseforum-lefunambule\/\"> \u00ab&nbsp;Le Funam\u00adbule&nbsp;\u00bb de Jean Gen\u00eat \u2013 31 mai 2008<\/a><br>*<a href=\"https:\/\/www.leti.lt\/wordpress\/danseforum-centregravite\/\"> Le centre de gra\u00advi\u00adt\u00e9 \u2013 3&nbsp;mai 2008<\/a><br>*<a href=\"https:\/\/www.leti.lt\/wordpress\/danseforum-amitie\/\"> L\u2019amiti\u00e9 \u2013 26 avril 2008<\/a><br>*<a href=\"https:\/\/www.leti.lt\/wordpress\/danseforum-toutestexterieur\/\"> Tout est ext\u00e9\u00adrieur \u2013 19 avril 2008<\/a><br>*<a href=\"https:\/\/www.leti.lt\/wordpress\/danseforum-lesilence\/\"> Le silence \u2013 12 avril 2008<\/a><br>*<a href=\"https:\/\/www.leti.lt\/wordpress\/danseforum-lerapportexterieur\/\"> Les rap\u00adport \u00e0&nbsp;l\u2019ext\u00e9rieur \u2013 5&nbsp;avril 2008<\/a><br>*<a href=\"https:\/\/www.leti.lt\/wordpress\/danseforum-oscillation\/\"> L\u2019oscillation \u2013 22 mars 2008<\/a><br>*<a href=\"https:\/\/www.leti.lt\/wordpress\/danseforum-papillon\/\"> Le papillon \u2013 15 mars 2008<\/a><br>*<a href=\"https:\/\/www.leti.lt\/wordpress\/danseforum-entresensationsetemotions\/\"> Entre sen\u00adsa\u00adtions et \u00e9mo\u00adtions \u2013 1\u00b0mars 2008<\/a><br>*<a href=\"https:\/\/www.leti.lt\/wordpress\/danseforum-pressionetrelachement\/\"> Pres\u00adsion et rel\u00e2\u00adche\u00adment \u2013 2&nbsp;f\u00e9vrier 2008<\/a><br>*<a href=\"https:\/\/www.leti.lt\/wordpress\/danseforum-lapousseeetunbebe\/\"> La pous\u00ads\u00e9e et un b\u00e9b\u00e9 \u2013 26 jan\u00advier 2008<\/a><br>*<a href=\"https:\/\/www.leti.lt\/wordpress\/danseforum-levide\/\"> Le vide \u2013 12 jan\u00advier 2008<\/a><br>*<a href=\"https:\/\/www.leti.lt\/wordpress\/danseforum-ledenouement\/\"> Le d\u00e9noue\u00adment \u2013 8&nbsp;d\u00e9cembre 2007<\/a><br>*<a href=\"https:\/\/www.leti.lt\/wordpress\/danseforum-portesouvertes\/\"> Pre\u00admi\u00e8res portes ouvertes \u2013 24 novembre 2007<\/a><br>*<a href=\"https:\/\/www.leti.lt\/wordpress\/danseforum-lenveloppement\/\">L\u2019enveloppement \u2013 20 octobre 2007<\/a><br>*<a href=\"https:\/\/www.leti.lt\/wordpress\/danseforum-lafatigue\/\">La fatigue \u2013 13 octobre 2007<\/a><br>*<a href=\"https:\/\/www.leti.lt\/wordpress\/danseforum-seposer\/\">Se poser \u2013 6&nbsp;octobre 2007<\/a><br>*<a href=\"https:\/\/www.leti.lt\/wordpress\/danseforum-corpspleinsansorganes\/\"> Lien, \u00ab&nbsp;Le corps plein sans organes&nbsp;\u00bb \u2013 3&nbsp;octobre 2007<\/a><br>*<a href=\"https:\/\/www.leti.lt\/wordpress\/danseforum-linterieuretlexterieur\/\">L\u2019int\u00e9rieur et l\u2019ext\u00e9rieur \u2013 30 juin 2007<\/a><br>*<a href=\"https:\/\/www.leti.lt\/wordpress\/danseforum-louverture\/\">L\u2019ouverture \u2013 2&nbsp;juin 2007<\/a><br>*<a href=\"https:\/\/www.leti.lt\/wordpress\/danseforum-lesopposes\/\">Les Oppo\u00ads\u00e9s \u2013 26 mai 2007<\/a><br>*<a href=\"https:\/\/www.leti.lt\/wordpress\/danseforum-lasymetrie\/\">L\u2019asym\u00e9trie \u2013 19 mai 2007<\/a><br>*<a href=\"https:\/\/www.leti.lt\/wordpress\/danseforum-ledebutdequelquechose\/\">Le d\u00e9but de quelque chose \u2013 21 avril 2007<\/a><br>*<a href=\"https:\/\/www.leti.lt\/wordpress\/danseforum-levolontaire\/\">Le volon\u00adtaire \u2013 7&nbsp;avril 2007<\/a><br>*<a href=\"https:\/\/www.leti.lt\/wordpress\/danseforum-dialogue danse musique\/\">Dia\u00adlogue danse-musique \u2013 31 mars 2007<\/a><br>*<a href=\"https:\/\/www.leti.lt\/wordpress\/danseforum-variationsdansemusique\/\">Varia\u00adtions danse-musique \u2013 24 mars 2007<\/a><br>*<a href=\"https:\/\/www.leti.lt\/wordpress\/danseforum-lesyeux\/\">Les yeux \u2013 10 mars 2007<\/a><br>*<a href=\"https:\/\/www.leti.lt\/wordpress\/danseforum-loeiletlespace\/\">L\u2019\u0153il et l\u2019espace \u2013 3&nbsp;Mars 2007<\/a><br>*<a href=\"https:\/\/www.leti.lt\/wordpress\/danseforum-liberersansdisperser\/\">Lib\u00e9\u00adrer sans dis\u00adper\u00adser \u2013 24 f\u00e9vrier 2007<\/a><br>*<a href=\"https:\/\/www.leti.lt\/wordpress\/danseforum-debordement\/\">D\u00e9bor\u00adde\u00adment \u2013 17 f\u00e9vrier 2007<\/a><br>*<a href=\"https:\/\/www.leti.lt\/wordpress\/danseforum-rencontredansetheatreforum\/\">Ren\u00adcontre danse-th\u00e9\u00e2tre forum \u2013 3&nbsp;f\u00e9vrier 2007<\/a><br>*<a href=\"https:\/\/www.leti.lt\/wordpress\/danseforum-lenvahissement\/\">L\u2019envahissement \u2013 27 jan\u00advier 2007<\/a><br>*<a href=\"https:\/\/www.leti.lt\/wordpress\/danseforum-souvrirauxautres\/\">S\u2019ouvrir aux autres \u2013 20 jan\u00advier 2007<\/a><br>*<a href=\"https:\/\/www.leti.lt\/wordpress\/danseforum-lamefiance\/\">La m\u00e9fiance \u2013 13 jan\u00advier 2007<\/a><br>*<a href=\"https:\/\/www.leti.lt\/wordpress\/danseforum-labascule\/\">La bas\u00adcule \u2013 6&nbsp;jan\u00advier 2007<\/a><br>*<a href=\"https:\/\/www.leti.lt\/wordpress\/danseforum-lamarionnette\/\">La marion\u00adnette \u2013 16 d\u00e9cembre 2006<\/a><br>*<a href=\"https:\/\/www.leti.lt\/wordpress\/danseforum-lejugement\/\">Le juge\u00adment \u2013 9&nbsp;d\u00e9cembre 2006<\/a><br>*<a href=\"https:\/\/www.leti.lt\/wordpress\/danseforum-sesentirjuge\/\">Se sen\u00adtir jug\u00e9 \u2013 2&nbsp;d\u00e9cembre 2006<\/a><br>*<a href=\"https:\/\/www.leti.lt\/wordpress\/danseforum-musiqueetconditionnement\/\">Musique et condi\u00adtion\u00adne\u00adment \u2013 24 novembre 2006<\/a><br>*<a href=\"https:\/\/www.leti.lt\/wordpress\/danseforum-dansemusiqueetdansetheatre\/\">Danse-musique et danse-th\u00e9\u00e2tre \u2013 18 novembre 2006<\/a><br>*<a href=\"https:\/\/www.leti.lt\/wordpress\/danseforum-lemondedesemotions\/\">Le monde des \u00e9mo\u00adtions \u2013 11 novembre 2006<\/a><br>*<a href=\"https:\/\/www.leti.lt\/wordpress\/danseforum-sensationssurpierredetouche\/\">Sen\u00adsa\u00adtions sur pierre de touche \u2013 4&nbsp;novembre 2006<\/a><br>*<a href=\"https:\/\/www.leti.lt\/wordpress\/danseforum-typesdesensations\/\">Types de sen\u00adsa\u00adtions \u2013 28 octobre 2006<\/a><br>*<a href=\"https:\/\/www.leti.lt\/wordpress\/danseforum-sensationetauthenticite\/\">Sen\u00adsa\u00adtion et authen\u00adti\u00adci\u00adt\u00e9 \u2013 21 octobre 2006<\/a><br>*<a href=\"https:\/\/www.leti.lt\/wordpress\/danseforum-ledesequilibre\/\">Le d\u00e9s\u00ad\u00e9qui\u00adlibre \u2013 7&nbsp;octobre 2006<\/a><br>*<a href=\"https:\/\/www.leti.lt\/wordpress\/danseforum-trouversaplace\/\">Trou\u00adver sa place \u2013 25 juin 2006<\/a><br>*<a href=\"https:\/\/www.leti.lt\/wordpress\/danseforum-laconfiance\/\">La confiance \u2013 17 juin 2006<\/a><br>*<a href=\"https:\/\/www.leti.lt\/wordpress\/danseforum-lelien\/\">Le lien \u2013 3&nbsp;juin 2006<\/a><br>*<a href=\"https:\/\/www.leti.lt\/wordpress\/danseforum-rapportsalamusique\/\">Rap\u00adports \u00e0&nbsp;la musique \u2013 27 mai 2006<\/a><br>*<a href=\"https:\/\/www.leti.lt\/wordpress\/danseforum-pemieredanseforumpublique\/\">Pre\u00admi\u00e8re Danse forum publique \u2013 13 mai 2006<\/a><br>*<a href=\"https:\/\/www.leti.lt\/wordpress\/danseforum-lindecision\/\">L\u2019ind\u00e9cision \u2013 6&nbsp;mai 2006<\/a><br>*<a href=\"https:\/\/www.leti.lt\/wordpress\/danseforum-peinture\/\">Pein\u00adture \u2013 29 avril 2006<\/a><br>*<a href=\"https:\/\/www.leti.lt\/wordpress\/danseforum-nounoursdanssabulle\/\">Nou\u00adnours dans sa bulle \u2013 25 avril 2006<\/a><br>*<a href=\"https:\/\/www.leti.lt\/wordpress\/danseforum-laseparation\/\">La s\u00e9pa\u00adra\u00adtion et le poids \u2013 22 avril 2006<\/a><br>*<a href=\"https:\/\/www.leti.lt\/wordpress\/danseforum-lapression\/\">La pres\u00adsion \u2013 1\u00b0 avril 2006<\/a><br>*<a href=\"https:\/\/www.leti.lt\/wordpress\/danseforum-lecontact\/\">Le contact \u2013 18 mars 2006<\/a><br>*<a href=\"https:\/\/www.leti.lt\/wordpress\/danseforum-differentstemps\/\">Dif\u00adf\u00e9\u00adrents temps \u2013 11 mars 2006<\/a><br>*<a href=\"https:\/\/www.leti.lt\/wordpress\/danseforum-autonomie\/\">Auto\u00adno\u00admie \u2013 18 f\u00e9vrier 2006<\/a><br>*<a href=\"https:\/\/www.leti.lt\/wordpress\/danseforum-lametaorphose\/\">La m\u00e9ta\u00admor\u00adphose \u2013 11 f\u00e9vrier 2006<\/a><br>*<a href=\"https:\/\/www.leti.lt\/wordpress\/danseforum-lapeur\/\">La peur \u2013 4&nbsp;f\u00e9vrier 2006<\/a><br>*<a href=\"https:\/\/www.leti.lt\/wordpress\/danseforum-prendrelespace\/\">Prendre l\u2019espace \u2013 14 d\u00e9cembre 2005<\/a><br>*<a href=\"https:\/\/www.leti.lt\/wordpress\/danseforum-leregard\/\">Le regard \u2013 26 novembre 2005<\/a><br>*<a href=\"https:\/\/www.leti.lt\/wordpress\/danseforum-linfluence\/\">L\u2019influence \u2013 19 novembre 2005<\/a><\/p>\n<p style=\"color:green; text-align:right !important;\">Article cr\u00e9\u00e9 le 16\/02\/2020 \u2013 modi\u00adfi\u00e9 le 10\/06\/2020<\/p>","protected":false},"excerpt":{"rendered":"<p>Danse forum\u2192 Comptes-ren\u00ad\u00addus des ate\u00adliers !! Lam\u00adbesc 2005 \u2013 2009 * Le pli, l\u2019\u00e9go et l\u2019agora, suite \u2013 14 mars 2009* Le pli, l\u2019\u00e9go et l\u2019agora \u2013 14 mars 2009* L\u2019ego et l\u2019agora, 7&nbsp;jan\u00advier 2009* Le parc Jour\u00addan \u2013 28 juin 2008* La danse forum invite les pro\u00adta\u00adgo\u00adnistes m\u00e9ta \u2013 7&nbsp;juin 2008* \u00ab&nbsp;Le Funam\u00adbule&nbsp;\u00bb de Jean Gen\u00eat \u2013 31 mai 2008* Le centre de gra\u00advi\u00adt\u00e9 \u2013 3&nbsp;mai 2008* L\u2019amiti\u00e9 \u2013 26 avril 2008* Tout est ext\u00e9\u00adrieur \u2013 19 avril 2008* Le silence&nbsp;[\u2026]<\/p>\n","protected":false},"author":2,"featured_media":0,"comment_status":"open","ping_status":"open","sticky":false,"template":"","format":"standard","meta":{"wp_typography_post_enhancements_disabled":false,"footnotes":""},"categories":[184],"tags":[183],"class_list":["post-149","post","type-post","status-publish","format-standard","hentry","category-ateliers_lambesc","tag-df_ateliers"],"yoast_head":"<!-- This site is optimized with the Yoast SEO plugin v27.5 - https:\/\/yoast.com\/product\/yoast-seo-wordpress\/ -->\n<title>Lambesc - Le TILT<\/title>\n<meta name=\"robots\" content=\"index, follow, max-snippet:-1, max-image-preview:large, max-video-preview:-1\" \/>\n<link rel=\"canonical\" href=\"https:\/\/www.leti.lt\/wordpress\/danseforum-lambesc\/\" \/>\n<meta property=\"og:locale\" content=\"fr_FR\" \/>\n<meta property=\"og:type\" content=\"article\" \/>\n<meta property=\"og:title\" content=\"Lambesc - Le TILT\" \/>\n<meta property=\"og:description\" content=\"Danse forum\u2192 Comptes-ren\u00addus des ateliers !! Lam\u00adbesc 2005\u200a\u2013\u200a2009 * Le pli, l\u2019\u00e9go et l\u2019agora, suite \u2013 14 mars 2009* Le pli, l\u2019\u00e9go et l\u2019agora \u2013 14 mars 2009* L\u2019ego et l\u2019agora, 7&nbsp;jan\u00advier 2009* Le parc Jour\u00addan \u2013 28 juin 2008* La danse forum invite les pro\u00adta\u00adgo\u00adnistes m\u00e9ta \u2013 7&nbsp;juin 2008* \u00ab&nbsp;Le Funam\u00adbule&nbsp;\u00bb de Jean Gen\u00eat \u2013 31 mai 2008* Le centre de gra\u00advi\u00adt\u00e9 \u2013 3&nbsp;mai 2008* L\u2019amiti\u00e9 \u2013 26 avril 2008* Tout est ext\u00e9\u00adrieur \u2013 19 avril 2008* Le silence [&hellip;]\" \/>\n<meta property=\"og:url\" content=\"https:\/\/www.leti.lt\/wordpress\/danseforum-lambesc\/\" \/>\n<meta property=\"og:site_name\" content=\"Le TILT\" \/>\n<meta property=\"article:published_time\" content=\"2020-02-16T14:30:32+00:00\" \/>\n<meta property=\"article:modified_time\" content=\"2020-06-10T21:55:53+00:00\" \/>\n<meta name=\"author\" content=\"Andr\u00e9ine Bel\" \/>\n<meta name=\"twitter:card\" content=\"summary_large_image\" \/>\n<meta name=\"twitter:label1\" content=\"\u00c9crit par\" \/>\n\t<meta name=\"twitter:data1\" content=\"Andr\u00e9ine Bel\" \/>\n\t<meta name=\"twitter:label2\" content=\"Dur\u00e9e de lecture estim\u00e9e\" \/>\n\t<meta name=\"twitter:data2\" content=\"2 minutes\" \/>\n<script type=\"application\/ld+json\" class=\"yoast-schema-graph\">{\"@context\":\"https:\\\/\\\/schema.org\",\"@graph\":[{\"@type\":\"Article\",\"@id\":\"https:\\\/\\\/www.leti.lt\\\/wordpress\\\/danseforum-lambesc\\\/#article\",\"isPartOf\":{\"@id\":\"https:\\\/\\\/www.leti.lt\\\/wordpress\\\/danseforum-lambesc\\\/\"},\"author\":{\"name\":\"Andr\u00e9ine Bel\",\"@id\":\"https:\\\/\\\/www.leti.lt\\\/wordpress\\\/#\\\/schema\\\/person\\\/9bb307b2af8fbb575bb3603e57951f75\"},\"headline\":\"Lambesc\",\"datePublished\":\"2020-02-16T14:30:32+00:00\",\"dateModified\":\"2020-06-10T21:55:53+00:00\",\"mainEntityOfPage\":{\"@id\":\"https:\\\/\\\/www.leti.lt\\\/wordpress\\\/danseforum-lambesc\\\/\"},\"wordCount\":388,\"commentCount\":0,\"keywords\":[\"DF_ateliers\"],\"articleSection\":[\"Ateliers Lambesc\"],\"inLanguage\":\"fr-FR\",\"potentialAction\":[{\"@type\":\"CommentAction\",\"name\":\"Comment\",\"target\":[\"https:\\\/\\\/www.leti.lt\\\/wordpress\\\/danseforum-lambesc\\\/#respond\"]}]},{\"@type\":\"WebPage\",\"@id\":\"https:\\\/\\\/www.leti.lt\\\/wordpress\\\/danseforum-lambesc\\\/\",\"url\":\"https:\\\/\\\/www.leti.lt\\\/wordpress\\\/danseforum-lambesc\\\/\",\"name\":\"Lambesc - Le TILT\",\"isPartOf\":{\"@id\":\"https:\\\/\\\/www.leti.lt\\\/wordpress\\\/#website\"},\"datePublished\":\"2020-02-16T14:30:32+00:00\",\"dateModified\":\"2020-06-10T21:55:53+00:00\",\"author\":{\"@id\":\"https:\\\/\\\/www.leti.lt\\\/wordpress\\\/#\\\/schema\\\/person\\\/9bb307b2af8fbb575bb3603e57951f75\"},\"breadcrumb\":{\"@id\":\"https:\\\/\\\/www.leti.lt\\\/wordpress\\\/danseforum-lambesc\\\/#breadcrumb\"},\"inLanguage\":\"fr-FR\",\"potentialAction\":[{\"@type\":\"ReadAction\",\"target\":[\"https:\\\/\\\/www.leti.lt\\\/wordpress\\\/danseforum-lambesc\\\/\"]}]},{\"@type\":\"BreadcrumbList\",\"@id\":\"https:\\\/\\\/www.leti.lt\\\/wordpress\\\/danseforum-lambesc\\\/#breadcrumb\",\"itemListElement\":[{\"@type\":\"ListItem\",\"position\":1,\"name\":\"Accueil\",\"item\":\"https:\\\/\\\/www.leti.lt\\\/wordpress\\\/\"},{\"@type\":\"ListItem\",\"position\":2,\"name\":\"Lambesc\"}]},{\"@type\":\"WebSite\",\"@id\":\"https:\\\/\\\/www.leti.lt\\\/wordpress\\\/#website\",\"url\":\"https:\\\/\\\/www.leti.lt\\\/wordpress\\\/\",\"name\":\"Le TILT\",\"description\":\"Recherche, publication, cr\u00e9ation artistique\",\"potentialAction\":[{\"@type\":\"SearchAction\",\"target\":{\"@type\":\"EntryPoint\",\"urlTemplate\":\"https:\\\/\\\/www.leti.lt\\\/wordpress\\\/?s={search_term_string}\"},\"query-input\":{\"@type\":\"PropertyValueSpecification\",\"valueRequired\":true,\"valueName\":\"search_term_string\"}}],\"inLanguage\":\"fr-FR\"},{\"@type\":\"Person\",\"@id\":\"https:\\\/\\\/www.leti.lt\\\/wordpress\\\/#\\\/schema\\\/person\\\/9bb307b2af8fbb575bb3603e57951f75\",\"name\":\"Andr\u00e9ine Bel\",\"image\":{\"@type\":\"ImageObject\",\"inLanguage\":\"fr-FR\",\"@id\":\"https:\\\/\\\/secure.gravatar.com\\\/avatar\\\/4ab041ec7c7ad3b90293023e86528ec1a700ce2971ff61811b2df6b288dd1f38?s=96&d=identicon&r=g\",\"url\":\"https:\\\/\\\/secure.gravatar.com\\\/avatar\\\/4ab041ec7c7ad3b90293023e86528ec1a700ce2971ff61811b2df6b288dd1f38?s=96&d=identicon&r=g\",\"contentUrl\":\"https:\\\/\\\/secure.gravatar.com\\\/avatar\\\/4ab041ec7c7ad3b90293023e86528ec1a700ce2971ff61811b2df6b288dd1f38?s=96&d=identicon&r=g\",\"caption\":\"Andr\u00e9ine Bel\"},\"url\":\"https:\\\/\\\/www.leti.lt\\\/wordpress\\\/author\\\/andreine\\\/\"}]}<\/script>\n<!-- \/ Yoast SEO plugin. -->","yoast_head_json":{"title":"Lambesc - Le TILT","robots":{"index":"index","follow":"follow","max-snippet":"max-snippet:-1","max-image-preview":"max-image-preview:large","max-video-preview":"max-video-preview:-1"},"canonical":"https:\/\/www.leti.lt\/wordpress\/danseforum-lambesc\/","og_locale":"fr_FR","og_type":"article","og_title":"Lambesc - Le TILT","og_description":"Danse forum\u2192 Comptes-ren\u00addus des ateliers !! Lam\u00adbesc 2005\u200a\u2013\u200a2009 * Le pli, l\u2019\u00e9go et l\u2019agora, suite \u2013 14 mars 2009* Le pli, l\u2019\u00e9go et l\u2019agora \u2013 14 mars 2009* L\u2019ego et l\u2019agora, 7&nbsp;jan\u00advier 2009* Le parc Jour\u00addan \u2013 28 juin 2008* La danse forum invite les pro\u00adta\u00adgo\u00adnistes m\u00e9ta \u2013 7&nbsp;juin 2008* \u00ab&nbsp;Le Funam\u00adbule&nbsp;\u00bb de Jean Gen\u00eat \u2013 31 mai 2008* Le centre de gra\u00advi\u00adt\u00e9 \u2013 3&nbsp;mai 2008* L\u2019amiti\u00e9 \u2013 26 avril 2008* Tout est ext\u00e9\u00adrieur \u2013 19 avril 2008* Le silence [&hellip;]","og_url":"https:\/\/www.leti.lt\/wordpress\/danseforum-lambesc\/","og_site_name":"Le TILT","article_published_time":"2020-02-16T14:30:32+00:00","article_modified_time":"2020-06-10T21:55:53+00:00","author":"Andr\u00e9ine Bel","twitter_card":"summary_large_image","twitter_misc":{"\u00c9crit par":"Andr\u00e9ine Bel","Dur\u00e9e de lecture estim\u00e9e":"2 minutes"},"schema":{"@context":"https:\/\/schema.org","@graph":[{"@type":"Article","@id":"https:\/\/www.leti.lt\/wordpress\/danseforum-lambesc\/#article","isPartOf":{"@id":"https:\/\/www.leti.lt\/wordpress\/danseforum-lambesc\/"},"author":{"name":"Andr\u00e9ine Bel","@id":"https:\/\/www.leti.lt\/wordpress\/#\/schema\/person\/9bb307b2af8fbb575bb3603e57951f75"},"headline":"Lambesc","datePublished":"2020-02-16T14:30:32+00:00","dateModified":"2020-06-10T21:55:53+00:00","mainEntityOfPage":{"@id":"https:\/\/www.leti.lt\/wordpress\/danseforum-lambesc\/"},"wordCount":388,"commentCount":0,"keywords":["DF_ateliers"],"articleSection":["Ateliers Lambesc"],"inLanguage":"fr-FR","potentialAction":[{"@type":"CommentAction","name":"Comment","target":["https:\/\/www.leti.lt\/wordpress\/danseforum-lambesc\/#respond"]}]},{"@type":"WebPage","@id":"https:\/\/www.leti.lt\/wordpress\/danseforum-lambesc\/","url":"https:\/\/www.leti.lt\/wordpress\/danseforum-lambesc\/","name":"Lambesc - Le TILT","isPartOf":{"@id":"https:\/\/www.leti.lt\/wordpress\/#website"},"datePublished":"2020-02-16T14:30:32+00:00","dateModified":"2020-06-10T21:55:53+00:00","author":{"@id":"https:\/\/www.leti.lt\/wordpress\/#\/schema\/person\/9bb307b2af8fbb575bb3603e57951f75"},"breadcrumb":{"@id":"https:\/\/www.leti.lt\/wordpress\/danseforum-lambesc\/#breadcrumb"},"inLanguage":"fr-FR","potentialAction":[{"@type":"ReadAction","target":["https:\/\/www.leti.lt\/wordpress\/danseforum-lambesc\/"]}]},{"@type":"BreadcrumbList","@id":"https:\/\/www.leti.lt\/wordpress\/danseforum-lambesc\/#breadcrumb","itemListElement":[{"@type":"ListItem","position":1,"name":"Accueil","item":"https:\/\/www.leti.lt\/wordpress\/"},{"@type":"ListItem","position":2,"name":"Lambesc"}]},{"@type":"WebSite","@id":"https:\/\/www.leti.lt\/wordpress\/#website","url":"https:\/\/www.leti.lt\/wordpress\/","name":"Le TILT","description":"Recherche, publication, cr\u00e9ation artistique","potentialAction":[{"@type":"SearchAction","target":{"@type":"EntryPoint","urlTemplate":"https:\/\/www.leti.lt\/wordpress\/?s={search_term_string}"},"query-input":{"@type":"PropertyValueSpecification","valueRequired":true,"valueName":"search_term_string"}}],"inLanguage":"fr-FR"},{"@type":"Person","@id":"https:\/\/www.leti.lt\/wordpress\/#\/schema\/person\/9bb307b2af8fbb575bb3603e57951f75","name":"Andr\u00e9ine Bel","image":{"@type":"ImageObject","inLanguage":"fr-FR","@id":"https:\/\/secure.gravatar.com\/avatar\/4ab041ec7c7ad3b90293023e86528ec1a700ce2971ff61811b2df6b288dd1f38?s=96&d=identicon&r=g","url":"https:\/\/secure.gravatar.com\/avatar\/4ab041ec7c7ad3b90293023e86528ec1a700ce2971ff61811b2df6b288dd1f38?s=96&d=identicon&r=g","contentUrl":"https:\/\/secure.gravatar.com\/avatar\/4ab041ec7c7ad3b90293023e86528ec1a700ce2971ff61811b2df6b288dd1f38?s=96&d=identicon&r=g","caption":"Andr\u00e9ine Bel"},"url":"https:\/\/www.leti.lt\/wordpress\/author\/andreine\/"}]}},"_links":{"self":[{"href":"https:\/\/www.leti.lt\/wordpress\/wp-json\/wp\/v2\/posts\/149","targetHints":{"allow":["GET"]}}],"collection":[{"href":"https:\/\/www.leti.lt\/wordpress\/wp-json\/wp\/v2\/posts"}],"about":[{"href":"https:\/\/www.leti.lt\/wordpress\/wp-json\/wp\/v2\/types\/post"}],"author":[{"embeddable":true,"href":"https:\/\/www.leti.lt\/wordpress\/wp-json\/wp\/v2\/users\/2"}],"replies":[{"embeddable":true,"href":"https:\/\/www.leti.lt\/wordpress\/wp-json\/wp\/v2\/comments?post=149"}],"version-history":[{"count":1,"href":"https:\/\/www.leti.lt\/wordpress\/wp-json\/wp\/v2\/posts\/149\/revisions"}],"predecessor-version":[{"id":776,"href":"https:\/\/www.leti.lt\/wordpress\/wp-json\/wp\/v2\/posts\/149\/revisions\/776"}],"wp:attachment":[{"href":"https:\/\/www.leti.lt\/wordpress\/wp-json\/wp\/v2\/media?parent=149"}],"wp:term":[{"taxonomy":"category","embeddable":true,"href":"https:\/\/www.leti.lt\/wordpress\/wp-json\/wp\/v2\/categories?post=149"},{"taxonomy":"post_tag","embeddable":true,"href":"https:\/\/www.leti.lt\/wordpress\/wp-json\/wp\/v2\/tags?post=149"}],"curies":[{"name":"wp","href":"https:\/\/api.w.org\/{rel}","templated":true}]}}