{"id":148,"date":"2020-02-16T15:30:32","date_gmt":"2020-02-16T14:30:32","guid":{"rendered":"https:\/\/www.leti.lt\/wordpress\/?p=148"},"modified":"-0001-11-30T00:00:00","modified_gmt":"-0001-11-29T22:00:00","slug":"danseforum-latraceetlechemin","status":"publish","type":"post","link":"https:\/\/www.leti.lt\/wordpress\/danseforum-latraceetlechemin\/","title":{"rendered":"La trace et le chemin"},"content":{"rendered":"<p><a href=\"https:\/\/www.leti.lt\/wordpress\/danseforum-danseforum\/\">Danse forum<\/a><br>\u2192 <a href=\"https:\/\/www.leti.lt\/wordpress\/danseforum-comptesrendusateliers\/\">Comptes Ren\u00addus des Ate\u00adliers<\/a> \u2192 <a href=\"https:\/\/www.leti.lt\/wordpress\/danseforum-illeetvilaine\/\">Ille et Vilaine<\/a><br><br>!!La trace et le che\u00admin <b> Eclore\/se ramas\u00adser et cycle\/r\u00e9p\u00e9tition \u2013 28\u200a\u2013\u200a29\/11\/17<\/b><br><br>https:\/\/\u200bcol\u200blec\u200btif\u200bsans\u200btete\u200b.word\u200bpress\u200b.com\/\u200bl\u200ba\u200b-\u200bt\u200br\u200ba\u200bc\u200be\u200b-\u200be\u200bt\u200b-\u200bl\u200be\u200b-\u200bc\u200bh\u200be\u200bm\u200bi\u200bn\u200b-11\u200a\u2013\u200a11-17\/<br><br>Participant.e.s&nbsp;: L\u00e9a, Chris\u00adtian, Nico\u00adlas, Chlo\u00e9 (nou\u00advelle) et Her\u00adv\u00e9<br><br>R\u00e9dac\u00adtion du CR&nbsp;: Her\u00adv\u00e9<br><br><i>JOUR 1<\/i><br><br><b>Th\u00e8me r\u00e9flexif&nbsp;: la trace et le che\u00admin, c\u2019est-\u00e0-dire la trace qu\u2019on suit et la trace qu\u2019on laisse avec l\u2019id\u00e9e d\u2019avanc\u00e9e et d\u2019avancer.<\/b><br><br><b>Th\u00e8me sen\u00adsi\u00adtif&nbsp;: Eclore et se ramas\u00adser<\/b><br><br><i>TEMPS DE DANSE 1<\/i> \/ L\u00e9a tilte<br><br>L\u00e9a&nbsp;: est-ce qu\u2019il est pos\u00adsible de suivre sa propre trace ou est-ce qu\u2019on suit tou\u00adjours celle de ceux qui sont pas\u00ads\u00e9s avant&nbsp;?<br><br>Chris\u00adtian&nbsp;: j\u2019ai explo\u00adr\u00e9 le n\u00e9ant et la soli\u00adtude abso\u00adlue, quel che\u00admin prendre&nbsp;? Se suivre soi-m\u00eame. Reve\u00adnir \u00e0&nbsp;soi pour trou\u00adver un che\u00admin. Com\u00adment est-ce pos\u00adsible que reve\u00adnir \u00e0&nbsp;soi am\u00e8ne vers l\u2019ext\u00e9rieur et vers le mou\u00adve\u00adment&nbsp;?<br><br>Nico&nbsp;: tu as regar\u00add\u00e9 ta main et c\u2019est parce que tu la connais bien qu\u2019elle peut te gui\u00adder. Se deman\u00adder com\u00adment avan\u00adcer, \u00e7a per\u00admet de tra\u00adcer son propre che\u00admin. Pou\u00advoir s\u2019autoguider. Bien se connaitre pour pou\u00advoir s\u2019appuyer sur soi, moteur et garant de l\u2019avanc\u00e9e. Com\u00adment r\u00e9fl\u00e9\u00adchir sur com\u00adment avan\u00adcer&nbsp;? Qu\u2019est-ce bien avan\u00adcer&nbsp;? Com\u00adment choi\u00adsir ce qui est moteur chez nous&nbsp;?<br><br>Chris\u00adtian&nbsp;: j\u2019\u00e9tais plu\u00adt\u00f4t sur le th\u00e8me des sen\u00adsa\u00adtions. A&nbsp;la bat\u00adte\u00adrie, j\u2019\u00e9tais plu\u00adt\u00f4t sur un volume faible, ramas\u00ads\u00e9 et volume fort, \u00e9clo\u00adsion. Dans la danse, quel temps on prend pour per\u00adce\u00advoir la musique, la danse&nbsp;? Qu\u2019est-ce qui est per\u00adcep\u00adtible pour les autres sur un temps court et sur un temps long&nbsp;?<br><br>Her\u00adv\u00e9&nbsp;: je crois que j\u2019ai cher\u00adch\u00e9 ma trace. Ca m\u2019a pas mal per\u00adtur\u00adb\u00e9, j\u2019ai cher\u00adch\u00e9 un truc invi\u00adsible, avec la sen\u00adsa\u00adtion de trou\u00adver et de ne pas trou\u00adver \u00e0&nbsp;chaque ins\u00adtant. Etrange parce que je n\u2019\u00e9tais pas per\u00addu. Com\u00adment faire \u00e9clore un dia\u00adlogue \u00e9qui\u00adli\u00adbr\u00e9 entre intui\u00adtif et ration\u00adnel&nbsp;?<br><br>Chlo\u00e9&nbsp;: en se rat\u00adta\u00adchant \u00e0&nbsp;moi, je reprends contact avec ce qui me consti\u00adtue, mes nou\u00advelles traces res\u00adsem\u00adblant \u00e0&nbsp;moi. Les nou\u00advelles traces me diri\u00adgeant vers mes sem\u00adblables, ce qui me res\u00adsemble. sans cesse suivre des pistes qui donnent l\u2019impression de mener nulle part. Les pistes emprun\u00adt\u00e9es marquent mon corps. Com\u00adment se rendre compte qu\u2019on avance m\u00eame si on a&nbsp;l\u2019impression de par\u00adtir dans des direc\u00adtions sans cesse dif\u00adf\u00e9\u00adrentes&nbsp;?<br><br><i>TEMPS DE DANSE 2<\/i>&nbsp;: Her\u00adv\u00e9 tilte<br><br>Ecrits bruts<br><br>Notes du til\u00adteur&nbsp;: sc\u00e8ne vide, vierge, mais avec des traces. Acc\u00e9\u00adl\u00e9\u00adra\u00adtion des ryth\u00admiques. Les sons, la musique cr\u00e9ent un uni\u00advers sin\u00adgu\u00adlier. La danse peut-elle cr\u00e9er une atmo\u00adsph\u00e8re aus\u00adsi sin\u00adgu\u00adli\u00e8re si elle est dan\u00ads\u00e9e nue sans musique&nbsp;?<br><br><i>TEMPS DE DANSE 3<\/i>&nbsp;: Chris\u00adtian tilte<br><br>Chris\u00adtian&nbsp;: j\u2019ai aim\u00e9 la len\u00adteur. Des blancs par\u00adfois. Il y&nbsp;a eu moins de danse, c\u2019est pas mal quand il y&nbsp;a moins de danse, c\u2019est plus dra\u00adma\u00adtique. Le vide est plein, pas de rien. Poly\u00adpho\u00adnie. C\u2019est pas la pre\u00admi\u00e8re fois que j\u2019ai l\u2019impression que c\u2019est plus dra\u00adma\u00adtique quand je ne joue pas (de la bat\u00adte\u00adrie). Com\u00adment trou\u00adver la len\u00adteur sur des musiques plus vives&nbsp;?<br><br>Nico&nbsp;: je me suis mis \u00e0&nbsp;\u00e9crire et du coup j\u2019ai pas fait grand chose&nbsp;; Je trou\u00advais qu\u2019il y&nbsp;avait une lin\u00e9a\u00adri\u00adt\u00e9 dans le temps de danse&nbsp;; parce qu\u2019il y&nbsp;avait des moments de blanc, un che\u00admin com\u00admun mais avec des choses dif\u00adf\u00e9\u00adrentes sur le che\u00admin. Id\u00e9e d\u2019aller vers des choses petites qui arrivent \u00e0&nbsp;prendre leur place.<br><br>Chris\u00adtian&nbsp;: j\u2019ai l\u2019id\u00e9e d\u2019amener un autre set que la bat\u00adte\u00adrie pour aller dans ce sens l\u00e0.<br><br>Her\u00adv\u00e9&nbsp;: j\u2019ai l\u2019impression que le vide \u00e9tait plein de traces, de fan\u00adt\u00f4mes qui res\u00adsur\u00adgis\u00adsaient. L\u2019impression de ne pas \u00eatre tout seul, \u00e9trange mais agr\u00e9able. Le r\u00e9el, le plein et le mou\u00adve\u00adment. \u00ab&nbsp;Des\u00adtruc\u00adtion sur des\u00adtruc\u00adtion. L\u00e0 o\u00f9 la po\u00e9\u00adsie attaque les mots, l\u2019inconscient attaque les images mais un esprit plus secret encore cherche \u00e0&nbsp;recol\u00adler la sta\u00adtue.&nbsp;\u00bb Com\u00adment mieux \u00e9cou\u00adter l\u2019invisible et le vide plein&nbsp;?<br><br>Chlo\u00e9&nbsp;: j\u2019ai beau\u00adcoup obser\u00adv\u00e9. Com\u00adment je peux suivre mon che\u00admin dans un envi\u00adron\u00adne\u00adment et un contexte qui me per\u00adturbe&nbsp;? Est-ce que la com\u00admu\u00adni\u00adca\u00adtion est illu\u00adsoire&nbsp;?<br><br>L\u00e9a&nbsp;: comme une par\u00adti\u00adtion. Le silence fait par\u00adti de la par\u00adti\u00adtion. Un fil qui se d\u00e9roule. Quel niveau de com\u00admu\u00adni\u00adca\u00adtion&nbsp;? En tous cas l\u2019impression d\u2019\u00eatre sur une his\u00adtoire com\u00admune.<br><br>Chris\u00adtian&nbsp;: habi\u00adter le silence.<br><br>L\u00e9a&nbsp;: est-ce que l\u2019\u00e9tat de sen\u00adsi\u00adbi\u00adli\u00adt\u00e9 \u00e0&nbsp;un envi\u00adron\u00adne\u00adment com\u00admun est une forme d\u2019interaction&nbsp;?<br><br><i>TEMPS DE DANSE 4<\/i><br><br>L\u00e9a&nbsp;: est-ce que d\u2019\u00eatre ensemble dans un m\u00eame endroit, cela n\u2019est-il pas suf\u00adfi\u00adsant pour cr\u00e9er une connexion, parce qu\u2019elle existe de fait&nbsp;?<br><br>Nico&nbsp;: est-ce qu\u2019\u00e9clore am\u00e8ne un nou\u00advel \u00e9tat&nbsp;? Est-ce qu\u2019il y&nbsp;a des des\u00adti\u00adna\u00adtions au bout du che\u00admin&nbsp;?<br><br><i>JOUR 2<\/i><br><br>M\u00eame th\u00e8me r\u00e9flexif.<br><br><b>Th\u00e8me sen\u00adsi\u00adtif&nbsp;: Cycle \/ R\u00e9p\u00e9\u00adti\u00adtion<\/b><br><br><i>TEMPS DE DANSE 1<\/i>&nbsp;: Her\u00adv\u00e9 tilte<br><br>Ques\u00adtions du til\u00adteur&nbsp;: je me pose la ques\u00adtion de faire de la pho\u00adto quand on est en impro\u2026 Com\u00adment faire dia\u00adlo\u00adguer cet art avec les autres pen\u00addant l\u2019impro&nbsp;? (r\u00e9ponse&nbsp;: en le mon\u00adtrant avec l\u2019\u00e9cran du PC). Ques\u00adtion \u00e0&nbsp;Chris\u00adtian&nbsp;: com\u00adment tu res\u00adsens le th\u00e8me dans la musique&nbsp;?<br><br>Chris\u00adtian&nbsp;: la trace se construit dans la dur\u00e9e de cycle et r\u00e9p\u00e9\u00adti\u00adtion. J\u2019ai fonc\u00adtion\u00adn\u00e9 plus sur la sen\u00adsa\u00adtion que sur l\u2019intellect.<br><br>L\u00e9a&nbsp;: je vis les sen\u00adsa\u00adtions du r\u00eave \u00e9veill\u00e9, c\u2019est-\u00e0-dire dans la danse. J\u2019\u00e9tais clai\u00adre\u00adment dans le r\u00eave, le fait de vivre mes sen\u00adsa\u00adtions du r\u00eave consciem\u00adment, est-ce que \u00e7a peut \u00eatre un che\u00admin pour bri\u00adser le cycle&nbsp;?<br><br>Nico&nbsp;: ma fa\u00e7on de prendre des pho\u00adtos est pas mal affec\u00adt\u00e9e par les th\u00e8mes, je fais des r\u00e9glages \u00e0&nbsp;l\u2019instinct, sans me poser de ques\u00adtions, sans cher\u00adcher \u00e0&nbsp;com\u00adpo\u00adser la pho\u00adto, mais j\u2019essaye de voir ce que je peux cap\u00adter avec l\u2019objectif. Quand est-ce que je prends du recul par rap\u00adport \u00e0&nbsp;ce que je viens de faire&nbsp;? Par rap\u00adport au texte \u00e9crit (par Nico) pen\u00addant l\u2019impro, ce sont les traces de son ima\u00adgi\u00adnaire qui ont \u00e9t\u00e9 impac\u00adt\u00e9es pen\u00addant les temps de danse. Com\u00adment les traces dans la m\u00e9moire col\u00adlec\u00adtive peuvent se mani\u00adfes\u00adter dans les moyens d\u2019expressions&nbsp;?<br><br>Chris\u00adtian&nbsp;: dans la musique, avec les gongs, j\u2019ai tou\u00adjours une pul\u00adsa\u00adtion, mais pas de cycle, cela joue sur la notion de r\u00eave, ce qui dilue un peu l\u2019aspect ryth\u00admique.<br><br>Chlo\u00e9&nbsp;: ce qui me frappe c\u2019est l\u2019apparence du milieu. Int\u00e9\u00adres\u00adsant&nbsp;: com\u00adment je peux m\u2019approprier la r\u00e9cep\u00adtion d\u2019un texte dans mon corps&nbsp;? Com\u00adment je suis phy\u00adsi\u00adque\u00adment un che\u00admin imma\u00adt\u00e9\u00adriel auquel je donne corps&nbsp;?<br><br><i>TEMPS DE DANSE 2<\/i>&nbsp;: Nico tilte<br><br>Ecrits bruts<br><br><i>TEMPS DE DANSE 3&nbsp;: <\/i> L\u00e9a tilte<br><br>L\u00e9a&nbsp;: appa\u00adreil photo\/projet blair\u00adwitch. C\u2019est la pre\u00admi\u00e8re fois que je suis autant dans la danse en \u00e9tant til\u00adteuse.<br><br>Her\u00adv\u00e9&nbsp;: tr\u00e8s ritua\u00adli\u00ads\u00e9, sus\u00adpense, ten\u00adsion cr\u00e9e par le rythme. Quelqu\u2019un qui approche mais qui n\u2019arrive jamais. Je cher\u00adchais ma trace. J\u2019ai trou\u00adv\u00e9 des traces mais je ne les ai pas sui\u00advies. Empor\u00adt\u00e9 par toutes ces traces. Archet&nbsp;: traces cos\u00admiques. Tor\u00adsion de l\u2019espace. En quoi est-il pos\u00adsible de suivre la trace&nbsp;?<br><br>Nico&nbsp;: j\u2019ai dan\u00ads\u00e9 au d\u00e9but dans un cycle englu\u00e9, ten\u00adta\u00adtive d\u2019en sor\u00adtir mais pas pos\u00adsible. Quand on a&nbsp;des obs\u00adtacles pos\u00e9s par des gens, quel choix fait-on&nbsp;? Qu\u2019est-ce qu\u2019on en fait&nbsp;? La cloi\u00adson (mobile de la salle de danse) prend de la place, com\u00adment je m\u2019en sers&nbsp;? Pour\u00adquoi les traces des autres sont-elles des appuis&nbsp;? Est-ce qu\u2019il est illu\u00adsoire de pen\u00adser qu\u2019on est plus auto\u00adnome quand on \u00e9vite de mar\u00adcher dans les traces de quelqu\u2019un&nbsp;?<br><br>Chris\u00adtian&nbsp;: Nico, quand tu es inter\u00adve\u00adnu sur les gongs pen\u00addant les cym\u00adbales, \u00e7a m\u2019a per\u00admis d\u2019entendre les deux.<br><br>Chlo\u00e9&nbsp;: est-ce que je peux tra\u00adcer un che\u00admin de liber\u00adt\u00e9 mal\u00adgr\u00e9 l\u2019influence de mon envi\u00adron\u00adne\u00adment&nbsp;?<br><br><i>TEMPS DE DANSE 4<\/i>&nbsp;: Her\u00adv\u00e9 tilte<br><br>Chlo\u00e9&nbsp;: aller cherche quelque chose en moi que je r\u00e9p\u00e8te peut m\u2019ouvrir un che\u00admin, \u00e7a laisse des traces visibles par d\u2019autres et ils peuvent ain\u00adsi me rejoindre sur un che\u00admin. Com\u00adment \u00e7a se fait que la r\u00e9p\u00e9\u00adti\u00adtion peut per\u00admettre d\u2019avancer&nbsp;?<br><br>Nico&nbsp;: je r\u00e9p\u00e8te un texte der\u00adri\u00e8re le gong pour ne pas qu\u2019on me voit. Est-ce que se pr\u00e9\u00adpa\u00adrer, ce n\u2019est pas d\u00e9j\u00e0 ce qu\u2019on avait pr\u00e9\u00advu de faire&nbsp;? Quand on d\u00e9cide de prendre un che\u00admin, n\u2019est-on pas d\u00e9j\u00e0 en train d\u2019avancer sur le che\u00admin&nbsp;?<br><br>L\u00e9a&nbsp;: \u00e7a me fait du bien de temps en temps une dose de n\u2019importe quoi. En fait je cherche la trace\/chemin de ton rire, c\u2019est une trace que je dois suivre.<br><br><i>BILAN<\/i><br><br>Nico&nbsp;: il y&nbsp;a de plus en plus de matu\u00adri\u00adt\u00e9 entre nous par rap\u00adport \u00e0&nbsp;la pra\u00adtique, je me sens plus \u00e0&nbsp;l\u2019aise qu\u2019au d\u00e9but.<br><br>L\u00e9a&nbsp;: je suis d\u2019accord, on est \u00e0&nbsp;l\u2019aise dans l\u2019exp\u00e9rimentation.<br><br>Chris\u00adtian&nbsp;: le th\u00e8me sen\u00adsi\u00adtif de same\u00addi (\u00e9clore &amp;&nbsp;se ramas\u00adser) m\u2019a per\u00admis d\u2019exp\u00e9rimenter d\u2019autres mani\u00e8res de jouer dans la dur\u00e9e. Ce qui est impor\u00adtant en DF c\u2019est de pou\u00advoir \u00eatre. C\u2019est un espace de liber\u00adt\u00e9 rare dans notre soci\u00e9\u00adt\u00e9. Ce genre d\u2019\u00eelots de liber\u00adt\u00e9 est \u00e0&nbsp;pr\u00e9\u00adser\u00adver. Sur\u00adtout que cha\u00adcun peut faire le che\u00admin qui lui est propre et \u00e7a c\u2019est vrai\u00adment impor\u00adtant dans notre monde.<br><br>Nico&nbsp;: est-ce que je peux me per\u00admettre de faire ou pas&nbsp;? Ce qui me plait dans la DF, c\u2019est qu\u2019on ne se pose m\u00eame pas la ques\u00adtion.<br><br>Chlo\u00e9&nbsp;: c\u2019est une riche d\u00e9cou\u00adverte, riche d\u2019apprentissage. Je me sens bien int\u00e9\u00adgr\u00e9e. Je me pose des ques\u00adtions sur l\u2019accessibilit\u00e9 de cette pra\u00adtique pour des gens qui ne sont pas artistes. Je me demande si c\u2019est fai\u00adsable dans la rue&nbsp;? Com\u00adment l\u2019adapter \u00e0&nbsp;l\u2019espace public&nbsp;?<\/p><p style=\"color:green; text-align:right !important;\">Article cr\u00e9\u00e9 le 16\/02\/2020<\/p>","protected":false},"excerpt":{"rendered":"<p>Danse forum\u2192 Comptes Ren\u00addus des Ate\u00adliers \u2192 Ille et Vilaine !!La trace et le che\u00admin Eclore\/se ramas\u00adser et cycle\/r\u00e9p\u00e9tition \u2013 28 \u2013 29\/11\/17 https:\/\/\u200bcol\u200blec\u200btif\u200bsans\u200btete\u200b.word\u200bpress\u200b.com\/\u200bl\u200ba\u200b\u2013\u200at\u200br\u200ba\u200bc\u200be\u200b\u2013\u200ae\u200bt\u200b\u2013\u200al\u200be\u200b\u2013\u200ac\u200bh\u200be\u200bm\u200bi\u200bn\u200b-11 \u2013 11\u200a\u2013\u200a17\/ Participant.e.s&nbsp;: L\u00e9a, Chris\u00adtian, Nico\u00adlas, Chlo\u00e9 (nou\u00advelle) et&nbsp;Her\u00adv\u00e9 R\u00e9dac\u00adtion du CR&nbsp;: Her\u00adv\u00e9 JOUR 1&nbsp;Th\u00e8me r\u00e9flexif&nbsp;: la trace et le che\u00admin, c\u2019est-\u00e0-dire la trace qu\u2019on suit et la trace qu\u2019on laisse avec l\u2019id\u00e9e d\u2019avanc\u00e9e et d\u2019avancer. Th\u00e8me sen\u00adsi\u00adtif&nbsp;: Eclore et se ramas\u00adser TEMPS DE DANSE 1 \/ L\u00e9a&nbsp;tilte L\u00e9a&nbsp;: est-ce qu\u2019il est pos\u00adsible de suivre sa propre trace&nbsp;ou&nbsp;[\u2026]<\/p>\n","protected":false},"author":2,"featured_media":0,"comment_status":"open","ping_status":"open","sticky":false,"template":"","format":"standard","meta":{"wp_typography_post_enhancements_disabled":false,"footnotes":""},"categories":[181],"tags":[207],"class_list":["post-148","post","type-post","status-publish","format-standard","hentry","category-ateliers_ille-et-vilaine","tag-df_illeetvilaine"],"yoast_head":"<!-- This site is optimized with the Yoast SEO plugin v27.5 - https:\/\/yoast.com\/product\/yoast-seo-wordpress\/ -->\n<title>La trace et le chemin - Le TILT<\/title>\n<meta name=\"robots\" content=\"index, follow, max-snippet:-1, max-image-preview:large, max-video-preview:-1\" \/>\n<link rel=\"canonical\" href=\"https:\/\/www.leti.lt\/wordpress\/danseforum-latraceetlechemin\/\" \/>\n<meta property=\"og:locale\" content=\"fr_FR\" \/>\n<meta property=\"og:type\" content=\"article\" \/>\n<meta property=\"og:title\" content=\"La trace et le chemin - Le TILT\" \/>\n<meta property=\"og:description\" content=\"Danse forum\u2192 Comptes Ren\u00addus des Ate\u00adliers \u2192 Ille et Vilaine !!La trace et le che\u00admin Eclore\/se ramas\u00adser et cycle\/r\u00e9p\u00e9tition \u2013 28\u200a\u2013\u200a29\/11\/17 https:\/\/\u200bcol\u200blec\u200btif\u200bsans\u200btete\u200b.word\u200bpress\u200b.com\/\u200bl\u200ba\u200b-\u200bt\u200br\u200ba\u200bc\u200be\u200b-\u200be\u200bt\u200b-\u200bl\u200be\u200b-\u200bc\u200bh\u200be\u200bm\u200bi\u200bn\u200b-11\u200a\u2013\u200a11-17\/ Participant.e.s&nbsp;: L\u00e9a, Chris\u00adtian, Nico\u00adlas, Chlo\u00e9 (nou\u00advelle) et&nbsp;Herv\u00e9 R\u00e9dac\u00adtion du CR&nbsp;: Herv\u00e9 JOUR 1 Th\u00e8me r\u00e9flexif&nbsp;: la trace et le che\u00admin, c\u2019est-\u00e0-dire la trace qu\u2019on suit et la trace qu\u2019on laisse avec l\u2019id\u00e9e d\u2019avanc\u00e9e et d\u2019avancer. Th\u00e8me sen\u00adsi\u00adtif&nbsp;: Eclore et se ramasser TEMPS DE DANSE 1 \/ L\u00e9a&nbsp;tilte L\u00e9a&nbsp;: est-ce qu\u2019il est pos\u00adsible de suivre sa propre trace ou [&hellip;]\" \/>\n<meta property=\"og:url\" content=\"https:\/\/www.leti.lt\/wordpress\/danseforum-latraceetlechemin\/\" \/>\n<meta property=\"og:site_name\" content=\"Le TILT\" \/>\n<meta property=\"article:published_time\" content=\"2020-02-16T14:30:32+00:00\" \/>\n<meta name=\"author\" content=\"Andr\u00e9ine Bel\" \/>\n<meta name=\"twitter:card\" content=\"summary_large_image\" \/>\n<meta name=\"twitter:label1\" content=\"\u00c9crit par\" \/>\n\t<meta name=\"twitter:data1\" content=\"Andr\u00e9ine Bel\" \/>\n\t<meta name=\"twitter:label2\" content=\"Dur\u00e9e de lecture estim\u00e9e\" \/>\n\t<meta name=\"twitter:data2\" content=\"8 minutes\" \/>\n<script type=\"application\/ld+json\" class=\"yoast-schema-graph\">{\"@context\":\"https:\\\/\\\/schema.org\",\"@graph\":[{\"@type\":\"Article\",\"@id\":\"https:\\\/\\\/www.leti.lt\\\/wordpress\\\/danseforum-latraceetlechemin\\\/#article\",\"isPartOf\":{\"@id\":\"https:\\\/\\\/www.leti.lt\\\/wordpress\\\/danseforum-latraceetlechemin\\\/\"},\"author\":{\"name\":\"Andr\u00e9ine Bel\",\"@id\":\"https:\\\/\\\/www.leti.lt\\\/wordpress\\\/#\\\/schema\\\/person\\\/9bb307b2af8fbb575bb3603e57951f75\"},\"headline\":\"La trace et le chemin\",\"datePublished\":\"2020-02-16T14:30:32+00:00\",\"mainEntityOfPage\":{\"@id\":\"https:\\\/\\\/www.leti.lt\\\/wordpress\\\/danseforum-latraceetlechemin\\\/\"},\"wordCount\":1700,\"commentCount\":0,\"keywords\":[\"DF_IlleEtVilaine\"],\"articleSection\":[\"Ateliers Ille-et-Vilaine\"],\"inLanguage\":\"fr-FR\",\"potentialAction\":[{\"@type\":\"CommentAction\",\"name\":\"Comment\",\"target\":[\"https:\\\/\\\/www.leti.lt\\\/wordpress\\\/danseforum-latraceetlechemin\\\/#respond\"]}]},{\"@type\":\"WebPage\",\"@id\":\"https:\\\/\\\/www.leti.lt\\\/wordpress\\\/danseforum-latraceetlechemin\\\/\",\"url\":\"https:\\\/\\\/www.leti.lt\\\/wordpress\\\/danseforum-latraceetlechemin\\\/\",\"name\":\"La trace et le chemin - Le TILT\",\"isPartOf\":{\"@id\":\"https:\\\/\\\/www.leti.lt\\\/wordpress\\\/#website\"},\"datePublished\":\"2020-02-16T14:30:32+00:00\",\"author\":{\"@id\":\"https:\\\/\\\/www.leti.lt\\\/wordpress\\\/#\\\/schema\\\/person\\\/9bb307b2af8fbb575bb3603e57951f75\"},\"breadcrumb\":{\"@id\":\"https:\\\/\\\/www.leti.lt\\\/wordpress\\\/danseforum-latraceetlechemin\\\/#breadcrumb\"},\"inLanguage\":\"fr-FR\",\"potentialAction\":[{\"@type\":\"ReadAction\",\"target\":[\"https:\\\/\\\/www.leti.lt\\\/wordpress\\\/danseforum-latraceetlechemin\\\/\"]}]},{\"@type\":\"BreadcrumbList\",\"@id\":\"https:\\\/\\\/www.leti.lt\\\/wordpress\\\/danseforum-latraceetlechemin\\\/#breadcrumb\",\"itemListElement\":[{\"@type\":\"ListItem\",\"position\":1,\"name\":\"Accueil\",\"item\":\"https:\\\/\\\/www.leti.lt\\\/wordpress\\\/\"},{\"@type\":\"ListItem\",\"position\":2,\"name\":\"La trace et le chemin\"}]},{\"@type\":\"WebSite\",\"@id\":\"https:\\\/\\\/www.leti.lt\\\/wordpress\\\/#website\",\"url\":\"https:\\\/\\\/www.leti.lt\\\/wordpress\\\/\",\"name\":\"Le TILT\",\"description\":\"Recherche, publication, cr\u00e9ation artistique\",\"potentialAction\":[{\"@type\":\"SearchAction\",\"target\":{\"@type\":\"EntryPoint\",\"urlTemplate\":\"https:\\\/\\\/www.leti.lt\\\/wordpress\\\/?s={search_term_string}\"},\"query-input\":{\"@type\":\"PropertyValueSpecification\",\"valueRequired\":true,\"valueName\":\"search_term_string\"}}],\"inLanguage\":\"fr-FR\"},{\"@type\":\"Person\",\"@id\":\"https:\\\/\\\/www.leti.lt\\\/wordpress\\\/#\\\/schema\\\/person\\\/9bb307b2af8fbb575bb3603e57951f75\",\"name\":\"Andr\u00e9ine Bel\",\"image\":{\"@type\":\"ImageObject\",\"inLanguage\":\"fr-FR\",\"@id\":\"https:\\\/\\\/secure.gravatar.com\\\/avatar\\\/4ab041ec7c7ad3b90293023e86528ec1a700ce2971ff61811b2df6b288dd1f38?s=96&d=identicon&r=g\",\"url\":\"https:\\\/\\\/secure.gravatar.com\\\/avatar\\\/4ab041ec7c7ad3b90293023e86528ec1a700ce2971ff61811b2df6b288dd1f38?s=96&d=identicon&r=g\",\"contentUrl\":\"https:\\\/\\\/secure.gravatar.com\\\/avatar\\\/4ab041ec7c7ad3b90293023e86528ec1a700ce2971ff61811b2df6b288dd1f38?s=96&d=identicon&r=g\",\"caption\":\"Andr\u00e9ine Bel\"},\"url\":\"https:\\\/\\\/www.leti.lt\\\/wordpress\\\/author\\\/andreine\\\/\"}]}<\/script>\n<!-- \/ Yoast SEO plugin. -->","yoast_head_json":{"title":"La trace et le chemin - Le TILT","robots":{"index":"index","follow":"follow","max-snippet":"max-snippet:-1","max-image-preview":"max-image-preview:large","max-video-preview":"max-video-preview:-1"},"canonical":"https:\/\/www.leti.lt\/wordpress\/danseforum-latraceetlechemin\/","og_locale":"fr_FR","og_type":"article","og_title":"La trace et le chemin - Le TILT","og_description":"Danse forum\u2192 Comptes Ren\u00addus des Ate\u00adliers \u2192 Ille et Vilaine !!La trace et le che\u00admin Eclore\/se ramas\u00adser et cycle\/r\u00e9p\u00e9tition \u2013 28\u200a\u2013\u200a29\/11\/17 https:\/\/\u200bcol\u200blec\u200btif\u200bsans\u200btete\u200b.word\u200bpress\u200b.com\/\u200bl\u200ba\u200b-\u200bt\u200br\u200ba\u200bc\u200be\u200b-\u200be\u200bt\u200b-\u200bl\u200be\u200b-\u200bc\u200bh\u200be\u200bm\u200bi\u200bn\u200b-11\u200a\u2013\u200a11-17\/ Participant.e.s&nbsp;: L\u00e9a, Chris\u00adtian, Nico\u00adlas, Chlo\u00e9 (nou\u00advelle) et&nbsp;Herv\u00e9 R\u00e9dac\u00adtion du CR&nbsp;: Herv\u00e9 JOUR 1 Th\u00e8me r\u00e9flexif&nbsp;: la trace et le che\u00admin, c\u2019est-\u00e0-dire la trace qu\u2019on suit et la trace qu\u2019on laisse avec l\u2019id\u00e9e d\u2019avanc\u00e9e et d\u2019avancer. Th\u00e8me sen\u00adsi\u00adtif&nbsp;: Eclore et se ramasser TEMPS DE DANSE 1 \/ L\u00e9a&nbsp;tilte L\u00e9a&nbsp;: est-ce qu\u2019il est pos\u00adsible de suivre sa propre trace ou [&hellip;]","og_url":"https:\/\/www.leti.lt\/wordpress\/danseforum-latraceetlechemin\/","og_site_name":"Le TILT","article_published_time":"2020-02-16T14:30:32+00:00","author":"Andr\u00e9ine Bel","twitter_card":"summary_large_image","twitter_misc":{"\u00c9crit par":"Andr\u00e9ine Bel","Dur\u00e9e de lecture estim\u00e9e":"8 minutes"},"schema":{"@context":"https:\/\/schema.org","@graph":[{"@type":"Article","@id":"https:\/\/www.leti.lt\/wordpress\/danseforum-latraceetlechemin\/#article","isPartOf":{"@id":"https:\/\/www.leti.lt\/wordpress\/danseforum-latraceetlechemin\/"},"author":{"name":"Andr\u00e9ine Bel","@id":"https:\/\/www.leti.lt\/wordpress\/#\/schema\/person\/9bb307b2af8fbb575bb3603e57951f75"},"headline":"La trace et le chemin","datePublished":"2020-02-16T14:30:32+00:00","mainEntityOfPage":{"@id":"https:\/\/www.leti.lt\/wordpress\/danseforum-latraceetlechemin\/"},"wordCount":1700,"commentCount":0,"keywords":["DF_IlleEtVilaine"],"articleSection":["Ateliers Ille-et-Vilaine"],"inLanguage":"fr-FR","potentialAction":[{"@type":"CommentAction","name":"Comment","target":["https:\/\/www.leti.lt\/wordpress\/danseforum-latraceetlechemin\/#respond"]}]},{"@type":"WebPage","@id":"https:\/\/www.leti.lt\/wordpress\/danseforum-latraceetlechemin\/","url":"https:\/\/www.leti.lt\/wordpress\/danseforum-latraceetlechemin\/","name":"La trace et le chemin - Le TILT","isPartOf":{"@id":"https:\/\/www.leti.lt\/wordpress\/#website"},"datePublished":"2020-02-16T14:30:32+00:00","author":{"@id":"https:\/\/www.leti.lt\/wordpress\/#\/schema\/person\/9bb307b2af8fbb575bb3603e57951f75"},"breadcrumb":{"@id":"https:\/\/www.leti.lt\/wordpress\/danseforum-latraceetlechemin\/#breadcrumb"},"inLanguage":"fr-FR","potentialAction":[{"@type":"ReadAction","target":["https:\/\/www.leti.lt\/wordpress\/danseforum-latraceetlechemin\/"]}]},{"@type":"BreadcrumbList","@id":"https:\/\/www.leti.lt\/wordpress\/danseforum-latraceetlechemin\/#breadcrumb","itemListElement":[{"@type":"ListItem","position":1,"name":"Accueil","item":"https:\/\/www.leti.lt\/wordpress\/"},{"@type":"ListItem","position":2,"name":"La trace et le chemin"}]},{"@type":"WebSite","@id":"https:\/\/www.leti.lt\/wordpress\/#website","url":"https:\/\/www.leti.lt\/wordpress\/","name":"Le TILT","description":"Recherche, publication, cr\u00e9ation artistique","potentialAction":[{"@type":"SearchAction","target":{"@type":"EntryPoint","urlTemplate":"https:\/\/www.leti.lt\/wordpress\/?s={search_term_string}"},"query-input":{"@type":"PropertyValueSpecification","valueRequired":true,"valueName":"search_term_string"}}],"inLanguage":"fr-FR"},{"@type":"Person","@id":"https:\/\/www.leti.lt\/wordpress\/#\/schema\/person\/9bb307b2af8fbb575bb3603e57951f75","name":"Andr\u00e9ine Bel","image":{"@type":"ImageObject","inLanguage":"fr-FR","@id":"https:\/\/secure.gravatar.com\/avatar\/4ab041ec7c7ad3b90293023e86528ec1a700ce2971ff61811b2df6b288dd1f38?s=96&d=identicon&r=g","url":"https:\/\/secure.gravatar.com\/avatar\/4ab041ec7c7ad3b90293023e86528ec1a700ce2971ff61811b2df6b288dd1f38?s=96&d=identicon&r=g","contentUrl":"https:\/\/secure.gravatar.com\/avatar\/4ab041ec7c7ad3b90293023e86528ec1a700ce2971ff61811b2df6b288dd1f38?s=96&d=identicon&r=g","caption":"Andr\u00e9ine Bel"},"url":"https:\/\/www.leti.lt\/wordpress\/author\/andreine\/"}]}},"_links":{"self":[{"href":"https:\/\/www.leti.lt\/wordpress\/wp-json\/wp\/v2\/posts\/148","targetHints":{"allow":["GET"]}}],"collection":[{"href":"https:\/\/www.leti.lt\/wordpress\/wp-json\/wp\/v2\/posts"}],"about":[{"href":"https:\/\/www.leti.lt\/wordpress\/wp-json\/wp\/v2\/types\/post"}],"author":[{"embeddable":true,"href":"https:\/\/www.leti.lt\/wordpress\/wp-json\/wp\/v2\/users\/2"}],"replies":[{"embeddable":true,"href":"https:\/\/www.leti.lt\/wordpress\/wp-json\/wp\/v2\/comments?post=148"}],"version-history":[{"count":0,"href":"https:\/\/www.leti.lt\/wordpress\/wp-json\/wp\/v2\/posts\/148\/revisions"}],"wp:attachment":[{"href":"https:\/\/www.leti.lt\/wordpress\/wp-json\/wp\/v2\/media?parent=148"}],"wp:term":[{"taxonomy":"category","embeddable":true,"href":"https:\/\/www.leti.lt\/wordpress\/wp-json\/wp\/v2\/categories?post=148"},{"taxonomy":"post_tag","embeddable":true,"href":"https:\/\/www.leti.lt\/wordpress\/wp-json\/wp\/v2\/tags?post=148"}],"curies":[{"name":"wp","href":"https:\/\/api.w.org\/{rel}","templated":true}]}}