{"id":147,"date":"2020-02-16T15:30:32","date_gmt":"2020-02-16T14:30:32","guid":{"rendered":"https:\/\/www.leti.lt\/wordpress\/?p=147"},"modified":"-0001-11-30T00:00:00","modified_gmt":"-0001-11-29T22:00:00","slug":"danseforum-laseparation","status":"publish","type":"post","link":"https:\/\/www.leti.lt\/wordpress\/danseforum-laseparation\/","title":{"rendered":"La s\u00e9paration"},"content":{"rendered":"<p><a href=\"https:\/\/www.leti.lt\/wordpress\/danseforum-danseforum\/\">Danse forum<\/a><br>\u2192 <a href=\"https:\/\/www.leti.lt\/wordpress\/danseforum-comptesrendusateliers\/\">Comptes-ren\u00addus des ate\u00adliers<\/a><br>\u2192 <a href=\"https:\/\/www.leti.lt\/wordpress\/danseforum-lambesc\/\">Lam\u00adbesc<\/a><br><br>!!La s\u00e9pa\u00adra\u00adtion et le poids \u2013 22 avril 2006<br><br>Les besoins de cha\u00adcun \u00e9taient dif\u00adf\u00e9\u00adrents&nbsp;: dou\u00adleurs, ten\u00adsions, sor\u00adtir de l\u2019\u00e9motionnel, pres\u00adsions. Ils se situaient \u00e0&nbsp;tous les niveaux&nbsp;: phy\u00adsique, men\u00adtal, \u00e9mo\u00adtion\u00adnel. Nous avons loca\u00adli\u00ads\u00e9 nos besoins cor\u00adpo\u00adrel\u00adle\u00adment&nbsp;: le bas du dos, la nuque et les \u00e9paules, le ventre, la t\u00eate. Puis nous avons mis en contact ces par\u00adties cor\u00adpo\u00adrelles avec au choix&nbsp;: le sol, les murs, ou l\u2019air. La consigne \u00e9tait de juste voir ce qui se passe au niveau du mou\u00adve\u00adment.<br><br>Sur la musique Sibe\u00adlius&nbsp;: Pel\u00adl\u00e9as et M\u00e9li\u00adsande, cela a&nbsp;don\u00adn\u00e9 de petits miracles&nbsp;: s\u2019autoriser des mou\u00adve\u00adments incon\u00adnus et sur\u00adpre\u00adnants, explo\u00adrer cette liber\u00adt\u00e9, lais\u00adser faire les choses qui ne demandent qu\u2019\u00e0 se mettre en place toutes seules, obser\u00adver la pr\u00e9\u00adci\u00adsion et l\u2019intelligence des mou\u00adve\u00adments qui viennent spon\u00adta\u00adn\u00e9\u00adment, sen\u00adtir leur bien\u00adfait pro\u00adfond.<br><br>Je pour\u00adrais dire que c\u2019\u00e9tait comme si de r\u00e9pondre aux besoins imm\u00e9\u00addiats et locaux, don\u00adnait des r\u00e9ponses pour le long terme et la glo\u00adba\u00adli\u00adt\u00e9.<br><br>Les murs (capi\u00adton\u00adn\u00e9s de tata\u00admis), une fois de plus, nous ont sur\u00adpris. Comme le sol, ils donnent un appui stable et s\u00e9cu\u00adri\u00adsant, mais de plus ils sont ver\u00adti\u00adcaux. La ver\u00adti\u00adca\u00adli\u00adt\u00e9 est li\u00e9e \u00e0&nbsp;ce qui est construit, se qui pousse, gran\u00addit et meurt, ce qui ins\u00adpire et aspire. Trou\u00adver un appui stable sur cette ver\u00adti\u00adca\u00adli\u00adt\u00e9 \u00e9tait une \u00e9mo\u00adtion au sens pre\u00admier du terme, quelque chose qui \u00ab&nbsp;met en mou\u00adve\u00adment vers\u2026 \u00bb.<br><br>Quand \u00e0&nbsp;trou\u00adver un appui stable sur deux murs qui se ren\u00adcontrent en for\u00admant un coin, c\u2019est une \u00e9mo\u00adtion qui sub\u00admerge.<br><br>Du sol \u00e0&nbsp;un mur, puis \u00e0&nbsp;deux murs en angle droit, il y&nbsp;a une liber\u00adt\u00e9 d\u2019amplitude qui se res\u00adtreint sur trois dimen\u00adsions. Mais la diver\u00adsi\u00adt\u00e9 des mou\u00adve\u00adments s\u2019en trouve accrue, nous per\u00admet\u00adtant d\u2019explorer des com\u00adbi\u00adnai\u00adsons ges\u00adtuelles impos\u00adsibles sans ces appuis et cette s\u00e9cu\u00adri\u00adt\u00e9.<br><br>Nous \u00e9tions ici bien loin des murs qui enferment. Cela nous a&nbsp;plu\u00adt\u00f4t ren\u00advoy\u00e9s aux bancs de l\u2019\u00e9cole, o\u00f9 l\u2019on est \u00ab&nbsp;puni au coin&nbsp;\u00bb&nbsp;: l\u2019humiliation envers les autres enfants, et en m\u00eame temps le bon\u00adheur de \u00ab&nbsp;se retrou\u00adver avec soi&nbsp;\u00bb.<br><br>Les limites \u00e0&nbsp;l\u2019enfant, ne seraient-elles pas n\u00e9ces\u00adsaires parce qu\u2019en fait elles lui donnent des appuis&nbsp;?<br><br>Le th\u00e8me choi\u00adsi pour le forum a&nbsp;\u00e9t\u00e9 la s\u00e9pa\u00adra\u00adtion en liai\u00adson avec le poids. Com\u00adment deux \u00eatres, qui comptent l\u2019un sur l\u2019autre comme d\u2019un appui stable, se s\u00e9parent, et qu\u2019est-ce qu\u2019il advient alors&nbsp;?<br><br>Un pre\u00admier couple s\u2019y est essay\u00e9. La s\u00e9pa\u00adra\u00adtion a&nbsp;\u00e9t\u00e9 facile, mais avec son lot de d\u00e9sta\u00adbi\u00adli\u00adsa\u00adtion, qui a&nbsp;repous\u00ads\u00e9 sou\u00advent les pro\u00adta\u00adgo\u00adnistes l\u2019un vers l\u2019autre, mais par\u00adfois aus\u00adsi leur per\u00admet\u00adtant de s\u2019envoler.<br><br>Le deuxi\u00e8me couple s\u2019est mis men\u00adta\u00adle\u00adment dans le r\u00f4le de la s\u00e9pa\u00adra\u00adtion, avec cette part d\u2019enveloppement ou de s\u00e9duc\u00adtion de l\u2019autre qui per\u00addure par\u00adfois. Les gestes et atti\u00adtudes illus\u00adtraient le pro\u00adpos, comme ceux d\u2019un th\u00e9\u00e2tre nar\u00adra\u00adtif sans voix. Nous avons tou\u00adch\u00e9 du doigt cette grande dif\u00adfi\u00adcul\u00adt\u00e9 de ne pas faire de la danse un th\u00e9\u00e2tre muet, quand on \u00ab&nbsp;veut&nbsp;\u00bb dire quelque chose \u00e0&nbsp;tra\u00advers la danse.<br><br>Nous sommes retour\u00adn\u00e9s \u00e0&nbsp;la sen\u00adsa\u00adtion imm\u00e9\u00addiate, comme guide ges\u00adtuel. [Une sen\u00adsa\u00adtion imm\u00e9\u00addiate n\u2019est pas une sen\u00adsa\u00adtion venue du ciel, par hasard. C\u2019est qu\u2019elle chose qui s\u2019est construit au fil de notre vie, mais qui s\u2019actualise \u00e0&nbsp;un ins\u00adtant T, en fonc\u00adtion de tous les \u00e9l\u00e9\u00adments en pr\u00e9\u00adsence.]<br><br>Et \u00ab&nbsp;cela&nbsp;\u00bb a&nbsp;eu lieu. L\u2019un pesait sur l\u2019autre, trop. La s\u00e9pa\u00adra\u00adtion a&nbsp;\u00e9t\u00e9 rapide, l\u2019effondrement de celui qui pesait aus\u00adsi. A&nbsp;par\u00adtir de l\u00e0, les spec\u00adta\u00adteurs ont vu deux his\u00adtoires dif\u00adf\u00e9\u00adrentes. Pour les uns, l\u2019homme \u00e0&nbsp;terre fai\u00adsait son pos\u00adsible pour retrou\u00adver le contact, pr\u00e9\u00adsen\u00adter des solu\u00adtions, mais \u00e9tait sans cesse re-l\u00e2ch\u00e9. Pour les autres, la femme jouis\u00adsait de sa liber\u00adt\u00e9 retrou\u00adv\u00e9e, mais ne vou\u00adlait pas lui nuire ni se d\u00e9tour\u00adner de lui. Aus\u00adsi, elle pr\u00e9\u00adsen\u00adtait des appuis l\u2019invitant \u00e0&nbsp;se redres\u00adser seul. Elle se refu\u00adsait \u00e0&nbsp;lui \u00ab&nbsp;prendre la main&nbsp;\u00bb.<br><br>Quelque soit l\u2019angle de lec\u00adture, l\u2019homme a&nbsp;fini par retrou\u00adver sa ver\u00adti\u00adca\u00adli\u00adt\u00e9 seul, en tour\u00adnant le dos \u00e0&nbsp;la femme.<br><br>Cer\u00adtains spec\u00adta\u00addan\u00adseurs \u00e9taient pr\u00eats \u00e0&nbsp;inter\u00adve\u00adnir, juste avant le d\u00e9noue\u00adment.<br><br>Nous avons fait un der\u00adnier essai. Le qua\u00adtri\u00e8me couple \u00e9tait \u00e0&nbsp;poids \u00e9gal, mais s\u2019est s\u00e9pa\u00adr\u00e9. La danse (Fado de Mari\u00adza) \u00e9tait plus forte, le couple se retrou\u00advait sou\u00advent. Un pre\u00admier spec\u00adta\u00addan\u00adseur est entr\u00e9 en sc\u00e8ne, offrant un appui \u00e0&nbsp;celle qui s\u2019\u00e9tait s\u00e9pa\u00adr\u00e9e de sa propre volon\u00adt\u00e9. Un deuxi\u00e8me spec\u00adta\u00addan\u00adseur est entr\u00e9 pr\u00e9\u00adsen\u00adtant son corps comme un appui stable et soli\u00adtaire, vienne qui veut. Celle qui \u00e9tait par\u00adtie est venue \u00e0&nbsp;lui et a&nbsp;explo\u00adr\u00e9 dif\u00adf\u00e9\u00adrentes formes d\u2019appuis&nbsp;: s\u2019appuyer sur un mou\u00adve\u00adment, sur une id\u00e9e que signi\u00adfie le mou\u00adve\u00adment, adh\u00e9\u00adrer \u00e0&nbsp;cette id\u00e9e. Modu\u00adler les appuis, qu\u2019ils cir\u00adculent de l\u2019un \u00e0&nbsp;l\u2019autre au fil des besoins. Se mettre au niveau de l\u2019autre mais sans le tou\u00adcher et remon\u00adter avec lui, sans prendre appui, cha\u00adcun par ses propres forces.<br><br>Une chose \u00e9ton\u00adnante, que nous avons r\u00e9a\u00adli\u00ads\u00e9e&nbsp;: m\u00eame sans vou\u00adloir dire quelque chose, la danse raconte aus\u00adsi bien que le th\u00e9\u00e2tre.<br><br>Andr\u00e9ine Bel<\/p><p style=\"color:green; text-align:right !important;\">Article cr\u00e9\u00e9 le 16\/02\/2020<\/p>","protected":false},"excerpt":{"rendered":"<p>Danse forum\u2192 Comptes-ren\u00ad\u00addus des ate\u00adliers\u2192 Lam\u00adbesc !!La s\u00e9pa\u00adra\u00adtion et le poids \u2013 22 avril&nbsp;2006 Les besoins de cha\u00adcun \u00e9taient dif\u00adf\u00e9\u00adrents&nbsp;: dou\u00adleurs, ten\u00adsions, sor\u00adtir de l\u2019\u00e9motionnel, pres\u00adsions. Ils se situaient \u00e0&nbsp;tous les niveaux&nbsp;: phy\u00adsique, men\u00adtal, \u00e9mo\u00adtion\u00adnel. Nous avons loca\u00adli\u00ads\u00e9 nos besoins cor\u00adpo\u00adrel\u00adle\u00adment&nbsp;: le bas du dos, la nuque et les \u00e9paules, le ventre, la t\u00eate. Puis nous avons mis en contact ces par\u00adties cor\u00adpo\u00adrelles avec au choix&nbsp;: le sol, les murs, ou l\u2019air. La consigne \u00e9tait de juste voir ce&nbsp;qui&nbsp;[\u2026]<\/p>\n","protected":false},"author":2,"featured_media":0,"comment_status":"open","ping_status":"open","sticky":false,"template":"","format":"standard","meta":{"wp_typography_post_enhancements_disabled":false,"footnotes":""},"categories":[184],"tags":[208],"class_list":["post-147","post","type-post","status-publish","format-standard","hentry","category-ateliers_lambesc","tag-df_lambesc"],"yoast_head":"<!-- This site is optimized with the Yoast SEO plugin v27.5 - https:\/\/yoast.com\/product\/yoast-seo-wordpress\/ -->\n<title>La s\u00e9paration - Le TILT<\/title>\n<meta name=\"robots\" content=\"index, follow, max-snippet:-1, max-image-preview:large, max-video-preview:-1\" \/>\n<link rel=\"canonical\" href=\"https:\/\/www.leti.lt\/wordpress\/danseforum-laseparation\/\" \/>\n<meta property=\"og:locale\" content=\"fr_FR\" \/>\n<meta property=\"og:type\" content=\"article\" \/>\n<meta property=\"og:title\" content=\"La s\u00e9paration - Le TILT\" \/>\n<meta property=\"og:description\" content=\"Danse forum\u2192 Comptes-ren\u00addus des ate\u00adliers\u2192 Lam\u00adbesc !!La s\u00e9pa\u00adra\u00adtion et le poids \u2013 22 avril&nbsp;2006 Les besoins de cha\u00adcun \u00e9taient dif\u00adf\u00e9\u00adrents&nbsp;: dou\u00adleurs, ten\u00adsions, sor\u00adtir de l\u2019\u00e9motionnel, pres\u00adsions. Ils se situaient \u00e0&nbsp;tous les niveaux&nbsp;: phy\u00adsique, men\u00adtal, \u00e9mo\u00adtion\u00adnel. Nous avons loca\u00adli\u00ads\u00e9 nos besoins cor\u00adpo\u00adrel\u00adle\u00adment&nbsp;: le bas du dos, la nuque et les \u00e9paules, le ventre, la t\u00eate. Puis nous avons mis en contact ces par\u00adties cor\u00adpo\u00adrelles avec au choix&nbsp;: le sol, les murs, ou l\u2019air. La consigne \u00e9tait de juste voir ce qui [&hellip;]\" \/>\n<meta property=\"og:url\" content=\"https:\/\/www.leti.lt\/wordpress\/danseforum-laseparation\/\" \/>\n<meta property=\"og:site_name\" content=\"Le TILT\" \/>\n<meta property=\"article:published_time\" content=\"2020-02-16T14:30:32+00:00\" \/>\n<meta name=\"author\" content=\"Andr\u00e9ine Bel\" \/>\n<meta name=\"twitter:card\" content=\"summary_large_image\" \/>\n<meta name=\"twitter:label1\" content=\"\u00c9crit par\" \/>\n\t<meta name=\"twitter:data1\" content=\"Andr\u00e9ine Bel\" \/>\n\t<meta name=\"twitter:label2\" content=\"Dur\u00e9e de lecture estim\u00e9e\" \/>\n\t<meta name=\"twitter:data2\" content=\"4 minutes\" \/>\n<script type=\"application\/ld+json\" class=\"yoast-schema-graph\">{\"@context\":\"https:\\\/\\\/schema.org\",\"@graph\":[{\"@type\":\"Article\",\"@id\":\"https:\\\/\\\/www.leti.lt\\\/wordpress\\\/danseforum-laseparation\\\/#article\",\"isPartOf\":{\"@id\":\"https:\\\/\\\/www.leti.lt\\\/wordpress\\\/danseforum-laseparation\\\/\"},\"author\":{\"name\":\"Andr\u00e9ine Bel\",\"@id\":\"https:\\\/\\\/www.leti.lt\\\/wordpress\\\/#\\\/schema\\\/person\\\/9bb307b2af8fbb575bb3603e57951f75\"},\"headline\":\"La s\u00e9paration\",\"datePublished\":\"2020-02-16T14:30:32+00:00\",\"mainEntityOfPage\":{\"@id\":\"https:\\\/\\\/www.leti.lt\\\/wordpress\\\/danseforum-laseparation\\\/\"},\"wordCount\":897,\"commentCount\":0,\"keywords\":[\"DF_Lambesc\"],\"articleSection\":[\"Ateliers Lambesc\"],\"inLanguage\":\"fr-FR\",\"potentialAction\":[{\"@type\":\"CommentAction\",\"name\":\"Comment\",\"target\":[\"https:\\\/\\\/www.leti.lt\\\/wordpress\\\/danseforum-laseparation\\\/#respond\"]}]},{\"@type\":\"WebPage\",\"@id\":\"https:\\\/\\\/www.leti.lt\\\/wordpress\\\/danseforum-laseparation\\\/\",\"url\":\"https:\\\/\\\/www.leti.lt\\\/wordpress\\\/danseforum-laseparation\\\/\",\"name\":\"La s\u00e9paration - Le TILT\",\"isPartOf\":{\"@id\":\"https:\\\/\\\/www.leti.lt\\\/wordpress\\\/#website\"},\"datePublished\":\"2020-02-16T14:30:32+00:00\",\"author\":{\"@id\":\"https:\\\/\\\/www.leti.lt\\\/wordpress\\\/#\\\/schema\\\/person\\\/9bb307b2af8fbb575bb3603e57951f75\"},\"breadcrumb\":{\"@id\":\"https:\\\/\\\/www.leti.lt\\\/wordpress\\\/danseforum-laseparation\\\/#breadcrumb\"},\"inLanguage\":\"fr-FR\",\"potentialAction\":[{\"@type\":\"ReadAction\",\"target\":[\"https:\\\/\\\/www.leti.lt\\\/wordpress\\\/danseforum-laseparation\\\/\"]}]},{\"@type\":\"BreadcrumbList\",\"@id\":\"https:\\\/\\\/www.leti.lt\\\/wordpress\\\/danseforum-laseparation\\\/#breadcrumb\",\"itemListElement\":[{\"@type\":\"ListItem\",\"position\":1,\"name\":\"Accueil\",\"item\":\"https:\\\/\\\/www.leti.lt\\\/wordpress\\\/\"},{\"@type\":\"ListItem\",\"position\":2,\"name\":\"La s\u00e9paration\"}]},{\"@type\":\"WebSite\",\"@id\":\"https:\\\/\\\/www.leti.lt\\\/wordpress\\\/#website\",\"url\":\"https:\\\/\\\/www.leti.lt\\\/wordpress\\\/\",\"name\":\"Le TILT\",\"description\":\"Recherche, publication, cr\u00e9ation artistique\",\"potentialAction\":[{\"@type\":\"SearchAction\",\"target\":{\"@type\":\"EntryPoint\",\"urlTemplate\":\"https:\\\/\\\/www.leti.lt\\\/wordpress\\\/?s={search_term_string}\"},\"query-input\":{\"@type\":\"PropertyValueSpecification\",\"valueRequired\":true,\"valueName\":\"search_term_string\"}}],\"inLanguage\":\"fr-FR\"},{\"@type\":\"Person\",\"@id\":\"https:\\\/\\\/www.leti.lt\\\/wordpress\\\/#\\\/schema\\\/person\\\/9bb307b2af8fbb575bb3603e57951f75\",\"name\":\"Andr\u00e9ine Bel\",\"image\":{\"@type\":\"ImageObject\",\"inLanguage\":\"fr-FR\",\"@id\":\"https:\\\/\\\/secure.gravatar.com\\\/avatar\\\/4ab041ec7c7ad3b90293023e86528ec1a700ce2971ff61811b2df6b288dd1f38?s=96&d=identicon&r=g\",\"url\":\"https:\\\/\\\/secure.gravatar.com\\\/avatar\\\/4ab041ec7c7ad3b90293023e86528ec1a700ce2971ff61811b2df6b288dd1f38?s=96&d=identicon&r=g\",\"contentUrl\":\"https:\\\/\\\/secure.gravatar.com\\\/avatar\\\/4ab041ec7c7ad3b90293023e86528ec1a700ce2971ff61811b2df6b288dd1f38?s=96&d=identicon&r=g\",\"caption\":\"Andr\u00e9ine Bel\"},\"url\":\"https:\\\/\\\/www.leti.lt\\\/wordpress\\\/author\\\/andreine\\\/\"}]}<\/script>\n<!-- \/ Yoast SEO plugin. -->","yoast_head_json":{"title":"La s\u00e9paration - Le TILT","robots":{"index":"index","follow":"follow","max-snippet":"max-snippet:-1","max-image-preview":"max-image-preview:large","max-video-preview":"max-video-preview:-1"},"canonical":"https:\/\/www.leti.lt\/wordpress\/danseforum-laseparation\/","og_locale":"fr_FR","og_type":"article","og_title":"La s\u00e9paration - Le TILT","og_description":"Danse forum\u2192 Comptes-ren\u00addus des ate\u00adliers\u2192 Lam\u00adbesc !!La s\u00e9pa\u00adra\u00adtion et le poids \u2013 22 avril&nbsp;2006 Les besoins de cha\u00adcun \u00e9taient dif\u00adf\u00e9\u00adrents&nbsp;: dou\u00adleurs, ten\u00adsions, sor\u00adtir de l\u2019\u00e9motionnel, pres\u00adsions. Ils se situaient \u00e0&nbsp;tous les niveaux&nbsp;: phy\u00adsique, men\u00adtal, \u00e9mo\u00adtion\u00adnel. Nous avons loca\u00adli\u00ads\u00e9 nos besoins cor\u00adpo\u00adrel\u00adle\u00adment&nbsp;: le bas du dos, la nuque et les \u00e9paules, le ventre, la t\u00eate. Puis nous avons mis en contact ces par\u00adties cor\u00adpo\u00adrelles avec au choix&nbsp;: le sol, les murs, ou l\u2019air. La consigne \u00e9tait de juste voir ce qui [&hellip;]","og_url":"https:\/\/www.leti.lt\/wordpress\/danseforum-laseparation\/","og_site_name":"Le TILT","article_published_time":"2020-02-16T14:30:32+00:00","author":"Andr\u00e9ine Bel","twitter_card":"summary_large_image","twitter_misc":{"\u00c9crit par":"Andr\u00e9ine Bel","Dur\u00e9e de lecture estim\u00e9e":"4 minutes"},"schema":{"@context":"https:\/\/schema.org","@graph":[{"@type":"Article","@id":"https:\/\/www.leti.lt\/wordpress\/danseforum-laseparation\/#article","isPartOf":{"@id":"https:\/\/www.leti.lt\/wordpress\/danseforum-laseparation\/"},"author":{"name":"Andr\u00e9ine Bel","@id":"https:\/\/www.leti.lt\/wordpress\/#\/schema\/person\/9bb307b2af8fbb575bb3603e57951f75"},"headline":"La s\u00e9paration","datePublished":"2020-02-16T14:30:32+00:00","mainEntityOfPage":{"@id":"https:\/\/www.leti.lt\/wordpress\/danseforum-laseparation\/"},"wordCount":897,"commentCount":0,"keywords":["DF_Lambesc"],"articleSection":["Ateliers Lambesc"],"inLanguage":"fr-FR","potentialAction":[{"@type":"CommentAction","name":"Comment","target":["https:\/\/www.leti.lt\/wordpress\/danseforum-laseparation\/#respond"]}]},{"@type":"WebPage","@id":"https:\/\/www.leti.lt\/wordpress\/danseforum-laseparation\/","url":"https:\/\/www.leti.lt\/wordpress\/danseforum-laseparation\/","name":"La s\u00e9paration - Le TILT","isPartOf":{"@id":"https:\/\/www.leti.lt\/wordpress\/#website"},"datePublished":"2020-02-16T14:30:32+00:00","author":{"@id":"https:\/\/www.leti.lt\/wordpress\/#\/schema\/person\/9bb307b2af8fbb575bb3603e57951f75"},"breadcrumb":{"@id":"https:\/\/www.leti.lt\/wordpress\/danseforum-laseparation\/#breadcrumb"},"inLanguage":"fr-FR","potentialAction":[{"@type":"ReadAction","target":["https:\/\/www.leti.lt\/wordpress\/danseforum-laseparation\/"]}]},{"@type":"BreadcrumbList","@id":"https:\/\/www.leti.lt\/wordpress\/danseforum-laseparation\/#breadcrumb","itemListElement":[{"@type":"ListItem","position":1,"name":"Accueil","item":"https:\/\/www.leti.lt\/wordpress\/"},{"@type":"ListItem","position":2,"name":"La s\u00e9paration"}]},{"@type":"WebSite","@id":"https:\/\/www.leti.lt\/wordpress\/#website","url":"https:\/\/www.leti.lt\/wordpress\/","name":"Le TILT","description":"Recherche, publication, cr\u00e9ation artistique","potentialAction":[{"@type":"SearchAction","target":{"@type":"EntryPoint","urlTemplate":"https:\/\/www.leti.lt\/wordpress\/?s={search_term_string}"},"query-input":{"@type":"PropertyValueSpecification","valueRequired":true,"valueName":"search_term_string"}}],"inLanguage":"fr-FR"},{"@type":"Person","@id":"https:\/\/www.leti.lt\/wordpress\/#\/schema\/person\/9bb307b2af8fbb575bb3603e57951f75","name":"Andr\u00e9ine Bel","image":{"@type":"ImageObject","inLanguage":"fr-FR","@id":"https:\/\/secure.gravatar.com\/avatar\/4ab041ec7c7ad3b90293023e86528ec1a700ce2971ff61811b2df6b288dd1f38?s=96&d=identicon&r=g","url":"https:\/\/secure.gravatar.com\/avatar\/4ab041ec7c7ad3b90293023e86528ec1a700ce2971ff61811b2df6b288dd1f38?s=96&d=identicon&r=g","contentUrl":"https:\/\/secure.gravatar.com\/avatar\/4ab041ec7c7ad3b90293023e86528ec1a700ce2971ff61811b2df6b288dd1f38?s=96&d=identicon&r=g","caption":"Andr\u00e9ine Bel"},"url":"https:\/\/www.leti.lt\/wordpress\/author\/andreine\/"}]}},"_links":{"self":[{"href":"https:\/\/www.leti.lt\/wordpress\/wp-json\/wp\/v2\/posts\/147","targetHints":{"allow":["GET"]}}],"collection":[{"href":"https:\/\/www.leti.lt\/wordpress\/wp-json\/wp\/v2\/posts"}],"about":[{"href":"https:\/\/www.leti.lt\/wordpress\/wp-json\/wp\/v2\/types\/post"}],"author":[{"embeddable":true,"href":"https:\/\/www.leti.lt\/wordpress\/wp-json\/wp\/v2\/users\/2"}],"replies":[{"embeddable":true,"href":"https:\/\/www.leti.lt\/wordpress\/wp-json\/wp\/v2\/comments?post=147"}],"version-history":[{"count":0,"href":"https:\/\/www.leti.lt\/wordpress\/wp-json\/wp\/v2\/posts\/147\/revisions"}],"wp:attachment":[{"href":"https:\/\/www.leti.lt\/wordpress\/wp-json\/wp\/v2\/media?parent=147"}],"wp:term":[{"taxonomy":"category","embeddable":true,"href":"https:\/\/www.leti.lt\/wordpress\/wp-json\/wp\/v2\/categories?post=147"},{"taxonomy":"post_tag","embeddable":true,"href":"https:\/\/www.leti.lt\/wordpress\/wp-json\/wp\/v2\/tags?post=147"}],"curies":[{"name":"wp","href":"https:\/\/api.w.org\/{rel}","templated":true}]}}